{"id":88187,"date":"2023-05-15T10:41:44","date_gmt":"2023-05-15T13:41:44","guid":{"rendered":"https:\/\/regiaonews.net.br\/2022\/?p=88187"},"modified":"2023-05-15T10:41:44","modified_gmt":"2023-05-15T13:41:44","slug":"cancer-cerebral-conheca-a-doenca-e-seus-sintomas","status":"publish","type":"post","link":"https:\/\/regiaonews.net.br\/2022\/2023\/05\/15\/cancer-cerebral-conheca-a-doenca-e-seus-sintomas\/","title":{"rendered":"C\u00e2ncer cerebral: conhe\u00e7a a doen\u00e7a e seus sintomas"},"content":{"rendered":"<h3 align=\"center\">De acordo com dados do Inca, neoplasia representa 88% dos tumores do Sistema Nervo Central (SNC), que deve afetar cerca de 11 mil brasileiros em cada ano do pr\u00f3ximo tri\u00eanio.<\/h3>\n<p>O\u00a0m\u00eas de maio tem como s\u00edmbolo a cor cinza em aten\u00e7\u00e3o \u00e0 conscientiza\u00e7\u00e3o do\u00a0c\u00e2ncer no c\u00e9rebro, que se enquadra entre os tipos de tumores do Sistema Nervoso Central (SNC) \u2013 formado por c\u00e9rebro e medula espinhal &#8211; e, representa\u00a088% dos casos registrados nessa regi\u00e3o.<\/p>\n<p>De acordo com dados do Instituto Nacional de C\u00e2ncer (INCA), s\u00e3o esperados mais de 11 mil casos de c\u00e2ncer do SNC para o Brasil a cada ano do tri\u00eanio de 2023-2025. Ainda segundo o instituto, sem considerar os tumores de pele n\u00e3o melanoma,\u00a0a neoplasia\u00a0ocupa a 11\u00aa posi\u00e7\u00e3o entre os tipos de c\u00e2ncer mais frequentes no pa\u00eds e a 10\u00aa na Regi\u00e3o Sudeste.<\/p>\n<p>O oncologista Carlos Fruet, da Oncocl\u00ednicas Ribeir\u00e3o Preto explica que a doen\u00e7a pode ser prim\u00e1ria &#8211; quando originada das c\u00e9lulas do c\u00e9rebro &#8211; ou secund\u00e1ria &#8211; quando surge a partir de c\u00e9lulas tumorais de outro \u00f3rg\u00e3o, como por exemplo mama, pulm\u00f5es, rim e etc &#8211; chamadas de met\u00e1stases cerebrais. J\u00e1 sobre as causas, o m\u00e9dico afirma que ainda s\u00e3o motivos de estudos. \u201cEntende-se que a doen\u00e7a \u00e9 causada pela somat\u00f3ria de diversas altera\u00e7\u00f5es gen\u00e9ticas, algumas dessas adquiridas durante a vida, por predisposi\u00e7\u00e3o ou exposi\u00e7\u00e3o e outras s\u00e3o heredit\u00e1rias. At\u00e9 o momento, n\u00e3o existem medidas definidas para a preven\u00e7\u00e3o dos tumores prim\u00e1rios do SNC\u201d, completa.<\/p>\n<p>Fruet destaca alguns sintomas comuns da doen\u00e7a e frisa que eles podem variar dependendo da localiza\u00e7\u00e3o em que o tumor se encontra. \u201cO c\u00e2ncer no c\u00e9rebro pode apresentar sinais\u00a0como\u00a0dores\u00a0fortes de cabe\u00e7a, n\u00e1useas, v\u00f4mito, sonol\u00eancia, altera\u00e7\u00f5es na fala, mudan\u00e7as de comportamento e personalidade e, at\u00e9 mesmo, convuls\u00f5es.\u00a0Mas, vale ressaltar que os sintomas\u00a0podem variar bastante, visto que, o tumor pode estar localizado em regi\u00f5es do c\u00e9rebro que afetam especificamente alguma fun\u00e7\u00e3o do corpo\u201d, completa o oncologista.<\/p>\n<p>Assim como nos demais tipos de c\u00e2ncer, \u00e9 importante que a neoplasia seja detectada em fase inicial para um melhor tratamento. \u201cA detec\u00e7\u00e3o do c\u00e2ncer do SNC geralmente \u00e9 feita atrav\u00e9s de algum exame de imagem (Tomografia ou Resson\u00e2ncia do Enc\u00e9falo) ap\u00f3s o paciente ter algum sintoma, como os descritos acima\u201d, explica.<\/p>\n<p><strong>Tratamento<\/strong><\/p>\n<p>O tratamento da doen\u00e7a n\u00e3o \u00e9 simples e pode envolver profissionais de diversas \u00e1reas da sa\u00fade. No caso dos tumores prim\u00e1rios, geralmente \u00e9 feita a remo\u00e7\u00e3o do tumor ou de fragmento de tecido para bi\u00f3psia e o material \u00e9 avaliado pelo m\u00e9dico patologista para a defini\u00e7\u00e3o do diagn\u00f3stico. Os pr\u00f3ximos passos v\u00e3o depender do tipo espec\u00edfico do tumor. Os principais tipos de tratamento s\u00e3o a\u00a0cirurgia, radioterapia, quimioterapia, terapia alvo e terapia alternativa com campo el\u00e9trico. Todo o acompanhamento \u00e9 feito em conjunto pelo neurocirurgi\u00e3o, pelo oncologista cl\u00ednico e pelo radioterapeuta\u201d, finaliza Fruet.<\/p>\n<p><strong>Ph\u00e1brica &#8211; Assessoria de Comunica\u00e7\u00e3o<\/strong><\/p>\n<p>Equipe da manh\u00e3: (16) 99991-5904\/ (17) 99731-3210<\/p>\n","protected":false},"excerpt":{"rendered":"<p>De acordo com dados do Inca, neoplasia representa 88% dos<\/p>\n","protected":false},"author":2,"featured_media":88188,"comment_status":"open","ping_status":"open","sticky":false,"template":"","format":"standard","meta":{"footnotes":""},"categories":[14,3],"tags":[],"class_list":["post-88187","post","type-post","status-publish","format-standard","has-post-thumbnail","hentry","category-barretos","category-geral"],"yoast_head":"<!-- This site is optimized with the Yoast SEO plugin v27.4 - https:\/\/yoast.com\/product\/yoast-seo-wordpress\/ -->\n<title>C\u00e2ncer cerebral: conhe\u00e7a a doen\u00e7a e seus sintomas - Regi\u00e3o News<\/title>\n<meta name=\"robots\" content=\"index, follow, max-snippet:-1, max-image-preview:large, max-video-preview:-1\" \/>\n<link rel=\"canonical\" href=\"https:\/\/regiaonews.net.br\/2022\/2023\/05\/15\/cancer-cerebral-conheca-a-doenca-e-seus-sintomas\/\" \/>\n<meta property=\"og:locale\" content=\"pt_BR\" \/>\n<meta property=\"og:type\" content=\"article\" \/>\n<meta property=\"og:title\" content=\"C\u00e2ncer cerebral: conhe\u00e7a a doen\u00e7a e seus sintomas - Regi\u00e3o News\" \/>\n<meta property=\"og:description\" content=\"De acordo com dados do Inca, neoplasia representa 88% dos\" \/>\n<meta property=\"og:url\" content=\"https:\/\/regiaonews.net.br\/2022\/2023\/05\/15\/cancer-cerebral-conheca-a-doenca-e-seus-sintomas\/\" \/>\n<meta property=\"og:site_name\" content=\"Regi\u00e3o News\" \/>\n<meta property=\"article:published_time\" content=\"2023-05-15T13:41:44+00:00\" \/>\n<meta property=\"og:image\" content=\"https:\/\/regiaonews.net.br\/2022\/wp-content\/uploads\/2023\/05\/unnamed-1-1.jpg\" \/>\n\t<meta property=\"og:image:width\" content=\"800\" \/>\n\t<meta property=\"og:image:height\" content=\"650\" \/>\n\t<meta property=\"og:image:type\" content=\"image\/jpeg\" \/>\n<meta name=\"author\" content=\"Roberto\" \/>\n<meta name=\"twitter:card\" content=\"summary_large_image\" \/>\n<meta name=\"twitter:label1\" content=\"Escrito por\" \/>\n\t<meta name=\"twitter:data1\" content=\"Roberto\" \/>\n\t<meta name=\"twitter:label2\" content=\"Est. tempo de leitura\" \/>\n\t<meta name=\"twitter:data2\" content=\"3 minutos\" \/>\n<script type=\"application\/ld+json\" class=\"yoast-schema-graph\">{\"@context\":\"https:\\\/\\\/schema.org\",\"@graph\":[{\"@type\":\"Article\",\"@id\":\"https:\\\/\\\/regiaonews.net.br\\\/2022\\\/2023\\\/05\\\/15\\\/cancer-cerebral-conheca-a-doenca-e-seus-sintomas\\\/#article\",\"isPartOf\":{\"@id\":\"https:\\\/\\\/regiaonews.net.br\\\/2022\\\/2023\\\/05\\\/15\\\/cancer-cerebral-conheca-a-doenca-e-seus-sintomas\\\/\"},\"author\":{\"name\":\"Roberto\",\"@id\":\"https:\\\/\\\/regiaonews.net.br\\\/2022\\\/#\\\/schema\\\/person\\\/2d205a608a5aa97ac279d7a5e6d89ad8\"},\"headline\":\"C\u00e2ncer cerebral: conhe\u00e7a a doen\u00e7a e seus sintomas\",\"datePublished\":\"2023-05-15T13:41:44+00:00\",\"mainEntityOfPage\":{\"@id\":\"https:\\\/\\\/regiaonews.net.br\\\/2022\\\/2023\\\/05\\\/15\\\/cancer-cerebral-conheca-a-doenca-e-seus-sintomas\\\/\"},\"wordCount\":558,\"commentCount\":0,\"publisher\":{\"@id\":\"https:\\\/\\\/regiaonews.net.br\\\/2022\\\/#organization\"},\"image\":{\"@id\":\"https:\\\/\\\/regiaonews.net.br\\\/2022\\\/2023\\\/05\\\/15\\\/cancer-cerebral-conheca-a-doenca-e-seus-sintomas\\\/#primaryimage\"},\"thumbnailUrl\":\"https:\\\/\\\/regiaonews.net.br\\\/2022\\\/wp-content\\\/uploads\\\/2023\\\/05\\\/unnamed-1-1.jpg\",\"articleSection\":[\"Barretos\",\"Geral\"],\"inLanguage\":\"pt-BR\",\"potentialAction\":[{\"@type\":\"CommentAction\",\"name\":\"Comment\",\"target\":[\"https:\\\/\\\/regiaonews.net.br\\\/2022\\\/2023\\\/05\\\/15\\\/cancer-cerebral-conheca-a-doenca-e-seus-sintomas\\\/#respond\"]}]},{\"@type\":\"WebPage\",\"@id\":\"https:\\\/\\\/regiaonews.net.br\\\/2022\\\/2023\\\/05\\\/15\\\/cancer-cerebral-conheca-a-doenca-e-seus-sintomas\\\/\",\"url\":\"https:\\\/\\\/regiaonews.net.br\\\/2022\\\/2023\\\/05\\\/15\\\/cancer-cerebral-conheca-a-doenca-e-seus-sintomas\\\/\",\"name\":\"C\u00e2ncer cerebral: conhe\u00e7a a doen\u00e7a e seus sintomas - Regi\u00e3o News\",\"isPartOf\":{\"@id\":\"https:\\\/\\\/regiaonews.net.br\\\/2022\\\/#website\"},\"primaryImageOfPage\":{\"@id\":\"https:\\\/\\\/regiaonews.net.br\\\/2022\\\/2023\\\/05\\\/15\\\/cancer-cerebral-conheca-a-doenca-e-seus-sintomas\\\/#primaryimage\"},\"image\":{\"@id\":\"https:\\\/\\\/regiaonews.net.br\\\/2022\\\/2023\\\/05\\\/15\\\/cancer-cerebral-conheca-a-doenca-e-seus-sintomas\\\/#primaryimage\"},\"thumbnailUrl\":\"https:\\\/\\\/regiaonews.net.br\\\/2022\\\/wp-content\\\/uploads\\\/2023\\\/05\\\/unnamed-1-1.jpg\",\"datePublished\":\"2023-05-15T13:41:44+00:00\",\"breadcrumb\":{\"@id\":\"https:\\\/\\\/regiaonews.net.br\\\/2022\\\/2023\\\/05\\\/15\\\/cancer-cerebral-conheca-a-doenca-e-seus-sintomas\\\/#breadcrumb\"},\"inLanguage\":\"pt-BR\",\"potentialAction\":[{\"@type\":\"ReadAction\",\"target\":[\"https:\\\/\\\/regiaonews.net.br\\\/2022\\\/2023\\\/05\\\/15\\\/cancer-cerebral-conheca-a-doenca-e-seus-sintomas\\\/\"]}]},{\"@type\":\"ImageObject\",\"inLanguage\":\"pt-BR\",\"@id\":\"https:\\\/\\\/regiaonews.net.br\\\/2022\\\/2023\\\/05\\\/15\\\/cancer-cerebral-conheca-a-doenca-e-seus-sintomas\\\/#primaryimage\",\"url\":\"https:\\\/\\\/regiaonews.net.br\\\/2022\\\/wp-content\\\/uploads\\\/2023\\\/05\\\/unnamed-1-1.jpg\",\"contentUrl\":\"https:\\\/\\\/regiaonews.net.br\\\/2022\\\/wp-content\\\/uploads\\\/2023\\\/05\\\/unnamed-1-1.jpg\",\"width\":800,\"height\":650},{\"@type\":\"BreadcrumbList\",\"@id\":\"https:\\\/\\\/regiaonews.net.br\\\/2022\\\/2023\\\/05\\\/15\\\/cancer-cerebral-conheca-a-doenca-e-seus-sintomas\\\/#breadcrumb\",\"itemListElement\":[{\"@type\":\"ListItem\",\"position\":1,\"name\":\"In\u00edcio\",\"item\":\"https:\\\/\\\/regiaonews.net.br\\\/2022\\\/\"},{\"@type\":\"ListItem\",\"position\":2,\"name\":\"C\u00e2ncer cerebral: conhe\u00e7a a doen\u00e7a e seus sintomas\"}]},{\"@type\":\"WebSite\",\"@id\":\"https:\\\/\\\/regiaonews.net.br\\\/2022\\\/#website\",\"url\":\"https:\\\/\\\/regiaonews.net.br\\\/2022\\\/\",\"name\":\"Regi\u00e3o News\",\"description\":\"Site de Not\u00edcias de Barretos e regi\u00e3o\",\"publisher\":{\"@id\":\"https:\\\/\\\/regiaonews.net.br\\\/2022\\\/#organization\"},\"potentialAction\":[{\"@type\":\"SearchAction\",\"target\":{\"@type\":\"EntryPoint\",\"urlTemplate\":\"https:\\\/\\\/regiaonews.net.br\\\/2022\\\/?s={search_term_string}\"},\"query-input\":{\"@type\":\"PropertyValueSpecification\",\"valueRequired\":true,\"valueName\":\"search_term_string\"}}],\"inLanguage\":\"pt-BR\"},{\"@type\":\"Organization\",\"@id\":\"https:\\\/\\\/regiaonews.net.br\\\/2022\\\/#organization\",\"name\":\"Regi\u00e3o News\",\"url\":\"https:\\\/\\\/regiaonews.net.br\\\/2022\\\/\",\"logo\":{\"@type\":\"ImageObject\",\"inLanguage\":\"pt-BR\",\"@id\":\"https:\\\/\\\/regiaonews.net.br\\\/2022\\\/#\\\/schema\\\/logo\\\/image\\\/\",\"url\":\"https:\\\/\\\/regiaonews.net.br\\\/2022\\\/wp-content\\\/uploads\\\/2026\\\/03\\\/regiao-13-anos-scaled.jpg\",\"contentUrl\":\"https:\\\/\\\/regiaonews.net.br\\\/2022\\\/wp-content\\\/uploads\\\/2026\\\/03\\\/regiao-13-anos-scaled.jpg\",\"width\":2560,\"height\":635,\"caption\":\"Regi\u00e3o News\"},\"image\":{\"@id\":\"https:\\\/\\\/regiaonews.net.br\\\/2022\\\/#\\\/schema\\\/logo\\\/image\\\/\"}},{\"@type\":\"Person\",\"@id\":\"https:\\\/\\\/regiaonews.net.br\\\/2022\\\/#\\\/schema\\\/person\\\/2d205a608a5aa97ac279d7a5e6d89ad8\",\"name\":\"Roberto\",\"image\":{\"@type\":\"ImageObject\",\"inLanguage\":\"pt-BR\",\"@id\":\"https:\\\/\\\/secure.gravatar.com\\\/avatar\\\/42749d8b712ff9d59ca93dc150494e5b55a44134482993f5baeb97e61b7ecc89?s=96&d=mm&r=g\",\"url\":\"https:\\\/\\\/secure.gravatar.com\\\/avatar\\\/42749d8b712ff9d59ca93dc150494e5b55a44134482993f5baeb97e61b7ecc89?s=96&d=mm&r=g\",\"contentUrl\":\"https:\\\/\\\/secure.gravatar.com\\\/avatar\\\/42749d8b712ff9d59ca93dc150494e5b55a44134482993f5baeb97e61b7ecc89?s=96&d=mm&r=g\",\"caption\":\"Roberto\"},\"url\":\"https:\\\/\\\/regiaonews.net.br\\\/2022\\\/author\\\/roberto\\\/\"}]}<\/script>\n<!-- \/ Yoast SEO plugin. -->","yoast_head_json":{"title":"C\u00e2ncer cerebral: conhe\u00e7a a doen\u00e7a e seus sintomas - Regi\u00e3o News","robots":{"index":"index","follow":"follow","max-snippet":"max-snippet:-1","max-image-preview":"max-image-preview:large","max-video-preview":"max-video-preview:-1"},"canonical":"https:\/\/regiaonews.net.br\/2022\/2023\/05\/15\/cancer-cerebral-conheca-a-doenca-e-seus-sintomas\/","og_locale":"pt_BR","og_type":"article","og_title":"C\u00e2ncer cerebral: conhe\u00e7a a doen\u00e7a e seus sintomas - Regi\u00e3o News","og_description":"De acordo com dados do Inca, neoplasia representa 88% dos","og_url":"https:\/\/regiaonews.net.br\/2022\/2023\/05\/15\/cancer-cerebral-conheca-a-doenca-e-seus-sintomas\/","og_site_name":"Regi\u00e3o News","article_published_time":"2023-05-15T13:41:44+00:00","og_image":[{"width":800,"height":650,"url":"https:\/\/regiaonews.net.br\/2022\/wp-content\/uploads\/2023\/05\/unnamed-1-1.jpg","type":"image\/jpeg"}],"author":"Roberto","twitter_card":"summary_large_image","twitter_misc":{"Escrito por":"Roberto","Est. tempo de leitura":"3 minutos"},"schema":{"@context":"https:\/\/schema.org","@graph":[{"@type":"Article","@id":"https:\/\/regiaonews.net.br\/2022\/2023\/05\/15\/cancer-cerebral-conheca-a-doenca-e-seus-sintomas\/#article","isPartOf":{"@id":"https:\/\/regiaonews.net.br\/2022\/2023\/05\/15\/cancer-cerebral-conheca-a-doenca-e-seus-sintomas\/"},"author":{"name":"Roberto","@id":"https:\/\/regiaonews.net.br\/2022\/#\/schema\/person\/2d205a608a5aa97ac279d7a5e6d89ad8"},"headline":"C\u00e2ncer cerebral: conhe\u00e7a a doen\u00e7a e seus sintomas","datePublished":"2023-05-15T13:41:44+00:00","mainEntityOfPage":{"@id":"https:\/\/regiaonews.net.br\/2022\/2023\/05\/15\/cancer-cerebral-conheca-a-doenca-e-seus-sintomas\/"},"wordCount":558,"commentCount":0,"publisher":{"@id":"https:\/\/regiaonews.net.br\/2022\/#organization"},"image":{"@id":"https:\/\/regiaonews.net.br\/2022\/2023\/05\/15\/cancer-cerebral-conheca-a-doenca-e-seus-sintomas\/#primaryimage"},"thumbnailUrl":"https:\/\/regiaonews.net.br\/2022\/wp-content\/uploads\/2023\/05\/unnamed-1-1.jpg","articleSection":["Barretos","Geral"],"inLanguage":"pt-BR","potentialAction":[{"@type":"CommentAction","name":"Comment","target":["https:\/\/regiaonews.net.br\/2022\/2023\/05\/15\/cancer-cerebral-conheca-a-doenca-e-seus-sintomas\/#respond"]}]},{"@type":"WebPage","@id":"https:\/\/regiaonews.net.br\/2022\/2023\/05\/15\/cancer-cerebral-conheca-a-doenca-e-seus-sintomas\/","url":"https:\/\/regiaonews.net.br\/2022\/2023\/05\/15\/cancer-cerebral-conheca-a-doenca-e-seus-sintomas\/","name":"C\u00e2ncer cerebral: conhe\u00e7a a doen\u00e7a e seus sintomas - Regi\u00e3o News","isPartOf":{"@id":"https:\/\/regiaonews.net.br\/2022\/#website"},"primaryImageOfPage":{"@id":"https:\/\/regiaonews.net.br\/2022\/2023\/05\/15\/cancer-cerebral-conheca-a-doenca-e-seus-sintomas\/#primaryimage"},"image":{"@id":"https:\/\/regiaonews.net.br\/2022\/2023\/05\/15\/cancer-cerebral-conheca-a-doenca-e-seus-sintomas\/#primaryimage"},"thumbnailUrl":"https:\/\/regiaonews.net.br\/2022\/wp-content\/uploads\/2023\/05\/unnamed-1-1.jpg","datePublished":"2023-05-15T13:41:44+00:00","breadcrumb":{"@id":"https:\/\/regiaonews.net.br\/2022\/2023\/05\/15\/cancer-cerebral-conheca-a-doenca-e-seus-sintomas\/#breadcrumb"},"inLanguage":"pt-BR","potentialAction":[{"@type":"ReadAction","target":["https:\/\/regiaonews.net.br\/2022\/2023\/05\/15\/cancer-cerebral-conheca-a-doenca-e-seus-sintomas\/"]}]},{"@type":"ImageObject","inLanguage":"pt-BR","@id":"https:\/\/regiaonews.net.br\/2022\/2023\/05\/15\/cancer-cerebral-conheca-a-doenca-e-seus-sintomas\/#primaryimage","url":"https:\/\/regiaonews.net.br\/2022\/wp-content\/uploads\/2023\/05\/unnamed-1-1.jpg","contentUrl":"https:\/\/regiaonews.net.br\/2022\/wp-content\/uploads\/2023\/05\/unnamed-1-1.jpg","width":800,"height":650},{"@type":"BreadcrumbList","@id":"https:\/\/regiaonews.net.br\/2022\/2023\/05\/15\/cancer-cerebral-conheca-a-doenca-e-seus-sintomas\/#breadcrumb","itemListElement":[{"@type":"ListItem","position":1,"name":"In\u00edcio","item":"https:\/\/regiaonews.net.br\/2022\/"},{"@type":"ListItem","position":2,"name":"C\u00e2ncer cerebral: conhe\u00e7a a doen\u00e7a e seus sintomas"}]},{"@type":"WebSite","@id":"https:\/\/regiaonews.net.br\/2022\/#website","url":"https:\/\/regiaonews.net.br\/2022\/","name":"Regi\u00e3o News","description":"Site de Not\u00edcias de Barretos e regi\u00e3o","publisher":{"@id":"https:\/\/regiaonews.net.br\/2022\/#organization"},"potentialAction":[{"@type":"SearchAction","target":{"@type":"EntryPoint","urlTemplate":"https:\/\/regiaonews.net.br\/2022\/?s={search_term_string}"},"query-input":{"@type":"PropertyValueSpecification","valueRequired":true,"valueName":"search_term_string"}}],"inLanguage":"pt-BR"},{"@type":"Organization","@id":"https:\/\/regiaonews.net.br\/2022\/#organization","name":"Regi\u00e3o News","url":"https:\/\/regiaonews.net.br\/2022\/","logo":{"@type":"ImageObject","inLanguage":"pt-BR","@id":"https:\/\/regiaonews.net.br\/2022\/#\/schema\/logo\/image\/","url":"https:\/\/regiaonews.net.br\/2022\/wp-content\/uploads\/2026\/03\/regiao-13-anos-scaled.jpg","contentUrl":"https:\/\/regiaonews.net.br\/2022\/wp-content\/uploads\/2026\/03\/regiao-13-anos-scaled.jpg","width":2560,"height":635,"caption":"Regi\u00e3o News"},"image":{"@id":"https:\/\/regiaonews.net.br\/2022\/#\/schema\/logo\/image\/"}},{"@type":"Person","@id":"https:\/\/regiaonews.net.br\/2022\/#\/schema\/person\/2d205a608a5aa97ac279d7a5e6d89ad8","name":"Roberto","image":{"@type":"ImageObject","inLanguage":"pt-BR","@id":"https:\/\/secure.gravatar.com\/avatar\/42749d8b712ff9d59ca93dc150494e5b55a44134482993f5baeb97e61b7ecc89?s=96&d=mm&r=g","url":"https:\/\/secure.gravatar.com\/avatar\/42749d8b712ff9d59ca93dc150494e5b55a44134482993f5baeb97e61b7ecc89?s=96&d=mm&r=g","contentUrl":"https:\/\/secure.gravatar.com\/avatar\/42749d8b712ff9d59ca93dc150494e5b55a44134482993f5baeb97e61b7ecc89?s=96&d=mm&r=g","caption":"Roberto"},"url":"https:\/\/regiaonews.net.br\/2022\/author\/roberto\/"}]}},"publishpress_future_action":{"enabled":false,"date":"2026-05-03 03:43:10","action":"change-status","newStatus":"draft","terms":[],"taxonomy":"category","extraData":[]},"publishpress_future_workflow_manual_trigger":{"enabledWorkflows":[]},"_links":{"self":[{"href":"https:\/\/regiaonews.net.br\/2022\/wp-json\/wp\/v2\/posts\/88187","targetHints":{"allow":["GET"]}}],"collection":[{"href":"https:\/\/regiaonews.net.br\/2022\/wp-json\/wp\/v2\/posts"}],"about":[{"href":"https:\/\/regiaonews.net.br\/2022\/wp-json\/wp\/v2\/types\/post"}],"author":[{"embeddable":true,"href":"https:\/\/regiaonews.net.br\/2022\/wp-json\/wp\/v2\/users\/2"}],"replies":[{"embeddable":true,"href":"https:\/\/regiaonews.net.br\/2022\/wp-json\/wp\/v2\/comments?post=88187"}],"version-history":[{"count":1,"href":"https:\/\/regiaonews.net.br\/2022\/wp-json\/wp\/v2\/posts\/88187\/revisions"}],"predecessor-version":[{"id":88189,"href":"https:\/\/regiaonews.net.br\/2022\/wp-json\/wp\/v2\/posts\/88187\/revisions\/88189"}],"wp:featuredmedia":[{"embeddable":true,"href":"https:\/\/regiaonews.net.br\/2022\/wp-json\/wp\/v2\/media\/88188"}],"wp:attachment":[{"href":"https:\/\/regiaonews.net.br\/2022\/wp-json\/wp\/v2\/media?parent=88187"}],"wp:term":[{"taxonomy":"category","embeddable":true,"href":"https:\/\/regiaonews.net.br\/2022\/wp-json\/wp\/v2\/categories?post=88187"},{"taxonomy":"post_tag","embeddable":true,"href":"https:\/\/regiaonews.net.br\/2022\/wp-json\/wp\/v2\/tags?post=88187"}],"curies":[{"name":"wp","href":"https:\/\/api.w.org\/{rel}","templated":true}]}}