{"id":88121,"date":"2023-05-13T16:40:19","date_gmt":"2023-05-13T19:40:19","guid":{"rendered":"https:\/\/regiaonews.net.br\/2022\/?p=88121"},"modified":"2023-05-13T18:31:37","modified_gmt":"2023-05-13T21:31:37","slug":"saae-informa-que-reservatorio-de-concreto-e-finalizado-no-rochao","status":"publish","type":"post","link":"https:\/\/regiaonews.net.br\/2022\/2023\/05\/13\/saae-informa-que-reservatorio-de-concreto-e-finalizado-no-rochao\/","title":{"rendered":"SAAE informa que base de concreto do reservat\u00f3rio \u00e9 finalizado no Roch\u00e3o"},"content":{"rendered":"<p>&nbsp;<\/p>\n<p>A constru\u00e7\u00e3o do novo reservat\u00f3rio de \u00e1gua em uma \u00e1rea do Gin\u00e1sio de Esportes Jo\u00e3o Batista da Rocha, o Roch\u00e3o, atinge mais um importante marco com a finaliza\u00e7\u00e3o da base de concreto.<\/p>\n<p>A concretagem da base do reservat\u00f3rio foi finalizada na sexta-feira (12), marcando uma etapa importante na constru\u00e7\u00e3o. O SAAE Barretos acompanha todo o processo de constru\u00e7\u00e3o, embora n\u00e3o tenha financiado a obra. A autarquia ser\u00e1 respons\u00e1vel por gerenciar o reservat\u00f3rio depois de conclu\u00eddo, assegurando o acesso \u00e0 \u00e1gua de qualidade para a popula\u00e7\u00e3o.<\/p>\n<p>Com uma altura de 20 metros e capacidade para reservar 900 m\u00b3 de \u00e1gua, essa nova estrutura ser\u00e1 fundamental para garantir o abastecimento de \u00e1gua da regi\u00e3o, especialmente em momentos em casos de reparos emergenciais.<\/p>\n<p>Os bairros que ser\u00e3o beneficiados pelo novo reservat\u00f3rio s\u00e3o: Pereira, Ibirapuera, City Barretos, Nova Barretos I, II e III, Campos do Conde, Grande Horizonte, Cecap II, Vale Verde, Pedro Cavalini, Cidade Jardim e Newton Sopa.<\/p>\n<p>&#8220;Com o novo reservat\u00f3rio, teremos uma maior seguran\u00e7a no abastecimento de \u00e1gua, evitando problemas em momentos de emerg\u00eancia. Al\u00e9m disso, essa \u00e9 uma obra que foi planejada para atender \u00e0s necessidades da regi\u00e3o, contribuindo para o desenvolvimento sustent\u00e1vel de Barretos\u201d, ressalta o superintendente Marcelo Borges.<\/p>\n<p>&nbsp;<\/p>\n","protected":false},"excerpt":{"rendered":"<p>&nbsp; A constru\u00e7\u00e3o do novo reservat\u00f3rio de \u00e1gua em uma<\/p>\n","protected":false},"author":2,"featured_media":88122,"comment_status":"open","ping_status":"open","sticky":false,"template":"","format":"standard","meta":{"footnotes":""},"categories":[14,111],"tags":[],"class_list":["post-88121","post","type-post","status-publish","format-standard","has-post-thumbnail","hentry","category-barretos","category-cotidiano"],"yoast_head":"<!-- This site is optimized with the Yoast SEO plugin v27.4 - https:\/\/yoast.com\/product\/yoast-seo-wordpress\/ -->\n<title>SAAE informa que base de concreto do reservat\u00f3rio \u00e9 finalizado no Roch\u00e3o - Regi\u00e3o News<\/title>\n<meta name=\"robots\" content=\"index, follow, max-snippet:-1, max-image-preview:large, max-video-preview:-1\" \/>\n<link rel=\"canonical\" href=\"https:\/\/regiaonews.net.br\/2022\/2023\/05\/13\/saae-informa-que-reservatorio-de-concreto-e-finalizado-no-rochao\/\" \/>\n<meta property=\"og:locale\" content=\"pt_BR\" \/>\n<meta property=\"og:type\" content=\"article\" \/>\n<meta property=\"og:title\" content=\"SAAE informa que base de concreto do reservat\u00f3rio \u00e9 finalizado no Roch\u00e3o - Regi\u00e3o News\" \/>\n<meta property=\"og:description\" content=\"&nbsp; A constru\u00e7\u00e3o do novo reservat\u00f3rio de \u00e1gua em uma\" \/>\n<meta property=\"og:url\" content=\"https:\/\/regiaonews.net.br\/2022\/2023\/05\/13\/saae-informa-que-reservatorio-de-concreto-e-finalizado-no-rochao\/\" \/>\n<meta property=\"og:site_name\" content=\"Regi\u00e3o News\" \/>\n<meta property=\"article:published_time\" content=\"2023-05-13T19:40:19+00:00\" \/>\n<meta property=\"article:modified_time\" content=\"2023-05-13T21:31:37+00:00\" \/>\n<meta property=\"og:image\" content=\"https:\/\/regiaonews.net.br\/2022\/wp-content\/uploads\/2023\/05\/IMG-20230513-WA0146.jpg\" \/>\n\t<meta property=\"og:image:width\" content=\"1280\" \/>\n\t<meta property=\"og:image:height\" content=\"720\" \/>\n\t<meta property=\"og:image:type\" content=\"image\/jpeg\" \/>\n<meta name=\"author\" content=\"Roberto\" \/>\n<meta name=\"twitter:card\" content=\"summary_large_image\" \/>\n<meta name=\"twitter:label1\" content=\"Escrito por\" \/>\n\t<meta name=\"twitter:data1\" content=\"Roberto\" \/>\n\t<meta name=\"twitter:label2\" content=\"Est. tempo de leitura\" \/>\n\t<meta name=\"twitter:data2\" content=\"2 minutos\" \/>\n<script type=\"application\/ld+json\" class=\"yoast-schema-graph\">{\"@context\":\"https:\\\/\\\/schema.org\",\"@graph\":[{\"@type\":\"Article\",\"@id\":\"https:\\\/\\\/regiaonews.net.br\\\/2022\\\/2023\\\/05\\\/13\\\/saae-informa-que-reservatorio-de-concreto-e-finalizado-no-rochao\\\/#article\",\"isPartOf\":{\"@id\":\"https:\\\/\\\/regiaonews.net.br\\\/2022\\\/2023\\\/05\\\/13\\\/saae-informa-que-reservatorio-de-concreto-e-finalizado-no-rochao\\\/\"},\"author\":{\"name\":\"Roberto\",\"@id\":\"https:\\\/\\\/regiaonews.net.br\\\/2022\\\/#\\\/schema\\\/person\\\/2d205a608a5aa97ac279d7a5e6d89ad8\"},\"headline\":\"SAAE informa que base de concreto do reservat\u00f3rio \u00e9 finalizado no Roch\u00e3o\",\"datePublished\":\"2023-05-13T19:40:19+00:00\",\"dateModified\":\"2023-05-13T21:31:37+00:00\",\"mainEntityOfPage\":{\"@id\":\"https:\\\/\\\/regiaonews.net.br\\\/2022\\\/2023\\\/05\\\/13\\\/saae-informa-que-reservatorio-de-concreto-e-finalizado-no-rochao\\\/\"},\"wordCount\":234,\"commentCount\":0,\"publisher\":{\"@id\":\"https:\\\/\\\/regiaonews.net.br\\\/2022\\\/#organization\"},\"image\":{\"@id\":\"https:\\\/\\\/regiaonews.net.br\\\/2022\\\/2023\\\/05\\\/13\\\/saae-informa-que-reservatorio-de-concreto-e-finalizado-no-rochao\\\/#primaryimage\"},\"thumbnailUrl\":\"https:\\\/\\\/regiaonews.net.br\\\/2022\\\/wp-content\\\/uploads\\\/2023\\\/05\\\/IMG-20230513-WA0146.jpg\",\"articleSection\":[\"Barretos\",\"Cotidiano\"],\"inLanguage\":\"pt-BR\",\"potentialAction\":[{\"@type\":\"CommentAction\",\"name\":\"Comment\",\"target\":[\"https:\\\/\\\/regiaonews.net.br\\\/2022\\\/2023\\\/05\\\/13\\\/saae-informa-que-reservatorio-de-concreto-e-finalizado-no-rochao\\\/#respond\"]}]},{\"@type\":\"WebPage\",\"@id\":\"https:\\\/\\\/regiaonews.net.br\\\/2022\\\/2023\\\/05\\\/13\\\/saae-informa-que-reservatorio-de-concreto-e-finalizado-no-rochao\\\/\",\"url\":\"https:\\\/\\\/regiaonews.net.br\\\/2022\\\/2023\\\/05\\\/13\\\/saae-informa-que-reservatorio-de-concreto-e-finalizado-no-rochao\\\/\",\"name\":\"SAAE informa que base de concreto do reservat\u00f3rio \u00e9 finalizado no Roch\u00e3o - Regi\u00e3o News\",\"isPartOf\":{\"@id\":\"https:\\\/\\\/regiaonews.net.br\\\/2022\\\/#website\"},\"primaryImageOfPage\":{\"@id\":\"https:\\\/\\\/regiaonews.net.br\\\/2022\\\/2023\\\/05\\\/13\\\/saae-informa-que-reservatorio-de-concreto-e-finalizado-no-rochao\\\/#primaryimage\"},\"image\":{\"@id\":\"https:\\\/\\\/regiaonews.net.br\\\/2022\\\/2023\\\/05\\\/13\\\/saae-informa-que-reservatorio-de-concreto-e-finalizado-no-rochao\\\/#primaryimage\"},\"thumbnailUrl\":\"https:\\\/\\\/regiaonews.net.br\\\/2022\\\/wp-content\\\/uploads\\\/2023\\\/05\\\/IMG-20230513-WA0146.jpg\",\"datePublished\":\"2023-05-13T19:40:19+00:00\",\"dateModified\":\"2023-05-13T21:31:37+00:00\",\"breadcrumb\":{\"@id\":\"https:\\\/\\\/regiaonews.net.br\\\/2022\\\/2023\\\/05\\\/13\\\/saae-informa-que-reservatorio-de-concreto-e-finalizado-no-rochao\\\/#breadcrumb\"},\"inLanguage\":\"pt-BR\",\"potentialAction\":[{\"@type\":\"ReadAction\",\"target\":[\"https:\\\/\\\/regiaonews.net.br\\\/2022\\\/2023\\\/05\\\/13\\\/saae-informa-que-reservatorio-de-concreto-e-finalizado-no-rochao\\\/\"]}]},{\"@type\":\"ImageObject\",\"inLanguage\":\"pt-BR\",\"@id\":\"https:\\\/\\\/regiaonews.net.br\\\/2022\\\/2023\\\/05\\\/13\\\/saae-informa-que-reservatorio-de-concreto-e-finalizado-no-rochao\\\/#primaryimage\",\"url\":\"https:\\\/\\\/regiaonews.net.br\\\/2022\\\/wp-content\\\/uploads\\\/2023\\\/05\\\/IMG-20230513-WA0146.jpg\",\"contentUrl\":\"https:\\\/\\\/regiaonews.net.br\\\/2022\\\/wp-content\\\/uploads\\\/2023\\\/05\\\/IMG-20230513-WA0146.jpg\",\"width\":1280,\"height\":720},{\"@type\":\"BreadcrumbList\",\"@id\":\"https:\\\/\\\/regiaonews.net.br\\\/2022\\\/2023\\\/05\\\/13\\\/saae-informa-que-reservatorio-de-concreto-e-finalizado-no-rochao\\\/#breadcrumb\",\"itemListElement\":[{\"@type\":\"ListItem\",\"position\":1,\"name\":\"In\u00edcio\",\"item\":\"https:\\\/\\\/regiaonews.net.br\\\/2022\\\/\"},{\"@type\":\"ListItem\",\"position\":2,\"name\":\"SAAE informa que base de concreto do reservat\u00f3rio \u00e9 finalizado no Roch\u00e3o\"}]},{\"@type\":\"WebSite\",\"@id\":\"https:\\\/\\\/regiaonews.net.br\\\/2022\\\/#website\",\"url\":\"https:\\\/\\\/regiaonews.net.br\\\/2022\\\/\",\"name\":\"Regi\u00e3o News\",\"description\":\"Site de Not\u00edcias de Barretos e regi\u00e3o\",\"publisher\":{\"@id\":\"https:\\\/\\\/regiaonews.net.br\\\/2022\\\/#organization\"},\"potentialAction\":[{\"@type\":\"SearchAction\",\"target\":{\"@type\":\"EntryPoint\",\"urlTemplate\":\"https:\\\/\\\/regiaonews.net.br\\\/2022\\\/?s={search_term_string}\"},\"query-input\":{\"@type\":\"PropertyValueSpecification\",\"valueRequired\":true,\"valueName\":\"search_term_string\"}}],\"inLanguage\":\"pt-BR\"},{\"@type\":\"Organization\",\"@id\":\"https:\\\/\\\/regiaonews.net.br\\\/2022\\\/#organization\",\"name\":\"Regi\u00e3o News\",\"url\":\"https:\\\/\\\/regiaonews.net.br\\\/2022\\\/\",\"logo\":{\"@type\":\"ImageObject\",\"inLanguage\":\"pt-BR\",\"@id\":\"https:\\\/\\\/regiaonews.net.br\\\/2022\\\/#\\\/schema\\\/logo\\\/image\\\/\",\"url\":\"https:\\\/\\\/regiaonews.net.br\\\/2022\\\/wp-content\\\/uploads\\\/2026\\\/03\\\/regiao-13-anos-scaled.jpg\",\"contentUrl\":\"https:\\\/\\\/regiaonews.net.br\\\/2022\\\/wp-content\\\/uploads\\\/2026\\\/03\\\/regiao-13-anos-scaled.jpg\",\"width\":2560,\"height\":635,\"caption\":\"Regi\u00e3o News\"},\"image\":{\"@id\":\"https:\\\/\\\/regiaonews.net.br\\\/2022\\\/#\\\/schema\\\/logo\\\/image\\\/\"}},{\"@type\":\"Person\",\"@id\":\"https:\\\/\\\/regiaonews.net.br\\\/2022\\\/#\\\/schema\\\/person\\\/2d205a608a5aa97ac279d7a5e6d89ad8\",\"name\":\"Roberto\",\"image\":{\"@type\":\"ImageObject\",\"inLanguage\":\"pt-BR\",\"@id\":\"https:\\\/\\\/secure.gravatar.com\\\/avatar\\\/42749d8b712ff9d59ca93dc150494e5b55a44134482993f5baeb97e61b7ecc89?s=96&d=mm&r=g\",\"url\":\"https:\\\/\\\/secure.gravatar.com\\\/avatar\\\/42749d8b712ff9d59ca93dc150494e5b55a44134482993f5baeb97e61b7ecc89?s=96&d=mm&r=g\",\"contentUrl\":\"https:\\\/\\\/secure.gravatar.com\\\/avatar\\\/42749d8b712ff9d59ca93dc150494e5b55a44134482993f5baeb97e61b7ecc89?s=96&d=mm&r=g\",\"caption\":\"Roberto\"},\"url\":\"https:\\\/\\\/regiaonews.net.br\\\/2022\\\/author\\\/roberto\\\/\"}]}<\/script>\n<!-- \/ Yoast SEO plugin. -->","yoast_head_json":{"title":"SAAE informa que base de concreto do reservat\u00f3rio \u00e9 finalizado no Roch\u00e3o - Regi\u00e3o News","robots":{"index":"index","follow":"follow","max-snippet":"max-snippet:-1","max-image-preview":"max-image-preview:large","max-video-preview":"max-video-preview:-1"},"canonical":"https:\/\/regiaonews.net.br\/2022\/2023\/05\/13\/saae-informa-que-reservatorio-de-concreto-e-finalizado-no-rochao\/","og_locale":"pt_BR","og_type":"article","og_title":"SAAE informa que base de concreto do reservat\u00f3rio \u00e9 finalizado no Roch\u00e3o - Regi\u00e3o News","og_description":"&nbsp; A constru\u00e7\u00e3o do novo reservat\u00f3rio de \u00e1gua em uma","og_url":"https:\/\/regiaonews.net.br\/2022\/2023\/05\/13\/saae-informa-que-reservatorio-de-concreto-e-finalizado-no-rochao\/","og_site_name":"Regi\u00e3o News","article_published_time":"2023-05-13T19:40:19+00:00","article_modified_time":"2023-05-13T21:31:37+00:00","og_image":[{"width":1280,"height":720,"url":"https:\/\/regiaonews.net.br\/2022\/wp-content\/uploads\/2023\/05\/IMG-20230513-WA0146.jpg","type":"image\/jpeg"}],"author":"Roberto","twitter_card":"summary_large_image","twitter_misc":{"Escrito por":"Roberto","Est. tempo de leitura":"2 minutos"},"schema":{"@context":"https:\/\/schema.org","@graph":[{"@type":"Article","@id":"https:\/\/regiaonews.net.br\/2022\/2023\/05\/13\/saae-informa-que-reservatorio-de-concreto-e-finalizado-no-rochao\/#article","isPartOf":{"@id":"https:\/\/regiaonews.net.br\/2022\/2023\/05\/13\/saae-informa-que-reservatorio-de-concreto-e-finalizado-no-rochao\/"},"author":{"name":"Roberto","@id":"https:\/\/regiaonews.net.br\/2022\/#\/schema\/person\/2d205a608a5aa97ac279d7a5e6d89ad8"},"headline":"SAAE informa que base de concreto do reservat\u00f3rio \u00e9 finalizado no Roch\u00e3o","datePublished":"2023-05-13T19:40:19+00:00","dateModified":"2023-05-13T21:31:37+00:00","mainEntityOfPage":{"@id":"https:\/\/regiaonews.net.br\/2022\/2023\/05\/13\/saae-informa-que-reservatorio-de-concreto-e-finalizado-no-rochao\/"},"wordCount":234,"commentCount":0,"publisher":{"@id":"https:\/\/regiaonews.net.br\/2022\/#organization"},"image":{"@id":"https:\/\/regiaonews.net.br\/2022\/2023\/05\/13\/saae-informa-que-reservatorio-de-concreto-e-finalizado-no-rochao\/#primaryimage"},"thumbnailUrl":"https:\/\/regiaonews.net.br\/2022\/wp-content\/uploads\/2023\/05\/IMG-20230513-WA0146.jpg","articleSection":["Barretos","Cotidiano"],"inLanguage":"pt-BR","potentialAction":[{"@type":"CommentAction","name":"Comment","target":["https:\/\/regiaonews.net.br\/2022\/2023\/05\/13\/saae-informa-que-reservatorio-de-concreto-e-finalizado-no-rochao\/#respond"]}]},{"@type":"WebPage","@id":"https:\/\/regiaonews.net.br\/2022\/2023\/05\/13\/saae-informa-que-reservatorio-de-concreto-e-finalizado-no-rochao\/","url":"https:\/\/regiaonews.net.br\/2022\/2023\/05\/13\/saae-informa-que-reservatorio-de-concreto-e-finalizado-no-rochao\/","name":"SAAE informa que base de concreto do reservat\u00f3rio \u00e9 finalizado no Roch\u00e3o - Regi\u00e3o News","isPartOf":{"@id":"https:\/\/regiaonews.net.br\/2022\/#website"},"primaryImageOfPage":{"@id":"https:\/\/regiaonews.net.br\/2022\/2023\/05\/13\/saae-informa-que-reservatorio-de-concreto-e-finalizado-no-rochao\/#primaryimage"},"image":{"@id":"https:\/\/regiaonews.net.br\/2022\/2023\/05\/13\/saae-informa-que-reservatorio-de-concreto-e-finalizado-no-rochao\/#primaryimage"},"thumbnailUrl":"https:\/\/regiaonews.net.br\/2022\/wp-content\/uploads\/2023\/05\/IMG-20230513-WA0146.jpg","datePublished":"2023-05-13T19:40:19+00:00","dateModified":"2023-05-13T21:31:37+00:00","breadcrumb":{"@id":"https:\/\/regiaonews.net.br\/2022\/2023\/05\/13\/saae-informa-que-reservatorio-de-concreto-e-finalizado-no-rochao\/#breadcrumb"},"inLanguage":"pt-BR","potentialAction":[{"@type":"ReadAction","target":["https:\/\/regiaonews.net.br\/2022\/2023\/05\/13\/saae-informa-que-reservatorio-de-concreto-e-finalizado-no-rochao\/"]}]},{"@type":"ImageObject","inLanguage":"pt-BR","@id":"https:\/\/regiaonews.net.br\/2022\/2023\/05\/13\/saae-informa-que-reservatorio-de-concreto-e-finalizado-no-rochao\/#primaryimage","url":"https:\/\/regiaonews.net.br\/2022\/wp-content\/uploads\/2023\/05\/IMG-20230513-WA0146.jpg","contentUrl":"https:\/\/regiaonews.net.br\/2022\/wp-content\/uploads\/2023\/05\/IMG-20230513-WA0146.jpg","width":1280,"height":720},{"@type":"BreadcrumbList","@id":"https:\/\/regiaonews.net.br\/2022\/2023\/05\/13\/saae-informa-que-reservatorio-de-concreto-e-finalizado-no-rochao\/#breadcrumb","itemListElement":[{"@type":"ListItem","position":1,"name":"In\u00edcio","item":"https:\/\/regiaonews.net.br\/2022\/"},{"@type":"ListItem","position":2,"name":"SAAE informa que base de concreto do reservat\u00f3rio \u00e9 finalizado no Roch\u00e3o"}]},{"@type":"WebSite","@id":"https:\/\/regiaonews.net.br\/2022\/#website","url":"https:\/\/regiaonews.net.br\/2022\/","name":"Regi\u00e3o News","description":"Site de Not\u00edcias de Barretos e regi\u00e3o","publisher":{"@id":"https:\/\/regiaonews.net.br\/2022\/#organization"},"potentialAction":[{"@type":"SearchAction","target":{"@type":"EntryPoint","urlTemplate":"https:\/\/regiaonews.net.br\/2022\/?s={search_term_string}"},"query-input":{"@type":"PropertyValueSpecification","valueRequired":true,"valueName":"search_term_string"}}],"inLanguage":"pt-BR"},{"@type":"Organization","@id":"https:\/\/regiaonews.net.br\/2022\/#organization","name":"Regi\u00e3o News","url":"https:\/\/regiaonews.net.br\/2022\/","logo":{"@type":"ImageObject","inLanguage":"pt-BR","@id":"https:\/\/regiaonews.net.br\/2022\/#\/schema\/logo\/image\/","url":"https:\/\/regiaonews.net.br\/2022\/wp-content\/uploads\/2026\/03\/regiao-13-anos-scaled.jpg","contentUrl":"https:\/\/regiaonews.net.br\/2022\/wp-content\/uploads\/2026\/03\/regiao-13-anos-scaled.jpg","width":2560,"height":635,"caption":"Regi\u00e3o News"},"image":{"@id":"https:\/\/regiaonews.net.br\/2022\/#\/schema\/logo\/image\/"}},{"@type":"Person","@id":"https:\/\/regiaonews.net.br\/2022\/#\/schema\/person\/2d205a608a5aa97ac279d7a5e6d89ad8","name":"Roberto","image":{"@type":"ImageObject","inLanguage":"pt-BR","@id":"https:\/\/secure.gravatar.com\/avatar\/42749d8b712ff9d59ca93dc150494e5b55a44134482993f5baeb97e61b7ecc89?s=96&d=mm&r=g","url":"https:\/\/secure.gravatar.com\/avatar\/42749d8b712ff9d59ca93dc150494e5b55a44134482993f5baeb97e61b7ecc89?s=96&d=mm&r=g","contentUrl":"https:\/\/secure.gravatar.com\/avatar\/42749d8b712ff9d59ca93dc150494e5b55a44134482993f5baeb97e61b7ecc89?s=96&d=mm&r=g","caption":"Roberto"},"url":"https:\/\/regiaonews.net.br\/2022\/author\/roberto\/"}]}},"publishpress_future_action":{"enabled":false,"date":"2026-05-02 03:44:38","action":"change-status","newStatus":"draft","terms":[],"taxonomy":"category","extraData":[]},"publishpress_future_workflow_manual_trigger":{"enabledWorkflows":[]},"_links":{"self":[{"href":"https:\/\/regiaonews.net.br\/2022\/wp-json\/wp\/v2\/posts\/88121","targetHints":{"allow":["GET"]}}],"collection":[{"href":"https:\/\/regiaonews.net.br\/2022\/wp-json\/wp\/v2\/posts"}],"about":[{"href":"https:\/\/regiaonews.net.br\/2022\/wp-json\/wp\/v2\/types\/post"}],"author":[{"embeddable":true,"href":"https:\/\/regiaonews.net.br\/2022\/wp-json\/wp\/v2\/users\/2"}],"replies":[{"embeddable":true,"href":"https:\/\/regiaonews.net.br\/2022\/wp-json\/wp\/v2\/comments?post=88121"}],"version-history":[{"count":2,"href":"https:\/\/regiaonews.net.br\/2022\/wp-json\/wp\/v2\/posts\/88121\/revisions"}],"predecessor-version":[{"id":88124,"href":"https:\/\/regiaonews.net.br\/2022\/wp-json\/wp\/v2\/posts\/88121\/revisions\/88124"}],"wp:featuredmedia":[{"embeddable":true,"href":"https:\/\/regiaonews.net.br\/2022\/wp-json\/wp\/v2\/media\/88122"}],"wp:attachment":[{"href":"https:\/\/regiaonews.net.br\/2022\/wp-json\/wp\/v2\/media?parent=88121"}],"wp:term":[{"taxonomy":"category","embeddable":true,"href":"https:\/\/regiaonews.net.br\/2022\/wp-json\/wp\/v2\/categories?post=88121"},{"taxonomy":"post_tag","embeddable":true,"href":"https:\/\/regiaonews.net.br\/2022\/wp-json\/wp\/v2\/tags?post=88121"}],"curies":[{"name":"wp","href":"https:\/\/api.w.org\/{rel}","templated":true}]}}