{"id":88038,"date":"2023-05-12T13:55:16","date_gmt":"2023-05-12T16:55:16","guid":{"rendered":"https:\/\/regiaonews.net.br\/2022\/?p=88038"},"modified":"2023-05-12T18:01:46","modified_gmt":"2023-05-12T21:01:46","slug":"lula-a-revolucao-que-precisamos-e-fazer-cumprir-a-constituicao-brasileira","status":"publish","type":"post","link":"https:\/\/regiaonews.net.br\/2022\/2023\/05\/12\/lula-a-revolucao-que-precisamos-e-fazer-cumprir-a-constituicao-brasileira\/","title":{"rendered":"Lula: \u201cA revolu\u00e7\u00e3o que precisamos \u00e9 fazer cumprir a Constitui\u00e7\u00e3o Brasileira\u201d"},"content":{"rendered":"<h3 style=\"text-align: center;\">Em Salvador para assinar decreto que regulamenta a Lei Paulo Gustavo, presidente destaca a import\u00e2ncia do setor para transforma\u00e7\u00e3o social.<\/h3>\n<p>Em agenda em Salvador (BA) para assinatura do\u00a0<a href=\"https:\/\/s2305.enviosimprensa.com\/link.php?code=bDpodHRwcyUzQSUyRiUyRnd3dy5pbi5nb3YuYnIlMkZlbiUyRndlYiUyRmRvdSUyRi0lMkZkZWNyZXRvLW4tMTEuNTI1LWRlLTExLWRlLW1haW8tZGUtMjAyMy00ODI3MjA2OTA6MTgyNzg2Mjg3ODpyb2JlcnRvam9zZTMwQGhvdG1haWwuY29tOjgxYzQxYzo0Ng==\" target=\"_blank\" rel=\"noopener\" data-saferedirecturl=\"https:\/\/www.google.com\/url?q=https:\/\/s2305.enviosimprensa.com\/link.php?code%3DbDpodHRwcyUzQSUyRiUyRnd3dy5pbi5nb3YuYnIlMkZlbiUyRndlYiUyRmRvdSUyRi0lMkZkZWNyZXRvLW4tMTEuNTI1LWRlLTExLWRlLW1haW8tZGUtMjAyMy00ODI3MjA2OTA6MTgyNzg2Mjg3ODpyb2JlcnRvam9zZTMwQGhvdG1haWwuY29tOjgxYzQxYzo0Ng%3D%3D&amp;source=gmail&amp;ust=1683996640814000&amp;usg=AOvVaw1FNPLhLeb3Q_18N8Ky1ghM\">decreto que regulamenta a Lei Paulo Gustavo<\/a>, que vai destinar in\u00e9ditos R\uff04 3,8 bilh\u00f5es para a cultura, o presidente Luiz In\u00e1cio Lula da Silva destacou o papel do setor como instrumento de conscientiza\u00e7\u00e3o da sociedade sobre seus direitos.<\/p>\n<p>Ao lado de Margareth Menezes, titular da Cultura, de ministros de outras pastas, do governador da Bahia e de pol\u00edticos da regi\u00e3o, o presidente afirmou que a cultura pode ajudar o povo a fazer a revolu\u00e7\u00e3o que precisa ser feita para que todos vivam com dignidade, trabalho e seguran\u00e7a alimentar.<br \/>\n\u201cA cultura pode fazer com que a gente exija o cumprimento da Constitui\u00e7\u00e3o Brasileira. Est\u00e1 tudo na Constitui\u00e7\u00e3o. O povo tem direito a morar, a trabalhar, a comer, a estudar, a sa\u00fade e a transporte de qualidade. Est\u00e1 tudo l\u00e1. A revolu\u00e7\u00e3o que precisamos \u00e9 fazer cumprir a Constitui\u00e7\u00e3o Brasileira\u201d, disse.<\/p>\n<p>O t\u00edtulo da lei rende homenagem ao ator e humorista que faleceu em 2021, v\u00edtima de Covid-19. O investimento direto de R\uff04 3,8 bilh\u00f5es \u00e9 o maior da hist\u00f3ria do pa\u00eds destinado ao setor cultural e pretende chegar \u00e0s 27 Unidades Federativas e beneficiar os 5.570 munic\u00edpios.<br \/>\nA um p\u00fablico que lotou a Concha Ac\u00fastica, um dos equipamentos culturais mais simb\u00f3licos da capital baiana, o presidente lembrou os retrocessos pelos quais o Brasil passou nos \u00faltimos quatro anos, como a volta da fome, fez contraposi\u00e7\u00e3o a seus governos anteriores, quando houve gera\u00e7\u00e3o de emprego e inclus\u00e3o social por diferentes frentes, e disse que voltou a governar para recuperar o Brasil e retomar pol\u00edticas p\u00fablicas que funcionaram bem em suas outras gest\u00f5es.<br \/>\n\u201cVoltei para a gente fazer mais e melhor. Para a gente tentar mostrar ao mundo que esse pa\u00eds n\u00e3o nasceu para ter parte dele miser\u00e1vel, parte da popula\u00e7\u00e3o analfabeta. Um pa\u00eds que \u00e9 terceiro maior produtor de alimento do mundo n\u00e3o pode ver crian\u00e7a morrendo de desnutri\u00e7\u00e3o, nem mulher no a\u00e7ougue na fila do osso\u201d, disse, sensibilizado com abordagem de uma mulher que, quebrando o protocolo, subiu ao palco para pedir ajuda a ele.<\/p>\n<p>\u201cEm casa\u201d, a ministra Margareth Menezes enfatizou a import\u00e2ncia da Lei Paulo Gustavo para descentralizar a produ\u00e7\u00e3o cultural e estimular diferentes manifesta\u00e7\u00f5es em todo o pa\u00eds. Ela disse que segue as diretrizes do presidente Lula de atender a quem mais necessita e descentralizar os recursos para estimular a economia criativa e a cultura em toda sua pot\u00eancia.<br \/>\n\u201cA arte e a cultura s\u00e3o ferramentas de desenvolvimento econ\u00f4mico e social, emancipa\u00e7\u00e3o cultural e, principalmente, desenvolvimento econ\u00f4mico e gera\u00e7\u00e3o de renda. \u00c9 assim que devemos ver e fomentar a cultura e as pol\u00edticas p\u00fablicas, visando trazer desenvolvimento econ\u00f4mico para o povo brasileiro\u201d, destacou, acrescentando ser esse o momento de o Brasil aproveitar melhor o potencial econ\u00f4mico do setor cultural, que hoje representa cerca de 3,1% do PIB.<\/p>\n<p><strong>O QUE \u00c9<\/strong>\u00a0\u2014 A Lei Paulo Gustavo prev\u00ea repasses a estados, munic\u00edpios e ao Distrito Federal para a\u00e7\u00f5es emergenciais do setor cultural, duramente atingido pelos efeitos econ\u00f4micos da pandemia. M\u00fasica, dan\u00e7a, pintura, escultura, cinema, fotografia, artes digitais. \u00c9 amplo o espectro e pulverizada a proposta, que pretende contemplar toda a diversidade de manifesta\u00e7\u00f5es culturais e art\u00edsticas do pa\u00eds. Do valor total, R\uff04 2 bilh\u00f5es s\u00e3o destinados aos estados e R\uff04 1,8 bilh\u00e3o aos munic\u00edpios.<\/p>\n<p>A partir desta sexta-feira, os entes federados podem se inscrever por meio da\u00a0<a href=\"https:\/\/s2305.enviosimprensa.com\/link.php?code=bDpodHRwcyUzQSUyRiUyRnBvcnRhbC50cmFuc2ZlcmVnb3Yuc2lzdGVtYS5nb3YuYnIlMkZwb3J0YWwlMkZob21lOjE4Mjc4NjI4Nzg6cm9iZXJ0b2pvc2UzMEBob3RtYWlsLmNvbToyZTM2ZTc6NDY=\" target=\"_blank\" rel=\"noopener\" data-saferedirecturl=\"https:\/\/www.google.com\/url?q=https:\/\/s2305.enviosimprensa.com\/link.php?code%3DbDpodHRwcyUzQSUyRiUyRnBvcnRhbC50cmFuc2ZlcmVnb3Yuc2lzdGVtYS5nb3YuYnIlMkZwb3J0YWwlMkZob21lOjE4Mjc4NjI4Nzg6cm9iZXJ0b2pvc2UzMEBob3RtYWlsLmNvbToyZTM2ZTc6NDY%3D&amp;source=gmail&amp;ust=1683996640815000&amp;usg=AOvVaw1hC6s9UI5XsrVqMLcKrsWM\">plataforma TransfereGov<\/a>\u00a0e ter\u00e3o 60 dias para registrar os planos de a\u00e7\u00e3o a serem desenvolvidos com os recursos, que ser\u00e3o liberados ap\u00f3s aprova\u00e7\u00e3o das propostas.<br \/>\n<i><\/i><\/p>\n","protected":false},"excerpt":{"rendered":"<p>Em Salvador para assinar decreto que regulamenta a Lei Paulo<\/p>\n","protected":false},"author":2,"featured_media":88039,"comment_status":"open","ping_status":"open","sticky":false,"template":"","format":"standard","meta":{"footnotes":""},"categories":[3,22],"tags":[],"class_list":["post-88038","post","type-post","status-publish","format-standard","has-post-thumbnail","hentry","category-geral","category-politica"],"yoast_head":"<!-- This site is optimized with the Yoast SEO plugin v27.4 - https:\/\/yoast.com\/product\/yoast-seo-wordpress\/ -->\n<title>Lula: \u201cA revolu\u00e7\u00e3o que precisamos \u00e9 fazer cumprir a Constitui\u00e7\u00e3o Brasileira\u201d - Regi\u00e3o News<\/title>\n<meta name=\"robots\" content=\"index, follow, max-snippet:-1, max-image-preview:large, max-video-preview:-1\" \/>\n<link rel=\"canonical\" href=\"https:\/\/regiaonews.net.br\/2022\/2023\/05\/12\/lula-a-revolucao-que-precisamos-e-fazer-cumprir-a-constituicao-brasileira\/\" \/>\n<meta property=\"og:locale\" content=\"pt_BR\" \/>\n<meta property=\"og:type\" content=\"article\" \/>\n<meta property=\"og:title\" content=\"Lula: \u201cA revolu\u00e7\u00e3o que precisamos \u00e9 fazer cumprir a Constitui\u00e7\u00e3o Brasileira\u201d - Regi\u00e3o News\" \/>\n<meta property=\"og:description\" content=\"Em Salvador para assinar decreto que regulamenta a Lei Paulo\" \/>\n<meta property=\"og:url\" content=\"https:\/\/regiaonews.net.br\/2022\/2023\/05\/12\/lula-a-revolucao-que-precisamos-e-fazer-cumprir-a-constituicao-brasileira\/\" \/>\n<meta property=\"og:site_name\" content=\"Regi\u00e3o News\" \/>\n<meta property=\"article:published_time\" content=\"2023-05-12T16:55:16+00:00\" \/>\n<meta property=\"article:modified_time\" content=\"2023-05-12T21:01:46+00:00\" \/>\n<meta property=\"og:image\" content=\"https:\/\/regiaonews.net.br\/2022\/wp-content\/uploads\/2023\/05\/unnamed-1.jpg\" \/>\n\t<meta property=\"og:image:width\" content=\"768\" \/>\n\t<meta property=\"og:image:height\" content=\"511\" \/>\n\t<meta property=\"og:image:type\" content=\"image\/jpeg\" \/>\n<meta name=\"author\" content=\"Roberto\" \/>\n<meta name=\"twitter:card\" content=\"summary_large_image\" \/>\n<meta name=\"twitter:label1\" content=\"Escrito por\" \/>\n\t<meta name=\"twitter:data1\" content=\"Roberto\" \/>\n\t<meta name=\"twitter:label2\" content=\"Est. tempo de leitura\" \/>\n\t<meta name=\"twitter:data2\" content=\"4 minutos\" \/>\n<script type=\"application\/ld+json\" class=\"yoast-schema-graph\">{\"@context\":\"https:\\\/\\\/schema.org\",\"@graph\":[{\"@type\":\"Article\",\"@id\":\"https:\\\/\\\/regiaonews.net.br\\\/2022\\\/2023\\\/05\\\/12\\\/lula-a-revolucao-que-precisamos-e-fazer-cumprir-a-constituicao-brasileira\\\/#article\",\"isPartOf\":{\"@id\":\"https:\\\/\\\/regiaonews.net.br\\\/2022\\\/2023\\\/05\\\/12\\\/lula-a-revolucao-que-precisamos-e-fazer-cumprir-a-constituicao-brasileira\\\/\"},\"author\":{\"name\":\"Roberto\",\"@id\":\"https:\\\/\\\/regiaonews.net.br\\\/2022\\\/#\\\/schema\\\/person\\\/2d205a608a5aa97ac279d7a5e6d89ad8\"},\"headline\":\"Lula: \u201cA revolu\u00e7\u00e3o que precisamos \u00e9 fazer cumprir a Constitui\u00e7\u00e3o Brasileira\u201d\",\"datePublished\":\"2023-05-12T16:55:16+00:00\",\"dateModified\":\"2023-05-12T21:01:46+00:00\",\"mainEntityOfPage\":{\"@id\":\"https:\\\/\\\/regiaonews.net.br\\\/2022\\\/2023\\\/05\\\/12\\\/lula-a-revolucao-que-precisamos-e-fazer-cumprir-a-constituicao-brasileira\\\/\"},\"wordCount\":666,\"commentCount\":0,\"publisher\":{\"@id\":\"https:\\\/\\\/regiaonews.net.br\\\/2022\\\/#organization\"},\"image\":{\"@id\":\"https:\\\/\\\/regiaonews.net.br\\\/2022\\\/2023\\\/05\\\/12\\\/lula-a-revolucao-que-precisamos-e-fazer-cumprir-a-constituicao-brasileira\\\/#primaryimage\"},\"thumbnailUrl\":\"https:\\\/\\\/regiaonews.net.br\\\/2022\\\/wp-content\\\/uploads\\\/2023\\\/05\\\/unnamed-1.jpg\",\"articleSection\":[\"Geral\",\"Pol\u00edtica\"],\"inLanguage\":\"pt-BR\",\"potentialAction\":[{\"@type\":\"CommentAction\",\"name\":\"Comment\",\"target\":[\"https:\\\/\\\/regiaonews.net.br\\\/2022\\\/2023\\\/05\\\/12\\\/lula-a-revolucao-que-precisamos-e-fazer-cumprir-a-constituicao-brasileira\\\/#respond\"]}]},{\"@type\":\"WebPage\",\"@id\":\"https:\\\/\\\/regiaonews.net.br\\\/2022\\\/2023\\\/05\\\/12\\\/lula-a-revolucao-que-precisamos-e-fazer-cumprir-a-constituicao-brasileira\\\/\",\"url\":\"https:\\\/\\\/regiaonews.net.br\\\/2022\\\/2023\\\/05\\\/12\\\/lula-a-revolucao-que-precisamos-e-fazer-cumprir-a-constituicao-brasileira\\\/\",\"name\":\"Lula: \u201cA revolu\u00e7\u00e3o que precisamos \u00e9 fazer cumprir a Constitui\u00e7\u00e3o Brasileira\u201d - Regi\u00e3o News\",\"isPartOf\":{\"@id\":\"https:\\\/\\\/regiaonews.net.br\\\/2022\\\/#website\"},\"primaryImageOfPage\":{\"@id\":\"https:\\\/\\\/regiaonews.net.br\\\/2022\\\/2023\\\/05\\\/12\\\/lula-a-revolucao-que-precisamos-e-fazer-cumprir-a-constituicao-brasileira\\\/#primaryimage\"},\"image\":{\"@id\":\"https:\\\/\\\/regiaonews.net.br\\\/2022\\\/2023\\\/05\\\/12\\\/lula-a-revolucao-que-precisamos-e-fazer-cumprir-a-constituicao-brasileira\\\/#primaryimage\"},\"thumbnailUrl\":\"https:\\\/\\\/regiaonews.net.br\\\/2022\\\/wp-content\\\/uploads\\\/2023\\\/05\\\/unnamed-1.jpg\",\"datePublished\":\"2023-05-12T16:55:16+00:00\",\"dateModified\":\"2023-05-12T21:01:46+00:00\",\"breadcrumb\":{\"@id\":\"https:\\\/\\\/regiaonews.net.br\\\/2022\\\/2023\\\/05\\\/12\\\/lula-a-revolucao-que-precisamos-e-fazer-cumprir-a-constituicao-brasileira\\\/#breadcrumb\"},\"inLanguage\":\"pt-BR\",\"potentialAction\":[{\"@type\":\"ReadAction\",\"target\":[\"https:\\\/\\\/regiaonews.net.br\\\/2022\\\/2023\\\/05\\\/12\\\/lula-a-revolucao-que-precisamos-e-fazer-cumprir-a-constituicao-brasileira\\\/\"]}]},{\"@type\":\"ImageObject\",\"inLanguage\":\"pt-BR\",\"@id\":\"https:\\\/\\\/regiaonews.net.br\\\/2022\\\/2023\\\/05\\\/12\\\/lula-a-revolucao-que-precisamos-e-fazer-cumprir-a-constituicao-brasileira\\\/#primaryimage\",\"url\":\"https:\\\/\\\/regiaonews.net.br\\\/2022\\\/wp-content\\\/uploads\\\/2023\\\/05\\\/unnamed-1.jpg\",\"contentUrl\":\"https:\\\/\\\/regiaonews.net.br\\\/2022\\\/wp-content\\\/uploads\\\/2023\\\/05\\\/unnamed-1.jpg\",\"width\":768,\"height\":511},{\"@type\":\"BreadcrumbList\",\"@id\":\"https:\\\/\\\/regiaonews.net.br\\\/2022\\\/2023\\\/05\\\/12\\\/lula-a-revolucao-que-precisamos-e-fazer-cumprir-a-constituicao-brasileira\\\/#breadcrumb\",\"itemListElement\":[{\"@type\":\"ListItem\",\"position\":1,\"name\":\"In\u00edcio\",\"item\":\"https:\\\/\\\/regiaonews.net.br\\\/2022\\\/\"},{\"@type\":\"ListItem\",\"position\":2,\"name\":\"Lula: \u201cA revolu\u00e7\u00e3o que precisamos \u00e9 fazer cumprir a Constitui\u00e7\u00e3o Brasileira\u201d\"}]},{\"@type\":\"WebSite\",\"@id\":\"https:\\\/\\\/regiaonews.net.br\\\/2022\\\/#website\",\"url\":\"https:\\\/\\\/regiaonews.net.br\\\/2022\\\/\",\"name\":\"Regi\u00e3o News\",\"description\":\"Site de Not\u00edcias de Barretos e regi\u00e3o\",\"publisher\":{\"@id\":\"https:\\\/\\\/regiaonews.net.br\\\/2022\\\/#organization\"},\"potentialAction\":[{\"@type\":\"SearchAction\",\"target\":{\"@type\":\"EntryPoint\",\"urlTemplate\":\"https:\\\/\\\/regiaonews.net.br\\\/2022\\\/?s={search_term_string}\"},\"query-input\":{\"@type\":\"PropertyValueSpecification\",\"valueRequired\":true,\"valueName\":\"search_term_string\"}}],\"inLanguage\":\"pt-BR\"},{\"@type\":\"Organization\",\"@id\":\"https:\\\/\\\/regiaonews.net.br\\\/2022\\\/#organization\",\"name\":\"Regi\u00e3o News\",\"url\":\"https:\\\/\\\/regiaonews.net.br\\\/2022\\\/\",\"logo\":{\"@type\":\"ImageObject\",\"inLanguage\":\"pt-BR\",\"@id\":\"https:\\\/\\\/regiaonews.net.br\\\/2022\\\/#\\\/schema\\\/logo\\\/image\\\/\",\"url\":\"https:\\\/\\\/regiaonews.net.br\\\/2022\\\/wp-content\\\/uploads\\\/2026\\\/03\\\/regiao-13-anos-scaled.jpg\",\"contentUrl\":\"https:\\\/\\\/regiaonews.net.br\\\/2022\\\/wp-content\\\/uploads\\\/2026\\\/03\\\/regiao-13-anos-scaled.jpg\",\"width\":2560,\"height\":635,\"caption\":\"Regi\u00e3o News\"},\"image\":{\"@id\":\"https:\\\/\\\/regiaonews.net.br\\\/2022\\\/#\\\/schema\\\/logo\\\/image\\\/\"}},{\"@type\":\"Person\",\"@id\":\"https:\\\/\\\/regiaonews.net.br\\\/2022\\\/#\\\/schema\\\/person\\\/2d205a608a5aa97ac279d7a5e6d89ad8\",\"name\":\"Roberto\",\"image\":{\"@type\":\"ImageObject\",\"inLanguage\":\"pt-BR\",\"@id\":\"https:\\\/\\\/secure.gravatar.com\\\/avatar\\\/42749d8b712ff9d59ca93dc150494e5b55a44134482993f5baeb97e61b7ecc89?s=96&d=mm&r=g\",\"url\":\"https:\\\/\\\/secure.gravatar.com\\\/avatar\\\/42749d8b712ff9d59ca93dc150494e5b55a44134482993f5baeb97e61b7ecc89?s=96&d=mm&r=g\",\"contentUrl\":\"https:\\\/\\\/secure.gravatar.com\\\/avatar\\\/42749d8b712ff9d59ca93dc150494e5b55a44134482993f5baeb97e61b7ecc89?s=96&d=mm&r=g\",\"caption\":\"Roberto\"},\"url\":\"https:\\\/\\\/regiaonews.net.br\\\/2022\\\/author\\\/roberto\\\/\"}]}<\/script>\n<!-- \/ Yoast SEO plugin. -->","yoast_head_json":{"title":"Lula: \u201cA revolu\u00e7\u00e3o que precisamos \u00e9 fazer cumprir a Constitui\u00e7\u00e3o Brasileira\u201d - Regi\u00e3o News","robots":{"index":"index","follow":"follow","max-snippet":"max-snippet:-1","max-image-preview":"max-image-preview:large","max-video-preview":"max-video-preview:-1"},"canonical":"https:\/\/regiaonews.net.br\/2022\/2023\/05\/12\/lula-a-revolucao-que-precisamos-e-fazer-cumprir-a-constituicao-brasileira\/","og_locale":"pt_BR","og_type":"article","og_title":"Lula: \u201cA revolu\u00e7\u00e3o que precisamos \u00e9 fazer cumprir a Constitui\u00e7\u00e3o Brasileira\u201d - Regi\u00e3o News","og_description":"Em Salvador para assinar decreto que regulamenta a Lei Paulo","og_url":"https:\/\/regiaonews.net.br\/2022\/2023\/05\/12\/lula-a-revolucao-que-precisamos-e-fazer-cumprir-a-constituicao-brasileira\/","og_site_name":"Regi\u00e3o News","article_published_time":"2023-05-12T16:55:16+00:00","article_modified_time":"2023-05-12T21:01:46+00:00","og_image":[{"width":768,"height":511,"url":"https:\/\/regiaonews.net.br\/2022\/wp-content\/uploads\/2023\/05\/unnamed-1.jpg","type":"image\/jpeg"}],"author":"Roberto","twitter_card":"summary_large_image","twitter_misc":{"Escrito por":"Roberto","Est. tempo de leitura":"4 minutos"},"schema":{"@context":"https:\/\/schema.org","@graph":[{"@type":"Article","@id":"https:\/\/regiaonews.net.br\/2022\/2023\/05\/12\/lula-a-revolucao-que-precisamos-e-fazer-cumprir-a-constituicao-brasileira\/#article","isPartOf":{"@id":"https:\/\/regiaonews.net.br\/2022\/2023\/05\/12\/lula-a-revolucao-que-precisamos-e-fazer-cumprir-a-constituicao-brasileira\/"},"author":{"name":"Roberto","@id":"https:\/\/regiaonews.net.br\/2022\/#\/schema\/person\/2d205a608a5aa97ac279d7a5e6d89ad8"},"headline":"Lula: \u201cA revolu\u00e7\u00e3o que precisamos \u00e9 fazer cumprir a Constitui\u00e7\u00e3o Brasileira\u201d","datePublished":"2023-05-12T16:55:16+00:00","dateModified":"2023-05-12T21:01:46+00:00","mainEntityOfPage":{"@id":"https:\/\/regiaonews.net.br\/2022\/2023\/05\/12\/lula-a-revolucao-que-precisamos-e-fazer-cumprir-a-constituicao-brasileira\/"},"wordCount":666,"commentCount":0,"publisher":{"@id":"https:\/\/regiaonews.net.br\/2022\/#organization"},"image":{"@id":"https:\/\/regiaonews.net.br\/2022\/2023\/05\/12\/lula-a-revolucao-que-precisamos-e-fazer-cumprir-a-constituicao-brasileira\/#primaryimage"},"thumbnailUrl":"https:\/\/regiaonews.net.br\/2022\/wp-content\/uploads\/2023\/05\/unnamed-1.jpg","articleSection":["Geral","Pol\u00edtica"],"inLanguage":"pt-BR","potentialAction":[{"@type":"CommentAction","name":"Comment","target":["https:\/\/regiaonews.net.br\/2022\/2023\/05\/12\/lula-a-revolucao-que-precisamos-e-fazer-cumprir-a-constituicao-brasileira\/#respond"]}]},{"@type":"WebPage","@id":"https:\/\/regiaonews.net.br\/2022\/2023\/05\/12\/lula-a-revolucao-que-precisamos-e-fazer-cumprir-a-constituicao-brasileira\/","url":"https:\/\/regiaonews.net.br\/2022\/2023\/05\/12\/lula-a-revolucao-que-precisamos-e-fazer-cumprir-a-constituicao-brasileira\/","name":"Lula: \u201cA revolu\u00e7\u00e3o que precisamos \u00e9 fazer cumprir a Constitui\u00e7\u00e3o Brasileira\u201d - Regi\u00e3o News","isPartOf":{"@id":"https:\/\/regiaonews.net.br\/2022\/#website"},"primaryImageOfPage":{"@id":"https:\/\/regiaonews.net.br\/2022\/2023\/05\/12\/lula-a-revolucao-que-precisamos-e-fazer-cumprir-a-constituicao-brasileira\/#primaryimage"},"image":{"@id":"https:\/\/regiaonews.net.br\/2022\/2023\/05\/12\/lula-a-revolucao-que-precisamos-e-fazer-cumprir-a-constituicao-brasileira\/#primaryimage"},"thumbnailUrl":"https:\/\/regiaonews.net.br\/2022\/wp-content\/uploads\/2023\/05\/unnamed-1.jpg","datePublished":"2023-05-12T16:55:16+00:00","dateModified":"2023-05-12T21:01:46+00:00","breadcrumb":{"@id":"https:\/\/regiaonews.net.br\/2022\/2023\/05\/12\/lula-a-revolucao-que-precisamos-e-fazer-cumprir-a-constituicao-brasileira\/#breadcrumb"},"inLanguage":"pt-BR","potentialAction":[{"@type":"ReadAction","target":["https:\/\/regiaonews.net.br\/2022\/2023\/05\/12\/lula-a-revolucao-que-precisamos-e-fazer-cumprir-a-constituicao-brasileira\/"]}]},{"@type":"ImageObject","inLanguage":"pt-BR","@id":"https:\/\/regiaonews.net.br\/2022\/2023\/05\/12\/lula-a-revolucao-que-precisamos-e-fazer-cumprir-a-constituicao-brasileira\/#primaryimage","url":"https:\/\/regiaonews.net.br\/2022\/wp-content\/uploads\/2023\/05\/unnamed-1.jpg","contentUrl":"https:\/\/regiaonews.net.br\/2022\/wp-content\/uploads\/2023\/05\/unnamed-1.jpg","width":768,"height":511},{"@type":"BreadcrumbList","@id":"https:\/\/regiaonews.net.br\/2022\/2023\/05\/12\/lula-a-revolucao-que-precisamos-e-fazer-cumprir-a-constituicao-brasileira\/#breadcrumb","itemListElement":[{"@type":"ListItem","position":1,"name":"In\u00edcio","item":"https:\/\/regiaonews.net.br\/2022\/"},{"@type":"ListItem","position":2,"name":"Lula: \u201cA revolu\u00e7\u00e3o que precisamos \u00e9 fazer cumprir a Constitui\u00e7\u00e3o Brasileira\u201d"}]},{"@type":"WebSite","@id":"https:\/\/regiaonews.net.br\/2022\/#website","url":"https:\/\/regiaonews.net.br\/2022\/","name":"Regi\u00e3o News","description":"Site de Not\u00edcias de Barretos e regi\u00e3o","publisher":{"@id":"https:\/\/regiaonews.net.br\/2022\/#organization"},"potentialAction":[{"@type":"SearchAction","target":{"@type":"EntryPoint","urlTemplate":"https:\/\/regiaonews.net.br\/2022\/?s={search_term_string}"},"query-input":{"@type":"PropertyValueSpecification","valueRequired":true,"valueName":"search_term_string"}}],"inLanguage":"pt-BR"},{"@type":"Organization","@id":"https:\/\/regiaonews.net.br\/2022\/#organization","name":"Regi\u00e3o News","url":"https:\/\/regiaonews.net.br\/2022\/","logo":{"@type":"ImageObject","inLanguage":"pt-BR","@id":"https:\/\/regiaonews.net.br\/2022\/#\/schema\/logo\/image\/","url":"https:\/\/regiaonews.net.br\/2022\/wp-content\/uploads\/2026\/03\/regiao-13-anos-scaled.jpg","contentUrl":"https:\/\/regiaonews.net.br\/2022\/wp-content\/uploads\/2026\/03\/regiao-13-anos-scaled.jpg","width":2560,"height":635,"caption":"Regi\u00e3o News"},"image":{"@id":"https:\/\/regiaonews.net.br\/2022\/#\/schema\/logo\/image\/"}},{"@type":"Person","@id":"https:\/\/regiaonews.net.br\/2022\/#\/schema\/person\/2d205a608a5aa97ac279d7a5e6d89ad8","name":"Roberto","image":{"@type":"ImageObject","inLanguage":"pt-BR","@id":"https:\/\/secure.gravatar.com\/avatar\/42749d8b712ff9d59ca93dc150494e5b55a44134482993f5baeb97e61b7ecc89?s=96&d=mm&r=g","url":"https:\/\/secure.gravatar.com\/avatar\/42749d8b712ff9d59ca93dc150494e5b55a44134482993f5baeb97e61b7ecc89?s=96&d=mm&r=g","contentUrl":"https:\/\/secure.gravatar.com\/avatar\/42749d8b712ff9d59ca93dc150494e5b55a44134482993f5baeb97e61b7ecc89?s=96&d=mm&r=g","caption":"Roberto"},"url":"https:\/\/regiaonews.net.br\/2022\/author\/roberto\/"}]}},"publishpress_future_action":{"enabled":false,"date":"2026-05-03 02:11:28","action":"change-status","newStatus":"draft","terms":[],"taxonomy":"category","extraData":[]},"publishpress_future_workflow_manual_trigger":{"enabledWorkflows":[]},"_links":{"self":[{"href":"https:\/\/regiaonews.net.br\/2022\/wp-json\/wp\/v2\/posts\/88038","targetHints":{"allow":["GET"]}}],"collection":[{"href":"https:\/\/regiaonews.net.br\/2022\/wp-json\/wp\/v2\/posts"}],"about":[{"href":"https:\/\/regiaonews.net.br\/2022\/wp-json\/wp\/v2\/types\/post"}],"author":[{"embeddable":true,"href":"https:\/\/regiaonews.net.br\/2022\/wp-json\/wp\/v2\/users\/2"}],"replies":[{"embeddable":true,"href":"https:\/\/regiaonews.net.br\/2022\/wp-json\/wp\/v2\/comments?post=88038"}],"version-history":[{"count":2,"href":"https:\/\/regiaonews.net.br\/2022\/wp-json\/wp\/v2\/posts\/88038\/revisions"}],"predecessor-version":[{"id":88061,"href":"https:\/\/regiaonews.net.br\/2022\/wp-json\/wp\/v2\/posts\/88038\/revisions\/88061"}],"wp:featuredmedia":[{"embeddable":true,"href":"https:\/\/regiaonews.net.br\/2022\/wp-json\/wp\/v2\/media\/88039"}],"wp:attachment":[{"href":"https:\/\/regiaonews.net.br\/2022\/wp-json\/wp\/v2\/media?parent=88038"}],"wp:term":[{"taxonomy":"category","embeddable":true,"href":"https:\/\/regiaonews.net.br\/2022\/wp-json\/wp\/v2\/categories?post=88038"},{"taxonomy":"post_tag","embeddable":true,"href":"https:\/\/regiaonews.net.br\/2022\/wp-json\/wp\/v2\/tags?post=88038"}],"curies":[{"name":"wp","href":"https:\/\/api.w.org\/{rel}","templated":true}]}}