{"id":88032,"date":"2023-05-12T11:29:35","date_gmt":"2023-05-12T14:29:35","guid":{"rendered":"https:\/\/regiaonews.net.br\/2022\/?p=88032"},"modified":"2023-05-12T11:29:35","modified_gmt":"2023-05-12T14:29:35","slug":"novas-turmas-de-pos-graduacao-e-extensao-movimentam-o-campus-do-unifeb-aos-sabados","status":"publish","type":"post","link":"https:\/\/regiaonews.net.br\/2022\/2023\/05\/12\/novas-turmas-de-pos-graduacao-e-extensao-movimentam-o-campus-do-unifeb-aos-sabados\/","title":{"rendered":"Novas turmas de p\u00f3s-gradua\u00e7\u00e3o e extens\u00e3o movimentam o campus do UNIFEB aos s\u00e1bados"},"content":{"rendered":"<h3 style=\"text-align: center;\"><b>S\u00e3o quatro cursos de especializa\u00e7\u00e3o em andamento nas \u00e1reas de neg\u00f3cios, engenharia e ci\u00eancias da sa\u00fade.<\/b><\/h3>\n<p>A \u00e1rea de p\u00f3s-gradua\u00e7\u00e3o e extens\u00e3o do UNIFEB (Centro Universit\u00e1rio da Funda\u00e7\u00e3o Educacional de Barretos) injetou dezenas de novos alunos na institui\u00e7\u00e3o. Atualmente est\u00e3o em andamento as especializa\u00e7\u00f5es em Agroneg\u00f3cio, Engenharia de Manuten\u00e7\u00e3o, Controladoria e Tributos e Implantodontia. Tamb\u00e9m est\u00e1 sendo desenvolvido o curso de extens\u00e3o em Coleta de Sangue Venoso e Biosseguran\u00e7a, al\u00e9m do curso de Microscopia \u00d3ptica, que est\u00e1 no per\u00edodo de inscri\u00e7\u00e3o. Outros cursos na \u00e1rea de extens\u00e3o devem ocorrer ao longo do ano.<\/p>\n<p>As aulas de especializa\u00e7\u00e3o s\u00e3o concentradas quinzenalmente aos s\u00e1bados no per\u00edodo diurno, com exce\u00e7\u00e3o da Especializa\u00e7\u00e3o em Implantodontia, que tem carga hor\u00e1ria espec\u00edfica.<\/p>\n<p>Para a coordenadora de P\u00f3s-Gradua\u00e7\u00e3o, Pesquisa, Extens\u00e3o e Inova\u00e7\u00e3o do UNIFEB, Profa. Dra. Nathalia Garlich, o aumento no ingresso de novos alunos aconteceu ap\u00f3s a remodela\u00e7\u00e3o dos cursos. \u201cConseguimos desenvolver um cronograma mais din\u00e2mico e implantar novas metodologias em conson\u00e2ncia com o que existe de mais atual no ensino de p\u00f3s-gradua\u00e7\u00e3o e extens\u00e3o. Nosso objetivo \u00e9 permitir que os profissionais tenham o conhecimento necess\u00e1rio para alavancar ainda mais a carreira e conquistar o crescimento profissional que almejam\u201d, destacou.<\/p>\n<p>De acordo com o Reitor do UNIFEB, Prof. Dr. Angelo Davis, o Centro Universit\u00e1rio tem avan\u00e7ado bastante na \u00e1rea acad\u00eamica, com o lan\u00e7amento de novos cursos de gradua\u00e7\u00e3o, p\u00f3s-gradua\u00e7\u00e3o e extens\u00e3o. \u201cEstamos projetando e implementando o futuro da institui\u00e7\u00e3o, por isso buscamos entender o mercado de ensino superior a fim de ofertar cursos que atendam as demandas da macro e microrregi\u00e3o de Barretos. Al\u00e9m disso, estamos investindo consideravelmente em infraestrutura com um cronograma de reforma e revitaliza\u00e7\u00e3o que passar\u00e1 por todo o campus\u201d, enfatizou.<\/p>\n<p>O UNIFEB tamb\u00e9m tem implantado novos laborat\u00f3rios, com o objetivo de\u00a0incentivar ainda mais a pesquisa cient\u00edfica entre os alunos.\u00a0J\u00e1 est\u00e3o em pleno funcionamento os laborat\u00f3rios de Patologia; Ensaios Mec\u00e2nicos e Metrologia; Produ\u00e7\u00e3o Vegetal; e Qu\u00edmica Ambiental.<\/p>\n<p><b>MODERNIZA\u00c7\u00c3O DO CAMPUS<\/b><b>\u00a0<\/b><\/p>\n<p>Ao longo dos \u00faltimos meses, a Reitoria do\u00a0UNIFEB tem\u00a0revitalizado\u00a0e modernizado\u00a0o campus. J\u00e1 s\u00e3o quatro blocos totalmente reformados (N\u00facleo Jur\u00eddico, N\u00facleo de Medicina Veterin\u00e1ria, Bloco Rael Vidal e Bloco Elvira Parada), al\u00e9m da revitaliza\u00e7\u00e3o do Espa\u00e7o da Pedra, cal\u00e7adas, muros e entradas principais. Outro ponto relevante \u00e9 o investimento em inova\u00e7\u00e3o, com a aquisi\u00e7\u00e3o de 100 novos computadores ultra modernos e infraestrutura em nuvem, em parceria com a Microsoft, para o novo Laborat\u00f3rio de Inform\u00e1tica.<\/p>\n<p>&nbsp;<\/p>\n<p><i>Outras informa\u00e7\u00f5es podem ser obtidas pelo site\u00a0do\u00a0<\/i><br \/>\n<a href=\"http:\/\/www.unifeb.edu.br\/\" target=\"_blank\" rel=\"noopener\" data-saferedirecturl=\"https:\/\/www.google.com\/url?q=http:\/\/www.unifeb.edu.br\/&amp;source=gmail&amp;ust=1683988096946000&amp;usg=AOvVaw3zANsnVh8r920SDxr7cEvA\"><i>UNIFEB<\/i><\/a><i>\u00a0e aproveite para seguir o Centro Universit\u00e1rio pelas redes sociais:\u00a0<\/i>\u00a0\u00a0\u00a0\u00a0\u00a0\u00a0 \u00a0 \u00a0 \u00a0 \u00a0 \u00a0 \u00a0 \u00a0\u00a0\u00a0\u00a0\u00a0\u00a0\u00a0\u00a0\u00a0\u00a0\u00a0\u00a0\u00a0\u00a0\u00a0\u00a0\u00a0\u00a0\u00a0\u00a0\u00a0\u00a0\u00a0\u00a0\u00a0\u00a0\u00a0\u00a0\u00a0\u00a0<wbr \/>\u00a0\u00a0\u00a0\u00a0\u00a0\u00a0\u00a0\u00a0\u00a0\u00a0\u00a0\u00a0\u00a0\u00a0\u00a0\u00a0\u00a0\u00a0\u00a0\u00a0\u00a0\u00a0\u00a0\u00a0\u00a0\u00a0\u00a0\u00a0\u00a0\u00a0<wbr \/><\/p>\n<p>\u00b7\u00a0\u00a0<b>Instagram<\/b>: @unifeb_barretos\u00a0\u00a0\u00a0\u00a0\u00a0\u00a0\u00a0\u00a0\u00a0\u00a0\u00a0\u00a0\u00a0\u00a0<wbr \/>\u00a0\u00a0\u00a0\u00a0\u00a0\u00a0\u00a0\u00a0\u00a0\u00a0\u00a0\u00a0\u00a0\u00a0\u00a0\u00a0\u00a0\u00a0\u00a0\u00a0\u00a0\u00a0\u00a0\u00a0\u00a0\u00a0\u00a0\u00a0\u00a0\u00a0<wbr \/>\u00a0\u00a0\u00a0\u00a0\u00a0\u00a0\u00a0\u00a0\u00a0\u00a0\u00a0\u00a0\u00a0\u00a0\u00a0\u00a0\u00a0\u00a0\u00a0\u00a0\u00a0\u00a0\u00a0\u00a0\u00a0\u00a0\u00a0\u00a0\u00a0\u00a0<wbr \/><\/p>\n<p>\u00b7\u00a0\u00a0<b>Facebook<\/b>:\u00a0UnifebBarretos\u00a0\u00a0\u00a0<wbr \/>\u00a0\u00a0\u00a0\u00a0\u00a0\u00a0\u00a0\u00a0\u00a0\u00a0\u00a0\u00a0\u00a0\u00a0\u00a0\u00a0\u00a0\u00a0\u00a0\u00a0\u00a0\u00a0\u00a0\u00a0\u00a0\u00a0\u00a0\u00a0\u00a0\u00a0<wbr \/>\u00a0\u00a0\u00a0\u00a0\u00a0\u00a0\u00a0\u00a0\u00a0\u00a0\u00a0\u00a0\u00a0\u00a0\u00a0\u00a0\u00a0\u00a0\u00a0\u00a0\u00a0\u00a0\u00a0\u00a0\u00a0\u00a0\u00a0\u00a0\u00a0\u00a0<wbr \/><\/p>\n<p>\u00b7\u00a0\u00a0<b>Twitter<\/b>: @Unifeb_Barretos\u00a0\u00a0\u00a0\u00a0\u00a0\u00a0\u00a0\u00a0\u00a0\u00a0\u00a0\u00a0\u00a0\u00a0<wbr \/>\u00a0\u00a0\u00a0\u00a0\u00a0\u00a0\u00a0\u00a0\u00a0\u00a0\u00a0\u00a0\u00a0\u00a0\u00a0\u00a0\u00a0\u00a0\u00a0\u00a0\u00a0\u00a0\u00a0\u00a0\u00a0\u00a0\u00a0\u00a0\u00a0\u00a0<wbr \/>\u00a0\u00a0\u00a0\u00a0\u00a0\u00a0\u00a0\u00a0\u00a0\u00a0\u00a0\u00a0\u00a0\u00a0\u00a0\u00a0\u00a0\u00a0\u00a0\u00a0\u00a0\u00a0\u00a0\u00a0\u00a0\u00a0\u00a0\u00a0\u00a0\u00a0<wbr \/><\/p>\n<p>\u00b7\u00a0\u00a0<b>TikTok<\/b>:\u00a0unifeb.barretos\u00a0\u00a0\u00a0\u00a0<wbr \/>\u00a0\u00a0\u00a0\u00a0\u00a0\u00a0\u00a0\u00a0\u00a0\u00a0\u00a0\u00a0\u00a0\u00a0\u00a0\u00a0\u00a0\u00a0\u00a0\u00a0\u00a0\u00a0\u00a0\u00a0\u00a0\u00a0\u00a0\u00a0\u00a0\u00a0<wbr \/>\u00a0\u00a0\u00a0\u00a0\u00a0\u00a0\u00a0\u00a0\u00a0\u00a0\u00a0\u00a0\u00a0\u00a0\u00a0\u00a0\u00a0\u00a0\u00a0\u00a0\u00a0\u00a0\u00a0\u00a0\u00a0\u00a0\u00a0\u00a0\u00a0\u00a0<wbr \/><\/p>\n<p>\u00b7\u00a0\u00a0<b>YouTube<\/b>:\u00a0UnifebBarretos\u00a0\u00a0\u00a0\u00a0<wbr \/>\u00a0\u00a0\u00a0\u00a0\u00a0\u00a0\u00a0\u00a0\u00a0\u00a0\u00a0\u00a0\u00a0\u00a0\u00a0\u00a0\u00a0\u00a0\u00a0\u00a0\u00a0\u00a0\u00a0\u00a0\u00a0\u00a0\u00a0\u00a0\u00a0\u00a0<wbr \/><\/p>\n<p>\u00b7\u00a0\u00a0<b>WhatsApp<\/b>: (17) 99199-6890<\/p>\n","protected":false},"excerpt":{"rendered":"<p>S\u00e3o quatro cursos de especializa\u00e7\u00e3o em andamento nas \u00e1reas de<\/p>\n","protected":false},"author":2,"featured_media":88033,"comment_status":"open","ping_status":"open","sticky":false,"template":"","format":"standard","meta":{"footnotes":""},"categories":[14,3],"tags":[],"class_list":["post-88032","post","type-post","status-publish","format-standard","has-post-thumbnail","hentry","category-barretos","category-geral"],"yoast_head":"<!-- This site is optimized with the Yoast SEO plugin v27.4 - https:\/\/yoast.com\/product\/yoast-seo-wordpress\/ -->\n<title>Novas turmas de p\u00f3s-gradua\u00e7\u00e3o e extens\u00e3o movimentam o campus do UNIFEB aos s\u00e1bados - Regi\u00e3o News<\/title>\n<meta name=\"robots\" content=\"index, follow, max-snippet:-1, max-image-preview:large, max-video-preview:-1\" \/>\n<link rel=\"canonical\" href=\"https:\/\/regiaonews.net.br\/2022\/2023\/05\/12\/novas-turmas-de-pos-graduacao-e-extensao-movimentam-o-campus-do-unifeb-aos-sabados\/\" \/>\n<meta property=\"og:locale\" content=\"pt_BR\" \/>\n<meta property=\"og:type\" content=\"article\" \/>\n<meta property=\"og:title\" content=\"Novas turmas de p\u00f3s-gradua\u00e7\u00e3o e extens\u00e3o movimentam o campus do UNIFEB aos s\u00e1bados - Regi\u00e3o News\" \/>\n<meta property=\"og:description\" content=\"S\u00e3o quatro cursos de especializa\u00e7\u00e3o em andamento nas \u00e1reas de\" \/>\n<meta property=\"og:url\" content=\"https:\/\/regiaonews.net.br\/2022\/2023\/05\/12\/novas-turmas-de-pos-graduacao-e-extensao-movimentam-o-campus-do-unifeb-aos-sabados\/\" \/>\n<meta property=\"og:site_name\" content=\"Regi\u00e3o News\" \/>\n<meta property=\"article:published_time\" content=\"2023-05-12T14:29:35+00:00\" \/>\n<meta property=\"og:image\" content=\"https:\/\/regiaonews.net.br\/2022\/wp-content\/uploads\/2023\/05\/Pos-graduacao_02.jpeg\" \/>\n\t<meta property=\"og:image:width\" content=\"1280\" \/>\n\t<meta property=\"og:image:height\" content=\"960\" \/>\n\t<meta property=\"og:image:type\" content=\"image\/jpeg\" \/>\n<meta name=\"author\" content=\"Roberto\" \/>\n<meta name=\"twitter:card\" content=\"summary_large_image\" \/>\n<meta name=\"twitter:label1\" content=\"Escrito por\" \/>\n\t<meta name=\"twitter:data1\" content=\"Roberto\" \/>\n\t<meta name=\"twitter:label2\" content=\"Est. tempo de leitura\" \/>\n\t<meta name=\"twitter:data2\" content=\"3 minutos\" \/>\n<script type=\"application\/ld+json\" class=\"yoast-schema-graph\">{\"@context\":\"https:\\\/\\\/schema.org\",\"@graph\":[{\"@type\":\"Article\",\"@id\":\"https:\\\/\\\/regiaonews.net.br\\\/2022\\\/2023\\\/05\\\/12\\\/novas-turmas-de-pos-graduacao-e-extensao-movimentam-o-campus-do-unifeb-aos-sabados\\\/#article\",\"isPartOf\":{\"@id\":\"https:\\\/\\\/regiaonews.net.br\\\/2022\\\/2023\\\/05\\\/12\\\/novas-turmas-de-pos-graduacao-e-extensao-movimentam-o-campus-do-unifeb-aos-sabados\\\/\"},\"author\":{\"name\":\"Roberto\",\"@id\":\"https:\\\/\\\/regiaonews.net.br\\\/2022\\\/#\\\/schema\\\/person\\\/2d205a608a5aa97ac279d7a5e6d89ad8\"},\"headline\":\"Novas turmas de p\u00f3s-gradua\u00e7\u00e3o e extens\u00e3o movimentam o campus do UNIFEB aos s\u00e1bados\",\"datePublished\":\"2023-05-12T14:29:35+00:00\",\"mainEntityOfPage\":{\"@id\":\"https:\\\/\\\/regiaonews.net.br\\\/2022\\\/2023\\\/05\\\/12\\\/novas-turmas-de-pos-graduacao-e-extensao-movimentam-o-campus-do-unifeb-aos-sabados\\\/\"},\"wordCount\":524,\"commentCount\":0,\"publisher\":{\"@id\":\"https:\\\/\\\/regiaonews.net.br\\\/2022\\\/#organization\"},\"image\":{\"@id\":\"https:\\\/\\\/regiaonews.net.br\\\/2022\\\/2023\\\/05\\\/12\\\/novas-turmas-de-pos-graduacao-e-extensao-movimentam-o-campus-do-unifeb-aos-sabados\\\/#primaryimage\"},\"thumbnailUrl\":\"https:\\\/\\\/regiaonews.net.br\\\/2022\\\/wp-content\\\/uploads\\\/2023\\\/05\\\/Pos-graduacao_02.jpeg\",\"articleSection\":[\"Barretos\",\"Geral\"],\"inLanguage\":\"pt-BR\",\"potentialAction\":[{\"@type\":\"CommentAction\",\"name\":\"Comment\",\"target\":[\"https:\\\/\\\/regiaonews.net.br\\\/2022\\\/2023\\\/05\\\/12\\\/novas-turmas-de-pos-graduacao-e-extensao-movimentam-o-campus-do-unifeb-aos-sabados\\\/#respond\"]}]},{\"@type\":\"WebPage\",\"@id\":\"https:\\\/\\\/regiaonews.net.br\\\/2022\\\/2023\\\/05\\\/12\\\/novas-turmas-de-pos-graduacao-e-extensao-movimentam-o-campus-do-unifeb-aos-sabados\\\/\",\"url\":\"https:\\\/\\\/regiaonews.net.br\\\/2022\\\/2023\\\/05\\\/12\\\/novas-turmas-de-pos-graduacao-e-extensao-movimentam-o-campus-do-unifeb-aos-sabados\\\/\",\"name\":\"Novas turmas de p\u00f3s-gradua\u00e7\u00e3o e extens\u00e3o movimentam o campus do UNIFEB aos s\u00e1bados - Regi\u00e3o News\",\"isPartOf\":{\"@id\":\"https:\\\/\\\/regiaonews.net.br\\\/2022\\\/#website\"},\"primaryImageOfPage\":{\"@id\":\"https:\\\/\\\/regiaonews.net.br\\\/2022\\\/2023\\\/05\\\/12\\\/novas-turmas-de-pos-graduacao-e-extensao-movimentam-o-campus-do-unifeb-aos-sabados\\\/#primaryimage\"},\"image\":{\"@id\":\"https:\\\/\\\/regiaonews.net.br\\\/2022\\\/2023\\\/05\\\/12\\\/novas-turmas-de-pos-graduacao-e-extensao-movimentam-o-campus-do-unifeb-aos-sabados\\\/#primaryimage\"},\"thumbnailUrl\":\"https:\\\/\\\/regiaonews.net.br\\\/2022\\\/wp-content\\\/uploads\\\/2023\\\/05\\\/Pos-graduacao_02.jpeg\",\"datePublished\":\"2023-05-12T14:29:35+00:00\",\"breadcrumb\":{\"@id\":\"https:\\\/\\\/regiaonews.net.br\\\/2022\\\/2023\\\/05\\\/12\\\/novas-turmas-de-pos-graduacao-e-extensao-movimentam-o-campus-do-unifeb-aos-sabados\\\/#breadcrumb\"},\"inLanguage\":\"pt-BR\",\"potentialAction\":[{\"@type\":\"ReadAction\",\"target\":[\"https:\\\/\\\/regiaonews.net.br\\\/2022\\\/2023\\\/05\\\/12\\\/novas-turmas-de-pos-graduacao-e-extensao-movimentam-o-campus-do-unifeb-aos-sabados\\\/\"]}]},{\"@type\":\"ImageObject\",\"inLanguage\":\"pt-BR\",\"@id\":\"https:\\\/\\\/regiaonews.net.br\\\/2022\\\/2023\\\/05\\\/12\\\/novas-turmas-de-pos-graduacao-e-extensao-movimentam-o-campus-do-unifeb-aos-sabados\\\/#primaryimage\",\"url\":\"https:\\\/\\\/regiaonews.net.br\\\/2022\\\/wp-content\\\/uploads\\\/2023\\\/05\\\/Pos-graduacao_02.jpeg\",\"contentUrl\":\"https:\\\/\\\/regiaonews.net.br\\\/2022\\\/wp-content\\\/uploads\\\/2023\\\/05\\\/Pos-graduacao_02.jpeg\",\"width\":1280,\"height\":960},{\"@type\":\"BreadcrumbList\",\"@id\":\"https:\\\/\\\/regiaonews.net.br\\\/2022\\\/2023\\\/05\\\/12\\\/novas-turmas-de-pos-graduacao-e-extensao-movimentam-o-campus-do-unifeb-aos-sabados\\\/#breadcrumb\",\"itemListElement\":[{\"@type\":\"ListItem\",\"position\":1,\"name\":\"In\u00edcio\",\"item\":\"https:\\\/\\\/regiaonews.net.br\\\/2022\\\/\"},{\"@type\":\"ListItem\",\"position\":2,\"name\":\"Novas turmas de p\u00f3s-gradua\u00e7\u00e3o e extens\u00e3o movimentam o campus do UNIFEB aos s\u00e1bados\"}]},{\"@type\":\"WebSite\",\"@id\":\"https:\\\/\\\/regiaonews.net.br\\\/2022\\\/#website\",\"url\":\"https:\\\/\\\/regiaonews.net.br\\\/2022\\\/\",\"name\":\"Regi\u00e3o News\",\"description\":\"Site de Not\u00edcias de Barretos e regi\u00e3o\",\"publisher\":{\"@id\":\"https:\\\/\\\/regiaonews.net.br\\\/2022\\\/#organization\"},\"potentialAction\":[{\"@type\":\"SearchAction\",\"target\":{\"@type\":\"EntryPoint\",\"urlTemplate\":\"https:\\\/\\\/regiaonews.net.br\\\/2022\\\/?s={search_term_string}\"},\"query-input\":{\"@type\":\"PropertyValueSpecification\",\"valueRequired\":true,\"valueName\":\"search_term_string\"}}],\"inLanguage\":\"pt-BR\"},{\"@type\":\"Organization\",\"@id\":\"https:\\\/\\\/regiaonews.net.br\\\/2022\\\/#organization\",\"name\":\"Regi\u00e3o News\",\"url\":\"https:\\\/\\\/regiaonews.net.br\\\/2022\\\/\",\"logo\":{\"@type\":\"ImageObject\",\"inLanguage\":\"pt-BR\",\"@id\":\"https:\\\/\\\/regiaonews.net.br\\\/2022\\\/#\\\/schema\\\/logo\\\/image\\\/\",\"url\":\"https:\\\/\\\/regiaonews.net.br\\\/2022\\\/wp-content\\\/uploads\\\/2026\\\/03\\\/regiao-13-anos-scaled.jpg\",\"contentUrl\":\"https:\\\/\\\/regiaonews.net.br\\\/2022\\\/wp-content\\\/uploads\\\/2026\\\/03\\\/regiao-13-anos-scaled.jpg\",\"width\":2560,\"height\":635,\"caption\":\"Regi\u00e3o News\"},\"image\":{\"@id\":\"https:\\\/\\\/regiaonews.net.br\\\/2022\\\/#\\\/schema\\\/logo\\\/image\\\/\"}},{\"@type\":\"Person\",\"@id\":\"https:\\\/\\\/regiaonews.net.br\\\/2022\\\/#\\\/schema\\\/person\\\/2d205a608a5aa97ac279d7a5e6d89ad8\",\"name\":\"Roberto\",\"image\":{\"@type\":\"ImageObject\",\"inLanguage\":\"pt-BR\",\"@id\":\"https:\\\/\\\/secure.gravatar.com\\\/avatar\\\/42749d8b712ff9d59ca93dc150494e5b55a44134482993f5baeb97e61b7ecc89?s=96&d=mm&r=g\",\"url\":\"https:\\\/\\\/secure.gravatar.com\\\/avatar\\\/42749d8b712ff9d59ca93dc150494e5b55a44134482993f5baeb97e61b7ecc89?s=96&d=mm&r=g\",\"contentUrl\":\"https:\\\/\\\/secure.gravatar.com\\\/avatar\\\/42749d8b712ff9d59ca93dc150494e5b55a44134482993f5baeb97e61b7ecc89?s=96&d=mm&r=g\",\"caption\":\"Roberto\"},\"url\":\"https:\\\/\\\/regiaonews.net.br\\\/2022\\\/author\\\/roberto\\\/\"}]}<\/script>\n<!-- \/ Yoast SEO plugin. -->","yoast_head_json":{"title":"Novas turmas de p\u00f3s-gradua\u00e7\u00e3o e extens\u00e3o movimentam o campus do UNIFEB aos s\u00e1bados - Regi\u00e3o News","robots":{"index":"index","follow":"follow","max-snippet":"max-snippet:-1","max-image-preview":"max-image-preview:large","max-video-preview":"max-video-preview:-1"},"canonical":"https:\/\/regiaonews.net.br\/2022\/2023\/05\/12\/novas-turmas-de-pos-graduacao-e-extensao-movimentam-o-campus-do-unifeb-aos-sabados\/","og_locale":"pt_BR","og_type":"article","og_title":"Novas turmas de p\u00f3s-gradua\u00e7\u00e3o e extens\u00e3o movimentam o campus do UNIFEB aos s\u00e1bados - Regi\u00e3o News","og_description":"S\u00e3o quatro cursos de especializa\u00e7\u00e3o em andamento nas \u00e1reas de","og_url":"https:\/\/regiaonews.net.br\/2022\/2023\/05\/12\/novas-turmas-de-pos-graduacao-e-extensao-movimentam-o-campus-do-unifeb-aos-sabados\/","og_site_name":"Regi\u00e3o News","article_published_time":"2023-05-12T14:29:35+00:00","og_image":[{"width":1280,"height":960,"url":"https:\/\/regiaonews.net.br\/2022\/wp-content\/uploads\/2023\/05\/Pos-graduacao_02.jpeg","type":"image\/jpeg"}],"author":"Roberto","twitter_card":"summary_large_image","twitter_misc":{"Escrito por":"Roberto","Est. tempo de leitura":"3 minutos"},"schema":{"@context":"https:\/\/schema.org","@graph":[{"@type":"Article","@id":"https:\/\/regiaonews.net.br\/2022\/2023\/05\/12\/novas-turmas-de-pos-graduacao-e-extensao-movimentam-o-campus-do-unifeb-aos-sabados\/#article","isPartOf":{"@id":"https:\/\/regiaonews.net.br\/2022\/2023\/05\/12\/novas-turmas-de-pos-graduacao-e-extensao-movimentam-o-campus-do-unifeb-aos-sabados\/"},"author":{"name":"Roberto","@id":"https:\/\/regiaonews.net.br\/2022\/#\/schema\/person\/2d205a608a5aa97ac279d7a5e6d89ad8"},"headline":"Novas turmas de p\u00f3s-gradua\u00e7\u00e3o e extens\u00e3o movimentam o campus do UNIFEB aos s\u00e1bados","datePublished":"2023-05-12T14:29:35+00:00","mainEntityOfPage":{"@id":"https:\/\/regiaonews.net.br\/2022\/2023\/05\/12\/novas-turmas-de-pos-graduacao-e-extensao-movimentam-o-campus-do-unifeb-aos-sabados\/"},"wordCount":524,"commentCount":0,"publisher":{"@id":"https:\/\/regiaonews.net.br\/2022\/#organization"},"image":{"@id":"https:\/\/regiaonews.net.br\/2022\/2023\/05\/12\/novas-turmas-de-pos-graduacao-e-extensao-movimentam-o-campus-do-unifeb-aos-sabados\/#primaryimage"},"thumbnailUrl":"https:\/\/regiaonews.net.br\/2022\/wp-content\/uploads\/2023\/05\/Pos-graduacao_02.jpeg","articleSection":["Barretos","Geral"],"inLanguage":"pt-BR","potentialAction":[{"@type":"CommentAction","name":"Comment","target":["https:\/\/regiaonews.net.br\/2022\/2023\/05\/12\/novas-turmas-de-pos-graduacao-e-extensao-movimentam-o-campus-do-unifeb-aos-sabados\/#respond"]}]},{"@type":"WebPage","@id":"https:\/\/regiaonews.net.br\/2022\/2023\/05\/12\/novas-turmas-de-pos-graduacao-e-extensao-movimentam-o-campus-do-unifeb-aos-sabados\/","url":"https:\/\/regiaonews.net.br\/2022\/2023\/05\/12\/novas-turmas-de-pos-graduacao-e-extensao-movimentam-o-campus-do-unifeb-aos-sabados\/","name":"Novas turmas de p\u00f3s-gradua\u00e7\u00e3o e extens\u00e3o movimentam o campus do UNIFEB aos s\u00e1bados - Regi\u00e3o News","isPartOf":{"@id":"https:\/\/regiaonews.net.br\/2022\/#website"},"primaryImageOfPage":{"@id":"https:\/\/regiaonews.net.br\/2022\/2023\/05\/12\/novas-turmas-de-pos-graduacao-e-extensao-movimentam-o-campus-do-unifeb-aos-sabados\/#primaryimage"},"image":{"@id":"https:\/\/regiaonews.net.br\/2022\/2023\/05\/12\/novas-turmas-de-pos-graduacao-e-extensao-movimentam-o-campus-do-unifeb-aos-sabados\/#primaryimage"},"thumbnailUrl":"https:\/\/regiaonews.net.br\/2022\/wp-content\/uploads\/2023\/05\/Pos-graduacao_02.jpeg","datePublished":"2023-05-12T14:29:35+00:00","breadcrumb":{"@id":"https:\/\/regiaonews.net.br\/2022\/2023\/05\/12\/novas-turmas-de-pos-graduacao-e-extensao-movimentam-o-campus-do-unifeb-aos-sabados\/#breadcrumb"},"inLanguage":"pt-BR","potentialAction":[{"@type":"ReadAction","target":["https:\/\/regiaonews.net.br\/2022\/2023\/05\/12\/novas-turmas-de-pos-graduacao-e-extensao-movimentam-o-campus-do-unifeb-aos-sabados\/"]}]},{"@type":"ImageObject","inLanguage":"pt-BR","@id":"https:\/\/regiaonews.net.br\/2022\/2023\/05\/12\/novas-turmas-de-pos-graduacao-e-extensao-movimentam-o-campus-do-unifeb-aos-sabados\/#primaryimage","url":"https:\/\/regiaonews.net.br\/2022\/wp-content\/uploads\/2023\/05\/Pos-graduacao_02.jpeg","contentUrl":"https:\/\/regiaonews.net.br\/2022\/wp-content\/uploads\/2023\/05\/Pos-graduacao_02.jpeg","width":1280,"height":960},{"@type":"BreadcrumbList","@id":"https:\/\/regiaonews.net.br\/2022\/2023\/05\/12\/novas-turmas-de-pos-graduacao-e-extensao-movimentam-o-campus-do-unifeb-aos-sabados\/#breadcrumb","itemListElement":[{"@type":"ListItem","position":1,"name":"In\u00edcio","item":"https:\/\/regiaonews.net.br\/2022\/"},{"@type":"ListItem","position":2,"name":"Novas turmas de p\u00f3s-gradua\u00e7\u00e3o e extens\u00e3o movimentam o campus do UNIFEB aos s\u00e1bados"}]},{"@type":"WebSite","@id":"https:\/\/regiaonews.net.br\/2022\/#website","url":"https:\/\/regiaonews.net.br\/2022\/","name":"Regi\u00e3o News","description":"Site de Not\u00edcias de Barretos e regi\u00e3o","publisher":{"@id":"https:\/\/regiaonews.net.br\/2022\/#organization"},"potentialAction":[{"@type":"SearchAction","target":{"@type":"EntryPoint","urlTemplate":"https:\/\/regiaonews.net.br\/2022\/?s={search_term_string}"},"query-input":{"@type":"PropertyValueSpecification","valueRequired":true,"valueName":"search_term_string"}}],"inLanguage":"pt-BR"},{"@type":"Organization","@id":"https:\/\/regiaonews.net.br\/2022\/#organization","name":"Regi\u00e3o News","url":"https:\/\/regiaonews.net.br\/2022\/","logo":{"@type":"ImageObject","inLanguage":"pt-BR","@id":"https:\/\/regiaonews.net.br\/2022\/#\/schema\/logo\/image\/","url":"https:\/\/regiaonews.net.br\/2022\/wp-content\/uploads\/2026\/03\/regiao-13-anos-scaled.jpg","contentUrl":"https:\/\/regiaonews.net.br\/2022\/wp-content\/uploads\/2026\/03\/regiao-13-anos-scaled.jpg","width":2560,"height":635,"caption":"Regi\u00e3o News"},"image":{"@id":"https:\/\/regiaonews.net.br\/2022\/#\/schema\/logo\/image\/"}},{"@type":"Person","@id":"https:\/\/regiaonews.net.br\/2022\/#\/schema\/person\/2d205a608a5aa97ac279d7a5e6d89ad8","name":"Roberto","image":{"@type":"ImageObject","inLanguage":"pt-BR","@id":"https:\/\/secure.gravatar.com\/avatar\/42749d8b712ff9d59ca93dc150494e5b55a44134482993f5baeb97e61b7ecc89?s=96&d=mm&r=g","url":"https:\/\/secure.gravatar.com\/avatar\/42749d8b712ff9d59ca93dc150494e5b55a44134482993f5baeb97e61b7ecc89?s=96&d=mm&r=g","contentUrl":"https:\/\/secure.gravatar.com\/avatar\/42749d8b712ff9d59ca93dc150494e5b55a44134482993f5baeb97e61b7ecc89?s=96&d=mm&r=g","caption":"Roberto"},"url":"https:\/\/regiaonews.net.br\/2022\/author\/roberto\/"}]}},"publishpress_future_action":{"enabled":false,"date":"2026-05-03 03:43:27","action":"change-status","newStatus":"draft","terms":[],"taxonomy":"category","extraData":[]},"publishpress_future_workflow_manual_trigger":{"enabledWorkflows":[]},"_links":{"self":[{"href":"https:\/\/regiaonews.net.br\/2022\/wp-json\/wp\/v2\/posts\/88032","targetHints":{"allow":["GET"]}}],"collection":[{"href":"https:\/\/regiaonews.net.br\/2022\/wp-json\/wp\/v2\/posts"}],"about":[{"href":"https:\/\/regiaonews.net.br\/2022\/wp-json\/wp\/v2\/types\/post"}],"author":[{"embeddable":true,"href":"https:\/\/regiaonews.net.br\/2022\/wp-json\/wp\/v2\/users\/2"}],"replies":[{"embeddable":true,"href":"https:\/\/regiaonews.net.br\/2022\/wp-json\/wp\/v2\/comments?post=88032"}],"version-history":[{"count":1,"href":"https:\/\/regiaonews.net.br\/2022\/wp-json\/wp\/v2\/posts\/88032\/revisions"}],"predecessor-version":[{"id":88034,"href":"https:\/\/regiaonews.net.br\/2022\/wp-json\/wp\/v2\/posts\/88032\/revisions\/88034"}],"wp:featuredmedia":[{"embeddable":true,"href":"https:\/\/regiaonews.net.br\/2022\/wp-json\/wp\/v2\/media\/88033"}],"wp:attachment":[{"href":"https:\/\/regiaonews.net.br\/2022\/wp-json\/wp\/v2\/media?parent=88032"}],"wp:term":[{"taxonomy":"category","embeddable":true,"href":"https:\/\/regiaonews.net.br\/2022\/wp-json\/wp\/v2\/categories?post=88032"},{"taxonomy":"post_tag","embeddable":true,"href":"https:\/\/regiaonews.net.br\/2022\/wp-json\/wp\/v2\/tags?post=88032"}],"curies":[{"name":"wp","href":"https:\/\/api.w.org\/{rel}","templated":true}]}}