{"id":88010,"date":"2023-05-12T09:40:05","date_gmt":"2023-05-12T12:40:05","guid":{"rendered":"https:\/\/regiaonews.net.br\/2022\/?p=88010"},"modified":"2023-05-12T10:34:31","modified_gmt":"2023-05-12T13:34:31","slug":"abono-salarial-caixa-paga-r%ef%bc%84-38-bi-aos-trabalhadores-nascidos-em-julho-e-agosto-nesta-segunda-feira-15","status":"publish","type":"post","link":"https:\/\/regiaonews.net.br\/2022\/2023\/05\/12\/abono-salarial-caixa-paga-r%ef%bc%84-38-bi-aos-trabalhadores-nascidos-em-julho-e-agosto-nesta-segunda-feira-15\/","title":{"rendered":"Abono salarial: Caixa paga na segunda-feira, dia 15, trabalhadores nascidos em julho e agosto"},"content":{"rendered":"<p style=\"text-align: center;\">Cerca de 3,9 milh\u00f5es de trabalhadores receber\u00e3o o benef\u00edcio em todo o pa\u00eds<\/p>\n<p>A CAIXA realiza, nesta segunda-feira (15), o pagamento de R\uff04 3,8 bilh\u00f5es<i>\u00a0<\/i>do Abono Salarial 2023, ano-base 2021, para cerca de 3,9 milh\u00f5es de trabalhadores nascidos nos meses de julho e agosto. Aqueles que possuem conta corrente ou poupan\u00e7a na CAIXA receber\u00e3o o cr\u00e9dito automaticamente em sua conta do banco. Os demais benefici\u00e1rios receber\u00e3o os valores por meio da Poupan\u00e7a Social Digital.<\/p>\n<p>A movimenta\u00e7\u00e3o da Poupan\u00e7a Social Digital \u00e9 realizada pelo Aplicativo CAIXA Tem, que permite pagar contas, efetuar transfer\u00eancias, pagar na maquininha e realizar compras com o cart\u00e3o de d\u00e9bito virtual.<\/p>\n<p>Caso n\u00e3o seja poss\u00edvel a abertura da conta digital, o saque pode ser realizado com o Cart\u00e3o Social e senha nos terminais de autoatendimento, unidades lot\u00e9ricas, correspondentes CAIXA Aqui ou nas ag\u00eancias da CAIXA.<\/p>\n<p>Os valores de pagamento para cada trabalhador variam de acordo com a quantidade de dias trabalhados durante o ano-base 2021.<\/p>\n<p><strong><u>Quem tem direito ao Abono Salarial:<\/u><\/strong><\/p>\n<p>Tem direito ao benef\u00edcio o trabalhador inscrito no PIS\/PASEP h\u00e1 pelo menos cinco anos e que tenha trabalhado formalmente por pelo menos 30 dias em 2021, com remunera\u00e7\u00e3o mensal m\u00e9dia de at\u00e9 dois sal\u00e1rios m\u00ednimos. Tamb\u00e9m \u00e9 necess\u00e1rio que os dados tenham sido informados corretamente pelo empregador na Rela\u00e7\u00e3o Anual de Informa\u00e7\u00f5es Sociais (RAIS).<\/p>\n<p>Recebem o Abono Salarial na CAIXA os trabalhadores vinculados a entidades e empresas privadas. As pessoas que trabalham no setor p\u00fablico possuem inscri\u00e7\u00e3o PASEP e recebem o benef\u00edcio no Banco do Brasil.<\/p>\n","protected":false},"excerpt":{"rendered":"<p>Cerca de 3,9 milh\u00f5es de trabalhadores receber\u00e3o o benef\u00edcio em<\/p>\n","protected":false},"author":2,"featured_media":88011,"comment_status":"open","ping_status":"open","sticky":false,"template":"","format":"standard","meta":{"footnotes":""},"categories":[14,3],"tags":[],"class_list":["post-88010","post","type-post","status-publish","format-standard","has-post-thumbnail","hentry","category-barretos","category-geral"],"yoast_head":"<!-- This site is optimized with the Yoast SEO plugin v27.4 - https:\/\/yoast.com\/product\/yoast-seo-wordpress\/ -->\n<title>Abono salarial: Caixa paga na segunda-feira, dia 15, trabalhadores nascidos em julho e agosto - Regi\u00e3o News<\/title>\n<meta name=\"robots\" content=\"index, follow, max-snippet:-1, max-image-preview:large, max-video-preview:-1\" \/>\n<link rel=\"canonical\" href=\"https:\/\/regiaonews.net.br\/2022\/2023\/05\/12\/abono-salarial-caixa-paga-r\uff04-38-bi-aos-trabalhadores-nascidos-em-julho-e-agosto-nesta-segunda-feira-15\/\" \/>\n<meta property=\"og:locale\" content=\"pt_BR\" \/>\n<meta property=\"og:type\" content=\"article\" \/>\n<meta property=\"og:title\" content=\"Abono salarial: Caixa paga na segunda-feira, dia 15, trabalhadores nascidos em julho e agosto - Regi\u00e3o News\" \/>\n<meta property=\"og:description\" content=\"Cerca de 3,9 milh\u00f5es de trabalhadores receber\u00e3o o benef\u00edcio em\" \/>\n<meta property=\"og:url\" content=\"https:\/\/regiaonews.net.br\/2022\/2023\/05\/12\/abono-salarial-caixa-paga-r\uff04-38-bi-aos-trabalhadores-nascidos-em-julho-e-agosto-nesta-segunda-feira-15\/\" \/>\n<meta property=\"og:site_name\" content=\"Regi\u00e3o News\" \/>\n<meta property=\"article:published_time\" content=\"2023-05-12T12:40:05+00:00\" \/>\n<meta property=\"article:modified_time\" content=\"2023-05-12T13:34:31+00:00\" \/>\n<meta property=\"og:image\" content=\"https:\/\/regiaonews.net.br\/2022\/wp-content\/uploads\/2023\/05\/unnamed-1.png\" \/>\n\t<meta property=\"og:image:width\" content=\"810\" \/>\n\t<meta property=\"og:image:height\" content=\"694\" \/>\n\t<meta property=\"og:image:type\" content=\"image\/png\" \/>\n<meta name=\"author\" content=\"Roberto\" \/>\n<meta name=\"twitter:card\" content=\"summary_large_image\" \/>\n<meta name=\"twitter:label1\" content=\"Escrito por\" \/>\n\t<meta name=\"twitter:data1\" content=\"Roberto\" \/>\n\t<meta name=\"twitter:label2\" content=\"Est. tempo de leitura\" \/>\n\t<meta name=\"twitter:data2\" content=\"2 minutos\" \/>\n<script type=\"application\/ld+json\" class=\"yoast-schema-graph\">{\"@context\":\"https:\\\/\\\/schema.org\",\"@graph\":[{\"@type\":\"Article\",\"@id\":\"https:\\\/\\\/regiaonews.net.br\\\/2022\\\/2023\\\/05\\\/12\\\/abono-salarial-caixa-paga-r%ef%bc%84-38-bi-aos-trabalhadores-nascidos-em-julho-e-agosto-nesta-segunda-feira-15\\\/#article\",\"isPartOf\":{\"@id\":\"https:\\\/\\\/regiaonews.net.br\\\/2022\\\/2023\\\/05\\\/12\\\/abono-salarial-caixa-paga-r%ef%bc%84-38-bi-aos-trabalhadores-nascidos-em-julho-e-agosto-nesta-segunda-feira-15\\\/\"},\"author\":{\"name\":\"Roberto\",\"@id\":\"https:\\\/\\\/regiaonews.net.br\\\/2022\\\/#\\\/schema\\\/person\\\/2d205a608a5aa97ac279d7a5e6d89ad8\"},\"headline\":\"Abono salarial: Caixa paga na segunda-feira, dia 15, trabalhadores nascidos em julho e agosto\",\"datePublished\":\"2023-05-12T12:40:05+00:00\",\"dateModified\":\"2023-05-12T13:34:31+00:00\",\"mainEntityOfPage\":{\"@id\":\"https:\\\/\\\/regiaonews.net.br\\\/2022\\\/2023\\\/05\\\/12\\\/abono-salarial-caixa-paga-r%ef%bc%84-38-bi-aos-trabalhadores-nascidos-em-julho-e-agosto-nesta-segunda-feira-15\\\/\"},\"wordCount\":288,\"commentCount\":0,\"publisher\":{\"@id\":\"https:\\\/\\\/regiaonews.net.br\\\/2022\\\/#organization\"},\"image\":{\"@id\":\"https:\\\/\\\/regiaonews.net.br\\\/2022\\\/2023\\\/05\\\/12\\\/abono-salarial-caixa-paga-r%ef%bc%84-38-bi-aos-trabalhadores-nascidos-em-julho-e-agosto-nesta-segunda-feira-15\\\/#primaryimage\"},\"thumbnailUrl\":\"https:\\\/\\\/regiaonews.net.br\\\/2022\\\/wp-content\\\/uploads\\\/2023\\\/05\\\/unnamed-1.png\",\"articleSection\":[\"Barretos\",\"Geral\"],\"inLanguage\":\"pt-BR\",\"potentialAction\":[{\"@type\":\"CommentAction\",\"name\":\"Comment\",\"target\":[\"https:\\\/\\\/regiaonews.net.br\\\/2022\\\/2023\\\/05\\\/12\\\/abono-salarial-caixa-paga-r%ef%bc%84-38-bi-aos-trabalhadores-nascidos-em-julho-e-agosto-nesta-segunda-feira-15\\\/#respond\"]}]},{\"@type\":\"WebPage\",\"@id\":\"https:\\\/\\\/regiaonews.net.br\\\/2022\\\/2023\\\/05\\\/12\\\/abono-salarial-caixa-paga-r%ef%bc%84-38-bi-aos-trabalhadores-nascidos-em-julho-e-agosto-nesta-segunda-feira-15\\\/\",\"url\":\"https:\\\/\\\/regiaonews.net.br\\\/2022\\\/2023\\\/05\\\/12\\\/abono-salarial-caixa-paga-r%ef%bc%84-38-bi-aos-trabalhadores-nascidos-em-julho-e-agosto-nesta-segunda-feira-15\\\/\",\"name\":\"Abono salarial: Caixa paga na segunda-feira, dia 15, trabalhadores nascidos em julho e agosto - Regi\u00e3o News\",\"isPartOf\":{\"@id\":\"https:\\\/\\\/regiaonews.net.br\\\/2022\\\/#website\"},\"primaryImageOfPage\":{\"@id\":\"https:\\\/\\\/regiaonews.net.br\\\/2022\\\/2023\\\/05\\\/12\\\/abono-salarial-caixa-paga-r%ef%bc%84-38-bi-aos-trabalhadores-nascidos-em-julho-e-agosto-nesta-segunda-feira-15\\\/#primaryimage\"},\"image\":{\"@id\":\"https:\\\/\\\/regiaonews.net.br\\\/2022\\\/2023\\\/05\\\/12\\\/abono-salarial-caixa-paga-r%ef%bc%84-38-bi-aos-trabalhadores-nascidos-em-julho-e-agosto-nesta-segunda-feira-15\\\/#primaryimage\"},\"thumbnailUrl\":\"https:\\\/\\\/regiaonews.net.br\\\/2022\\\/wp-content\\\/uploads\\\/2023\\\/05\\\/unnamed-1.png\",\"datePublished\":\"2023-05-12T12:40:05+00:00\",\"dateModified\":\"2023-05-12T13:34:31+00:00\",\"breadcrumb\":{\"@id\":\"https:\\\/\\\/regiaonews.net.br\\\/2022\\\/2023\\\/05\\\/12\\\/abono-salarial-caixa-paga-r%ef%bc%84-38-bi-aos-trabalhadores-nascidos-em-julho-e-agosto-nesta-segunda-feira-15\\\/#breadcrumb\"},\"inLanguage\":\"pt-BR\",\"potentialAction\":[{\"@type\":\"ReadAction\",\"target\":[\"https:\\\/\\\/regiaonews.net.br\\\/2022\\\/2023\\\/05\\\/12\\\/abono-salarial-caixa-paga-r%ef%bc%84-38-bi-aos-trabalhadores-nascidos-em-julho-e-agosto-nesta-segunda-feira-15\\\/\"]}]},{\"@type\":\"ImageObject\",\"inLanguage\":\"pt-BR\",\"@id\":\"https:\\\/\\\/regiaonews.net.br\\\/2022\\\/2023\\\/05\\\/12\\\/abono-salarial-caixa-paga-r%ef%bc%84-38-bi-aos-trabalhadores-nascidos-em-julho-e-agosto-nesta-segunda-feira-15\\\/#primaryimage\",\"url\":\"https:\\\/\\\/regiaonews.net.br\\\/2022\\\/wp-content\\\/uploads\\\/2023\\\/05\\\/unnamed-1.png\",\"contentUrl\":\"https:\\\/\\\/regiaonews.net.br\\\/2022\\\/wp-content\\\/uploads\\\/2023\\\/05\\\/unnamed-1.png\",\"width\":810,\"height\":694},{\"@type\":\"BreadcrumbList\",\"@id\":\"https:\\\/\\\/regiaonews.net.br\\\/2022\\\/2023\\\/05\\\/12\\\/abono-salarial-caixa-paga-r%ef%bc%84-38-bi-aos-trabalhadores-nascidos-em-julho-e-agosto-nesta-segunda-feira-15\\\/#breadcrumb\",\"itemListElement\":[{\"@type\":\"ListItem\",\"position\":1,\"name\":\"In\u00edcio\",\"item\":\"https:\\\/\\\/regiaonews.net.br\\\/2022\\\/\"},{\"@type\":\"ListItem\",\"position\":2,\"name\":\"Abono salarial: Caixa paga na segunda-feira, dia 15, trabalhadores nascidos em julho e agosto\"}]},{\"@type\":\"WebSite\",\"@id\":\"https:\\\/\\\/regiaonews.net.br\\\/2022\\\/#website\",\"url\":\"https:\\\/\\\/regiaonews.net.br\\\/2022\\\/\",\"name\":\"Regi\u00e3o News\",\"description\":\"Site de Not\u00edcias de Barretos e regi\u00e3o\",\"publisher\":{\"@id\":\"https:\\\/\\\/regiaonews.net.br\\\/2022\\\/#organization\"},\"potentialAction\":[{\"@type\":\"SearchAction\",\"target\":{\"@type\":\"EntryPoint\",\"urlTemplate\":\"https:\\\/\\\/regiaonews.net.br\\\/2022\\\/?s={search_term_string}\"},\"query-input\":{\"@type\":\"PropertyValueSpecification\",\"valueRequired\":true,\"valueName\":\"search_term_string\"}}],\"inLanguage\":\"pt-BR\"},{\"@type\":\"Organization\",\"@id\":\"https:\\\/\\\/regiaonews.net.br\\\/2022\\\/#organization\",\"name\":\"Regi\u00e3o News\",\"url\":\"https:\\\/\\\/regiaonews.net.br\\\/2022\\\/\",\"logo\":{\"@type\":\"ImageObject\",\"inLanguage\":\"pt-BR\",\"@id\":\"https:\\\/\\\/regiaonews.net.br\\\/2022\\\/#\\\/schema\\\/logo\\\/image\\\/\",\"url\":\"https:\\\/\\\/regiaonews.net.br\\\/2022\\\/wp-content\\\/uploads\\\/2026\\\/03\\\/regiao-13-anos-scaled.jpg\",\"contentUrl\":\"https:\\\/\\\/regiaonews.net.br\\\/2022\\\/wp-content\\\/uploads\\\/2026\\\/03\\\/regiao-13-anos-scaled.jpg\",\"width\":2560,\"height\":635,\"caption\":\"Regi\u00e3o News\"},\"image\":{\"@id\":\"https:\\\/\\\/regiaonews.net.br\\\/2022\\\/#\\\/schema\\\/logo\\\/image\\\/\"}},{\"@type\":\"Person\",\"@id\":\"https:\\\/\\\/regiaonews.net.br\\\/2022\\\/#\\\/schema\\\/person\\\/2d205a608a5aa97ac279d7a5e6d89ad8\",\"name\":\"Roberto\",\"image\":{\"@type\":\"ImageObject\",\"inLanguage\":\"pt-BR\",\"@id\":\"https:\\\/\\\/secure.gravatar.com\\\/avatar\\\/42749d8b712ff9d59ca93dc150494e5b55a44134482993f5baeb97e61b7ecc89?s=96&d=mm&r=g\",\"url\":\"https:\\\/\\\/secure.gravatar.com\\\/avatar\\\/42749d8b712ff9d59ca93dc150494e5b55a44134482993f5baeb97e61b7ecc89?s=96&d=mm&r=g\",\"contentUrl\":\"https:\\\/\\\/secure.gravatar.com\\\/avatar\\\/42749d8b712ff9d59ca93dc150494e5b55a44134482993f5baeb97e61b7ecc89?s=96&d=mm&r=g\",\"caption\":\"Roberto\"},\"url\":\"https:\\\/\\\/regiaonews.net.br\\\/2022\\\/author\\\/roberto\\\/\"}]}<\/script>\n<!-- \/ Yoast SEO plugin. -->","yoast_head_json":{"title":"Abono salarial: Caixa paga na segunda-feira, dia 15, trabalhadores nascidos em julho e agosto - Regi\u00e3o News","robots":{"index":"index","follow":"follow","max-snippet":"max-snippet:-1","max-image-preview":"max-image-preview:large","max-video-preview":"max-video-preview:-1"},"canonical":"https:\/\/regiaonews.net.br\/2022\/2023\/05\/12\/abono-salarial-caixa-paga-r\uff04-38-bi-aos-trabalhadores-nascidos-em-julho-e-agosto-nesta-segunda-feira-15\/","og_locale":"pt_BR","og_type":"article","og_title":"Abono salarial: Caixa paga na segunda-feira, dia 15, trabalhadores nascidos em julho e agosto - Regi\u00e3o News","og_description":"Cerca de 3,9 milh\u00f5es de trabalhadores receber\u00e3o o benef\u00edcio em","og_url":"https:\/\/regiaonews.net.br\/2022\/2023\/05\/12\/abono-salarial-caixa-paga-r\uff04-38-bi-aos-trabalhadores-nascidos-em-julho-e-agosto-nesta-segunda-feira-15\/","og_site_name":"Regi\u00e3o News","article_published_time":"2023-05-12T12:40:05+00:00","article_modified_time":"2023-05-12T13:34:31+00:00","og_image":[{"width":810,"height":694,"url":"https:\/\/regiaonews.net.br\/2022\/wp-content\/uploads\/2023\/05\/unnamed-1.png","type":"image\/png"}],"author":"Roberto","twitter_card":"summary_large_image","twitter_misc":{"Escrito por":"Roberto","Est. tempo de leitura":"2 minutos"},"schema":{"@context":"https:\/\/schema.org","@graph":[{"@type":"Article","@id":"https:\/\/regiaonews.net.br\/2022\/2023\/05\/12\/abono-salarial-caixa-paga-r%ef%bc%84-38-bi-aos-trabalhadores-nascidos-em-julho-e-agosto-nesta-segunda-feira-15\/#article","isPartOf":{"@id":"https:\/\/regiaonews.net.br\/2022\/2023\/05\/12\/abono-salarial-caixa-paga-r%ef%bc%84-38-bi-aos-trabalhadores-nascidos-em-julho-e-agosto-nesta-segunda-feira-15\/"},"author":{"name":"Roberto","@id":"https:\/\/regiaonews.net.br\/2022\/#\/schema\/person\/2d205a608a5aa97ac279d7a5e6d89ad8"},"headline":"Abono salarial: Caixa paga na segunda-feira, dia 15, trabalhadores nascidos em julho e agosto","datePublished":"2023-05-12T12:40:05+00:00","dateModified":"2023-05-12T13:34:31+00:00","mainEntityOfPage":{"@id":"https:\/\/regiaonews.net.br\/2022\/2023\/05\/12\/abono-salarial-caixa-paga-r%ef%bc%84-38-bi-aos-trabalhadores-nascidos-em-julho-e-agosto-nesta-segunda-feira-15\/"},"wordCount":288,"commentCount":0,"publisher":{"@id":"https:\/\/regiaonews.net.br\/2022\/#organization"},"image":{"@id":"https:\/\/regiaonews.net.br\/2022\/2023\/05\/12\/abono-salarial-caixa-paga-r%ef%bc%84-38-bi-aos-trabalhadores-nascidos-em-julho-e-agosto-nesta-segunda-feira-15\/#primaryimage"},"thumbnailUrl":"https:\/\/regiaonews.net.br\/2022\/wp-content\/uploads\/2023\/05\/unnamed-1.png","articleSection":["Barretos","Geral"],"inLanguage":"pt-BR","potentialAction":[{"@type":"CommentAction","name":"Comment","target":["https:\/\/regiaonews.net.br\/2022\/2023\/05\/12\/abono-salarial-caixa-paga-r%ef%bc%84-38-bi-aos-trabalhadores-nascidos-em-julho-e-agosto-nesta-segunda-feira-15\/#respond"]}]},{"@type":"WebPage","@id":"https:\/\/regiaonews.net.br\/2022\/2023\/05\/12\/abono-salarial-caixa-paga-r%ef%bc%84-38-bi-aos-trabalhadores-nascidos-em-julho-e-agosto-nesta-segunda-feira-15\/","url":"https:\/\/regiaonews.net.br\/2022\/2023\/05\/12\/abono-salarial-caixa-paga-r%ef%bc%84-38-bi-aos-trabalhadores-nascidos-em-julho-e-agosto-nesta-segunda-feira-15\/","name":"Abono salarial: Caixa paga na segunda-feira, dia 15, trabalhadores nascidos em julho e agosto - Regi\u00e3o News","isPartOf":{"@id":"https:\/\/regiaonews.net.br\/2022\/#website"},"primaryImageOfPage":{"@id":"https:\/\/regiaonews.net.br\/2022\/2023\/05\/12\/abono-salarial-caixa-paga-r%ef%bc%84-38-bi-aos-trabalhadores-nascidos-em-julho-e-agosto-nesta-segunda-feira-15\/#primaryimage"},"image":{"@id":"https:\/\/regiaonews.net.br\/2022\/2023\/05\/12\/abono-salarial-caixa-paga-r%ef%bc%84-38-bi-aos-trabalhadores-nascidos-em-julho-e-agosto-nesta-segunda-feira-15\/#primaryimage"},"thumbnailUrl":"https:\/\/regiaonews.net.br\/2022\/wp-content\/uploads\/2023\/05\/unnamed-1.png","datePublished":"2023-05-12T12:40:05+00:00","dateModified":"2023-05-12T13:34:31+00:00","breadcrumb":{"@id":"https:\/\/regiaonews.net.br\/2022\/2023\/05\/12\/abono-salarial-caixa-paga-r%ef%bc%84-38-bi-aos-trabalhadores-nascidos-em-julho-e-agosto-nesta-segunda-feira-15\/#breadcrumb"},"inLanguage":"pt-BR","potentialAction":[{"@type":"ReadAction","target":["https:\/\/regiaonews.net.br\/2022\/2023\/05\/12\/abono-salarial-caixa-paga-r%ef%bc%84-38-bi-aos-trabalhadores-nascidos-em-julho-e-agosto-nesta-segunda-feira-15\/"]}]},{"@type":"ImageObject","inLanguage":"pt-BR","@id":"https:\/\/regiaonews.net.br\/2022\/2023\/05\/12\/abono-salarial-caixa-paga-r%ef%bc%84-38-bi-aos-trabalhadores-nascidos-em-julho-e-agosto-nesta-segunda-feira-15\/#primaryimage","url":"https:\/\/regiaonews.net.br\/2022\/wp-content\/uploads\/2023\/05\/unnamed-1.png","contentUrl":"https:\/\/regiaonews.net.br\/2022\/wp-content\/uploads\/2023\/05\/unnamed-1.png","width":810,"height":694},{"@type":"BreadcrumbList","@id":"https:\/\/regiaonews.net.br\/2022\/2023\/05\/12\/abono-salarial-caixa-paga-r%ef%bc%84-38-bi-aos-trabalhadores-nascidos-em-julho-e-agosto-nesta-segunda-feira-15\/#breadcrumb","itemListElement":[{"@type":"ListItem","position":1,"name":"In\u00edcio","item":"https:\/\/regiaonews.net.br\/2022\/"},{"@type":"ListItem","position":2,"name":"Abono salarial: Caixa paga na segunda-feira, dia 15, trabalhadores nascidos em julho e agosto"}]},{"@type":"WebSite","@id":"https:\/\/regiaonews.net.br\/2022\/#website","url":"https:\/\/regiaonews.net.br\/2022\/","name":"Regi\u00e3o News","description":"Site de Not\u00edcias de Barretos e regi\u00e3o","publisher":{"@id":"https:\/\/regiaonews.net.br\/2022\/#organization"},"potentialAction":[{"@type":"SearchAction","target":{"@type":"EntryPoint","urlTemplate":"https:\/\/regiaonews.net.br\/2022\/?s={search_term_string}"},"query-input":{"@type":"PropertyValueSpecification","valueRequired":true,"valueName":"search_term_string"}}],"inLanguage":"pt-BR"},{"@type":"Organization","@id":"https:\/\/regiaonews.net.br\/2022\/#organization","name":"Regi\u00e3o News","url":"https:\/\/regiaonews.net.br\/2022\/","logo":{"@type":"ImageObject","inLanguage":"pt-BR","@id":"https:\/\/regiaonews.net.br\/2022\/#\/schema\/logo\/image\/","url":"https:\/\/regiaonews.net.br\/2022\/wp-content\/uploads\/2026\/03\/regiao-13-anos-scaled.jpg","contentUrl":"https:\/\/regiaonews.net.br\/2022\/wp-content\/uploads\/2026\/03\/regiao-13-anos-scaled.jpg","width":2560,"height":635,"caption":"Regi\u00e3o News"},"image":{"@id":"https:\/\/regiaonews.net.br\/2022\/#\/schema\/logo\/image\/"}},{"@type":"Person","@id":"https:\/\/regiaonews.net.br\/2022\/#\/schema\/person\/2d205a608a5aa97ac279d7a5e6d89ad8","name":"Roberto","image":{"@type":"ImageObject","inLanguage":"pt-BR","@id":"https:\/\/secure.gravatar.com\/avatar\/42749d8b712ff9d59ca93dc150494e5b55a44134482993f5baeb97e61b7ecc89?s=96&d=mm&r=g","url":"https:\/\/secure.gravatar.com\/avatar\/42749d8b712ff9d59ca93dc150494e5b55a44134482993f5baeb97e61b7ecc89?s=96&d=mm&r=g","contentUrl":"https:\/\/secure.gravatar.com\/avatar\/42749d8b712ff9d59ca93dc150494e5b55a44134482993f5baeb97e61b7ecc89?s=96&d=mm&r=g","caption":"Roberto"},"url":"https:\/\/regiaonews.net.br\/2022\/author\/roberto\/"}]}},"publishpress_future_action":{"enabled":false,"date":"2026-05-03 11:45:49","action":"change-status","newStatus":"draft","terms":[],"taxonomy":"category","extraData":[]},"publishpress_future_workflow_manual_trigger":{"enabledWorkflows":[]},"_links":{"self":[{"href":"https:\/\/regiaonews.net.br\/2022\/wp-json\/wp\/v2\/posts\/88010","targetHints":{"allow":["GET"]}}],"collection":[{"href":"https:\/\/regiaonews.net.br\/2022\/wp-json\/wp\/v2\/posts"}],"about":[{"href":"https:\/\/regiaonews.net.br\/2022\/wp-json\/wp\/v2\/types\/post"}],"author":[{"embeddable":true,"href":"https:\/\/regiaonews.net.br\/2022\/wp-json\/wp\/v2\/users\/2"}],"replies":[{"embeddable":true,"href":"https:\/\/regiaonews.net.br\/2022\/wp-json\/wp\/v2\/comments?post=88010"}],"version-history":[{"count":3,"href":"https:\/\/regiaonews.net.br\/2022\/wp-json\/wp\/v2\/posts\/88010\/revisions"}],"predecessor-version":[{"id":88020,"href":"https:\/\/regiaonews.net.br\/2022\/wp-json\/wp\/v2\/posts\/88010\/revisions\/88020"}],"wp:featuredmedia":[{"embeddable":true,"href":"https:\/\/regiaonews.net.br\/2022\/wp-json\/wp\/v2\/media\/88011"}],"wp:attachment":[{"href":"https:\/\/regiaonews.net.br\/2022\/wp-json\/wp\/v2\/media?parent=88010"}],"wp:term":[{"taxonomy":"category","embeddable":true,"href":"https:\/\/regiaonews.net.br\/2022\/wp-json\/wp\/v2\/categories?post=88010"},{"taxonomy":"post_tag","embeddable":true,"href":"https:\/\/regiaonews.net.br\/2022\/wp-json\/wp\/v2\/tags?post=88010"}],"curies":[{"name":"wp","href":"https:\/\/api.w.org\/{rel}","templated":true}]}}