{"id":87988,"date":"2023-05-11T19:22:53","date_gmt":"2023-05-11T22:22:53","guid":{"rendered":"https:\/\/regiaonews.net.br\/2022\/?p=87988"},"modified":"2023-05-11T19:22:53","modified_gmt":"2023-05-11T22:22:53","slug":"palestra-emociona-familias-assistidas-pelo-fundo-social-de-solidariedade","status":"publish","type":"post","link":"https:\/\/regiaonews.net.br\/2022\/2023\/05\/11\/palestra-emociona-familias-assistidas-pelo-fundo-social-de-solidariedade\/","title":{"rendered":"Palestra emociona fam\u00edlias assistidas pelo Fundo Social de Solidariedade"},"content":{"rendered":"<p>Evento abordou a import\u00e2ncia da sa\u00fade emocional e do trabalho para mudan\u00e7a de vida<\/p>\n<p>O Fundo Social de Solidariedade (FSS) da Est\u00e2ncia Tur\u00edstica de Barretos promoveu na manh\u00e3 desta quinta-feira, 11 de maio, uma palestra de conscientiza\u00e7\u00e3o para fam\u00edlias atendidas pelo \u00f3rg\u00e3o. O evento reuniu mais de 50 pessoas que se emocionaram e compartilharam experi\u00eancias.<br \/>\nMinistrada pela presidente do FSS, Let\u00edcia Oliveira Lemos, que \u00e9 psic\u00f3loga atuante h\u00e1 mais de 20 anos, a palestra \u201cEu transformo a minha vida a partir do momento que eu acredito que sou capaz\u201d tratou de assuntos como cuidados com a sa\u00fade emocional e da import\u00e2ncia do trabalho para mudan\u00e7a de vida. \u201cOlhem para o cora\u00e7\u00e3o de voc\u00eas, que pode estar em peda\u00e7os, destru\u00eddo, mas precisamos dar vida a eles. E o primeiro incentivo que voc\u00eas podem dar aos seus cora\u00e7\u00f5es \u00e9 acreditando nele. Voc\u00eas precisam acreditar para abra\u00e7ar as oportunidades. Hoje, na gest\u00e3o da prefeita Paula Lemos, n\u00f3s temos oferecido oportunidades de capacita\u00e7\u00e3o e, para isso, \u00e9 importante n\u00e3o deixar o medo lhe impedir de aprender\u201d, disse.<br \/>\nImport\u00e2ncia das capacita\u00e7\u00f5es<br \/>\nLet\u00edcia tamb\u00e9m recordou dos cursos de cabeleireiro, salgados, panifica\u00e7\u00e3o, decora\u00e7\u00e3o em MDF, esmalta\u00e7\u00e3o em gel, oferecidos pelo FSS, em parceria com o Centro Municipal Profissionalizante (Cemup) e com o Cavalgando para o Futuro, e incentivou as fam\u00edlias a n\u00e3o terem medo de participarem das capacita\u00e7\u00f5es. \u201cQuando voc\u00ea chega l\u00e1, sem saber nada, vai ter algu\u00e9m para te acolher, orientar e te ensinar. A gente tem que vencer este medo e isso depende de cada um de voc\u00eas. Precisamos acreditar, porque a capacita\u00e7\u00e3o est\u00e1 sendo oferecida gratuitamente\u201d, explicou.<br \/>\nIngrid Barbosa Vieira, que atualmente faz o curso de gar\u00e7onete oferecido pela Carreta de Hospitalidade do Via R\u00e1pida Emprego, disse ter perdido, recentemente, uma oportunidade de trabalho como auxiliar de cozinha por medo de n\u00e3o conseguir se adaptar. \u201cHoje exigem muita experi\u00eancia e voc\u00ea tem que se capacitar primeiro\u201d, disse.<br \/>\nAo final da palestra, os participantes ainda desfrutaram de um caf\u00e9 da manh\u00e3 especialmente preparado pela equipe do Fundo Social de Solidariedade.<\/p>\n","protected":false},"excerpt":{"rendered":"<p>Evento abordou a import\u00e2ncia da sa\u00fade emocional e do trabalho<\/p>\n","protected":false},"author":2,"featured_media":87989,"comment_status":"open","ping_status":"open","sticky":false,"template":"","format":"standard","meta":{"footnotes":""},"categories":[14,25],"tags":[],"class_list":["post-87988","post","type-post","status-publish","format-standard","has-post-thumbnail","hentry","category-barretos","category-cidades"],"yoast_head":"<!-- This site is optimized with the Yoast SEO plugin v27.4 - https:\/\/yoast.com\/product\/yoast-seo-wordpress\/ -->\n<title>Palestra emociona fam\u00edlias assistidas pelo Fundo Social de Solidariedade - Regi\u00e3o News<\/title>\n<meta name=\"robots\" content=\"index, follow, max-snippet:-1, max-image-preview:large, max-video-preview:-1\" \/>\n<link rel=\"canonical\" href=\"https:\/\/regiaonews.net.br\/2022\/2023\/05\/11\/palestra-emociona-familias-assistidas-pelo-fundo-social-de-solidariedade\/\" \/>\n<meta property=\"og:locale\" content=\"pt_BR\" \/>\n<meta property=\"og:type\" content=\"article\" \/>\n<meta property=\"og:title\" content=\"Palestra emociona fam\u00edlias assistidas pelo Fundo Social de Solidariedade - Regi\u00e3o News\" \/>\n<meta property=\"og:description\" content=\"Evento abordou a import\u00e2ncia da sa\u00fade emocional e do trabalho\" \/>\n<meta property=\"og:url\" content=\"https:\/\/regiaonews.net.br\/2022\/2023\/05\/11\/palestra-emociona-familias-assistidas-pelo-fundo-social-de-solidariedade\/\" \/>\n<meta property=\"og:site_name\" content=\"Regi\u00e3o News\" \/>\n<meta property=\"article:published_time\" content=\"2023-05-11T22:22:53+00:00\" \/>\n<meta property=\"og:image\" content=\"https:\/\/regiaonews.net.br\/2022\/wp-content\/uploads\/2023\/05\/WhatsApp-Image-2023-05-11-at-18.15.07.jpeg\" \/>\n\t<meta property=\"og:image:width\" content=\"1592\" \/>\n\t<meta property=\"og:image:height\" content=\"1060\" \/>\n\t<meta property=\"og:image:type\" content=\"image\/jpeg\" \/>\n<meta name=\"author\" content=\"Roberto\" \/>\n<meta name=\"twitter:card\" content=\"summary_large_image\" \/>\n<meta name=\"twitter:label1\" content=\"Escrito por\" \/>\n\t<meta name=\"twitter:data1\" content=\"Roberto\" \/>\n\t<meta name=\"twitter:label2\" content=\"Est. tempo de leitura\" \/>\n\t<meta name=\"twitter:data2\" content=\"2 minutos\" \/>\n<script type=\"application\/ld+json\" class=\"yoast-schema-graph\">{\"@context\":\"https:\\\/\\\/schema.org\",\"@graph\":[{\"@type\":\"Article\",\"@id\":\"https:\\\/\\\/regiaonews.net.br\\\/2022\\\/2023\\\/05\\\/11\\\/palestra-emociona-familias-assistidas-pelo-fundo-social-de-solidariedade\\\/#article\",\"isPartOf\":{\"@id\":\"https:\\\/\\\/regiaonews.net.br\\\/2022\\\/2023\\\/05\\\/11\\\/palestra-emociona-familias-assistidas-pelo-fundo-social-de-solidariedade\\\/\"},\"author\":{\"name\":\"Roberto\",\"@id\":\"https:\\\/\\\/regiaonews.net.br\\\/2022\\\/#\\\/schema\\\/person\\\/2d205a608a5aa97ac279d7a5e6d89ad8\"},\"headline\":\"Palestra emociona fam\u00edlias assistidas pelo Fundo Social de Solidariedade\",\"datePublished\":\"2023-05-11T22:22:53+00:00\",\"mainEntityOfPage\":{\"@id\":\"https:\\\/\\\/regiaonews.net.br\\\/2022\\\/2023\\\/05\\\/11\\\/palestra-emociona-familias-assistidas-pelo-fundo-social-de-solidariedade\\\/\"},\"wordCount\":382,\"commentCount\":0,\"publisher\":{\"@id\":\"https:\\\/\\\/regiaonews.net.br\\\/2022\\\/#organization\"},\"image\":{\"@id\":\"https:\\\/\\\/regiaonews.net.br\\\/2022\\\/2023\\\/05\\\/11\\\/palestra-emociona-familias-assistidas-pelo-fundo-social-de-solidariedade\\\/#primaryimage\"},\"thumbnailUrl\":\"https:\\\/\\\/regiaonews.net.br\\\/2022\\\/wp-content\\\/uploads\\\/2023\\\/05\\\/WhatsApp-Image-2023-05-11-at-18.15.07.jpeg\",\"articleSection\":[\"Barretos\",\"Cidades\"],\"inLanguage\":\"pt-BR\",\"potentialAction\":[{\"@type\":\"CommentAction\",\"name\":\"Comment\",\"target\":[\"https:\\\/\\\/regiaonews.net.br\\\/2022\\\/2023\\\/05\\\/11\\\/palestra-emociona-familias-assistidas-pelo-fundo-social-de-solidariedade\\\/#respond\"]}]},{\"@type\":\"WebPage\",\"@id\":\"https:\\\/\\\/regiaonews.net.br\\\/2022\\\/2023\\\/05\\\/11\\\/palestra-emociona-familias-assistidas-pelo-fundo-social-de-solidariedade\\\/\",\"url\":\"https:\\\/\\\/regiaonews.net.br\\\/2022\\\/2023\\\/05\\\/11\\\/palestra-emociona-familias-assistidas-pelo-fundo-social-de-solidariedade\\\/\",\"name\":\"Palestra emociona fam\u00edlias assistidas pelo Fundo Social de Solidariedade - Regi\u00e3o News\",\"isPartOf\":{\"@id\":\"https:\\\/\\\/regiaonews.net.br\\\/2022\\\/#website\"},\"primaryImageOfPage\":{\"@id\":\"https:\\\/\\\/regiaonews.net.br\\\/2022\\\/2023\\\/05\\\/11\\\/palestra-emociona-familias-assistidas-pelo-fundo-social-de-solidariedade\\\/#primaryimage\"},\"image\":{\"@id\":\"https:\\\/\\\/regiaonews.net.br\\\/2022\\\/2023\\\/05\\\/11\\\/palestra-emociona-familias-assistidas-pelo-fundo-social-de-solidariedade\\\/#primaryimage\"},\"thumbnailUrl\":\"https:\\\/\\\/regiaonews.net.br\\\/2022\\\/wp-content\\\/uploads\\\/2023\\\/05\\\/WhatsApp-Image-2023-05-11-at-18.15.07.jpeg\",\"datePublished\":\"2023-05-11T22:22:53+00:00\",\"breadcrumb\":{\"@id\":\"https:\\\/\\\/regiaonews.net.br\\\/2022\\\/2023\\\/05\\\/11\\\/palestra-emociona-familias-assistidas-pelo-fundo-social-de-solidariedade\\\/#breadcrumb\"},\"inLanguage\":\"pt-BR\",\"potentialAction\":[{\"@type\":\"ReadAction\",\"target\":[\"https:\\\/\\\/regiaonews.net.br\\\/2022\\\/2023\\\/05\\\/11\\\/palestra-emociona-familias-assistidas-pelo-fundo-social-de-solidariedade\\\/\"]}]},{\"@type\":\"ImageObject\",\"inLanguage\":\"pt-BR\",\"@id\":\"https:\\\/\\\/regiaonews.net.br\\\/2022\\\/2023\\\/05\\\/11\\\/palestra-emociona-familias-assistidas-pelo-fundo-social-de-solidariedade\\\/#primaryimage\",\"url\":\"https:\\\/\\\/regiaonews.net.br\\\/2022\\\/wp-content\\\/uploads\\\/2023\\\/05\\\/WhatsApp-Image-2023-05-11-at-18.15.07.jpeg\",\"contentUrl\":\"https:\\\/\\\/regiaonews.net.br\\\/2022\\\/wp-content\\\/uploads\\\/2023\\\/05\\\/WhatsApp-Image-2023-05-11-at-18.15.07.jpeg\",\"width\":1592,\"height\":1060},{\"@type\":\"BreadcrumbList\",\"@id\":\"https:\\\/\\\/regiaonews.net.br\\\/2022\\\/2023\\\/05\\\/11\\\/palestra-emociona-familias-assistidas-pelo-fundo-social-de-solidariedade\\\/#breadcrumb\",\"itemListElement\":[{\"@type\":\"ListItem\",\"position\":1,\"name\":\"In\u00edcio\",\"item\":\"https:\\\/\\\/regiaonews.net.br\\\/2022\\\/\"},{\"@type\":\"ListItem\",\"position\":2,\"name\":\"Palestra emociona fam\u00edlias assistidas pelo Fundo Social de Solidariedade\"}]},{\"@type\":\"WebSite\",\"@id\":\"https:\\\/\\\/regiaonews.net.br\\\/2022\\\/#website\",\"url\":\"https:\\\/\\\/regiaonews.net.br\\\/2022\\\/\",\"name\":\"Regi\u00e3o News\",\"description\":\"Site de Not\u00edcias de Barretos e regi\u00e3o\",\"publisher\":{\"@id\":\"https:\\\/\\\/regiaonews.net.br\\\/2022\\\/#organization\"},\"potentialAction\":[{\"@type\":\"SearchAction\",\"target\":{\"@type\":\"EntryPoint\",\"urlTemplate\":\"https:\\\/\\\/regiaonews.net.br\\\/2022\\\/?s={search_term_string}\"},\"query-input\":{\"@type\":\"PropertyValueSpecification\",\"valueRequired\":true,\"valueName\":\"search_term_string\"}}],\"inLanguage\":\"pt-BR\"},{\"@type\":\"Organization\",\"@id\":\"https:\\\/\\\/regiaonews.net.br\\\/2022\\\/#organization\",\"name\":\"Regi\u00e3o News\",\"url\":\"https:\\\/\\\/regiaonews.net.br\\\/2022\\\/\",\"logo\":{\"@type\":\"ImageObject\",\"inLanguage\":\"pt-BR\",\"@id\":\"https:\\\/\\\/regiaonews.net.br\\\/2022\\\/#\\\/schema\\\/logo\\\/image\\\/\",\"url\":\"https:\\\/\\\/regiaonews.net.br\\\/2022\\\/wp-content\\\/uploads\\\/2026\\\/03\\\/regiao-13-anos-scaled.jpg\",\"contentUrl\":\"https:\\\/\\\/regiaonews.net.br\\\/2022\\\/wp-content\\\/uploads\\\/2026\\\/03\\\/regiao-13-anos-scaled.jpg\",\"width\":2560,\"height\":635,\"caption\":\"Regi\u00e3o News\"},\"image\":{\"@id\":\"https:\\\/\\\/regiaonews.net.br\\\/2022\\\/#\\\/schema\\\/logo\\\/image\\\/\"}},{\"@type\":\"Person\",\"@id\":\"https:\\\/\\\/regiaonews.net.br\\\/2022\\\/#\\\/schema\\\/person\\\/2d205a608a5aa97ac279d7a5e6d89ad8\",\"name\":\"Roberto\",\"image\":{\"@type\":\"ImageObject\",\"inLanguage\":\"pt-BR\",\"@id\":\"https:\\\/\\\/secure.gravatar.com\\\/avatar\\\/42749d8b712ff9d59ca93dc150494e5b55a44134482993f5baeb97e61b7ecc89?s=96&d=mm&r=g\",\"url\":\"https:\\\/\\\/secure.gravatar.com\\\/avatar\\\/42749d8b712ff9d59ca93dc150494e5b55a44134482993f5baeb97e61b7ecc89?s=96&d=mm&r=g\",\"contentUrl\":\"https:\\\/\\\/secure.gravatar.com\\\/avatar\\\/42749d8b712ff9d59ca93dc150494e5b55a44134482993f5baeb97e61b7ecc89?s=96&d=mm&r=g\",\"caption\":\"Roberto\"},\"url\":\"https:\\\/\\\/regiaonews.net.br\\\/2022\\\/author\\\/roberto\\\/\"}]}<\/script>\n<!-- \/ Yoast SEO plugin. -->","yoast_head_json":{"title":"Palestra emociona fam\u00edlias assistidas pelo Fundo Social de Solidariedade - Regi\u00e3o News","robots":{"index":"index","follow":"follow","max-snippet":"max-snippet:-1","max-image-preview":"max-image-preview:large","max-video-preview":"max-video-preview:-1"},"canonical":"https:\/\/regiaonews.net.br\/2022\/2023\/05\/11\/palestra-emociona-familias-assistidas-pelo-fundo-social-de-solidariedade\/","og_locale":"pt_BR","og_type":"article","og_title":"Palestra emociona fam\u00edlias assistidas pelo Fundo Social de Solidariedade - Regi\u00e3o News","og_description":"Evento abordou a import\u00e2ncia da sa\u00fade emocional e do trabalho","og_url":"https:\/\/regiaonews.net.br\/2022\/2023\/05\/11\/palestra-emociona-familias-assistidas-pelo-fundo-social-de-solidariedade\/","og_site_name":"Regi\u00e3o News","article_published_time":"2023-05-11T22:22:53+00:00","og_image":[{"width":1592,"height":1060,"url":"https:\/\/regiaonews.net.br\/2022\/wp-content\/uploads\/2023\/05\/WhatsApp-Image-2023-05-11-at-18.15.07.jpeg","type":"image\/jpeg"}],"author":"Roberto","twitter_card":"summary_large_image","twitter_misc":{"Escrito por":"Roberto","Est. tempo de leitura":"2 minutos"},"schema":{"@context":"https:\/\/schema.org","@graph":[{"@type":"Article","@id":"https:\/\/regiaonews.net.br\/2022\/2023\/05\/11\/palestra-emociona-familias-assistidas-pelo-fundo-social-de-solidariedade\/#article","isPartOf":{"@id":"https:\/\/regiaonews.net.br\/2022\/2023\/05\/11\/palestra-emociona-familias-assistidas-pelo-fundo-social-de-solidariedade\/"},"author":{"name":"Roberto","@id":"https:\/\/regiaonews.net.br\/2022\/#\/schema\/person\/2d205a608a5aa97ac279d7a5e6d89ad8"},"headline":"Palestra emociona fam\u00edlias assistidas pelo Fundo Social de Solidariedade","datePublished":"2023-05-11T22:22:53+00:00","mainEntityOfPage":{"@id":"https:\/\/regiaonews.net.br\/2022\/2023\/05\/11\/palestra-emociona-familias-assistidas-pelo-fundo-social-de-solidariedade\/"},"wordCount":382,"commentCount":0,"publisher":{"@id":"https:\/\/regiaonews.net.br\/2022\/#organization"},"image":{"@id":"https:\/\/regiaonews.net.br\/2022\/2023\/05\/11\/palestra-emociona-familias-assistidas-pelo-fundo-social-de-solidariedade\/#primaryimage"},"thumbnailUrl":"https:\/\/regiaonews.net.br\/2022\/wp-content\/uploads\/2023\/05\/WhatsApp-Image-2023-05-11-at-18.15.07.jpeg","articleSection":["Barretos","Cidades"],"inLanguage":"pt-BR","potentialAction":[{"@type":"CommentAction","name":"Comment","target":["https:\/\/regiaonews.net.br\/2022\/2023\/05\/11\/palestra-emociona-familias-assistidas-pelo-fundo-social-de-solidariedade\/#respond"]}]},{"@type":"WebPage","@id":"https:\/\/regiaonews.net.br\/2022\/2023\/05\/11\/palestra-emociona-familias-assistidas-pelo-fundo-social-de-solidariedade\/","url":"https:\/\/regiaonews.net.br\/2022\/2023\/05\/11\/palestra-emociona-familias-assistidas-pelo-fundo-social-de-solidariedade\/","name":"Palestra emociona fam\u00edlias assistidas pelo Fundo Social de Solidariedade - Regi\u00e3o News","isPartOf":{"@id":"https:\/\/regiaonews.net.br\/2022\/#website"},"primaryImageOfPage":{"@id":"https:\/\/regiaonews.net.br\/2022\/2023\/05\/11\/palestra-emociona-familias-assistidas-pelo-fundo-social-de-solidariedade\/#primaryimage"},"image":{"@id":"https:\/\/regiaonews.net.br\/2022\/2023\/05\/11\/palestra-emociona-familias-assistidas-pelo-fundo-social-de-solidariedade\/#primaryimage"},"thumbnailUrl":"https:\/\/regiaonews.net.br\/2022\/wp-content\/uploads\/2023\/05\/WhatsApp-Image-2023-05-11-at-18.15.07.jpeg","datePublished":"2023-05-11T22:22:53+00:00","breadcrumb":{"@id":"https:\/\/regiaonews.net.br\/2022\/2023\/05\/11\/palestra-emociona-familias-assistidas-pelo-fundo-social-de-solidariedade\/#breadcrumb"},"inLanguage":"pt-BR","potentialAction":[{"@type":"ReadAction","target":["https:\/\/regiaonews.net.br\/2022\/2023\/05\/11\/palestra-emociona-familias-assistidas-pelo-fundo-social-de-solidariedade\/"]}]},{"@type":"ImageObject","inLanguage":"pt-BR","@id":"https:\/\/regiaonews.net.br\/2022\/2023\/05\/11\/palestra-emociona-familias-assistidas-pelo-fundo-social-de-solidariedade\/#primaryimage","url":"https:\/\/regiaonews.net.br\/2022\/wp-content\/uploads\/2023\/05\/WhatsApp-Image-2023-05-11-at-18.15.07.jpeg","contentUrl":"https:\/\/regiaonews.net.br\/2022\/wp-content\/uploads\/2023\/05\/WhatsApp-Image-2023-05-11-at-18.15.07.jpeg","width":1592,"height":1060},{"@type":"BreadcrumbList","@id":"https:\/\/regiaonews.net.br\/2022\/2023\/05\/11\/palestra-emociona-familias-assistidas-pelo-fundo-social-de-solidariedade\/#breadcrumb","itemListElement":[{"@type":"ListItem","position":1,"name":"In\u00edcio","item":"https:\/\/regiaonews.net.br\/2022\/"},{"@type":"ListItem","position":2,"name":"Palestra emociona fam\u00edlias assistidas pelo Fundo Social de Solidariedade"}]},{"@type":"WebSite","@id":"https:\/\/regiaonews.net.br\/2022\/#website","url":"https:\/\/regiaonews.net.br\/2022\/","name":"Regi\u00e3o News","description":"Site de Not\u00edcias de Barretos e regi\u00e3o","publisher":{"@id":"https:\/\/regiaonews.net.br\/2022\/#organization"},"potentialAction":[{"@type":"SearchAction","target":{"@type":"EntryPoint","urlTemplate":"https:\/\/regiaonews.net.br\/2022\/?s={search_term_string}"},"query-input":{"@type":"PropertyValueSpecification","valueRequired":true,"valueName":"search_term_string"}}],"inLanguage":"pt-BR"},{"@type":"Organization","@id":"https:\/\/regiaonews.net.br\/2022\/#organization","name":"Regi\u00e3o News","url":"https:\/\/regiaonews.net.br\/2022\/","logo":{"@type":"ImageObject","inLanguage":"pt-BR","@id":"https:\/\/regiaonews.net.br\/2022\/#\/schema\/logo\/image\/","url":"https:\/\/regiaonews.net.br\/2022\/wp-content\/uploads\/2026\/03\/regiao-13-anos-scaled.jpg","contentUrl":"https:\/\/regiaonews.net.br\/2022\/wp-content\/uploads\/2026\/03\/regiao-13-anos-scaled.jpg","width":2560,"height":635,"caption":"Regi\u00e3o News"},"image":{"@id":"https:\/\/regiaonews.net.br\/2022\/#\/schema\/logo\/image\/"}},{"@type":"Person","@id":"https:\/\/regiaonews.net.br\/2022\/#\/schema\/person\/2d205a608a5aa97ac279d7a5e6d89ad8","name":"Roberto","image":{"@type":"ImageObject","inLanguage":"pt-BR","@id":"https:\/\/secure.gravatar.com\/avatar\/42749d8b712ff9d59ca93dc150494e5b55a44134482993f5baeb97e61b7ecc89?s=96&d=mm&r=g","url":"https:\/\/secure.gravatar.com\/avatar\/42749d8b712ff9d59ca93dc150494e5b55a44134482993f5baeb97e61b7ecc89?s=96&d=mm&r=g","contentUrl":"https:\/\/secure.gravatar.com\/avatar\/42749d8b712ff9d59ca93dc150494e5b55a44134482993f5baeb97e61b7ecc89?s=96&d=mm&r=g","caption":"Roberto"},"url":"https:\/\/regiaonews.net.br\/2022\/author\/roberto\/"}]}},"publishpress_future_action":{"enabled":false,"date":"2026-05-03 21:36:27","action":"change-status","newStatus":"draft","terms":[],"taxonomy":"category","extraData":[]},"publishpress_future_workflow_manual_trigger":{"enabledWorkflows":[]},"_links":{"self":[{"href":"https:\/\/regiaonews.net.br\/2022\/wp-json\/wp\/v2\/posts\/87988","targetHints":{"allow":["GET"]}}],"collection":[{"href":"https:\/\/regiaonews.net.br\/2022\/wp-json\/wp\/v2\/posts"}],"about":[{"href":"https:\/\/regiaonews.net.br\/2022\/wp-json\/wp\/v2\/types\/post"}],"author":[{"embeddable":true,"href":"https:\/\/regiaonews.net.br\/2022\/wp-json\/wp\/v2\/users\/2"}],"replies":[{"embeddable":true,"href":"https:\/\/regiaonews.net.br\/2022\/wp-json\/wp\/v2\/comments?post=87988"}],"version-history":[{"count":1,"href":"https:\/\/regiaonews.net.br\/2022\/wp-json\/wp\/v2\/posts\/87988\/revisions"}],"predecessor-version":[{"id":87990,"href":"https:\/\/regiaonews.net.br\/2022\/wp-json\/wp\/v2\/posts\/87988\/revisions\/87990"}],"wp:featuredmedia":[{"embeddable":true,"href":"https:\/\/regiaonews.net.br\/2022\/wp-json\/wp\/v2\/media\/87989"}],"wp:attachment":[{"href":"https:\/\/regiaonews.net.br\/2022\/wp-json\/wp\/v2\/media?parent=87988"}],"wp:term":[{"taxonomy":"category","embeddable":true,"href":"https:\/\/regiaonews.net.br\/2022\/wp-json\/wp\/v2\/categories?post=87988"},{"taxonomy":"post_tag","embeddable":true,"href":"https:\/\/regiaonews.net.br\/2022\/wp-json\/wp\/v2\/tags?post=87988"}],"curies":[{"name":"wp","href":"https:\/\/api.w.org\/{rel}","templated":true}]}}