{"id":87954,"date":"2023-05-10T22:51:46","date_gmt":"2023-05-11T01:51:46","guid":{"rendered":"https:\/\/regiaonews.net.br\/2022\/?p=87954"},"modified":"2023-05-10T22:51:46","modified_gmt":"2023-05-11T01:51:46","slug":"zona-azul-tera-carro-monitorando-veiculos-estacionados-nas-1-300-vagas-disponiveis","status":"publish","type":"post","link":"https:\/\/regiaonews.net.br\/2022\/2023\/05\/10\/zona-azul-tera-carro-monitorando-veiculos-estacionados-nas-1-300-vagas-disponiveis\/","title":{"rendered":"Zona Azul ter\u00e1 carro monitorando ve\u00edculos estacionados nas 1.300 vagas dispon\u00edveis"},"content":{"rendered":"<p>Foto \u2013 Marlon Valezzi e Luiz de Matos junto com o ve\u00edculo que estar\u00e1 operan<br \/>\nFoto \u2013 Tininho J\u00fanior<\/p>\n<p>Ainda em car\u00e1cter experimental, o secret\u00e1rio de Ordem P\u00fablica, Luiz de Matos, juntamente com o gerente operacional da empresa Serttel, Marlon Valezzi, acompanhado de agentes de tr\u00e2nsito e equipe da Ronda Municipal, apresentaram o ve\u00edculo que ser\u00e1 utilizado no monitoramento do servi\u00e7o de Zona Azul, em Barretos. De acordo com respons\u00e1vel pela empresa, o ve\u00edculo estar\u00e1 circulando pela \u00e1rea de estacionamento, tendo no interior um funcion\u00e1rio da empresa e um agente de tr\u00e2nsito que estar\u00e3o verificando os ve\u00edculos que est\u00e3o estacionados de forma regular ou n\u00e3o na \u00e1rea de 1.350 vagas existentes, al\u00e9m das vagas para idosos, deficientes e motos. Para estacionar, o usu\u00e1rio ter\u00e1 que baixar o aplicativo \u201cZona Azul Barretos\u201d na loja de aplicativo do celular e habilitar o ve\u00edculo no local de estacionamento. \u201cO usu\u00e1rio ir\u00e1 pagar R$ 2,46 por 1 hora de estacionamento e ter\u00e1 toler\u00e2ncia de 15 minutos para regularizar a sua situa\u00e7\u00e3o na vaga na \u00e1rea de estacionamento rotativo, que deixa agora de ter numera\u00e7\u00e3o espec\u00edfica como ocorria anteriormente\u201d, explicou Marlon Valezzi. O representante da empresa, disse que o aplicativo mostra os locais com vagas de estacionamento dispon\u00edvel e os pontos de vendas cadastrados, al\u00e9m de enviar mensagem para que o usu\u00e1rio regularize a vaga de estacionamento.<br \/>\nSegundo o secret\u00e1rio de Ordem P\u00fablica, Luiz de Matos, os usu\u00e1rios que passarem do tempo de estacionamento sem habilitar a vaga do ve\u00edculo, ter\u00e3o o prazo de 48 horas para regularizar o estacionamento, pagando a taxa de R$19,50 pelo aplicativo, nos mais de 30 pontos de vendas j\u00e1 cadastrados na cidade na \u00e1rea central e regi\u00e3o da Santa Casa.<br \/>\nAtualmente, seis orientadoras est\u00e3o atuando na \u00e1rea central para orientar os motoristas.<\/p>\n<p>&nbsp;<\/p>\n","protected":false},"excerpt":{"rendered":"<p>Foto \u2013 Marlon Valezzi e Luiz de Matos junto com<\/p>\n","protected":false},"author":2,"featured_media":87955,"comment_status":"open","ping_status":"open","sticky":false,"template":"","format":"standard","meta":{"footnotes":""},"categories":[14,111],"tags":[],"class_list":["post-87954","post","type-post","status-publish","format-standard","has-post-thumbnail","hentry","category-barretos","category-cotidiano"],"yoast_head":"<!-- This site is optimized with the Yoast SEO plugin v27.4 - https:\/\/yoast.com\/product\/yoast-seo-wordpress\/ -->\n<title>Zona Azul ter\u00e1 carro monitorando ve\u00edculos estacionados nas 1.300 vagas dispon\u00edveis - Regi\u00e3o News<\/title>\n<meta name=\"robots\" content=\"index, follow, max-snippet:-1, max-image-preview:large, max-video-preview:-1\" \/>\n<link rel=\"canonical\" href=\"https:\/\/regiaonews.net.br\/2022\/2023\/05\/10\/zona-azul-tera-carro-monitorando-veiculos-estacionados-nas-1-300-vagas-disponiveis\/\" \/>\n<meta property=\"og:locale\" content=\"pt_BR\" \/>\n<meta property=\"og:type\" content=\"article\" \/>\n<meta property=\"og:title\" content=\"Zona Azul ter\u00e1 carro monitorando ve\u00edculos estacionados nas 1.300 vagas dispon\u00edveis - Regi\u00e3o News\" \/>\n<meta property=\"og:description\" content=\"Foto \u2013 Marlon Valezzi e Luiz de Matos junto com\" \/>\n<meta property=\"og:url\" content=\"https:\/\/regiaonews.net.br\/2022\/2023\/05\/10\/zona-azul-tera-carro-monitorando-veiculos-estacionados-nas-1-300-vagas-disponiveis\/\" \/>\n<meta property=\"og:site_name\" content=\"Regi\u00e3o News\" \/>\n<meta property=\"article:published_time\" content=\"2023-05-11T01:51:46+00:00\" \/>\n<meta property=\"og:image\" content=\"https:\/\/regiaonews.net.br\/2022\/wp-content\/uploads\/2023\/05\/IMG-20230510-WA0492.jpg\" \/>\n\t<meta property=\"og:image:width\" content=\"1600\" \/>\n\t<meta property=\"og:image:height\" content=\"1069\" \/>\n\t<meta property=\"og:image:type\" content=\"image\/jpeg\" \/>\n<meta name=\"author\" content=\"Roberto\" \/>\n<meta name=\"twitter:card\" content=\"summary_large_image\" \/>\n<meta name=\"twitter:label1\" content=\"Escrito por\" \/>\n\t<meta name=\"twitter:data1\" content=\"Roberto\" \/>\n\t<meta name=\"twitter:label2\" content=\"Est. tempo de leitura\" \/>\n\t<meta name=\"twitter:data2\" content=\"2 minutos\" \/>\n<script type=\"application\/ld+json\" class=\"yoast-schema-graph\">{\"@context\":\"https:\\\/\\\/schema.org\",\"@graph\":[{\"@type\":\"Article\",\"@id\":\"https:\\\/\\\/regiaonews.net.br\\\/2022\\\/2023\\\/05\\\/10\\\/zona-azul-tera-carro-monitorando-veiculos-estacionados-nas-1-300-vagas-disponiveis\\\/#article\",\"isPartOf\":{\"@id\":\"https:\\\/\\\/regiaonews.net.br\\\/2022\\\/2023\\\/05\\\/10\\\/zona-azul-tera-carro-monitorando-veiculos-estacionados-nas-1-300-vagas-disponiveis\\\/\"},\"author\":{\"name\":\"Roberto\",\"@id\":\"https:\\\/\\\/regiaonews.net.br\\\/2022\\\/#\\\/schema\\\/person\\\/2d205a608a5aa97ac279d7a5e6d89ad8\"},\"headline\":\"Zona Azul ter\u00e1 carro monitorando ve\u00edculos estacionados nas 1.300 vagas dispon\u00edveis\",\"datePublished\":\"2023-05-11T01:51:46+00:00\",\"mainEntityOfPage\":{\"@id\":\"https:\\\/\\\/regiaonews.net.br\\\/2022\\\/2023\\\/05\\\/10\\\/zona-azul-tera-carro-monitorando-veiculos-estacionados-nas-1-300-vagas-disponiveis\\\/\"},\"wordCount\":332,\"commentCount\":0,\"publisher\":{\"@id\":\"https:\\\/\\\/regiaonews.net.br\\\/2022\\\/#organization\"},\"image\":{\"@id\":\"https:\\\/\\\/regiaonews.net.br\\\/2022\\\/2023\\\/05\\\/10\\\/zona-azul-tera-carro-monitorando-veiculos-estacionados-nas-1-300-vagas-disponiveis\\\/#primaryimage\"},\"thumbnailUrl\":\"https:\\\/\\\/regiaonews.net.br\\\/2022\\\/wp-content\\\/uploads\\\/2023\\\/05\\\/IMG-20230510-WA0492.jpg\",\"articleSection\":[\"Barretos\",\"Cotidiano\"],\"inLanguage\":\"pt-BR\",\"potentialAction\":[{\"@type\":\"CommentAction\",\"name\":\"Comment\",\"target\":[\"https:\\\/\\\/regiaonews.net.br\\\/2022\\\/2023\\\/05\\\/10\\\/zona-azul-tera-carro-monitorando-veiculos-estacionados-nas-1-300-vagas-disponiveis\\\/#respond\"]}]},{\"@type\":\"WebPage\",\"@id\":\"https:\\\/\\\/regiaonews.net.br\\\/2022\\\/2023\\\/05\\\/10\\\/zona-azul-tera-carro-monitorando-veiculos-estacionados-nas-1-300-vagas-disponiveis\\\/\",\"url\":\"https:\\\/\\\/regiaonews.net.br\\\/2022\\\/2023\\\/05\\\/10\\\/zona-azul-tera-carro-monitorando-veiculos-estacionados-nas-1-300-vagas-disponiveis\\\/\",\"name\":\"Zona Azul ter\u00e1 carro monitorando ve\u00edculos estacionados nas 1.300 vagas dispon\u00edveis - Regi\u00e3o News\",\"isPartOf\":{\"@id\":\"https:\\\/\\\/regiaonews.net.br\\\/2022\\\/#website\"},\"primaryImageOfPage\":{\"@id\":\"https:\\\/\\\/regiaonews.net.br\\\/2022\\\/2023\\\/05\\\/10\\\/zona-azul-tera-carro-monitorando-veiculos-estacionados-nas-1-300-vagas-disponiveis\\\/#primaryimage\"},\"image\":{\"@id\":\"https:\\\/\\\/regiaonews.net.br\\\/2022\\\/2023\\\/05\\\/10\\\/zona-azul-tera-carro-monitorando-veiculos-estacionados-nas-1-300-vagas-disponiveis\\\/#primaryimage\"},\"thumbnailUrl\":\"https:\\\/\\\/regiaonews.net.br\\\/2022\\\/wp-content\\\/uploads\\\/2023\\\/05\\\/IMG-20230510-WA0492.jpg\",\"datePublished\":\"2023-05-11T01:51:46+00:00\",\"breadcrumb\":{\"@id\":\"https:\\\/\\\/regiaonews.net.br\\\/2022\\\/2023\\\/05\\\/10\\\/zona-azul-tera-carro-monitorando-veiculos-estacionados-nas-1-300-vagas-disponiveis\\\/#breadcrumb\"},\"inLanguage\":\"pt-BR\",\"potentialAction\":[{\"@type\":\"ReadAction\",\"target\":[\"https:\\\/\\\/regiaonews.net.br\\\/2022\\\/2023\\\/05\\\/10\\\/zona-azul-tera-carro-monitorando-veiculos-estacionados-nas-1-300-vagas-disponiveis\\\/\"]}]},{\"@type\":\"ImageObject\",\"inLanguage\":\"pt-BR\",\"@id\":\"https:\\\/\\\/regiaonews.net.br\\\/2022\\\/2023\\\/05\\\/10\\\/zona-azul-tera-carro-monitorando-veiculos-estacionados-nas-1-300-vagas-disponiveis\\\/#primaryimage\",\"url\":\"https:\\\/\\\/regiaonews.net.br\\\/2022\\\/wp-content\\\/uploads\\\/2023\\\/05\\\/IMG-20230510-WA0492.jpg\",\"contentUrl\":\"https:\\\/\\\/regiaonews.net.br\\\/2022\\\/wp-content\\\/uploads\\\/2023\\\/05\\\/IMG-20230510-WA0492.jpg\",\"width\":1600,\"height\":1069},{\"@type\":\"BreadcrumbList\",\"@id\":\"https:\\\/\\\/regiaonews.net.br\\\/2022\\\/2023\\\/05\\\/10\\\/zona-azul-tera-carro-monitorando-veiculos-estacionados-nas-1-300-vagas-disponiveis\\\/#breadcrumb\",\"itemListElement\":[{\"@type\":\"ListItem\",\"position\":1,\"name\":\"In\u00edcio\",\"item\":\"https:\\\/\\\/regiaonews.net.br\\\/2022\\\/\"},{\"@type\":\"ListItem\",\"position\":2,\"name\":\"Zona Azul ter\u00e1 carro monitorando ve\u00edculos estacionados nas 1.300 vagas dispon\u00edveis\"}]},{\"@type\":\"WebSite\",\"@id\":\"https:\\\/\\\/regiaonews.net.br\\\/2022\\\/#website\",\"url\":\"https:\\\/\\\/regiaonews.net.br\\\/2022\\\/\",\"name\":\"Regi\u00e3o News\",\"description\":\"Site de Not\u00edcias de Barretos e regi\u00e3o\",\"publisher\":{\"@id\":\"https:\\\/\\\/regiaonews.net.br\\\/2022\\\/#organization\"},\"potentialAction\":[{\"@type\":\"SearchAction\",\"target\":{\"@type\":\"EntryPoint\",\"urlTemplate\":\"https:\\\/\\\/regiaonews.net.br\\\/2022\\\/?s={search_term_string}\"},\"query-input\":{\"@type\":\"PropertyValueSpecification\",\"valueRequired\":true,\"valueName\":\"search_term_string\"}}],\"inLanguage\":\"pt-BR\"},{\"@type\":\"Organization\",\"@id\":\"https:\\\/\\\/regiaonews.net.br\\\/2022\\\/#organization\",\"name\":\"Regi\u00e3o News\",\"url\":\"https:\\\/\\\/regiaonews.net.br\\\/2022\\\/\",\"logo\":{\"@type\":\"ImageObject\",\"inLanguage\":\"pt-BR\",\"@id\":\"https:\\\/\\\/regiaonews.net.br\\\/2022\\\/#\\\/schema\\\/logo\\\/image\\\/\",\"url\":\"https:\\\/\\\/regiaonews.net.br\\\/2022\\\/wp-content\\\/uploads\\\/2026\\\/03\\\/regiao-13-anos-scaled.jpg\",\"contentUrl\":\"https:\\\/\\\/regiaonews.net.br\\\/2022\\\/wp-content\\\/uploads\\\/2026\\\/03\\\/regiao-13-anos-scaled.jpg\",\"width\":2560,\"height\":635,\"caption\":\"Regi\u00e3o News\"},\"image\":{\"@id\":\"https:\\\/\\\/regiaonews.net.br\\\/2022\\\/#\\\/schema\\\/logo\\\/image\\\/\"}},{\"@type\":\"Person\",\"@id\":\"https:\\\/\\\/regiaonews.net.br\\\/2022\\\/#\\\/schema\\\/person\\\/2d205a608a5aa97ac279d7a5e6d89ad8\",\"name\":\"Roberto\",\"image\":{\"@type\":\"ImageObject\",\"inLanguage\":\"pt-BR\",\"@id\":\"https:\\\/\\\/secure.gravatar.com\\\/avatar\\\/42749d8b712ff9d59ca93dc150494e5b55a44134482993f5baeb97e61b7ecc89?s=96&d=mm&r=g\",\"url\":\"https:\\\/\\\/secure.gravatar.com\\\/avatar\\\/42749d8b712ff9d59ca93dc150494e5b55a44134482993f5baeb97e61b7ecc89?s=96&d=mm&r=g\",\"contentUrl\":\"https:\\\/\\\/secure.gravatar.com\\\/avatar\\\/42749d8b712ff9d59ca93dc150494e5b55a44134482993f5baeb97e61b7ecc89?s=96&d=mm&r=g\",\"caption\":\"Roberto\"},\"url\":\"https:\\\/\\\/regiaonews.net.br\\\/2022\\\/author\\\/roberto\\\/\"}]}<\/script>\n<!-- \/ Yoast SEO plugin. -->","yoast_head_json":{"title":"Zona Azul ter\u00e1 carro monitorando ve\u00edculos estacionados nas 1.300 vagas dispon\u00edveis - Regi\u00e3o News","robots":{"index":"index","follow":"follow","max-snippet":"max-snippet:-1","max-image-preview":"max-image-preview:large","max-video-preview":"max-video-preview:-1"},"canonical":"https:\/\/regiaonews.net.br\/2022\/2023\/05\/10\/zona-azul-tera-carro-monitorando-veiculos-estacionados-nas-1-300-vagas-disponiveis\/","og_locale":"pt_BR","og_type":"article","og_title":"Zona Azul ter\u00e1 carro monitorando ve\u00edculos estacionados nas 1.300 vagas dispon\u00edveis - Regi\u00e3o News","og_description":"Foto \u2013 Marlon Valezzi e Luiz de Matos junto com","og_url":"https:\/\/regiaonews.net.br\/2022\/2023\/05\/10\/zona-azul-tera-carro-monitorando-veiculos-estacionados-nas-1-300-vagas-disponiveis\/","og_site_name":"Regi\u00e3o News","article_published_time":"2023-05-11T01:51:46+00:00","og_image":[{"width":1600,"height":1069,"url":"https:\/\/regiaonews.net.br\/2022\/wp-content\/uploads\/2023\/05\/IMG-20230510-WA0492.jpg","type":"image\/jpeg"}],"author":"Roberto","twitter_card":"summary_large_image","twitter_misc":{"Escrito por":"Roberto","Est. tempo de leitura":"2 minutos"},"schema":{"@context":"https:\/\/schema.org","@graph":[{"@type":"Article","@id":"https:\/\/regiaonews.net.br\/2022\/2023\/05\/10\/zona-azul-tera-carro-monitorando-veiculos-estacionados-nas-1-300-vagas-disponiveis\/#article","isPartOf":{"@id":"https:\/\/regiaonews.net.br\/2022\/2023\/05\/10\/zona-azul-tera-carro-monitorando-veiculos-estacionados-nas-1-300-vagas-disponiveis\/"},"author":{"name":"Roberto","@id":"https:\/\/regiaonews.net.br\/2022\/#\/schema\/person\/2d205a608a5aa97ac279d7a5e6d89ad8"},"headline":"Zona Azul ter\u00e1 carro monitorando ve\u00edculos estacionados nas 1.300 vagas dispon\u00edveis","datePublished":"2023-05-11T01:51:46+00:00","mainEntityOfPage":{"@id":"https:\/\/regiaonews.net.br\/2022\/2023\/05\/10\/zona-azul-tera-carro-monitorando-veiculos-estacionados-nas-1-300-vagas-disponiveis\/"},"wordCount":332,"commentCount":0,"publisher":{"@id":"https:\/\/regiaonews.net.br\/2022\/#organization"},"image":{"@id":"https:\/\/regiaonews.net.br\/2022\/2023\/05\/10\/zona-azul-tera-carro-monitorando-veiculos-estacionados-nas-1-300-vagas-disponiveis\/#primaryimage"},"thumbnailUrl":"https:\/\/regiaonews.net.br\/2022\/wp-content\/uploads\/2023\/05\/IMG-20230510-WA0492.jpg","articleSection":["Barretos","Cotidiano"],"inLanguage":"pt-BR","potentialAction":[{"@type":"CommentAction","name":"Comment","target":["https:\/\/regiaonews.net.br\/2022\/2023\/05\/10\/zona-azul-tera-carro-monitorando-veiculos-estacionados-nas-1-300-vagas-disponiveis\/#respond"]}]},{"@type":"WebPage","@id":"https:\/\/regiaonews.net.br\/2022\/2023\/05\/10\/zona-azul-tera-carro-monitorando-veiculos-estacionados-nas-1-300-vagas-disponiveis\/","url":"https:\/\/regiaonews.net.br\/2022\/2023\/05\/10\/zona-azul-tera-carro-monitorando-veiculos-estacionados-nas-1-300-vagas-disponiveis\/","name":"Zona Azul ter\u00e1 carro monitorando ve\u00edculos estacionados nas 1.300 vagas dispon\u00edveis - Regi\u00e3o News","isPartOf":{"@id":"https:\/\/regiaonews.net.br\/2022\/#website"},"primaryImageOfPage":{"@id":"https:\/\/regiaonews.net.br\/2022\/2023\/05\/10\/zona-azul-tera-carro-monitorando-veiculos-estacionados-nas-1-300-vagas-disponiveis\/#primaryimage"},"image":{"@id":"https:\/\/regiaonews.net.br\/2022\/2023\/05\/10\/zona-azul-tera-carro-monitorando-veiculos-estacionados-nas-1-300-vagas-disponiveis\/#primaryimage"},"thumbnailUrl":"https:\/\/regiaonews.net.br\/2022\/wp-content\/uploads\/2023\/05\/IMG-20230510-WA0492.jpg","datePublished":"2023-05-11T01:51:46+00:00","breadcrumb":{"@id":"https:\/\/regiaonews.net.br\/2022\/2023\/05\/10\/zona-azul-tera-carro-monitorando-veiculos-estacionados-nas-1-300-vagas-disponiveis\/#breadcrumb"},"inLanguage":"pt-BR","potentialAction":[{"@type":"ReadAction","target":["https:\/\/regiaonews.net.br\/2022\/2023\/05\/10\/zona-azul-tera-carro-monitorando-veiculos-estacionados-nas-1-300-vagas-disponiveis\/"]}]},{"@type":"ImageObject","inLanguage":"pt-BR","@id":"https:\/\/regiaonews.net.br\/2022\/2023\/05\/10\/zona-azul-tera-carro-monitorando-veiculos-estacionados-nas-1-300-vagas-disponiveis\/#primaryimage","url":"https:\/\/regiaonews.net.br\/2022\/wp-content\/uploads\/2023\/05\/IMG-20230510-WA0492.jpg","contentUrl":"https:\/\/regiaonews.net.br\/2022\/wp-content\/uploads\/2023\/05\/IMG-20230510-WA0492.jpg","width":1600,"height":1069},{"@type":"BreadcrumbList","@id":"https:\/\/regiaonews.net.br\/2022\/2023\/05\/10\/zona-azul-tera-carro-monitorando-veiculos-estacionados-nas-1-300-vagas-disponiveis\/#breadcrumb","itemListElement":[{"@type":"ListItem","position":1,"name":"In\u00edcio","item":"https:\/\/regiaonews.net.br\/2022\/"},{"@type":"ListItem","position":2,"name":"Zona Azul ter\u00e1 carro monitorando ve\u00edculos estacionados nas 1.300 vagas dispon\u00edveis"}]},{"@type":"WebSite","@id":"https:\/\/regiaonews.net.br\/2022\/#website","url":"https:\/\/regiaonews.net.br\/2022\/","name":"Regi\u00e3o News","description":"Site de Not\u00edcias de Barretos e regi\u00e3o","publisher":{"@id":"https:\/\/regiaonews.net.br\/2022\/#organization"},"potentialAction":[{"@type":"SearchAction","target":{"@type":"EntryPoint","urlTemplate":"https:\/\/regiaonews.net.br\/2022\/?s={search_term_string}"},"query-input":{"@type":"PropertyValueSpecification","valueRequired":true,"valueName":"search_term_string"}}],"inLanguage":"pt-BR"},{"@type":"Organization","@id":"https:\/\/regiaonews.net.br\/2022\/#organization","name":"Regi\u00e3o News","url":"https:\/\/regiaonews.net.br\/2022\/","logo":{"@type":"ImageObject","inLanguage":"pt-BR","@id":"https:\/\/regiaonews.net.br\/2022\/#\/schema\/logo\/image\/","url":"https:\/\/regiaonews.net.br\/2022\/wp-content\/uploads\/2026\/03\/regiao-13-anos-scaled.jpg","contentUrl":"https:\/\/regiaonews.net.br\/2022\/wp-content\/uploads\/2026\/03\/regiao-13-anos-scaled.jpg","width":2560,"height":635,"caption":"Regi\u00e3o News"},"image":{"@id":"https:\/\/regiaonews.net.br\/2022\/#\/schema\/logo\/image\/"}},{"@type":"Person","@id":"https:\/\/regiaonews.net.br\/2022\/#\/schema\/person\/2d205a608a5aa97ac279d7a5e6d89ad8","name":"Roberto","image":{"@type":"ImageObject","inLanguage":"pt-BR","@id":"https:\/\/secure.gravatar.com\/avatar\/42749d8b712ff9d59ca93dc150494e5b55a44134482993f5baeb97e61b7ecc89?s=96&d=mm&r=g","url":"https:\/\/secure.gravatar.com\/avatar\/42749d8b712ff9d59ca93dc150494e5b55a44134482993f5baeb97e61b7ecc89?s=96&d=mm&r=g","contentUrl":"https:\/\/secure.gravatar.com\/avatar\/42749d8b712ff9d59ca93dc150494e5b55a44134482993f5baeb97e61b7ecc89?s=96&d=mm&r=g","caption":"Roberto"},"url":"https:\/\/regiaonews.net.br\/2022\/author\/roberto\/"}]}},"publishpress_future_action":{"enabled":false,"date":"2026-05-03 09:33:27","action":"change-status","newStatus":"draft","terms":[],"taxonomy":"category","extraData":[]},"publishpress_future_workflow_manual_trigger":{"enabledWorkflows":[]},"_links":{"self":[{"href":"https:\/\/regiaonews.net.br\/2022\/wp-json\/wp\/v2\/posts\/87954","targetHints":{"allow":["GET"]}}],"collection":[{"href":"https:\/\/regiaonews.net.br\/2022\/wp-json\/wp\/v2\/posts"}],"about":[{"href":"https:\/\/regiaonews.net.br\/2022\/wp-json\/wp\/v2\/types\/post"}],"author":[{"embeddable":true,"href":"https:\/\/regiaonews.net.br\/2022\/wp-json\/wp\/v2\/users\/2"}],"replies":[{"embeddable":true,"href":"https:\/\/regiaonews.net.br\/2022\/wp-json\/wp\/v2\/comments?post=87954"}],"version-history":[{"count":1,"href":"https:\/\/regiaonews.net.br\/2022\/wp-json\/wp\/v2\/posts\/87954\/revisions"}],"predecessor-version":[{"id":87956,"href":"https:\/\/regiaonews.net.br\/2022\/wp-json\/wp\/v2\/posts\/87954\/revisions\/87956"}],"wp:featuredmedia":[{"embeddable":true,"href":"https:\/\/regiaonews.net.br\/2022\/wp-json\/wp\/v2\/media\/87955"}],"wp:attachment":[{"href":"https:\/\/regiaonews.net.br\/2022\/wp-json\/wp\/v2\/media?parent=87954"}],"wp:term":[{"taxonomy":"category","embeddable":true,"href":"https:\/\/regiaonews.net.br\/2022\/wp-json\/wp\/v2\/categories?post=87954"},{"taxonomy":"post_tag","embeddable":true,"href":"https:\/\/regiaonews.net.br\/2022\/wp-json\/wp\/v2\/tags?post=87954"}],"curies":[{"name":"wp","href":"https:\/\/api.w.org\/{rel}","templated":true}]}}