{"id":87934,"date":"2023-05-10T18:24:24","date_gmt":"2023-05-10T21:24:24","guid":{"rendered":"https:\/\/regiaonews.net.br\/2022\/?p=87934"},"modified":"2023-05-10T18:24:24","modified_gmt":"2023-05-10T21:24:24","slug":"campeonato-paulista-de-ciclismo-contrarrelogio-individual-e-estrada-sera-em-barretos","status":"publish","type":"post","link":"https:\/\/regiaonews.net.br\/2022\/2023\/05\/10\/campeonato-paulista-de-ciclismo-contrarrelogio-individual-e-estrada-sera-em-barretos\/","title":{"rendered":"Campeonato Paulista de Ciclismo Contrarrel\u00f3gio Individual e Estrada ser\u00e1 em Barretos"},"content":{"rendered":"<p>Competi\u00e7\u00f5es acontecer\u00e3o nos dias 20 e 21 de maio, no Parque do Pe\u00e3o de Barretos. Inscri\u00e7\u00f5es abertas<\/p>\n<p>S\u00e3o Paulo (SP) \u2013 A edi\u00e7\u00e3o 2023 do Campeonato Paulista de Ciclismo Contrarrel\u00f3gio Individual e Estrada ser\u00e1 realizada nos dias 20 e 21 de maio. Ciclistas de todo o estado estar\u00e3o reunidos na cidade de Barretos para uma dos mais importantes eventos do calend\u00e1rio estadual e que apontar\u00e1 os campe\u00f5es das duas disciplinas na temporada. As provas acontecer\u00e3o na Via das Comitivas (Dr. Alberto Cardoso Alves), tendo como refer\u00eancia o Parque do Pe\u00e3o, em um circuito de 14 km por volta.<br \/>\nO m\u00eas de maio ser\u00e1 especial para o ciclismo paulista em Barretos, que se transformar\u00e1 na capital da modalidade com grandes eventos. No come\u00e7o do m\u00eas, entre os dias 5 e 7, receber\u00e1 a 15\u00aa Volta Cicl\u00edstica do Futuro e a 10\u00aa Volta Cicl\u00edstica Feminina do Brasil. E, praticamente no final da segunda quinzena, ser\u00e1 o palco dos Paulistas de CRI e Estrada.<br \/>\n\u201cEstamos muito felizes pela cidade sediar essas importantes competi\u00e7\u00f5es da temporada. Estamos certos que os eventos ser\u00e3o um sucesso e veremos grandes disputas em todos eles. Um agradecimento especial \u00e0 Prefeitura e suas secretarias por esse apoio ao ciclismo de S\u00e3o Paulo\u201d, destaca presidente da FPCiclismo, Jos\u00e9 Cl\u00e1udio \u201cFacex\u201d.<br \/>\nA programa\u00e7\u00e3o prev\u00ea para s\u00e1bado, dia 20, a prova de Contrarrel\u00f3gio Individual a partir das 9h30. J\u00e1 no domingo, dias 21, a partir das 8h, ser\u00e1 a vez do Paulista de Estrada, aberto a 31 categorias de idades, e que estar\u00e1 dividido em quatro baterias. Para as provas oficiais, somente poder\u00e3o participar atletas devidamente federados no Estado de S\u00e3o Paulo.<br \/>\nAs inscri\u00e7\u00f5es ser\u00e3o realizadas somente ON-LINE pelo link https:\/\/partiupedal.com\/evento\/estadual-de-estrada-e-cri-sao-paulo\/, no per\u00edodo de 21 de abril at\u00e9 18 de maio (quinta-feira), \u00e0s 23h59. O ciclista poder\u00e1 se inscrever em apenas uma das categorias. A inscri\u00e7\u00e3o ter\u00e1 o valor de R$ 80,00 (oitenta reais) por ciclista, tanto para o CRI como para a Estrada. Para a confirma\u00e7\u00e3o de participa\u00e7\u00e3o e retirada de n\u00famero de participa\u00e7\u00e3o, todos os ciclistas precisar\u00e3o estar devidamente vestidos e com o capacete, apresentando o RG.<\/p>\n<p>Programa\u00e7\u00e3o<\/p>\n<p>S\u00e1bado, 20 de maio \u2013 Contrarrel\u00f3gio Individual (CRI)<br \/>\n7h \u2013 Abertura da Secretaria<br \/>\n8h30 \u2013 Fechamento da Secretaria<br \/>\n8h45 \u2013 Divulga\u00e7\u00e3o da ordem de largada<br \/>\n9h \u2013 In\u00edcio da Largada, pela ordem:<br \/>\nInfanto-Juvenil Masc\/Fem \u2013 1 volta<br \/>\nJuvenil Masc\/Fem \u2013 1 volta<br \/>\nJ\u00fanior Masc\/Fem \u2013 1 volta<br \/>\nMaster Fem C, B, A<br \/>\nMaster D2, D1, C2, C1, B2, B1, A2, A1 \u2013 1 volta<br \/>\nElite\/Sub-23 Fem \u2013 1 volta<br \/>\nElite\/Sub-23 Masc \u2013 2 voltas;<\/p>\n<p>Dia 21, Domingo \u2013 Estrada<\/p>\n<p>1\u00aa Bateria<br \/>\n8h-Infantil Mas\/Fem, 1 volta (14 Km)<br \/>\n8h01 \u2013 Mirim Mas\/Fem, \u00bd volta (7 Km)<br \/>\n8h25 \u2013 Kids Mas\/Fem 00:15 \u2013 500 m<\/p>\n<p>2\u00aa Bateria<br \/>\n8h50 \u2013 Elite Feminino, 8 voltas (112 Km)<br \/>\n8h50 \u2013 Sub 23 Feminino, 8 voltas (112 Km)<br \/>\n8h51 \u2013 J\u00fanior Feminino, 5 voltas (70 Km)<br \/>\n8h51 \u2013 Juvenil Feminino, 4 voltas (56 Km)<br \/>\n8h51 \u2013 Infanto Juvenil Fem, 2 voltas (28 Km)<br \/>\n8h53 \u2013 Master A Feminino, 5 voltas (70 Km)<br \/>\n8h53 \u2013 Master B Feminino, 4 voltas (56 Km)<br \/>\n8h53 \u2013 Master C Feminino, 3 voltas (42 Km)<br \/>\n8h53 \u2013 Open Feminino, 2 voltas (28 Km)<br \/>\n8h56 \u2013 Master D1, 3 voltas (42 Km)<br \/>\n8h56 \u2013 Master D2, 3 voltas (42 Km)<\/p>\n<p>3\u00aa Bateria<br \/>\n11h \u2013 Master B1, 8 voltas (112 Km)<br \/>\n11h \u2013 Master B2, 8 voltas (112 Km)<br \/>\n11h01 \u2013 J\u00fanior Masculino, 9 voltas (126 Km)<br \/>\n11h02 \u2013 Juvenil Masculino, 7 voltas (98 Km)<br \/>\n11h02 \u2013 Infanto Juvenil Masc, 5 voltas (70 Km)<br \/>\n11h04 \u2013 Open Masc, 4 voltas (56 Km)<br \/>\n11h05 \u2013 Master C1, 6 voltas (84 Km)<br \/>\n11h05 \u2013 Master C2, 6 voltas (84 Km)<br \/>\n11h06 \u2013 MTB Elite, 5 voltas (70 Km)<\/p>\n<p>4\u00aa Bateria<br \/>\n13h15 \u2013 Elite Masculino, 13 voltas (182 Km)<br \/>\n13h15 \u2013 Sub 23 Masculino, 13 voltas (182 Km)<br \/>\n13h16 \u2013 Sub 30 Masculino, 8 voltas (112 Km)<br \/>\n13h17 \u2013 Master A1, 8 voltas (112 Km)<br \/>\n13h17 \u2013 Master A2, 8 voltas (112 Km)<\/p>\n<p>O Campeonato Paulista CRI\/Estrada 2023 tem organiza\u00e7\u00e3o e realiza\u00e7\u00e3o da Federa\u00e7\u00e3o Paulista de Ciclismo, com apoio da Prefeitura Municipal de Barretos. Mais informa\u00e7\u00f5es no site www.fpciclismo.org.br<br \/>\nDiretoria de Imprensa da FPCiclismo:<br \/>\nMarcelo Eduardo Braga \u2013 MTB 18324<br \/>\nFone: (11) 98266-6086\/98181-7838<br \/>\nE-mails: imprensa@fpciclismo.org.br \/mbragacom@mbragacom.com.br<\/p>\n","protected":false},"excerpt":{"rendered":"<p>Competi\u00e7\u00f5es acontecer\u00e3o nos dias 20 e 21 de maio, no<\/p>\n","protected":false},"author":2,"featured_media":87935,"comment_status":"open","ping_status":"open","sticky":false,"template":"","format":"standard","meta":{"footnotes":""},"categories":[14,21],"tags":[],"class_list":["post-87934","post","type-post","status-publish","format-standard","has-post-thumbnail","hentry","category-barretos","category-esporte"],"yoast_head":"<!-- This site is optimized with the Yoast SEO plugin v27.4 - https:\/\/yoast.com\/product\/yoast-seo-wordpress\/ -->\n<title>Campeonato Paulista de Ciclismo Contrarrel\u00f3gio Individual e Estrada ser\u00e1 em Barretos - Regi\u00e3o News<\/title>\n<meta name=\"robots\" content=\"index, follow, max-snippet:-1, max-image-preview:large, max-video-preview:-1\" \/>\n<link rel=\"canonical\" href=\"https:\/\/regiaonews.net.br\/2022\/2023\/05\/10\/campeonato-paulista-de-ciclismo-contrarrelogio-individual-e-estrada-sera-em-barretos\/\" \/>\n<meta property=\"og:locale\" content=\"pt_BR\" \/>\n<meta property=\"og:type\" content=\"article\" \/>\n<meta property=\"og:title\" content=\"Campeonato Paulista de Ciclismo Contrarrel\u00f3gio Individual e Estrada ser\u00e1 em Barretos - Regi\u00e3o News\" \/>\n<meta property=\"og:description\" content=\"Competi\u00e7\u00f5es acontecer\u00e3o nos dias 20 e 21 de maio, no\" \/>\n<meta property=\"og:url\" content=\"https:\/\/regiaonews.net.br\/2022\/2023\/05\/10\/campeonato-paulista-de-ciclismo-contrarrelogio-individual-e-estrada-sera-em-barretos\/\" \/>\n<meta property=\"og:site_name\" content=\"Regi\u00e3o News\" \/>\n<meta property=\"article:published_time\" content=\"2023-05-10T21:24:24+00:00\" \/>\n<meta property=\"og:image\" content=\"https:\/\/regiaonews.net.br\/2022\/wp-content\/uploads\/2023\/05\/WhatsApp-Image-2023-05-10-at-17.47.10.jpeg\" \/>\n\t<meta property=\"og:image:width\" content=\"1500\" \/>\n\t<meta property=\"og:image:height\" content=\"1000\" \/>\n\t<meta property=\"og:image:type\" content=\"image\/jpeg\" \/>\n<meta name=\"author\" content=\"Roberto\" \/>\n<meta name=\"twitter:card\" content=\"summary_large_image\" \/>\n<meta name=\"twitter:label1\" content=\"Escrito por\" \/>\n\t<meta name=\"twitter:data1\" content=\"Roberto\" \/>\n\t<meta name=\"twitter:label2\" content=\"Est. tempo de leitura\" \/>\n\t<meta name=\"twitter:data2\" content=\"4 minutos\" \/>\n<script type=\"application\/ld+json\" class=\"yoast-schema-graph\">{\"@context\":\"https:\\\/\\\/schema.org\",\"@graph\":[{\"@type\":\"Article\",\"@id\":\"https:\\\/\\\/regiaonews.net.br\\\/2022\\\/2023\\\/05\\\/10\\\/campeonato-paulista-de-ciclismo-contrarrelogio-individual-e-estrada-sera-em-barretos\\\/#article\",\"isPartOf\":{\"@id\":\"https:\\\/\\\/regiaonews.net.br\\\/2022\\\/2023\\\/05\\\/10\\\/campeonato-paulista-de-ciclismo-contrarrelogio-individual-e-estrada-sera-em-barretos\\\/\"},\"author\":{\"name\":\"Roberto\",\"@id\":\"https:\\\/\\\/regiaonews.net.br\\\/2022\\\/#\\\/schema\\\/person\\\/2d205a608a5aa97ac279d7a5e6d89ad8\"},\"headline\":\"Campeonato Paulista de Ciclismo Contrarrel\u00f3gio Individual e Estrada ser\u00e1 em Barretos\",\"datePublished\":\"2023-05-10T21:24:24+00:00\",\"mainEntityOfPage\":{\"@id\":\"https:\\\/\\\/regiaonews.net.br\\\/2022\\\/2023\\\/05\\\/10\\\/campeonato-paulista-de-ciclismo-contrarrelogio-individual-e-estrada-sera-em-barretos\\\/\"},\"wordCount\":658,\"commentCount\":0,\"publisher\":{\"@id\":\"https:\\\/\\\/regiaonews.net.br\\\/2022\\\/#organization\"},\"image\":{\"@id\":\"https:\\\/\\\/regiaonews.net.br\\\/2022\\\/2023\\\/05\\\/10\\\/campeonato-paulista-de-ciclismo-contrarrelogio-individual-e-estrada-sera-em-barretos\\\/#primaryimage\"},\"thumbnailUrl\":\"https:\\\/\\\/regiaonews.net.br\\\/2022\\\/wp-content\\\/uploads\\\/2023\\\/05\\\/WhatsApp-Image-2023-05-10-at-17.47.10.jpeg\",\"articleSection\":[\"Barretos\",\"Esporte\"],\"inLanguage\":\"pt-BR\",\"potentialAction\":[{\"@type\":\"CommentAction\",\"name\":\"Comment\",\"target\":[\"https:\\\/\\\/regiaonews.net.br\\\/2022\\\/2023\\\/05\\\/10\\\/campeonato-paulista-de-ciclismo-contrarrelogio-individual-e-estrada-sera-em-barretos\\\/#respond\"]}]},{\"@type\":\"WebPage\",\"@id\":\"https:\\\/\\\/regiaonews.net.br\\\/2022\\\/2023\\\/05\\\/10\\\/campeonato-paulista-de-ciclismo-contrarrelogio-individual-e-estrada-sera-em-barretos\\\/\",\"url\":\"https:\\\/\\\/regiaonews.net.br\\\/2022\\\/2023\\\/05\\\/10\\\/campeonato-paulista-de-ciclismo-contrarrelogio-individual-e-estrada-sera-em-barretos\\\/\",\"name\":\"Campeonato Paulista de Ciclismo Contrarrel\u00f3gio Individual e Estrada ser\u00e1 em Barretos - Regi\u00e3o News\",\"isPartOf\":{\"@id\":\"https:\\\/\\\/regiaonews.net.br\\\/2022\\\/#website\"},\"primaryImageOfPage\":{\"@id\":\"https:\\\/\\\/regiaonews.net.br\\\/2022\\\/2023\\\/05\\\/10\\\/campeonato-paulista-de-ciclismo-contrarrelogio-individual-e-estrada-sera-em-barretos\\\/#primaryimage\"},\"image\":{\"@id\":\"https:\\\/\\\/regiaonews.net.br\\\/2022\\\/2023\\\/05\\\/10\\\/campeonato-paulista-de-ciclismo-contrarrelogio-individual-e-estrada-sera-em-barretos\\\/#primaryimage\"},\"thumbnailUrl\":\"https:\\\/\\\/regiaonews.net.br\\\/2022\\\/wp-content\\\/uploads\\\/2023\\\/05\\\/WhatsApp-Image-2023-05-10-at-17.47.10.jpeg\",\"datePublished\":\"2023-05-10T21:24:24+00:00\",\"breadcrumb\":{\"@id\":\"https:\\\/\\\/regiaonews.net.br\\\/2022\\\/2023\\\/05\\\/10\\\/campeonato-paulista-de-ciclismo-contrarrelogio-individual-e-estrada-sera-em-barretos\\\/#breadcrumb\"},\"inLanguage\":\"pt-BR\",\"potentialAction\":[{\"@type\":\"ReadAction\",\"target\":[\"https:\\\/\\\/regiaonews.net.br\\\/2022\\\/2023\\\/05\\\/10\\\/campeonato-paulista-de-ciclismo-contrarrelogio-individual-e-estrada-sera-em-barretos\\\/\"]}]},{\"@type\":\"ImageObject\",\"inLanguage\":\"pt-BR\",\"@id\":\"https:\\\/\\\/regiaonews.net.br\\\/2022\\\/2023\\\/05\\\/10\\\/campeonato-paulista-de-ciclismo-contrarrelogio-individual-e-estrada-sera-em-barretos\\\/#primaryimage\",\"url\":\"https:\\\/\\\/regiaonews.net.br\\\/2022\\\/wp-content\\\/uploads\\\/2023\\\/05\\\/WhatsApp-Image-2023-05-10-at-17.47.10.jpeg\",\"contentUrl\":\"https:\\\/\\\/regiaonews.net.br\\\/2022\\\/wp-content\\\/uploads\\\/2023\\\/05\\\/WhatsApp-Image-2023-05-10-at-17.47.10.jpeg\",\"width\":1500,\"height\":1000},{\"@type\":\"BreadcrumbList\",\"@id\":\"https:\\\/\\\/regiaonews.net.br\\\/2022\\\/2023\\\/05\\\/10\\\/campeonato-paulista-de-ciclismo-contrarrelogio-individual-e-estrada-sera-em-barretos\\\/#breadcrumb\",\"itemListElement\":[{\"@type\":\"ListItem\",\"position\":1,\"name\":\"In\u00edcio\",\"item\":\"https:\\\/\\\/regiaonews.net.br\\\/2022\\\/\"},{\"@type\":\"ListItem\",\"position\":2,\"name\":\"Campeonato Paulista de Ciclismo Contrarrel\u00f3gio Individual e Estrada ser\u00e1 em Barretos\"}]},{\"@type\":\"WebSite\",\"@id\":\"https:\\\/\\\/regiaonews.net.br\\\/2022\\\/#website\",\"url\":\"https:\\\/\\\/regiaonews.net.br\\\/2022\\\/\",\"name\":\"Regi\u00e3o News\",\"description\":\"Site de Not\u00edcias de Barretos e regi\u00e3o\",\"publisher\":{\"@id\":\"https:\\\/\\\/regiaonews.net.br\\\/2022\\\/#organization\"},\"potentialAction\":[{\"@type\":\"SearchAction\",\"target\":{\"@type\":\"EntryPoint\",\"urlTemplate\":\"https:\\\/\\\/regiaonews.net.br\\\/2022\\\/?s={search_term_string}\"},\"query-input\":{\"@type\":\"PropertyValueSpecification\",\"valueRequired\":true,\"valueName\":\"search_term_string\"}}],\"inLanguage\":\"pt-BR\"},{\"@type\":\"Organization\",\"@id\":\"https:\\\/\\\/regiaonews.net.br\\\/2022\\\/#organization\",\"name\":\"Regi\u00e3o News\",\"url\":\"https:\\\/\\\/regiaonews.net.br\\\/2022\\\/\",\"logo\":{\"@type\":\"ImageObject\",\"inLanguage\":\"pt-BR\",\"@id\":\"https:\\\/\\\/regiaonews.net.br\\\/2022\\\/#\\\/schema\\\/logo\\\/image\\\/\",\"url\":\"https:\\\/\\\/regiaonews.net.br\\\/2022\\\/wp-content\\\/uploads\\\/2026\\\/03\\\/regiao-13-anos-scaled.jpg\",\"contentUrl\":\"https:\\\/\\\/regiaonews.net.br\\\/2022\\\/wp-content\\\/uploads\\\/2026\\\/03\\\/regiao-13-anos-scaled.jpg\",\"width\":2560,\"height\":635,\"caption\":\"Regi\u00e3o News\"},\"image\":{\"@id\":\"https:\\\/\\\/regiaonews.net.br\\\/2022\\\/#\\\/schema\\\/logo\\\/image\\\/\"}},{\"@type\":\"Person\",\"@id\":\"https:\\\/\\\/regiaonews.net.br\\\/2022\\\/#\\\/schema\\\/person\\\/2d205a608a5aa97ac279d7a5e6d89ad8\",\"name\":\"Roberto\",\"image\":{\"@type\":\"ImageObject\",\"inLanguage\":\"pt-BR\",\"@id\":\"https:\\\/\\\/secure.gravatar.com\\\/avatar\\\/42749d8b712ff9d59ca93dc150494e5b55a44134482993f5baeb97e61b7ecc89?s=96&d=mm&r=g\",\"url\":\"https:\\\/\\\/secure.gravatar.com\\\/avatar\\\/42749d8b712ff9d59ca93dc150494e5b55a44134482993f5baeb97e61b7ecc89?s=96&d=mm&r=g\",\"contentUrl\":\"https:\\\/\\\/secure.gravatar.com\\\/avatar\\\/42749d8b712ff9d59ca93dc150494e5b55a44134482993f5baeb97e61b7ecc89?s=96&d=mm&r=g\",\"caption\":\"Roberto\"},\"url\":\"https:\\\/\\\/regiaonews.net.br\\\/2022\\\/author\\\/roberto\\\/\"}]}<\/script>\n<!-- \/ Yoast SEO plugin. -->","yoast_head_json":{"title":"Campeonato Paulista de Ciclismo Contrarrel\u00f3gio Individual e Estrada ser\u00e1 em Barretos - Regi\u00e3o News","robots":{"index":"index","follow":"follow","max-snippet":"max-snippet:-1","max-image-preview":"max-image-preview:large","max-video-preview":"max-video-preview:-1"},"canonical":"https:\/\/regiaonews.net.br\/2022\/2023\/05\/10\/campeonato-paulista-de-ciclismo-contrarrelogio-individual-e-estrada-sera-em-barretos\/","og_locale":"pt_BR","og_type":"article","og_title":"Campeonato Paulista de Ciclismo Contrarrel\u00f3gio Individual e Estrada ser\u00e1 em Barretos - Regi\u00e3o News","og_description":"Competi\u00e7\u00f5es acontecer\u00e3o nos dias 20 e 21 de maio, no","og_url":"https:\/\/regiaonews.net.br\/2022\/2023\/05\/10\/campeonato-paulista-de-ciclismo-contrarrelogio-individual-e-estrada-sera-em-barretos\/","og_site_name":"Regi\u00e3o News","article_published_time":"2023-05-10T21:24:24+00:00","og_image":[{"width":1500,"height":1000,"url":"https:\/\/regiaonews.net.br\/2022\/wp-content\/uploads\/2023\/05\/WhatsApp-Image-2023-05-10-at-17.47.10.jpeg","type":"image\/jpeg"}],"author":"Roberto","twitter_card":"summary_large_image","twitter_misc":{"Escrito por":"Roberto","Est. tempo de leitura":"4 minutos"},"schema":{"@context":"https:\/\/schema.org","@graph":[{"@type":"Article","@id":"https:\/\/regiaonews.net.br\/2022\/2023\/05\/10\/campeonato-paulista-de-ciclismo-contrarrelogio-individual-e-estrada-sera-em-barretos\/#article","isPartOf":{"@id":"https:\/\/regiaonews.net.br\/2022\/2023\/05\/10\/campeonato-paulista-de-ciclismo-contrarrelogio-individual-e-estrada-sera-em-barretos\/"},"author":{"name":"Roberto","@id":"https:\/\/regiaonews.net.br\/2022\/#\/schema\/person\/2d205a608a5aa97ac279d7a5e6d89ad8"},"headline":"Campeonato Paulista de Ciclismo Contrarrel\u00f3gio Individual e Estrada ser\u00e1 em Barretos","datePublished":"2023-05-10T21:24:24+00:00","mainEntityOfPage":{"@id":"https:\/\/regiaonews.net.br\/2022\/2023\/05\/10\/campeonato-paulista-de-ciclismo-contrarrelogio-individual-e-estrada-sera-em-barretos\/"},"wordCount":658,"commentCount":0,"publisher":{"@id":"https:\/\/regiaonews.net.br\/2022\/#organization"},"image":{"@id":"https:\/\/regiaonews.net.br\/2022\/2023\/05\/10\/campeonato-paulista-de-ciclismo-contrarrelogio-individual-e-estrada-sera-em-barretos\/#primaryimage"},"thumbnailUrl":"https:\/\/regiaonews.net.br\/2022\/wp-content\/uploads\/2023\/05\/WhatsApp-Image-2023-05-10-at-17.47.10.jpeg","articleSection":["Barretos","Esporte"],"inLanguage":"pt-BR","potentialAction":[{"@type":"CommentAction","name":"Comment","target":["https:\/\/regiaonews.net.br\/2022\/2023\/05\/10\/campeonato-paulista-de-ciclismo-contrarrelogio-individual-e-estrada-sera-em-barretos\/#respond"]}]},{"@type":"WebPage","@id":"https:\/\/regiaonews.net.br\/2022\/2023\/05\/10\/campeonato-paulista-de-ciclismo-contrarrelogio-individual-e-estrada-sera-em-barretos\/","url":"https:\/\/regiaonews.net.br\/2022\/2023\/05\/10\/campeonato-paulista-de-ciclismo-contrarrelogio-individual-e-estrada-sera-em-barretos\/","name":"Campeonato Paulista de Ciclismo Contrarrel\u00f3gio Individual e Estrada ser\u00e1 em Barretos - Regi\u00e3o News","isPartOf":{"@id":"https:\/\/regiaonews.net.br\/2022\/#website"},"primaryImageOfPage":{"@id":"https:\/\/regiaonews.net.br\/2022\/2023\/05\/10\/campeonato-paulista-de-ciclismo-contrarrelogio-individual-e-estrada-sera-em-barretos\/#primaryimage"},"image":{"@id":"https:\/\/regiaonews.net.br\/2022\/2023\/05\/10\/campeonato-paulista-de-ciclismo-contrarrelogio-individual-e-estrada-sera-em-barretos\/#primaryimage"},"thumbnailUrl":"https:\/\/regiaonews.net.br\/2022\/wp-content\/uploads\/2023\/05\/WhatsApp-Image-2023-05-10-at-17.47.10.jpeg","datePublished":"2023-05-10T21:24:24+00:00","breadcrumb":{"@id":"https:\/\/regiaonews.net.br\/2022\/2023\/05\/10\/campeonato-paulista-de-ciclismo-contrarrelogio-individual-e-estrada-sera-em-barretos\/#breadcrumb"},"inLanguage":"pt-BR","potentialAction":[{"@type":"ReadAction","target":["https:\/\/regiaonews.net.br\/2022\/2023\/05\/10\/campeonato-paulista-de-ciclismo-contrarrelogio-individual-e-estrada-sera-em-barretos\/"]}]},{"@type":"ImageObject","inLanguage":"pt-BR","@id":"https:\/\/regiaonews.net.br\/2022\/2023\/05\/10\/campeonato-paulista-de-ciclismo-contrarrelogio-individual-e-estrada-sera-em-barretos\/#primaryimage","url":"https:\/\/regiaonews.net.br\/2022\/wp-content\/uploads\/2023\/05\/WhatsApp-Image-2023-05-10-at-17.47.10.jpeg","contentUrl":"https:\/\/regiaonews.net.br\/2022\/wp-content\/uploads\/2023\/05\/WhatsApp-Image-2023-05-10-at-17.47.10.jpeg","width":1500,"height":1000},{"@type":"BreadcrumbList","@id":"https:\/\/regiaonews.net.br\/2022\/2023\/05\/10\/campeonato-paulista-de-ciclismo-contrarrelogio-individual-e-estrada-sera-em-barretos\/#breadcrumb","itemListElement":[{"@type":"ListItem","position":1,"name":"In\u00edcio","item":"https:\/\/regiaonews.net.br\/2022\/"},{"@type":"ListItem","position":2,"name":"Campeonato Paulista de Ciclismo Contrarrel\u00f3gio Individual e Estrada ser\u00e1 em Barretos"}]},{"@type":"WebSite","@id":"https:\/\/regiaonews.net.br\/2022\/#website","url":"https:\/\/regiaonews.net.br\/2022\/","name":"Regi\u00e3o News","description":"Site de Not\u00edcias de Barretos e regi\u00e3o","publisher":{"@id":"https:\/\/regiaonews.net.br\/2022\/#organization"},"potentialAction":[{"@type":"SearchAction","target":{"@type":"EntryPoint","urlTemplate":"https:\/\/regiaonews.net.br\/2022\/?s={search_term_string}"},"query-input":{"@type":"PropertyValueSpecification","valueRequired":true,"valueName":"search_term_string"}}],"inLanguage":"pt-BR"},{"@type":"Organization","@id":"https:\/\/regiaonews.net.br\/2022\/#organization","name":"Regi\u00e3o News","url":"https:\/\/regiaonews.net.br\/2022\/","logo":{"@type":"ImageObject","inLanguage":"pt-BR","@id":"https:\/\/regiaonews.net.br\/2022\/#\/schema\/logo\/image\/","url":"https:\/\/regiaonews.net.br\/2022\/wp-content\/uploads\/2026\/03\/regiao-13-anos-scaled.jpg","contentUrl":"https:\/\/regiaonews.net.br\/2022\/wp-content\/uploads\/2026\/03\/regiao-13-anos-scaled.jpg","width":2560,"height":635,"caption":"Regi\u00e3o News"},"image":{"@id":"https:\/\/regiaonews.net.br\/2022\/#\/schema\/logo\/image\/"}},{"@type":"Person","@id":"https:\/\/regiaonews.net.br\/2022\/#\/schema\/person\/2d205a608a5aa97ac279d7a5e6d89ad8","name":"Roberto","image":{"@type":"ImageObject","inLanguage":"pt-BR","@id":"https:\/\/secure.gravatar.com\/avatar\/42749d8b712ff9d59ca93dc150494e5b55a44134482993f5baeb97e61b7ecc89?s=96&d=mm&r=g","url":"https:\/\/secure.gravatar.com\/avatar\/42749d8b712ff9d59ca93dc150494e5b55a44134482993f5baeb97e61b7ecc89?s=96&d=mm&r=g","contentUrl":"https:\/\/secure.gravatar.com\/avatar\/42749d8b712ff9d59ca93dc150494e5b55a44134482993f5baeb97e61b7ecc89?s=96&d=mm&r=g","caption":"Roberto"},"url":"https:\/\/regiaonews.net.br\/2022\/author\/roberto\/"}]}},"publishpress_future_action":{"enabled":false,"date":"2026-05-03 04:51:50","action":"change-status","newStatus":"draft","terms":[],"taxonomy":"category","extraData":[]},"publishpress_future_workflow_manual_trigger":{"enabledWorkflows":[]},"_links":{"self":[{"href":"https:\/\/regiaonews.net.br\/2022\/wp-json\/wp\/v2\/posts\/87934","targetHints":{"allow":["GET"]}}],"collection":[{"href":"https:\/\/regiaonews.net.br\/2022\/wp-json\/wp\/v2\/posts"}],"about":[{"href":"https:\/\/regiaonews.net.br\/2022\/wp-json\/wp\/v2\/types\/post"}],"author":[{"embeddable":true,"href":"https:\/\/regiaonews.net.br\/2022\/wp-json\/wp\/v2\/users\/2"}],"replies":[{"embeddable":true,"href":"https:\/\/regiaonews.net.br\/2022\/wp-json\/wp\/v2\/comments?post=87934"}],"version-history":[{"count":1,"href":"https:\/\/regiaonews.net.br\/2022\/wp-json\/wp\/v2\/posts\/87934\/revisions"}],"predecessor-version":[{"id":87936,"href":"https:\/\/regiaonews.net.br\/2022\/wp-json\/wp\/v2\/posts\/87934\/revisions\/87936"}],"wp:featuredmedia":[{"embeddable":true,"href":"https:\/\/regiaonews.net.br\/2022\/wp-json\/wp\/v2\/media\/87935"}],"wp:attachment":[{"href":"https:\/\/regiaonews.net.br\/2022\/wp-json\/wp\/v2\/media?parent=87934"}],"wp:term":[{"taxonomy":"category","embeddable":true,"href":"https:\/\/regiaonews.net.br\/2022\/wp-json\/wp\/v2\/categories?post=87934"},{"taxonomy":"post_tag","embeddable":true,"href":"https:\/\/regiaonews.net.br\/2022\/wp-json\/wp\/v2\/tags?post=87934"}],"curies":[{"name":"wp","href":"https:\/\/api.w.org\/{rel}","templated":true}]}}