{"id":87910,"date":"2023-05-10T18:29:42","date_gmt":"2023-05-10T21:29:42","guid":{"rendered":"https:\/\/regiaonews.net.br\/2022\/?p=87910"},"modified":"2023-05-10T21:48:07","modified_gmt":"2023-05-11T00:48:07","slug":"prefeitura-de-colina-inaugura-unidade-do-programa-estadual-cozinhalimento","status":"publish","type":"post","link":"https:\/\/regiaonews.net.br\/2022\/2023\/05\/10\/prefeitura-de-colina-inaugura-unidade-do-programa-estadual-cozinhalimento\/","title":{"rendered":"Prefeitura de Colina inaugura unidade do Programa Estadual Cozinhalimento"},"content":{"rendered":"<p>&nbsp;<\/p>\n<p>Aconteceu na sexta (5), a\u00a0 entrega oficial das instala\u00e7\u00f5es do Programa Cozinhalimento, na Av. Expedicion\u00e1rio Roberto Marcondes, n\u00ba. 24, no centro de Colina,\u00a0 fruto de conv\u00eanio firmado entre a Prefeitura Municipal de Colina, por meio da Secretaria Municipal de Ind\u00fastria, Com\u00e9rcio e Agricultura e o Governo do Estado de S\u00e3o Paulo, pela Secretaria Estadual de Agricultura e Abastecimento.<\/p>\n<p>Mais qualidade e menos desperd\u00edcio, com foco na gera\u00e7\u00e3o de renda. Essa \u00e9 a proposta do Programa Cozinhalimento, inaugurado com a\u00a0presen\u00e7a do Secret\u00e1rio de Agricultura e Abastecimento do Estado de S\u00e3o Paulo, Ant\u00f4nio J\u00falio Junqueira de Queiroz.<\/p>\n<p>O evento contou com a participa\u00e7\u00e3o de autoridades municipais, como o Prefeito Dieb Taha e sua esposa, a Presidente do Fundo Social, Prof\u00aa. Liliana Jorge Drubi Taha; o Vice-prefeito S\u00e9rgio Campanholi; os Vereadores: Antonio Muniz, Evonei Fernandes e Luiz Gustavo Simionato Tom\u00e1z Ferreira, \u201cMontanha\u201d; o Secret\u00e1rio Municipal de Ind\u00fastria, Com\u00e9rcio e Agricultura, Ren\u00ea Angelo Sasaki de Souza; demais Secret\u00e1rios; Funcion\u00e1rios Municipais e a popula\u00e7\u00e3o.<\/p>\n<p>Esteve presente tamb\u00e9m, a Coordenadora da COSALI \u2013 Coordenadoria de Seguran\u00e7a Alimentar, Sra. Vanuzia Teixeira; o Diretor da CATI Regional de Barretos, Sr. Rolando Salom\u00e3o Cust\u00f3dio do Nascimento; o Diretor da CDA Regional, Sr. Ad\u00e3o Marim; a Coordenadora da Comiss\u00e3o Regional de Seguran\u00e7a Alimentar\/CRSANS Barretos, Sra. Jussara Mega; Rodrigo Arenas, como representante do Deputado Federal, Baleia Rossi e Marisi Junqueira, que representou o Deputado Estadual, Itamar Borges. Tamb\u00e9m prestigiaram o evento, Marcos Tiodolino, Analista de Neg\u00f3cios e Gestor de Munic\u00edpios do SEBRAE e Victor Barbieri, que \u00e9 Diretor da Secretaria de Abastecimento de Bebedouro, e representou o Prefeito Municipal, Lucas Seren.<\/p>\n<p><strong>Sobre o Projeto<\/strong><\/p>\n<p>O Programa Estadual Cozinhalimento realiza a instala\u00e7\u00e3o de cozinhas profissionais para capacita\u00e7\u00e3o de agentes multiplicadores das a\u00e7\u00f5es de seguran\u00e7a alimentar e nutricional sustent\u00e1vel, e incentivo \u00e0 gera\u00e7\u00e3o de renda.\u00a0As a\u00e7\u00f5es s\u00e3o desenvolvidas por meio de cursos, palestras, treinamentos e eventos educativos, visando a capacita\u00e7\u00e3o nutricional, o combate ao desperd\u00edcio, a manipula\u00e7\u00e3o adequada e o incentivo ao empreendedorismo.<\/p>\n<p>O Cozinhalimento \u00e9 um projeto implantado pela COSALI \u2013 Coordenadoria de Seguran\u00e7a\u00a0Alimentar, vinculado \u00e0 Secretaria de Agricultura e Abastecimento do Estado de S\u00e3o Paulo.<\/p>\n<p>Em Colina, a parceria oportuniza \u00e0 popula\u00e7\u00e3o local, conte\u00fados de capacita\u00e7\u00e3o e de gera\u00e7\u00e3o de renda, por meio de cursos espec\u00edficos que ser\u00e3o ministrados na sede do Cozinhalimento, tamb\u00e9m em parceria com entidades como o SEBRAE e SENAC.<\/p>\n<p>Foram adquiridos 36 itens para formar uma cozinha industrial completa, tais como: geladeira industrial; freezer comercial; batedeira, liquidificador e fog\u00e3o semi-industrial, coifa, micro-ondas e multiprocessador industrial; fritadeira el\u00e9trica e forno semi-industrial, entre outros utens\u00edlios.<\/p>\n<p>A Prefeitura Municipal realizou investimentos na adequa\u00e7\u00e3o do pr\u00e9dio, para garantir mais comodidade e conforto para os futuros alunos e instrutores dos cursos de qualifica\u00e7\u00e3o.<\/p>\n<p>Para o Secret\u00e1rio de Agricultura e Abastecimento do Estado de S\u00e3o Paulo, Ant\u00f4nio J\u00falio Junqueira de Queiroz, a instala\u00e7\u00e3o da Cozinhalimento em Colina, \u00e9 mais uma refer\u00eancia para as demais cidades da regi\u00e3o, e ressaltou que essas a\u00e7\u00f5es contribuem para combater, principalmente, a inseguran\u00e7a alimentar. \u201cEsse Programa tem um diferencial, pois ele promove dignidade para as pessoas e oportunidade profissional. O Projeto faz com que a popula\u00e7\u00e3o possa progredir na vida atrav\u00e9s de cursos, capacita\u00e7\u00f5es, gerando assim emprego e renda&#8221;, ressaltou.<\/p>\n<p>O Prefeito Dieb ressaltou a import\u00e2ncia da instala\u00e7\u00e3o do Programa Cozinhalimento. \u201cAl\u00e9m da instala\u00e7\u00e3o de cozinha profissional e da capacita\u00e7\u00e3o, o Cozinhalimento promove a\u00e7\u00f5es de seguran\u00e7a alimentar e nutricional sustent\u00e1veis e de incentivo \u00e0 gera\u00e7\u00e3o de renda e empreendedorismo, atrav\u00e9s de cursos gratuitos oferecidos \u00e0 popula\u00e7\u00e3o. E essa \u00e9 uma das prioridades da minha gest\u00e3o: promover a gera\u00e7\u00e3o de emprego e renda, por meio da forma\u00e7\u00e3o profissional, para impulsionar o empreendedorismo local\u201d.<\/p>\n<p><a href=\"https:\/\/regiaonews.net.br\/2022\/wp-content\/uploads\/2023\/05\/IMG-20230510-WA0590.jpg\"><img loading=\"lazy\" decoding=\"async\" class=\"alignnone size-medium wp-image-87943\" src=\"https:\/\/regiaonews.net.br\/2022\/wp-content\/uploads\/2023\/05\/IMG-20230510-WA0590-300x200.jpg\" alt=\"\" width=\"300\" height=\"200\" srcset=\"https:\/\/regiaonews.net.br\/2022\/wp-content\/uploads\/2023\/05\/IMG-20230510-WA0590-300x200.jpg 300w, https:\/\/regiaonews.net.br\/2022\/wp-content\/uploads\/2023\/05\/IMG-20230510-WA0590-1024x681.jpg 1024w, https:\/\/regiaonews.net.br\/2022\/wp-content\/uploads\/2023\/05\/IMG-20230510-WA0590-768x511.jpg 768w, https:\/\/regiaonews.net.br\/2022\/wp-content\/uploads\/2023\/05\/IMG-20230510-WA0590-1536x1021.jpg 1536w, https:\/\/regiaonews.net.br\/2022\/wp-content\/uploads\/2023\/05\/IMG-20230510-WA0590-250x166.jpg 250w, https:\/\/regiaonews.net.br\/2022\/wp-content\/uploads\/2023\/05\/IMG-20230510-WA0590-900x600.jpg 900w, https:\/\/regiaonews.net.br\/2022\/wp-content\/uploads\/2023\/05\/IMG-20230510-WA0590.jpg 1600w\" sizes=\"auto, (max-width: 300px) 100vw, 300px\" \/><\/a><\/p>\n<p><a href=\"https:\/\/regiaonews.net.br\/2022\/wp-content\/uploads\/2023\/05\/IMG-20230510-WA0589.jpg\"><img loading=\"lazy\" decoding=\"async\" class=\"alignnone size-medium wp-image-87944\" src=\"https:\/\/regiaonews.net.br\/2022\/wp-content\/uploads\/2023\/05\/IMG-20230510-WA0589-300x200.jpg\" alt=\"\" width=\"300\" height=\"200\" srcset=\"https:\/\/regiaonews.net.br\/2022\/wp-content\/uploads\/2023\/05\/IMG-20230510-WA0589-300x200.jpg 300w, https:\/\/regiaonews.net.br\/2022\/wp-content\/uploads\/2023\/05\/IMG-20230510-WA0589-1024x681.jpg 1024w, https:\/\/regiaonews.net.br\/2022\/wp-content\/uploads\/2023\/05\/IMG-20230510-WA0589-768x511.jpg 768w, https:\/\/regiaonews.net.br\/2022\/wp-content\/uploads\/2023\/05\/IMG-20230510-WA0589-1536x1021.jpg 1536w, https:\/\/regiaonews.net.br\/2022\/wp-content\/uploads\/2023\/05\/IMG-20230510-WA0589-250x166.jpg 250w, https:\/\/regiaonews.net.br\/2022\/wp-content\/uploads\/2023\/05\/IMG-20230510-WA0589-900x600.jpg 900w, https:\/\/regiaonews.net.br\/2022\/wp-content\/uploads\/2023\/05\/IMG-20230510-WA0589.jpg 1600w\" sizes=\"auto, (max-width: 300px) 100vw, 300px\" \/><\/a><\/p>\n<p><a href=\"https:\/\/regiaonews.net.br\/2022\/wp-content\/uploads\/2023\/05\/IMG-20230510-WA0570.jpg\"><img loading=\"lazy\" decoding=\"async\" class=\"alignnone size-medium wp-image-87945\" src=\"https:\/\/regiaonews.net.br\/2022\/wp-content\/uploads\/2023\/05\/IMG-20230510-WA0570-300x200.jpg\" alt=\"\" width=\"300\" height=\"200\" srcset=\"https:\/\/regiaonews.net.br\/2022\/wp-content\/uploads\/2023\/05\/IMG-20230510-WA0570-300x200.jpg 300w, https:\/\/regiaonews.net.br\/2022\/wp-content\/uploads\/2023\/05\/IMG-20230510-WA0570-1024x681.jpg 1024w, https:\/\/regiaonews.net.br\/2022\/wp-content\/uploads\/2023\/05\/IMG-20230510-WA0570-768x511.jpg 768w, https:\/\/regiaonews.net.br\/2022\/wp-content\/uploads\/2023\/05\/IMG-20230510-WA0570-1536x1021.jpg 1536w, https:\/\/regiaonews.net.br\/2022\/wp-content\/uploads\/2023\/05\/IMG-20230510-WA0570-250x166.jpg 250w, https:\/\/regiaonews.net.br\/2022\/wp-content\/uploads\/2023\/05\/IMG-20230510-WA0570-900x600.jpg 900w, https:\/\/regiaonews.net.br\/2022\/wp-content\/uploads\/2023\/05\/IMG-20230510-WA0570.jpg 1600w\" sizes=\"auto, (max-width: 300px) 100vw, 300px\" \/><\/a><\/p>\n<p><a href=\"https:\/\/regiaonews.net.br\/2022\/wp-content\/uploads\/2023\/05\/IMG-20230510-WA0572.jpg\"><img loading=\"lazy\" decoding=\"async\" class=\"alignnone size-medium wp-image-87947\" src=\"https:\/\/regiaonews.net.br\/2022\/wp-content\/uploads\/2023\/05\/IMG-20230510-WA0572-300x200.jpg\" alt=\"\" width=\"300\" height=\"200\" srcset=\"https:\/\/regiaonews.net.br\/2022\/wp-content\/uploads\/2023\/05\/IMG-20230510-WA0572-300x200.jpg 300w, https:\/\/regiaonews.net.br\/2022\/wp-content\/uploads\/2023\/05\/IMG-20230510-WA0572-1024x681.jpg 1024w, https:\/\/regiaonews.net.br\/2022\/wp-content\/uploads\/2023\/05\/IMG-20230510-WA0572-768x511.jpg 768w, https:\/\/regiaonews.net.br\/2022\/wp-content\/uploads\/2023\/05\/IMG-20230510-WA0572-1536x1021.jpg 1536w, https:\/\/regiaonews.net.br\/2022\/wp-content\/uploads\/2023\/05\/IMG-20230510-WA0572-250x166.jpg 250w, https:\/\/regiaonews.net.br\/2022\/wp-content\/uploads\/2023\/05\/IMG-20230510-WA0572-900x600.jpg 900w, https:\/\/regiaonews.net.br\/2022\/wp-content\/uploads\/2023\/05\/IMG-20230510-WA0572.jpg 1600w\" sizes=\"auto, (max-width: 300px) 100vw, 300px\" \/><\/a> <a href=\"https:\/\/regiaonews.net.br\/2022\/wp-content\/uploads\/2023\/05\/IMG-20230510-WA0571.jpg\"><img loading=\"lazy\" decoding=\"async\" class=\"alignnone size-medium wp-image-87948\" src=\"https:\/\/regiaonews.net.br\/2022\/wp-content\/uploads\/2023\/05\/IMG-20230510-WA0571-300x200.jpg\" alt=\"\" width=\"300\" height=\"200\" srcset=\"https:\/\/regiaonews.net.br\/2022\/wp-content\/uploads\/2023\/05\/IMG-20230510-WA0571-300x200.jpg 300w, https:\/\/regiaonews.net.br\/2022\/wp-content\/uploads\/2023\/05\/IMG-20230510-WA0571-1024x681.jpg 1024w, https:\/\/regiaonews.net.br\/2022\/wp-content\/uploads\/2023\/05\/IMG-20230510-WA0571-768x511.jpg 768w, https:\/\/regiaonews.net.br\/2022\/wp-content\/uploads\/2023\/05\/IMG-20230510-WA0571-1536x1021.jpg 1536w, https:\/\/regiaonews.net.br\/2022\/wp-content\/uploads\/2023\/05\/IMG-20230510-WA0571-250x166.jpg 250w, https:\/\/regiaonews.net.br\/2022\/wp-content\/uploads\/2023\/05\/IMG-20230510-WA0571-900x600.jpg 900w, https:\/\/regiaonews.net.br\/2022\/wp-content\/uploads\/2023\/05\/IMG-20230510-WA0571.jpg 1600w\" sizes=\"auto, (max-width: 300px) 100vw, 300px\" \/><\/a> <a href=\"https:\/\/regiaonews.net.br\/2022\/wp-content\/uploads\/2023\/05\/IMG-20230510-WA0573.jpg\"><img loading=\"lazy\" decoding=\"async\" class=\"alignnone size-medium wp-image-87949\" src=\"https:\/\/regiaonews.net.br\/2022\/wp-content\/uploads\/2023\/05\/IMG-20230510-WA0573-300x200.jpg\" alt=\"\" width=\"300\" height=\"200\" srcset=\"https:\/\/regiaonews.net.br\/2022\/wp-content\/uploads\/2023\/05\/IMG-20230510-WA0573-300x200.jpg 300w, https:\/\/regiaonews.net.br\/2022\/wp-content\/uploads\/2023\/05\/IMG-20230510-WA0573-1024x681.jpg 1024w, https:\/\/regiaonews.net.br\/2022\/wp-content\/uploads\/2023\/05\/IMG-20230510-WA0573-768x511.jpg 768w, https:\/\/regiaonews.net.br\/2022\/wp-content\/uploads\/2023\/05\/IMG-20230510-WA0573-1536x1021.jpg 1536w, https:\/\/regiaonews.net.br\/2022\/wp-content\/uploads\/2023\/05\/IMG-20230510-WA0573-250x166.jpg 250w, https:\/\/regiaonews.net.br\/2022\/wp-content\/uploads\/2023\/05\/IMG-20230510-WA0573-900x600.jpg 900w, https:\/\/regiaonews.net.br\/2022\/wp-content\/uploads\/2023\/05\/IMG-20230510-WA0573.jpg 1600w\" sizes=\"auto, (max-width: 300px) 100vw, 300px\" \/><\/a><\/p>\n","protected":false},"excerpt":{"rendered":"<p>&nbsp; Aconteceu na sexta (5), a\u00a0 entrega oficial das instala\u00e7\u00f5es<\/p>\n","protected":false},"author":2,"featured_media":87911,"comment_status":"open","ping_status":"open","sticky":false,"template":"","format":"standard","meta":{"footnotes":""},"categories":[5,111],"tags":[],"class_list":["post-87910","post","type-post","status-publish","format-standard","has-post-thumbnail","hentry","category-colina","category-cotidiano"],"yoast_head":"<!-- This site is optimized with the Yoast SEO plugin v27.4 - https:\/\/yoast.com\/product\/yoast-seo-wordpress\/ -->\n<title>Prefeitura de Colina inaugura unidade do Programa Estadual Cozinhalimento - Regi\u00e3o News<\/title>\n<meta name=\"robots\" content=\"index, follow, max-snippet:-1, max-image-preview:large, max-video-preview:-1\" \/>\n<link rel=\"canonical\" href=\"https:\/\/regiaonews.net.br\/2022\/2023\/05\/10\/prefeitura-de-colina-inaugura-unidade-do-programa-estadual-cozinhalimento\/\" \/>\n<meta property=\"og:locale\" content=\"pt_BR\" \/>\n<meta property=\"og:type\" content=\"article\" \/>\n<meta property=\"og:title\" content=\"Prefeitura de Colina inaugura unidade do Programa Estadual Cozinhalimento - Regi\u00e3o News\" \/>\n<meta property=\"og:description\" content=\"&nbsp; Aconteceu na sexta (5), a\u00a0 entrega oficial das instala\u00e7\u00f5es\" \/>\n<meta property=\"og:url\" content=\"https:\/\/regiaonews.net.br\/2022\/2023\/05\/10\/prefeitura-de-colina-inaugura-unidade-do-programa-estadual-cozinhalimento\/\" \/>\n<meta property=\"og:site_name\" content=\"Regi\u00e3o News\" \/>\n<meta property=\"article:published_time\" content=\"2023-05-10T21:29:42+00:00\" \/>\n<meta property=\"article:modified_time\" content=\"2023-05-11T00:48:07+00:00\" \/>\n<meta property=\"og:image\" content=\"https:\/\/regiaonews.net.br\/2022\/wp-content\/uploads\/2023\/05\/Colina.jpg\" \/>\n\t<meta property=\"og:image:width\" content=\"1600\" \/>\n\t<meta property=\"og:image:height\" content=\"1064\" \/>\n\t<meta property=\"og:image:type\" content=\"image\/jpeg\" \/>\n<meta name=\"author\" content=\"Roberto\" \/>\n<meta name=\"twitter:card\" content=\"summary_large_image\" \/>\n<meta name=\"twitter:label1\" content=\"Escrito por\" \/>\n\t<meta name=\"twitter:data1\" content=\"Roberto\" \/>\n\t<meta name=\"twitter:label2\" content=\"Est. tempo de leitura\" \/>\n\t<meta name=\"twitter:data2\" content=\"5 minutos\" \/>\n<script type=\"application\/ld+json\" class=\"yoast-schema-graph\">{\"@context\":\"https:\\\/\\\/schema.org\",\"@graph\":[{\"@type\":\"Article\",\"@id\":\"https:\\\/\\\/regiaonews.net.br\\\/2022\\\/2023\\\/05\\\/10\\\/prefeitura-de-colina-inaugura-unidade-do-programa-estadual-cozinhalimento\\\/#article\",\"isPartOf\":{\"@id\":\"https:\\\/\\\/regiaonews.net.br\\\/2022\\\/2023\\\/05\\\/10\\\/prefeitura-de-colina-inaugura-unidade-do-programa-estadual-cozinhalimento\\\/\"},\"author\":{\"name\":\"Roberto\",\"@id\":\"https:\\\/\\\/regiaonews.net.br\\\/2022\\\/#\\\/schema\\\/person\\\/2d205a608a5aa97ac279d7a5e6d89ad8\"},\"headline\":\"Prefeitura de Colina inaugura unidade do Programa Estadual Cozinhalimento\",\"datePublished\":\"2023-05-10T21:29:42+00:00\",\"dateModified\":\"2023-05-11T00:48:07+00:00\",\"mainEntityOfPage\":{\"@id\":\"https:\\\/\\\/regiaonews.net.br\\\/2022\\\/2023\\\/05\\\/10\\\/prefeitura-de-colina-inaugura-unidade-do-programa-estadual-cozinhalimento\\\/\"},\"wordCount\":677,\"commentCount\":0,\"publisher\":{\"@id\":\"https:\\\/\\\/regiaonews.net.br\\\/2022\\\/#organization\"},\"image\":{\"@id\":\"https:\\\/\\\/regiaonews.net.br\\\/2022\\\/2023\\\/05\\\/10\\\/prefeitura-de-colina-inaugura-unidade-do-programa-estadual-cozinhalimento\\\/#primaryimage\"},\"thumbnailUrl\":\"https:\\\/\\\/regiaonews.net.br\\\/2022\\\/wp-content\\\/uploads\\\/2023\\\/05\\\/Colina.jpg\",\"articleSection\":[\"Colina\",\"Cotidiano\"],\"inLanguage\":\"pt-BR\",\"potentialAction\":[{\"@type\":\"CommentAction\",\"name\":\"Comment\",\"target\":[\"https:\\\/\\\/regiaonews.net.br\\\/2022\\\/2023\\\/05\\\/10\\\/prefeitura-de-colina-inaugura-unidade-do-programa-estadual-cozinhalimento\\\/#respond\"]}]},{\"@type\":\"WebPage\",\"@id\":\"https:\\\/\\\/regiaonews.net.br\\\/2022\\\/2023\\\/05\\\/10\\\/prefeitura-de-colina-inaugura-unidade-do-programa-estadual-cozinhalimento\\\/\",\"url\":\"https:\\\/\\\/regiaonews.net.br\\\/2022\\\/2023\\\/05\\\/10\\\/prefeitura-de-colina-inaugura-unidade-do-programa-estadual-cozinhalimento\\\/\",\"name\":\"Prefeitura de Colina inaugura unidade do Programa Estadual Cozinhalimento - Regi\u00e3o News\",\"isPartOf\":{\"@id\":\"https:\\\/\\\/regiaonews.net.br\\\/2022\\\/#website\"},\"primaryImageOfPage\":{\"@id\":\"https:\\\/\\\/regiaonews.net.br\\\/2022\\\/2023\\\/05\\\/10\\\/prefeitura-de-colina-inaugura-unidade-do-programa-estadual-cozinhalimento\\\/#primaryimage\"},\"image\":{\"@id\":\"https:\\\/\\\/regiaonews.net.br\\\/2022\\\/2023\\\/05\\\/10\\\/prefeitura-de-colina-inaugura-unidade-do-programa-estadual-cozinhalimento\\\/#primaryimage\"},\"thumbnailUrl\":\"https:\\\/\\\/regiaonews.net.br\\\/2022\\\/wp-content\\\/uploads\\\/2023\\\/05\\\/Colina.jpg\",\"datePublished\":\"2023-05-10T21:29:42+00:00\",\"dateModified\":\"2023-05-11T00:48:07+00:00\",\"breadcrumb\":{\"@id\":\"https:\\\/\\\/regiaonews.net.br\\\/2022\\\/2023\\\/05\\\/10\\\/prefeitura-de-colina-inaugura-unidade-do-programa-estadual-cozinhalimento\\\/#breadcrumb\"},\"inLanguage\":\"pt-BR\",\"potentialAction\":[{\"@type\":\"ReadAction\",\"target\":[\"https:\\\/\\\/regiaonews.net.br\\\/2022\\\/2023\\\/05\\\/10\\\/prefeitura-de-colina-inaugura-unidade-do-programa-estadual-cozinhalimento\\\/\"]}]},{\"@type\":\"ImageObject\",\"inLanguage\":\"pt-BR\",\"@id\":\"https:\\\/\\\/regiaonews.net.br\\\/2022\\\/2023\\\/05\\\/10\\\/prefeitura-de-colina-inaugura-unidade-do-programa-estadual-cozinhalimento\\\/#primaryimage\",\"url\":\"https:\\\/\\\/regiaonews.net.br\\\/2022\\\/wp-content\\\/uploads\\\/2023\\\/05\\\/Colina.jpg\",\"contentUrl\":\"https:\\\/\\\/regiaonews.net.br\\\/2022\\\/wp-content\\\/uploads\\\/2023\\\/05\\\/Colina.jpg\",\"width\":1600,\"height\":1064},{\"@type\":\"BreadcrumbList\",\"@id\":\"https:\\\/\\\/regiaonews.net.br\\\/2022\\\/2023\\\/05\\\/10\\\/prefeitura-de-colina-inaugura-unidade-do-programa-estadual-cozinhalimento\\\/#breadcrumb\",\"itemListElement\":[{\"@type\":\"ListItem\",\"position\":1,\"name\":\"In\u00edcio\",\"item\":\"https:\\\/\\\/regiaonews.net.br\\\/2022\\\/\"},{\"@type\":\"ListItem\",\"position\":2,\"name\":\"Prefeitura de Colina inaugura unidade do Programa Estadual Cozinhalimento\"}]},{\"@type\":\"WebSite\",\"@id\":\"https:\\\/\\\/regiaonews.net.br\\\/2022\\\/#website\",\"url\":\"https:\\\/\\\/regiaonews.net.br\\\/2022\\\/\",\"name\":\"Regi\u00e3o News\",\"description\":\"Site de Not\u00edcias de Barretos e regi\u00e3o\",\"publisher\":{\"@id\":\"https:\\\/\\\/regiaonews.net.br\\\/2022\\\/#organization\"},\"potentialAction\":[{\"@type\":\"SearchAction\",\"target\":{\"@type\":\"EntryPoint\",\"urlTemplate\":\"https:\\\/\\\/regiaonews.net.br\\\/2022\\\/?s={search_term_string}\"},\"query-input\":{\"@type\":\"PropertyValueSpecification\",\"valueRequired\":true,\"valueName\":\"search_term_string\"}}],\"inLanguage\":\"pt-BR\"},{\"@type\":\"Organization\",\"@id\":\"https:\\\/\\\/regiaonews.net.br\\\/2022\\\/#organization\",\"name\":\"Regi\u00e3o News\",\"url\":\"https:\\\/\\\/regiaonews.net.br\\\/2022\\\/\",\"logo\":{\"@type\":\"ImageObject\",\"inLanguage\":\"pt-BR\",\"@id\":\"https:\\\/\\\/regiaonews.net.br\\\/2022\\\/#\\\/schema\\\/logo\\\/image\\\/\",\"url\":\"https:\\\/\\\/regiaonews.net.br\\\/2022\\\/wp-content\\\/uploads\\\/2026\\\/03\\\/regiao-13-anos-scaled.jpg\",\"contentUrl\":\"https:\\\/\\\/regiaonews.net.br\\\/2022\\\/wp-content\\\/uploads\\\/2026\\\/03\\\/regiao-13-anos-scaled.jpg\",\"width\":2560,\"height\":635,\"caption\":\"Regi\u00e3o News\"},\"image\":{\"@id\":\"https:\\\/\\\/regiaonews.net.br\\\/2022\\\/#\\\/schema\\\/logo\\\/image\\\/\"}},{\"@type\":\"Person\",\"@id\":\"https:\\\/\\\/regiaonews.net.br\\\/2022\\\/#\\\/schema\\\/person\\\/2d205a608a5aa97ac279d7a5e6d89ad8\",\"name\":\"Roberto\",\"image\":{\"@type\":\"ImageObject\",\"inLanguage\":\"pt-BR\",\"@id\":\"https:\\\/\\\/secure.gravatar.com\\\/avatar\\\/42749d8b712ff9d59ca93dc150494e5b55a44134482993f5baeb97e61b7ecc89?s=96&d=mm&r=g\",\"url\":\"https:\\\/\\\/secure.gravatar.com\\\/avatar\\\/42749d8b712ff9d59ca93dc150494e5b55a44134482993f5baeb97e61b7ecc89?s=96&d=mm&r=g\",\"contentUrl\":\"https:\\\/\\\/secure.gravatar.com\\\/avatar\\\/42749d8b712ff9d59ca93dc150494e5b55a44134482993f5baeb97e61b7ecc89?s=96&d=mm&r=g\",\"caption\":\"Roberto\"},\"url\":\"https:\\\/\\\/regiaonews.net.br\\\/2022\\\/author\\\/roberto\\\/\"}]}<\/script>\n<!-- \/ Yoast SEO plugin. -->","yoast_head_json":{"title":"Prefeitura de Colina inaugura unidade do Programa Estadual Cozinhalimento - Regi\u00e3o News","robots":{"index":"index","follow":"follow","max-snippet":"max-snippet:-1","max-image-preview":"max-image-preview:large","max-video-preview":"max-video-preview:-1"},"canonical":"https:\/\/regiaonews.net.br\/2022\/2023\/05\/10\/prefeitura-de-colina-inaugura-unidade-do-programa-estadual-cozinhalimento\/","og_locale":"pt_BR","og_type":"article","og_title":"Prefeitura de Colina inaugura unidade do Programa Estadual Cozinhalimento - Regi\u00e3o News","og_description":"&nbsp; Aconteceu na sexta (5), a\u00a0 entrega oficial das instala\u00e7\u00f5es","og_url":"https:\/\/regiaonews.net.br\/2022\/2023\/05\/10\/prefeitura-de-colina-inaugura-unidade-do-programa-estadual-cozinhalimento\/","og_site_name":"Regi\u00e3o News","article_published_time":"2023-05-10T21:29:42+00:00","article_modified_time":"2023-05-11T00:48:07+00:00","og_image":[{"width":1600,"height":1064,"url":"https:\/\/regiaonews.net.br\/2022\/wp-content\/uploads\/2023\/05\/Colina.jpg","type":"image\/jpeg"}],"author":"Roberto","twitter_card":"summary_large_image","twitter_misc":{"Escrito por":"Roberto","Est. tempo de leitura":"5 minutos"},"schema":{"@context":"https:\/\/schema.org","@graph":[{"@type":"Article","@id":"https:\/\/regiaonews.net.br\/2022\/2023\/05\/10\/prefeitura-de-colina-inaugura-unidade-do-programa-estadual-cozinhalimento\/#article","isPartOf":{"@id":"https:\/\/regiaonews.net.br\/2022\/2023\/05\/10\/prefeitura-de-colina-inaugura-unidade-do-programa-estadual-cozinhalimento\/"},"author":{"name":"Roberto","@id":"https:\/\/regiaonews.net.br\/2022\/#\/schema\/person\/2d205a608a5aa97ac279d7a5e6d89ad8"},"headline":"Prefeitura de Colina inaugura unidade do Programa Estadual Cozinhalimento","datePublished":"2023-05-10T21:29:42+00:00","dateModified":"2023-05-11T00:48:07+00:00","mainEntityOfPage":{"@id":"https:\/\/regiaonews.net.br\/2022\/2023\/05\/10\/prefeitura-de-colina-inaugura-unidade-do-programa-estadual-cozinhalimento\/"},"wordCount":677,"commentCount":0,"publisher":{"@id":"https:\/\/regiaonews.net.br\/2022\/#organization"},"image":{"@id":"https:\/\/regiaonews.net.br\/2022\/2023\/05\/10\/prefeitura-de-colina-inaugura-unidade-do-programa-estadual-cozinhalimento\/#primaryimage"},"thumbnailUrl":"https:\/\/regiaonews.net.br\/2022\/wp-content\/uploads\/2023\/05\/Colina.jpg","articleSection":["Colina","Cotidiano"],"inLanguage":"pt-BR","potentialAction":[{"@type":"CommentAction","name":"Comment","target":["https:\/\/regiaonews.net.br\/2022\/2023\/05\/10\/prefeitura-de-colina-inaugura-unidade-do-programa-estadual-cozinhalimento\/#respond"]}]},{"@type":"WebPage","@id":"https:\/\/regiaonews.net.br\/2022\/2023\/05\/10\/prefeitura-de-colina-inaugura-unidade-do-programa-estadual-cozinhalimento\/","url":"https:\/\/regiaonews.net.br\/2022\/2023\/05\/10\/prefeitura-de-colina-inaugura-unidade-do-programa-estadual-cozinhalimento\/","name":"Prefeitura de Colina inaugura unidade do Programa Estadual Cozinhalimento - Regi\u00e3o News","isPartOf":{"@id":"https:\/\/regiaonews.net.br\/2022\/#website"},"primaryImageOfPage":{"@id":"https:\/\/regiaonews.net.br\/2022\/2023\/05\/10\/prefeitura-de-colina-inaugura-unidade-do-programa-estadual-cozinhalimento\/#primaryimage"},"image":{"@id":"https:\/\/regiaonews.net.br\/2022\/2023\/05\/10\/prefeitura-de-colina-inaugura-unidade-do-programa-estadual-cozinhalimento\/#primaryimage"},"thumbnailUrl":"https:\/\/regiaonews.net.br\/2022\/wp-content\/uploads\/2023\/05\/Colina.jpg","datePublished":"2023-05-10T21:29:42+00:00","dateModified":"2023-05-11T00:48:07+00:00","breadcrumb":{"@id":"https:\/\/regiaonews.net.br\/2022\/2023\/05\/10\/prefeitura-de-colina-inaugura-unidade-do-programa-estadual-cozinhalimento\/#breadcrumb"},"inLanguage":"pt-BR","potentialAction":[{"@type":"ReadAction","target":["https:\/\/regiaonews.net.br\/2022\/2023\/05\/10\/prefeitura-de-colina-inaugura-unidade-do-programa-estadual-cozinhalimento\/"]}]},{"@type":"ImageObject","inLanguage":"pt-BR","@id":"https:\/\/regiaonews.net.br\/2022\/2023\/05\/10\/prefeitura-de-colina-inaugura-unidade-do-programa-estadual-cozinhalimento\/#primaryimage","url":"https:\/\/regiaonews.net.br\/2022\/wp-content\/uploads\/2023\/05\/Colina.jpg","contentUrl":"https:\/\/regiaonews.net.br\/2022\/wp-content\/uploads\/2023\/05\/Colina.jpg","width":1600,"height":1064},{"@type":"BreadcrumbList","@id":"https:\/\/regiaonews.net.br\/2022\/2023\/05\/10\/prefeitura-de-colina-inaugura-unidade-do-programa-estadual-cozinhalimento\/#breadcrumb","itemListElement":[{"@type":"ListItem","position":1,"name":"In\u00edcio","item":"https:\/\/regiaonews.net.br\/2022\/"},{"@type":"ListItem","position":2,"name":"Prefeitura de Colina inaugura unidade do Programa Estadual Cozinhalimento"}]},{"@type":"WebSite","@id":"https:\/\/regiaonews.net.br\/2022\/#website","url":"https:\/\/regiaonews.net.br\/2022\/","name":"Regi\u00e3o News","description":"Site de Not\u00edcias de Barretos e regi\u00e3o","publisher":{"@id":"https:\/\/regiaonews.net.br\/2022\/#organization"},"potentialAction":[{"@type":"SearchAction","target":{"@type":"EntryPoint","urlTemplate":"https:\/\/regiaonews.net.br\/2022\/?s={search_term_string}"},"query-input":{"@type":"PropertyValueSpecification","valueRequired":true,"valueName":"search_term_string"}}],"inLanguage":"pt-BR"},{"@type":"Organization","@id":"https:\/\/regiaonews.net.br\/2022\/#organization","name":"Regi\u00e3o News","url":"https:\/\/regiaonews.net.br\/2022\/","logo":{"@type":"ImageObject","inLanguage":"pt-BR","@id":"https:\/\/regiaonews.net.br\/2022\/#\/schema\/logo\/image\/","url":"https:\/\/regiaonews.net.br\/2022\/wp-content\/uploads\/2026\/03\/regiao-13-anos-scaled.jpg","contentUrl":"https:\/\/regiaonews.net.br\/2022\/wp-content\/uploads\/2026\/03\/regiao-13-anos-scaled.jpg","width":2560,"height":635,"caption":"Regi\u00e3o News"},"image":{"@id":"https:\/\/regiaonews.net.br\/2022\/#\/schema\/logo\/image\/"}},{"@type":"Person","@id":"https:\/\/regiaonews.net.br\/2022\/#\/schema\/person\/2d205a608a5aa97ac279d7a5e6d89ad8","name":"Roberto","image":{"@type":"ImageObject","inLanguage":"pt-BR","@id":"https:\/\/secure.gravatar.com\/avatar\/42749d8b712ff9d59ca93dc150494e5b55a44134482993f5baeb97e61b7ecc89?s=96&d=mm&r=g","url":"https:\/\/secure.gravatar.com\/avatar\/42749d8b712ff9d59ca93dc150494e5b55a44134482993f5baeb97e61b7ecc89?s=96&d=mm&r=g","contentUrl":"https:\/\/secure.gravatar.com\/avatar\/42749d8b712ff9d59ca93dc150494e5b55a44134482993f5baeb97e61b7ecc89?s=96&d=mm&r=g","caption":"Roberto"},"url":"https:\/\/regiaonews.net.br\/2022\/author\/roberto\/"}]}},"publishpress_future_action":{"enabled":false,"date":"2026-05-03 04:51:50","action":"change-status","newStatus":"draft","terms":[],"taxonomy":"category","extraData":[]},"publishpress_future_workflow_manual_trigger":{"enabledWorkflows":[]},"_links":{"self":[{"href":"https:\/\/regiaonews.net.br\/2022\/wp-json\/wp\/v2\/posts\/87910","targetHints":{"allow":["GET"]}}],"collection":[{"href":"https:\/\/regiaonews.net.br\/2022\/wp-json\/wp\/v2\/posts"}],"about":[{"href":"https:\/\/regiaonews.net.br\/2022\/wp-json\/wp\/v2\/types\/post"}],"author":[{"embeddable":true,"href":"https:\/\/regiaonews.net.br\/2022\/wp-json\/wp\/v2\/users\/2"}],"replies":[{"embeddable":true,"href":"https:\/\/regiaonews.net.br\/2022\/wp-json\/wp\/v2\/comments?post=87910"}],"version-history":[{"count":3,"href":"https:\/\/regiaonews.net.br\/2022\/wp-json\/wp\/v2\/posts\/87910\/revisions"}],"predecessor-version":[{"id":87951,"href":"https:\/\/regiaonews.net.br\/2022\/wp-json\/wp\/v2\/posts\/87910\/revisions\/87951"}],"wp:featuredmedia":[{"embeddable":true,"href":"https:\/\/regiaonews.net.br\/2022\/wp-json\/wp\/v2\/media\/87911"}],"wp:attachment":[{"href":"https:\/\/regiaonews.net.br\/2022\/wp-json\/wp\/v2\/media?parent=87910"}],"wp:term":[{"taxonomy":"category","embeddable":true,"href":"https:\/\/regiaonews.net.br\/2022\/wp-json\/wp\/v2\/categories?post=87910"},{"taxonomy":"post_tag","embeddable":true,"href":"https:\/\/regiaonews.net.br\/2022\/wp-json\/wp\/v2\/tags?post=87910"}],"curies":[{"name":"wp","href":"https:\/\/api.w.org\/{rel}","templated":true}]}}