{"id":87851,"date":"2023-05-09T11:47:15","date_gmt":"2023-05-09T14:47:15","guid":{"rendered":"https:\/\/regiaonews.net.br\/2022\/?p=87851"},"modified":"2023-05-09T22:24:03","modified_gmt":"2023-05-10T01:24:03","slug":"barretos-em-dancas-2023-revela-estancia-turistica-de-barretos-como-importante-etapa-nacional","status":"publish","type":"post","link":"https:\/\/regiaonews.net.br\/2022\/2023\/05\/09\/barretos-em-dancas-2023-revela-estancia-turistica-de-barretos-como-importante-etapa-nacional\/","title":{"rendered":"\u201cBarretos em Dan\u00e7as 2023\u201d revela Est\u00e2ncia Tur\u00edstica de Barretos como importante etapa nacional"},"content":{"rendered":"<h3 style=\"text-align: center;\">Evento realizado de 5 a 7 de maio no Teatro Cine Barretos agitou o p\u00fablico presente.<\/h3>\n<p>Coreografias elaboradas, emo\u00e7\u00e3o e euforia definem a edi\u00e7\u00e3o 2023 do \u201cBarretos em Dan\u00e7as\u201d 2023, evento realizado pela Prefeitura da Est\u00e2ncia Tur\u00edstica de Barretos, por meio da Secretaria Municipal de Cultura, e o Instituto Cultural Promodan\u00e7a no \u00faltimo final de semana, no Centro Cultural \u201cOs\u00f3rio Falleiros da Rocha\u201d, o Teatro Cine Barretos.<br \/>\nForam apresentadas cerca de 150 coreografias executadas por dan\u00e7arinos (as) de escolas e centros de dan\u00e7a de Barretos e outras cidades da regi\u00e3o. O festival teve entrada gratuita com casa lotada nos tr\u00eas dias de apresenta\u00e7\u00e3o. Em cada dia, ap\u00f3s as apresenta\u00e7\u00f5es eram anunciadas as coreografias em diversos estilos, dan\u00e7arinos(as), bailarinos(as) e escolas campe\u00e3s. No domingo (07) foram anunciadas ainda as premia\u00e7\u00f5es especiais.<br \/>\nMaur\u00edcio Oliveira, diretor do Instituto Promodan\u00e7a, elogiou a organiza\u00e7\u00e3o de Barretos e disse que a Est\u00e2ncia Tur\u00edstica tem grande potencial para se tornar local de revela\u00e7\u00e3o de grandes talentos da dan\u00e7a. \u201cO Barretos em Dan\u00e7as 2023 superou todas as expectativas, dobrou o n\u00famero de participantes e alcan\u00e7ou um grande respeito entre os outros festivais. Barretos tem tudo para ser ponto de dan\u00e7a na nossa regi\u00e3o. A cidade tem capacidade, o teatro comporta e tem tudo pra revelar talentos para todo o pa\u00eds. A atual administra\u00e7\u00e3o e a prefeita Paula Lemos est\u00e1 nos dando um grande apoio\u201d, falou.<br \/>\nHelena Baptista, professora de bal\u00e9 do Cemart, recebeu o pr\u00eamio de melhor bailarina do festival e ainda recebeu convite para atuar em uma companhia de dan\u00e7a como solista. Ela falou sobre a import\u00e2ncia do festival para a dan\u00e7a. \u201cOs resultados representam os esfor\u00e7os do meu trabalho por todos esses anos. A gente precisa ter comunica\u00e7\u00e3o com a dan\u00e7a no cen\u00e1rio nacional, principalmente com os grandes polos. Trazer um festival nesse porte \u00e9 muito importante porque mostra nosso trabalho, mostra para esses grandes polos e para as grandes companhias que aqui tem trabalho profissional\u201d, disse.<br \/>\nMarcelo Benevides, do Studio de Dan\u00e7a Marcelo Benevides, recebeu o pr\u00eamio de escola cidade sede, entre outras premia\u00e7\u00f5es, e disse que os resultados impulsionam a dan\u00e7a em Barretos e incentiva os profissionais e alunos. \u201cA participa\u00e7\u00e3o no \u201cBarretos em Dan\u00e7as\u201d foi incr\u00edvel, motiva os alunos. E ter um resultado apoiado pelo j\u00fari \u00e9 incr\u00edvel e reflete o trabalho desenvolvido na escola. \u00c9 sinal que estamos fazendo um trabalho muito bom. O objetivo principal do grupo de dan\u00e7a \u00e9 realmente projetar o grupo e gerar benef\u00edcios n\u00e3o s\u00f3 na dan\u00e7a, mas na vida pessoal\u201d, afirmou.<br \/>\nAdilson Tedesco, do Studio Marcelo Benevides recebeu o pr\u00eamio de primeiro lugar na coreografia de sapateado. \u201cA alegria que estamos sentindo n\u00e3o est\u00e1 cabendo no peito. \u00c9 importante trazer essa cultura pra Barretos pra mostrar que Barretos pode mais. Temos muitas escolas em e a gente consegue ir muito longe\u201d, disse.<br \/>\nAna J\u00falia Oliveira, da AF Produ\u00e7\u00f5es, recebeu o pr\u00eamio de destaque coreogr\u00e1fico e agora est\u00e1 empolgada em continuar se aprimorando na dan\u00e7a. \u201cPara mim \u00e9 uma oportunidade muito grande. Agora \u00e9 evoluir, melhorar sempre e treinar, treinar e treinar\u201d, revelou.<br \/>\nOs artistas da cidade tiveram destaque na competi\u00e7\u00e3o deste ano. Academias e dan\u00e7arinos (as) da cidade alcan\u00e7aram grades premia\u00e7\u00f5es, com feitos in\u00e9ditos para professores e alunos do Centro Municipal de Artes \u201cBezerra de Menezes\u201d, o CEMART.<br \/>\nSegundo o secret\u00e1rio de Cultura, Rog\u00e9rio Teod\u00f3sio, uma oportunidade para crescer e destacar a Est\u00e2ncia Tur\u00edstica de Barretos. \u201cO Barretos em Dan\u00e7as mostra que somos grandes e vamos continuar crescendo\u201d, concluiu.<br \/>\nOs primeiros colocados da etapa Barretos garantem vaga para o \u201cFestival Internacional Dan\u00e7ar a Vida Caraguatatuba\u201d, que ser\u00e1 realizado de 06 a 16 de julho deste ano.<\/p>\n<p>as premia\u00e7\u00f5es especiais 2023 do \u201cBarretos em Dan\u00e7as\u201d<\/p>\n<p>Pr\u00eamio Barretos em Dan\u00e7as 2023 Academia: outras cidades<br \/>\nBallet Karina Rezende \u2013 Londrina<\/p>\n<p>Pr\u00eamio Barretos em Dan\u00e7as 2023: cidade sede<br \/>\nStudio De Dan\u00e7as Marcelo Benevides \u2013 Barretos<\/p>\n<p>Pr\u00eamio de Melhor Coreografo<br \/>\nBRENNO FABRIS: Ara\u00e7atuba<\/p>\n<p>Pr\u00eamio de Coreografo Revela\u00e7\u00e3o<br \/>\nLucas Mendes: S\u00e3o Jose do Rio Preto<\/p>\n<p>Pr\u00eamio de Melhor coreografia:<br \/>\nConex\u00f5es: Lucas Mendes, pelo Ellen Mattos Ballet &#8211; S\u00e3o Jos\u00e9 do Rio Preto<\/p>\n<p>Pr\u00eamio Especial do J\u00fari para coreografia<br \/>\nEncontros e desencontros: Marcelo Benevides, pelo Studio Marcelo Benevides &#8211; Barretos<\/p>\n<p>Pr\u00eamio de Melhor Bailarina<br \/>\nHelena Baptista: N\u00facleo de dan\u00e7a Cemart \u2013 Barretos<\/p>\n<p>Pr\u00eamio de Melhor Int\u00e9rprete<br \/>\nBeatriz Fernandes &#8211; Ballet Karina Rezende \u2013 Londrina<\/p>\n<p>Pr\u00eamio de Bailarino Revela\u00e7\u00e3o<br \/>\nGabriel Amorim \u2013 Studio Isadora Galdiano \u2013 Barretos<\/p>\n<p>Pr\u00eamio Destaque coreogr\u00e1fico<br \/>\nAna Julia Oliveira &#8211; A F Company \u2013 Barretos<\/p>\n<p>Premia\u00e7\u00f5es Centro municipal de Artes \u201cBezerra de Menezes\u201d \u2013 CEMART<br \/>\nSolo Contemporaneo &#8211; 1\u00ba Lugar<br \/>\nNucleo De Dan\u00e7a Cemart \u2013 Barretos<br \/>\nCoreografia: Oscila\u00e7\u00f5es<br \/>\nCore\u00f3grafa: Helena Baptista<br \/>\nInt\u00e9rprete: Helena Baptista<\/p>\n<p>Solo Livre &#8211; 2\u00ba Lugar<br \/>\nCoreografia: Entremeio<br \/>\nCore\u00f3grafa: Helena Baptista<br \/>\nInt\u00e9rprete: Ana Julia Gon\u00e7alves Silva<\/p>\n<p>Duo Sapateado Senior &#8211; 1\u00ba Lugar<br \/>\nCoreografia: Sensorial<br \/>\nCore\u00f3grafa: Joyce Camassutti<br \/>\nInt\u00e9rpretes: Erica Melo e Joyce Camassutti<\/p>\n<p>Duo Contempor\u00e2neo S\u00eanior- 1\u00ba Lugar<br \/>\nCoreografia: Intervalos<br \/>\nCore\u00f3grafa: Helena Baptista e Natalia Rafaela<br \/>\nInt\u00e9rpretes: Helena Baptista e Natalia Rafaela<\/p>\n<p>Trio Estilo Livre S\u00eanior &#8211; 1\u00ba Lugar<br \/>\nCoreografia: Fio da Meada<br \/>\nCore\u00f3grafa: Erica Melo<br \/>\nInt\u00e9rpretes: Erica Melo, Carolina Ribeiro e Helena Baptista<\/p>\n<p>Solo Neoclassico Senior &#8211; 3\u00ba Lugar<br \/>\nCoreografia: Liberte<br \/>\nCore\u00f3grafa: \u00c9rica Melo<br \/>\nInt\u00e9rprete: Rafael Moreira Prado<\/p>\n<p>Conjunto Jazz Amador II \u2013 1\u00ba Lugar<br \/>\nCoreografia: Por qu\u00ea?<br \/>\nCore\u00f3grafa: Carolina Ribeiro<br \/>\nInt\u00e9rpretes:<br \/>\nAndrey Lima<br \/>\nCarolina Ribeiro<br \/>\nErica Melo<br \/>\nHelena Baptista<br \/>\nJoyce Camassutti<br \/>\nNat\u00e1lia Rafaela<br \/>\nRafael Moreira Prado<\/p>\n<p>Solo Estilo Livre S\u00eanior &#8211; 3\u00ba Lugar<br \/>\nCoreografia: Quebra quotidiana Core\u00f3grafa: Helena Baptista<br \/>\nInt\u00e9rprete: Andrey Lima<\/p>\n<p>Conjunto Estilo livre Amador II \u2013 1\u00ba Lugar<br \/>\nCoreografia: Amores do Sert\u00e3o<br \/>\nCore\u00f3grafa: Joyce Camassutti<br \/>\nInt\u00e9rpretes:<br \/>\nAndrey Lima<br \/>\nCarolina Ribeiro<br \/>\nErica Melo<br \/>\nHelena Baptista<br \/>\nJoyce Camassutti<br \/>\nMarcela Sp\u00e2nghero<br \/>\nThais Costa<\/p>\n<p>Pr\u00eamio de Melhor Bailarina do Festival<br \/>\nHelena Baptista: N\u00facleo de dan\u00e7a Cemart \u2013 Barretos<\/p>\n<p>Assimp-324-2023<br \/>\nReda\u00e7\u00e3o: Assessoria de Imprensa \/ Sec. Mun. de Cultura<br \/>\nFotos:\u00a0Tininho\u00a0Jr.<\/p>\n","protected":false},"excerpt":{"rendered":"<p>Evento realizado de 5 a 7 de maio no Teatro<\/p>\n","protected":false},"author":2,"featured_media":87852,"comment_status":"open","ping_status":"open","sticky":false,"template":"","format":"standard","meta":{"footnotes":""},"categories":[14,111,3],"tags":[],"class_list":["post-87851","post","type-post","status-publish","format-standard","has-post-thumbnail","hentry","category-barretos","category-cotidiano","category-geral"],"yoast_head":"<!-- This site is optimized with the Yoast SEO plugin v27.4 - https:\/\/yoast.com\/product\/yoast-seo-wordpress\/ -->\n<title>\u201cBarretos em Dan\u00e7as 2023\u201d revela Est\u00e2ncia Tur\u00edstica de Barretos como importante etapa nacional - Regi\u00e3o News<\/title>\n<meta name=\"robots\" content=\"index, follow, max-snippet:-1, max-image-preview:large, max-video-preview:-1\" \/>\n<link rel=\"canonical\" href=\"https:\/\/regiaonews.net.br\/2022\/2023\/05\/09\/barretos-em-dancas-2023-revela-estancia-turistica-de-barretos-como-importante-etapa-nacional\/\" \/>\n<meta property=\"og:locale\" content=\"pt_BR\" \/>\n<meta property=\"og:type\" content=\"article\" \/>\n<meta property=\"og:title\" content=\"\u201cBarretos em Dan\u00e7as 2023\u201d revela Est\u00e2ncia Tur\u00edstica de Barretos como importante etapa nacional - Regi\u00e3o News\" \/>\n<meta property=\"og:description\" content=\"Evento realizado de 5 a 7 de maio no Teatro\" \/>\n<meta property=\"og:url\" content=\"https:\/\/regiaonews.net.br\/2022\/2023\/05\/09\/barretos-em-dancas-2023-revela-estancia-turistica-de-barretos-como-importante-etapa-nacional\/\" \/>\n<meta property=\"og:site_name\" content=\"Regi\u00e3o News\" \/>\n<meta property=\"article:published_time\" content=\"2023-05-09T14:47:15+00:00\" \/>\n<meta property=\"article:modified_time\" content=\"2023-05-10T01:24:03+00:00\" \/>\n<meta property=\"og:image\" content=\"https:\/\/regiaonews.net.br\/2022\/wp-content\/uploads\/2023\/05\/Imagem-do-WhatsApp-de-2023-05-09-as-09.51.31.jpg\" \/>\n\t<meta property=\"og:image:width\" content=\"1600\" \/>\n\t<meta property=\"og:image:height\" content=\"983\" \/>\n\t<meta property=\"og:image:type\" content=\"image\/jpeg\" \/>\n<meta name=\"author\" content=\"Roberto\" \/>\n<meta name=\"twitter:card\" content=\"summary_large_image\" \/>\n<meta name=\"twitter:label1\" content=\"Escrito por\" \/>\n\t<meta name=\"twitter:data1\" content=\"Roberto\" \/>\n\t<meta name=\"twitter:label2\" content=\"Est. tempo de leitura\" \/>\n\t<meta name=\"twitter:data2\" content=\"6 minutos\" \/>\n<script type=\"application\/ld+json\" class=\"yoast-schema-graph\">{\"@context\":\"https:\\\/\\\/schema.org\",\"@graph\":[{\"@type\":\"Article\",\"@id\":\"https:\\\/\\\/regiaonews.net.br\\\/2022\\\/2023\\\/05\\\/09\\\/barretos-em-dancas-2023-revela-estancia-turistica-de-barretos-como-importante-etapa-nacional\\\/#article\",\"isPartOf\":{\"@id\":\"https:\\\/\\\/regiaonews.net.br\\\/2022\\\/2023\\\/05\\\/09\\\/barretos-em-dancas-2023-revela-estancia-turistica-de-barretos-como-importante-etapa-nacional\\\/\"},\"author\":{\"name\":\"Roberto\",\"@id\":\"https:\\\/\\\/regiaonews.net.br\\\/2022\\\/#\\\/schema\\\/person\\\/2d205a608a5aa97ac279d7a5e6d89ad8\"},\"headline\":\"\u201cBarretos em Dan\u00e7as 2023\u201d revela Est\u00e2ncia Tur\u00edstica de Barretos como importante etapa nacional\",\"datePublished\":\"2023-05-09T14:47:15+00:00\",\"dateModified\":\"2023-05-10T01:24:03+00:00\",\"mainEntityOfPage\":{\"@id\":\"https:\\\/\\\/regiaonews.net.br\\\/2022\\\/2023\\\/05\\\/09\\\/barretos-em-dancas-2023-revela-estancia-turistica-de-barretos-como-importante-etapa-nacional\\\/\"},\"wordCount\":1062,\"commentCount\":0,\"publisher\":{\"@id\":\"https:\\\/\\\/regiaonews.net.br\\\/2022\\\/#organization\"},\"image\":{\"@id\":\"https:\\\/\\\/regiaonews.net.br\\\/2022\\\/2023\\\/05\\\/09\\\/barretos-em-dancas-2023-revela-estancia-turistica-de-barretos-como-importante-etapa-nacional\\\/#primaryimage\"},\"thumbnailUrl\":\"https:\\\/\\\/regiaonews.net.br\\\/2022\\\/wp-content\\\/uploads\\\/2023\\\/05\\\/Imagem-do-WhatsApp-de-2023-05-09-as-09.51.31.jpg\",\"articleSection\":[\"Barretos\",\"Cotidiano\",\"Geral\"],\"inLanguage\":\"pt-BR\",\"potentialAction\":[{\"@type\":\"CommentAction\",\"name\":\"Comment\",\"target\":[\"https:\\\/\\\/regiaonews.net.br\\\/2022\\\/2023\\\/05\\\/09\\\/barretos-em-dancas-2023-revela-estancia-turistica-de-barretos-como-importante-etapa-nacional\\\/#respond\"]}]},{\"@type\":\"WebPage\",\"@id\":\"https:\\\/\\\/regiaonews.net.br\\\/2022\\\/2023\\\/05\\\/09\\\/barretos-em-dancas-2023-revela-estancia-turistica-de-barretos-como-importante-etapa-nacional\\\/\",\"url\":\"https:\\\/\\\/regiaonews.net.br\\\/2022\\\/2023\\\/05\\\/09\\\/barretos-em-dancas-2023-revela-estancia-turistica-de-barretos-como-importante-etapa-nacional\\\/\",\"name\":\"\u201cBarretos em Dan\u00e7as 2023\u201d revela Est\u00e2ncia Tur\u00edstica de Barretos como importante etapa nacional - Regi\u00e3o News\",\"isPartOf\":{\"@id\":\"https:\\\/\\\/regiaonews.net.br\\\/2022\\\/#website\"},\"primaryImageOfPage\":{\"@id\":\"https:\\\/\\\/regiaonews.net.br\\\/2022\\\/2023\\\/05\\\/09\\\/barretos-em-dancas-2023-revela-estancia-turistica-de-barretos-como-importante-etapa-nacional\\\/#primaryimage\"},\"image\":{\"@id\":\"https:\\\/\\\/regiaonews.net.br\\\/2022\\\/2023\\\/05\\\/09\\\/barretos-em-dancas-2023-revela-estancia-turistica-de-barretos-como-importante-etapa-nacional\\\/#primaryimage\"},\"thumbnailUrl\":\"https:\\\/\\\/regiaonews.net.br\\\/2022\\\/wp-content\\\/uploads\\\/2023\\\/05\\\/Imagem-do-WhatsApp-de-2023-05-09-as-09.51.31.jpg\",\"datePublished\":\"2023-05-09T14:47:15+00:00\",\"dateModified\":\"2023-05-10T01:24:03+00:00\",\"breadcrumb\":{\"@id\":\"https:\\\/\\\/regiaonews.net.br\\\/2022\\\/2023\\\/05\\\/09\\\/barretos-em-dancas-2023-revela-estancia-turistica-de-barretos-como-importante-etapa-nacional\\\/#breadcrumb\"},\"inLanguage\":\"pt-BR\",\"potentialAction\":[{\"@type\":\"ReadAction\",\"target\":[\"https:\\\/\\\/regiaonews.net.br\\\/2022\\\/2023\\\/05\\\/09\\\/barretos-em-dancas-2023-revela-estancia-turistica-de-barretos-como-importante-etapa-nacional\\\/\"]}]},{\"@type\":\"ImageObject\",\"inLanguage\":\"pt-BR\",\"@id\":\"https:\\\/\\\/regiaonews.net.br\\\/2022\\\/2023\\\/05\\\/09\\\/barretos-em-dancas-2023-revela-estancia-turistica-de-barretos-como-importante-etapa-nacional\\\/#primaryimage\",\"url\":\"https:\\\/\\\/regiaonews.net.br\\\/2022\\\/wp-content\\\/uploads\\\/2023\\\/05\\\/Imagem-do-WhatsApp-de-2023-05-09-as-09.51.31.jpg\",\"contentUrl\":\"https:\\\/\\\/regiaonews.net.br\\\/2022\\\/wp-content\\\/uploads\\\/2023\\\/05\\\/Imagem-do-WhatsApp-de-2023-05-09-as-09.51.31.jpg\",\"width\":1600,\"height\":983},{\"@type\":\"BreadcrumbList\",\"@id\":\"https:\\\/\\\/regiaonews.net.br\\\/2022\\\/2023\\\/05\\\/09\\\/barretos-em-dancas-2023-revela-estancia-turistica-de-barretos-como-importante-etapa-nacional\\\/#breadcrumb\",\"itemListElement\":[{\"@type\":\"ListItem\",\"position\":1,\"name\":\"In\u00edcio\",\"item\":\"https:\\\/\\\/regiaonews.net.br\\\/2022\\\/\"},{\"@type\":\"ListItem\",\"position\":2,\"name\":\"\u201cBarretos em Dan\u00e7as 2023\u201d revela Est\u00e2ncia Tur\u00edstica de Barretos como importante etapa nacional\"}]},{\"@type\":\"WebSite\",\"@id\":\"https:\\\/\\\/regiaonews.net.br\\\/2022\\\/#website\",\"url\":\"https:\\\/\\\/regiaonews.net.br\\\/2022\\\/\",\"name\":\"Regi\u00e3o News\",\"description\":\"Site de Not\u00edcias de Barretos e regi\u00e3o\",\"publisher\":{\"@id\":\"https:\\\/\\\/regiaonews.net.br\\\/2022\\\/#organization\"},\"potentialAction\":[{\"@type\":\"SearchAction\",\"target\":{\"@type\":\"EntryPoint\",\"urlTemplate\":\"https:\\\/\\\/regiaonews.net.br\\\/2022\\\/?s={search_term_string}\"},\"query-input\":{\"@type\":\"PropertyValueSpecification\",\"valueRequired\":true,\"valueName\":\"search_term_string\"}}],\"inLanguage\":\"pt-BR\"},{\"@type\":\"Organization\",\"@id\":\"https:\\\/\\\/regiaonews.net.br\\\/2022\\\/#organization\",\"name\":\"Regi\u00e3o News\",\"url\":\"https:\\\/\\\/regiaonews.net.br\\\/2022\\\/\",\"logo\":{\"@type\":\"ImageObject\",\"inLanguage\":\"pt-BR\",\"@id\":\"https:\\\/\\\/regiaonews.net.br\\\/2022\\\/#\\\/schema\\\/logo\\\/image\\\/\",\"url\":\"https:\\\/\\\/regiaonews.net.br\\\/2022\\\/wp-content\\\/uploads\\\/2026\\\/03\\\/regiao-13-anos-scaled.jpg\",\"contentUrl\":\"https:\\\/\\\/regiaonews.net.br\\\/2022\\\/wp-content\\\/uploads\\\/2026\\\/03\\\/regiao-13-anos-scaled.jpg\",\"width\":2560,\"height\":635,\"caption\":\"Regi\u00e3o News\"},\"image\":{\"@id\":\"https:\\\/\\\/regiaonews.net.br\\\/2022\\\/#\\\/schema\\\/logo\\\/image\\\/\"}},{\"@type\":\"Person\",\"@id\":\"https:\\\/\\\/regiaonews.net.br\\\/2022\\\/#\\\/schema\\\/person\\\/2d205a608a5aa97ac279d7a5e6d89ad8\",\"name\":\"Roberto\",\"image\":{\"@type\":\"ImageObject\",\"inLanguage\":\"pt-BR\",\"@id\":\"https:\\\/\\\/secure.gravatar.com\\\/avatar\\\/42749d8b712ff9d59ca93dc150494e5b55a44134482993f5baeb97e61b7ecc89?s=96&d=mm&r=g\",\"url\":\"https:\\\/\\\/secure.gravatar.com\\\/avatar\\\/42749d8b712ff9d59ca93dc150494e5b55a44134482993f5baeb97e61b7ecc89?s=96&d=mm&r=g\",\"contentUrl\":\"https:\\\/\\\/secure.gravatar.com\\\/avatar\\\/42749d8b712ff9d59ca93dc150494e5b55a44134482993f5baeb97e61b7ecc89?s=96&d=mm&r=g\",\"caption\":\"Roberto\"},\"url\":\"https:\\\/\\\/regiaonews.net.br\\\/2022\\\/author\\\/roberto\\\/\"}]}<\/script>\n<!-- \/ Yoast SEO plugin. -->","yoast_head_json":{"title":"\u201cBarretos em Dan\u00e7as 2023\u201d revela Est\u00e2ncia Tur\u00edstica de Barretos como importante etapa nacional - Regi\u00e3o News","robots":{"index":"index","follow":"follow","max-snippet":"max-snippet:-1","max-image-preview":"max-image-preview:large","max-video-preview":"max-video-preview:-1"},"canonical":"https:\/\/regiaonews.net.br\/2022\/2023\/05\/09\/barretos-em-dancas-2023-revela-estancia-turistica-de-barretos-como-importante-etapa-nacional\/","og_locale":"pt_BR","og_type":"article","og_title":"\u201cBarretos em Dan\u00e7as 2023\u201d revela Est\u00e2ncia Tur\u00edstica de Barretos como importante etapa nacional - Regi\u00e3o News","og_description":"Evento realizado de 5 a 7 de maio no Teatro","og_url":"https:\/\/regiaonews.net.br\/2022\/2023\/05\/09\/barretos-em-dancas-2023-revela-estancia-turistica-de-barretos-como-importante-etapa-nacional\/","og_site_name":"Regi\u00e3o News","article_published_time":"2023-05-09T14:47:15+00:00","article_modified_time":"2023-05-10T01:24:03+00:00","og_image":[{"width":1600,"height":983,"url":"https:\/\/regiaonews.net.br\/2022\/wp-content\/uploads\/2023\/05\/Imagem-do-WhatsApp-de-2023-05-09-as-09.51.31.jpg","type":"image\/jpeg"}],"author":"Roberto","twitter_card":"summary_large_image","twitter_misc":{"Escrito por":"Roberto","Est. tempo de leitura":"6 minutos"},"schema":{"@context":"https:\/\/schema.org","@graph":[{"@type":"Article","@id":"https:\/\/regiaonews.net.br\/2022\/2023\/05\/09\/barretos-em-dancas-2023-revela-estancia-turistica-de-barretos-como-importante-etapa-nacional\/#article","isPartOf":{"@id":"https:\/\/regiaonews.net.br\/2022\/2023\/05\/09\/barretos-em-dancas-2023-revela-estancia-turistica-de-barretos-como-importante-etapa-nacional\/"},"author":{"name":"Roberto","@id":"https:\/\/regiaonews.net.br\/2022\/#\/schema\/person\/2d205a608a5aa97ac279d7a5e6d89ad8"},"headline":"\u201cBarretos em Dan\u00e7as 2023\u201d revela Est\u00e2ncia Tur\u00edstica de Barretos como importante etapa nacional","datePublished":"2023-05-09T14:47:15+00:00","dateModified":"2023-05-10T01:24:03+00:00","mainEntityOfPage":{"@id":"https:\/\/regiaonews.net.br\/2022\/2023\/05\/09\/barretos-em-dancas-2023-revela-estancia-turistica-de-barretos-como-importante-etapa-nacional\/"},"wordCount":1062,"commentCount":0,"publisher":{"@id":"https:\/\/regiaonews.net.br\/2022\/#organization"},"image":{"@id":"https:\/\/regiaonews.net.br\/2022\/2023\/05\/09\/barretos-em-dancas-2023-revela-estancia-turistica-de-barretos-como-importante-etapa-nacional\/#primaryimage"},"thumbnailUrl":"https:\/\/regiaonews.net.br\/2022\/wp-content\/uploads\/2023\/05\/Imagem-do-WhatsApp-de-2023-05-09-as-09.51.31.jpg","articleSection":["Barretos","Cotidiano","Geral"],"inLanguage":"pt-BR","potentialAction":[{"@type":"CommentAction","name":"Comment","target":["https:\/\/regiaonews.net.br\/2022\/2023\/05\/09\/barretos-em-dancas-2023-revela-estancia-turistica-de-barretos-como-importante-etapa-nacional\/#respond"]}]},{"@type":"WebPage","@id":"https:\/\/regiaonews.net.br\/2022\/2023\/05\/09\/barretos-em-dancas-2023-revela-estancia-turistica-de-barretos-como-importante-etapa-nacional\/","url":"https:\/\/regiaonews.net.br\/2022\/2023\/05\/09\/barretos-em-dancas-2023-revela-estancia-turistica-de-barretos-como-importante-etapa-nacional\/","name":"\u201cBarretos em Dan\u00e7as 2023\u201d revela Est\u00e2ncia Tur\u00edstica de Barretos como importante etapa nacional - Regi\u00e3o News","isPartOf":{"@id":"https:\/\/regiaonews.net.br\/2022\/#website"},"primaryImageOfPage":{"@id":"https:\/\/regiaonews.net.br\/2022\/2023\/05\/09\/barretos-em-dancas-2023-revela-estancia-turistica-de-barretos-como-importante-etapa-nacional\/#primaryimage"},"image":{"@id":"https:\/\/regiaonews.net.br\/2022\/2023\/05\/09\/barretos-em-dancas-2023-revela-estancia-turistica-de-barretos-como-importante-etapa-nacional\/#primaryimage"},"thumbnailUrl":"https:\/\/regiaonews.net.br\/2022\/wp-content\/uploads\/2023\/05\/Imagem-do-WhatsApp-de-2023-05-09-as-09.51.31.jpg","datePublished":"2023-05-09T14:47:15+00:00","dateModified":"2023-05-10T01:24:03+00:00","breadcrumb":{"@id":"https:\/\/regiaonews.net.br\/2022\/2023\/05\/09\/barretos-em-dancas-2023-revela-estancia-turistica-de-barretos-como-importante-etapa-nacional\/#breadcrumb"},"inLanguage":"pt-BR","potentialAction":[{"@type":"ReadAction","target":["https:\/\/regiaonews.net.br\/2022\/2023\/05\/09\/barretos-em-dancas-2023-revela-estancia-turistica-de-barretos-como-importante-etapa-nacional\/"]}]},{"@type":"ImageObject","inLanguage":"pt-BR","@id":"https:\/\/regiaonews.net.br\/2022\/2023\/05\/09\/barretos-em-dancas-2023-revela-estancia-turistica-de-barretos-como-importante-etapa-nacional\/#primaryimage","url":"https:\/\/regiaonews.net.br\/2022\/wp-content\/uploads\/2023\/05\/Imagem-do-WhatsApp-de-2023-05-09-as-09.51.31.jpg","contentUrl":"https:\/\/regiaonews.net.br\/2022\/wp-content\/uploads\/2023\/05\/Imagem-do-WhatsApp-de-2023-05-09-as-09.51.31.jpg","width":1600,"height":983},{"@type":"BreadcrumbList","@id":"https:\/\/regiaonews.net.br\/2022\/2023\/05\/09\/barretos-em-dancas-2023-revela-estancia-turistica-de-barretos-como-importante-etapa-nacional\/#breadcrumb","itemListElement":[{"@type":"ListItem","position":1,"name":"In\u00edcio","item":"https:\/\/regiaonews.net.br\/2022\/"},{"@type":"ListItem","position":2,"name":"\u201cBarretos em Dan\u00e7as 2023\u201d revela Est\u00e2ncia Tur\u00edstica de Barretos como importante etapa nacional"}]},{"@type":"WebSite","@id":"https:\/\/regiaonews.net.br\/2022\/#website","url":"https:\/\/regiaonews.net.br\/2022\/","name":"Regi\u00e3o News","description":"Site de Not\u00edcias de Barretos e regi\u00e3o","publisher":{"@id":"https:\/\/regiaonews.net.br\/2022\/#organization"},"potentialAction":[{"@type":"SearchAction","target":{"@type":"EntryPoint","urlTemplate":"https:\/\/regiaonews.net.br\/2022\/?s={search_term_string}"},"query-input":{"@type":"PropertyValueSpecification","valueRequired":true,"valueName":"search_term_string"}}],"inLanguage":"pt-BR"},{"@type":"Organization","@id":"https:\/\/regiaonews.net.br\/2022\/#organization","name":"Regi\u00e3o News","url":"https:\/\/regiaonews.net.br\/2022\/","logo":{"@type":"ImageObject","inLanguage":"pt-BR","@id":"https:\/\/regiaonews.net.br\/2022\/#\/schema\/logo\/image\/","url":"https:\/\/regiaonews.net.br\/2022\/wp-content\/uploads\/2026\/03\/regiao-13-anos-scaled.jpg","contentUrl":"https:\/\/regiaonews.net.br\/2022\/wp-content\/uploads\/2026\/03\/regiao-13-anos-scaled.jpg","width":2560,"height":635,"caption":"Regi\u00e3o News"},"image":{"@id":"https:\/\/regiaonews.net.br\/2022\/#\/schema\/logo\/image\/"}},{"@type":"Person","@id":"https:\/\/regiaonews.net.br\/2022\/#\/schema\/person\/2d205a608a5aa97ac279d7a5e6d89ad8","name":"Roberto","image":{"@type":"ImageObject","inLanguage":"pt-BR","@id":"https:\/\/secure.gravatar.com\/avatar\/42749d8b712ff9d59ca93dc150494e5b55a44134482993f5baeb97e61b7ecc89?s=96&d=mm&r=g","url":"https:\/\/secure.gravatar.com\/avatar\/42749d8b712ff9d59ca93dc150494e5b55a44134482993f5baeb97e61b7ecc89?s=96&d=mm&r=g","contentUrl":"https:\/\/secure.gravatar.com\/avatar\/42749d8b712ff9d59ca93dc150494e5b55a44134482993f5baeb97e61b7ecc89?s=96&d=mm&r=g","caption":"Roberto"},"url":"https:\/\/regiaonews.net.br\/2022\/author\/roberto\/"}]}},"publishpress_future_action":{"enabled":false,"date":"2026-05-02 03:47:05","action":"change-status","newStatus":"draft","terms":[],"taxonomy":"category","extraData":[]},"publishpress_future_workflow_manual_trigger":{"enabledWorkflows":[]},"_links":{"self":[{"href":"https:\/\/regiaonews.net.br\/2022\/wp-json\/wp\/v2\/posts\/87851","targetHints":{"allow":["GET"]}}],"collection":[{"href":"https:\/\/regiaonews.net.br\/2022\/wp-json\/wp\/v2\/posts"}],"about":[{"href":"https:\/\/regiaonews.net.br\/2022\/wp-json\/wp\/v2\/types\/post"}],"author":[{"embeddable":true,"href":"https:\/\/regiaonews.net.br\/2022\/wp-json\/wp\/v2\/users\/2"}],"replies":[{"embeddable":true,"href":"https:\/\/regiaonews.net.br\/2022\/wp-json\/wp\/v2\/comments?post=87851"}],"version-history":[{"count":1,"href":"https:\/\/regiaonews.net.br\/2022\/wp-json\/wp\/v2\/posts\/87851\/revisions"}],"predecessor-version":[{"id":87853,"href":"https:\/\/regiaonews.net.br\/2022\/wp-json\/wp\/v2\/posts\/87851\/revisions\/87853"}],"wp:featuredmedia":[{"embeddable":true,"href":"https:\/\/regiaonews.net.br\/2022\/wp-json\/wp\/v2\/media\/87852"}],"wp:attachment":[{"href":"https:\/\/regiaonews.net.br\/2022\/wp-json\/wp\/v2\/media?parent=87851"}],"wp:term":[{"taxonomy":"category","embeddable":true,"href":"https:\/\/regiaonews.net.br\/2022\/wp-json\/wp\/v2\/categories?post=87851"},{"taxonomy":"post_tag","embeddable":true,"href":"https:\/\/regiaonews.net.br\/2022\/wp-json\/wp\/v2\/tags?post=87851"}],"curies":[{"name":"wp","href":"https:\/\/api.w.org\/{rel}","templated":true}]}}