{"id":87777,"date":"2023-05-07T21:59:46","date_gmt":"2023-05-08T00:59:46","guid":{"rendered":"https:\/\/regiaonews.net.br\/2022\/?p=87777"},"modified":"2023-05-07T21:59:46","modified_gmt":"2023-05-08T00:59:46","slug":"zona-azul-volta-a-operar-de-forma-experimental-nesta-segunda-dia-8","status":"publish","type":"post","link":"https:\/\/regiaonews.net.br\/2022\/2023\/05\/07\/zona-azul-volta-a-operar-de-forma-experimental-nesta-segunda-dia-8\/","title":{"rendered":"Zona Azul volta a operar de forma experimental nesta segunda, dia 8"},"content":{"rendered":"<p>&nbsp;<\/p>\n<p>A partir do dia 15, pagamento do estacionamento rotativo volta a ser obrigat\u00f3rio<\/p>\n<p>A Prefeitura da Est\u00e2ncia Tur\u00edstica de Barretos, por meio da Secretaria Municipal de Ordem P\u00fablica, inicia nesta segunda-feira, dia 8, a fase educativa da retomada da cobran\u00e7a do estacionamento rotativo na \u00e1rea central, agora administrado pela empresa Serttel. Nesta primeira semana, os motoristas j\u00e1 poder\u00e3o adquirir os t\u00edquetes eletr\u00f4nicos para utiliza\u00e7\u00e3o das vagas.<\/p>\n<p>O ve\u00edculo de monitoramento, equipado com tecnologia de Reconhecimento \u00d3tico de Caracteres (OCR) passar\u00e1 a percorrer as vias em que h\u00e1 Zona Azul. \u201cTeremos uma primeira semana com a\u00e7\u00e3o educativa, para que os motoristas possam baixar o aplicativo, aprenderem a usar e na pr\u00f3xima semana j\u00e1 haver\u00e1 o monitoramento de rotina, que pode resultar em multa por descumprimento\u201d, destaca o secret\u00e1rio municipal de Ordem P\u00fablica, Luiz de Matos.<\/p>\n<p>Agentes da empresa respons\u00e1vel pela opera\u00e7\u00e3o do servi\u00e7o passam a percorrer os locais de Zona Azul para esclarecer d\u00favidas dos usu\u00e1rios e entregar folheto informativo sobre como utilizar o aplicativo.<\/p>\n<p>*Como adquirir t\u00edquete de estacionamento*<\/p>\n<p>Os usu\u00e1rios do servi\u00e7o poder\u00e3o adquirir os t\u00edquetes a partir do \u201cZona Azul Barretos\u201d, aplicativo para smartphones que ficar\u00e1 dispon\u00edvel para ser baixado gratuitamente nas lojas Apple e Google Play.<\/p>\n<p>Ao baixar o aplicativo, o usu\u00e1rio j\u00e1 cadastra seus ve\u00edculos, faz a aquisi\u00e7\u00e3o de horas em cr\u00e9ditos virtuais e pode optar em pagar com cart\u00e3o de cr\u00e9dito, d\u00e9bito ou pix. Quando for estacionar, basta ativar seus t\u00edquetes. Outras possibilidades s\u00e3o a compra pela internet, no site https:\/\/www.zae.com.br\/barretos\/ ou em pontos de vendas localizados no com\u00e9rcio e distribu\u00eddos estrategicamente, em que o usu\u00e1rio ter\u00e1 ainda a possibilidade de pagamento com dinheiro em esp\u00e9cie.<\/p>\n<p>O valor cobrado para estacionar ser\u00e1 de R$ 2,46 por hora, com o prazo m\u00e1ximo de tr\u00eas horas, conforme sinaliza\u00e7\u00e3o no local.<\/p>\n<p>*Monitoramento*<\/p>\n<p>O recurso de OCR permite, atrav\u00e9s da capta\u00e7\u00e3o de imagens, a leitura da placa dos carros que est\u00e3o utilizando as vagas do estacionamento rotativo. Caso seja apurada irregularidade no estacionamento, como ve\u00edculo sem t\u00edquete ou com t\u00edquete vencido, o usu\u00e1rio ter\u00e1 48 horas para fazer a regulariza\u00e7\u00e3o atrav\u00e9s do aplicativo do estacionamento rotativo ou nos pontos de venda.<\/p>\n<p>Caso fa\u00e7a a regulariza\u00e7\u00e3o pelo aplicativo, o usu\u00e1rio ir\u00e1 pagar taxa de R$ 19,50 e, como incentivo para o uso regular do servi\u00e7o, receber\u00e1 b\u00f4nus de tr\u00eas horas para estacionamento.<\/p>\n<p>Se o usu\u00e1rio n\u00e3o fizer a regulariza\u00e7\u00e3o em at\u00e9 48 horas, ser\u00e1 emitida a multa de tr\u00e2nsito por estacionamento irregular.<\/p>\n","protected":false},"excerpt":{"rendered":"<p>&nbsp; A partir do dia 15, pagamento do estacionamento rotativo<\/p>\n","protected":false},"author":2,"featured_media":87778,"comment_status":"open","ping_status":"open","sticky":false,"template":"","format":"standard","meta":{"footnotes":""},"categories":[14,111],"tags":[],"class_list":["post-87777","post","type-post","status-publish","format-standard","has-post-thumbnail","hentry","category-barretos","category-cotidiano"],"yoast_head":"<!-- This site is optimized with the Yoast SEO plugin v27.4 - https:\/\/yoast.com\/product\/yoast-seo-wordpress\/ -->\n<title>Zona Azul volta a operar de forma experimental nesta segunda, dia 8 - Regi\u00e3o News<\/title>\n<meta name=\"robots\" content=\"index, follow, max-snippet:-1, max-image-preview:large, max-video-preview:-1\" \/>\n<link rel=\"canonical\" href=\"https:\/\/regiaonews.net.br\/2022\/2023\/05\/07\/zona-azul-volta-a-operar-de-forma-experimental-nesta-segunda-dia-8\/\" \/>\n<meta property=\"og:locale\" content=\"pt_BR\" \/>\n<meta property=\"og:type\" content=\"article\" \/>\n<meta property=\"og:title\" content=\"Zona Azul volta a operar de forma experimental nesta segunda, dia 8 - Regi\u00e3o News\" \/>\n<meta property=\"og:description\" content=\"&nbsp; A partir do dia 15, pagamento do estacionamento rotativo\" \/>\n<meta property=\"og:url\" content=\"https:\/\/regiaonews.net.br\/2022\/2023\/05\/07\/zona-azul-volta-a-operar-de-forma-experimental-nesta-segunda-dia-8\/\" \/>\n<meta property=\"og:site_name\" content=\"Regi\u00e3o News\" \/>\n<meta property=\"article:published_time\" content=\"2023-05-08T00:59:46+00:00\" \/>\n<meta property=\"og:image\" content=\"https:\/\/regiaonews.net.br\/2022\/wp-content\/uploads\/2023\/05\/IMG-20230505-WA0590.jpg\" \/>\n\t<meta property=\"og:image:width\" content=\"1024\" \/>\n\t<meta property=\"og:image:height\" content=\"681\" \/>\n\t<meta property=\"og:image:type\" content=\"image\/jpeg\" \/>\n<meta name=\"author\" content=\"Roberto\" \/>\n<meta name=\"twitter:card\" content=\"summary_large_image\" \/>\n<meta name=\"twitter:label1\" content=\"Escrito por\" \/>\n\t<meta name=\"twitter:data1\" content=\"Roberto\" \/>\n\t<meta name=\"twitter:label2\" content=\"Est. tempo de leitura\" \/>\n\t<meta name=\"twitter:data2\" content=\"3 minutos\" \/>\n<script type=\"application\/ld+json\" class=\"yoast-schema-graph\">{\"@context\":\"https:\\\/\\\/schema.org\",\"@graph\":[{\"@type\":\"Article\",\"@id\":\"https:\\\/\\\/regiaonews.net.br\\\/2022\\\/2023\\\/05\\\/07\\\/zona-azul-volta-a-operar-de-forma-experimental-nesta-segunda-dia-8\\\/#article\",\"isPartOf\":{\"@id\":\"https:\\\/\\\/regiaonews.net.br\\\/2022\\\/2023\\\/05\\\/07\\\/zona-azul-volta-a-operar-de-forma-experimental-nesta-segunda-dia-8\\\/\"},\"author\":{\"name\":\"Roberto\",\"@id\":\"https:\\\/\\\/regiaonews.net.br\\\/2022\\\/#\\\/schema\\\/person\\\/2d205a608a5aa97ac279d7a5e6d89ad8\"},\"headline\":\"Zona Azul volta a operar de forma experimental nesta segunda, dia 8\",\"datePublished\":\"2023-05-08T00:59:46+00:00\",\"mainEntityOfPage\":{\"@id\":\"https:\\\/\\\/regiaonews.net.br\\\/2022\\\/2023\\\/05\\\/07\\\/zona-azul-volta-a-operar-de-forma-experimental-nesta-segunda-dia-8\\\/\"},\"wordCount\":473,\"commentCount\":0,\"publisher\":{\"@id\":\"https:\\\/\\\/regiaonews.net.br\\\/2022\\\/#organization\"},\"image\":{\"@id\":\"https:\\\/\\\/regiaonews.net.br\\\/2022\\\/2023\\\/05\\\/07\\\/zona-azul-volta-a-operar-de-forma-experimental-nesta-segunda-dia-8\\\/#primaryimage\"},\"thumbnailUrl\":\"https:\\\/\\\/regiaonews.net.br\\\/2022\\\/wp-content\\\/uploads\\\/2023\\\/05\\\/IMG-20230505-WA0590.jpg\",\"articleSection\":[\"Barretos\",\"Cotidiano\"],\"inLanguage\":\"pt-BR\",\"potentialAction\":[{\"@type\":\"CommentAction\",\"name\":\"Comment\",\"target\":[\"https:\\\/\\\/regiaonews.net.br\\\/2022\\\/2023\\\/05\\\/07\\\/zona-azul-volta-a-operar-de-forma-experimental-nesta-segunda-dia-8\\\/#respond\"]}]},{\"@type\":\"WebPage\",\"@id\":\"https:\\\/\\\/regiaonews.net.br\\\/2022\\\/2023\\\/05\\\/07\\\/zona-azul-volta-a-operar-de-forma-experimental-nesta-segunda-dia-8\\\/\",\"url\":\"https:\\\/\\\/regiaonews.net.br\\\/2022\\\/2023\\\/05\\\/07\\\/zona-azul-volta-a-operar-de-forma-experimental-nesta-segunda-dia-8\\\/\",\"name\":\"Zona Azul volta a operar de forma experimental nesta segunda, dia 8 - Regi\u00e3o News\",\"isPartOf\":{\"@id\":\"https:\\\/\\\/regiaonews.net.br\\\/2022\\\/#website\"},\"primaryImageOfPage\":{\"@id\":\"https:\\\/\\\/regiaonews.net.br\\\/2022\\\/2023\\\/05\\\/07\\\/zona-azul-volta-a-operar-de-forma-experimental-nesta-segunda-dia-8\\\/#primaryimage\"},\"image\":{\"@id\":\"https:\\\/\\\/regiaonews.net.br\\\/2022\\\/2023\\\/05\\\/07\\\/zona-azul-volta-a-operar-de-forma-experimental-nesta-segunda-dia-8\\\/#primaryimage\"},\"thumbnailUrl\":\"https:\\\/\\\/regiaonews.net.br\\\/2022\\\/wp-content\\\/uploads\\\/2023\\\/05\\\/IMG-20230505-WA0590.jpg\",\"datePublished\":\"2023-05-08T00:59:46+00:00\",\"breadcrumb\":{\"@id\":\"https:\\\/\\\/regiaonews.net.br\\\/2022\\\/2023\\\/05\\\/07\\\/zona-azul-volta-a-operar-de-forma-experimental-nesta-segunda-dia-8\\\/#breadcrumb\"},\"inLanguage\":\"pt-BR\",\"potentialAction\":[{\"@type\":\"ReadAction\",\"target\":[\"https:\\\/\\\/regiaonews.net.br\\\/2022\\\/2023\\\/05\\\/07\\\/zona-azul-volta-a-operar-de-forma-experimental-nesta-segunda-dia-8\\\/\"]}]},{\"@type\":\"ImageObject\",\"inLanguage\":\"pt-BR\",\"@id\":\"https:\\\/\\\/regiaonews.net.br\\\/2022\\\/2023\\\/05\\\/07\\\/zona-azul-volta-a-operar-de-forma-experimental-nesta-segunda-dia-8\\\/#primaryimage\",\"url\":\"https:\\\/\\\/regiaonews.net.br\\\/2022\\\/wp-content\\\/uploads\\\/2023\\\/05\\\/IMG-20230505-WA0590.jpg\",\"contentUrl\":\"https:\\\/\\\/regiaonews.net.br\\\/2022\\\/wp-content\\\/uploads\\\/2023\\\/05\\\/IMG-20230505-WA0590.jpg\",\"width\":1024,\"height\":681},{\"@type\":\"BreadcrumbList\",\"@id\":\"https:\\\/\\\/regiaonews.net.br\\\/2022\\\/2023\\\/05\\\/07\\\/zona-azul-volta-a-operar-de-forma-experimental-nesta-segunda-dia-8\\\/#breadcrumb\",\"itemListElement\":[{\"@type\":\"ListItem\",\"position\":1,\"name\":\"In\u00edcio\",\"item\":\"https:\\\/\\\/regiaonews.net.br\\\/2022\\\/\"},{\"@type\":\"ListItem\",\"position\":2,\"name\":\"Zona Azul volta a operar de forma experimental nesta segunda, dia 8\"}]},{\"@type\":\"WebSite\",\"@id\":\"https:\\\/\\\/regiaonews.net.br\\\/2022\\\/#website\",\"url\":\"https:\\\/\\\/regiaonews.net.br\\\/2022\\\/\",\"name\":\"Regi\u00e3o News\",\"description\":\"Site de Not\u00edcias de Barretos e regi\u00e3o\",\"publisher\":{\"@id\":\"https:\\\/\\\/regiaonews.net.br\\\/2022\\\/#organization\"},\"potentialAction\":[{\"@type\":\"SearchAction\",\"target\":{\"@type\":\"EntryPoint\",\"urlTemplate\":\"https:\\\/\\\/regiaonews.net.br\\\/2022\\\/?s={search_term_string}\"},\"query-input\":{\"@type\":\"PropertyValueSpecification\",\"valueRequired\":true,\"valueName\":\"search_term_string\"}}],\"inLanguage\":\"pt-BR\"},{\"@type\":\"Organization\",\"@id\":\"https:\\\/\\\/regiaonews.net.br\\\/2022\\\/#organization\",\"name\":\"Regi\u00e3o News\",\"url\":\"https:\\\/\\\/regiaonews.net.br\\\/2022\\\/\",\"logo\":{\"@type\":\"ImageObject\",\"inLanguage\":\"pt-BR\",\"@id\":\"https:\\\/\\\/regiaonews.net.br\\\/2022\\\/#\\\/schema\\\/logo\\\/image\\\/\",\"url\":\"https:\\\/\\\/regiaonews.net.br\\\/2022\\\/wp-content\\\/uploads\\\/2026\\\/03\\\/regiao-13-anos-scaled.jpg\",\"contentUrl\":\"https:\\\/\\\/regiaonews.net.br\\\/2022\\\/wp-content\\\/uploads\\\/2026\\\/03\\\/regiao-13-anos-scaled.jpg\",\"width\":2560,\"height\":635,\"caption\":\"Regi\u00e3o News\"},\"image\":{\"@id\":\"https:\\\/\\\/regiaonews.net.br\\\/2022\\\/#\\\/schema\\\/logo\\\/image\\\/\"}},{\"@type\":\"Person\",\"@id\":\"https:\\\/\\\/regiaonews.net.br\\\/2022\\\/#\\\/schema\\\/person\\\/2d205a608a5aa97ac279d7a5e6d89ad8\",\"name\":\"Roberto\",\"image\":{\"@type\":\"ImageObject\",\"inLanguage\":\"pt-BR\",\"@id\":\"https:\\\/\\\/secure.gravatar.com\\\/avatar\\\/42749d8b712ff9d59ca93dc150494e5b55a44134482993f5baeb97e61b7ecc89?s=96&d=mm&r=g\",\"url\":\"https:\\\/\\\/secure.gravatar.com\\\/avatar\\\/42749d8b712ff9d59ca93dc150494e5b55a44134482993f5baeb97e61b7ecc89?s=96&d=mm&r=g\",\"contentUrl\":\"https:\\\/\\\/secure.gravatar.com\\\/avatar\\\/42749d8b712ff9d59ca93dc150494e5b55a44134482993f5baeb97e61b7ecc89?s=96&d=mm&r=g\",\"caption\":\"Roberto\"},\"url\":\"https:\\\/\\\/regiaonews.net.br\\\/2022\\\/author\\\/roberto\\\/\"}]}<\/script>\n<!-- \/ Yoast SEO plugin. -->","yoast_head_json":{"title":"Zona Azul volta a operar de forma experimental nesta segunda, dia 8 - Regi\u00e3o News","robots":{"index":"index","follow":"follow","max-snippet":"max-snippet:-1","max-image-preview":"max-image-preview:large","max-video-preview":"max-video-preview:-1"},"canonical":"https:\/\/regiaonews.net.br\/2022\/2023\/05\/07\/zona-azul-volta-a-operar-de-forma-experimental-nesta-segunda-dia-8\/","og_locale":"pt_BR","og_type":"article","og_title":"Zona Azul volta a operar de forma experimental nesta segunda, dia 8 - Regi\u00e3o News","og_description":"&nbsp; A partir do dia 15, pagamento do estacionamento rotativo","og_url":"https:\/\/regiaonews.net.br\/2022\/2023\/05\/07\/zona-azul-volta-a-operar-de-forma-experimental-nesta-segunda-dia-8\/","og_site_name":"Regi\u00e3o News","article_published_time":"2023-05-08T00:59:46+00:00","og_image":[{"width":1024,"height":681,"url":"https:\/\/regiaonews.net.br\/2022\/wp-content\/uploads\/2023\/05\/IMG-20230505-WA0590.jpg","type":"image\/jpeg"}],"author":"Roberto","twitter_card":"summary_large_image","twitter_misc":{"Escrito por":"Roberto","Est. tempo de leitura":"3 minutos"},"schema":{"@context":"https:\/\/schema.org","@graph":[{"@type":"Article","@id":"https:\/\/regiaonews.net.br\/2022\/2023\/05\/07\/zona-azul-volta-a-operar-de-forma-experimental-nesta-segunda-dia-8\/#article","isPartOf":{"@id":"https:\/\/regiaonews.net.br\/2022\/2023\/05\/07\/zona-azul-volta-a-operar-de-forma-experimental-nesta-segunda-dia-8\/"},"author":{"name":"Roberto","@id":"https:\/\/regiaonews.net.br\/2022\/#\/schema\/person\/2d205a608a5aa97ac279d7a5e6d89ad8"},"headline":"Zona Azul volta a operar de forma experimental nesta segunda, dia 8","datePublished":"2023-05-08T00:59:46+00:00","mainEntityOfPage":{"@id":"https:\/\/regiaonews.net.br\/2022\/2023\/05\/07\/zona-azul-volta-a-operar-de-forma-experimental-nesta-segunda-dia-8\/"},"wordCount":473,"commentCount":0,"publisher":{"@id":"https:\/\/regiaonews.net.br\/2022\/#organization"},"image":{"@id":"https:\/\/regiaonews.net.br\/2022\/2023\/05\/07\/zona-azul-volta-a-operar-de-forma-experimental-nesta-segunda-dia-8\/#primaryimage"},"thumbnailUrl":"https:\/\/regiaonews.net.br\/2022\/wp-content\/uploads\/2023\/05\/IMG-20230505-WA0590.jpg","articleSection":["Barretos","Cotidiano"],"inLanguage":"pt-BR","potentialAction":[{"@type":"CommentAction","name":"Comment","target":["https:\/\/regiaonews.net.br\/2022\/2023\/05\/07\/zona-azul-volta-a-operar-de-forma-experimental-nesta-segunda-dia-8\/#respond"]}]},{"@type":"WebPage","@id":"https:\/\/regiaonews.net.br\/2022\/2023\/05\/07\/zona-azul-volta-a-operar-de-forma-experimental-nesta-segunda-dia-8\/","url":"https:\/\/regiaonews.net.br\/2022\/2023\/05\/07\/zona-azul-volta-a-operar-de-forma-experimental-nesta-segunda-dia-8\/","name":"Zona Azul volta a operar de forma experimental nesta segunda, dia 8 - Regi\u00e3o News","isPartOf":{"@id":"https:\/\/regiaonews.net.br\/2022\/#website"},"primaryImageOfPage":{"@id":"https:\/\/regiaonews.net.br\/2022\/2023\/05\/07\/zona-azul-volta-a-operar-de-forma-experimental-nesta-segunda-dia-8\/#primaryimage"},"image":{"@id":"https:\/\/regiaonews.net.br\/2022\/2023\/05\/07\/zona-azul-volta-a-operar-de-forma-experimental-nesta-segunda-dia-8\/#primaryimage"},"thumbnailUrl":"https:\/\/regiaonews.net.br\/2022\/wp-content\/uploads\/2023\/05\/IMG-20230505-WA0590.jpg","datePublished":"2023-05-08T00:59:46+00:00","breadcrumb":{"@id":"https:\/\/regiaonews.net.br\/2022\/2023\/05\/07\/zona-azul-volta-a-operar-de-forma-experimental-nesta-segunda-dia-8\/#breadcrumb"},"inLanguage":"pt-BR","potentialAction":[{"@type":"ReadAction","target":["https:\/\/regiaonews.net.br\/2022\/2023\/05\/07\/zona-azul-volta-a-operar-de-forma-experimental-nesta-segunda-dia-8\/"]}]},{"@type":"ImageObject","inLanguage":"pt-BR","@id":"https:\/\/regiaonews.net.br\/2022\/2023\/05\/07\/zona-azul-volta-a-operar-de-forma-experimental-nesta-segunda-dia-8\/#primaryimage","url":"https:\/\/regiaonews.net.br\/2022\/wp-content\/uploads\/2023\/05\/IMG-20230505-WA0590.jpg","contentUrl":"https:\/\/regiaonews.net.br\/2022\/wp-content\/uploads\/2023\/05\/IMG-20230505-WA0590.jpg","width":1024,"height":681},{"@type":"BreadcrumbList","@id":"https:\/\/regiaonews.net.br\/2022\/2023\/05\/07\/zona-azul-volta-a-operar-de-forma-experimental-nesta-segunda-dia-8\/#breadcrumb","itemListElement":[{"@type":"ListItem","position":1,"name":"In\u00edcio","item":"https:\/\/regiaonews.net.br\/2022\/"},{"@type":"ListItem","position":2,"name":"Zona Azul volta a operar de forma experimental nesta segunda, dia 8"}]},{"@type":"WebSite","@id":"https:\/\/regiaonews.net.br\/2022\/#website","url":"https:\/\/regiaonews.net.br\/2022\/","name":"Regi\u00e3o News","description":"Site de Not\u00edcias de Barretos e regi\u00e3o","publisher":{"@id":"https:\/\/regiaonews.net.br\/2022\/#organization"},"potentialAction":[{"@type":"SearchAction","target":{"@type":"EntryPoint","urlTemplate":"https:\/\/regiaonews.net.br\/2022\/?s={search_term_string}"},"query-input":{"@type":"PropertyValueSpecification","valueRequired":true,"valueName":"search_term_string"}}],"inLanguage":"pt-BR"},{"@type":"Organization","@id":"https:\/\/regiaonews.net.br\/2022\/#organization","name":"Regi\u00e3o News","url":"https:\/\/regiaonews.net.br\/2022\/","logo":{"@type":"ImageObject","inLanguage":"pt-BR","@id":"https:\/\/regiaonews.net.br\/2022\/#\/schema\/logo\/image\/","url":"https:\/\/regiaonews.net.br\/2022\/wp-content\/uploads\/2026\/03\/regiao-13-anos-scaled.jpg","contentUrl":"https:\/\/regiaonews.net.br\/2022\/wp-content\/uploads\/2026\/03\/regiao-13-anos-scaled.jpg","width":2560,"height":635,"caption":"Regi\u00e3o News"},"image":{"@id":"https:\/\/regiaonews.net.br\/2022\/#\/schema\/logo\/image\/"}},{"@type":"Person","@id":"https:\/\/regiaonews.net.br\/2022\/#\/schema\/person\/2d205a608a5aa97ac279d7a5e6d89ad8","name":"Roberto","image":{"@type":"ImageObject","inLanguage":"pt-BR","@id":"https:\/\/secure.gravatar.com\/avatar\/42749d8b712ff9d59ca93dc150494e5b55a44134482993f5baeb97e61b7ecc89?s=96&d=mm&r=g","url":"https:\/\/secure.gravatar.com\/avatar\/42749d8b712ff9d59ca93dc150494e5b55a44134482993f5baeb97e61b7ecc89?s=96&d=mm&r=g","contentUrl":"https:\/\/secure.gravatar.com\/avatar\/42749d8b712ff9d59ca93dc150494e5b55a44134482993f5baeb97e61b7ecc89?s=96&d=mm&r=g","caption":"Roberto"},"url":"https:\/\/regiaonews.net.br\/2022\/author\/roberto\/"}]}},"publishpress_future_action":{"enabled":false,"date":"2026-05-02 03:38:34","action":"change-status","newStatus":"draft","terms":[],"taxonomy":"category","extraData":[]},"publishpress_future_workflow_manual_trigger":{"enabledWorkflows":[]},"_links":{"self":[{"href":"https:\/\/regiaonews.net.br\/2022\/wp-json\/wp\/v2\/posts\/87777","targetHints":{"allow":["GET"]}}],"collection":[{"href":"https:\/\/regiaonews.net.br\/2022\/wp-json\/wp\/v2\/posts"}],"about":[{"href":"https:\/\/regiaonews.net.br\/2022\/wp-json\/wp\/v2\/types\/post"}],"author":[{"embeddable":true,"href":"https:\/\/regiaonews.net.br\/2022\/wp-json\/wp\/v2\/users\/2"}],"replies":[{"embeddable":true,"href":"https:\/\/regiaonews.net.br\/2022\/wp-json\/wp\/v2\/comments?post=87777"}],"version-history":[{"count":1,"href":"https:\/\/regiaonews.net.br\/2022\/wp-json\/wp\/v2\/posts\/87777\/revisions"}],"predecessor-version":[{"id":87779,"href":"https:\/\/regiaonews.net.br\/2022\/wp-json\/wp\/v2\/posts\/87777\/revisions\/87779"}],"wp:featuredmedia":[{"embeddable":true,"href":"https:\/\/regiaonews.net.br\/2022\/wp-json\/wp\/v2\/media\/87778"}],"wp:attachment":[{"href":"https:\/\/regiaonews.net.br\/2022\/wp-json\/wp\/v2\/media?parent=87777"}],"wp:term":[{"taxonomy":"category","embeddable":true,"href":"https:\/\/regiaonews.net.br\/2022\/wp-json\/wp\/v2\/categories?post=87777"},{"taxonomy":"post_tag","embeddable":true,"href":"https:\/\/regiaonews.net.br\/2022\/wp-json\/wp\/v2\/tags?post=87777"}],"curies":[{"name":"wp","href":"https:\/\/api.w.org\/{rel}","templated":true}]}}