{"id":87703,"date":"2023-05-06T06:52:57","date_gmt":"2023-05-06T09:52:57","guid":{"rendered":"https:\/\/regiaonews.net.br\/2022\/?p=87703"},"modified":"2023-05-06T07:08:42","modified_gmt":"2023-05-06T10:08:42","slug":"prefeitura-de-colina-faz-agendamento-para-exames-na-carreta-do-h-a","status":"publish","type":"post","link":"https:\/\/regiaonews.net.br\/2022\/2023\/05\/06\/prefeitura-de-colina-faz-agendamento-para-exames-na-carreta-do-h-a\/","title":{"rendered":"Prefeitura de Colina faz agendamento para exames na carreta do H.A."},"content":{"rendered":"<header class=\"post-header\">\n<p class=\"post-description\">\n<\/header>\n<div class=\"post-image\"><\/div>\n<div class=\"post-content\">\n<article class=\"post-text\">A Prefeitura Municipal de Colina, por interm\u00e9dio da Secretaria Municipal da Sa\u00fade, em parceria com o Hospital de Amor de Barretos, est\u00e1 realizando o agendamento de exames gratuitos de mamografia, papanicolau e FIT (c\u00f3lon e reto) da Campanha de Preven\u00e7\u00e3o de C\u00e2ncer 2023.<\/p>\n<p>Os pacientes interessados devem fazer o agendamento at\u00e9 o dia 11 de maio, na ESF \u2013 Estrat\u00e9gia de Sa\u00fade da Fam\u00edlia, mais pr\u00f3xima de sua resid\u00eancia; de segunda a sexta-feira, das 8h \u00e0s 11h e das 13h \u00e0s 16h30, levando c\u00f3pia do RG, CPF, Cart\u00e3o do SUS e comprovante de resid\u00eancia.<\/p>\n<p>A carreta estar\u00e1 em Colina, atendendo a popula\u00e7\u00e3o no per\u00edodo de 19 de maio \u00e0 02 de junho. Nos dias 19, 20 e 22, na ESF do bairro Nosso Teto. E a partir do dia 23 de maio at\u00e9 02 de junho, na Secretaria Municipal de Sa\u00fade, com atendimento das 08h \u00e0s 20h.<\/p>\n<p>Ser\u00e3o oferecidos, gratuitamente, cerca de 2.034 exames, sendo: 884 exames de mamografia, 1.100 de papanicolaou e 50 testes de FIT (rastreamento de c\u00e2ncer do colorretal).<\/p>\n<p>Para o exame de MAMOGRAFIA anual \u00e9 necess\u00e1rio a mulher ter idade entre 40 e 49 anos; j\u00e1 para mulheres com 50 \u00e0 69 anos o exame dever\u00e1 ser feito a cada dois anos. O exame de PAPANICOLAOU dever\u00e1 ser realizado em mulheres com faixa et\u00e1ria de 25 \u00e0 64 anos. E o exame FIT \u00e9 destinado para homens e mulheres com idade entre 50 \u00e0 65 anos, sem hist\u00f3rico familiar de c\u00e2ncer colorretal, que n\u00e3o tenham sido submetidos \u00e0 colonoscopia ou retossigmoidoscopia nos \u00faltimos cinco anos.<\/p>\n<\/article>\n<\/div>\n","protected":false},"excerpt":{"rendered":"<p>A Prefeitura Municipal de Colina, por interm\u00e9dio da Secretaria Municipal<\/p>\n","protected":false},"author":2,"featured_media":73197,"comment_status":"open","ping_status":"open","sticky":false,"template":"","format":"standard","meta":{"footnotes":""},"categories":[5,111],"tags":[],"class_list":["post-87703","post","type-post","status-publish","format-standard","has-post-thumbnail","hentry","category-colina","category-cotidiano"],"yoast_head":"<!-- This site is optimized with the Yoast SEO plugin v27.4 - https:\/\/yoast.com\/product\/yoast-seo-wordpress\/ -->\n<title>Prefeitura de Colina faz agendamento para exames na carreta do H.A. - Regi\u00e3o News<\/title>\n<meta name=\"robots\" content=\"index, follow, max-snippet:-1, max-image-preview:large, max-video-preview:-1\" \/>\n<link rel=\"canonical\" href=\"https:\/\/regiaonews.net.br\/2022\/2023\/05\/06\/prefeitura-de-colina-faz-agendamento-para-exames-na-carreta-do-h-a\/\" \/>\n<meta property=\"og:locale\" content=\"pt_BR\" \/>\n<meta property=\"og:type\" content=\"article\" \/>\n<meta property=\"og:title\" content=\"Prefeitura de Colina faz agendamento para exames na carreta do H.A. - Regi\u00e3o News\" \/>\n<meta property=\"og:description\" content=\"A Prefeitura Municipal de Colina, por interm\u00e9dio da Secretaria Municipal\" \/>\n<meta property=\"og:url\" content=\"https:\/\/regiaonews.net.br\/2022\/2023\/05\/06\/prefeitura-de-colina-faz-agendamento-para-exames-na-carreta-do-h-a\/\" \/>\n<meta property=\"og:site_name\" content=\"Regi\u00e3o News\" \/>\n<meta property=\"article:published_time\" content=\"2023-05-06T09:52:57+00:00\" \/>\n<meta property=\"article:modified_time\" content=\"2023-05-06T10:08:42+00:00\" \/>\n<meta property=\"og:image\" content=\"https:\/\/regiaonews.net.br\/2022\/wp-content\/uploads\/2022\/06\/Carreta-do-Cancer-Olimpia-scaled.jpg\" \/>\n\t<meta property=\"og:image:width\" content=\"2560\" \/>\n\t<meta property=\"og:image:height\" content=\"1763\" \/>\n\t<meta property=\"og:image:type\" content=\"image\/jpeg\" \/>\n<meta name=\"author\" content=\"Roberto\" \/>\n<meta name=\"twitter:card\" content=\"summary_large_image\" \/>\n<meta name=\"twitter:label1\" content=\"Escrito por\" \/>\n\t<meta name=\"twitter:data1\" content=\"Roberto\" \/>\n\t<meta name=\"twitter:label2\" content=\"Est. tempo de leitura\" \/>\n\t<meta name=\"twitter:data2\" content=\"2 minutos\" \/>\n<script type=\"application\/ld+json\" class=\"yoast-schema-graph\">{\"@context\":\"https:\\\/\\\/schema.org\",\"@graph\":[{\"@type\":\"Article\",\"@id\":\"https:\\\/\\\/regiaonews.net.br\\\/2022\\\/2023\\\/05\\\/06\\\/prefeitura-de-colina-faz-agendamento-para-exames-na-carreta-do-h-a\\\/#article\",\"isPartOf\":{\"@id\":\"https:\\\/\\\/regiaonews.net.br\\\/2022\\\/2023\\\/05\\\/06\\\/prefeitura-de-colina-faz-agendamento-para-exames-na-carreta-do-h-a\\\/\"},\"author\":{\"name\":\"Roberto\",\"@id\":\"https:\\\/\\\/regiaonews.net.br\\\/2022\\\/#\\\/schema\\\/person\\\/2d205a608a5aa97ac279d7a5e6d89ad8\"},\"headline\":\"Prefeitura de Colina faz agendamento para exames na carreta do H.A.\",\"datePublished\":\"2023-05-06T09:52:57+00:00\",\"dateModified\":\"2023-05-06T10:08:42+00:00\",\"mainEntityOfPage\":{\"@id\":\"https:\\\/\\\/regiaonews.net.br\\\/2022\\\/2023\\\/05\\\/06\\\/prefeitura-de-colina-faz-agendamento-para-exames-na-carreta-do-h-a\\\/\"},\"wordCount\":265,\"commentCount\":0,\"publisher\":{\"@id\":\"https:\\\/\\\/regiaonews.net.br\\\/2022\\\/#organization\"},\"image\":{\"@id\":\"https:\\\/\\\/regiaonews.net.br\\\/2022\\\/2023\\\/05\\\/06\\\/prefeitura-de-colina-faz-agendamento-para-exames-na-carreta-do-h-a\\\/#primaryimage\"},\"thumbnailUrl\":\"https:\\\/\\\/regiaonews.net.br\\\/2022\\\/wp-content\\\/uploads\\\/2022\\\/06\\\/Carreta-do-Cancer-Olimpia-scaled.jpg\",\"articleSection\":[\"Colina\",\"Cotidiano\"],\"inLanguage\":\"pt-BR\",\"potentialAction\":[{\"@type\":\"CommentAction\",\"name\":\"Comment\",\"target\":[\"https:\\\/\\\/regiaonews.net.br\\\/2022\\\/2023\\\/05\\\/06\\\/prefeitura-de-colina-faz-agendamento-para-exames-na-carreta-do-h-a\\\/#respond\"]}]},{\"@type\":\"WebPage\",\"@id\":\"https:\\\/\\\/regiaonews.net.br\\\/2022\\\/2023\\\/05\\\/06\\\/prefeitura-de-colina-faz-agendamento-para-exames-na-carreta-do-h-a\\\/\",\"url\":\"https:\\\/\\\/regiaonews.net.br\\\/2022\\\/2023\\\/05\\\/06\\\/prefeitura-de-colina-faz-agendamento-para-exames-na-carreta-do-h-a\\\/\",\"name\":\"Prefeitura de Colina faz agendamento para exames na carreta do H.A. - Regi\u00e3o News\",\"isPartOf\":{\"@id\":\"https:\\\/\\\/regiaonews.net.br\\\/2022\\\/#website\"},\"primaryImageOfPage\":{\"@id\":\"https:\\\/\\\/regiaonews.net.br\\\/2022\\\/2023\\\/05\\\/06\\\/prefeitura-de-colina-faz-agendamento-para-exames-na-carreta-do-h-a\\\/#primaryimage\"},\"image\":{\"@id\":\"https:\\\/\\\/regiaonews.net.br\\\/2022\\\/2023\\\/05\\\/06\\\/prefeitura-de-colina-faz-agendamento-para-exames-na-carreta-do-h-a\\\/#primaryimage\"},\"thumbnailUrl\":\"https:\\\/\\\/regiaonews.net.br\\\/2022\\\/wp-content\\\/uploads\\\/2022\\\/06\\\/Carreta-do-Cancer-Olimpia-scaled.jpg\",\"datePublished\":\"2023-05-06T09:52:57+00:00\",\"dateModified\":\"2023-05-06T10:08:42+00:00\",\"breadcrumb\":{\"@id\":\"https:\\\/\\\/regiaonews.net.br\\\/2022\\\/2023\\\/05\\\/06\\\/prefeitura-de-colina-faz-agendamento-para-exames-na-carreta-do-h-a\\\/#breadcrumb\"},\"inLanguage\":\"pt-BR\",\"potentialAction\":[{\"@type\":\"ReadAction\",\"target\":[\"https:\\\/\\\/regiaonews.net.br\\\/2022\\\/2023\\\/05\\\/06\\\/prefeitura-de-colina-faz-agendamento-para-exames-na-carreta-do-h-a\\\/\"]}]},{\"@type\":\"ImageObject\",\"inLanguage\":\"pt-BR\",\"@id\":\"https:\\\/\\\/regiaonews.net.br\\\/2022\\\/2023\\\/05\\\/06\\\/prefeitura-de-colina-faz-agendamento-para-exames-na-carreta-do-h-a\\\/#primaryimage\",\"url\":\"https:\\\/\\\/regiaonews.net.br\\\/2022\\\/wp-content\\\/uploads\\\/2022\\\/06\\\/Carreta-do-Cancer-Olimpia-scaled.jpg\",\"contentUrl\":\"https:\\\/\\\/regiaonews.net.br\\\/2022\\\/wp-content\\\/uploads\\\/2022\\\/06\\\/Carreta-do-Cancer-Olimpia-scaled.jpg\",\"width\":2560,\"height\":1763},{\"@type\":\"BreadcrumbList\",\"@id\":\"https:\\\/\\\/regiaonews.net.br\\\/2022\\\/2023\\\/05\\\/06\\\/prefeitura-de-colina-faz-agendamento-para-exames-na-carreta-do-h-a\\\/#breadcrumb\",\"itemListElement\":[{\"@type\":\"ListItem\",\"position\":1,\"name\":\"In\u00edcio\",\"item\":\"https:\\\/\\\/regiaonews.net.br\\\/2022\\\/\"},{\"@type\":\"ListItem\",\"position\":2,\"name\":\"Prefeitura de Colina faz agendamento para exames na carreta do H.A.\"}]},{\"@type\":\"WebSite\",\"@id\":\"https:\\\/\\\/regiaonews.net.br\\\/2022\\\/#website\",\"url\":\"https:\\\/\\\/regiaonews.net.br\\\/2022\\\/\",\"name\":\"Regi\u00e3o News\",\"description\":\"Site de Not\u00edcias de Barretos e regi\u00e3o\",\"publisher\":{\"@id\":\"https:\\\/\\\/regiaonews.net.br\\\/2022\\\/#organization\"},\"potentialAction\":[{\"@type\":\"SearchAction\",\"target\":{\"@type\":\"EntryPoint\",\"urlTemplate\":\"https:\\\/\\\/regiaonews.net.br\\\/2022\\\/?s={search_term_string}\"},\"query-input\":{\"@type\":\"PropertyValueSpecification\",\"valueRequired\":true,\"valueName\":\"search_term_string\"}}],\"inLanguage\":\"pt-BR\"},{\"@type\":\"Organization\",\"@id\":\"https:\\\/\\\/regiaonews.net.br\\\/2022\\\/#organization\",\"name\":\"Regi\u00e3o News\",\"url\":\"https:\\\/\\\/regiaonews.net.br\\\/2022\\\/\",\"logo\":{\"@type\":\"ImageObject\",\"inLanguage\":\"pt-BR\",\"@id\":\"https:\\\/\\\/regiaonews.net.br\\\/2022\\\/#\\\/schema\\\/logo\\\/image\\\/\",\"url\":\"https:\\\/\\\/regiaonews.net.br\\\/2022\\\/wp-content\\\/uploads\\\/2026\\\/03\\\/regiao-13-anos-scaled.jpg\",\"contentUrl\":\"https:\\\/\\\/regiaonews.net.br\\\/2022\\\/wp-content\\\/uploads\\\/2026\\\/03\\\/regiao-13-anos-scaled.jpg\",\"width\":2560,\"height\":635,\"caption\":\"Regi\u00e3o News\"},\"image\":{\"@id\":\"https:\\\/\\\/regiaonews.net.br\\\/2022\\\/#\\\/schema\\\/logo\\\/image\\\/\"}},{\"@type\":\"Person\",\"@id\":\"https:\\\/\\\/regiaonews.net.br\\\/2022\\\/#\\\/schema\\\/person\\\/2d205a608a5aa97ac279d7a5e6d89ad8\",\"name\":\"Roberto\",\"image\":{\"@type\":\"ImageObject\",\"inLanguage\":\"pt-BR\",\"@id\":\"https:\\\/\\\/secure.gravatar.com\\\/avatar\\\/42749d8b712ff9d59ca93dc150494e5b55a44134482993f5baeb97e61b7ecc89?s=96&d=mm&r=g\",\"url\":\"https:\\\/\\\/secure.gravatar.com\\\/avatar\\\/42749d8b712ff9d59ca93dc150494e5b55a44134482993f5baeb97e61b7ecc89?s=96&d=mm&r=g\",\"contentUrl\":\"https:\\\/\\\/secure.gravatar.com\\\/avatar\\\/42749d8b712ff9d59ca93dc150494e5b55a44134482993f5baeb97e61b7ecc89?s=96&d=mm&r=g\",\"caption\":\"Roberto\"},\"url\":\"https:\\\/\\\/regiaonews.net.br\\\/2022\\\/author\\\/roberto\\\/\"}]}<\/script>\n<!-- \/ Yoast SEO plugin. -->","yoast_head_json":{"title":"Prefeitura de Colina faz agendamento para exames na carreta do H.A. - Regi\u00e3o News","robots":{"index":"index","follow":"follow","max-snippet":"max-snippet:-1","max-image-preview":"max-image-preview:large","max-video-preview":"max-video-preview:-1"},"canonical":"https:\/\/regiaonews.net.br\/2022\/2023\/05\/06\/prefeitura-de-colina-faz-agendamento-para-exames-na-carreta-do-h-a\/","og_locale":"pt_BR","og_type":"article","og_title":"Prefeitura de Colina faz agendamento para exames na carreta do H.A. - Regi\u00e3o News","og_description":"A Prefeitura Municipal de Colina, por interm\u00e9dio da Secretaria Municipal","og_url":"https:\/\/regiaonews.net.br\/2022\/2023\/05\/06\/prefeitura-de-colina-faz-agendamento-para-exames-na-carreta-do-h-a\/","og_site_name":"Regi\u00e3o News","article_published_time":"2023-05-06T09:52:57+00:00","article_modified_time":"2023-05-06T10:08:42+00:00","og_image":[{"width":2560,"height":1763,"url":"https:\/\/regiaonews.net.br\/2022\/wp-content\/uploads\/2022\/06\/Carreta-do-Cancer-Olimpia-scaled.jpg","type":"image\/jpeg"}],"author":"Roberto","twitter_card":"summary_large_image","twitter_misc":{"Escrito por":"Roberto","Est. tempo de leitura":"2 minutos"},"schema":{"@context":"https:\/\/schema.org","@graph":[{"@type":"Article","@id":"https:\/\/regiaonews.net.br\/2022\/2023\/05\/06\/prefeitura-de-colina-faz-agendamento-para-exames-na-carreta-do-h-a\/#article","isPartOf":{"@id":"https:\/\/regiaonews.net.br\/2022\/2023\/05\/06\/prefeitura-de-colina-faz-agendamento-para-exames-na-carreta-do-h-a\/"},"author":{"name":"Roberto","@id":"https:\/\/regiaonews.net.br\/2022\/#\/schema\/person\/2d205a608a5aa97ac279d7a5e6d89ad8"},"headline":"Prefeitura de Colina faz agendamento para exames na carreta do H.A.","datePublished":"2023-05-06T09:52:57+00:00","dateModified":"2023-05-06T10:08:42+00:00","mainEntityOfPage":{"@id":"https:\/\/regiaonews.net.br\/2022\/2023\/05\/06\/prefeitura-de-colina-faz-agendamento-para-exames-na-carreta-do-h-a\/"},"wordCount":265,"commentCount":0,"publisher":{"@id":"https:\/\/regiaonews.net.br\/2022\/#organization"},"image":{"@id":"https:\/\/regiaonews.net.br\/2022\/2023\/05\/06\/prefeitura-de-colina-faz-agendamento-para-exames-na-carreta-do-h-a\/#primaryimage"},"thumbnailUrl":"https:\/\/regiaonews.net.br\/2022\/wp-content\/uploads\/2022\/06\/Carreta-do-Cancer-Olimpia-scaled.jpg","articleSection":["Colina","Cotidiano"],"inLanguage":"pt-BR","potentialAction":[{"@type":"CommentAction","name":"Comment","target":["https:\/\/regiaonews.net.br\/2022\/2023\/05\/06\/prefeitura-de-colina-faz-agendamento-para-exames-na-carreta-do-h-a\/#respond"]}]},{"@type":"WebPage","@id":"https:\/\/regiaonews.net.br\/2022\/2023\/05\/06\/prefeitura-de-colina-faz-agendamento-para-exames-na-carreta-do-h-a\/","url":"https:\/\/regiaonews.net.br\/2022\/2023\/05\/06\/prefeitura-de-colina-faz-agendamento-para-exames-na-carreta-do-h-a\/","name":"Prefeitura de Colina faz agendamento para exames na carreta do H.A. - Regi\u00e3o News","isPartOf":{"@id":"https:\/\/regiaonews.net.br\/2022\/#website"},"primaryImageOfPage":{"@id":"https:\/\/regiaonews.net.br\/2022\/2023\/05\/06\/prefeitura-de-colina-faz-agendamento-para-exames-na-carreta-do-h-a\/#primaryimage"},"image":{"@id":"https:\/\/regiaonews.net.br\/2022\/2023\/05\/06\/prefeitura-de-colina-faz-agendamento-para-exames-na-carreta-do-h-a\/#primaryimage"},"thumbnailUrl":"https:\/\/regiaonews.net.br\/2022\/wp-content\/uploads\/2022\/06\/Carreta-do-Cancer-Olimpia-scaled.jpg","datePublished":"2023-05-06T09:52:57+00:00","dateModified":"2023-05-06T10:08:42+00:00","breadcrumb":{"@id":"https:\/\/regiaonews.net.br\/2022\/2023\/05\/06\/prefeitura-de-colina-faz-agendamento-para-exames-na-carreta-do-h-a\/#breadcrumb"},"inLanguage":"pt-BR","potentialAction":[{"@type":"ReadAction","target":["https:\/\/regiaonews.net.br\/2022\/2023\/05\/06\/prefeitura-de-colina-faz-agendamento-para-exames-na-carreta-do-h-a\/"]}]},{"@type":"ImageObject","inLanguage":"pt-BR","@id":"https:\/\/regiaonews.net.br\/2022\/2023\/05\/06\/prefeitura-de-colina-faz-agendamento-para-exames-na-carreta-do-h-a\/#primaryimage","url":"https:\/\/regiaonews.net.br\/2022\/wp-content\/uploads\/2022\/06\/Carreta-do-Cancer-Olimpia-scaled.jpg","contentUrl":"https:\/\/regiaonews.net.br\/2022\/wp-content\/uploads\/2022\/06\/Carreta-do-Cancer-Olimpia-scaled.jpg","width":2560,"height":1763},{"@type":"BreadcrumbList","@id":"https:\/\/regiaonews.net.br\/2022\/2023\/05\/06\/prefeitura-de-colina-faz-agendamento-para-exames-na-carreta-do-h-a\/#breadcrumb","itemListElement":[{"@type":"ListItem","position":1,"name":"In\u00edcio","item":"https:\/\/regiaonews.net.br\/2022\/"},{"@type":"ListItem","position":2,"name":"Prefeitura de Colina faz agendamento para exames na carreta do H.A."}]},{"@type":"WebSite","@id":"https:\/\/regiaonews.net.br\/2022\/#website","url":"https:\/\/regiaonews.net.br\/2022\/","name":"Regi\u00e3o News","description":"Site de Not\u00edcias de Barretos e regi\u00e3o","publisher":{"@id":"https:\/\/regiaonews.net.br\/2022\/#organization"},"potentialAction":[{"@type":"SearchAction","target":{"@type":"EntryPoint","urlTemplate":"https:\/\/regiaonews.net.br\/2022\/?s={search_term_string}"},"query-input":{"@type":"PropertyValueSpecification","valueRequired":true,"valueName":"search_term_string"}}],"inLanguage":"pt-BR"},{"@type":"Organization","@id":"https:\/\/regiaonews.net.br\/2022\/#organization","name":"Regi\u00e3o News","url":"https:\/\/regiaonews.net.br\/2022\/","logo":{"@type":"ImageObject","inLanguage":"pt-BR","@id":"https:\/\/regiaonews.net.br\/2022\/#\/schema\/logo\/image\/","url":"https:\/\/regiaonews.net.br\/2022\/wp-content\/uploads\/2026\/03\/regiao-13-anos-scaled.jpg","contentUrl":"https:\/\/regiaonews.net.br\/2022\/wp-content\/uploads\/2026\/03\/regiao-13-anos-scaled.jpg","width":2560,"height":635,"caption":"Regi\u00e3o News"},"image":{"@id":"https:\/\/regiaonews.net.br\/2022\/#\/schema\/logo\/image\/"}},{"@type":"Person","@id":"https:\/\/regiaonews.net.br\/2022\/#\/schema\/person\/2d205a608a5aa97ac279d7a5e6d89ad8","name":"Roberto","image":{"@type":"ImageObject","inLanguage":"pt-BR","@id":"https:\/\/secure.gravatar.com\/avatar\/42749d8b712ff9d59ca93dc150494e5b55a44134482993f5baeb97e61b7ecc89?s=96&d=mm&r=g","url":"https:\/\/secure.gravatar.com\/avatar\/42749d8b712ff9d59ca93dc150494e5b55a44134482993f5baeb97e61b7ecc89?s=96&d=mm&r=g","contentUrl":"https:\/\/secure.gravatar.com\/avatar\/42749d8b712ff9d59ca93dc150494e5b55a44134482993f5baeb97e61b7ecc89?s=96&d=mm&r=g","caption":"Roberto"},"url":"https:\/\/regiaonews.net.br\/2022\/author\/roberto\/"}]}},"publishpress_future_action":{"enabled":false,"date":"2026-05-02 03:44:32","action":"change-status","newStatus":"draft","terms":[],"taxonomy":"category","extraData":[]},"publishpress_future_workflow_manual_trigger":{"enabledWorkflows":[]},"_links":{"self":[{"href":"https:\/\/regiaonews.net.br\/2022\/wp-json\/wp\/v2\/posts\/87703","targetHints":{"allow":["GET"]}}],"collection":[{"href":"https:\/\/regiaonews.net.br\/2022\/wp-json\/wp\/v2\/posts"}],"about":[{"href":"https:\/\/regiaonews.net.br\/2022\/wp-json\/wp\/v2\/types\/post"}],"author":[{"embeddable":true,"href":"https:\/\/regiaonews.net.br\/2022\/wp-json\/wp\/v2\/users\/2"}],"replies":[{"embeddable":true,"href":"https:\/\/regiaonews.net.br\/2022\/wp-json\/wp\/v2\/comments?post=87703"}],"version-history":[{"count":1,"href":"https:\/\/regiaonews.net.br\/2022\/wp-json\/wp\/v2\/posts\/87703\/revisions"}],"predecessor-version":[{"id":87704,"href":"https:\/\/regiaonews.net.br\/2022\/wp-json\/wp\/v2\/posts\/87703\/revisions\/87704"}],"wp:featuredmedia":[{"embeddable":true,"href":"https:\/\/regiaonews.net.br\/2022\/wp-json\/wp\/v2\/media\/73197"}],"wp:attachment":[{"href":"https:\/\/regiaonews.net.br\/2022\/wp-json\/wp\/v2\/media?parent=87703"}],"wp:term":[{"taxonomy":"category","embeddable":true,"href":"https:\/\/regiaonews.net.br\/2022\/wp-json\/wp\/v2\/categories?post=87703"},{"taxonomy":"post_tag","embeddable":true,"href":"https:\/\/regiaonews.net.br\/2022\/wp-json\/wp\/v2\/tags?post=87703"}],"curies":[{"name":"wp","href":"https:\/\/api.w.org\/{rel}","templated":true}]}}