{"id":87467,"date":"2023-05-02T09:45:11","date_gmt":"2023-05-02T12:45:11","guid":{"rendered":"https:\/\/regiaonews.net.br\/2022\/?p=87467"},"modified":"2023-05-02T09:45:11","modified_gmt":"2023-05-02T12:45:11","slug":"colina-festejou-os-97-anos-com-inauguracoes-shows-corrida-e-diversas-atracoes","status":"publish","type":"post","link":"https:\/\/regiaonews.net.br\/2022\/2023\/05\/02\/colina-festejou-os-97-anos-com-inauguracoes-shows-corrida-e-diversas-atracoes\/","title":{"rendered":"Colina festejou os 97 anos com inaugura\u00e7\u00f5es, shows, corrida e diversas atra\u00e7\u00f5es"},"content":{"rendered":"<p>Os festejos em comemora\u00e7\u00e3o aos 97 anos de emancipa\u00e7\u00e3o pol\u00edtico-administrativa que Colina completou na \u00faltima sexta-feira, dia 21 de abril, foram realizados pela Prefeitura Municipal, com a organiza\u00e7\u00e3o da Secretaria Municipal de Educa\u00e7\u00e3o e Cultura e da Secretaria Municipal de Esportes, Turismo e Lazer, com o apoio das demais Secretarias e da C\u00e2mara Municipal, no per\u00edodo de 20 a 23 de abril.<\/p>\n<p>A diversidade de atra\u00e7\u00f5es, com a entrega de obras, programa\u00e7\u00e3o c\u00edvica, art\u00edstica, cultural e esportiva variada, agradou pessoas de todas as idades e foi sucesso absoluto de p\u00fablico.<\/p>\n<p><strong>Entrega de obras \u2013<\/strong>\u00a0Na ocasi\u00e3o dos festejos, a Administra\u00e7\u00e3o Municipal entregou as obras do Programa Cozinhalimento; Cooperativa de Costura; Sanit\u00e1rios Pra\u00e7a do bairro COHAB 3; Sanit\u00e1rios do Parque D\u00e9bora Paro; Quadra Sint\u00e9tica do Jardim Santa L\u00facia; Academia Adaptada do bairro Nosso Teto; Abertura de Travessias para pedestres e Abertura de Travessias para ve\u00edculos.<\/p>\n<p><strong>Shows gratuitos \u2013<\/strong>\u00a0A programa\u00e7\u00e3o trouxe shows variados na Pra\u00e7a do Museu Municipal, tais como: Duduca &amp; Dalvan; DJ Carla Rodrigues; Banda Psicodella; Z\u00e9 Vitor &amp; Eduardo; Sandami (ex-vocalista do Samb\u00f4); J\u00fanior &amp; Rafael e Jorge &amp; J\u00e9ssica.<\/p>\n<p><strong>Civismo, cultura, esporte e lazer \u2013<\/strong>\u00a0Ato C\u00edvico; \u201c5\u00aa. Corrida Pedestre Regional 21 de Abril\u201d; Encontro de Carros Antigos; interven\u00e7\u00f5es com Oficinas Culturais \u2013 A Rede de Desenvolvimento Social; brinquedos infl\u00e1veis gratuitos \u00e0 vontade para as crian\u00e7as; rodada de jogos do 1\u00ba Turno do Campeonato Municipal de Futebol Veterano 2023, com partidas no Est\u00e1dio do Colina Atl\u00e9tico e no Campo Municipal da Nova Colina; Treinos Livres e a tradicional Prova de Motocross no Recinto Municipal \u201c9 de Julho\u201d.<\/p>\n<p><strong>Corrida Pedestre<\/strong>\u00a0\u2013 Realizada na manh\u00e3 de sexta-feira, 21 de abril, a \u201c5\u00aa. Corrida Pedestre Regional 21 de Abril\u201d foi promovida pela parceria da Prefeitura Municipal com a Academia Moviment Fitness &#8211; Studio Treinamento Funcional.<\/p>\n<p>A prova atraiu 250 atletas, vindos de Colina e de diversos munic\u00edpios da regi\u00e3o. Com sa\u00edda e chegada da Pra\u00e7a Museu Municipal, a prova teve o percurso total de 5 km, percorridos pelos atletas inscritos nas categorias masculina e feminina. Os melhores colocados ganharam trof\u00e9us e premia\u00e7\u00e3o em dinheiro.<\/p>\n<p>O atleta Josu\u00e9 da Silva Santos, de Pitangueiras, foi o vencedor da \u201c5\u00aa. Corrida Pedestre Regional 21 de Abril\u201d, na categoria geral masculino. J\u00e1 na geral feminino, a vencedora foi Val\u00e9ria Sanches Pietro, de Novais.<\/p>\n<p>Colina tamb\u00e9m esteve representada no p\u00f3dio. Os colinenses destacaram-se na prova, na categoria masculina e feminina. Na masculina, em 1\u00ba lugar Higos Felipe Canteiro Bisio; em 2\u00ba lugar Paulo Mathias Lib\u00f3rio; em 3\u00ba lugar Luiz Gustavo da Silva; em 4\u00ba lugar Jo\u00e3o Paulo Gomes e em 5\u00ba lugar Jardel Pereira Amaral. Na feminina, em 1\u00ba lugar J\u00e9ssica Genov\u00eas; em 2\u00ba lugar Genoveva Junqueira; em 3\u00ba Maria Cristina Almeida \/ Elisa Junqueira; em 4\u00ba lugar Juliana Zanon e em 5\u00ba D\u00e9bora Sampaio.<\/p>\n<p><strong>Tradicional Motocross\u00a0<\/strong>\u2013 A competi\u00e7\u00e3o, realizada pela parceria da Prefeitura Municipal com a equipe \u201cMxnaveia Promo\u00e7\u00f5es e Eventos\u201d, aconteceu no domingo, dia 23 de abril, no Recinto Municipal \u201c9 de Julho\u201d.<\/p>\n<p>A tradicional Prova de Motocross contou com a participa\u00e7\u00e3o de 78 pilotos, vindos de diversas localidades dos Estados de S\u00e3o Paulo e de outros Estados brasileiros, reunindo um n\u00edvel elevado de competidores, com a participa\u00e7\u00e3o de pilotos reconhecidos nacionalmente.<\/p>\n<p>Foram 12 categorias disputadas e os primeiros colocados de cada categoria, s\u00e3o:\u00a0<strong>J\u00fanior<\/strong>: Arthur (Uberaba-MG);<strong>\u00a0Bronze<\/strong>: \u201cManga\u201d;\u00a0<strong>Nacional A<\/strong>: \u201cCueca\u201d (Jacu\u00ed-MG);\u00a0<strong>Nacional B:<\/strong>\u00a0\u201cCareca\u201d (Gua\u00edra-SP);\u00a0<strong>Nacional for\u00e7a livre<\/strong>: \u201cCueca\u201d (Jacu\u00ed-MG);\u00a0<strong>Mx1:<\/strong>\u00a0Murilo (Araraquara-SP);\u00a0<strong>Mx2:<\/strong>\u00a0Amaral (Borborema-SP);\u00a0<strong>Mx3:<\/strong>\u00a0\u201cDuenti\u201d (Serrana-SP);\u00a0<strong>Mx4:<\/strong>\u00a0\u201cDuenti\u201d (Serrana-SP);\u00a0<strong>Mx50:<\/strong>\u00a0\u201cDuenti\u201d (Serrana-SP);\u00a0\u00a0<strong>65cc:<\/strong>\u00a0\u201cVerdin\u201d (Uberaba-MG);\u00a0<strong>Mx gold:<\/strong>\u00a0Murilo (Araraquara-SP). Os pilotos receberam trof\u00e9us, al\u00e9m de premia\u00e7\u00e3o em dinheiro, para os melhores classificados.<\/p>\n<p><strong>Veterano 2023<\/strong>\u00a0\u2013 Na manh\u00e3 de domingo, 23 de abril, o Est\u00e1dio do Colina Atl\u00e9tico e o Campo Municipal da Nova Colina foram placo de rodadas de jogos do 1\u00ba Turno Campeonato Municipal de Futebol Veterano 2023. O primeiro jogo foi entre as equipes: Amigos do Xibil\u00a0<strong>4\u00a0<\/strong>x\u00a0<strong>1<\/strong>\u00a0Veteranos da Vila Guarnieri; o segundo jogo, Estrelas FC\u00a0<strong>1<\/strong>\u00a0x\u00a0<strong>5\u00a0<\/strong>Pedreira FC e o terceiro jogo, Nosso Teto FC\u00a0<strong>0<\/strong>\u00a0x\u00a0<strong>11<\/strong>\u00a0Casa da Dirce Veteranos.<\/p>\n<p>O Prefeito Municipal de Colina, Dieb Taha, agradeceu a participa\u00e7\u00e3o popular e a colabora\u00e7\u00e3o de todos que, direta ou indiretamente, contribu\u00edram para a realiza\u00e7\u00e3o das festividades dos 97 anos de Colina. \u201cQuero parabenizar todos os servidores p\u00fablicos e secret\u00e1rios municipais que se empenharam ao m\u00e1ximo para que os festejos fossem realizados. Toda a programa\u00e7\u00e3o foi preparada com muito empenho pelos v\u00e1rios segmentos da Administra\u00e7\u00e3o, visando oferecer lazer e entretenimento, com seguran\u00e7a e diversidade de atra\u00e7\u00f5es para a popula\u00e7\u00e3o\u201d.<\/p>\n<p>Dieb finalizou, parabenizando o munic\u00edpio. \u201cColina completou 97 anos de hist\u00f3ria, trabalho e desenvolvimento. Parabenizo a cidade e a todos a popula\u00e7\u00e3o local que, com a for\u00e7a de seu trabalho, vem conquistando uma cidade cada vez melhor. Como Prefeito Municipal, \u00e9 um orgulho pertencer a esta cidade, bem como testemunhar e contribuir ativamente para o seu crescimento e desenvolvimento, atuando na promo\u00e7\u00e3o da cidadania e no progresso\u201d.<\/p>\n<p>Confira algumas imagens da festa de anivers\u00e1rio da cidade e inaugura\u00e7\u00f5es de Colina<\/p>\n<p>&nbsp;<\/p>\n<p><a href=\"https:\/\/regiaonews.net.br\/2022\/wp-content\/uploads\/2023\/05\/g_62_0_10_27042023111805.jpg\"><img loading=\"lazy\" decoding=\"async\" class=\"alignnone size-medium wp-image-87468\" src=\"https:\/\/regiaonews.net.br\/2022\/wp-content\/uploads\/2023\/05\/g_62_0_10_27042023111805-300x200.jpg\" alt=\"\" width=\"300\" height=\"200\" srcset=\"https:\/\/regiaonews.net.br\/2022\/wp-content\/uploads\/2023\/05\/g_62_0_10_27042023111805-300x200.jpg 300w, https:\/\/regiaonews.net.br\/2022\/wp-content\/uploads\/2023\/05\/g_62_0_10_27042023111805-1024x682.jpg 1024w, https:\/\/regiaonews.net.br\/2022\/wp-content\/uploads\/2023\/05\/g_62_0_10_27042023111805-768x511.jpg 768w, https:\/\/regiaonews.net.br\/2022\/wp-content\/uploads\/2023\/05\/g_62_0_10_27042023111805-1536x1022.jpg 1536w, https:\/\/regiaonews.net.br\/2022\/wp-content\/uploads\/2023\/05\/g_62_0_10_27042023111805-250x166.jpg 250w, https:\/\/regiaonews.net.br\/2022\/wp-content\/uploads\/2023\/05\/g_62_0_10_27042023111805-900x600.jpg 900w, https:\/\/regiaonews.net.br\/2022\/wp-content\/uploads\/2023\/05\/g_62_0_10_27042023111805.jpg 2048w\" sizes=\"auto, (max-width: 300px) 100vw, 300px\" \/><\/a> <a href=\"https:\/\/regiaonews.net.br\/2022\/wp-content\/uploads\/2023\/05\/g_62_3_7_27042023111805.jpg\"><img loading=\"lazy\" decoding=\"async\" class=\"alignnone size-medium wp-image-87470\" src=\"https:\/\/regiaonews.net.br\/2022\/wp-content\/uploads\/2023\/05\/g_62_3_7_27042023111805-300x200.jpg\" alt=\"\" width=\"300\" height=\"200\" srcset=\"https:\/\/regiaonews.net.br\/2022\/wp-content\/uploads\/2023\/05\/g_62_3_7_27042023111805-300x200.jpg 300w, https:\/\/regiaonews.net.br\/2022\/wp-content\/uploads\/2023\/05\/g_62_3_7_27042023111805-1024x682.jpg 1024w, https:\/\/regiaonews.net.br\/2022\/wp-content\/uploads\/2023\/05\/g_62_3_7_27042023111805-768x511.jpg 768w, https:\/\/regiaonews.net.br\/2022\/wp-content\/uploads\/2023\/05\/g_62_3_7_27042023111805-1536x1022.jpg 1536w, https:\/\/regiaonews.net.br\/2022\/wp-content\/uploads\/2023\/05\/g_62_3_7_27042023111805-250x166.jpg 250w, https:\/\/regiaonews.net.br\/2022\/wp-content\/uploads\/2023\/05\/g_62_3_7_27042023111805-900x600.jpg 900w, https:\/\/regiaonews.net.br\/2022\/wp-content\/uploads\/2023\/05\/g_62_3_7_27042023111805.jpg 2048w\" sizes=\"auto, (max-width: 300px) 100vw, 300px\" \/><\/a> <a href=\"https:\/\/regiaonews.net.br\/2022\/wp-content\/uploads\/2023\/05\/g_62_4_6_27042023111805.jpg\"><img loading=\"lazy\" decoding=\"async\" class=\"alignnone size-medium wp-image-87471\" src=\"https:\/\/regiaonews.net.br\/2022\/wp-content\/uploads\/2023\/05\/g_62_4_6_27042023111805-300x200.jpg\" alt=\"\" width=\"300\" height=\"200\" srcset=\"https:\/\/regiaonews.net.br\/2022\/wp-content\/uploads\/2023\/05\/g_62_4_6_27042023111805-300x200.jpg 300w, https:\/\/regiaonews.net.br\/2022\/wp-content\/uploads\/2023\/05\/g_62_4_6_27042023111805-1024x682.jpg 1024w, https:\/\/regiaonews.net.br\/2022\/wp-content\/uploads\/2023\/05\/g_62_4_6_27042023111805-768x511.jpg 768w, https:\/\/regiaonews.net.br\/2022\/wp-content\/uploads\/2023\/05\/g_62_4_6_27042023111805-1536x1022.jpg 1536w, https:\/\/regiaonews.net.br\/2022\/wp-content\/uploads\/2023\/05\/g_62_4_6_27042023111805-250x166.jpg 250w, https:\/\/regiaonews.net.br\/2022\/wp-content\/uploads\/2023\/05\/g_62_4_6_27042023111805-900x600.jpg 900w, https:\/\/regiaonews.net.br\/2022\/wp-content\/uploads\/2023\/05\/g_62_4_6_27042023111805.jpg 2048w\" sizes=\"auto, (max-width: 300px) 100vw, 300px\" \/><\/a> <a href=\"https:\/\/regiaonews.net.br\/2022\/wp-content\/uploads\/2023\/05\/g_62_4_6_27042023112253.jpg\"><img loading=\"lazy\" decoding=\"async\" class=\"alignnone size-medium wp-image-87472\" src=\"https:\/\/regiaonews.net.br\/2022\/wp-content\/uploads\/2023\/05\/g_62_4_6_27042023112253-300x200.jpg\" alt=\"\" width=\"300\" height=\"200\" srcset=\"https:\/\/regiaonews.net.br\/2022\/wp-content\/uploads\/2023\/05\/g_62_4_6_27042023112253-300x200.jpg 300w, https:\/\/regiaonews.net.br\/2022\/wp-content\/uploads\/2023\/05\/g_62_4_6_27042023112253-1024x683.jpg 1024w, https:\/\/regiaonews.net.br\/2022\/wp-content\/uploads\/2023\/05\/g_62_4_6_27042023112253-768x512.jpg 768w, https:\/\/regiaonews.net.br\/2022\/wp-content\/uploads\/2023\/05\/g_62_4_6_27042023112253-1536x1024.jpg 1536w, https:\/\/regiaonews.net.br\/2022\/wp-content\/uploads\/2023\/05\/g_62_4_6_27042023112253-250x167.jpg 250w, https:\/\/regiaonews.net.br\/2022\/wp-content\/uploads\/2023\/05\/g_62_4_6_27042023112253-900x600.jpg 900w, https:\/\/regiaonews.net.br\/2022\/wp-content\/uploads\/2023\/05\/g_62_4_6_27042023112253.jpg 2048w\" sizes=\"auto, (max-width: 300px) 100vw, 300px\" \/><\/a> <a href=\"https:\/\/regiaonews.net.br\/2022\/wp-content\/uploads\/2023\/05\/g_62_5_5_27042023111805.jpg\"><img loading=\"lazy\" decoding=\"async\" class=\"alignnone size-medium wp-image-87473\" src=\"https:\/\/regiaonews.net.br\/2022\/wp-content\/uploads\/2023\/05\/g_62_5_5_27042023111805-300x200.jpg\" alt=\"\" width=\"300\" height=\"200\" srcset=\"https:\/\/regiaonews.net.br\/2022\/wp-content\/uploads\/2023\/05\/g_62_5_5_27042023111805-300x200.jpg 300w, https:\/\/regiaonews.net.br\/2022\/wp-content\/uploads\/2023\/05\/g_62_5_5_27042023111805-1024x682.jpg 1024w, https:\/\/regiaonews.net.br\/2022\/wp-content\/uploads\/2023\/05\/g_62_5_5_27042023111805-768x511.jpg 768w, https:\/\/regiaonews.net.br\/2022\/wp-content\/uploads\/2023\/05\/g_62_5_5_27042023111805-1536x1022.jpg 1536w, https:\/\/regiaonews.net.br\/2022\/wp-content\/uploads\/2023\/05\/g_62_5_5_27042023111805-250x166.jpg 250w, https:\/\/regiaonews.net.br\/2022\/wp-content\/uploads\/2023\/05\/g_62_5_5_27042023111805-900x600.jpg 900w, https:\/\/regiaonews.net.br\/2022\/wp-content\/uploads\/2023\/05\/g_62_5_5_27042023111805.jpg 2048w\" sizes=\"auto, (max-width: 300px) 100vw, 300px\" \/><\/a> <a href=\"https:\/\/regiaonews.net.br\/2022\/wp-content\/uploads\/2023\/05\/g_62_6_4_27042023111805.jpg\"><img loading=\"lazy\" decoding=\"async\" class=\"alignnone size-medium wp-image-87474\" src=\"https:\/\/regiaonews.net.br\/2022\/wp-content\/uploads\/2023\/05\/g_62_6_4_27042023111805-300x169.jpg\" alt=\"\" width=\"300\" height=\"169\" srcset=\"https:\/\/regiaonews.net.br\/2022\/wp-content\/uploads\/2023\/05\/g_62_6_4_27042023111805-300x169.jpg 300w, https:\/\/regiaonews.net.br\/2022\/wp-content\/uploads\/2023\/05\/g_62_6_4_27042023111805-1024x576.jpg 1024w, https:\/\/regiaonews.net.br\/2022\/wp-content\/uploads\/2023\/05\/g_62_6_4_27042023111805-768x432.jpg 768w, https:\/\/regiaonews.net.br\/2022\/wp-content\/uploads\/2023\/05\/g_62_6_4_27042023111805-1536x864.jpg 1536w, https:\/\/regiaonews.net.br\/2022\/wp-content\/uploads\/2023\/05\/g_62_6_4_27042023111805-250x141.jpg 250w, https:\/\/regiaonews.net.br\/2022\/wp-content\/uploads\/2023\/05\/g_62_6_4_27042023111805.jpg 1600w\" sizes=\"auto, (max-width: 300px) 100vw, 300px\" \/><\/a> <a href=\"https:\/\/regiaonews.net.br\/2022\/wp-content\/uploads\/2023\/05\/g_62_6_4_27042023112253.jpg\"><img loading=\"lazy\" decoding=\"async\" class=\"alignnone size-medium wp-image-87475\" src=\"https:\/\/regiaonews.net.br\/2022\/wp-content\/uploads\/2023\/05\/g_62_6_4_27042023112253-300x169.jpg\" alt=\"\" width=\"300\" height=\"169\" srcset=\"https:\/\/regiaonews.net.br\/2022\/wp-content\/uploads\/2023\/05\/g_62_6_4_27042023112253-300x169.jpg 300w, https:\/\/regiaonews.net.br\/2022\/wp-content\/uploads\/2023\/05\/g_62_6_4_27042023112253-1024x576.jpg 1024w, https:\/\/regiaonews.net.br\/2022\/wp-content\/uploads\/2023\/05\/g_62_6_4_27042023112253-768x432.jpg 768w, https:\/\/regiaonews.net.br\/2022\/wp-content\/uploads\/2023\/05\/g_62_6_4_27042023112253-1536x864.jpg 1536w, https:\/\/regiaonews.net.br\/2022\/wp-content\/uploads\/2023\/05\/g_62_6_4_27042023112253-250x141.jpg 250w, https:\/\/regiaonews.net.br\/2022\/wp-content\/uploads\/2023\/05\/g_62_6_4_27042023112253.jpg 1600w\" sizes=\"auto, (max-width: 300px) 100vw, 300px\" \/><\/a> <a href=\"https:\/\/regiaonews.net.br\/2022\/wp-content\/uploads\/2023\/05\/g_62_8_2_27042023112043.jpg\"><img loading=\"lazy\" decoding=\"async\" class=\"alignnone size-medium wp-image-87476\" src=\"https:\/\/regiaonews.net.br\/2022\/wp-content\/uploads\/2023\/05\/g_62_8_2_27042023112043-300x200.jpg\" alt=\"\" width=\"300\" height=\"200\" srcset=\"https:\/\/regiaonews.net.br\/2022\/wp-content\/uploads\/2023\/05\/g_62_8_2_27042023112043-300x200.jpg 300w, https:\/\/regiaonews.net.br\/2022\/wp-content\/uploads\/2023\/05\/g_62_8_2_27042023112043-1024x682.jpg 1024w, https:\/\/regiaonews.net.br\/2022\/wp-content\/uploads\/2023\/05\/g_62_8_2_27042023112043-768x511.jpg 768w, https:\/\/regiaonews.net.br\/2022\/wp-content\/uploads\/2023\/05\/g_62_8_2_27042023112043-1536x1022.jpg 1536w, https:\/\/regiaonews.net.br\/2022\/wp-content\/uploads\/2023\/05\/g_62_8_2_27042023112043-250x166.jpg 250w, https:\/\/regiaonews.net.br\/2022\/wp-content\/uploads\/2023\/05\/g_62_8_2_27042023112043-900x600.jpg 900w, https:\/\/regiaonews.net.br\/2022\/wp-content\/uploads\/2023\/05\/g_62_8_2_27042023112043.jpg 2048w\" sizes=\"auto, (max-width: 300px) 100vw, 300px\" \/><\/a><\/p>\n<p>&nbsp;<\/p>\n","protected":false},"excerpt":{"rendered":"<p>Os festejos em comemora\u00e7\u00e3o aos 97 anos de emancipa\u00e7\u00e3o pol\u00edtico-administrativa<\/p>\n","protected":false},"author":2,"featured_media":87469,"comment_status":"open","ping_status":"open","sticky":false,"template":"","format":"standard","meta":{"footnotes":""},"categories":[5,111],"tags":[],"class_list":["post-87467","post","type-post","status-publish","format-standard","has-post-thumbnail","hentry","category-colina","category-cotidiano"],"yoast_head":"<!-- This site is optimized with the Yoast SEO plugin v27.4 - https:\/\/yoast.com\/product\/yoast-seo-wordpress\/ -->\n<title>Colina festejou os 97 anos com inaugura\u00e7\u00f5es, shows, corrida e diversas atra\u00e7\u00f5es - Regi\u00e3o News<\/title>\n<meta name=\"robots\" content=\"index, follow, max-snippet:-1, max-image-preview:large, max-video-preview:-1\" \/>\n<link rel=\"canonical\" href=\"https:\/\/regiaonews.net.br\/2022\/2023\/05\/02\/colina-festejou-os-97-anos-com-inauguracoes-shows-corrida-e-diversas-atracoes\/\" \/>\n<meta property=\"og:locale\" content=\"pt_BR\" \/>\n<meta property=\"og:type\" content=\"article\" \/>\n<meta property=\"og:title\" content=\"Colina festejou os 97 anos com inaugura\u00e7\u00f5es, shows, corrida e diversas atra\u00e7\u00f5es - Regi\u00e3o News\" \/>\n<meta property=\"og:description\" content=\"Os festejos em comemora\u00e7\u00e3o aos 97 anos de emancipa\u00e7\u00e3o pol\u00edtico-administrativa\" \/>\n<meta property=\"og:url\" content=\"https:\/\/regiaonews.net.br\/2022\/2023\/05\/02\/colina-festejou-os-97-anos-com-inauguracoes-shows-corrida-e-diversas-atracoes\/\" \/>\n<meta property=\"og:site_name\" content=\"Regi\u00e3o News\" \/>\n<meta property=\"article:published_time\" content=\"2023-05-02T12:45:11+00:00\" \/>\n<meta property=\"og:image\" content=\"https:\/\/regiaonews.net.br\/2022\/wp-content\/uploads\/2023\/05\/g_62_1_9_27042023111805.jpg\" \/>\n\t<meta property=\"og:image:width\" content=\"2048\" \/>\n\t<meta property=\"og:image:height\" content=\"1363\" \/>\n\t<meta property=\"og:image:type\" content=\"image\/jpeg\" \/>\n<meta name=\"author\" content=\"Roberto\" \/>\n<meta name=\"twitter:card\" content=\"summary_large_image\" \/>\n<meta name=\"twitter:label1\" content=\"Escrito por\" \/>\n\t<meta name=\"twitter:data1\" content=\"Roberto\" \/>\n\t<meta name=\"twitter:label2\" content=\"Est. tempo de leitura\" \/>\n\t<meta name=\"twitter:data2\" content=\"7 minutos\" \/>\n<script type=\"application\/ld+json\" class=\"yoast-schema-graph\">{\"@context\":\"https:\\\/\\\/schema.org\",\"@graph\":[{\"@type\":\"Article\",\"@id\":\"https:\\\/\\\/regiaonews.net.br\\\/2022\\\/2023\\\/05\\\/02\\\/colina-festejou-os-97-anos-com-inauguracoes-shows-corrida-e-diversas-atracoes\\\/#article\",\"isPartOf\":{\"@id\":\"https:\\\/\\\/regiaonews.net.br\\\/2022\\\/2023\\\/05\\\/02\\\/colina-festejou-os-97-anos-com-inauguracoes-shows-corrida-e-diversas-atracoes\\\/\"},\"author\":{\"name\":\"Roberto\",\"@id\":\"https:\\\/\\\/regiaonews.net.br\\\/2022\\\/#\\\/schema\\\/person\\\/2d205a608a5aa97ac279d7a5e6d89ad8\"},\"headline\":\"Colina festejou os 97 anos com inaugura\u00e7\u00f5es, shows, corrida e diversas atra\u00e7\u00f5es\",\"datePublished\":\"2023-05-02T12:45:11+00:00\",\"mainEntityOfPage\":{\"@id\":\"https:\\\/\\\/regiaonews.net.br\\\/2022\\\/2023\\\/05\\\/02\\\/colina-festejou-os-97-anos-com-inauguracoes-shows-corrida-e-diversas-atracoes\\\/\"},\"wordCount\":875,\"commentCount\":0,\"publisher\":{\"@id\":\"https:\\\/\\\/regiaonews.net.br\\\/2022\\\/#organization\"},\"image\":{\"@id\":\"https:\\\/\\\/regiaonews.net.br\\\/2022\\\/2023\\\/05\\\/02\\\/colina-festejou-os-97-anos-com-inauguracoes-shows-corrida-e-diversas-atracoes\\\/#primaryimage\"},\"thumbnailUrl\":\"https:\\\/\\\/regiaonews.net.br\\\/2022\\\/wp-content\\\/uploads\\\/2023\\\/05\\\/g_62_1_9_27042023111805.jpg\",\"articleSection\":[\"Colina\",\"Cotidiano\"],\"inLanguage\":\"pt-BR\",\"potentialAction\":[{\"@type\":\"CommentAction\",\"name\":\"Comment\",\"target\":[\"https:\\\/\\\/regiaonews.net.br\\\/2022\\\/2023\\\/05\\\/02\\\/colina-festejou-os-97-anos-com-inauguracoes-shows-corrida-e-diversas-atracoes\\\/#respond\"]}]},{\"@type\":\"WebPage\",\"@id\":\"https:\\\/\\\/regiaonews.net.br\\\/2022\\\/2023\\\/05\\\/02\\\/colina-festejou-os-97-anos-com-inauguracoes-shows-corrida-e-diversas-atracoes\\\/\",\"url\":\"https:\\\/\\\/regiaonews.net.br\\\/2022\\\/2023\\\/05\\\/02\\\/colina-festejou-os-97-anos-com-inauguracoes-shows-corrida-e-diversas-atracoes\\\/\",\"name\":\"Colina festejou os 97 anos com inaugura\u00e7\u00f5es, shows, corrida e diversas atra\u00e7\u00f5es - Regi\u00e3o News\",\"isPartOf\":{\"@id\":\"https:\\\/\\\/regiaonews.net.br\\\/2022\\\/#website\"},\"primaryImageOfPage\":{\"@id\":\"https:\\\/\\\/regiaonews.net.br\\\/2022\\\/2023\\\/05\\\/02\\\/colina-festejou-os-97-anos-com-inauguracoes-shows-corrida-e-diversas-atracoes\\\/#primaryimage\"},\"image\":{\"@id\":\"https:\\\/\\\/regiaonews.net.br\\\/2022\\\/2023\\\/05\\\/02\\\/colina-festejou-os-97-anos-com-inauguracoes-shows-corrida-e-diversas-atracoes\\\/#primaryimage\"},\"thumbnailUrl\":\"https:\\\/\\\/regiaonews.net.br\\\/2022\\\/wp-content\\\/uploads\\\/2023\\\/05\\\/g_62_1_9_27042023111805.jpg\",\"datePublished\":\"2023-05-02T12:45:11+00:00\",\"breadcrumb\":{\"@id\":\"https:\\\/\\\/regiaonews.net.br\\\/2022\\\/2023\\\/05\\\/02\\\/colina-festejou-os-97-anos-com-inauguracoes-shows-corrida-e-diversas-atracoes\\\/#breadcrumb\"},\"inLanguage\":\"pt-BR\",\"potentialAction\":[{\"@type\":\"ReadAction\",\"target\":[\"https:\\\/\\\/regiaonews.net.br\\\/2022\\\/2023\\\/05\\\/02\\\/colina-festejou-os-97-anos-com-inauguracoes-shows-corrida-e-diversas-atracoes\\\/\"]}]},{\"@type\":\"ImageObject\",\"inLanguage\":\"pt-BR\",\"@id\":\"https:\\\/\\\/regiaonews.net.br\\\/2022\\\/2023\\\/05\\\/02\\\/colina-festejou-os-97-anos-com-inauguracoes-shows-corrida-e-diversas-atracoes\\\/#primaryimage\",\"url\":\"https:\\\/\\\/regiaonews.net.br\\\/2022\\\/wp-content\\\/uploads\\\/2023\\\/05\\\/g_62_1_9_27042023111805.jpg\",\"contentUrl\":\"https:\\\/\\\/regiaonews.net.br\\\/2022\\\/wp-content\\\/uploads\\\/2023\\\/05\\\/g_62_1_9_27042023111805.jpg\",\"width\":2048,\"height\":1363},{\"@type\":\"BreadcrumbList\",\"@id\":\"https:\\\/\\\/regiaonews.net.br\\\/2022\\\/2023\\\/05\\\/02\\\/colina-festejou-os-97-anos-com-inauguracoes-shows-corrida-e-diversas-atracoes\\\/#breadcrumb\",\"itemListElement\":[{\"@type\":\"ListItem\",\"position\":1,\"name\":\"In\u00edcio\",\"item\":\"https:\\\/\\\/regiaonews.net.br\\\/2022\\\/\"},{\"@type\":\"ListItem\",\"position\":2,\"name\":\"Colina festejou os 97 anos com inaugura\u00e7\u00f5es, shows, corrida e diversas atra\u00e7\u00f5es\"}]},{\"@type\":\"WebSite\",\"@id\":\"https:\\\/\\\/regiaonews.net.br\\\/2022\\\/#website\",\"url\":\"https:\\\/\\\/regiaonews.net.br\\\/2022\\\/\",\"name\":\"Regi\u00e3o News\",\"description\":\"Site de Not\u00edcias de Barretos e regi\u00e3o\",\"publisher\":{\"@id\":\"https:\\\/\\\/regiaonews.net.br\\\/2022\\\/#organization\"},\"potentialAction\":[{\"@type\":\"SearchAction\",\"target\":{\"@type\":\"EntryPoint\",\"urlTemplate\":\"https:\\\/\\\/regiaonews.net.br\\\/2022\\\/?s={search_term_string}\"},\"query-input\":{\"@type\":\"PropertyValueSpecification\",\"valueRequired\":true,\"valueName\":\"search_term_string\"}}],\"inLanguage\":\"pt-BR\"},{\"@type\":\"Organization\",\"@id\":\"https:\\\/\\\/regiaonews.net.br\\\/2022\\\/#organization\",\"name\":\"Regi\u00e3o News\",\"url\":\"https:\\\/\\\/regiaonews.net.br\\\/2022\\\/\",\"logo\":{\"@type\":\"ImageObject\",\"inLanguage\":\"pt-BR\",\"@id\":\"https:\\\/\\\/regiaonews.net.br\\\/2022\\\/#\\\/schema\\\/logo\\\/image\\\/\",\"url\":\"https:\\\/\\\/regiaonews.net.br\\\/2022\\\/wp-content\\\/uploads\\\/2026\\\/03\\\/regiao-13-anos-scaled.jpg\",\"contentUrl\":\"https:\\\/\\\/regiaonews.net.br\\\/2022\\\/wp-content\\\/uploads\\\/2026\\\/03\\\/regiao-13-anos-scaled.jpg\",\"width\":2560,\"height\":635,\"caption\":\"Regi\u00e3o News\"},\"image\":{\"@id\":\"https:\\\/\\\/regiaonews.net.br\\\/2022\\\/#\\\/schema\\\/logo\\\/image\\\/\"}},{\"@type\":\"Person\",\"@id\":\"https:\\\/\\\/regiaonews.net.br\\\/2022\\\/#\\\/schema\\\/person\\\/2d205a608a5aa97ac279d7a5e6d89ad8\",\"name\":\"Roberto\",\"image\":{\"@type\":\"ImageObject\",\"inLanguage\":\"pt-BR\",\"@id\":\"https:\\\/\\\/secure.gravatar.com\\\/avatar\\\/42749d8b712ff9d59ca93dc150494e5b55a44134482993f5baeb97e61b7ecc89?s=96&d=mm&r=g\",\"url\":\"https:\\\/\\\/secure.gravatar.com\\\/avatar\\\/42749d8b712ff9d59ca93dc150494e5b55a44134482993f5baeb97e61b7ecc89?s=96&d=mm&r=g\",\"contentUrl\":\"https:\\\/\\\/secure.gravatar.com\\\/avatar\\\/42749d8b712ff9d59ca93dc150494e5b55a44134482993f5baeb97e61b7ecc89?s=96&d=mm&r=g\",\"caption\":\"Roberto\"},\"url\":\"https:\\\/\\\/regiaonews.net.br\\\/2022\\\/author\\\/roberto\\\/\"}]}<\/script>\n<!-- \/ Yoast SEO plugin. -->","yoast_head_json":{"title":"Colina festejou os 97 anos com inaugura\u00e7\u00f5es, shows, corrida e diversas atra\u00e7\u00f5es - Regi\u00e3o News","robots":{"index":"index","follow":"follow","max-snippet":"max-snippet:-1","max-image-preview":"max-image-preview:large","max-video-preview":"max-video-preview:-1"},"canonical":"https:\/\/regiaonews.net.br\/2022\/2023\/05\/02\/colina-festejou-os-97-anos-com-inauguracoes-shows-corrida-e-diversas-atracoes\/","og_locale":"pt_BR","og_type":"article","og_title":"Colina festejou os 97 anos com inaugura\u00e7\u00f5es, shows, corrida e diversas atra\u00e7\u00f5es - Regi\u00e3o News","og_description":"Os festejos em comemora\u00e7\u00e3o aos 97 anos de emancipa\u00e7\u00e3o pol\u00edtico-administrativa","og_url":"https:\/\/regiaonews.net.br\/2022\/2023\/05\/02\/colina-festejou-os-97-anos-com-inauguracoes-shows-corrida-e-diversas-atracoes\/","og_site_name":"Regi\u00e3o News","article_published_time":"2023-05-02T12:45:11+00:00","og_image":[{"width":2048,"height":1363,"url":"https:\/\/regiaonews.net.br\/2022\/wp-content\/uploads\/2023\/05\/g_62_1_9_27042023111805.jpg","type":"image\/jpeg"}],"author":"Roberto","twitter_card":"summary_large_image","twitter_misc":{"Escrito por":"Roberto","Est. tempo de leitura":"7 minutos"},"schema":{"@context":"https:\/\/schema.org","@graph":[{"@type":"Article","@id":"https:\/\/regiaonews.net.br\/2022\/2023\/05\/02\/colina-festejou-os-97-anos-com-inauguracoes-shows-corrida-e-diversas-atracoes\/#article","isPartOf":{"@id":"https:\/\/regiaonews.net.br\/2022\/2023\/05\/02\/colina-festejou-os-97-anos-com-inauguracoes-shows-corrida-e-diversas-atracoes\/"},"author":{"name":"Roberto","@id":"https:\/\/regiaonews.net.br\/2022\/#\/schema\/person\/2d205a608a5aa97ac279d7a5e6d89ad8"},"headline":"Colina festejou os 97 anos com inaugura\u00e7\u00f5es, shows, corrida e diversas atra\u00e7\u00f5es","datePublished":"2023-05-02T12:45:11+00:00","mainEntityOfPage":{"@id":"https:\/\/regiaonews.net.br\/2022\/2023\/05\/02\/colina-festejou-os-97-anos-com-inauguracoes-shows-corrida-e-diversas-atracoes\/"},"wordCount":875,"commentCount":0,"publisher":{"@id":"https:\/\/regiaonews.net.br\/2022\/#organization"},"image":{"@id":"https:\/\/regiaonews.net.br\/2022\/2023\/05\/02\/colina-festejou-os-97-anos-com-inauguracoes-shows-corrida-e-diversas-atracoes\/#primaryimage"},"thumbnailUrl":"https:\/\/regiaonews.net.br\/2022\/wp-content\/uploads\/2023\/05\/g_62_1_9_27042023111805.jpg","articleSection":["Colina","Cotidiano"],"inLanguage":"pt-BR","potentialAction":[{"@type":"CommentAction","name":"Comment","target":["https:\/\/regiaonews.net.br\/2022\/2023\/05\/02\/colina-festejou-os-97-anos-com-inauguracoes-shows-corrida-e-diversas-atracoes\/#respond"]}]},{"@type":"WebPage","@id":"https:\/\/regiaonews.net.br\/2022\/2023\/05\/02\/colina-festejou-os-97-anos-com-inauguracoes-shows-corrida-e-diversas-atracoes\/","url":"https:\/\/regiaonews.net.br\/2022\/2023\/05\/02\/colina-festejou-os-97-anos-com-inauguracoes-shows-corrida-e-diversas-atracoes\/","name":"Colina festejou os 97 anos com inaugura\u00e7\u00f5es, shows, corrida e diversas atra\u00e7\u00f5es - Regi\u00e3o News","isPartOf":{"@id":"https:\/\/regiaonews.net.br\/2022\/#website"},"primaryImageOfPage":{"@id":"https:\/\/regiaonews.net.br\/2022\/2023\/05\/02\/colina-festejou-os-97-anos-com-inauguracoes-shows-corrida-e-diversas-atracoes\/#primaryimage"},"image":{"@id":"https:\/\/regiaonews.net.br\/2022\/2023\/05\/02\/colina-festejou-os-97-anos-com-inauguracoes-shows-corrida-e-diversas-atracoes\/#primaryimage"},"thumbnailUrl":"https:\/\/regiaonews.net.br\/2022\/wp-content\/uploads\/2023\/05\/g_62_1_9_27042023111805.jpg","datePublished":"2023-05-02T12:45:11+00:00","breadcrumb":{"@id":"https:\/\/regiaonews.net.br\/2022\/2023\/05\/02\/colina-festejou-os-97-anos-com-inauguracoes-shows-corrida-e-diversas-atracoes\/#breadcrumb"},"inLanguage":"pt-BR","potentialAction":[{"@type":"ReadAction","target":["https:\/\/regiaonews.net.br\/2022\/2023\/05\/02\/colina-festejou-os-97-anos-com-inauguracoes-shows-corrida-e-diversas-atracoes\/"]}]},{"@type":"ImageObject","inLanguage":"pt-BR","@id":"https:\/\/regiaonews.net.br\/2022\/2023\/05\/02\/colina-festejou-os-97-anos-com-inauguracoes-shows-corrida-e-diversas-atracoes\/#primaryimage","url":"https:\/\/regiaonews.net.br\/2022\/wp-content\/uploads\/2023\/05\/g_62_1_9_27042023111805.jpg","contentUrl":"https:\/\/regiaonews.net.br\/2022\/wp-content\/uploads\/2023\/05\/g_62_1_9_27042023111805.jpg","width":2048,"height":1363},{"@type":"BreadcrumbList","@id":"https:\/\/regiaonews.net.br\/2022\/2023\/05\/02\/colina-festejou-os-97-anos-com-inauguracoes-shows-corrida-e-diversas-atracoes\/#breadcrumb","itemListElement":[{"@type":"ListItem","position":1,"name":"In\u00edcio","item":"https:\/\/regiaonews.net.br\/2022\/"},{"@type":"ListItem","position":2,"name":"Colina festejou os 97 anos com inaugura\u00e7\u00f5es, shows, corrida e diversas atra\u00e7\u00f5es"}]},{"@type":"WebSite","@id":"https:\/\/regiaonews.net.br\/2022\/#website","url":"https:\/\/regiaonews.net.br\/2022\/","name":"Regi\u00e3o News","description":"Site de Not\u00edcias de Barretos e regi\u00e3o","publisher":{"@id":"https:\/\/regiaonews.net.br\/2022\/#organization"},"potentialAction":[{"@type":"SearchAction","target":{"@type":"EntryPoint","urlTemplate":"https:\/\/regiaonews.net.br\/2022\/?s={search_term_string}"},"query-input":{"@type":"PropertyValueSpecification","valueRequired":true,"valueName":"search_term_string"}}],"inLanguage":"pt-BR"},{"@type":"Organization","@id":"https:\/\/regiaonews.net.br\/2022\/#organization","name":"Regi\u00e3o News","url":"https:\/\/regiaonews.net.br\/2022\/","logo":{"@type":"ImageObject","inLanguage":"pt-BR","@id":"https:\/\/regiaonews.net.br\/2022\/#\/schema\/logo\/image\/","url":"https:\/\/regiaonews.net.br\/2022\/wp-content\/uploads\/2026\/03\/regiao-13-anos-scaled.jpg","contentUrl":"https:\/\/regiaonews.net.br\/2022\/wp-content\/uploads\/2026\/03\/regiao-13-anos-scaled.jpg","width":2560,"height":635,"caption":"Regi\u00e3o News"},"image":{"@id":"https:\/\/regiaonews.net.br\/2022\/#\/schema\/logo\/image\/"}},{"@type":"Person","@id":"https:\/\/regiaonews.net.br\/2022\/#\/schema\/person\/2d205a608a5aa97ac279d7a5e6d89ad8","name":"Roberto","image":{"@type":"ImageObject","inLanguage":"pt-BR","@id":"https:\/\/secure.gravatar.com\/avatar\/42749d8b712ff9d59ca93dc150494e5b55a44134482993f5baeb97e61b7ecc89?s=96&d=mm&r=g","url":"https:\/\/secure.gravatar.com\/avatar\/42749d8b712ff9d59ca93dc150494e5b55a44134482993f5baeb97e61b7ecc89?s=96&d=mm&r=g","contentUrl":"https:\/\/secure.gravatar.com\/avatar\/42749d8b712ff9d59ca93dc150494e5b55a44134482993f5baeb97e61b7ecc89?s=96&d=mm&r=g","caption":"Roberto"},"url":"https:\/\/regiaonews.net.br\/2022\/author\/roberto\/"}]}},"publishpress_future_action":{"enabled":false,"date":"2026-05-02 03:37:35","action":"change-status","newStatus":"draft","terms":[],"taxonomy":"category","extraData":[]},"publishpress_future_workflow_manual_trigger":{"enabledWorkflows":[]},"_links":{"self":[{"href":"https:\/\/regiaonews.net.br\/2022\/wp-json\/wp\/v2\/posts\/87467","targetHints":{"allow":["GET"]}}],"collection":[{"href":"https:\/\/regiaonews.net.br\/2022\/wp-json\/wp\/v2\/posts"}],"about":[{"href":"https:\/\/regiaonews.net.br\/2022\/wp-json\/wp\/v2\/types\/post"}],"author":[{"embeddable":true,"href":"https:\/\/regiaonews.net.br\/2022\/wp-json\/wp\/v2\/users\/2"}],"replies":[{"embeddable":true,"href":"https:\/\/regiaonews.net.br\/2022\/wp-json\/wp\/v2\/comments?post=87467"}],"version-history":[{"count":1,"href":"https:\/\/regiaonews.net.br\/2022\/wp-json\/wp\/v2\/posts\/87467\/revisions"}],"predecessor-version":[{"id":87477,"href":"https:\/\/regiaonews.net.br\/2022\/wp-json\/wp\/v2\/posts\/87467\/revisions\/87477"}],"wp:featuredmedia":[{"embeddable":true,"href":"https:\/\/regiaonews.net.br\/2022\/wp-json\/wp\/v2\/media\/87469"}],"wp:attachment":[{"href":"https:\/\/regiaonews.net.br\/2022\/wp-json\/wp\/v2\/media?parent=87467"}],"wp:term":[{"taxonomy":"category","embeddable":true,"href":"https:\/\/regiaonews.net.br\/2022\/wp-json\/wp\/v2\/categories?post=87467"},{"taxonomy":"post_tag","embeddable":true,"href":"https:\/\/regiaonews.net.br\/2022\/wp-json\/wp\/v2\/tags?post=87467"}],"curies":[{"name":"wp","href":"https:\/\/api.w.org\/{rel}","templated":true}]}}