{"id":87294,"date":"2023-04-28T21:23:27","date_gmt":"2023-04-29T00:23:27","guid":{"rendered":"https:\/\/regiaonews.net.br\/2022\/?p=87294"},"modified":"2023-04-28T21:23:27","modified_gmt":"2023-04-29T00:23:27","slug":"diretoria-e-integrantes-das-comissoes-da-oab-participam-da-conferencia-regional-2023","status":"publish","type":"post","link":"https:\/\/regiaonews.net.br\/2022\/2023\/04\/28\/diretoria-e-integrantes-das-comissoes-da-oab-participam-da-conferencia-regional-2023\/","title":{"rendered":"Diretoria e integrantes das comiss\u00f5es da OAB participam da Confer\u00eancia Regional 2023"},"content":{"rendered":"<div>\n<div><a href=\"https:\/\/regiaonews.net.br\/2022\/wp-content\/uploads\/2023\/04\/cdbdf77b-87cd-4d9d-a257-22c0517a2870.jpg\"><img loading=\"lazy\" decoding=\"async\" class=\"alignnone size-medium wp-image-87295\" src=\"https:\/\/regiaonews.net.br\/2022\/wp-content\/uploads\/2023\/04\/cdbdf77b-87cd-4d9d-a257-22c0517a2870-295x300.jpg\" alt=\"\" width=\"295\" height=\"300\" srcset=\"https:\/\/regiaonews.net.br\/2022\/wp-content\/uploads\/2023\/04\/cdbdf77b-87cd-4d9d-a257-22c0517a2870-295x300.jpg 295w, https:\/\/regiaonews.net.br\/2022\/wp-content\/uploads\/2023\/04\/cdbdf77b-87cd-4d9d-a257-22c0517a2870-1008x1024.jpg 1008w, https:\/\/regiaonews.net.br\/2022\/wp-content\/uploads\/2023\/04\/cdbdf77b-87cd-4d9d-a257-22c0517a2870-768x781.jpg 768w, https:\/\/regiaonews.net.br\/2022\/wp-content\/uploads\/2023\/04\/cdbdf77b-87cd-4d9d-a257-22c0517a2870-250x254.jpg 250w, https:\/\/regiaonews.net.br\/2022\/wp-content\/uploads\/2023\/04\/cdbdf77b-87cd-4d9d-a257-22c0517a2870.jpg 1166w\" sizes=\"auto, (max-width: 295px) 100vw, 295px\" \/><\/a> <a href=\"https:\/\/regiaonews.net.br\/2022\/wp-content\/uploads\/2023\/04\/0e5ad86f-31bd-4b2b-8c76-434c2a70de59.jpeg\"><img loading=\"lazy\" decoding=\"async\" class=\"alignnone size-medium wp-image-87296\" src=\"https:\/\/regiaonews.net.br\/2022\/wp-content\/uploads\/2023\/04\/0e5ad86f-31bd-4b2b-8c76-434c2a70de59-300x277.jpeg\" alt=\"\" width=\"300\" height=\"277\" srcset=\"https:\/\/regiaonews.net.br\/2022\/wp-content\/uploads\/2023\/04\/0e5ad86f-31bd-4b2b-8c76-434c2a70de59-300x277.jpeg 300w, https:\/\/regiaonews.net.br\/2022\/wp-content\/uploads\/2023\/04\/0e5ad86f-31bd-4b2b-8c76-434c2a70de59-1024x945.jpeg 1024w, https:\/\/regiaonews.net.br\/2022\/wp-content\/uploads\/2023\/04\/0e5ad86f-31bd-4b2b-8c76-434c2a70de59-768x709.jpeg 768w, https:\/\/regiaonews.net.br\/2022\/wp-content\/uploads\/2023\/04\/0e5ad86f-31bd-4b2b-8c76-434c2a70de59-250x231.jpeg 250w, https:\/\/regiaonews.net.br\/2022\/wp-content\/uploads\/2023\/04\/0e5ad86f-31bd-4b2b-8c76-434c2a70de59.jpeg 1200w\" sizes=\"auto, (max-width: 300px) 100vw, 300px\" \/><\/a><\/div>\n<\/div>\n<div>\n<div><\/div>\n<\/div>\n<table role=\"presentation\" border=\"0\" width=\"100%\" cellspacing=\"0\" cellpadding=\"0\">\n<tbody>\n<tr>\n<td align=\"left\">\n<div>\n<div><\/div>\n<\/div>\n<\/td>\n<\/tr>\n<tr>\n<td align=\"left\">&nbsp;<\/td>\n<\/tr>\n<tr>\n<td align=\"left\">\n<div>\n<p><em>O evento realizado pela Ordem dos Advogados do Brasil se\u00e7\u00e3o Sao Paulo \u00e9 considerado o maior encontro itinerante da advocacia paulista.<\/em><\/p>\n<\/div>\n<\/td>\n<\/tr>\n<tr>\n<td align=\"left\">\n<div>\n<p>Membros da diretoria e das Comiss\u00f5es da OAB\/Barretos estiveram presentes na quarta Confer\u00eancia Regional da Advocacia de 2023 (CRADV23), no munic\u00edpio de S\u00e3o Carlos\/SP, nesta \u00faltima sexta-feira, 28 de abril.<\/p>\n<p>O evento realizado pela Ordem dos Advogados do Brasil se\u00e7\u00e3o Sao Paulo,\u00a0sendo considerado o maior encontro itinerante da advocacia paulista.<\/p>\n<p>A Conferencia Regional trouxe palestras voltadas \u00e0 transforma\u00e7\u00e3o do mercado jur\u00eddico e das rela\u00e7\u00f5es sociais, em especial, com a ado\u00e7\u00e3o de novas tecnologias, fomentando outras formas de trabalho.<\/p>\n<p>\u201cUma importante Confer\u00eancia, onde a OAB da capital paulista teve o intuito de aproximar com o interior, unificar os procedimentos, fortalecer mais a atua\u00e7\u00e3o da OAB e propiciar \u00e0 advocacia uma estrutura digna de trabalho, para que ela desenvolva o seu of\u00edcio. \u00c9 um momento muito importante, em que a OAB aproxima mais a institui\u00e7\u00e3o com o profissional e a sociedade\u201d, explicou o\u00a0secret\u00e1rio geral da diretoria da OAB\/Barretos, dr. Jos\u00e9\u00a0Carlos Gazeta Jr. que esteve presente na Confer\u00eancia Regional.<\/p>\n<p>Participaram do encontro as 22 subse\u00e7\u00f5es das cidades: Am\u00e9rico Brasiliense, Araraquara, Bebedouro, Barretos, Catanduva, Descalvado, Gua\u00edra, Guariba, Ibitinga, It\u00e1polis, Jaboticabal, Mat\u00e3o, Monte Alto, Monte Azul Paulista, Novo Horizonte, Ol\u00edmpia, Pitangueiras, Ribeir\u00e3o Bonito, Santa Ad\u00e9lia, S\u00e3o Carlos, Taquaritinga e Urup\u00eas. Al\u00e9m das outras subsedes da OAB SP em Boa Esperan\u00e7a do Sul, Borborema, Colina, Dourado, Iacanga, Ibat\u00e9, Irapu\u00e3, Itajobi, Sales, Tabapu\u00e3 e Viradouro. Somente essas regi\u00f5es re\u00fanem mais de 11 mil profissionais inscritos na Secional.<\/p>\n<\/div>\n<\/td>\n<\/tr>\n<\/tbody>\n<\/table>\n","protected":false},"excerpt":{"rendered":"<p>&nbsp; O evento realizado pela Ordem dos Advogados do Brasil<\/p>\n","protected":false},"author":2,"featured_media":87297,"comment_status":"open","ping_status":"open","sticky":false,"template":"","format":"standard","meta":{"footnotes":""},"categories":[14,25],"tags":[],"class_list":["post-87294","post","type-post","status-publish","format-standard","has-post-thumbnail","hentry","category-barretos","category-cidades"],"yoast_head":"<!-- This site is optimized with the Yoast SEO plugin v27.4 - https:\/\/yoast.com\/product\/yoast-seo-wordpress\/ -->\n<title>Diretoria e integrantes das comiss\u00f5es da OAB participam da Confer\u00eancia Regional 2023 - Regi\u00e3o News<\/title>\n<meta name=\"robots\" content=\"index, follow, max-snippet:-1, max-image-preview:large, max-video-preview:-1\" \/>\n<link rel=\"canonical\" href=\"https:\/\/regiaonews.net.br\/2022\/2023\/04\/28\/diretoria-e-integrantes-das-comissoes-da-oab-participam-da-conferencia-regional-2023\/\" \/>\n<meta property=\"og:locale\" content=\"pt_BR\" \/>\n<meta property=\"og:type\" content=\"article\" \/>\n<meta property=\"og:title\" content=\"Diretoria e integrantes das comiss\u00f5es da OAB participam da Confer\u00eancia Regional 2023 - Regi\u00e3o News\" \/>\n<meta property=\"og:description\" content=\"&nbsp; O evento realizado pela Ordem dos Advogados do Brasil\" \/>\n<meta property=\"og:url\" content=\"https:\/\/regiaonews.net.br\/2022\/2023\/04\/28\/diretoria-e-integrantes-das-comissoes-da-oab-participam-da-conferencia-regional-2023\/\" \/>\n<meta property=\"og:site_name\" content=\"Regi\u00e3o News\" \/>\n<meta property=\"article:published_time\" content=\"2023-04-29T00:23:27+00:00\" \/>\n<meta property=\"og:image\" content=\"https:\/\/regiaonews.net.br\/2022\/wp-content\/uploads\/2023\/04\/2152bf82-8d59-498b-915f-2ec389580ba0.jpeg\" \/>\n\t<meta property=\"og:image:width\" content=\"1600\" \/>\n\t<meta property=\"og:image:height\" content=\"1258\" \/>\n\t<meta property=\"og:image:type\" content=\"image\/jpeg\" \/>\n<meta name=\"author\" content=\"Roberto\" \/>\n<meta name=\"twitter:card\" content=\"summary_large_image\" \/>\n<meta name=\"twitter:label1\" content=\"Escrito por\" \/>\n\t<meta name=\"twitter:data1\" content=\"Roberto\" \/>\n\t<meta name=\"twitter:label2\" content=\"Est. tempo de leitura\" \/>\n\t<meta name=\"twitter:data2\" content=\"2 minutos\" \/>\n<script type=\"application\/ld+json\" class=\"yoast-schema-graph\">{\"@context\":\"https:\\\/\\\/schema.org\",\"@graph\":[{\"@type\":\"Article\",\"@id\":\"https:\\\/\\\/regiaonews.net.br\\\/2022\\\/2023\\\/04\\\/28\\\/diretoria-e-integrantes-das-comissoes-da-oab-participam-da-conferencia-regional-2023\\\/#article\",\"isPartOf\":{\"@id\":\"https:\\\/\\\/regiaonews.net.br\\\/2022\\\/2023\\\/04\\\/28\\\/diretoria-e-integrantes-das-comissoes-da-oab-participam-da-conferencia-regional-2023\\\/\"},\"author\":{\"name\":\"Roberto\",\"@id\":\"https:\\\/\\\/regiaonews.net.br\\\/2022\\\/#\\\/schema\\\/person\\\/2d205a608a5aa97ac279d7a5e6d89ad8\"},\"headline\":\"Diretoria e integrantes das comiss\u00f5es da OAB participam da Confer\u00eancia Regional 2023\",\"datePublished\":\"2023-04-29T00:23:27+00:00\",\"mainEntityOfPage\":{\"@id\":\"https:\\\/\\\/regiaonews.net.br\\\/2022\\\/2023\\\/04\\\/28\\\/diretoria-e-integrantes-das-comissoes-da-oab-participam-da-conferencia-regional-2023\\\/\"},\"wordCount\":293,\"commentCount\":0,\"publisher\":{\"@id\":\"https:\\\/\\\/regiaonews.net.br\\\/2022\\\/#organization\"},\"image\":{\"@id\":\"https:\\\/\\\/regiaonews.net.br\\\/2022\\\/2023\\\/04\\\/28\\\/diretoria-e-integrantes-das-comissoes-da-oab-participam-da-conferencia-regional-2023\\\/#primaryimage\"},\"thumbnailUrl\":\"https:\\\/\\\/regiaonews.net.br\\\/2022\\\/wp-content\\\/uploads\\\/2023\\\/04\\\/2152bf82-8d59-498b-915f-2ec389580ba0.jpeg\",\"articleSection\":[\"Barretos\",\"Cidades\"],\"inLanguage\":\"pt-BR\",\"potentialAction\":[{\"@type\":\"CommentAction\",\"name\":\"Comment\",\"target\":[\"https:\\\/\\\/regiaonews.net.br\\\/2022\\\/2023\\\/04\\\/28\\\/diretoria-e-integrantes-das-comissoes-da-oab-participam-da-conferencia-regional-2023\\\/#respond\"]}]},{\"@type\":\"WebPage\",\"@id\":\"https:\\\/\\\/regiaonews.net.br\\\/2022\\\/2023\\\/04\\\/28\\\/diretoria-e-integrantes-das-comissoes-da-oab-participam-da-conferencia-regional-2023\\\/\",\"url\":\"https:\\\/\\\/regiaonews.net.br\\\/2022\\\/2023\\\/04\\\/28\\\/diretoria-e-integrantes-das-comissoes-da-oab-participam-da-conferencia-regional-2023\\\/\",\"name\":\"Diretoria e integrantes das comiss\u00f5es da OAB participam da Confer\u00eancia Regional 2023 - Regi\u00e3o News\",\"isPartOf\":{\"@id\":\"https:\\\/\\\/regiaonews.net.br\\\/2022\\\/#website\"},\"primaryImageOfPage\":{\"@id\":\"https:\\\/\\\/regiaonews.net.br\\\/2022\\\/2023\\\/04\\\/28\\\/diretoria-e-integrantes-das-comissoes-da-oab-participam-da-conferencia-regional-2023\\\/#primaryimage\"},\"image\":{\"@id\":\"https:\\\/\\\/regiaonews.net.br\\\/2022\\\/2023\\\/04\\\/28\\\/diretoria-e-integrantes-das-comissoes-da-oab-participam-da-conferencia-regional-2023\\\/#primaryimage\"},\"thumbnailUrl\":\"https:\\\/\\\/regiaonews.net.br\\\/2022\\\/wp-content\\\/uploads\\\/2023\\\/04\\\/2152bf82-8d59-498b-915f-2ec389580ba0.jpeg\",\"datePublished\":\"2023-04-29T00:23:27+00:00\",\"breadcrumb\":{\"@id\":\"https:\\\/\\\/regiaonews.net.br\\\/2022\\\/2023\\\/04\\\/28\\\/diretoria-e-integrantes-das-comissoes-da-oab-participam-da-conferencia-regional-2023\\\/#breadcrumb\"},\"inLanguage\":\"pt-BR\",\"potentialAction\":[{\"@type\":\"ReadAction\",\"target\":[\"https:\\\/\\\/regiaonews.net.br\\\/2022\\\/2023\\\/04\\\/28\\\/diretoria-e-integrantes-das-comissoes-da-oab-participam-da-conferencia-regional-2023\\\/\"]}]},{\"@type\":\"ImageObject\",\"inLanguage\":\"pt-BR\",\"@id\":\"https:\\\/\\\/regiaonews.net.br\\\/2022\\\/2023\\\/04\\\/28\\\/diretoria-e-integrantes-das-comissoes-da-oab-participam-da-conferencia-regional-2023\\\/#primaryimage\",\"url\":\"https:\\\/\\\/regiaonews.net.br\\\/2022\\\/wp-content\\\/uploads\\\/2023\\\/04\\\/2152bf82-8d59-498b-915f-2ec389580ba0.jpeg\",\"contentUrl\":\"https:\\\/\\\/regiaonews.net.br\\\/2022\\\/wp-content\\\/uploads\\\/2023\\\/04\\\/2152bf82-8d59-498b-915f-2ec389580ba0.jpeg\",\"width\":1600,\"height\":1258},{\"@type\":\"BreadcrumbList\",\"@id\":\"https:\\\/\\\/regiaonews.net.br\\\/2022\\\/2023\\\/04\\\/28\\\/diretoria-e-integrantes-das-comissoes-da-oab-participam-da-conferencia-regional-2023\\\/#breadcrumb\",\"itemListElement\":[{\"@type\":\"ListItem\",\"position\":1,\"name\":\"In\u00edcio\",\"item\":\"https:\\\/\\\/regiaonews.net.br\\\/2022\\\/\"},{\"@type\":\"ListItem\",\"position\":2,\"name\":\"Diretoria e integrantes das comiss\u00f5es da OAB participam da Confer\u00eancia Regional 2023\"}]},{\"@type\":\"WebSite\",\"@id\":\"https:\\\/\\\/regiaonews.net.br\\\/2022\\\/#website\",\"url\":\"https:\\\/\\\/regiaonews.net.br\\\/2022\\\/\",\"name\":\"Regi\u00e3o News\",\"description\":\"Site de Not\u00edcias de Barretos e regi\u00e3o\",\"publisher\":{\"@id\":\"https:\\\/\\\/regiaonews.net.br\\\/2022\\\/#organization\"},\"potentialAction\":[{\"@type\":\"SearchAction\",\"target\":{\"@type\":\"EntryPoint\",\"urlTemplate\":\"https:\\\/\\\/regiaonews.net.br\\\/2022\\\/?s={search_term_string}\"},\"query-input\":{\"@type\":\"PropertyValueSpecification\",\"valueRequired\":true,\"valueName\":\"search_term_string\"}}],\"inLanguage\":\"pt-BR\"},{\"@type\":\"Organization\",\"@id\":\"https:\\\/\\\/regiaonews.net.br\\\/2022\\\/#organization\",\"name\":\"Regi\u00e3o News\",\"url\":\"https:\\\/\\\/regiaonews.net.br\\\/2022\\\/\",\"logo\":{\"@type\":\"ImageObject\",\"inLanguage\":\"pt-BR\",\"@id\":\"https:\\\/\\\/regiaonews.net.br\\\/2022\\\/#\\\/schema\\\/logo\\\/image\\\/\",\"url\":\"https:\\\/\\\/regiaonews.net.br\\\/2022\\\/wp-content\\\/uploads\\\/2026\\\/03\\\/regiao-13-anos-scaled.jpg\",\"contentUrl\":\"https:\\\/\\\/regiaonews.net.br\\\/2022\\\/wp-content\\\/uploads\\\/2026\\\/03\\\/regiao-13-anos-scaled.jpg\",\"width\":2560,\"height\":635,\"caption\":\"Regi\u00e3o News\"},\"image\":{\"@id\":\"https:\\\/\\\/regiaonews.net.br\\\/2022\\\/#\\\/schema\\\/logo\\\/image\\\/\"}},{\"@type\":\"Person\",\"@id\":\"https:\\\/\\\/regiaonews.net.br\\\/2022\\\/#\\\/schema\\\/person\\\/2d205a608a5aa97ac279d7a5e6d89ad8\",\"name\":\"Roberto\",\"image\":{\"@type\":\"ImageObject\",\"inLanguage\":\"pt-BR\",\"@id\":\"https:\\\/\\\/secure.gravatar.com\\\/avatar\\\/42749d8b712ff9d59ca93dc150494e5b55a44134482993f5baeb97e61b7ecc89?s=96&d=mm&r=g\",\"url\":\"https:\\\/\\\/secure.gravatar.com\\\/avatar\\\/42749d8b712ff9d59ca93dc150494e5b55a44134482993f5baeb97e61b7ecc89?s=96&d=mm&r=g\",\"contentUrl\":\"https:\\\/\\\/secure.gravatar.com\\\/avatar\\\/42749d8b712ff9d59ca93dc150494e5b55a44134482993f5baeb97e61b7ecc89?s=96&d=mm&r=g\",\"caption\":\"Roberto\"},\"url\":\"https:\\\/\\\/regiaonews.net.br\\\/2022\\\/author\\\/roberto\\\/\"}]}<\/script>\n<!-- \/ Yoast SEO plugin. -->","yoast_head_json":{"title":"Diretoria e integrantes das comiss\u00f5es da OAB participam da Confer\u00eancia Regional 2023 - Regi\u00e3o News","robots":{"index":"index","follow":"follow","max-snippet":"max-snippet:-1","max-image-preview":"max-image-preview:large","max-video-preview":"max-video-preview:-1"},"canonical":"https:\/\/regiaonews.net.br\/2022\/2023\/04\/28\/diretoria-e-integrantes-das-comissoes-da-oab-participam-da-conferencia-regional-2023\/","og_locale":"pt_BR","og_type":"article","og_title":"Diretoria e integrantes das comiss\u00f5es da OAB participam da Confer\u00eancia Regional 2023 - Regi\u00e3o News","og_description":"&nbsp; O evento realizado pela Ordem dos Advogados do Brasil","og_url":"https:\/\/regiaonews.net.br\/2022\/2023\/04\/28\/diretoria-e-integrantes-das-comissoes-da-oab-participam-da-conferencia-regional-2023\/","og_site_name":"Regi\u00e3o News","article_published_time":"2023-04-29T00:23:27+00:00","og_image":[{"width":1600,"height":1258,"url":"https:\/\/regiaonews.net.br\/2022\/wp-content\/uploads\/2023\/04\/2152bf82-8d59-498b-915f-2ec389580ba0.jpeg","type":"image\/jpeg"}],"author":"Roberto","twitter_card":"summary_large_image","twitter_misc":{"Escrito por":"Roberto","Est. tempo de leitura":"2 minutos"},"schema":{"@context":"https:\/\/schema.org","@graph":[{"@type":"Article","@id":"https:\/\/regiaonews.net.br\/2022\/2023\/04\/28\/diretoria-e-integrantes-das-comissoes-da-oab-participam-da-conferencia-regional-2023\/#article","isPartOf":{"@id":"https:\/\/regiaonews.net.br\/2022\/2023\/04\/28\/diretoria-e-integrantes-das-comissoes-da-oab-participam-da-conferencia-regional-2023\/"},"author":{"name":"Roberto","@id":"https:\/\/regiaonews.net.br\/2022\/#\/schema\/person\/2d205a608a5aa97ac279d7a5e6d89ad8"},"headline":"Diretoria e integrantes das comiss\u00f5es da OAB participam da Confer\u00eancia Regional 2023","datePublished":"2023-04-29T00:23:27+00:00","mainEntityOfPage":{"@id":"https:\/\/regiaonews.net.br\/2022\/2023\/04\/28\/diretoria-e-integrantes-das-comissoes-da-oab-participam-da-conferencia-regional-2023\/"},"wordCount":293,"commentCount":0,"publisher":{"@id":"https:\/\/regiaonews.net.br\/2022\/#organization"},"image":{"@id":"https:\/\/regiaonews.net.br\/2022\/2023\/04\/28\/diretoria-e-integrantes-das-comissoes-da-oab-participam-da-conferencia-regional-2023\/#primaryimage"},"thumbnailUrl":"https:\/\/regiaonews.net.br\/2022\/wp-content\/uploads\/2023\/04\/2152bf82-8d59-498b-915f-2ec389580ba0.jpeg","articleSection":["Barretos","Cidades"],"inLanguage":"pt-BR","potentialAction":[{"@type":"CommentAction","name":"Comment","target":["https:\/\/regiaonews.net.br\/2022\/2023\/04\/28\/diretoria-e-integrantes-das-comissoes-da-oab-participam-da-conferencia-regional-2023\/#respond"]}]},{"@type":"WebPage","@id":"https:\/\/regiaonews.net.br\/2022\/2023\/04\/28\/diretoria-e-integrantes-das-comissoes-da-oab-participam-da-conferencia-regional-2023\/","url":"https:\/\/regiaonews.net.br\/2022\/2023\/04\/28\/diretoria-e-integrantes-das-comissoes-da-oab-participam-da-conferencia-regional-2023\/","name":"Diretoria e integrantes das comiss\u00f5es da OAB participam da Confer\u00eancia Regional 2023 - Regi\u00e3o News","isPartOf":{"@id":"https:\/\/regiaonews.net.br\/2022\/#website"},"primaryImageOfPage":{"@id":"https:\/\/regiaonews.net.br\/2022\/2023\/04\/28\/diretoria-e-integrantes-das-comissoes-da-oab-participam-da-conferencia-regional-2023\/#primaryimage"},"image":{"@id":"https:\/\/regiaonews.net.br\/2022\/2023\/04\/28\/diretoria-e-integrantes-das-comissoes-da-oab-participam-da-conferencia-regional-2023\/#primaryimage"},"thumbnailUrl":"https:\/\/regiaonews.net.br\/2022\/wp-content\/uploads\/2023\/04\/2152bf82-8d59-498b-915f-2ec389580ba0.jpeg","datePublished":"2023-04-29T00:23:27+00:00","breadcrumb":{"@id":"https:\/\/regiaonews.net.br\/2022\/2023\/04\/28\/diretoria-e-integrantes-das-comissoes-da-oab-participam-da-conferencia-regional-2023\/#breadcrumb"},"inLanguage":"pt-BR","potentialAction":[{"@type":"ReadAction","target":["https:\/\/regiaonews.net.br\/2022\/2023\/04\/28\/diretoria-e-integrantes-das-comissoes-da-oab-participam-da-conferencia-regional-2023\/"]}]},{"@type":"ImageObject","inLanguage":"pt-BR","@id":"https:\/\/regiaonews.net.br\/2022\/2023\/04\/28\/diretoria-e-integrantes-das-comissoes-da-oab-participam-da-conferencia-regional-2023\/#primaryimage","url":"https:\/\/regiaonews.net.br\/2022\/wp-content\/uploads\/2023\/04\/2152bf82-8d59-498b-915f-2ec389580ba0.jpeg","contentUrl":"https:\/\/regiaonews.net.br\/2022\/wp-content\/uploads\/2023\/04\/2152bf82-8d59-498b-915f-2ec389580ba0.jpeg","width":1600,"height":1258},{"@type":"BreadcrumbList","@id":"https:\/\/regiaonews.net.br\/2022\/2023\/04\/28\/diretoria-e-integrantes-das-comissoes-da-oab-participam-da-conferencia-regional-2023\/#breadcrumb","itemListElement":[{"@type":"ListItem","position":1,"name":"In\u00edcio","item":"https:\/\/regiaonews.net.br\/2022\/"},{"@type":"ListItem","position":2,"name":"Diretoria e integrantes das comiss\u00f5es da OAB participam da Confer\u00eancia Regional 2023"}]},{"@type":"WebSite","@id":"https:\/\/regiaonews.net.br\/2022\/#website","url":"https:\/\/regiaonews.net.br\/2022\/","name":"Regi\u00e3o News","description":"Site de Not\u00edcias de Barretos e regi\u00e3o","publisher":{"@id":"https:\/\/regiaonews.net.br\/2022\/#organization"},"potentialAction":[{"@type":"SearchAction","target":{"@type":"EntryPoint","urlTemplate":"https:\/\/regiaonews.net.br\/2022\/?s={search_term_string}"},"query-input":{"@type":"PropertyValueSpecification","valueRequired":true,"valueName":"search_term_string"}}],"inLanguage":"pt-BR"},{"@type":"Organization","@id":"https:\/\/regiaonews.net.br\/2022\/#organization","name":"Regi\u00e3o News","url":"https:\/\/regiaonews.net.br\/2022\/","logo":{"@type":"ImageObject","inLanguage":"pt-BR","@id":"https:\/\/regiaonews.net.br\/2022\/#\/schema\/logo\/image\/","url":"https:\/\/regiaonews.net.br\/2022\/wp-content\/uploads\/2026\/03\/regiao-13-anos-scaled.jpg","contentUrl":"https:\/\/regiaonews.net.br\/2022\/wp-content\/uploads\/2026\/03\/regiao-13-anos-scaled.jpg","width":2560,"height":635,"caption":"Regi\u00e3o News"},"image":{"@id":"https:\/\/regiaonews.net.br\/2022\/#\/schema\/logo\/image\/"}},{"@type":"Person","@id":"https:\/\/regiaonews.net.br\/2022\/#\/schema\/person\/2d205a608a5aa97ac279d7a5e6d89ad8","name":"Roberto","image":{"@type":"ImageObject","inLanguage":"pt-BR","@id":"https:\/\/secure.gravatar.com\/avatar\/42749d8b712ff9d59ca93dc150494e5b55a44134482993f5baeb97e61b7ecc89?s=96&d=mm&r=g","url":"https:\/\/secure.gravatar.com\/avatar\/42749d8b712ff9d59ca93dc150494e5b55a44134482993f5baeb97e61b7ecc89?s=96&d=mm&r=g","contentUrl":"https:\/\/secure.gravatar.com\/avatar\/42749d8b712ff9d59ca93dc150494e5b55a44134482993f5baeb97e61b7ecc89?s=96&d=mm&r=g","caption":"Roberto"},"url":"https:\/\/regiaonews.net.br\/2022\/author\/roberto\/"}]}},"publishpress_future_action":{"enabled":false,"date":"2026-05-02 05:07:38","action":"change-status","newStatus":"draft","terms":[],"taxonomy":"category","extraData":[]},"publishpress_future_workflow_manual_trigger":{"enabledWorkflows":[]},"_links":{"self":[{"href":"https:\/\/regiaonews.net.br\/2022\/wp-json\/wp\/v2\/posts\/87294","targetHints":{"allow":["GET"]}}],"collection":[{"href":"https:\/\/regiaonews.net.br\/2022\/wp-json\/wp\/v2\/posts"}],"about":[{"href":"https:\/\/regiaonews.net.br\/2022\/wp-json\/wp\/v2\/types\/post"}],"author":[{"embeddable":true,"href":"https:\/\/regiaonews.net.br\/2022\/wp-json\/wp\/v2\/users\/2"}],"replies":[{"embeddable":true,"href":"https:\/\/regiaonews.net.br\/2022\/wp-json\/wp\/v2\/comments?post=87294"}],"version-history":[{"count":1,"href":"https:\/\/regiaonews.net.br\/2022\/wp-json\/wp\/v2\/posts\/87294\/revisions"}],"predecessor-version":[{"id":87298,"href":"https:\/\/regiaonews.net.br\/2022\/wp-json\/wp\/v2\/posts\/87294\/revisions\/87298"}],"wp:featuredmedia":[{"embeddable":true,"href":"https:\/\/regiaonews.net.br\/2022\/wp-json\/wp\/v2\/media\/87297"}],"wp:attachment":[{"href":"https:\/\/regiaonews.net.br\/2022\/wp-json\/wp\/v2\/media?parent=87294"}],"wp:term":[{"taxonomy":"category","embeddable":true,"href":"https:\/\/regiaonews.net.br\/2022\/wp-json\/wp\/v2\/categories?post=87294"},{"taxonomy":"post_tag","embeddable":true,"href":"https:\/\/regiaonews.net.br\/2022\/wp-json\/wp\/v2\/tags?post=87294"}],"curies":[{"name":"wp","href":"https:\/\/api.w.org\/{rel}","templated":true}]}}