{"id":87288,"date":"2023-04-28T21:12:26","date_gmt":"2023-04-29T00:12:26","guid":{"rendered":"https:\/\/regiaonews.net.br\/2022\/?p=87288"},"modified":"2023-04-29T15:57:32","modified_gmt":"2023-04-29T18:57:32","slug":"termina-neste-domingo-o-prazo-de-inscricao-para-cursos-do-qualifica-sp","status":"publish","type":"post","link":"https:\/\/regiaonews.net.br\/2022\/2023\/04\/28\/termina-neste-domingo-o-prazo-de-inscricao-para-cursos-do-qualifica-sp\/","title":{"rendered":"Termina neste domingo o prazo de inscri\u00e7\u00e3o para cursos do Qualifica SP"},"content":{"rendered":"<div><\/div>\n<div><i>Programa Estadual oferece qualifica\u00e7\u00e3o profissional, gratuita e online, na \u00e1rea de tecnologia<\/i><\/div>\n<div><\/div>\n<div>A Prefeitura da Est\u00e2ncia Tur\u00edstica de Barretos, por meio da Secretaria Municipal de Desenvolvimento Econ\u00f4mico, informa que termina neste domingo, dia 30, o prazo de inscri\u00e7\u00e3o cursos de qualifica\u00e7\u00e3o na \u00e1rea de Tecnologia da Informa\u00e7\u00e3o, oferecidos pelo programa Qualifica SP, do Governo do Estado de S\u00e3o Paulo. S\u00e3o mais de 120 mil vagas em todo o estado.<\/div>\n<div>A secretaria de Desenvolvimento Econ\u00f4mico, Ad\u00e9lia Bueno, explicou que os cursos visam \u00e0 forma\u00e7\u00e3o de m\u00e3o de obra especializada na \u00e1rea de tecnologia. \u201cAl\u00e9m de nos consolidarmos como Est\u00e2ncia Tur\u00edstica, temos um polo de tecnologia em crescimento em Barretos e estamos nos tornando uma Cidade Inteligente. Nos pr\u00f3ximos anos, as oportunidades para profissionais de tecnologia aumentar\u00e3o cada vez mais\u201d, comentou.<\/div>\n<div>Segundo relat\u00f3rio da Associa\u00e7\u00e3o das Empresas de Tecnologia da Informa\u00e7\u00e3o e Comunica\u00e7\u00e3o e de Tecnologias Digitais (Brasscom), at\u00e9 2025 ser\u00e3o necess\u00e1rios mais de 540 mil novos trabalhadores no pa\u00eds.<\/div>\n<div>Os cursos, realizados em parceria com a iniciativa privada, s\u00e3o remotos, gratuitos, com vagas exclusivas para mulheres e pessoas com defici\u00eancias, al\u00e9m de vagas priorit\u00e1rias para negros. As inscri\u00e7\u00f5es s\u00e3o pelo site desenvolvimentoeconomico.sp.gov.br\/programas\/qualificasp\/<\/div>\n","protected":false},"excerpt":{"rendered":"<p>Programa Estadual oferece qualifica\u00e7\u00e3o profissional, gratuita e online, na \u00e1rea<\/p>\n","protected":false},"author":2,"featured_media":87289,"comment_status":"open","ping_status":"open","sticky":false,"template":"","format":"standard","meta":{"footnotes":""},"categories":[14,111],"tags":[],"class_list":["post-87288","post","type-post","status-publish","format-standard","has-post-thumbnail","hentry","category-barretos","category-cotidiano"],"yoast_head":"<!-- This site is optimized with the Yoast SEO plugin v27.4 - https:\/\/yoast.com\/product\/yoast-seo-wordpress\/ -->\n<title>Termina neste domingo o prazo de inscri\u00e7\u00e3o para cursos do Qualifica SP - Regi\u00e3o News<\/title>\n<meta name=\"robots\" content=\"index, follow, max-snippet:-1, max-image-preview:large, max-video-preview:-1\" \/>\n<link rel=\"canonical\" href=\"https:\/\/regiaonews.net.br\/2022\/2023\/04\/28\/termina-neste-domingo-o-prazo-de-inscricao-para-cursos-do-qualifica-sp\/\" \/>\n<meta property=\"og:locale\" content=\"pt_BR\" \/>\n<meta property=\"og:type\" content=\"article\" \/>\n<meta property=\"og:title\" content=\"Termina neste domingo o prazo de inscri\u00e7\u00e3o para cursos do Qualifica SP - Regi\u00e3o News\" \/>\n<meta property=\"og:description\" content=\"Programa Estadual oferece qualifica\u00e7\u00e3o profissional, gratuita e online, na \u00e1rea\" \/>\n<meta property=\"og:url\" content=\"https:\/\/regiaonews.net.br\/2022\/2023\/04\/28\/termina-neste-domingo-o-prazo-de-inscricao-para-cursos-do-qualifica-sp\/\" \/>\n<meta property=\"og:site_name\" content=\"Regi\u00e3o News\" \/>\n<meta property=\"article:published_time\" content=\"2023-04-29T00:12:26+00:00\" \/>\n<meta property=\"article:modified_time\" content=\"2023-04-29T18:57:32+00:00\" \/>\n<meta property=\"og:image\" content=\"https:\/\/regiaonews.net.br\/2022\/wp-content\/uploads\/2023\/04\/a3c65c2974270fd093ee8a9bf8ae7d0b.jpeg\" \/>\n\t<meta property=\"og:image:width\" content=\"1080\" \/>\n\t<meta property=\"og:image:height\" content=\"1350\" \/>\n\t<meta property=\"og:image:type\" content=\"image\/jpeg\" \/>\n<meta name=\"author\" content=\"Roberto\" \/>\n<meta name=\"twitter:card\" content=\"summary_large_image\" \/>\n<meta name=\"twitter:label1\" content=\"Escrito por\" \/>\n\t<meta name=\"twitter:data1\" content=\"Roberto\" \/>\n\t<meta name=\"twitter:label2\" content=\"Est. tempo de leitura\" \/>\n\t<meta name=\"twitter:data2\" content=\"2 minutos\" \/>\n<script type=\"application\/ld+json\" class=\"yoast-schema-graph\">{\"@context\":\"https:\\\/\\\/schema.org\",\"@graph\":[{\"@type\":\"Article\",\"@id\":\"https:\\\/\\\/regiaonews.net.br\\\/2022\\\/2023\\\/04\\\/28\\\/termina-neste-domingo-o-prazo-de-inscricao-para-cursos-do-qualifica-sp\\\/#article\",\"isPartOf\":{\"@id\":\"https:\\\/\\\/regiaonews.net.br\\\/2022\\\/2023\\\/04\\\/28\\\/termina-neste-domingo-o-prazo-de-inscricao-para-cursos-do-qualifica-sp\\\/\"},\"author\":{\"name\":\"Roberto\",\"@id\":\"https:\\\/\\\/regiaonews.net.br\\\/2022\\\/#\\\/schema\\\/person\\\/2d205a608a5aa97ac279d7a5e6d89ad8\"},\"headline\":\"Termina neste domingo o prazo de inscri\u00e7\u00e3o para cursos do Qualifica SP\",\"datePublished\":\"2023-04-29T00:12:26+00:00\",\"dateModified\":\"2023-04-29T18:57:32+00:00\",\"mainEntityOfPage\":{\"@id\":\"https:\\\/\\\/regiaonews.net.br\\\/2022\\\/2023\\\/04\\\/28\\\/termina-neste-domingo-o-prazo-de-inscricao-para-cursos-do-qualifica-sp\\\/\"},\"wordCount\":235,\"commentCount\":0,\"publisher\":{\"@id\":\"https:\\\/\\\/regiaonews.net.br\\\/2022\\\/#organization\"},\"image\":{\"@id\":\"https:\\\/\\\/regiaonews.net.br\\\/2022\\\/2023\\\/04\\\/28\\\/termina-neste-domingo-o-prazo-de-inscricao-para-cursos-do-qualifica-sp\\\/#primaryimage\"},\"thumbnailUrl\":\"https:\\\/\\\/regiaonews.net.br\\\/2022\\\/wp-content\\\/uploads\\\/2023\\\/04\\\/a3c65c2974270fd093ee8a9bf8ae7d0b.jpeg\",\"articleSection\":[\"Barretos\",\"Cotidiano\"],\"inLanguage\":\"pt-BR\",\"potentialAction\":[{\"@type\":\"CommentAction\",\"name\":\"Comment\",\"target\":[\"https:\\\/\\\/regiaonews.net.br\\\/2022\\\/2023\\\/04\\\/28\\\/termina-neste-domingo-o-prazo-de-inscricao-para-cursos-do-qualifica-sp\\\/#respond\"]}]},{\"@type\":\"WebPage\",\"@id\":\"https:\\\/\\\/regiaonews.net.br\\\/2022\\\/2023\\\/04\\\/28\\\/termina-neste-domingo-o-prazo-de-inscricao-para-cursos-do-qualifica-sp\\\/\",\"url\":\"https:\\\/\\\/regiaonews.net.br\\\/2022\\\/2023\\\/04\\\/28\\\/termina-neste-domingo-o-prazo-de-inscricao-para-cursos-do-qualifica-sp\\\/\",\"name\":\"Termina neste domingo o prazo de inscri\u00e7\u00e3o para cursos do Qualifica SP - Regi\u00e3o News\",\"isPartOf\":{\"@id\":\"https:\\\/\\\/regiaonews.net.br\\\/2022\\\/#website\"},\"primaryImageOfPage\":{\"@id\":\"https:\\\/\\\/regiaonews.net.br\\\/2022\\\/2023\\\/04\\\/28\\\/termina-neste-domingo-o-prazo-de-inscricao-para-cursos-do-qualifica-sp\\\/#primaryimage\"},\"image\":{\"@id\":\"https:\\\/\\\/regiaonews.net.br\\\/2022\\\/2023\\\/04\\\/28\\\/termina-neste-domingo-o-prazo-de-inscricao-para-cursos-do-qualifica-sp\\\/#primaryimage\"},\"thumbnailUrl\":\"https:\\\/\\\/regiaonews.net.br\\\/2022\\\/wp-content\\\/uploads\\\/2023\\\/04\\\/a3c65c2974270fd093ee8a9bf8ae7d0b.jpeg\",\"datePublished\":\"2023-04-29T00:12:26+00:00\",\"dateModified\":\"2023-04-29T18:57:32+00:00\",\"breadcrumb\":{\"@id\":\"https:\\\/\\\/regiaonews.net.br\\\/2022\\\/2023\\\/04\\\/28\\\/termina-neste-domingo-o-prazo-de-inscricao-para-cursos-do-qualifica-sp\\\/#breadcrumb\"},\"inLanguage\":\"pt-BR\",\"potentialAction\":[{\"@type\":\"ReadAction\",\"target\":[\"https:\\\/\\\/regiaonews.net.br\\\/2022\\\/2023\\\/04\\\/28\\\/termina-neste-domingo-o-prazo-de-inscricao-para-cursos-do-qualifica-sp\\\/\"]}]},{\"@type\":\"ImageObject\",\"inLanguage\":\"pt-BR\",\"@id\":\"https:\\\/\\\/regiaonews.net.br\\\/2022\\\/2023\\\/04\\\/28\\\/termina-neste-domingo-o-prazo-de-inscricao-para-cursos-do-qualifica-sp\\\/#primaryimage\",\"url\":\"https:\\\/\\\/regiaonews.net.br\\\/2022\\\/wp-content\\\/uploads\\\/2023\\\/04\\\/a3c65c2974270fd093ee8a9bf8ae7d0b.jpeg\",\"contentUrl\":\"https:\\\/\\\/regiaonews.net.br\\\/2022\\\/wp-content\\\/uploads\\\/2023\\\/04\\\/a3c65c2974270fd093ee8a9bf8ae7d0b.jpeg\",\"width\":1080,\"height\":1350},{\"@type\":\"BreadcrumbList\",\"@id\":\"https:\\\/\\\/regiaonews.net.br\\\/2022\\\/2023\\\/04\\\/28\\\/termina-neste-domingo-o-prazo-de-inscricao-para-cursos-do-qualifica-sp\\\/#breadcrumb\",\"itemListElement\":[{\"@type\":\"ListItem\",\"position\":1,\"name\":\"In\u00edcio\",\"item\":\"https:\\\/\\\/regiaonews.net.br\\\/2022\\\/\"},{\"@type\":\"ListItem\",\"position\":2,\"name\":\"Termina neste domingo o prazo de inscri\u00e7\u00e3o para cursos do Qualifica SP\"}]},{\"@type\":\"WebSite\",\"@id\":\"https:\\\/\\\/regiaonews.net.br\\\/2022\\\/#website\",\"url\":\"https:\\\/\\\/regiaonews.net.br\\\/2022\\\/\",\"name\":\"Regi\u00e3o News\",\"description\":\"Site de Not\u00edcias de Barretos e regi\u00e3o\",\"publisher\":{\"@id\":\"https:\\\/\\\/regiaonews.net.br\\\/2022\\\/#organization\"},\"potentialAction\":[{\"@type\":\"SearchAction\",\"target\":{\"@type\":\"EntryPoint\",\"urlTemplate\":\"https:\\\/\\\/regiaonews.net.br\\\/2022\\\/?s={search_term_string}\"},\"query-input\":{\"@type\":\"PropertyValueSpecification\",\"valueRequired\":true,\"valueName\":\"search_term_string\"}}],\"inLanguage\":\"pt-BR\"},{\"@type\":\"Organization\",\"@id\":\"https:\\\/\\\/regiaonews.net.br\\\/2022\\\/#organization\",\"name\":\"Regi\u00e3o News\",\"url\":\"https:\\\/\\\/regiaonews.net.br\\\/2022\\\/\",\"logo\":{\"@type\":\"ImageObject\",\"inLanguage\":\"pt-BR\",\"@id\":\"https:\\\/\\\/regiaonews.net.br\\\/2022\\\/#\\\/schema\\\/logo\\\/image\\\/\",\"url\":\"https:\\\/\\\/regiaonews.net.br\\\/2022\\\/wp-content\\\/uploads\\\/2026\\\/03\\\/regiao-13-anos-scaled.jpg\",\"contentUrl\":\"https:\\\/\\\/regiaonews.net.br\\\/2022\\\/wp-content\\\/uploads\\\/2026\\\/03\\\/regiao-13-anos-scaled.jpg\",\"width\":2560,\"height\":635,\"caption\":\"Regi\u00e3o News\"},\"image\":{\"@id\":\"https:\\\/\\\/regiaonews.net.br\\\/2022\\\/#\\\/schema\\\/logo\\\/image\\\/\"}},{\"@type\":\"Person\",\"@id\":\"https:\\\/\\\/regiaonews.net.br\\\/2022\\\/#\\\/schema\\\/person\\\/2d205a608a5aa97ac279d7a5e6d89ad8\",\"name\":\"Roberto\",\"image\":{\"@type\":\"ImageObject\",\"inLanguage\":\"pt-BR\",\"@id\":\"https:\\\/\\\/secure.gravatar.com\\\/avatar\\\/42749d8b712ff9d59ca93dc150494e5b55a44134482993f5baeb97e61b7ecc89?s=96&d=mm&r=g\",\"url\":\"https:\\\/\\\/secure.gravatar.com\\\/avatar\\\/42749d8b712ff9d59ca93dc150494e5b55a44134482993f5baeb97e61b7ecc89?s=96&d=mm&r=g\",\"contentUrl\":\"https:\\\/\\\/secure.gravatar.com\\\/avatar\\\/42749d8b712ff9d59ca93dc150494e5b55a44134482993f5baeb97e61b7ecc89?s=96&d=mm&r=g\",\"caption\":\"Roberto\"},\"url\":\"https:\\\/\\\/regiaonews.net.br\\\/2022\\\/author\\\/roberto\\\/\"}]}<\/script>\n<!-- \/ Yoast SEO plugin. -->","yoast_head_json":{"title":"Termina neste domingo o prazo de inscri\u00e7\u00e3o para cursos do Qualifica SP - Regi\u00e3o News","robots":{"index":"index","follow":"follow","max-snippet":"max-snippet:-1","max-image-preview":"max-image-preview:large","max-video-preview":"max-video-preview:-1"},"canonical":"https:\/\/regiaonews.net.br\/2022\/2023\/04\/28\/termina-neste-domingo-o-prazo-de-inscricao-para-cursos-do-qualifica-sp\/","og_locale":"pt_BR","og_type":"article","og_title":"Termina neste domingo o prazo de inscri\u00e7\u00e3o para cursos do Qualifica SP - Regi\u00e3o News","og_description":"Programa Estadual oferece qualifica\u00e7\u00e3o profissional, gratuita e online, na \u00e1rea","og_url":"https:\/\/regiaonews.net.br\/2022\/2023\/04\/28\/termina-neste-domingo-o-prazo-de-inscricao-para-cursos-do-qualifica-sp\/","og_site_name":"Regi\u00e3o News","article_published_time":"2023-04-29T00:12:26+00:00","article_modified_time":"2023-04-29T18:57:32+00:00","og_image":[{"width":1080,"height":1350,"url":"https:\/\/regiaonews.net.br\/2022\/wp-content\/uploads\/2023\/04\/a3c65c2974270fd093ee8a9bf8ae7d0b.jpeg","type":"image\/jpeg"}],"author":"Roberto","twitter_card":"summary_large_image","twitter_misc":{"Escrito por":"Roberto","Est. tempo de leitura":"2 minutos"},"schema":{"@context":"https:\/\/schema.org","@graph":[{"@type":"Article","@id":"https:\/\/regiaonews.net.br\/2022\/2023\/04\/28\/termina-neste-domingo-o-prazo-de-inscricao-para-cursos-do-qualifica-sp\/#article","isPartOf":{"@id":"https:\/\/regiaonews.net.br\/2022\/2023\/04\/28\/termina-neste-domingo-o-prazo-de-inscricao-para-cursos-do-qualifica-sp\/"},"author":{"name":"Roberto","@id":"https:\/\/regiaonews.net.br\/2022\/#\/schema\/person\/2d205a608a5aa97ac279d7a5e6d89ad8"},"headline":"Termina neste domingo o prazo de inscri\u00e7\u00e3o para cursos do Qualifica SP","datePublished":"2023-04-29T00:12:26+00:00","dateModified":"2023-04-29T18:57:32+00:00","mainEntityOfPage":{"@id":"https:\/\/regiaonews.net.br\/2022\/2023\/04\/28\/termina-neste-domingo-o-prazo-de-inscricao-para-cursos-do-qualifica-sp\/"},"wordCount":235,"commentCount":0,"publisher":{"@id":"https:\/\/regiaonews.net.br\/2022\/#organization"},"image":{"@id":"https:\/\/regiaonews.net.br\/2022\/2023\/04\/28\/termina-neste-domingo-o-prazo-de-inscricao-para-cursos-do-qualifica-sp\/#primaryimage"},"thumbnailUrl":"https:\/\/regiaonews.net.br\/2022\/wp-content\/uploads\/2023\/04\/a3c65c2974270fd093ee8a9bf8ae7d0b.jpeg","articleSection":["Barretos","Cotidiano"],"inLanguage":"pt-BR","potentialAction":[{"@type":"CommentAction","name":"Comment","target":["https:\/\/regiaonews.net.br\/2022\/2023\/04\/28\/termina-neste-domingo-o-prazo-de-inscricao-para-cursos-do-qualifica-sp\/#respond"]}]},{"@type":"WebPage","@id":"https:\/\/regiaonews.net.br\/2022\/2023\/04\/28\/termina-neste-domingo-o-prazo-de-inscricao-para-cursos-do-qualifica-sp\/","url":"https:\/\/regiaonews.net.br\/2022\/2023\/04\/28\/termina-neste-domingo-o-prazo-de-inscricao-para-cursos-do-qualifica-sp\/","name":"Termina neste domingo o prazo de inscri\u00e7\u00e3o para cursos do Qualifica SP - Regi\u00e3o News","isPartOf":{"@id":"https:\/\/regiaonews.net.br\/2022\/#website"},"primaryImageOfPage":{"@id":"https:\/\/regiaonews.net.br\/2022\/2023\/04\/28\/termina-neste-domingo-o-prazo-de-inscricao-para-cursos-do-qualifica-sp\/#primaryimage"},"image":{"@id":"https:\/\/regiaonews.net.br\/2022\/2023\/04\/28\/termina-neste-domingo-o-prazo-de-inscricao-para-cursos-do-qualifica-sp\/#primaryimage"},"thumbnailUrl":"https:\/\/regiaonews.net.br\/2022\/wp-content\/uploads\/2023\/04\/a3c65c2974270fd093ee8a9bf8ae7d0b.jpeg","datePublished":"2023-04-29T00:12:26+00:00","dateModified":"2023-04-29T18:57:32+00:00","breadcrumb":{"@id":"https:\/\/regiaonews.net.br\/2022\/2023\/04\/28\/termina-neste-domingo-o-prazo-de-inscricao-para-cursos-do-qualifica-sp\/#breadcrumb"},"inLanguage":"pt-BR","potentialAction":[{"@type":"ReadAction","target":["https:\/\/regiaonews.net.br\/2022\/2023\/04\/28\/termina-neste-domingo-o-prazo-de-inscricao-para-cursos-do-qualifica-sp\/"]}]},{"@type":"ImageObject","inLanguage":"pt-BR","@id":"https:\/\/regiaonews.net.br\/2022\/2023\/04\/28\/termina-neste-domingo-o-prazo-de-inscricao-para-cursos-do-qualifica-sp\/#primaryimage","url":"https:\/\/regiaonews.net.br\/2022\/wp-content\/uploads\/2023\/04\/a3c65c2974270fd093ee8a9bf8ae7d0b.jpeg","contentUrl":"https:\/\/regiaonews.net.br\/2022\/wp-content\/uploads\/2023\/04\/a3c65c2974270fd093ee8a9bf8ae7d0b.jpeg","width":1080,"height":1350},{"@type":"BreadcrumbList","@id":"https:\/\/regiaonews.net.br\/2022\/2023\/04\/28\/termina-neste-domingo-o-prazo-de-inscricao-para-cursos-do-qualifica-sp\/#breadcrumb","itemListElement":[{"@type":"ListItem","position":1,"name":"In\u00edcio","item":"https:\/\/regiaonews.net.br\/2022\/"},{"@type":"ListItem","position":2,"name":"Termina neste domingo o prazo de inscri\u00e7\u00e3o para cursos do Qualifica SP"}]},{"@type":"WebSite","@id":"https:\/\/regiaonews.net.br\/2022\/#website","url":"https:\/\/regiaonews.net.br\/2022\/","name":"Regi\u00e3o News","description":"Site de Not\u00edcias de Barretos e regi\u00e3o","publisher":{"@id":"https:\/\/regiaonews.net.br\/2022\/#organization"},"potentialAction":[{"@type":"SearchAction","target":{"@type":"EntryPoint","urlTemplate":"https:\/\/regiaonews.net.br\/2022\/?s={search_term_string}"},"query-input":{"@type":"PropertyValueSpecification","valueRequired":true,"valueName":"search_term_string"}}],"inLanguage":"pt-BR"},{"@type":"Organization","@id":"https:\/\/regiaonews.net.br\/2022\/#organization","name":"Regi\u00e3o News","url":"https:\/\/regiaonews.net.br\/2022\/","logo":{"@type":"ImageObject","inLanguage":"pt-BR","@id":"https:\/\/regiaonews.net.br\/2022\/#\/schema\/logo\/image\/","url":"https:\/\/regiaonews.net.br\/2022\/wp-content\/uploads\/2026\/03\/regiao-13-anos-scaled.jpg","contentUrl":"https:\/\/regiaonews.net.br\/2022\/wp-content\/uploads\/2026\/03\/regiao-13-anos-scaled.jpg","width":2560,"height":635,"caption":"Regi\u00e3o News"},"image":{"@id":"https:\/\/regiaonews.net.br\/2022\/#\/schema\/logo\/image\/"}},{"@type":"Person","@id":"https:\/\/regiaonews.net.br\/2022\/#\/schema\/person\/2d205a608a5aa97ac279d7a5e6d89ad8","name":"Roberto","image":{"@type":"ImageObject","inLanguage":"pt-BR","@id":"https:\/\/secure.gravatar.com\/avatar\/42749d8b712ff9d59ca93dc150494e5b55a44134482993f5baeb97e61b7ecc89?s=96&d=mm&r=g","url":"https:\/\/secure.gravatar.com\/avatar\/42749d8b712ff9d59ca93dc150494e5b55a44134482993f5baeb97e61b7ecc89?s=96&d=mm&r=g","contentUrl":"https:\/\/secure.gravatar.com\/avatar\/42749d8b712ff9d59ca93dc150494e5b55a44134482993f5baeb97e61b7ecc89?s=96&d=mm&r=g","caption":"Roberto"},"url":"https:\/\/regiaonews.net.br\/2022\/author\/roberto\/"}]}},"publishpress_future_action":{"enabled":false,"date":"2026-05-02 03:38:50","action":"change-status","newStatus":"draft","terms":[],"taxonomy":"category","extraData":[]},"publishpress_future_workflow_manual_trigger":{"enabledWorkflows":[]},"_links":{"self":[{"href":"https:\/\/regiaonews.net.br\/2022\/wp-json\/wp\/v2\/posts\/87288","targetHints":{"allow":["GET"]}}],"collection":[{"href":"https:\/\/regiaonews.net.br\/2022\/wp-json\/wp\/v2\/posts"}],"about":[{"href":"https:\/\/regiaonews.net.br\/2022\/wp-json\/wp\/v2\/types\/post"}],"author":[{"embeddable":true,"href":"https:\/\/regiaonews.net.br\/2022\/wp-json\/wp\/v2\/users\/2"}],"replies":[{"embeddable":true,"href":"https:\/\/regiaonews.net.br\/2022\/wp-json\/wp\/v2\/comments?post=87288"}],"version-history":[{"count":1,"href":"https:\/\/regiaonews.net.br\/2022\/wp-json\/wp\/v2\/posts\/87288\/revisions"}],"predecessor-version":[{"id":87290,"href":"https:\/\/regiaonews.net.br\/2022\/wp-json\/wp\/v2\/posts\/87288\/revisions\/87290"}],"wp:featuredmedia":[{"embeddable":true,"href":"https:\/\/regiaonews.net.br\/2022\/wp-json\/wp\/v2\/media\/87289"}],"wp:attachment":[{"href":"https:\/\/regiaonews.net.br\/2022\/wp-json\/wp\/v2\/media?parent=87288"}],"wp:term":[{"taxonomy":"category","embeddable":true,"href":"https:\/\/regiaonews.net.br\/2022\/wp-json\/wp\/v2\/categories?post=87288"},{"taxonomy":"post_tag","embeddable":true,"href":"https:\/\/regiaonews.net.br\/2022\/wp-json\/wp\/v2\/tags?post=87288"}],"curies":[{"name":"wp","href":"https:\/\/api.w.org\/{rel}","templated":true}]}}