{"id":87146,"date":"2023-04-26T18:27:31","date_gmt":"2023-04-26T21:27:31","guid":{"rendered":"https:\/\/regiaonews.net.br\/2022\/?p=87146"},"modified":"2023-04-26T21:02:33","modified_gmt":"2023-04-27T00:02:33","slug":"prefeitura-leva-asfalto-para-trecho-da-avenida-joao-baroni","status":"publish","type":"post","link":"https:\/\/regiaonews.net.br\/2022\/2023\/04\/26\/prefeitura-leva-asfalto-para-trecho-da-avenida-joao-baroni\/","title":{"rendered":"Prefeitura leva asfalto para trecho da Avenida Jo\u00e3o Baroni"},"content":{"rendered":"<p>Obra beneficiar\u00e1 moradores, facilitando o acesso a v\u00e1rios bairros da regi\u00e3o sul da cidade<\/p>\n<p>A prefeita da Est\u00e2ncia Tur\u00edstica de Barretos, Paula Lemos, anunciou na manh\u00e3 desta quarta-feira, 26 de abril, a assinatura de um Termo de Ajuste de Conduta (TAC), entre a prefeitura e a empresa SRR Incorporadora SPE 01 Limitada, para asfaltar um trecho de aproximadamente 500 metros da Avenida Jo\u00e3o Baroni, entre as avenidas Urias Bernardo Coelho e Pedro Fontoura Pires, na regi\u00e3o sul da cidade.<br \/>\nPaula destacou que a avenida d\u00e1 acesso a v\u00e1rios bairros da cidade, mas que a falta de asfalto nestes 500 metros de via prejudica o tr\u00e2nsito no local e os moradores. Ela tamb\u00e9m agradeceu ao vereador Paulo Corr\u00eaa pelo apoio. \u201cHoje \u00e9 um dia muito importante para o desenvolvimento da nossa cidade. Falamos para o Paulo da import\u00e2ncia dessa avenida que vai interligar v\u00e1rios pontos da nossa cidade e melhorar o fluxo nessa regi\u00e3o pr\u00f3xima ao Hospital de Amor, que est\u00e1 se desenvolvendo a cada dia, e com o seu apoio, dos moradores e de toda aquela regi\u00e3o que ser\u00e1 beneficiada n\u00f3s conseguimos fazer este TAC\u201d, disse.<br \/>\nPaulo Corr\u00eaa falou das conquistas para a cidade nos dois anos \u00e0 frente da presid\u00eancia da C\u00e2mara dos Vereadores e salientou que a obra trar\u00e1 desenvolvimento para Barretos. \u201cGra\u00e7as a Deus, nesses dois anos na presid\u00eancia da C\u00e2mara, a gente conseguiu fazer evolu\u00e7\u00f5es importantes para o munic\u00edpio de Barretos, na quest\u00e3o de sa\u00fade, de educa\u00e7\u00e3o&#8230; E muitas situa\u00e7\u00f5es que estavam embara\u00e7adas h\u00e1 muitos anos\u201d, comentou. \u201cA tend\u00eancia da regi\u00e3o sul \u00e9 de aumentar a popula\u00e7\u00e3o, novos loteamentos com certeza devem surgir ali. Essa \u00e9 mais uma obra que, atrav\u00e9s da C\u00e2mara e da Prefeitura, n\u00f3s conseguimos colocar em pr\u00e1tica aquilo que a popula\u00e7\u00e3o reivindica\u201d, completou.<br \/>\nO secret\u00e1rio municipal de Planejamento e Desenvolvimento, Carlos Henrique Gon\u00e7alves L\u00facio, explicou que o TAC contempla drenagem, pavimenta\u00e7\u00e3o, guias e sarjetas. \u201c\u00c9 mais um complemento da malha vi\u00e1ria da cidade, que em alguns pontos foi esquecida pelas gest\u00f5es anteriores por falta de diretrizes corretas. Essa obra que n\u00f3s estamos fazendo hoje vai beneficiar toda aquela regi\u00e3o que \u00e9 composta por v\u00e1rios empreendimentos que n\u00e3o estavam conseguindo ter acesso a servi\u00e7os b\u00e1sicos que outros locais t\u00eam. Ela vem para complementar e melhorar o sistema vi\u00e1rio da nossa cidade\u201d, explicou.<br \/>\nCarlos Moura Filho, presidente da Associa\u00e7\u00e3o de Moradores do Residencial Parque das Flores, estava acompanhado da esposa Maria Lucia, e agradeceu a iniciativa. \u201cQuero agradecer em nome dos moradores do residencial e acredito que posso agradecer tamb\u00e9m pelos bairros Paulo Prata, Nobre Ville, O\u00e1sis e adjac\u00eancias por esses 500 metros que parecem pouco, mas s\u00e3o uma grande conquista. Quero refor\u00e7ar nosso agradecimento \u00e0 prefeita Paula, ao Paulo Correa e ao secret\u00e1rio Henrique, que n\u00e3o mediram esfor\u00e7os para conseguir essa conquista para toda essa regi\u00e3o\u201d, afirmou.<br \/>\nA obra est\u00e1 or\u00e7ada em R$ 1.081.651,68, sendo R$ 200 mil por parte da empresa, R$ 450 mil em duod\u00e9cimos devolvidos pela C\u00e2mara e restante por parte da prefeitura. A pr\u00f3xima etapa ap\u00f3s a assinatura do TAC \u00e9 a abertura de processo licitat\u00f3rio para contrata\u00e7\u00e3o de empresa especializada no servi\u00e7o.<\/p>\n","protected":false},"excerpt":{"rendered":"<p>Obra beneficiar\u00e1 moradores, facilitando o acesso a v\u00e1rios bairros da<\/p>\n","protected":false},"author":2,"featured_media":87147,"comment_status":"open","ping_status":"open","sticky":false,"template":"","format":"standard","meta":{"footnotes":""},"categories":[14,25,111],"tags":[],"class_list":["post-87146","post","type-post","status-publish","format-standard","has-post-thumbnail","hentry","category-barretos","category-cidades","category-cotidiano"],"yoast_head":"<!-- This site is optimized with the Yoast SEO plugin v27.4 - https:\/\/yoast.com\/product\/yoast-seo-wordpress\/ -->\n<title>Prefeitura leva asfalto para trecho da Avenida Jo\u00e3o Baroni - Regi\u00e3o News<\/title>\n<meta name=\"robots\" content=\"index, follow, max-snippet:-1, max-image-preview:large, max-video-preview:-1\" \/>\n<link rel=\"canonical\" href=\"https:\/\/regiaonews.net.br\/2022\/2023\/04\/26\/prefeitura-leva-asfalto-para-trecho-da-avenida-joao-baroni\/\" \/>\n<meta property=\"og:locale\" content=\"pt_BR\" \/>\n<meta property=\"og:type\" content=\"article\" \/>\n<meta property=\"og:title\" content=\"Prefeitura leva asfalto para trecho da Avenida Jo\u00e3o Baroni - Regi\u00e3o News\" \/>\n<meta property=\"og:description\" content=\"Obra beneficiar\u00e1 moradores, facilitando o acesso a v\u00e1rios bairros da\" \/>\n<meta property=\"og:url\" content=\"https:\/\/regiaonews.net.br\/2022\/2023\/04\/26\/prefeitura-leva-asfalto-para-trecho-da-avenida-joao-baroni\/\" \/>\n<meta property=\"og:site_name\" content=\"Regi\u00e3o News\" \/>\n<meta property=\"article:published_time\" content=\"2023-04-26T21:27:31+00:00\" \/>\n<meta property=\"article:modified_time\" content=\"2023-04-27T00:02:33+00:00\" \/>\n<meta property=\"og:image\" content=\"https:\/\/regiaonews.net.br\/2022\/wp-content\/uploads\/2023\/04\/WhatsApp-Image-2023-04-26-at-17.19.36.jpeg\" \/>\n\t<meta property=\"og:image:width\" content=\"1280\" \/>\n\t<meta property=\"og:image:height\" content=\"978\" \/>\n\t<meta property=\"og:image:type\" content=\"image\/jpeg\" \/>\n<meta name=\"author\" content=\"Roberto\" \/>\n<meta name=\"twitter:card\" content=\"summary_large_image\" \/>\n<meta name=\"twitter:label1\" content=\"Escrito por\" \/>\n\t<meta name=\"twitter:data1\" content=\"Roberto\" \/>\n\t<meta name=\"twitter:label2\" content=\"Est. tempo de leitura\" \/>\n\t<meta name=\"twitter:data2\" content=\"3 minutos\" \/>\n<script type=\"application\/ld+json\" class=\"yoast-schema-graph\">{\"@context\":\"https:\\\/\\\/schema.org\",\"@graph\":[{\"@type\":\"Article\",\"@id\":\"https:\\\/\\\/regiaonews.net.br\\\/2022\\\/2023\\\/04\\\/26\\\/prefeitura-leva-asfalto-para-trecho-da-avenida-joao-baroni\\\/#article\",\"isPartOf\":{\"@id\":\"https:\\\/\\\/regiaonews.net.br\\\/2022\\\/2023\\\/04\\\/26\\\/prefeitura-leva-asfalto-para-trecho-da-avenida-joao-baroni\\\/\"},\"author\":{\"name\":\"Roberto\",\"@id\":\"https:\\\/\\\/regiaonews.net.br\\\/2022\\\/#\\\/schema\\\/person\\\/2d205a608a5aa97ac279d7a5e6d89ad8\"},\"headline\":\"Prefeitura leva asfalto para trecho da Avenida Jo\u00e3o Baroni\",\"datePublished\":\"2023-04-26T21:27:31+00:00\",\"dateModified\":\"2023-04-27T00:02:33+00:00\",\"mainEntityOfPage\":{\"@id\":\"https:\\\/\\\/regiaonews.net.br\\\/2022\\\/2023\\\/04\\\/26\\\/prefeitura-leva-asfalto-para-trecho-da-avenida-joao-baroni\\\/\"},\"wordCount\":577,\"commentCount\":0,\"publisher\":{\"@id\":\"https:\\\/\\\/regiaonews.net.br\\\/2022\\\/#organization\"},\"image\":{\"@id\":\"https:\\\/\\\/regiaonews.net.br\\\/2022\\\/2023\\\/04\\\/26\\\/prefeitura-leva-asfalto-para-trecho-da-avenida-joao-baroni\\\/#primaryimage\"},\"thumbnailUrl\":\"https:\\\/\\\/regiaonews.net.br\\\/2022\\\/wp-content\\\/uploads\\\/2023\\\/04\\\/WhatsApp-Image-2023-04-26-at-17.19.36.jpeg\",\"articleSection\":[\"Barretos\",\"Cidades\",\"Cotidiano\"],\"inLanguage\":\"pt-BR\",\"potentialAction\":[{\"@type\":\"CommentAction\",\"name\":\"Comment\",\"target\":[\"https:\\\/\\\/regiaonews.net.br\\\/2022\\\/2023\\\/04\\\/26\\\/prefeitura-leva-asfalto-para-trecho-da-avenida-joao-baroni\\\/#respond\"]}]},{\"@type\":\"WebPage\",\"@id\":\"https:\\\/\\\/regiaonews.net.br\\\/2022\\\/2023\\\/04\\\/26\\\/prefeitura-leva-asfalto-para-trecho-da-avenida-joao-baroni\\\/\",\"url\":\"https:\\\/\\\/regiaonews.net.br\\\/2022\\\/2023\\\/04\\\/26\\\/prefeitura-leva-asfalto-para-trecho-da-avenida-joao-baroni\\\/\",\"name\":\"Prefeitura leva asfalto para trecho da Avenida Jo\u00e3o Baroni - Regi\u00e3o News\",\"isPartOf\":{\"@id\":\"https:\\\/\\\/regiaonews.net.br\\\/2022\\\/#website\"},\"primaryImageOfPage\":{\"@id\":\"https:\\\/\\\/regiaonews.net.br\\\/2022\\\/2023\\\/04\\\/26\\\/prefeitura-leva-asfalto-para-trecho-da-avenida-joao-baroni\\\/#primaryimage\"},\"image\":{\"@id\":\"https:\\\/\\\/regiaonews.net.br\\\/2022\\\/2023\\\/04\\\/26\\\/prefeitura-leva-asfalto-para-trecho-da-avenida-joao-baroni\\\/#primaryimage\"},\"thumbnailUrl\":\"https:\\\/\\\/regiaonews.net.br\\\/2022\\\/wp-content\\\/uploads\\\/2023\\\/04\\\/WhatsApp-Image-2023-04-26-at-17.19.36.jpeg\",\"datePublished\":\"2023-04-26T21:27:31+00:00\",\"dateModified\":\"2023-04-27T00:02:33+00:00\",\"breadcrumb\":{\"@id\":\"https:\\\/\\\/regiaonews.net.br\\\/2022\\\/2023\\\/04\\\/26\\\/prefeitura-leva-asfalto-para-trecho-da-avenida-joao-baroni\\\/#breadcrumb\"},\"inLanguage\":\"pt-BR\",\"potentialAction\":[{\"@type\":\"ReadAction\",\"target\":[\"https:\\\/\\\/regiaonews.net.br\\\/2022\\\/2023\\\/04\\\/26\\\/prefeitura-leva-asfalto-para-trecho-da-avenida-joao-baroni\\\/\"]}]},{\"@type\":\"ImageObject\",\"inLanguage\":\"pt-BR\",\"@id\":\"https:\\\/\\\/regiaonews.net.br\\\/2022\\\/2023\\\/04\\\/26\\\/prefeitura-leva-asfalto-para-trecho-da-avenida-joao-baroni\\\/#primaryimage\",\"url\":\"https:\\\/\\\/regiaonews.net.br\\\/2022\\\/wp-content\\\/uploads\\\/2023\\\/04\\\/WhatsApp-Image-2023-04-26-at-17.19.36.jpeg\",\"contentUrl\":\"https:\\\/\\\/regiaonews.net.br\\\/2022\\\/wp-content\\\/uploads\\\/2023\\\/04\\\/WhatsApp-Image-2023-04-26-at-17.19.36.jpeg\",\"width\":1280,\"height\":978},{\"@type\":\"BreadcrumbList\",\"@id\":\"https:\\\/\\\/regiaonews.net.br\\\/2022\\\/2023\\\/04\\\/26\\\/prefeitura-leva-asfalto-para-trecho-da-avenida-joao-baroni\\\/#breadcrumb\",\"itemListElement\":[{\"@type\":\"ListItem\",\"position\":1,\"name\":\"In\u00edcio\",\"item\":\"https:\\\/\\\/regiaonews.net.br\\\/2022\\\/\"},{\"@type\":\"ListItem\",\"position\":2,\"name\":\"Prefeitura leva asfalto para trecho da Avenida Jo\u00e3o Baroni\"}]},{\"@type\":\"WebSite\",\"@id\":\"https:\\\/\\\/regiaonews.net.br\\\/2022\\\/#website\",\"url\":\"https:\\\/\\\/regiaonews.net.br\\\/2022\\\/\",\"name\":\"Regi\u00e3o News\",\"description\":\"Site de Not\u00edcias de Barretos e regi\u00e3o\",\"publisher\":{\"@id\":\"https:\\\/\\\/regiaonews.net.br\\\/2022\\\/#organization\"},\"potentialAction\":[{\"@type\":\"SearchAction\",\"target\":{\"@type\":\"EntryPoint\",\"urlTemplate\":\"https:\\\/\\\/regiaonews.net.br\\\/2022\\\/?s={search_term_string}\"},\"query-input\":{\"@type\":\"PropertyValueSpecification\",\"valueRequired\":true,\"valueName\":\"search_term_string\"}}],\"inLanguage\":\"pt-BR\"},{\"@type\":\"Organization\",\"@id\":\"https:\\\/\\\/regiaonews.net.br\\\/2022\\\/#organization\",\"name\":\"Regi\u00e3o News\",\"url\":\"https:\\\/\\\/regiaonews.net.br\\\/2022\\\/\",\"logo\":{\"@type\":\"ImageObject\",\"inLanguage\":\"pt-BR\",\"@id\":\"https:\\\/\\\/regiaonews.net.br\\\/2022\\\/#\\\/schema\\\/logo\\\/image\\\/\",\"url\":\"https:\\\/\\\/regiaonews.net.br\\\/2022\\\/wp-content\\\/uploads\\\/2026\\\/03\\\/regiao-13-anos-scaled.jpg\",\"contentUrl\":\"https:\\\/\\\/regiaonews.net.br\\\/2022\\\/wp-content\\\/uploads\\\/2026\\\/03\\\/regiao-13-anos-scaled.jpg\",\"width\":2560,\"height\":635,\"caption\":\"Regi\u00e3o News\"},\"image\":{\"@id\":\"https:\\\/\\\/regiaonews.net.br\\\/2022\\\/#\\\/schema\\\/logo\\\/image\\\/\"}},{\"@type\":\"Person\",\"@id\":\"https:\\\/\\\/regiaonews.net.br\\\/2022\\\/#\\\/schema\\\/person\\\/2d205a608a5aa97ac279d7a5e6d89ad8\",\"name\":\"Roberto\",\"image\":{\"@type\":\"ImageObject\",\"inLanguage\":\"pt-BR\",\"@id\":\"https:\\\/\\\/secure.gravatar.com\\\/avatar\\\/42749d8b712ff9d59ca93dc150494e5b55a44134482993f5baeb97e61b7ecc89?s=96&d=mm&r=g\",\"url\":\"https:\\\/\\\/secure.gravatar.com\\\/avatar\\\/42749d8b712ff9d59ca93dc150494e5b55a44134482993f5baeb97e61b7ecc89?s=96&d=mm&r=g\",\"contentUrl\":\"https:\\\/\\\/secure.gravatar.com\\\/avatar\\\/42749d8b712ff9d59ca93dc150494e5b55a44134482993f5baeb97e61b7ecc89?s=96&d=mm&r=g\",\"caption\":\"Roberto\"},\"url\":\"https:\\\/\\\/regiaonews.net.br\\\/2022\\\/author\\\/roberto\\\/\"}]}<\/script>\n<!-- \/ Yoast SEO plugin. -->","yoast_head_json":{"title":"Prefeitura leva asfalto para trecho da Avenida Jo\u00e3o Baroni - Regi\u00e3o News","robots":{"index":"index","follow":"follow","max-snippet":"max-snippet:-1","max-image-preview":"max-image-preview:large","max-video-preview":"max-video-preview:-1"},"canonical":"https:\/\/regiaonews.net.br\/2022\/2023\/04\/26\/prefeitura-leva-asfalto-para-trecho-da-avenida-joao-baroni\/","og_locale":"pt_BR","og_type":"article","og_title":"Prefeitura leva asfalto para trecho da Avenida Jo\u00e3o Baroni - Regi\u00e3o News","og_description":"Obra beneficiar\u00e1 moradores, facilitando o acesso a v\u00e1rios bairros da","og_url":"https:\/\/regiaonews.net.br\/2022\/2023\/04\/26\/prefeitura-leva-asfalto-para-trecho-da-avenida-joao-baroni\/","og_site_name":"Regi\u00e3o News","article_published_time":"2023-04-26T21:27:31+00:00","article_modified_time":"2023-04-27T00:02:33+00:00","og_image":[{"width":1280,"height":978,"url":"https:\/\/regiaonews.net.br\/2022\/wp-content\/uploads\/2023\/04\/WhatsApp-Image-2023-04-26-at-17.19.36.jpeg","type":"image\/jpeg"}],"author":"Roberto","twitter_card":"summary_large_image","twitter_misc":{"Escrito por":"Roberto","Est. tempo de leitura":"3 minutos"},"schema":{"@context":"https:\/\/schema.org","@graph":[{"@type":"Article","@id":"https:\/\/regiaonews.net.br\/2022\/2023\/04\/26\/prefeitura-leva-asfalto-para-trecho-da-avenida-joao-baroni\/#article","isPartOf":{"@id":"https:\/\/regiaonews.net.br\/2022\/2023\/04\/26\/prefeitura-leva-asfalto-para-trecho-da-avenida-joao-baroni\/"},"author":{"name":"Roberto","@id":"https:\/\/regiaonews.net.br\/2022\/#\/schema\/person\/2d205a608a5aa97ac279d7a5e6d89ad8"},"headline":"Prefeitura leva asfalto para trecho da Avenida Jo\u00e3o Baroni","datePublished":"2023-04-26T21:27:31+00:00","dateModified":"2023-04-27T00:02:33+00:00","mainEntityOfPage":{"@id":"https:\/\/regiaonews.net.br\/2022\/2023\/04\/26\/prefeitura-leva-asfalto-para-trecho-da-avenida-joao-baroni\/"},"wordCount":577,"commentCount":0,"publisher":{"@id":"https:\/\/regiaonews.net.br\/2022\/#organization"},"image":{"@id":"https:\/\/regiaonews.net.br\/2022\/2023\/04\/26\/prefeitura-leva-asfalto-para-trecho-da-avenida-joao-baroni\/#primaryimage"},"thumbnailUrl":"https:\/\/regiaonews.net.br\/2022\/wp-content\/uploads\/2023\/04\/WhatsApp-Image-2023-04-26-at-17.19.36.jpeg","articleSection":["Barretos","Cidades","Cotidiano"],"inLanguage":"pt-BR","potentialAction":[{"@type":"CommentAction","name":"Comment","target":["https:\/\/regiaonews.net.br\/2022\/2023\/04\/26\/prefeitura-leva-asfalto-para-trecho-da-avenida-joao-baroni\/#respond"]}]},{"@type":"WebPage","@id":"https:\/\/regiaonews.net.br\/2022\/2023\/04\/26\/prefeitura-leva-asfalto-para-trecho-da-avenida-joao-baroni\/","url":"https:\/\/regiaonews.net.br\/2022\/2023\/04\/26\/prefeitura-leva-asfalto-para-trecho-da-avenida-joao-baroni\/","name":"Prefeitura leva asfalto para trecho da Avenida Jo\u00e3o Baroni - Regi\u00e3o News","isPartOf":{"@id":"https:\/\/regiaonews.net.br\/2022\/#website"},"primaryImageOfPage":{"@id":"https:\/\/regiaonews.net.br\/2022\/2023\/04\/26\/prefeitura-leva-asfalto-para-trecho-da-avenida-joao-baroni\/#primaryimage"},"image":{"@id":"https:\/\/regiaonews.net.br\/2022\/2023\/04\/26\/prefeitura-leva-asfalto-para-trecho-da-avenida-joao-baroni\/#primaryimage"},"thumbnailUrl":"https:\/\/regiaonews.net.br\/2022\/wp-content\/uploads\/2023\/04\/WhatsApp-Image-2023-04-26-at-17.19.36.jpeg","datePublished":"2023-04-26T21:27:31+00:00","dateModified":"2023-04-27T00:02:33+00:00","breadcrumb":{"@id":"https:\/\/regiaonews.net.br\/2022\/2023\/04\/26\/prefeitura-leva-asfalto-para-trecho-da-avenida-joao-baroni\/#breadcrumb"},"inLanguage":"pt-BR","potentialAction":[{"@type":"ReadAction","target":["https:\/\/regiaonews.net.br\/2022\/2023\/04\/26\/prefeitura-leva-asfalto-para-trecho-da-avenida-joao-baroni\/"]}]},{"@type":"ImageObject","inLanguage":"pt-BR","@id":"https:\/\/regiaonews.net.br\/2022\/2023\/04\/26\/prefeitura-leva-asfalto-para-trecho-da-avenida-joao-baroni\/#primaryimage","url":"https:\/\/regiaonews.net.br\/2022\/wp-content\/uploads\/2023\/04\/WhatsApp-Image-2023-04-26-at-17.19.36.jpeg","contentUrl":"https:\/\/regiaonews.net.br\/2022\/wp-content\/uploads\/2023\/04\/WhatsApp-Image-2023-04-26-at-17.19.36.jpeg","width":1280,"height":978},{"@type":"BreadcrumbList","@id":"https:\/\/regiaonews.net.br\/2022\/2023\/04\/26\/prefeitura-leva-asfalto-para-trecho-da-avenida-joao-baroni\/#breadcrumb","itemListElement":[{"@type":"ListItem","position":1,"name":"In\u00edcio","item":"https:\/\/regiaonews.net.br\/2022\/"},{"@type":"ListItem","position":2,"name":"Prefeitura leva asfalto para trecho da Avenida Jo\u00e3o Baroni"}]},{"@type":"WebSite","@id":"https:\/\/regiaonews.net.br\/2022\/#website","url":"https:\/\/regiaonews.net.br\/2022\/","name":"Regi\u00e3o News","description":"Site de Not\u00edcias de Barretos e regi\u00e3o","publisher":{"@id":"https:\/\/regiaonews.net.br\/2022\/#organization"},"potentialAction":[{"@type":"SearchAction","target":{"@type":"EntryPoint","urlTemplate":"https:\/\/regiaonews.net.br\/2022\/?s={search_term_string}"},"query-input":{"@type":"PropertyValueSpecification","valueRequired":true,"valueName":"search_term_string"}}],"inLanguage":"pt-BR"},{"@type":"Organization","@id":"https:\/\/regiaonews.net.br\/2022\/#organization","name":"Regi\u00e3o News","url":"https:\/\/regiaonews.net.br\/2022\/","logo":{"@type":"ImageObject","inLanguage":"pt-BR","@id":"https:\/\/regiaonews.net.br\/2022\/#\/schema\/logo\/image\/","url":"https:\/\/regiaonews.net.br\/2022\/wp-content\/uploads\/2026\/03\/regiao-13-anos-scaled.jpg","contentUrl":"https:\/\/regiaonews.net.br\/2022\/wp-content\/uploads\/2026\/03\/regiao-13-anos-scaled.jpg","width":2560,"height":635,"caption":"Regi\u00e3o News"},"image":{"@id":"https:\/\/regiaonews.net.br\/2022\/#\/schema\/logo\/image\/"}},{"@type":"Person","@id":"https:\/\/regiaonews.net.br\/2022\/#\/schema\/person\/2d205a608a5aa97ac279d7a5e6d89ad8","name":"Roberto","image":{"@type":"ImageObject","inLanguage":"pt-BR","@id":"https:\/\/secure.gravatar.com\/avatar\/42749d8b712ff9d59ca93dc150494e5b55a44134482993f5baeb97e61b7ecc89?s=96&d=mm&r=g","url":"https:\/\/secure.gravatar.com\/avatar\/42749d8b712ff9d59ca93dc150494e5b55a44134482993f5baeb97e61b7ecc89?s=96&d=mm&r=g","contentUrl":"https:\/\/secure.gravatar.com\/avatar\/42749d8b712ff9d59ca93dc150494e5b55a44134482993f5baeb97e61b7ecc89?s=96&d=mm&r=g","caption":"Roberto"},"url":"https:\/\/regiaonews.net.br\/2022\/author\/roberto\/"}]}},"publishpress_future_action":{"enabled":false,"date":"2026-05-02 02:34:03","action":"change-status","newStatus":"draft","terms":[],"taxonomy":"category","extraData":[]},"publishpress_future_workflow_manual_trigger":{"enabledWorkflows":[]},"_links":{"self":[{"href":"https:\/\/regiaonews.net.br\/2022\/wp-json\/wp\/v2\/posts\/87146","targetHints":{"allow":["GET"]}}],"collection":[{"href":"https:\/\/regiaonews.net.br\/2022\/wp-json\/wp\/v2\/posts"}],"about":[{"href":"https:\/\/regiaonews.net.br\/2022\/wp-json\/wp\/v2\/types\/post"}],"author":[{"embeddable":true,"href":"https:\/\/regiaonews.net.br\/2022\/wp-json\/wp\/v2\/users\/2"}],"replies":[{"embeddable":true,"href":"https:\/\/regiaonews.net.br\/2022\/wp-json\/wp\/v2\/comments?post=87146"}],"version-history":[{"count":1,"href":"https:\/\/regiaonews.net.br\/2022\/wp-json\/wp\/v2\/posts\/87146\/revisions"}],"predecessor-version":[{"id":87148,"href":"https:\/\/regiaonews.net.br\/2022\/wp-json\/wp\/v2\/posts\/87146\/revisions\/87148"}],"wp:featuredmedia":[{"embeddable":true,"href":"https:\/\/regiaonews.net.br\/2022\/wp-json\/wp\/v2\/media\/87147"}],"wp:attachment":[{"href":"https:\/\/regiaonews.net.br\/2022\/wp-json\/wp\/v2\/media?parent=87146"}],"wp:term":[{"taxonomy":"category","embeddable":true,"href":"https:\/\/regiaonews.net.br\/2022\/wp-json\/wp\/v2\/categories?post=87146"},{"taxonomy":"post_tag","embeddable":true,"href":"https:\/\/regiaonews.net.br\/2022\/wp-json\/wp\/v2\/tags?post=87146"}],"curies":[{"name":"wp","href":"https:\/\/api.w.org\/{rel}","templated":true}]}}