{"id":87133,"date":"2023-04-26T13:42:02","date_gmt":"2023-04-26T16:42:02","guid":{"rendered":"https:\/\/regiaonews.net.br\/2022\/?p=87133"},"modified":"2023-04-26T16:03:08","modified_gmt":"2023-04-26T19:03:08","slug":"policia-civil-volta-localizar-outras-cargas-roubadas-em-desmanche","status":"publish","type":"post","link":"https:\/\/regiaonews.net.br\/2022\/2023\/04\/26\/policia-civil-volta-localizar-outras-cargas-roubadas-em-desmanche\/","title":{"rendered":"Pol\u00edcia Civil volta localizar outras cargas roubadas em desmanche"},"content":{"rendered":"<p>Total de apreens\u00f5es chega a quase 1 milh\u00e3o de reais<\/p>\n<p>Na continuidade de opera\u00e7\u00e3o de fiscaliza\u00e7\u00e3o de desmanche na cidade de Barretos, onde, na data de ontem, foram localizados quatro caminh\u00f5es roubados, al\u00e9m de duas cargas tamb\u00e9m produtos de roubo, sendo preso o respons\u00e1vel pelo local, os policiais civis da Seccional, DIG, DISE e CPJ prosseguiram realizando buscas no estabelecimento na data de hoje.<\/p>\n<p>Nas novas buscas, os agentes encontraram um motor de caminh\u00e3o com numera\u00e7\u00e3o suprimida, 30 (trinta) pneus de caminh\u00f5es de origem desconhecida &#8211; avaliados em cerca de R$ 90.000,00 \u2013 e uma carga de bancos de madeira roubada em Ituverava neste m\u00eas \u2013 avaliada em R$ 12.000,00.<\/p>\n<p>Tamb\u00e9m foi localizada uma bomba de alta press\u00e3o, de fabrica\u00e7\u00e3o italiana que havia sido roubada em S\u00e3o Paulo\/SP, em fevereiro. Na ocasi\u00e3o, a bomba estava sendo transportada para ser empregada nas obras da linha 2 do metr\u00f4. O equipamento est\u00e1 avaliado em cerca de R$ 550.000,00.<\/p>\n<p>No total, as cargas recuperadas na data de ontem e hoje (ra\u00e7\u00e3o, cera, bancos de madeira, bomba de alta press\u00e3o e pneus), somadas, t\u00eam valor estimado de R$ 900.000,00.<\/p>\n<p>O trabalho prossegue para identificar outras pessoas envolvidas no esquema criminoso.\u00a0 O delegado da DIG de Barretos, Dr. Rafael Faria Domingos, passou mais informa\u00e7\u00f5es sobre o esclarecimentos destes roubos e localiza\u00e7\u00e3o das cargas.<\/p>\n<div style=\"width: 352px;\" class=\"wp-video\"><video class=\"wp-video-shortcode\" id=\"video-87133-1\" width=\"352\" height=\"640\" preload=\"metadata\" controls=\"controls\"><source type=\"video\/mp4\" src=\"https:\/\/regiaonews.net.br\/2022\/wp-content\/uploads\/2023\/04\/VID-20230426-WA0331.mp4?_=1\" \/><a href=\"https:\/\/regiaonews.net.br\/2022\/wp-content\/uploads\/2023\/04\/VID-20230426-WA0331.mp4\">https:\/\/regiaonews.net.br\/2022\/wp-content\/uploads\/2023\/04\/VID-20230426-WA0331.mp4<\/a><\/video><\/div>\n<p>&nbsp;<\/p>\n<div style=\"width: 640px;\" class=\"wp-video\"><video class=\"wp-video-shortcode\" id=\"video-87133-2\" width=\"640\" height=\"352\" preload=\"metadata\" controls=\"controls\"><source type=\"video\/mp4\" src=\"https:\/\/regiaonews.net.br\/2022\/wp-content\/uploads\/2023\/04\/WhatsApp-Video-2023-04-26-at-15.06.22.mp4?_=2\" \/><a href=\"https:\/\/regiaonews.net.br\/2022\/wp-content\/uploads\/2023\/04\/WhatsApp-Video-2023-04-26-at-15.06.22.mp4\">https:\/\/regiaonews.net.br\/2022\/wp-content\/uploads\/2023\/04\/WhatsApp-Video-2023-04-26-at-15.06.22.mp4<\/a><\/video><\/div>\n","protected":false},"excerpt":{"rendered":"<p>Total de apreens\u00f5es chega a quase 1 milh\u00e3o de reais<\/p>\n","protected":false},"author":2,"featured_media":87134,"comment_status":"open","ping_status":"open","sticky":false,"template":"","format":"standard","meta":{"footnotes":""},"categories":[14,23],"tags":[],"class_list":["post-87133","post","type-post","status-publish","format-standard","has-post-thumbnail","hentry","category-barretos","category-policia"],"yoast_head":"<!-- This site is optimized with the Yoast SEO plugin v27.4 - https:\/\/yoast.com\/product\/yoast-seo-wordpress\/ -->\n<title>Pol\u00edcia Civil volta localizar outras cargas roubadas em desmanche - Regi\u00e3o News<\/title>\n<meta name=\"robots\" content=\"index, follow, max-snippet:-1, max-image-preview:large, max-video-preview:-1\" \/>\n<link rel=\"canonical\" href=\"https:\/\/regiaonews.net.br\/2022\/2023\/04\/26\/policia-civil-volta-localizar-outras-cargas-roubadas-em-desmanche\/\" \/>\n<meta property=\"og:locale\" content=\"pt_BR\" \/>\n<meta property=\"og:type\" content=\"article\" \/>\n<meta property=\"og:title\" content=\"Pol\u00edcia Civil volta localizar outras cargas roubadas em desmanche - Regi\u00e3o News\" \/>\n<meta property=\"og:description\" content=\"Total de apreens\u00f5es chega a quase 1 milh\u00e3o de reais\" \/>\n<meta property=\"og:url\" content=\"https:\/\/regiaonews.net.br\/2022\/2023\/04\/26\/policia-civil-volta-localizar-outras-cargas-roubadas-em-desmanche\/\" \/>\n<meta property=\"og:site_name\" content=\"Regi\u00e3o News\" \/>\n<meta property=\"article:published_time\" content=\"2023-04-26T16:42:02+00:00\" \/>\n<meta property=\"article:modified_time\" content=\"2023-04-26T19:03:08+00:00\" \/>\n<meta property=\"og:image\" content=\"https:\/\/regiaonews.net.br\/2022\/wp-content\/uploads\/2023\/04\/IMG-20230426-WA0332.jpg\" \/>\n\t<meta property=\"og:image:width\" content=\"1280\" \/>\n\t<meta property=\"og:image:height\" content=\"720\" \/>\n\t<meta property=\"og:image:type\" content=\"image\/jpeg\" \/>\n<meta name=\"author\" content=\"Roberto\" \/>\n<meta name=\"twitter:card\" content=\"summary_large_image\" \/>\n<meta name=\"twitter:label1\" content=\"Escrito por\" \/>\n\t<meta name=\"twitter:data1\" content=\"Roberto\" \/>\n\t<meta name=\"twitter:label2\" content=\"Est. tempo de leitura\" \/>\n\t<meta name=\"twitter:data2\" content=\"2 minutos\" \/>\n<script type=\"application\/ld+json\" class=\"yoast-schema-graph\">{\"@context\":\"https:\\\/\\\/schema.org\",\"@graph\":[{\"@type\":\"Article\",\"@id\":\"https:\\\/\\\/regiaonews.net.br\\\/2022\\\/2023\\\/04\\\/26\\\/policia-civil-volta-localizar-outras-cargas-roubadas-em-desmanche\\\/#article\",\"isPartOf\":{\"@id\":\"https:\\\/\\\/regiaonews.net.br\\\/2022\\\/2023\\\/04\\\/26\\\/policia-civil-volta-localizar-outras-cargas-roubadas-em-desmanche\\\/\"},\"author\":{\"name\":\"Roberto\",\"@id\":\"https:\\\/\\\/regiaonews.net.br\\\/2022\\\/#\\\/schema\\\/person\\\/2d205a608a5aa97ac279d7a5e6d89ad8\"},\"headline\":\"Pol\u00edcia Civil volta localizar outras cargas roubadas em desmanche\",\"datePublished\":\"2023-04-26T16:42:02+00:00\",\"dateModified\":\"2023-04-26T19:03:08+00:00\",\"mainEntityOfPage\":{\"@id\":\"https:\\\/\\\/regiaonews.net.br\\\/2022\\\/2023\\\/04\\\/26\\\/policia-civil-volta-localizar-outras-cargas-roubadas-em-desmanche\\\/\"},\"wordCount\":273,\"commentCount\":0,\"publisher\":{\"@id\":\"https:\\\/\\\/regiaonews.net.br\\\/2022\\\/#organization\"},\"image\":{\"@id\":\"https:\\\/\\\/regiaonews.net.br\\\/2022\\\/2023\\\/04\\\/26\\\/policia-civil-volta-localizar-outras-cargas-roubadas-em-desmanche\\\/#primaryimage\"},\"thumbnailUrl\":\"https:\\\/\\\/regiaonews.net.br\\\/2022\\\/wp-content\\\/uploads\\\/2023\\\/04\\\/IMG-20230426-WA0332.jpg\",\"articleSection\":[\"Barretos\",\"Policia\"],\"inLanguage\":\"pt-BR\",\"potentialAction\":[{\"@type\":\"CommentAction\",\"name\":\"Comment\",\"target\":[\"https:\\\/\\\/regiaonews.net.br\\\/2022\\\/2023\\\/04\\\/26\\\/policia-civil-volta-localizar-outras-cargas-roubadas-em-desmanche\\\/#respond\"]}]},{\"@type\":\"WebPage\",\"@id\":\"https:\\\/\\\/regiaonews.net.br\\\/2022\\\/2023\\\/04\\\/26\\\/policia-civil-volta-localizar-outras-cargas-roubadas-em-desmanche\\\/\",\"url\":\"https:\\\/\\\/regiaonews.net.br\\\/2022\\\/2023\\\/04\\\/26\\\/policia-civil-volta-localizar-outras-cargas-roubadas-em-desmanche\\\/\",\"name\":\"Pol\u00edcia Civil volta localizar outras cargas roubadas em desmanche - Regi\u00e3o News\",\"isPartOf\":{\"@id\":\"https:\\\/\\\/regiaonews.net.br\\\/2022\\\/#website\"},\"primaryImageOfPage\":{\"@id\":\"https:\\\/\\\/regiaonews.net.br\\\/2022\\\/2023\\\/04\\\/26\\\/policia-civil-volta-localizar-outras-cargas-roubadas-em-desmanche\\\/#primaryimage\"},\"image\":{\"@id\":\"https:\\\/\\\/regiaonews.net.br\\\/2022\\\/2023\\\/04\\\/26\\\/policia-civil-volta-localizar-outras-cargas-roubadas-em-desmanche\\\/#primaryimage\"},\"thumbnailUrl\":\"https:\\\/\\\/regiaonews.net.br\\\/2022\\\/wp-content\\\/uploads\\\/2023\\\/04\\\/IMG-20230426-WA0332.jpg\",\"datePublished\":\"2023-04-26T16:42:02+00:00\",\"dateModified\":\"2023-04-26T19:03:08+00:00\",\"breadcrumb\":{\"@id\":\"https:\\\/\\\/regiaonews.net.br\\\/2022\\\/2023\\\/04\\\/26\\\/policia-civil-volta-localizar-outras-cargas-roubadas-em-desmanche\\\/#breadcrumb\"},\"inLanguage\":\"pt-BR\",\"potentialAction\":[{\"@type\":\"ReadAction\",\"target\":[\"https:\\\/\\\/regiaonews.net.br\\\/2022\\\/2023\\\/04\\\/26\\\/policia-civil-volta-localizar-outras-cargas-roubadas-em-desmanche\\\/\"]}]},{\"@type\":\"ImageObject\",\"inLanguage\":\"pt-BR\",\"@id\":\"https:\\\/\\\/regiaonews.net.br\\\/2022\\\/2023\\\/04\\\/26\\\/policia-civil-volta-localizar-outras-cargas-roubadas-em-desmanche\\\/#primaryimage\",\"url\":\"https:\\\/\\\/regiaonews.net.br\\\/2022\\\/wp-content\\\/uploads\\\/2023\\\/04\\\/IMG-20230426-WA0332.jpg\",\"contentUrl\":\"https:\\\/\\\/regiaonews.net.br\\\/2022\\\/wp-content\\\/uploads\\\/2023\\\/04\\\/IMG-20230426-WA0332.jpg\",\"width\":1280,\"height\":720},{\"@type\":\"BreadcrumbList\",\"@id\":\"https:\\\/\\\/regiaonews.net.br\\\/2022\\\/2023\\\/04\\\/26\\\/policia-civil-volta-localizar-outras-cargas-roubadas-em-desmanche\\\/#breadcrumb\",\"itemListElement\":[{\"@type\":\"ListItem\",\"position\":1,\"name\":\"In\u00edcio\",\"item\":\"https:\\\/\\\/regiaonews.net.br\\\/2022\\\/\"},{\"@type\":\"ListItem\",\"position\":2,\"name\":\"Pol\u00edcia Civil volta localizar outras cargas roubadas em desmanche\"}]},{\"@type\":\"WebSite\",\"@id\":\"https:\\\/\\\/regiaonews.net.br\\\/2022\\\/#website\",\"url\":\"https:\\\/\\\/regiaonews.net.br\\\/2022\\\/\",\"name\":\"Regi\u00e3o News\",\"description\":\"Site de Not\u00edcias de Barretos e regi\u00e3o\",\"publisher\":{\"@id\":\"https:\\\/\\\/regiaonews.net.br\\\/2022\\\/#organization\"},\"potentialAction\":[{\"@type\":\"SearchAction\",\"target\":{\"@type\":\"EntryPoint\",\"urlTemplate\":\"https:\\\/\\\/regiaonews.net.br\\\/2022\\\/?s={search_term_string}\"},\"query-input\":{\"@type\":\"PropertyValueSpecification\",\"valueRequired\":true,\"valueName\":\"search_term_string\"}}],\"inLanguage\":\"pt-BR\"},{\"@type\":\"Organization\",\"@id\":\"https:\\\/\\\/regiaonews.net.br\\\/2022\\\/#organization\",\"name\":\"Regi\u00e3o News\",\"url\":\"https:\\\/\\\/regiaonews.net.br\\\/2022\\\/\",\"logo\":{\"@type\":\"ImageObject\",\"inLanguage\":\"pt-BR\",\"@id\":\"https:\\\/\\\/regiaonews.net.br\\\/2022\\\/#\\\/schema\\\/logo\\\/image\\\/\",\"url\":\"https:\\\/\\\/regiaonews.net.br\\\/2022\\\/wp-content\\\/uploads\\\/2026\\\/03\\\/regiao-13-anos-scaled.jpg\",\"contentUrl\":\"https:\\\/\\\/regiaonews.net.br\\\/2022\\\/wp-content\\\/uploads\\\/2026\\\/03\\\/regiao-13-anos-scaled.jpg\",\"width\":2560,\"height\":635,\"caption\":\"Regi\u00e3o News\"},\"image\":{\"@id\":\"https:\\\/\\\/regiaonews.net.br\\\/2022\\\/#\\\/schema\\\/logo\\\/image\\\/\"}},{\"@type\":\"Person\",\"@id\":\"https:\\\/\\\/regiaonews.net.br\\\/2022\\\/#\\\/schema\\\/person\\\/2d205a608a5aa97ac279d7a5e6d89ad8\",\"name\":\"Roberto\",\"image\":{\"@type\":\"ImageObject\",\"inLanguage\":\"pt-BR\",\"@id\":\"https:\\\/\\\/secure.gravatar.com\\\/avatar\\\/42749d8b712ff9d59ca93dc150494e5b55a44134482993f5baeb97e61b7ecc89?s=96&d=mm&r=g\",\"url\":\"https:\\\/\\\/secure.gravatar.com\\\/avatar\\\/42749d8b712ff9d59ca93dc150494e5b55a44134482993f5baeb97e61b7ecc89?s=96&d=mm&r=g\",\"contentUrl\":\"https:\\\/\\\/secure.gravatar.com\\\/avatar\\\/42749d8b712ff9d59ca93dc150494e5b55a44134482993f5baeb97e61b7ecc89?s=96&d=mm&r=g\",\"caption\":\"Roberto\"},\"url\":\"https:\\\/\\\/regiaonews.net.br\\\/2022\\\/author\\\/roberto\\\/\"}]}<\/script>\n<!-- \/ Yoast SEO plugin. -->","yoast_head_json":{"title":"Pol\u00edcia Civil volta localizar outras cargas roubadas em desmanche - Regi\u00e3o News","robots":{"index":"index","follow":"follow","max-snippet":"max-snippet:-1","max-image-preview":"max-image-preview:large","max-video-preview":"max-video-preview:-1"},"canonical":"https:\/\/regiaonews.net.br\/2022\/2023\/04\/26\/policia-civil-volta-localizar-outras-cargas-roubadas-em-desmanche\/","og_locale":"pt_BR","og_type":"article","og_title":"Pol\u00edcia Civil volta localizar outras cargas roubadas em desmanche - Regi\u00e3o News","og_description":"Total de apreens\u00f5es chega a quase 1 milh\u00e3o de reais","og_url":"https:\/\/regiaonews.net.br\/2022\/2023\/04\/26\/policia-civil-volta-localizar-outras-cargas-roubadas-em-desmanche\/","og_site_name":"Regi\u00e3o News","article_published_time":"2023-04-26T16:42:02+00:00","article_modified_time":"2023-04-26T19:03:08+00:00","og_image":[{"width":1280,"height":720,"url":"https:\/\/regiaonews.net.br\/2022\/wp-content\/uploads\/2023\/04\/IMG-20230426-WA0332.jpg","type":"image\/jpeg"}],"author":"Roberto","twitter_card":"summary_large_image","twitter_misc":{"Escrito por":"Roberto","Est. tempo de leitura":"2 minutos"},"schema":{"@context":"https:\/\/schema.org","@graph":[{"@type":"Article","@id":"https:\/\/regiaonews.net.br\/2022\/2023\/04\/26\/policia-civil-volta-localizar-outras-cargas-roubadas-em-desmanche\/#article","isPartOf":{"@id":"https:\/\/regiaonews.net.br\/2022\/2023\/04\/26\/policia-civil-volta-localizar-outras-cargas-roubadas-em-desmanche\/"},"author":{"name":"Roberto","@id":"https:\/\/regiaonews.net.br\/2022\/#\/schema\/person\/2d205a608a5aa97ac279d7a5e6d89ad8"},"headline":"Pol\u00edcia Civil volta localizar outras cargas roubadas em desmanche","datePublished":"2023-04-26T16:42:02+00:00","dateModified":"2023-04-26T19:03:08+00:00","mainEntityOfPage":{"@id":"https:\/\/regiaonews.net.br\/2022\/2023\/04\/26\/policia-civil-volta-localizar-outras-cargas-roubadas-em-desmanche\/"},"wordCount":273,"commentCount":0,"publisher":{"@id":"https:\/\/regiaonews.net.br\/2022\/#organization"},"image":{"@id":"https:\/\/regiaonews.net.br\/2022\/2023\/04\/26\/policia-civil-volta-localizar-outras-cargas-roubadas-em-desmanche\/#primaryimage"},"thumbnailUrl":"https:\/\/regiaonews.net.br\/2022\/wp-content\/uploads\/2023\/04\/IMG-20230426-WA0332.jpg","articleSection":["Barretos","Policia"],"inLanguage":"pt-BR","potentialAction":[{"@type":"CommentAction","name":"Comment","target":["https:\/\/regiaonews.net.br\/2022\/2023\/04\/26\/policia-civil-volta-localizar-outras-cargas-roubadas-em-desmanche\/#respond"]}]},{"@type":"WebPage","@id":"https:\/\/regiaonews.net.br\/2022\/2023\/04\/26\/policia-civil-volta-localizar-outras-cargas-roubadas-em-desmanche\/","url":"https:\/\/regiaonews.net.br\/2022\/2023\/04\/26\/policia-civil-volta-localizar-outras-cargas-roubadas-em-desmanche\/","name":"Pol\u00edcia Civil volta localizar outras cargas roubadas em desmanche - Regi\u00e3o News","isPartOf":{"@id":"https:\/\/regiaonews.net.br\/2022\/#website"},"primaryImageOfPage":{"@id":"https:\/\/regiaonews.net.br\/2022\/2023\/04\/26\/policia-civil-volta-localizar-outras-cargas-roubadas-em-desmanche\/#primaryimage"},"image":{"@id":"https:\/\/regiaonews.net.br\/2022\/2023\/04\/26\/policia-civil-volta-localizar-outras-cargas-roubadas-em-desmanche\/#primaryimage"},"thumbnailUrl":"https:\/\/regiaonews.net.br\/2022\/wp-content\/uploads\/2023\/04\/IMG-20230426-WA0332.jpg","datePublished":"2023-04-26T16:42:02+00:00","dateModified":"2023-04-26T19:03:08+00:00","breadcrumb":{"@id":"https:\/\/regiaonews.net.br\/2022\/2023\/04\/26\/policia-civil-volta-localizar-outras-cargas-roubadas-em-desmanche\/#breadcrumb"},"inLanguage":"pt-BR","potentialAction":[{"@type":"ReadAction","target":["https:\/\/regiaonews.net.br\/2022\/2023\/04\/26\/policia-civil-volta-localizar-outras-cargas-roubadas-em-desmanche\/"]}]},{"@type":"ImageObject","inLanguage":"pt-BR","@id":"https:\/\/regiaonews.net.br\/2022\/2023\/04\/26\/policia-civil-volta-localizar-outras-cargas-roubadas-em-desmanche\/#primaryimage","url":"https:\/\/regiaonews.net.br\/2022\/wp-content\/uploads\/2023\/04\/IMG-20230426-WA0332.jpg","contentUrl":"https:\/\/regiaonews.net.br\/2022\/wp-content\/uploads\/2023\/04\/IMG-20230426-WA0332.jpg","width":1280,"height":720},{"@type":"BreadcrumbList","@id":"https:\/\/regiaonews.net.br\/2022\/2023\/04\/26\/policia-civil-volta-localizar-outras-cargas-roubadas-em-desmanche\/#breadcrumb","itemListElement":[{"@type":"ListItem","position":1,"name":"In\u00edcio","item":"https:\/\/regiaonews.net.br\/2022\/"},{"@type":"ListItem","position":2,"name":"Pol\u00edcia Civil volta localizar outras cargas roubadas em desmanche"}]},{"@type":"WebSite","@id":"https:\/\/regiaonews.net.br\/2022\/#website","url":"https:\/\/regiaonews.net.br\/2022\/","name":"Regi\u00e3o News","description":"Site de Not\u00edcias de Barretos e regi\u00e3o","publisher":{"@id":"https:\/\/regiaonews.net.br\/2022\/#organization"},"potentialAction":[{"@type":"SearchAction","target":{"@type":"EntryPoint","urlTemplate":"https:\/\/regiaonews.net.br\/2022\/?s={search_term_string}"},"query-input":{"@type":"PropertyValueSpecification","valueRequired":true,"valueName":"search_term_string"}}],"inLanguage":"pt-BR"},{"@type":"Organization","@id":"https:\/\/regiaonews.net.br\/2022\/#organization","name":"Regi\u00e3o News","url":"https:\/\/regiaonews.net.br\/2022\/","logo":{"@type":"ImageObject","inLanguage":"pt-BR","@id":"https:\/\/regiaonews.net.br\/2022\/#\/schema\/logo\/image\/","url":"https:\/\/regiaonews.net.br\/2022\/wp-content\/uploads\/2026\/03\/regiao-13-anos-scaled.jpg","contentUrl":"https:\/\/regiaonews.net.br\/2022\/wp-content\/uploads\/2026\/03\/regiao-13-anos-scaled.jpg","width":2560,"height":635,"caption":"Regi\u00e3o News"},"image":{"@id":"https:\/\/regiaonews.net.br\/2022\/#\/schema\/logo\/image\/"}},{"@type":"Person","@id":"https:\/\/regiaonews.net.br\/2022\/#\/schema\/person\/2d205a608a5aa97ac279d7a5e6d89ad8","name":"Roberto","image":{"@type":"ImageObject","inLanguage":"pt-BR","@id":"https:\/\/secure.gravatar.com\/avatar\/42749d8b712ff9d59ca93dc150494e5b55a44134482993f5baeb97e61b7ecc89?s=96&d=mm&r=g","url":"https:\/\/secure.gravatar.com\/avatar\/42749d8b712ff9d59ca93dc150494e5b55a44134482993f5baeb97e61b7ecc89?s=96&d=mm&r=g","contentUrl":"https:\/\/secure.gravatar.com\/avatar\/42749d8b712ff9d59ca93dc150494e5b55a44134482993f5baeb97e61b7ecc89?s=96&d=mm&r=g","caption":"Roberto"},"url":"https:\/\/regiaonews.net.br\/2022\/author\/roberto\/"}]}},"publishpress_future_action":{"enabled":false,"date":"2026-05-02 04:04:34","action":"change-status","newStatus":"draft","terms":[],"taxonomy":"category","extraData":[]},"publishpress_future_workflow_manual_trigger":{"enabledWorkflows":[]},"_links":{"self":[{"href":"https:\/\/regiaonews.net.br\/2022\/wp-json\/wp\/v2\/posts\/87133","targetHints":{"allow":["GET"]}}],"collection":[{"href":"https:\/\/regiaonews.net.br\/2022\/wp-json\/wp\/v2\/posts"}],"about":[{"href":"https:\/\/regiaonews.net.br\/2022\/wp-json\/wp\/v2\/types\/post"}],"author":[{"embeddable":true,"href":"https:\/\/regiaonews.net.br\/2022\/wp-json\/wp\/v2\/users\/2"}],"replies":[{"embeddable":true,"href":"https:\/\/regiaonews.net.br\/2022\/wp-json\/wp\/v2\/comments?post=87133"}],"version-history":[{"count":3,"href":"https:\/\/regiaonews.net.br\/2022\/wp-json\/wp\/v2\/posts\/87133\/revisions"}],"predecessor-version":[{"id":87139,"href":"https:\/\/regiaonews.net.br\/2022\/wp-json\/wp\/v2\/posts\/87133\/revisions\/87139"}],"wp:featuredmedia":[{"embeddable":true,"href":"https:\/\/regiaonews.net.br\/2022\/wp-json\/wp\/v2\/media\/87134"}],"wp:attachment":[{"href":"https:\/\/regiaonews.net.br\/2022\/wp-json\/wp\/v2\/media?parent=87133"}],"wp:term":[{"taxonomy":"category","embeddable":true,"href":"https:\/\/regiaonews.net.br\/2022\/wp-json\/wp\/v2\/categories?post=87133"},{"taxonomy":"post_tag","embeddable":true,"href":"https:\/\/regiaonews.net.br\/2022\/wp-json\/wp\/v2\/tags?post=87133"}],"curies":[{"name":"wp","href":"https:\/\/api.w.org\/{rel}","templated":true}]}}