{"id":87126,"date":"2023-04-26T12:04:50","date_gmt":"2023-04-26T15:04:50","guid":{"rendered":"https:\/\/regiaonews.net.br\/2022\/?p=87126"},"modified":"2023-04-26T21:02:53","modified_gmt":"2023-04-27T00:02:53","slug":"advocacia-paulista-participa-tem-conferencia-agendada-para-sao-carlos","status":"publish","type":"post","link":"https:\/\/regiaonews.net.br\/2022\/2023\/04\/26\/advocacia-paulista-participa-tem-conferencia-agendada-para-sao-carlos\/","title":{"rendered":"Advocacia Paulista participa tem Confer\u00eancia agendada para S\u00e3o Carlos"},"content":{"rendered":"<h3 align=\"center\"><strong>4\u00aa Confer\u00eancia Regional da Advocacia de 2023 contar\u00e1 com a participa\u00e7\u00e3o de 22 subse\u00e7\u00f5es e 11 subsedes da OAB SP.<\/strong><\/h3>\n<p>A Ordem dos Advogados do Brasil se\u00e7\u00e3o S\u00e3o Paulo (OAB SP) promove, na pr\u00f3xima sexta-feira (28), em S\u00e3o Carlos, a quarta Confer\u00eancia Regional da Advocacia de 2023 (CRADV23). O evento ser\u00e1 realizado no Hotel The Hill Executive,\u00a0com a participa\u00e7\u00e3o de 22 subse\u00e7\u00f5es:\u00a0Am\u00e9rico Brasiliense, Araraquara, Bebedouro, Barretos, Catanduva, Descalvado, Gua\u00edra, Guariba, Ibitinga, It\u00e1polis, Jaboticabal, Mat\u00e3o, Monte Alto, Monte Azul Paulista, Novo Horizonte, Ol\u00edmpia, Pitangueiras, Ribeir\u00e3o Bonito, Santa Ad\u00e9lia, S\u00e3o Carlos, Taquaritinga e Urup\u00eas.<\/p>\n<p>Tamb\u00e9m participam as subsedes das OAB SP em Boa Esperan\u00e7a do Sul, Borborema, Colina, Dourado, Iacanga, Ibat\u00e9, Irapu\u00e3, Itajobi, Sales, Tabapu\u00e3 e Viradouro. Somente essas regi\u00f5es re\u00fanem mais de 11 mil profissionais inscritos na Secional.<\/p>\n<p>Em um novo formato, promovido pelo Universo OAB SP \u2013 composto pela Ordem paulista, suas subse\u00e7\u00f5es, Caixa de Assist\u00eancia dos Advogados de S\u00e3o Paulo (CAASP), Escola Superior da Advocacia (ESA) e OABPrev-SP \u2013, o encontro ter\u00e1 discuss\u00f5es voltadas para temas relacionados \u00e0 transforma\u00e7\u00e3o do mercado jur\u00eddico e das rela\u00e7\u00f5es sociais, em especial, com o advento da ado\u00e7\u00e3o de novas tecnologias, fomentando outras formas de trabalho.<\/p>\n<p>Ao todo, ser\u00e3o\u00a014 encontros por todo o Estado, mais de 220 palestrantes e sete \u201ctrilhas de aprendizagem\u201d para diversos p\u00fablicos do universo jur\u00eddico: advogados e advogadas, jovem advocacia, estudantes de Direito, al\u00e9m de diretores e colaboradores da Ordem paulista.<\/p>\n<p>\u201cPlanejamos\u00a0as Confer\u00eancias Regionais da Advocacia em um modelo que acompanha\u00a0as mudan\u00e7as do mundo, que ocorrem em n\u00edvel exponencial, ao permitir acesso a grandes nomes da advocacia, divulgando temas que impactam diretamente a classe, al\u00e9m de promover uma rede de relacionamento, fundamental para alavancar o sucesso profissional. Nesse sentido, os eventos s\u00e3o excelentes oportunidades de acelerar o conhecimento\u201d, explica a presidente da OAB SP, Patricia Vanzolini.<\/p>\n<p><b>\u2018Trilhas de aprendizagem<\/b><b>\u2019<\/b><\/p>\n<p><a name=\"m_-8242359623591135696_x_m_-8088864869881835633__heading=h.30j0zll\"><\/a>As Confer\u00eancias Regionais da Advocacia proporcionam diversas atividades, dentro do conceito de \u201ctrilhas de aprendizagem\u201d, em que o participante pode, dependendo de seu perfil, acessar os conte\u00fados mais alinhados com seus objetivos.<\/p>\n<p>\u201cS\u00e3o verdadeiras imers\u00f5es de aprendizado, inclusive com alguns temas transversais, de suma relev\u00e2ncia. Esse \u00e9 um formato em linha com o universo de suporte e infraestrutura oferecido pela nossa Secional. A entidade est\u00e1 em constante moderniza\u00e7\u00e3o,\u00a0reorganizando suas atividades, oferecendo mais solu\u00e7\u00f5es e benef\u00edcios em \u2018mundos de servi\u00e7os\u2019. Todas essas mudan\u00e7as est\u00e3o sendo pensadas com foco na agenda da advocacia paulista e nas necessidades da categoria\u201d, destaca a diretora\u00a0secret\u00e1ria-geral da OAB SP, Daniela Magalh\u00e3es.<\/p>\n<p>Para a edi\u00e7\u00e3o de S\u00e3o Carlos, j\u00e1 est\u00e3o confirmados profissionais renomados, como o professor e advogado especialista em Direito do Trabalho, Otavio Pinto e Silva, no painel \u201cCLT, 80 anos: uma jovem senhora e sua import\u00e2ncia no Brasil de hoje\u201d; o professor e advogado especialista em Direito Tribut\u00e1rio, Caio Bartine, com dicas de como passar no Exame de Ordem; o presidente da Comiss\u00e3o de Privacidade, Prote\u00e7\u00e3o de Dados e Intelig\u00eancia Artificial da OAB SP, Solano de Camargo, que debater\u00e1 \u201cNovas tecnologias e o futuro da advocacia\u201d; o presidente da Comiss\u00e3o de Igualdade Racial da Ordem paulista, Irapu\u00e3 Santana, na trilha \u201cJulgamento: perspectiva de g\u00eanero e ra\u00e7a\u201d; al\u00e9m das exposi\u00e7\u00f5es de diretores da Secional, da CAASP, da ESA e da OABPrev-SP.<\/p>\n<p><a name=\"m_-8242359623591135696_x_m_-8088864869881835633__heading=h.1fob9te\"><\/a>As\u00a0Confer\u00eancias Regionais de 2023\u00a0s\u00e3o gratuitas e abertas \u00e0 comunidade: estudantes de Direito, jovem advocacia, advocacia aut\u00f4noma, sociedades de advocacia e pessoas interessadas em assuntos do \u00e2mbito jur\u00eddico.<\/p>\n<p><b>Servi\u00e7o<\/b><\/p>\n<p>4\u00aa CRADV23<\/p>\n<p>Data: 28 de abril<\/p>\n<p>Hor\u00e1rio: 8h \u00e0s 18h30<\/p>\n<p>Onde: Hotel The Hill Executive &#8211; Rua Kenneth Gilbert Herrick, 101, J\u00f3quei Clube, S\u00e3o Carlos (SP)<\/p>\n<p>Inscri\u00e7\u00f5es:\u00a0<a href=\"http:\/\/sympla.com.br\/evento\/conferencia-regional-da-advocacia-sao-carlos\/1958207\" target=\"_blank\" rel=\"noopener\" data-saferedirecturl=\"https:\/\/www.google.com\/url?q=http:\/\/sympla.com.br\/evento\/conferencia-regional-da-advocacia-sao-carlos\/1958207&amp;source=gmail&amp;ust=1682607809246000&amp;usg=AOvVaw1gtfC8D5ZiHO4IMW7qPwrn\">sympla.com.br\/evento\/<wbr \/>conferencia-regional-da-<wbr \/>advocacia-sao-carlos\/1958207<\/a><\/p>\n","protected":false},"excerpt":{"rendered":"<p>4\u00aa Confer\u00eancia Regional da Advocacia de 2023 contar\u00e1 com a<\/p>\n","protected":false},"author":2,"featured_media":87127,"comment_status":"open","ping_status":"open","sticky":false,"template":"","format":"standard","meta":{"footnotes":""},"categories":[14,111,3],"tags":[],"class_list":["post-87126","post","type-post","status-publish","format-standard","has-post-thumbnail","hentry","category-barretos","category-cotidiano","category-geral"],"yoast_head":"<!-- This site is optimized with the Yoast SEO plugin v27.4 - https:\/\/yoast.com\/product\/yoast-seo-wordpress\/ -->\n<title>Advocacia Paulista participa tem Confer\u00eancia agendada para S\u00e3o Carlos - Regi\u00e3o News<\/title>\n<meta name=\"robots\" content=\"index, follow, max-snippet:-1, max-image-preview:large, max-video-preview:-1\" \/>\n<link rel=\"canonical\" href=\"https:\/\/regiaonews.net.br\/2022\/2023\/04\/26\/advocacia-paulista-participa-tem-conferencia-agendada-para-sao-carlos\/\" \/>\n<meta property=\"og:locale\" content=\"pt_BR\" \/>\n<meta property=\"og:type\" content=\"article\" \/>\n<meta property=\"og:title\" content=\"Advocacia Paulista participa tem Confer\u00eancia agendada para S\u00e3o Carlos - Regi\u00e3o News\" \/>\n<meta property=\"og:description\" content=\"4\u00aa Confer\u00eancia Regional da Advocacia de 2023 contar\u00e1 com a\" \/>\n<meta property=\"og:url\" content=\"https:\/\/regiaonews.net.br\/2022\/2023\/04\/26\/advocacia-paulista-participa-tem-conferencia-agendada-para-sao-carlos\/\" \/>\n<meta property=\"og:site_name\" content=\"Regi\u00e3o News\" \/>\n<meta property=\"article:published_time\" content=\"2023-04-26T15:04:50+00:00\" \/>\n<meta property=\"article:modified_time\" content=\"2023-04-27T00:02:53+00:00\" \/>\n<meta property=\"og:image\" content=\"https:\/\/regiaonews.net.br\/2022\/wp-content\/uploads\/2023\/04\/Pos-evento_3a-Conferencia-Regional-da-Advocacia-de-2023_Divulgacao-OAB-SP.jpg\" \/>\n\t<meta property=\"og:image:width\" content=\"1620\" \/>\n\t<meta property=\"og:image:height\" content=\"970\" \/>\n\t<meta property=\"og:image:type\" content=\"image\/jpeg\" \/>\n<meta name=\"author\" content=\"Roberto\" \/>\n<meta name=\"twitter:card\" content=\"summary_large_image\" \/>\n<meta name=\"twitter:label1\" content=\"Escrito por\" \/>\n\t<meta name=\"twitter:data1\" content=\"Roberto\" \/>\n\t<meta name=\"twitter:label2\" content=\"Est. tempo de leitura\" \/>\n\t<meta name=\"twitter:data2\" content=\"4 minutos\" \/>\n<script type=\"application\/ld+json\" class=\"yoast-schema-graph\">{\"@context\":\"https:\\\/\\\/schema.org\",\"@graph\":[{\"@type\":\"Article\",\"@id\":\"https:\\\/\\\/regiaonews.net.br\\\/2022\\\/2023\\\/04\\\/26\\\/advocacia-paulista-participa-tem-conferencia-agendada-para-sao-carlos\\\/#article\",\"isPartOf\":{\"@id\":\"https:\\\/\\\/regiaonews.net.br\\\/2022\\\/2023\\\/04\\\/26\\\/advocacia-paulista-participa-tem-conferencia-agendada-para-sao-carlos\\\/\"},\"author\":{\"name\":\"Roberto\",\"@id\":\"https:\\\/\\\/regiaonews.net.br\\\/2022\\\/#\\\/schema\\\/person\\\/2d205a608a5aa97ac279d7a5e6d89ad8\"},\"headline\":\"Advocacia Paulista participa tem Confer\u00eancia agendada para S\u00e3o Carlos\",\"datePublished\":\"2023-04-26T15:04:50+00:00\",\"dateModified\":\"2023-04-27T00:02:53+00:00\",\"mainEntityOfPage\":{\"@id\":\"https:\\\/\\\/regiaonews.net.br\\\/2022\\\/2023\\\/04\\\/26\\\/advocacia-paulista-participa-tem-conferencia-agendada-para-sao-carlos\\\/\"},\"wordCount\":659,\"commentCount\":0,\"publisher\":{\"@id\":\"https:\\\/\\\/regiaonews.net.br\\\/2022\\\/#organization\"},\"image\":{\"@id\":\"https:\\\/\\\/regiaonews.net.br\\\/2022\\\/2023\\\/04\\\/26\\\/advocacia-paulista-participa-tem-conferencia-agendada-para-sao-carlos\\\/#primaryimage\"},\"thumbnailUrl\":\"https:\\\/\\\/regiaonews.net.br\\\/2022\\\/wp-content\\\/uploads\\\/2023\\\/04\\\/Pos-evento_3a-Conferencia-Regional-da-Advocacia-de-2023_Divulgacao-OAB-SP.jpg\",\"articleSection\":[\"Barretos\",\"Cotidiano\",\"Geral\"],\"inLanguage\":\"pt-BR\",\"potentialAction\":[{\"@type\":\"CommentAction\",\"name\":\"Comment\",\"target\":[\"https:\\\/\\\/regiaonews.net.br\\\/2022\\\/2023\\\/04\\\/26\\\/advocacia-paulista-participa-tem-conferencia-agendada-para-sao-carlos\\\/#respond\"]}]},{\"@type\":\"WebPage\",\"@id\":\"https:\\\/\\\/regiaonews.net.br\\\/2022\\\/2023\\\/04\\\/26\\\/advocacia-paulista-participa-tem-conferencia-agendada-para-sao-carlos\\\/\",\"url\":\"https:\\\/\\\/regiaonews.net.br\\\/2022\\\/2023\\\/04\\\/26\\\/advocacia-paulista-participa-tem-conferencia-agendada-para-sao-carlos\\\/\",\"name\":\"Advocacia Paulista participa tem Confer\u00eancia agendada para S\u00e3o Carlos - Regi\u00e3o News\",\"isPartOf\":{\"@id\":\"https:\\\/\\\/regiaonews.net.br\\\/2022\\\/#website\"},\"primaryImageOfPage\":{\"@id\":\"https:\\\/\\\/regiaonews.net.br\\\/2022\\\/2023\\\/04\\\/26\\\/advocacia-paulista-participa-tem-conferencia-agendada-para-sao-carlos\\\/#primaryimage\"},\"image\":{\"@id\":\"https:\\\/\\\/regiaonews.net.br\\\/2022\\\/2023\\\/04\\\/26\\\/advocacia-paulista-participa-tem-conferencia-agendada-para-sao-carlos\\\/#primaryimage\"},\"thumbnailUrl\":\"https:\\\/\\\/regiaonews.net.br\\\/2022\\\/wp-content\\\/uploads\\\/2023\\\/04\\\/Pos-evento_3a-Conferencia-Regional-da-Advocacia-de-2023_Divulgacao-OAB-SP.jpg\",\"datePublished\":\"2023-04-26T15:04:50+00:00\",\"dateModified\":\"2023-04-27T00:02:53+00:00\",\"breadcrumb\":{\"@id\":\"https:\\\/\\\/regiaonews.net.br\\\/2022\\\/2023\\\/04\\\/26\\\/advocacia-paulista-participa-tem-conferencia-agendada-para-sao-carlos\\\/#breadcrumb\"},\"inLanguage\":\"pt-BR\",\"potentialAction\":[{\"@type\":\"ReadAction\",\"target\":[\"https:\\\/\\\/regiaonews.net.br\\\/2022\\\/2023\\\/04\\\/26\\\/advocacia-paulista-participa-tem-conferencia-agendada-para-sao-carlos\\\/\"]}]},{\"@type\":\"ImageObject\",\"inLanguage\":\"pt-BR\",\"@id\":\"https:\\\/\\\/regiaonews.net.br\\\/2022\\\/2023\\\/04\\\/26\\\/advocacia-paulista-participa-tem-conferencia-agendada-para-sao-carlos\\\/#primaryimage\",\"url\":\"https:\\\/\\\/regiaonews.net.br\\\/2022\\\/wp-content\\\/uploads\\\/2023\\\/04\\\/Pos-evento_3a-Conferencia-Regional-da-Advocacia-de-2023_Divulgacao-OAB-SP.jpg\",\"contentUrl\":\"https:\\\/\\\/regiaonews.net.br\\\/2022\\\/wp-content\\\/uploads\\\/2023\\\/04\\\/Pos-evento_3a-Conferencia-Regional-da-Advocacia-de-2023_Divulgacao-OAB-SP.jpg\",\"width\":1620,\"height\":970},{\"@type\":\"BreadcrumbList\",\"@id\":\"https:\\\/\\\/regiaonews.net.br\\\/2022\\\/2023\\\/04\\\/26\\\/advocacia-paulista-participa-tem-conferencia-agendada-para-sao-carlos\\\/#breadcrumb\",\"itemListElement\":[{\"@type\":\"ListItem\",\"position\":1,\"name\":\"In\u00edcio\",\"item\":\"https:\\\/\\\/regiaonews.net.br\\\/2022\\\/\"},{\"@type\":\"ListItem\",\"position\":2,\"name\":\"Advocacia Paulista participa tem Confer\u00eancia agendada para S\u00e3o Carlos\"}]},{\"@type\":\"WebSite\",\"@id\":\"https:\\\/\\\/regiaonews.net.br\\\/2022\\\/#website\",\"url\":\"https:\\\/\\\/regiaonews.net.br\\\/2022\\\/\",\"name\":\"Regi\u00e3o News\",\"description\":\"Site de Not\u00edcias de Barretos e regi\u00e3o\",\"publisher\":{\"@id\":\"https:\\\/\\\/regiaonews.net.br\\\/2022\\\/#organization\"},\"potentialAction\":[{\"@type\":\"SearchAction\",\"target\":{\"@type\":\"EntryPoint\",\"urlTemplate\":\"https:\\\/\\\/regiaonews.net.br\\\/2022\\\/?s={search_term_string}\"},\"query-input\":{\"@type\":\"PropertyValueSpecification\",\"valueRequired\":true,\"valueName\":\"search_term_string\"}}],\"inLanguage\":\"pt-BR\"},{\"@type\":\"Organization\",\"@id\":\"https:\\\/\\\/regiaonews.net.br\\\/2022\\\/#organization\",\"name\":\"Regi\u00e3o News\",\"url\":\"https:\\\/\\\/regiaonews.net.br\\\/2022\\\/\",\"logo\":{\"@type\":\"ImageObject\",\"inLanguage\":\"pt-BR\",\"@id\":\"https:\\\/\\\/regiaonews.net.br\\\/2022\\\/#\\\/schema\\\/logo\\\/image\\\/\",\"url\":\"https:\\\/\\\/regiaonews.net.br\\\/2022\\\/wp-content\\\/uploads\\\/2026\\\/03\\\/regiao-13-anos-scaled.jpg\",\"contentUrl\":\"https:\\\/\\\/regiaonews.net.br\\\/2022\\\/wp-content\\\/uploads\\\/2026\\\/03\\\/regiao-13-anos-scaled.jpg\",\"width\":2560,\"height\":635,\"caption\":\"Regi\u00e3o News\"},\"image\":{\"@id\":\"https:\\\/\\\/regiaonews.net.br\\\/2022\\\/#\\\/schema\\\/logo\\\/image\\\/\"}},{\"@type\":\"Person\",\"@id\":\"https:\\\/\\\/regiaonews.net.br\\\/2022\\\/#\\\/schema\\\/person\\\/2d205a608a5aa97ac279d7a5e6d89ad8\",\"name\":\"Roberto\",\"image\":{\"@type\":\"ImageObject\",\"inLanguage\":\"pt-BR\",\"@id\":\"https:\\\/\\\/secure.gravatar.com\\\/avatar\\\/42749d8b712ff9d59ca93dc150494e5b55a44134482993f5baeb97e61b7ecc89?s=96&d=mm&r=g\",\"url\":\"https:\\\/\\\/secure.gravatar.com\\\/avatar\\\/42749d8b712ff9d59ca93dc150494e5b55a44134482993f5baeb97e61b7ecc89?s=96&d=mm&r=g\",\"contentUrl\":\"https:\\\/\\\/secure.gravatar.com\\\/avatar\\\/42749d8b712ff9d59ca93dc150494e5b55a44134482993f5baeb97e61b7ecc89?s=96&d=mm&r=g\",\"caption\":\"Roberto\"},\"url\":\"https:\\\/\\\/regiaonews.net.br\\\/2022\\\/author\\\/roberto\\\/\"}]}<\/script>\n<!-- \/ Yoast SEO plugin. -->","yoast_head_json":{"title":"Advocacia Paulista participa tem Confer\u00eancia agendada para S\u00e3o Carlos - Regi\u00e3o News","robots":{"index":"index","follow":"follow","max-snippet":"max-snippet:-1","max-image-preview":"max-image-preview:large","max-video-preview":"max-video-preview:-1"},"canonical":"https:\/\/regiaonews.net.br\/2022\/2023\/04\/26\/advocacia-paulista-participa-tem-conferencia-agendada-para-sao-carlos\/","og_locale":"pt_BR","og_type":"article","og_title":"Advocacia Paulista participa tem Confer\u00eancia agendada para S\u00e3o Carlos - Regi\u00e3o News","og_description":"4\u00aa Confer\u00eancia Regional da Advocacia de 2023 contar\u00e1 com a","og_url":"https:\/\/regiaonews.net.br\/2022\/2023\/04\/26\/advocacia-paulista-participa-tem-conferencia-agendada-para-sao-carlos\/","og_site_name":"Regi\u00e3o News","article_published_time":"2023-04-26T15:04:50+00:00","article_modified_time":"2023-04-27T00:02:53+00:00","og_image":[{"width":1620,"height":970,"url":"https:\/\/regiaonews.net.br\/2022\/wp-content\/uploads\/2023\/04\/Pos-evento_3a-Conferencia-Regional-da-Advocacia-de-2023_Divulgacao-OAB-SP.jpg","type":"image\/jpeg"}],"author":"Roberto","twitter_card":"summary_large_image","twitter_misc":{"Escrito por":"Roberto","Est. tempo de leitura":"4 minutos"},"schema":{"@context":"https:\/\/schema.org","@graph":[{"@type":"Article","@id":"https:\/\/regiaonews.net.br\/2022\/2023\/04\/26\/advocacia-paulista-participa-tem-conferencia-agendada-para-sao-carlos\/#article","isPartOf":{"@id":"https:\/\/regiaonews.net.br\/2022\/2023\/04\/26\/advocacia-paulista-participa-tem-conferencia-agendada-para-sao-carlos\/"},"author":{"name":"Roberto","@id":"https:\/\/regiaonews.net.br\/2022\/#\/schema\/person\/2d205a608a5aa97ac279d7a5e6d89ad8"},"headline":"Advocacia Paulista participa tem Confer\u00eancia agendada para S\u00e3o Carlos","datePublished":"2023-04-26T15:04:50+00:00","dateModified":"2023-04-27T00:02:53+00:00","mainEntityOfPage":{"@id":"https:\/\/regiaonews.net.br\/2022\/2023\/04\/26\/advocacia-paulista-participa-tem-conferencia-agendada-para-sao-carlos\/"},"wordCount":659,"commentCount":0,"publisher":{"@id":"https:\/\/regiaonews.net.br\/2022\/#organization"},"image":{"@id":"https:\/\/regiaonews.net.br\/2022\/2023\/04\/26\/advocacia-paulista-participa-tem-conferencia-agendada-para-sao-carlos\/#primaryimage"},"thumbnailUrl":"https:\/\/regiaonews.net.br\/2022\/wp-content\/uploads\/2023\/04\/Pos-evento_3a-Conferencia-Regional-da-Advocacia-de-2023_Divulgacao-OAB-SP.jpg","articleSection":["Barretos","Cotidiano","Geral"],"inLanguage":"pt-BR","potentialAction":[{"@type":"CommentAction","name":"Comment","target":["https:\/\/regiaonews.net.br\/2022\/2023\/04\/26\/advocacia-paulista-participa-tem-conferencia-agendada-para-sao-carlos\/#respond"]}]},{"@type":"WebPage","@id":"https:\/\/regiaonews.net.br\/2022\/2023\/04\/26\/advocacia-paulista-participa-tem-conferencia-agendada-para-sao-carlos\/","url":"https:\/\/regiaonews.net.br\/2022\/2023\/04\/26\/advocacia-paulista-participa-tem-conferencia-agendada-para-sao-carlos\/","name":"Advocacia Paulista participa tem Confer\u00eancia agendada para S\u00e3o Carlos - Regi\u00e3o News","isPartOf":{"@id":"https:\/\/regiaonews.net.br\/2022\/#website"},"primaryImageOfPage":{"@id":"https:\/\/regiaonews.net.br\/2022\/2023\/04\/26\/advocacia-paulista-participa-tem-conferencia-agendada-para-sao-carlos\/#primaryimage"},"image":{"@id":"https:\/\/regiaonews.net.br\/2022\/2023\/04\/26\/advocacia-paulista-participa-tem-conferencia-agendada-para-sao-carlos\/#primaryimage"},"thumbnailUrl":"https:\/\/regiaonews.net.br\/2022\/wp-content\/uploads\/2023\/04\/Pos-evento_3a-Conferencia-Regional-da-Advocacia-de-2023_Divulgacao-OAB-SP.jpg","datePublished":"2023-04-26T15:04:50+00:00","dateModified":"2023-04-27T00:02:53+00:00","breadcrumb":{"@id":"https:\/\/regiaonews.net.br\/2022\/2023\/04\/26\/advocacia-paulista-participa-tem-conferencia-agendada-para-sao-carlos\/#breadcrumb"},"inLanguage":"pt-BR","potentialAction":[{"@type":"ReadAction","target":["https:\/\/regiaonews.net.br\/2022\/2023\/04\/26\/advocacia-paulista-participa-tem-conferencia-agendada-para-sao-carlos\/"]}]},{"@type":"ImageObject","inLanguage":"pt-BR","@id":"https:\/\/regiaonews.net.br\/2022\/2023\/04\/26\/advocacia-paulista-participa-tem-conferencia-agendada-para-sao-carlos\/#primaryimage","url":"https:\/\/regiaonews.net.br\/2022\/wp-content\/uploads\/2023\/04\/Pos-evento_3a-Conferencia-Regional-da-Advocacia-de-2023_Divulgacao-OAB-SP.jpg","contentUrl":"https:\/\/regiaonews.net.br\/2022\/wp-content\/uploads\/2023\/04\/Pos-evento_3a-Conferencia-Regional-da-Advocacia-de-2023_Divulgacao-OAB-SP.jpg","width":1620,"height":970},{"@type":"BreadcrumbList","@id":"https:\/\/regiaonews.net.br\/2022\/2023\/04\/26\/advocacia-paulista-participa-tem-conferencia-agendada-para-sao-carlos\/#breadcrumb","itemListElement":[{"@type":"ListItem","position":1,"name":"In\u00edcio","item":"https:\/\/regiaonews.net.br\/2022\/"},{"@type":"ListItem","position":2,"name":"Advocacia Paulista participa tem Confer\u00eancia agendada para S\u00e3o Carlos"}]},{"@type":"WebSite","@id":"https:\/\/regiaonews.net.br\/2022\/#website","url":"https:\/\/regiaonews.net.br\/2022\/","name":"Regi\u00e3o News","description":"Site de Not\u00edcias de Barretos e regi\u00e3o","publisher":{"@id":"https:\/\/regiaonews.net.br\/2022\/#organization"},"potentialAction":[{"@type":"SearchAction","target":{"@type":"EntryPoint","urlTemplate":"https:\/\/regiaonews.net.br\/2022\/?s={search_term_string}"},"query-input":{"@type":"PropertyValueSpecification","valueRequired":true,"valueName":"search_term_string"}}],"inLanguage":"pt-BR"},{"@type":"Organization","@id":"https:\/\/regiaonews.net.br\/2022\/#organization","name":"Regi\u00e3o News","url":"https:\/\/regiaonews.net.br\/2022\/","logo":{"@type":"ImageObject","inLanguage":"pt-BR","@id":"https:\/\/regiaonews.net.br\/2022\/#\/schema\/logo\/image\/","url":"https:\/\/regiaonews.net.br\/2022\/wp-content\/uploads\/2026\/03\/regiao-13-anos-scaled.jpg","contentUrl":"https:\/\/regiaonews.net.br\/2022\/wp-content\/uploads\/2026\/03\/regiao-13-anos-scaled.jpg","width":2560,"height":635,"caption":"Regi\u00e3o News"},"image":{"@id":"https:\/\/regiaonews.net.br\/2022\/#\/schema\/logo\/image\/"}},{"@type":"Person","@id":"https:\/\/regiaonews.net.br\/2022\/#\/schema\/person\/2d205a608a5aa97ac279d7a5e6d89ad8","name":"Roberto","image":{"@type":"ImageObject","inLanguage":"pt-BR","@id":"https:\/\/secure.gravatar.com\/avatar\/42749d8b712ff9d59ca93dc150494e5b55a44134482993f5baeb97e61b7ecc89?s=96&d=mm&r=g","url":"https:\/\/secure.gravatar.com\/avatar\/42749d8b712ff9d59ca93dc150494e5b55a44134482993f5baeb97e61b7ecc89?s=96&d=mm&r=g","contentUrl":"https:\/\/secure.gravatar.com\/avatar\/42749d8b712ff9d59ca93dc150494e5b55a44134482993f5baeb97e61b7ecc89?s=96&d=mm&r=g","caption":"Roberto"},"url":"https:\/\/regiaonews.net.br\/2022\/author\/roberto\/"}]}},"publishpress_future_action":{"enabled":false,"date":"2026-05-02 02:34:45","action":"change-status","newStatus":"draft","terms":[],"taxonomy":"category","extraData":[]},"publishpress_future_workflow_manual_trigger":{"enabledWorkflows":[]},"_links":{"self":[{"href":"https:\/\/regiaonews.net.br\/2022\/wp-json\/wp\/v2\/posts\/87126","targetHints":{"allow":["GET"]}}],"collection":[{"href":"https:\/\/regiaonews.net.br\/2022\/wp-json\/wp\/v2\/posts"}],"about":[{"href":"https:\/\/regiaonews.net.br\/2022\/wp-json\/wp\/v2\/types\/post"}],"author":[{"embeddable":true,"href":"https:\/\/regiaonews.net.br\/2022\/wp-json\/wp\/v2\/users\/2"}],"replies":[{"embeddable":true,"href":"https:\/\/regiaonews.net.br\/2022\/wp-json\/wp\/v2\/comments?post=87126"}],"version-history":[{"count":1,"href":"https:\/\/regiaonews.net.br\/2022\/wp-json\/wp\/v2\/posts\/87126\/revisions"}],"predecessor-version":[{"id":87128,"href":"https:\/\/regiaonews.net.br\/2022\/wp-json\/wp\/v2\/posts\/87126\/revisions\/87128"}],"wp:featuredmedia":[{"embeddable":true,"href":"https:\/\/regiaonews.net.br\/2022\/wp-json\/wp\/v2\/media\/87127"}],"wp:attachment":[{"href":"https:\/\/regiaonews.net.br\/2022\/wp-json\/wp\/v2\/media?parent=87126"}],"wp:term":[{"taxonomy":"category","embeddable":true,"href":"https:\/\/regiaonews.net.br\/2022\/wp-json\/wp\/v2\/categories?post=87126"},{"taxonomy":"post_tag","embeddable":true,"href":"https:\/\/regiaonews.net.br\/2022\/wp-json\/wp\/v2\/tags?post=87126"}],"curies":[{"name":"wp","href":"https:\/\/api.w.org\/{rel}","templated":true}]}}