{"id":87103,"date":"2023-04-25T20:52:30","date_gmt":"2023-04-25T23:52:30","guid":{"rendered":"https:\/\/regiaonews.net.br\/2022\/?p=87103"},"modified":"2023-04-26T21:04:51","modified_gmt":"2023-04-27T00:04:51","slug":"projeto-beleza-itinerante-inicia-atendimentos-na-cidade","status":"publish","type":"post","link":"https:\/\/regiaonews.net.br\/2022\/2023\/04\/25\/projeto-beleza-itinerante-inicia-atendimentos-na-cidade\/","title":{"rendered":"Projeto Beleza itinerante inicia atendimentos na cidade"},"content":{"rendered":"<p>&nbsp;<\/p>\n<p>A a\u00e7\u00e3o realizada pela prefeitura faz parte das atividades do anivers\u00e1rio de 139 anos de Bebedouro<\/p>\n<p><a href=\"https:\/\/regiaonews.net.br\/2022\/wp-content\/uploads\/2023\/04\/WhatsApp-Image-2023-04-25-at-19.11.07.jpeg\"><img loading=\"lazy\" decoding=\"async\" class=\"alignnone size-medium wp-image-87105\" src=\"https:\/\/regiaonews.net.br\/2022\/wp-content\/uploads\/2023\/04\/WhatsApp-Image-2023-04-25-at-19.11.07-300x225.jpeg\" alt=\"\" width=\"300\" height=\"225\" srcset=\"https:\/\/regiaonews.net.br\/2022\/wp-content\/uploads\/2023\/04\/WhatsApp-Image-2023-04-25-at-19.11.07-300x225.jpeg 300w, https:\/\/regiaonews.net.br\/2022\/wp-content\/uploads\/2023\/04\/WhatsApp-Image-2023-04-25-at-19.11.07-1024x768.jpeg 1024w, https:\/\/regiaonews.net.br\/2022\/wp-content\/uploads\/2023\/04\/WhatsApp-Image-2023-04-25-at-19.11.07-768x576.jpeg 768w, https:\/\/regiaonews.net.br\/2022\/wp-content\/uploads\/2023\/04\/WhatsApp-Image-2023-04-25-at-19.11.07-1536x1152.jpeg 1536w, https:\/\/regiaonews.net.br\/2022\/wp-content\/uploads\/2023\/04\/WhatsApp-Image-2023-04-25-at-19.11.07-250x188.jpeg 250w, https:\/\/regiaonews.net.br\/2022\/wp-content\/uploads\/2023\/04\/WhatsApp-Image-2023-04-25-at-19.11.07-200x150.jpeg 200w, https:\/\/regiaonews.net.br\/2022\/wp-content\/uploads\/2023\/04\/WhatsApp-Image-2023-04-25-at-19.11.07.jpeg 1600w\" sizes=\"auto, (max-width: 300px) 100vw, 300px\" \/><\/a> <a href=\"https:\/\/regiaonews.net.br\/2022\/wp-content\/uploads\/2023\/04\/WhatsApp-Image-2023-04-25-at-19.59.14.jpeg\"><img loading=\"lazy\" decoding=\"async\" class=\"alignnone size-medium wp-image-87106\" src=\"https:\/\/regiaonews.net.br\/2022\/wp-content\/uploads\/2023\/04\/WhatsApp-Image-2023-04-25-at-19.59.14-300x200.jpeg\" alt=\"\" width=\"300\" height=\"200\" srcset=\"https:\/\/regiaonews.net.br\/2022\/wp-content\/uploads\/2023\/04\/WhatsApp-Image-2023-04-25-at-19.59.14-300x200.jpeg 300w, https:\/\/regiaonews.net.br\/2022\/wp-content\/uploads\/2023\/04\/WhatsApp-Image-2023-04-25-at-19.59.14-1024x682.jpeg 1024w, https:\/\/regiaonews.net.br\/2022\/wp-content\/uploads\/2023\/04\/WhatsApp-Image-2023-04-25-at-19.59.14-768x512.jpeg 768w, https:\/\/regiaonews.net.br\/2022\/wp-content\/uploads\/2023\/04\/WhatsApp-Image-2023-04-25-at-19.59.14-1536x1023.jpeg 1536w, https:\/\/regiaonews.net.br\/2022\/wp-content\/uploads\/2023\/04\/WhatsApp-Image-2023-04-25-at-19.59.14-250x167.jpeg 250w, https:\/\/regiaonews.net.br\/2022\/wp-content\/uploads\/2023\/04\/WhatsApp-Image-2023-04-25-at-19.59.14-900x600.jpeg 900w, https:\/\/regiaonews.net.br\/2022\/wp-content\/uploads\/2023\/04\/WhatsApp-Image-2023-04-25-at-19.59.14.jpeg 1600w\" sizes=\"auto, (max-width: 300px) 100vw, 300px\" \/><\/a><\/p>\n<p>A Prefeitura de Bebedouro, por meio do Departamento de Promo\u00e7\u00e3o e Assist\u00eancia Social e Fundo Social de Solidariedade (FSS), iniciaram os atendimentos do projeto \u201cBeleza Itinerante\u201d.<\/p>\n<p>Nesta ter\u00e7a-feira (25\/04), mulheres receberam colora\u00e7\u00e3o, hidrata\u00e7\u00e3o capilar e cortaram o cabelo no Centro de Refer\u00eancia de Assist\u00eancia Social (CRAS) Sul. E na segunda-feira (24\/04), no CRAS Norte. A inciativa vai at\u00e9 a sexta-feira (28\/04).<\/p>\n<p>A Carreta da Beleza ficar\u00e1 estacionada em frente aos Centros de Refer\u00eancia de Assist\u00eancia Social (CRAS), e Centro de Refer\u00eancia de Atendimento \u00e0 Mulher (CRAM), das 9h \u00e0s 17h. E atender\u00e1 60 mulheres diariamente.<\/p>\n<p>A presidente do FSS, Cristiane Carone Seren, prestigiou o projeto que eleva a autoestima das mulheres. \u201cEste projeto \u00e9 aberto a todas as mulheres. Fico muito feliz em observar a felicidade que essas transforma\u00e7\u00f5es proporcionam, pois, os profissionais que executam os servi\u00e7os oferecem tratamento de alta qualidade. Projetos como esses devem ser estimulados, pois, beneficiam um grande n\u00famero de pessoas\u201d, comenta a presidente do FSS.<\/p>\n<p>Agenda da Carreta da Beleza em Bebedouro<\/p>\n<p>Quarta-feira &#8211; 26\/04\/2023 \u2013 CRAS LESTE<br \/>\nRua: Professor Ab\u00edlio Fran\u00e7a Valente, 261<br \/>\nJardim De Luccia<\/p>\n<p>Quinta-feira- 27\/04\/2023 \u2013 CRAS OESTE<br \/>\nAvenida Osvaldo Perrone, 489<br \/>\nJardim Progresso<\/p>\n<p>Sexta-feira &#8211; 28\/04\/2023 \u2013 CRAM<br \/>\nAvenida Am\u00e9lia Bernardina Cutrale, 2600<br \/>\nAnel Vi\u00e1rio<\/p>\n","protected":false},"excerpt":{"rendered":"<p>&nbsp; A a\u00e7\u00e3o realizada pela prefeitura faz parte das atividades<\/p>\n","protected":false},"author":2,"featured_media":87104,"comment_status":"open","ping_status":"open","sticky":false,"template":"","format":"standard","meta":{"footnotes":""},"categories":[4,25,111],"tags":[],"class_list":["post-87103","post","type-post","status-publish","format-standard","has-post-thumbnail","hentry","category-bebedouro","category-cidades","category-cotidiano"],"yoast_head":"<!-- This site is optimized with the Yoast SEO plugin v27.4 - https:\/\/yoast.com\/product\/yoast-seo-wordpress\/ -->\n<title>Projeto Beleza itinerante inicia atendimentos na cidade - Regi\u00e3o News<\/title>\n<meta name=\"robots\" content=\"index, follow, max-snippet:-1, max-image-preview:large, max-video-preview:-1\" \/>\n<link rel=\"canonical\" href=\"https:\/\/regiaonews.net.br\/2022\/2023\/04\/25\/projeto-beleza-itinerante-inicia-atendimentos-na-cidade\/\" \/>\n<meta property=\"og:locale\" content=\"pt_BR\" \/>\n<meta property=\"og:type\" content=\"article\" \/>\n<meta property=\"og:title\" content=\"Projeto Beleza itinerante inicia atendimentos na cidade - Regi\u00e3o News\" \/>\n<meta property=\"og:description\" content=\"&nbsp; A a\u00e7\u00e3o realizada pela prefeitura faz parte das atividades\" \/>\n<meta property=\"og:url\" content=\"https:\/\/regiaonews.net.br\/2022\/2023\/04\/25\/projeto-beleza-itinerante-inicia-atendimentos-na-cidade\/\" \/>\n<meta property=\"og:site_name\" content=\"Regi\u00e3o News\" \/>\n<meta property=\"article:published_time\" content=\"2023-04-25T23:52:30+00:00\" \/>\n<meta property=\"article:modified_time\" content=\"2023-04-27T00:04:51+00:00\" \/>\n<meta property=\"og:image\" content=\"https:\/\/regiaonews.net.br\/2022\/wp-content\/uploads\/2023\/04\/WhatsApp-Image-2023-04-25-at-19.11.06.jpeg\" \/>\n\t<meta property=\"og:image:width\" content=\"1600\" \/>\n\t<meta property=\"og:image:height\" content=\"1068\" \/>\n\t<meta property=\"og:image:type\" content=\"image\/jpeg\" \/>\n<meta name=\"author\" content=\"Roberto\" \/>\n<meta name=\"twitter:card\" content=\"summary_large_image\" \/>\n<meta name=\"twitter:label1\" content=\"Escrito por\" \/>\n\t<meta name=\"twitter:data1\" content=\"Roberto\" \/>\n\t<meta name=\"twitter:label2\" content=\"Est. tempo de leitura\" \/>\n\t<meta name=\"twitter:data2\" content=\"2 minutos\" \/>\n<script type=\"application\/ld+json\" class=\"yoast-schema-graph\">{\"@context\":\"https:\\\/\\\/schema.org\",\"@graph\":[{\"@type\":\"Article\",\"@id\":\"https:\\\/\\\/regiaonews.net.br\\\/2022\\\/2023\\\/04\\\/25\\\/projeto-beleza-itinerante-inicia-atendimentos-na-cidade\\\/#article\",\"isPartOf\":{\"@id\":\"https:\\\/\\\/regiaonews.net.br\\\/2022\\\/2023\\\/04\\\/25\\\/projeto-beleza-itinerante-inicia-atendimentos-na-cidade\\\/\"},\"author\":{\"name\":\"Roberto\",\"@id\":\"https:\\\/\\\/regiaonews.net.br\\\/2022\\\/#\\\/schema\\\/person\\\/2d205a608a5aa97ac279d7a5e6d89ad8\"},\"headline\":\"Projeto Beleza itinerante inicia atendimentos na cidade\",\"datePublished\":\"2023-04-25T23:52:30+00:00\",\"dateModified\":\"2023-04-27T00:04:51+00:00\",\"mainEntityOfPage\":{\"@id\":\"https:\\\/\\\/regiaonews.net.br\\\/2022\\\/2023\\\/04\\\/25\\\/projeto-beleza-itinerante-inicia-atendimentos-na-cidade\\\/\"},\"wordCount\":232,\"commentCount\":0,\"publisher\":{\"@id\":\"https:\\\/\\\/regiaonews.net.br\\\/2022\\\/#organization\"},\"image\":{\"@id\":\"https:\\\/\\\/regiaonews.net.br\\\/2022\\\/2023\\\/04\\\/25\\\/projeto-beleza-itinerante-inicia-atendimentos-na-cidade\\\/#primaryimage\"},\"thumbnailUrl\":\"https:\\\/\\\/regiaonews.net.br\\\/2022\\\/wp-content\\\/uploads\\\/2023\\\/04\\\/WhatsApp-Image-2023-04-25-at-19.11.06.jpeg\",\"articleSection\":[\"Bebedouro\",\"Cidades\",\"Cotidiano\"],\"inLanguage\":\"pt-BR\",\"potentialAction\":[{\"@type\":\"CommentAction\",\"name\":\"Comment\",\"target\":[\"https:\\\/\\\/regiaonews.net.br\\\/2022\\\/2023\\\/04\\\/25\\\/projeto-beleza-itinerante-inicia-atendimentos-na-cidade\\\/#respond\"]}]},{\"@type\":\"WebPage\",\"@id\":\"https:\\\/\\\/regiaonews.net.br\\\/2022\\\/2023\\\/04\\\/25\\\/projeto-beleza-itinerante-inicia-atendimentos-na-cidade\\\/\",\"url\":\"https:\\\/\\\/regiaonews.net.br\\\/2022\\\/2023\\\/04\\\/25\\\/projeto-beleza-itinerante-inicia-atendimentos-na-cidade\\\/\",\"name\":\"Projeto Beleza itinerante inicia atendimentos na cidade - Regi\u00e3o News\",\"isPartOf\":{\"@id\":\"https:\\\/\\\/regiaonews.net.br\\\/2022\\\/#website\"},\"primaryImageOfPage\":{\"@id\":\"https:\\\/\\\/regiaonews.net.br\\\/2022\\\/2023\\\/04\\\/25\\\/projeto-beleza-itinerante-inicia-atendimentos-na-cidade\\\/#primaryimage\"},\"image\":{\"@id\":\"https:\\\/\\\/regiaonews.net.br\\\/2022\\\/2023\\\/04\\\/25\\\/projeto-beleza-itinerante-inicia-atendimentos-na-cidade\\\/#primaryimage\"},\"thumbnailUrl\":\"https:\\\/\\\/regiaonews.net.br\\\/2022\\\/wp-content\\\/uploads\\\/2023\\\/04\\\/WhatsApp-Image-2023-04-25-at-19.11.06.jpeg\",\"datePublished\":\"2023-04-25T23:52:30+00:00\",\"dateModified\":\"2023-04-27T00:04:51+00:00\",\"breadcrumb\":{\"@id\":\"https:\\\/\\\/regiaonews.net.br\\\/2022\\\/2023\\\/04\\\/25\\\/projeto-beleza-itinerante-inicia-atendimentos-na-cidade\\\/#breadcrumb\"},\"inLanguage\":\"pt-BR\",\"potentialAction\":[{\"@type\":\"ReadAction\",\"target\":[\"https:\\\/\\\/regiaonews.net.br\\\/2022\\\/2023\\\/04\\\/25\\\/projeto-beleza-itinerante-inicia-atendimentos-na-cidade\\\/\"]}]},{\"@type\":\"ImageObject\",\"inLanguage\":\"pt-BR\",\"@id\":\"https:\\\/\\\/regiaonews.net.br\\\/2022\\\/2023\\\/04\\\/25\\\/projeto-beleza-itinerante-inicia-atendimentos-na-cidade\\\/#primaryimage\",\"url\":\"https:\\\/\\\/regiaonews.net.br\\\/2022\\\/wp-content\\\/uploads\\\/2023\\\/04\\\/WhatsApp-Image-2023-04-25-at-19.11.06.jpeg\",\"contentUrl\":\"https:\\\/\\\/regiaonews.net.br\\\/2022\\\/wp-content\\\/uploads\\\/2023\\\/04\\\/WhatsApp-Image-2023-04-25-at-19.11.06.jpeg\",\"width\":1600,\"height\":1068},{\"@type\":\"BreadcrumbList\",\"@id\":\"https:\\\/\\\/regiaonews.net.br\\\/2022\\\/2023\\\/04\\\/25\\\/projeto-beleza-itinerante-inicia-atendimentos-na-cidade\\\/#breadcrumb\",\"itemListElement\":[{\"@type\":\"ListItem\",\"position\":1,\"name\":\"In\u00edcio\",\"item\":\"https:\\\/\\\/regiaonews.net.br\\\/2022\\\/\"},{\"@type\":\"ListItem\",\"position\":2,\"name\":\"Projeto Beleza itinerante inicia atendimentos na cidade\"}]},{\"@type\":\"WebSite\",\"@id\":\"https:\\\/\\\/regiaonews.net.br\\\/2022\\\/#website\",\"url\":\"https:\\\/\\\/regiaonews.net.br\\\/2022\\\/\",\"name\":\"Regi\u00e3o News\",\"description\":\"Site de Not\u00edcias de Barretos e regi\u00e3o\",\"publisher\":{\"@id\":\"https:\\\/\\\/regiaonews.net.br\\\/2022\\\/#organization\"},\"potentialAction\":[{\"@type\":\"SearchAction\",\"target\":{\"@type\":\"EntryPoint\",\"urlTemplate\":\"https:\\\/\\\/regiaonews.net.br\\\/2022\\\/?s={search_term_string}\"},\"query-input\":{\"@type\":\"PropertyValueSpecification\",\"valueRequired\":true,\"valueName\":\"search_term_string\"}}],\"inLanguage\":\"pt-BR\"},{\"@type\":\"Organization\",\"@id\":\"https:\\\/\\\/regiaonews.net.br\\\/2022\\\/#organization\",\"name\":\"Regi\u00e3o News\",\"url\":\"https:\\\/\\\/regiaonews.net.br\\\/2022\\\/\",\"logo\":{\"@type\":\"ImageObject\",\"inLanguage\":\"pt-BR\",\"@id\":\"https:\\\/\\\/regiaonews.net.br\\\/2022\\\/#\\\/schema\\\/logo\\\/image\\\/\",\"url\":\"https:\\\/\\\/regiaonews.net.br\\\/2022\\\/wp-content\\\/uploads\\\/2026\\\/03\\\/regiao-13-anos-scaled.jpg\",\"contentUrl\":\"https:\\\/\\\/regiaonews.net.br\\\/2022\\\/wp-content\\\/uploads\\\/2026\\\/03\\\/regiao-13-anos-scaled.jpg\",\"width\":2560,\"height\":635,\"caption\":\"Regi\u00e3o News\"},\"image\":{\"@id\":\"https:\\\/\\\/regiaonews.net.br\\\/2022\\\/#\\\/schema\\\/logo\\\/image\\\/\"}},{\"@type\":\"Person\",\"@id\":\"https:\\\/\\\/regiaonews.net.br\\\/2022\\\/#\\\/schema\\\/person\\\/2d205a608a5aa97ac279d7a5e6d89ad8\",\"name\":\"Roberto\",\"image\":{\"@type\":\"ImageObject\",\"inLanguage\":\"pt-BR\",\"@id\":\"https:\\\/\\\/secure.gravatar.com\\\/avatar\\\/42749d8b712ff9d59ca93dc150494e5b55a44134482993f5baeb97e61b7ecc89?s=96&d=mm&r=g\",\"url\":\"https:\\\/\\\/secure.gravatar.com\\\/avatar\\\/42749d8b712ff9d59ca93dc150494e5b55a44134482993f5baeb97e61b7ecc89?s=96&d=mm&r=g\",\"contentUrl\":\"https:\\\/\\\/secure.gravatar.com\\\/avatar\\\/42749d8b712ff9d59ca93dc150494e5b55a44134482993f5baeb97e61b7ecc89?s=96&d=mm&r=g\",\"caption\":\"Roberto\"},\"url\":\"https:\\\/\\\/regiaonews.net.br\\\/2022\\\/author\\\/roberto\\\/\"}]}<\/script>\n<!-- \/ Yoast SEO plugin. -->","yoast_head_json":{"title":"Projeto Beleza itinerante inicia atendimentos na cidade - Regi\u00e3o News","robots":{"index":"index","follow":"follow","max-snippet":"max-snippet:-1","max-image-preview":"max-image-preview:large","max-video-preview":"max-video-preview:-1"},"canonical":"https:\/\/regiaonews.net.br\/2022\/2023\/04\/25\/projeto-beleza-itinerante-inicia-atendimentos-na-cidade\/","og_locale":"pt_BR","og_type":"article","og_title":"Projeto Beleza itinerante inicia atendimentos na cidade - Regi\u00e3o News","og_description":"&nbsp; A a\u00e7\u00e3o realizada pela prefeitura faz parte das atividades","og_url":"https:\/\/regiaonews.net.br\/2022\/2023\/04\/25\/projeto-beleza-itinerante-inicia-atendimentos-na-cidade\/","og_site_name":"Regi\u00e3o News","article_published_time":"2023-04-25T23:52:30+00:00","article_modified_time":"2023-04-27T00:04:51+00:00","og_image":[{"width":1600,"height":1068,"url":"https:\/\/regiaonews.net.br\/2022\/wp-content\/uploads\/2023\/04\/WhatsApp-Image-2023-04-25-at-19.11.06.jpeg","type":"image\/jpeg"}],"author":"Roberto","twitter_card":"summary_large_image","twitter_misc":{"Escrito por":"Roberto","Est. tempo de leitura":"2 minutos"},"schema":{"@context":"https:\/\/schema.org","@graph":[{"@type":"Article","@id":"https:\/\/regiaonews.net.br\/2022\/2023\/04\/25\/projeto-beleza-itinerante-inicia-atendimentos-na-cidade\/#article","isPartOf":{"@id":"https:\/\/regiaonews.net.br\/2022\/2023\/04\/25\/projeto-beleza-itinerante-inicia-atendimentos-na-cidade\/"},"author":{"name":"Roberto","@id":"https:\/\/regiaonews.net.br\/2022\/#\/schema\/person\/2d205a608a5aa97ac279d7a5e6d89ad8"},"headline":"Projeto Beleza itinerante inicia atendimentos na cidade","datePublished":"2023-04-25T23:52:30+00:00","dateModified":"2023-04-27T00:04:51+00:00","mainEntityOfPage":{"@id":"https:\/\/regiaonews.net.br\/2022\/2023\/04\/25\/projeto-beleza-itinerante-inicia-atendimentos-na-cidade\/"},"wordCount":232,"commentCount":0,"publisher":{"@id":"https:\/\/regiaonews.net.br\/2022\/#organization"},"image":{"@id":"https:\/\/regiaonews.net.br\/2022\/2023\/04\/25\/projeto-beleza-itinerante-inicia-atendimentos-na-cidade\/#primaryimage"},"thumbnailUrl":"https:\/\/regiaonews.net.br\/2022\/wp-content\/uploads\/2023\/04\/WhatsApp-Image-2023-04-25-at-19.11.06.jpeg","articleSection":["Bebedouro","Cidades","Cotidiano"],"inLanguage":"pt-BR","potentialAction":[{"@type":"CommentAction","name":"Comment","target":["https:\/\/regiaonews.net.br\/2022\/2023\/04\/25\/projeto-beleza-itinerante-inicia-atendimentos-na-cidade\/#respond"]}]},{"@type":"WebPage","@id":"https:\/\/regiaonews.net.br\/2022\/2023\/04\/25\/projeto-beleza-itinerante-inicia-atendimentos-na-cidade\/","url":"https:\/\/regiaonews.net.br\/2022\/2023\/04\/25\/projeto-beleza-itinerante-inicia-atendimentos-na-cidade\/","name":"Projeto Beleza itinerante inicia atendimentos na cidade - Regi\u00e3o News","isPartOf":{"@id":"https:\/\/regiaonews.net.br\/2022\/#website"},"primaryImageOfPage":{"@id":"https:\/\/regiaonews.net.br\/2022\/2023\/04\/25\/projeto-beleza-itinerante-inicia-atendimentos-na-cidade\/#primaryimage"},"image":{"@id":"https:\/\/regiaonews.net.br\/2022\/2023\/04\/25\/projeto-beleza-itinerante-inicia-atendimentos-na-cidade\/#primaryimage"},"thumbnailUrl":"https:\/\/regiaonews.net.br\/2022\/wp-content\/uploads\/2023\/04\/WhatsApp-Image-2023-04-25-at-19.11.06.jpeg","datePublished":"2023-04-25T23:52:30+00:00","dateModified":"2023-04-27T00:04:51+00:00","breadcrumb":{"@id":"https:\/\/regiaonews.net.br\/2022\/2023\/04\/25\/projeto-beleza-itinerante-inicia-atendimentos-na-cidade\/#breadcrumb"},"inLanguage":"pt-BR","potentialAction":[{"@type":"ReadAction","target":["https:\/\/regiaonews.net.br\/2022\/2023\/04\/25\/projeto-beleza-itinerante-inicia-atendimentos-na-cidade\/"]}]},{"@type":"ImageObject","inLanguage":"pt-BR","@id":"https:\/\/regiaonews.net.br\/2022\/2023\/04\/25\/projeto-beleza-itinerante-inicia-atendimentos-na-cidade\/#primaryimage","url":"https:\/\/regiaonews.net.br\/2022\/wp-content\/uploads\/2023\/04\/WhatsApp-Image-2023-04-25-at-19.11.06.jpeg","contentUrl":"https:\/\/regiaonews.net.br\/2022\/wp-content\/uploads\/2023\/04\/WhatsApp-Image-2023-04-25-at-19.11.06.jpeg","width":1600,"height":1068},{"@type":"BreadcrumbList","@id":"https:\/\/regiaonews.net.br\/2022\/2023\/04\/25\/projeto-beleza-itinerante-inicia-atendimentos-na-cidade\/#breadcrumb","itemListElement":[{"@type":"ListItem","position":1,"name":"In\u00edcio","item":"https:\/\/regiaonews.net.br\/2022\/"},{"@type":"ListItem","position":2,"name":"Projeto Beleza itinerante inicia atendimentos na cidade"}]},{"@type":"WebSite","@id":"https:\/\/regiaonews.net.br\/2022\/#website","url":"https:\/\/regiaonews.net.br\/2022\/","name":"Regi\u00e3o News","description":"Site de Not\u00edcias de Barretos e regi\u00e3o","publisher":{"@id":"https:\/\/regiaonews.net.br\/2022\/#organization"},"potentialAction":[{"@type":"SearchAction","target":{"@type":"EntryPoint","urlTemplate":"https:\/\/regiaonews.net.br\/2022\/?s={search_term_string}"},"query-input":{"@type":"PropertyValueSpecification","valueRequired":true,"valueName":"search_term_string"}}],"inLanguage":"pt-BR"},{"@type":"Organization","@id":"https:\/\/regiaonews.net.br\/2022\/#organization","name":"Regi\u00e3o News","url":"https:\/\/regiaonews.net.br\/2022\/","logo":{"@type":"ImageObject","inLanguage":"pt-BR","@id":"https:\/\/regiaonews.net.br\/2022\/#\/schema\/logo\/image\/","url":"https:\/\/regiaonews.net.br\/2022\/wp-content\/uploads\/2026\/03\/regiao-13-anos-scaled.jpg","contentUrl":"https:\/\/regiaonews.net.br\/2022\/wp-content\/uploads\/2026\/03\/regiao-13-anos-scaled.jpg","width":2560,"height":635,"caption":"Regi\u00e3o News"},"image":{"@id":"https:\/\/regiaonews.net.br\/2022\/#\/schema\/logo\/image\/"}},{"@type":"Person","@id":"https:\/\/regiaonews.net.br\/2022\/#\/schema\/person\/2d205a608a5aa97ac279d7a5e6d89ad8","name":"Roberto","image":{"@type":"ImageObject","inLanguage":"pt-BR","@id":"https:\/\/secure.gravatar.com\/avatar\/42749d8b712ff9d59ca93dc150494e5b55a44134482993f5baeb97e61b7ecc89?s=96&d=mm&r=g","url":"https:\/\/secure.gravatar.com\/avatar\/42749d8b712ff9d59ca93dc150494e5b55a44134482993f5baeb97e61b7ecc89?s=96&d=mm&r=g","contentUrl":"https:\/\/secure.gravatar.com\/avatar\/42749d8b712ff9d59ca93dc150494e5b55a44134482993f5baeb97e61b7ecc89?s=96&d=mm&r=g","caption":"Roberto"},"url":"https:\/\/regiaonews.net.br\/2022\/author\/roberto\/"}]}},"publishpress_future_action":{"enabled":false,"date":"2026-05-02 02:34:04","action":"change-status","newStatus":"draft","terms":[],"taxonomy":"category","extraData":[]},"publishpress_future_workflow_manual_trigger":{"enabledWorkflows":[]},"_links":{"self":[{"href":"https:\/\/regiaonews.net.br\/2022\/wp-json\/wp\/v2\/posts\/87103","targetHints":{"allow":["GET"]}}],"collection":[{"href":"https:\/\/regiaonews.net.br\/2022\/wp-json\/wp\/v2\/posts"}],"about":[{"href":"https:\/\/regiaonews.net.br\/2022\/wp-json\/wp\/v2\/types\/post"}],"author":[{"embeddable":true,"href":"https:\/\/regiaonews.net.br\/2022\/wp-json\/wp\/v2\/users\/2"}],"replies":[{"embeddable":true,"href":"https:\/\/regiaonews.net.br\/2022\/wp-json\/wp\/v2\/comments?post=87103"}],"version-history":[{"count":1,"href":"https:\/\/regiaonews.net.br\/2022\/wp-json\/wp\/v2\/posts\/87103\/revisions"}],"predecessor-version":[{"id":87107,"href":"https:\/\/regiaonews.net.br\/2022\/wp-json\/wp\/v2\/posts\/87103\/revisions\/87107"}],"wp:featuredmedia":[{"embeddable":true,"href":"https:\/\/regiaonews.net.br\/2022\/wp-json\/wp\/v2\/media\/87104"}],"wp:attachment":[{"href":"https:\/\/regiaonews.net.br\/2022\/wp-json\/wp\/v2\/media?parent=87103"}],"wp:term":[{"taxonomy":"category","embeddable":true,"href":"https:\/\/regiaonews.net.br\/2022\/wp-json\/wp\/v2\/categories?post=87103"},{"taxonomy":"post_tag","embeddable":true,"href":"https:\/\/regiaonews.net.br\/2022\/wp-json\/wp\/v2\/tags?post=87103"}],"curies":[{"name":"wp","href":"https:\/\/api.w.org\/{rel}","templated":true}]}}