{"id":87080,"date":"2023-04-25T14:41:02","date_gmt":"2023-04-25T17:41:02","guid":{"rendered":"https:\/\/regiaonews.net.br\/2022\/?p=87080"},"modified":"2023-04-25T14:49:01","modified_gmt":"2023-04-25T17:49:01","slug":"colina-orienta-populacao-sobre-obrigatoriedade-da-limpeza-de-terrenos","status":"publish","type":"post","link":"https:\/\/regiaonews.net.br\/2022\/2023\/04\/25\/colina-orienta-populacao-sobre-obrigatoriedade-da-limpeza-de-terrenos\/","title":{"rendered":"Colina orienta  popula\u00e7\u00e3o sobre obrigatoriedade da limpeza de terrenos"},"content":{"rendered":"<p>A Prefeitura Municipal de Colina, por meio do Departamento Municipal da Receita, informa que \u00e9 de inteira responsabilidade dos propriet\u00e1rios de im\u00f3veis, manter os terrenos em perfeitas condi\u00e7\u00f5es de uso e limpeza, bem como capinados, para garantir a higiene e o bom aspecto do local; sob pena da Prefeitura efetuar o servi\u00e7o de limpeza, fazer a devida cobran\u00e7a e aplicar as penalidades cab\u00edveis.<\/p>\n<p>Assim, o n\u00e3o cumprimento da medida implicar\u00e1 na cobran\u00e7a da Taxa da Limpeza executada pela Prefeitura no valor de 0,01 UFESPs (R$ 0,34 )por m\u00b2.<\/p>\n<p>\u00c9 necess\u00e1rio ressaltar que a medida visa impedir a cria\u00e7\u00e3o e prolifera\u00e7\u00e3o de animais pe\u00e7onhentos, do mosquito aedes aegypti, transmissor da Dengue, nocivos \u00e0 sa\u00fade p\u00fablica e, assim, evitar que os terrenos tornem-se dep\u00f3sitos de lixo.<\/p>\n<p>A altera\u00e7\u00e3o cumpre a Lei Complementar n\u00ba. 298, de 07 de abril de 2022, que traz em seu texto que o propriet\u00e1rio do im\u00f3vel \u00e9 obrigado a manter limpos os terrenos que possui, estejam eles edificados ou n\u00e3o, conforme exp\u00f5e o Art. 1\u00ba &#8211; A Lei Complementar n\u00ba. 173, de 21 de novembro de 2012, que institui o C\u00f3digo Tribut\u00e1rio do Munic\u00edpio de Colina, e passa a vigorar acrescida do art. 220-A, com a seguinte reda\u00e7\u00e3o:\u00a0<em>\u201cArt. 220-A \u2013 Os propriet\u00e1rios e\/ou respons\u00e1veis por terrenos urbanos e casas, quintais e constru\u00e7\u00f5es abandonados ou desocupados, localizados nas \u00e1reas urbanas e de extens\u00e3o urbana deste Munic\u00edpio, s\u00e3o obrigados a mant\u00ea-los limpos, capinados ou ro\u00e7ados, drenados e isentos de quaisquer materiais nocivos \u00e0 vizinhan\u00e7a e \u00e0 coletividade<\/em>\u201d.<\/p>\n<p>A orienta\u00e7\u00e3o \u00e9 voltada aos donos de lotes particulares urbanos e de expans\u00e3o urbana no munic\u00edpio, para manter a cidade limpa e organizada, sem riscos \u00e0 sa\u00fade dos cidad\u00e3os, pensando no bem estar de toda a comunidade. Para tanto, \u00e9 importante que todos os mun\u00edcipes colaborem, pois com o per\u00edodo chuvoso, o mato cresce constantemente.<\/p>\n<p><strong>Cancelamento de Multas\u00a0<\/strong><\/p>\n<p>Conforme decis\u00e3o Administrativa N\u00ba 2141\/2023, foram Canceladas as multas referentes \u00e0 execu\u00e7\u00e3o das limpezas de terreno com vencimento nesta quinta-feira, dia 20 de abril de 2023.<\/p>\n<p>A decis\u00e3o foi proferida em raz\u00e3o de um v\u00edcio formal no Edital de Notifica\u00e7\u00e3o da aplica\u00e7\u00e3o de multa para Limpezas de Terreno.<\/p>\n<p>Importante destacar que a taxa de execu\u00e7\u00e3o dos servi\u00e7os de limpeza (R$ 0,34 por m\u00b2) est\u00e1 mantida, sendo que ser\u00e1 emitida nova guia de recolhimento com prorroga\u00e7\u00e3o do prazo de vencimento.<\/p>\n<p>Os contribuintes que efetuaram o pagamento da guia dever\u00e3o solicitar a restitui\u00e7\u00e3o dos valores pagos.<\/p>\n<p>&nbsp;<\/p>\n<p>.<a href=\"https:\/\/regiaonews.net.br\/2022\/wp-content\/uploads\/2023\/04\/Colina-limpeza.jpg\"><img loading=\"lazy\" decoding=\"async\" class=\"alignnone size-medium wp-image-87081\" src=\"https:\/\/regiaonews.net.br\/2022\/wp-content\/uploads\/2023\/04\/Colina-limpeza-300x300.jpg\" alt=\"\" width=\"300\" height=\"300\" srcset=\"https:\/\/regiaonews.net.br\/2022\/wp-content\/uploads\/2023\/04\/Colina-limpeza-300x300.jpg 300w, https:\/\/regiaonews.net.br\/2022\/wp-content\/uploads\/2023\/04\/Colina-limpeza-150x150.jpg 150w, https:\/\/regiaonews.net.br\/2022\/wp-content\/uploads\/2023\/04\/Colina-limpeza-768x768.jpg 768w, https:\/\/regiaonews.net.br\/2022\/wp-content\/uploads\/2023\/04\/Colina-limpeza-250x250.jpg 250w, https:\/\/regiaonews.net.br\/2022\/wp-content\/uploads\/2023\/04\/Colina-limpeza.jpg 900w\" sizes=\"auto, (max-width: 300px) 100vw, 300px\" \/><\/a><\/p>\n","protected":false},"excerpt":{"rendered":"<p>A Prefeitura Municipal de Colina, por meio do Departamento Municipal<\/p>\n","protected":false},"author":2,"featured_media":87082,"comment_status":"open","ping_status":"open","sticky":false,"template":"","format":"standard","meta":{"footnotes":""},"categories":[5,111],"tags":[],"class_list":["post-87080","post","type-post","status-publish","format-standard","has-post-thumbnail","hentry","category-colina","category-cotidiano"],"yoast_head":"<!-- This site is optimized with the Yoast SEO plugin v27.4 - https:\/\/yoast.com\/product\/yoast-seo-wordpress\/ -->\n<title>Colina orienta popula\u00e7\u00e3o sobre obrigatoriedade da limpeza de terrenos - Regi\u00e3o News<\/title>\n<meta name=\"robots\" content=\"index, follow, max-snippet:-1, max-image-preview:large, max-video-preview:-1\" \/>\n<link rel=\"canonical\" href=\"https:\/\/regiaonews.net.br\/2022\/2023\/04\/25\/colina-orienta-populacao-sobre-obrigatoriedade-da-limpeza-de-terrenos\/\" \/>\n<meta property=\"og:locale\" content=\"pt_BR\" \/>\n<meta property=\"og:type\" content=\"article\" \/>\n<meta property=\"og:title\" content=\"Colina orienta popula\u00e7\u00e3o sobre obrigatoriedade da limpeza de terrenos - Regi\u00e3o News\" \/>\n<meta property=\"og:description\" content=\"A Prefeitura Municipal de Colina, por meio do Departamento Municipal\" \/>\n<meta property=\"og:url\" content=\"https:\/\/regiaonews.net.br\/2022\/2023\/04\/25\/colina-orienta-populacao-sobre-obrigatoriedade-da-limpeza-de-terrenos\/\" \/>\n<meta property=\"og:site_name\" content=\"Regi\u00e3o News\" \/>\n<meta property=\"article:published_time\" content=\"2023-04-25T17:41:02+00:00\" \/>\n<meta property=\"article:modified_time\" content=\"2023-04-25T17:49:01+00:00\" \/>\n<meta property=\"og:image\" content=\"https:\/\/regiaonews.net.br\/2022\/wp-content\/uploads\/2023\/04\/Colina.jpg\" \/>\n\t<meta property=\"og:image:width\" content=\"617\" \/>\n\t<meta property=\"og:image:height\" content=\"336\" \/>\n\t<meta property=\"og:image:type\" content=\"image\/jpeg\" \/>\n<meta name=\"author\" content=\"Roberto\" \/>\n<meta name=\"twitter:card\" content=\"summary_large_image\" \/>\n<meta name=\"twitter:label1\" content=\"Escrito por\" \/>\n\t<meta name=\"twitter:data1\" content=\"Roberto\" \/>\n\t<meta name=\"twitter:label2\" content=\"Est. tempo de leitura\" \/>\n\t<meta name=\"twitter:data2\" content=\"3 minutos\" \/>\n<script type=\"application\/ld+json\" class=\"yoast-schema-graph\">{\"@context\":\"https:\\\/\\\/schema.org\",\"@graph\":[{\"@type\":\"Article\",\"@id\":\"https:\\\/\\\/regiaonews.net.br\\\/2022\\\/2023\\\/04\\\/25\\\/colina-orienta-populacao-sobre-obrigatoriedade-da-limpeza-de-terrenos\\\/#article\",\"isPartOf\":{\"@id\":\"https:\\\/\\\/regiaonews.net.br\\\/2022\\\/2023\\\/04\\\/25\\\/colina-orienta-populacao-sobre-obrigatoriedade-da-limpeza-de-terrenos\\\/\"},\"author\":{\"name\":\"Roberto\",\"@id\":\"https:\\\/\\\/regiaonews.net.br\\\/2022\\\/#\\\/schema\\\/person\\\/2d205a608a5aa97ac279d7a5e6d89ad8\"},\"headline\":\"Colina orienta popula\u00e7\u00e3o sobre obrigatoriedade da limpeza de terrenos\",\"datePublished\":\"2023-04-25T17:41:02+00:00\",\"dateModified\":\"2023-04-25T17:49:01+00:00\",\"mainEntityOfPage\":{\"@id\":\"https:\\\/\\\/regiaonews.net.br\\\/2022\\\/2023\\\/04\\\/25\\\/colina-orienta-populacao-sobre-obrigatoriedade-da-limpeza-de-terrenos\\\/\"},\"wordCount\":440,\"commentCount\":0,\"publisher\":{\"@id\":\"https:\\\/\\\/regiaonews.net.br\\\/2022\\\/#organization\"},\"image\":{\"@id\":\"https:\\\/\\\/regiaonews.net.br\\\/2022\\\/2023\\\/04\\\/25\\\/colina-orienta-populacao-sobre-obrigatoriedade-da-limpeza-de-terrenos\\\/#primaryimage\"},\"thumbnailUrl\":\"https:\\\/\\\/regiaonews.net.br\\\/2022\\\/wp-content\\\/uploads\\\/2023\\\/04\\\/Colina.jpg\",\"articleSection\":[\"Colina\",\"Cotidiano\"],\"inLanguage\":\"pt-BR\",\"potentialAction\":[{\"@type\":\"CommentAction\",\"name\":\"Comment\",\"target\":[\"https:\\\/\\\/regiaonews.net.br\\\/2022\\\/2023\\\/04\\\/25\\\/colina-orienta-populacao-sobre-obrigatoriedade-da-limpeza-de-terrenos\\\/#respond\"]}]},{\"@type\":\"WebPage\",\"@id\":\"https:\\\/\\\/regiaonews.net.br\\\/2022\\\/2023\\\/04\\\/25\\\/colina-orienta-populacao-sobre-obrigatoriedade-da-limpeza-de-terrenos\\\/\",\"url\":\"https:\\\/\\\/regiaonews.net.br\\\/2022\\\/2023\\\/04\\\/25\\\/colina-orienta-populacao-sobre-obrigatoriedade-da-limpeza-de-terrenos\\\/\",\"name\":\"Colina orienta popula\u00e7\u00e3o sobre obrigatoriedade da limpeza de terrenos - Regi\u00e3o News\",\"isPartOf\":{\"@id\":\"https:\\\/\\\/regiaonews.net.br\\\/2022\\\/#website\"},\"primaryImageOfPage\":{\"@id\":\"https:\\\/\\\/regiaonews.net.br\\\/2022\\\/2023\\\/04\\\/25\\\/colina-orienta-populacao-sobre-obrigatoriedade-da-limpeza-de-terrenos\\\/#primaryimage\"},\"image\":{\"@id\":\"https:\\\/\\\/regiaonews.net.br\\\/2022\\\/2023\\\/04\\\/25\\\/colina-orienta-populacao-sobre-obrigatoriedade-da-limpeza-de-terrenos\\\/#primaryimage\"},\"thumbnailUrl\":\"https:\\\/\\\/regiaonews.net.br\\\/2022\\\/wp-content\\\/uploads\\\/2023\\\/04\\\/Colina.jpg\",\"datePublished\":\"2023-04-25T17:41:02+00:00\",\"dateModified\":\"2023-04-25T17:49:01+00:00\",\"breadcrumb\":{\"@id\":\"https:\\\/\\\/regiaonews.net.br\\\/2022\\\/2023\\\/04\\\/25\\\/colina-orienta-populacao-sobre-obrigatoriedade-da-limpeza-de-terrenos\\\/#breadcrumb\"},\"inLanguage\":\"pt-BR\",\"potentialAction\":[{\"@type\":\"ReadAction\",\"target\":[\"https:\\\/\\\/regiaonews.net.br\\\/2022\\\/2023\\\/04\\\/25\\\/colina-orienta-populacao-sobre-obrigatoriedade-da-limpeza-de-terrenos\\\/\"]}]},{\"@type\":\"ImageObject\",\"inLanguage\":\"pt-BR\",\"@id\":\"https:\\\/\\\/regiaonews.net.br\\\/2022\\\/2023\\\/04\\\/25\\\/colina-orienta-populacao-sobre-obrigatoriedade-da-limpeza-de-terrenos\\\/#primaryimage\",\"url\":\"https:\\\/\\\/regiaonews.net.br\\\/2022\\\/wp-content\\\/uploads\\\/2023\\\/04\\\/Colina.jpg\",\"contentUrl\":\"https:\\\/\\\/regiaonews.net.br\\\/2022\\\/wp-content\\\/uploads\\\/2023\\\/04\\\/Colina.jpg\",\"width\":617,\"height\":336},{\"@type\":\"BreadcrumbList\",\"@id\":\"https:\\\/\\\/regiaonews.net.br\\\/2022\\\/2023\\\/04\\\/25\\\/colina-orienta-populacao-sobre-obrigatoriedade-da-limpeza-de-terrenos\\\/#breadcrumb\",\"itemListElement\":[{\"@type\":\"ListItem\",\"position\":1,\"name\":\"In\u00edcio\",\"item\":\"https:\\\/\\\/regiaonews.net.br\\\/2022\\\/\"},{\"@type\":\"ListItem\",\"position\":2,\"name\":\"Colina orienta popula\u00e7\u00e3o sobre obrigatoriedade da limpeza de terrenos\"}]},{\"@type\":\"WebSite\",\"@id\":\"https:\\\/\\\/regiaonews.net.br\\\/2022\\\/#website\",\"url\":\"https:\\\/\\\/regiaonews.net.br\\\/2022\\\/\",\"name\":\"Regi\u00e3o News\",\"description\":\"Site de Not\u00edcias de Barretos e regi\u00e3o\",\"publisher\":{\"@id\":\"https:\\\/\\\/regiaonews.net.br\\\/2022\\\/#organization\"},\"potentialAction\":[{\"@type\":\"SearchAction\",\"target\":{\"@type\":\"EntryPoint\",\"urlTemplate\":\"https:\\\/\\\/regiaonews.net.br\\\/2022\\\/?s={search_term_string}\"},\"query-input\":{\"@type\":\"PropertyValueSpecification\",\"valueRequired\":true,\"valueName\":\"search_term_string\"}}],\"inLanguage\":\"pt-BR\"},{\"@type\":\"Organization\",\"@id\":\"https:\\\/\\\/regiaonews.net.br\\\/2022\\\/#organization\",\"name\":\"Regi\u00e3o News\",\"url\":\"https:\\\/\\\/regiaonews.net.br\\\/2022\\\/\",\"logo\":{\"@type\":\"ImageObject\",\"inLanguage\":\"pt-BR\",\"@id\":\"https:\\\/\\\/regiaonews.net.br\\\/2022\\\/#\\\/schema\\\/logo\\\/image\\\/\",\"url\":\"https:\\\/\\\/regiaonews.net.br\\\/2022\\\/wp-content\\\/uploads\\\/2026\\\/03\\\/regiao-13-anos-scaled.jpg\",\"contentUrl\":\"https:\\\/\\\/regiaonews.net.br\\\/2022\\\/wp-content\\\/uploads\\\/2026\\\/03\\\/regiao-13-anos-scaled.jpg\",\"width\":2560,\"height\":635,\"caption\":\"Regi\u00e3o News\"},\"image\":{\"@id\":\"https:\\\/\\\/regiaonews.net.br\\\/2022\\\/#\\\/schema\\\/logo\\\/image\\\/\"}},{\"@type\":\"Person\",\"@id\":\"https:\\\/\\\/regiaonews.net.br\\\/2022\\\/#\\\/schema\\\/person\\\/2d205a608a5aa97ac279d7a5e6d89ad8\",\"name\":\"Roberto\",\"image\":{\"@type\":\"ImageObject\",\"inLanguage\":\"pt-BR\",\"@id\":\"https:\\\/\\\/secure.gravatar.com\\\/avatar\\\/42749d8b712ff9d59ca93dc150494e5b55a44134482993f5baeb97e61b7ecc89?s=96&d=mm&r=g\",\"url\":\"https:\\\/\\\/secure.gravatar.com\\\/avatar\\\/42749d8b712ff9d59ca93dc150494e5b55a44134482993f5baeb97e61b7ecc89?s=96&d=mm&r=g\",\"contentUrl\":\"https:\\\/\\\/secure.gravatar.com\\\/avatar\\\/42749d8b712ff9d59ca93dc150494e5b55a44134482993f5baeb97e61b7ecc89?s=96&d=mm&r=g\",\"caption\":\"Roberto\"},\"url\":\"https:\\\/\\\/regiaonews.net.br\\\/2022\\\/author\\\/roberto\\\/\"}]}<\/script>\n<!-- \/ Yoast SEO plugin. -->","yoast_head_json":{"title":"Colina orienta popula\u00e7\u00e3o sobre obrigatoriedade da limpeza de terrenos - Regi\u00e3o News","robots":{"index":"index","follow":"follow","max-snippet":"max-snippet:-1","max-image-preview":"max-image-preview:large","max-video-preview":"max-video-preview:-1"},"canonical":"https:\/\/regiaonews.net.br\/2022\/2023\/04\/25\/colina-orienta-populacao-sobre-obrigatoriedade-da-limpeza-de-terrenos\/","og_locale":"pt_BR","og_type":"article","og_title":"Colina orienta popula\u00e7\u00e3o sobre obrigatoriedade da limpeza de terrenos - Regi\u00e3o News","og_description":"A Prefeitura Municipal de Colina, por meio do Departamento Municipal","og_url":"https:\/\/regiaonews.net.br\/2022\/2023\/04\/25\/colina-orienta-populacao-sobre-obrigatoriedade-da-limpeza-de-terrenos\/","og_site_name":"Regi\u00e3o News","article_published_time":"2023-04-25T17:41:02+00:00","article_modified_time":"2023-04-25T17:49:01+00:00","og_image":[{"width":617,"height":336,"url":"https:\/\/regiaonews.net.br\/2022\/wp-content\/uploads\/2023\/04\/Colina.jpg","type":"image\/jpeg"}],"author":"Roberto","twitter_card":"summary_large_image","twitter_misc":{"Escrito por":"Roberto","Est. tempo de leitura":"3 minutos"},"schema":{"@context":"https:\/\/schema.org","@graph":[{"@type":"Article","@id":"https:\/\/regiaonews.net.br\/2022\/2023\/04\/25\/colina-orienta-populacao-sobre-obrigatoriedade-da-limpeza-de-terrenos\/#article","isPartOf":{"@id":"https:\/\/regiaonews.net.br\/2022\/2023\/04\/25\/colina-orienta-populacao-sobre-obrigatoriedade-da-limpeza-de-terrenos\/"},"author":{"name":"Roberto","@id":"https:\/\/regiaonews.net.br\/2022\/#\/schema\/person\/2d205a608a5aa97ac279d7a5e6d89ad8"},"headline":"Colina orienta popula\u00e7\u00e3o sobre obrigatoriedade da limpeza de terrenos","datePublished":"2023-04-25T17:41:02+00:00","dateModified":"2023-04-25T17:49:01+00:00","mainEntityOfPage":{"@id":"https:\/\/regiaonews.net.br\/2022\/2023\/04\/25\/colina-orienta-populacao-sobre-obrigatoriedade-da-limpeza-de-terrenos\/"},"wordCount":440,"commentCount":0,"publisher":{"@id":"https:\/\/regiaonews.net.br\/2022\/#organization"},"image":{"@id":"https:\/\/regiaonews.net.br\/2022\/2023\/04\/25\/colina-orienta-populacao-sobre-obrigatoriedade-da-limpeza-de-terrenos\/#primaryimage"},"thumbnailUrl":"https:\/\/regiaonews.net.br\/2022\/wp-content\/uploads\/2023\/04\/Colina.jpg","articleSection":["Colina","Cotidiano"],"inLanguage":"pt-BR","potentialAction":[{"@type":"CommentAction","name":"Comment","target":["https:\/\/regiaonews.net.br\/2022\/2023\/04\/25\/colina-orienta-populacao-sobre-obrigatoriedade-da-limpeza-de-terrenos\/#respond"]}]},{"@type":"WebPage","@id":"https:\/\/regiaonews.net.br\/2022\/2023\/04\/25\/colina-orienta-populacao-sobre-obrigatoriedade-da-limpeza-de-terrenos\/","url":"https:\/\/regiaonews.net.br\/2022\/2023\/04\/25\/colina-orienta-populacao-sobre-obrigatoriedade-da-limpeza-de-terrenos\/","name":"Colina orienta popula\u00e7\u00e3o sobre obrigatoriedade da limpeza de terrenos - Regi\u00e3o News","isPartOf":{"@id":"https:\/\/regiaonews.net.br\/2022\/#website"},"primaryImageOfPage":{"@id":"https:\/\/regiaonews.net.br\/2022\/2023\/04\/25\/colina-orienta-populacao-sobre-obrigatoriedade-da-limpeza-de-terrenos\/#primaryimage"},"image":{"@id":"https:\/\/regiaonews.net.br\/2022\/2023\/04\/25\/colina-orienta-populacao-sobre-obrigatoriedade-da-limpeza-de-terrenos\/#primaryimage"},"thumbnailUrl":"https:\/\/regiaonews.net.br\/2022\/wp-content\/uploads\/2023\/04\/Colina.jpg","datePublished":"2023-04-25T17:41:02+00:00","dateModified":"2023-04-25T17:49:01+00:00","breadcrumb":{"@id":"https:\/\/regiaonews.net.br\/2022\/2023\/04\/25\/colina-orienta-populacao-sobre-obrigatoriedade-da-limpeza-de-terrenos\/#breadcrumb"},"inLanguage":"pt-BR","potentialAction":[{"@type":"ReadAction","target":["https:\/\/regiaonews.net.br\/2022\/2023\/04\/25\/colina-orienta-populacao-sobre-obrigatoriedade-da-limpeza-de-terrenos\/"]}]},{"@type":"ImageObject","inLanguage":"pt-BR","@id":"https:\/\/regiaonews.net.br\/2022\/2023\/04\/25\/colina-orienta-populacao-sobre-obrigatoriedade-da-limpeza-de-terrenos\/#primaryimage","url":"https:\/\/regiaonews.net.br\/2022\/wp-content\/uploads\/2023\/04\/Colina.jpg","contentUrl":"https:\/\/regiaonews.net.br\/2022\/wp-content\/uploads\/2023\/04\/Colina.jpg","width":617,"height":336},{"@type":"BreadcrumbList","@id":"https:\/\/regiaonews.net.br\/2022\/2023\/04\/25\/colina-orienta-populacao-sobre-obrigatoriedade-da-limpeza-de-terrenos\/#breadcrumb","itemListElement":[{"@type":"ListItem","position":1,"name":"In\u00edcio","item":"https:\/\/regiaonews.net.br\/2022\/"},{"@type":"ListItem","position":2,"name":"Colina orienta popula\u00e7\u00e3o sobre obrigatoriedade da limpeza de terrenos"}]},{"@type":"WebSite","@id":"https:\/\/regiaonews.net.br\/2022\/#website","url":"https:\/\/regiaonews.net.br\/2022\/","name":"Regi\u00e3o News","description":"Site de Not\u00edcias de Barretos e regi\u00e3o","publisher":{"@id":"https:\/\/regiaonews.net.br\/2022\/#organization"},"potentialAction":[{"@type":"SearchAction","target":{"@type":"EntryPoint","urlTemplate":"https:\/\/regiaonews.net.br\/2022\/?s={search_term_string}"},"query-input":{"@type":"PropertyValueSpecification","valueRequired":true,"valueName":"search_term_string"}}],"inLanguage":"pt-BR"},{"@type":"Organization","@id":"https:\/\/regiaonews.net.br\/2022\/#organization","name":"Regi\u00e3o News","url":"https:\/\/regiaonews.net.br\/2022\/","logo":{"@type":"ImageObject","inLanguage":"pt-BR","@id":"https:\/\/regiaonews.net.br\/2022\/#\/schema\/logo\/image\/","url":"https:\/\/regiaonews.net.br\/2022\/wp-content\/uploads\/2026\/03\/regiao-13-anos-scaled.jpg","contentUrl":"https:\/\/regiaonews.net.br\/2022\/wp-content\/uploads\/2026\/03\/regiao-13-anos-scaled.jpg","width":2560,"height":635,"caption":"Regi\u00e3o News"},"image":{"@id":"https:\/\/regiaonews.net.br\/2022\/#\/schema\/logo\/image\/"}},{"@type":"Person","@id":"https:\/\/regiaonews.net.br\/2022\/#\/schema\/person\/2d205a608a5aa97ac279d7a5e6d89ad8","name":"Roberto","image":{"@type":"ImageObject","inLanguage":"pt-BR","@id":"https:\/\/secure.gravatar.com\/avatar\/42749d8b712ff9d59ca93dc150494e5b55a44134482993f5baeb97e61b7ecc89?s=96&d=mm&r=g","url":"https:\/\/secure.gravatar.com\/avatar\/42749d8b712ff9d59ca93dc150494e5b55a44134482993f5baeb97e61b7ecc89?s=96&d=mm&r=g","contentUrl":"https:\/\/secure.gravatar.com\/avatar\/42749d8b712ff9d59ca93dc150494e5b55a44134482993f5baeb97e61b7ecc89?s=96&d=mm&r=g","caption":"Roberto"},"url":"https:\/\/regiaonews.net.br\/2022\/author\/roberto\/"}]}},"publishpress_future_action":{"enabled":false,"date":"2026-05-02 02:34:45","action":"change-status","newStatus":"draft","terms":[],"taxonomy":"category","extraData":[]},"publishpress_future_workflow_manual_trigger":{"enabledWorkflows":[]},"_links":{"self":[{"href":"https:\/\/regiaonews.net.br\/2022\/wp-json\/wp\/v2\/posts\/87080","targetHints":{"allow":["GET"]}}],"collection":[{"href":"https:\/\/regiaonews.net.br\/2022\/wp-json\/wp\/v2\/posts"}],"about":[{"href":"https:\/\/regiaonews.net.br\/2022\/wp-json\/wp\/v2\/types\/post"}],"author":[{"embeddable":true,"href":"https:\/\/regiaonews.net.br\/2022\/wp-json\/wp\/v2\/users\/2"}],"replies":[{"embeddable":true,"href":"https:\/\/regiaonews.net.br\/2022\/wp-json\/wp\/v2\/comments?post=87080"}],"version-history":[{"count":4,"href":"https:\/\/regiaonews.net.br\/2022\/wp-json\/wp\/v2\/posts\/87080\/revisions"}],"predecessor-version":[{"id":87086,"href":"https:\/\/regiaonews.net.br\/2022\/wp-json\/wp\/v2\/posts\/87080\/revisions\/87086"}],"wp:featuredmedia":[{"embeddable":true,"href":"https:\/\/regiaonews.net.br\/2022\/wp-json\/wp\/v2\/media\/87082"}],"wp:attachment":[{"href":"https:\/\/regiaonews.net.br\/2022\/wp-json\/wp\/v2\/media?parent=87080"}],"wp:term":[{"taxonomy":"category","embeddable":true,"href":"https:\/\/regiaonews.net.br\/2022\/wp-json\/wp\/v2\/categories?post=87080"},{"taxonomy":"post_tag","embeddable":true,"href":"https:\/\/regiaonews.net.br\/2022\/wp-json\/wp\/v2\/tags?post=87080"}],"curies":[{"name":"wp","href":"https:\/\/api.w.org\/{rel}","templated":true}]}}