{"id":87054,"date":"2023-04-24T17:58:51","date_gmt":"2023-04-24T20:58:51","guid":{"rendered":"https:\/\/regiaonews.net.br\/2022\/?p=87054"},"modified":"2023-04-26T05:51:43","modified_gmt":"2023-04-26T08:51:43","slug":"estudantes-da-rede-municipal-de-ensino-participam-da-53a-expo-agropecuaria-barretos","status":"publish","type":"post","link":"https:\/\/regiaonews.net.br\/2022\/2023\/04\/24\/estudantes-da-rede-municipal-de-ensino-participam-da-53a-expo-agropecuaria-barretos\/","title":{"rendered":"Estudantes da rede municipal de ensino participam da 53\u00aa Expo Agropecu\u00e1ria"},"content":{"rendered":"<h3 style=\"text-align: center;\">Cerca de 500 alunos participaram de atividades educativas durante o evento realizado no Recinto Paulo de Lima Corr\u00eaa.<\/h3>\n<p>A Prefeitura da Est\u00e2ncia Tur\u00edstica de Barretos, por meio da Secretaria Municipal de Educa\u00e7\u00e3o, levou cerca de 500 alunos da rede municipal de ensino \u00e0 53\u00aa edi\u00e7\u00e3o da Expo Agropecu\u00e1ria Barretos, realizada no Recinto Paulo de Lima Corr\u00eaa, entre os dias 20 e 23 de abril.<br \/>\nNa quinta-feira, 20, primeiro dia da Expo, os estudantes participaram de tour guiado pela pesquisadora Sueli Fernandes e de atividades educativas com o Workshop \u201cPecuaristas do Futuro\u201d. Durante a manh\u00e3, a prefeita Paula Lemos visitou a feira e se encontrou com os alunos. \u201cCom esses passeios proporcionamos o encontro destas crian\u00e7as com as nossas ra\u00edzes e mostramos a import\u00e2ncia da nossa cultura e tradi\u00e7\u00f5es\u201d, destacou.<br \/>\nDe acordo com a coordenadora do Projeto de Per\u00edodo Integral, Eliane Vizicato, a visita \u00e9 uma oportunidade dos alunos conhecerem, de forma l\u00fadica e din\u00e2mica, um pouco da cultura barretense. \u201cFoi um momento \u00edmpar, muito importante para o desenvolvimento do processo de ensino aprendizagem dos nossos alunos\u201d, contou. Sobre a participa\u00e7\u00e3o das crian\u00e7as, Eliane completou: \u201cEles ficaram deslumbrados, muitos n\u00e3o conheciam o Recinto. A Sueli tamb\u00e9m falou da preserva\u00e7\u00e3o do meio ambiente e a respeito de temas que com certeza ser\u00e3o de grande valia para este processo\u201d.<\/p>\n<p>&nbsp;<\/p>\n","protected":false},"excerpt":{"rendered":"<p>Cerca de 500 alunos participaram de atividades educativas durante o<\/p>\n","protected":false},"author":2,"featured_media":87052,"comment_status":"open","ping_status":"open","sticky":false,"template":"","format":"standard","meta":{"footnotes":""},"categories":[14,3],"tags":[],"class_list":["post-87054","post","type-post","status-publish","format-standard","has-post-thumbnail","hentry","category-barretos","category-geral"],"yoast_head":"<!-- This site is optimized with the Yoast SEO plugin v27.5 - https:\/\/yoast.com\/product\/yoast-seo-wordpress\/ -->\n<title>Estudantes da rede municipal de ensino participam da 53\u00aa Expo Agropecu\u00e1ria - Regi\u00e3o News<\/title>\n<meta name=\"robots\" content=\"index, follow, max-snippet:-1, max-image-preview:large, max-video-preview:-1\" \/>\n<link rel=\"canonical\" href=\"https:\/\/regiaonews.net.br\/2022\/2023\/04\/24\/estudantes-da-rede-municipal-de-ensino-participam-da-53a-expo-agropecuaria-barretos\/\" \/>\n<meta property=\"og:locale\" content=\"pt_BR\" \/>\n<meta property=\"og:type\" content=\"article\" \/>\n<meta property=\"og:title\" content=\"Estudantes da rede municipal de ensino participam da 53\u00aa Expo Agropecu\u00e1ria - Regi\u00e3o News\" \/>\n<meta property=\"og:description\" content=\"Cerca de 500 alunos participaram de atividades educativas durante o\" \/>\n<meta property=\"og:url\" content=\"https:\/\/regiaonews.net.br\/2022\/2023\/04\/24\/estudantes-da-rede-municipal-de-ensino-participam-da-53a-expo-agropecuaria-barretos\/\" \/>\n<meta property=\"og:site_name\" content=\"Regi\u00e3o News\" \/>\n<meta property=\"article:published_time\" content=\"2023-04-24T20:58:51+00:00\" \/>\n<meta property=\"article:modified_time\" content=\"2023-04-26T08:51:43+00:00\" \/>\n<meta property=\"og:image\" content=\"https:\/\/regiaonews.net.br\/2022\/wp-content\/uploads\/2023\/04\/Imagem-do-WhatsApp-de-2023-04-24-as-17.55.48.jpg\" \/>\n\t<meta property=\"og:image:width\" content=\"1600\" \/>\n\t<meta property=\"og:image:height\" content=\"1068\" \/>\n\t<meta property=\"og:image:type\" content=\"image\/jpeg\" \/>\n<meta name=\"author\" content=\"Roberto\" \/>\n<meta name=\"twitter:card\" content=\"summary_large_image\" \/>\n<meta name=\"twitter:label1\" content=\"Escrito por\" \/>\n\t<meta name=\"twitter:data1\" content=\"Roberto\" \/>\n\t<meta name=\"twitter:label2\" content=\"Est. tempo de leitura\" \/>\n\t<meta name=\"twitter:data2\" content=\"2 minutos\" \/>\n<script type=\"application\/ld+json\" class=\"yoast-schema-graph\">{\"@context\":\"https:\\\/\\\/schema.org\",\"@graph\":[{\"@type\":\"Article\",\"@id\":\"https:\\\/\\\/regiaonews.net.br\\\/2022\\\/2023\\\/04\\\/24\\\/estudantes-da-rede-municipal-de-ensino-participam-da-53a-expo-agropecuaria-barretos\\\/#article\",\"isPartOf\":{\"@id\":\"https:\\\/\\\/regiaonews.net.br\\\/2022\\\/2023\\\/04\\\/24\\\/estudantes-da-rede-municipal-de-ensino-participam-da-53a-expo-agropecuaria-barretos\\\/\"},\"author\":{\"name\":\"Roberto\",\"@id\":\"https:\\\/\\\/regiaonews.net.br\\\/2022\\\/#\\\/schema\\\/person\\\/2d205a608a5aa97ac279d7a5e6d89ad8\"},\"headline\":\"Estudantes da rede municipal de ensino participam da 53\u00aa Expo Agropecu\u00e1ria\",\"datePublished\":\"2023-04-24T20:58:51+00:00\",\"dateModified\":\"2023-04-26T08:51:43+00:00\",\"mainEntityOfPage\":{\"@id\":\"https:\\\/\\\/regiaonews.net.br\\\/2022\\\/2023\\\/04\\\/24\\\/estudantes-da-rede-municipal-de-ensino-participam-da-53a-expo-agropecuaria-barretos\\\/\"},\"wordCount\":240,\"commentCount\":0,\"publisher\":{\"@id\":\"https:\\\/\\\/regiaonews.net.br\\\/2022\\\/#organization\"},\"image\":{\"@id\":\"https:\\\/\\\/regiaonews.net.br\\\/2022\\\/2023\\\/04\\\/24\\\/estudantes-da-rede-municipal-de-ensino-participam-da-53a-expo-agropecuaria-barretos\\\/#primaryimage\"},\"thumbnailUrl\":\"https:\\\/\\\/regiaonews.net.br\\\/2022\\\/wp-content\\\/uploads\\\/2023\\\/04\\\/Imagem-do-WhatsApp-de-2023-04-24-as-17.55.48.jpg\",\"articleSection\":[\"Barretos\",\"Geral\"],\"inLanguage\":\"pt-BR\",\"potentialAction\":[{\"@type\":\"CommentAction\",\"name\":\"Comment\",\"target\":[\"https:\\\/\\\/regiaonews.net.br\\\/2022\\\/2023\\\/04\\\/24\\\/estudantes-da-rede-municipal-de-ensino-participam-da-53a-expo-agropecuaria-barretos\\\/#respond\"]}]},{\"@type\":\"WebPage\",\"@id\":\"https:\\\/\\\/regiaonews.net.br\\\/2022\\\/2023\\\/04\\\/24\\\/estudantes-da-rede-municipal-de-ensino-participam-da-53a-expo-agropecuaria-barretos\\\/\",\"url\":\"https:\\\/\\\/regiaonews.net.br\\\/2022\\\/2023\\\/04\\\/24\\\/estudantes-da-rede-municipal-de-ensino-participam-da-53a-expo-agropecuaria-barretos\\\/\",\"name\":\"Estudantes da rede municipal de ensino participam da 53\u00aa Expo Agropecu\u00e1ria - Regi\u00e3o News\",\"isPartOf\":{\"@id\":\"https:\\\/\\\/regiaonews.net.br\\\/2022\\\/#website\"},\"primaryImageOfPage\":{\"@id\":\"https:\\\/\\\/regiaonews.net.br\\\/2022\\\/2023\\\/04\\\/24\\\/estudantes-da-rede-municipal-de-ensino-participam-da-53a-expo-agropecuaria-barretos\\\/#primaryimage\"},\"image\":{\"@id\":\"https:\\\/\\\/regiaonews.net.br\\\/2022\\\/2023\\\/04\\\/24\\\/estudantes-da-rede-municipal-de-ensino-participam-da-53a-expo-agropecuaria-barretos\\\/#primaryimage\"},\"thumbnailUrl\":\"https:\\\/\\\/regiaonews.net.br\\\/2022\\\/wp-content\\\/uploads\\\/2023\\\/04\\\/Imagem-do-WhatsApp-de-2023-04-24-as-17.55.48.jpg\",\"datePublished\":\"2023-04-24T20:58:51+00:00\",\"dateModified\":\"2023-04-26T08:51:43+00:00\",\"breadcrumb\":{\"@id\":\"https:\\\/\\\/regiaonews.net.br\\\/2022\\\/2023\\\/04\\\/24\\\/estudantes-da-rede-municipal-de-ensino-participam-da-53a-expo-agropecuaria-barretos\\\/#breadcrumb\"},\"inLanguage\":\"pt-BR\",\"potentialAction\":[{\"@type\":\"ReadAction\",\"target\":[\"https:\\\/\\\/regiaonews.net.br\\\/2022\\\/2023\\\/04\\\/24\\\/estudantes-da-rede-municipal-de-ensino-participam-da-53a-expo-agropecuaria-barretos\\\/\"]}]},{\"@type\":\"ImageObject\",\"inLanguage\":\"pt-BR\",\"@id\":\"https:\\\/\\\/regiaonews.net.br\\\/2022\\\/2023\\\/04\\\/24\\\/estudantes-da-rede-municipal-de-ensino-participam-da-53a-expo-agropecuaria-barretos\\\/#primaryimage\",\"url\":\"https:\\\/\\\/regiaonews.net.br\\\/2022\\\/wp-content\\\/uploads\\\/2023\\\/04\\\/Imagem-do-WhatsApp-de-2023-04-24-as-17.55.48.jpg\",\"contentUrl\":\"https:\\\/\\\/regiaonews.net.br\\\/2022\\\/wp-content\\\/uploads\\\/2023\\\/04\\\/Imagem-do-WhatsApp-de-2023-04-24-as-17.55.48.jpg\",\"width\":1600,\"height\":1068},{\"@type\":\"BreadcrumbList\",\"@id\":\"https:\\\/\\\/regiaonews.net.br\\\/2022\\\/2023\\\/04\\\/24\\\/estudantes-da-rede-municipal-de-ensino-participam-da-53a-expo-agropecuaria-barretos\\\/#breadcrumb\",\"itemListElement\":[{\"@type\":\"ListItem\",\"position\":1,\"name\":\"In\u00edcio\",\"item\":\"https:\\\/\\\/regiaonews.net.br\\\/2022\\\/\"},{\"@type\":\"ListItem\",\"position\":2,\"name\":\"Estudantes da rede municipal de ensino participam da 53\u00aa Expo Agropecu\u00e1ria\"}]},{\"@type\":\"WebSite\",\"@id\":\"https:\\\/\\\/regiaonews.net.br\\\/2022\\\/#website\",\"url\":\"https:\\\/\\\/regiaonews.net.br\\\/2022\\\/\",\"name\":\"Regi\u00e3o News\",\"description\":\"Site de Not\u00edcias de Barretos e regi\u00e3o\",\"publisher\":{\"@id\":\"https:\\\/\\\/regiaonews.net.br\\\/2022\\\/#organization\"},\"potentialAction\":[{\"@type\":\"SearchAction\",\"target\":{\"@type\":\"EntryPoint\",\"urlTemplate\":\"https:\\\/\\\/regiaonews.net.br\\\/2022\\\/?s={search_term_string}\"},\"query-input\":{\"@type\":\"PropertyValueSpecification\",\"valueRequired\":true,\"valueName\":\"search_term_string\"}}],\"inLanguage\":\"pt-BR\"},{\"@type\":\"Organization\",\"@id\":\"https:\\\/\\\/regiaonews.net.br\\\/2022\\\/#organization\",\"name\":\"Regi\u00e3o News\",\"url\":\"https:\\\/\\\/regiaonews.net.br\\\/2022\\\/\",\"logo\":{\"@type\":\"ImageObject\",\"inLanguage\":\"pt-BR\",\"@id\":\"https:\\\/\\\/regiaonews.net.br\\\/2022\\\/#\\\/schema\\\/logo\\\/image\\\/\",\"url\":\"https:\\\/\\\/regiaonews.net.br\\\/2022\\\/wp-content\\\/uploads\\\/2026\\\/03\\\/regiao-13-anos-scaled.jpg\",\"contentUrl\":\"https:\\\/\\\/regiaonews.net.br\\\/2022\\\/wp-content\\\/uploads\\\/2026\\\/03\\\/regiao-13-anos-scaled.jpg\",\"width\":2560,\"height\":635,\"caption\":\"Regi\u00e3o News\"},\"image\":{\"@id\":\"https:\\\/\\\/regiaonews.net.br\\\/2022\\\/#\\\/schema\\\/logo\\\/image\\\/\"}},{\"@type\":\"Person\",\"@id\":\"https:\\\/\\\/regiaonews.net.br\\\/2022\\\/#\\\/schema\\\/person\\\/2d205a608a5aa97ac279d7a5e6d89ad8\",\"name\":\"Roberto\",\"image\":{\"@type\":\"ImageObject\",\"inLanguage\":\"pt-BR\",\"@id\":\"https:\\\/\\\/secure.gravatar.com\\\/avatar\\\/42749d8b712ff9d59ca93dc150494e5b55a44134482993f5baeb97e61b7ecc89?s=96&d=mm&r=g\",\"url\":\"https:\\\/\\\/secure.gravatar.com\\\/avatar\\\/42749d8b712ff9d59ca93dc150494e5b55a44134482993f5baeb97e61b7ecc89?s=96&d=mm&r=g\",\"contentUrl\":\"https:\\\/\\\/secure.gravatar.com\\\/avatar\\\/42749d8b712ff9d59ca93dc150494e5b55a44134482993f5baeb97e61b7ecc89?s=96&d=mm&r=g\",\"caption\":\"Roberto\"},\"url\":\"https:\\\/\\\/regiaonews.net.br\\\/2022\\\/author\\\/roberto\\\/\"}]}<\/script>\n<!-- \/ Yoast SEO plugin. -->","yoast_head_json":{"title":"Estudantes da rede municipal de ensino participam da 53\u00aa Expo Agropecu\u00e1ria - Regi\u00e3o News","robots":{"index":"index","follow":"follow","max-snippet":"max-snippet:-1","max-image-preview":"max-image-preview:large","max-video-preview":"max-video-preview:-1"},"canonical":"https:\/\/regiaonews.net.br\/2022\/2023\/04\/24\/estudantes-da-rede-municipal-de-ensino-participam-da-53a-expo-agropecuaria-barretos\/","og_locale":"pt_BR","og_type":"article","og_title":"Estudantes da rede municipal de ensino participam da 53\u00aa Expo Agropecu\u00e1ria - Regi\u00e3o News","og_description":"Cerca de 500 alunos participaram de atividades educativas durante o","og_url":"https:\/\/regiaonews.net.br\/2022\/2023\/04\/24\/estudantes-da-rede-municipal-de-ensino-participam-da-53a-expo-agropecuaria-barretos\/","og_site_name":"Regi\u00e3o News","article_published_time":"2023-04-24T20:58:51+00:00","article_modified_time":"2023-04-26T08:51:43+00:00","og_image":[{"width":1600,"height":1068,"url":"https:\/\/regiaonews.net.br\/2022\/wp-content\/uploads\/2023\/04\/Imagem-do-WhatsApp-de-2023-04-24-as-17.55.48.jpg","type":"image\/jpeg"}],"author":"Roberto","twitter_card":"summary_large_image","twitter_misc":{"Escrito por":"Roberto","Est. tempo de leitura":"2 minutos"},"schema":{"@context":"https:\/\/schema.org","@graph":[{"@type":"Article","@id":"https:\/\/regiaonews.net.br\/2022\/2023\/04\/24\/estudantes-da-rede-municipal-de-ensino-participam-da-53a-expo-agropecuaria-barretos\/#article","isPartOf":{"@id":"https:\/\/regiaonews.net.br\/2022\/2023\/04\/24\/estudantes-da-rede-municipal-de-ensino-participam-da-53a-expo-agropecuaria-barretos\/"},"author":{"name":"Roberto","@id":"https:\/\/regiaonews.net.br\/2022\/#\/schema\/person\/2d205a608a5aa97ac279d7a5e6d89ad8"},"headline":"Estudantes da rede municipal de ensino participam da 53\u00aa Expo Agropecu\u00e1ria","datePublished":"2023-04-24T20:58:51+00:00","dateModified":"2023-04-26T08:51:43+00:00","mainEntityOfPage":{"@id":"https:\/\/regiaonews.net.br\/2022\/2023\/04\/24\/estudantes-da-rede-municipal-de-ensino-participam-da-53a-expo-agropecuaria-barretos\/"},"wordCount":240,"commentCount":0,"publisher":{"@id":"https:\/\/regiaonews.net.br\/2022\/#organization"},"image":{"@id":"https:\/\/regiaonews.net.br\/2022\/2023\/04\/24\/estudantes-da-rede-municipal-de-ensino-participam-da-53a-expo-agropecuaria-barretos\/#primaryimage"},"thumbnailUrl":"https:\/\/regiaonews.net.br\/2022\/wp-content\/uploads\/2023\/04\/Imagem-do-WhatsApp-de-2023-04-24-as-17.55.48.jpg","articleSection":["Barretos","Geral"],"inLanguage":"pt-BR","potentialAction":[{"@type":"CommentAction","name":"Comment","target":["https:\/\/regiaonews.net.br\/2022\/2023\/04\/24\/estudantes-da-rede-municipal-de-ensino-participam-da-53a-expo-agropecuaria-barretos\/#respond"]}]},{"@type":"WebPage","@id":"https:\/\/regiaonews.net.br\/2022\/2023\/04\/24\/estudantes-da-rede-municipal-de-ensino-participam-da-53a-expo-agropecuaria-barretos\/","url":"https:\/\/regiaonews.net.br\/2022\/2023\/04\/24\/estudantes-da-rede-municipal-de-ensino-participam-da-53a-expo-agropecuaria-barretos\/","name":"Estudantes da rede municipal de ensino participam da 53\u00aa Expo Agropecu\u00e1ria - Regi\u00e3o News","isPartOf":{"@id":"https:\/\/regiaonews.net.br\/2022\/#website"},"primaryImageOfPage":{"@id":"https:\/\/regiaonews.net.br\/2022\/2023\/04\/24\/estudantes-da-rede-municipal-de-ensino-participam-da-53a-expo-agropecuaria-barretos\/#primaryimage"},"image":{"@id":"https:\/\/regiaonews.net.br\/2022\/2023\/04\/24\/estudantes-da-rede-municipal-de-ensino-participam-da-53a-expo-agropecuaria-barretos\/#primaryimage"},"thumbnailUrl":"https:\/\/regiaonews.net.br\/2022\/wp-content\/uploads\/2023\/04\/Imagem-do-WhatsApp-de-2023-04-24-as-17.55.48.jpg","datePublished":"2023-04-24T20:58:51+00:00","dateModified":"2023-04-26T08:51:43+00:00","breadcrumb":{"@id":"https:\/\/regiaonews.net.br\/2022\/2023\/04\/24\/estudantes-da-rede-municipal-de-ensino-participam-da-53a-expo-agropecuaria-barretos\/#breadcrumb"},"inLanguage":"pt-BR","potentialAction":[{"@type":"ReadAction","target":["https:\/\/regiaonews.net.br\/2022\/2023\/04\/24\/estudantes-da-rede-municipal-de-ensino-participam-da-53a-expo-agropecuaria-barretos\/"]}]},{"@type":"ImageObject","inLanguage":"pt-BR","@id":"https:\/\/regiaonews.net.br\/2022\/2023\/04\/24\/estudantes-da-rede-municipal-de-ensino-participam-da-53a-expo-agropecuaria-barretos\/#primaryimage","url":"https:\/\/regiaonews.net.br\/2022\/wp-content\/uploads\/2023\/04\/Imagem-do-WhatsApp-de-2023-04-24-as-17.55.48.jpg","contentUrl":"https:\/\/regiaonews.net.br\/2022\/wp-content\/uploads\/2023\/04\/Imagem-do-WhatsApp-de-2023-04-24-as-17.55.48.jpg","width":1600,"height":1068},{"@type":"BreadcrumbList","@id":"https:\/\/regiaonews.net.br\/2022\/2023\/04\/24\/estudantes-da-rede-municipal-de-ensino-participam-da-53a-expo-agropecuaria-barretos\/#breadcrumb","itemListElement":[{"@type":"ListItem","position":1,"name":"In\u00edcio","item":"https:\/\/regiaonews.net.br\/2022\/"},{"@type":"ListItem","position":2,"name":"Estudantes da rede municipal de ensino participam da 53\u00aa Expo Agropecu\u00e1ria"}]},{"@type":"WebSite","@id":"https:\/\/regiaonews.net.br\/2022\/#website","url":"https:\/\/regiaonews.net.br\/2022\/","name":"Regi\u00e3o News","description":"Site de Not\u00edcias de Barretos e regi\u00e3o","publisher":{"@id":"https:\/\/regiaonews.net.br\/2022\/#organization"},"potentialAction":[{"@type":"SearchAction","target":{"@type":"EntryPoint","urlTemplate":"https:\/\/regiaonews.net.br\/2022\/?s={search_term_string}"},"query-input":{"@type":"PropertyValueSpecification","valueRequired":true,"valueName":"search_term_string"}}],"inLanguage":"pt-BR"},{"@type":"Organization","@id":"https:\/\/regiaonews.net.br\/2022\/#organization","name":"Regi\u00e3o News","url":"https:\/\/regiaonews.net.br\/2022\/","logo":{"@type":"ImageObject","inLanguage":"pt-BR","@id":"https:\/\/regiaonews.net.br\/2022\/#\/schema\/logo\/image\/","url":"https:\/\/regiaonews.net.br\/2022\/wp-content\/uploads\/2026\/03\/regiao-13-anos-scaled.jpg","contentUrl":"https:\/\/regiaonews.net.br\/2022\/wp-content\/uploads\/2026\/03\/regiao-13-anos-scaled.jpg","width":2560,"height":635,"caption":"Regi\u00e3o News"},"image":{"@id":"https:\/\/regiaonews.net.br\/2022\/#\/schema\/logo\/image\/"}},{"@type":"Person","@id":"https:\/\/regiaonews.net.br\/2022\/#\/schema\/person\/2d205a608a5aa97ac279d7a5e6d89ad8","name":"Roberto","image":{"@type":"ImageObject","inLanguage":"pt-BR","@id":"https:\/\/secure.gravatar.com\/avatar\/42749d8b712ff9d59ca93dc150494e5b55a44134482993f5baeb97e61b7ecc89?s=96&d=mm&r=g","url":"https:\/\/secure.gravatar.com\/avatar\/42749d8b712ff9d59ca93dc150494e5b55a44134482993f5baeb97e61b7ecc89?s=96&d=mm&r=g","contentUrl":"https:\/\/secure.gravatar.com\/avatar\/42749d8b712ff9d59ca93dc150494e5b55a44134482993f5baeb97e61b7ecc89?s=96&d=mm&r=g","caption":"Roberto"},"url":"https:\/\/regiaonews.net.br\/2022\/author\/roberto\/"}]}},"publishpress_future_action":{"enabled":false,"date":"2026-05-10 06:38:39","action":"change-status","newStatus":"draft","terms":[],"taxonomy":"category","extraData":[]},"publishpress_future_workflow_manual_trigger":{"enabledWorkflows":[]},"_links":{"self":[{"href":"https:\/\/regiaonews.net.br\/2022\/wp-json\/wp\/v2\/posts\/87054","targetHints":{"allow":["GET"]}}],"collection":[{"href":"https:\/\/regiaonews.net.br\/2022\/wp-json\/wp\/v2\/posts"}],"about":[{"href":"https:\/\/regiaonews.net.br\/2022\/wp-json\/wp\/v2\/types\/post"}],"author":[{"embeddable":true,"href":"https:\/\/regiaonews.net.br\/2022\/wp-json\/wp\/v2\/users\/2"}],"replies":[{"embeddable":true,"href":"https:\/\/regiaonews.net.br\/2022\/wp-json\/wp\/v2\/comments?post=87054"}],"version-history":[{"count":3,"href":"https:\/\/regiaonews.net.br\/2022\/wp-json\/wp\/v2\/posts\/87054\/revisions"}],"predecessor-version":[{"id":87111,"href":"https:\/\/regiaonews.net.br\/2022\/wp-json\/wp\/v2\/posts\/87054\/revisions\/87111"}],"wp:featuredmedia":[{"embeddable":true,"href":"https:\/\/regiaonews.net.br\/2022\/wp-json\/wp\/v2\/media\/87052"}],"wp:attachment":[{"href":"https:\/\/regiaonews.net.br\/2022\/wp-json\/wp\/v2\/media?parent=87054"}],"wp:term":[{"taxonomy":"category","embeddable":true,"href":"https:\/\/regiaonews.net.br\/2022\/wp-json\/wp\/v2\/categories?post=87054"},{"taxonomy":"post_tag","embeddable":true,"href":"https:\/\/regiaonews.net.br\/2022\/wp-json\/wp\/v2\/tags?post=87054"}],"curies":[{"name":"wp","href":"https:\/\/api.w.org\/{rel}","templated":true}]}}