{"id":86942,"date":"2023-04-21T08:33:39","date_gmt":"2023-04-21T11:33:39","guid":{"rendered":"https:\/\/regiaonews.net.br\/2022\/?p=86942"},"modified":"2023-04-21T12:46:48","modified_gmt":"2023-04-21T15:46:48","slug":"colina-completa-hoje-97-anos-com-extensa-programacao","status":"publish","type":"post","link":"https:\/\/regiaonews.net.br\/2022\/2023\/04\/21\/colina-completa-hoje-97-anos-com-extensa-programacao\/","title":{"rendered":"Colina completa hoje 97 anos com extensa programa\u00e7\u00e3o"},"content":{"rendered":"<div class=\"news-section-info clearfix\">\n<p class=\"section-title\">Foto &#8211; Prefeito Dieb Taha e o vice S\u00e9rgio Campanholi<\/p>\n<\/div>\n<div class=\"single-news-content\">\n<div class=\"news-detail clearfix\">\n<div class=\"news-content editor-content-entry\">\n<p>A cidade de Colina celebra hoje\u00a0 os seus 97 anos de emancipa\u00e7\u00e3o pol\u00edtico-administrativa. Com eventos art\u00edsticos, culturais, c\u00edvicos, esportivos e inaugura\u00e7\u00f5es, nos dias 20, 21, 22 e 23 de abril, na Pra\u00e7a do Museu Municipal.<\/p>\n<p>Os festejos tiveram n\u00edcio na noite de quinta-feira, 20 de abril, com show de Duduca &amp; Dalvan e, em seguida, DJ Carla Rodrigues.<\/p>\n<p>Hoje dia 21, anivers\u00e1rio de Colina, acontecer\u00e1 o Ato C\u00edvico; Corrida Pedestre Regional; a solenidade de inaugura\u00e7\u00e3o do Programa Cozinhalimento; Coorperativa de Costura; Sanit\u00e1rios Pra\u00e7a do bairro COHAB 3; Sanit\u00e1rios Parque D\u00e9bora Paro; Quadra Sint\u00e9tica do Jardim Santa L\u00facia; Academia Adaptada do bairro Nosso Teto; Academia ao Ar Livre da COHAB 3; abertura de travessias para pedestres e abertura de travessias para ve\u00edculos; o Encontro de Carros Antigos e interven\u00e7\u00f5es com Oficinas Culturais \u2013 A Rede de Desenvolvimento Social.\u00a0 A noite acontecer\u00e1 show com a Banda Psicodella e, logo ap\u00f3s, a dupla Z\u00e9 Vitor &amp; Eduardo.<\/p>\n<p>&nbsp;<\/p>\n<p>Na tarde de s\u00e1bado, dia 22, acontecer\u00e1 o treino oficial de Motocross no Recinto Municipal. A noite, show Sandami (ex-vocalista do Samb\u00f4) e, em seguida, DJ Carla Rodrigues.<\/p>\n<p>Na manh\u00e3 de domingo, 23 de abril, acontecer\u00e1 a rodada de jogos do 1\u00ba Turno do Campeonato Municipal de Futebol Veterano 2023, com partidas no Est\u00e1dio do Colina Atl\u00e9tico e no Campo Municipal da Nova Colina. No per\u00edodo da tarde, a tradicional Prova Regional de Motocross no Recinto Municipal e, a partir das 18h, shows com a dupla J\u00fanior &amp; Rafael e, ap\u00f3s, Jorge &amp; J\u00e9ssica no Museu Municipal.<\/p>\n<p>A organiza\u00e7\u00e3o dos festejos envolve a a\u00e7\u00e3o conjunta da Secretaria Municipal de Educa\u00e7\u00e3o e Cultura e da Secretaria Municipal de Esportes, Turismo e Lazer, com o apoio das demais Secretarias e da C\u00e2mara Municipal, para oferecer \u00e0 popula\u00e7\u00e3o lazer e entretenimento de qualidade em comemora\u00e7\u00e3o ao anivers\u00e1rio da cidade.<\/p>\n<p>O Prefeito Municipal de Colina, Dieb Taha, informou que \u00e9 preciso manter a tradi\u00e7\u00e3o c\u00edvica, incentivar o esporte, as atra\u00e7\u00f5es art\u00edsticas e culturais, bem como o progresso, por meio da realiza\u00e7\u00e3o de programas e obras. \u201cQuero convidar toda a popula\u00e7\u00e3o para juntos comemorarmos, de 20 a 23 de abril, os 97 anos de progresso de nossa cidade. Ser\u00e1 mais uma bonita festa, dedicada \u00e0s fam\u00edlias\u201d.<\/p>\n<\/div>\n<p>Confira um v\u00eddeo comemorativo do anivers\u00e1rio de Colina<\/p>\n<div style=\"width: 640px;\" class=\"wp-video\"><video class=\"wp-video-shortcode\" id=\"video-86942-1\" width=\"640\" height=\"360\" preload=\"metadata\" controls=\"controls\"><source type=\"video\/mp4\" src=\"https:\/\/regiaonews.net.br\/2022\/wp-content\/uploads\/2023\/04\/342545671_948240263278608_1307381914081372187_n.mp4?_=1\" \/><a href=\"https:\/\/regiaonews.net.br\/2022\/wp-content\/uploads\/2023\/04\/342545671_948240263278608_1307381914081372187_n.mp4\">https:\/\/regiaonews.net.br\/2022\/wp-content\/uploads\/2023\/04\/342545671_948240263278608_1307381914081372187_n.mp4<\/a><\/video><\/div>\n<\/div>\n<\/div>\n","protected":false},"excerpt":{"rendered":"<p>Foto &#8211; Prefeito Dieb Taha e o vice S\u00e9rgio Campanholi<\/p>\n","protected":false},"author":2,"featured_media":86957,"comment_status":"open","ping_status":"open","sticky":false,"template":"","format":"standard","meta":{"footnotes":""},"categories":[5,111],"tags":[],"class_list":["post-86942","post","type-post","status-publish","format-standard","has-post-thumbnail","hentry","category-colina","category-cotidiano"],"yoast_head":"<!-- This site is optimized with the Yoast SEO plugin v27.4 - https:\/\/yoast.com\/product\/yoast-seo-wordpress\/ -->\n<title>Colina completa hoje 97 anos com extensa programa\u00e7\u00e3o - Regi\u00e3o News<\/title>\n<meta name=\"robots\" content=\"index, follow, max-snippet:-1, max-image-preview:large, max-video-preview:-1\" \/>\n<link rel=\"canonical\" href=\"https:\/\/regiaonews.net.br\/2022\/2023\/04\/21\/colina-completa-hoje-97-anos-com-extensa-programacao\/\" \/>\n<meta property=\"og:locale\" content=\"pt_BR\" \/>\n<meta property=\"og:type\" content=\"article\" \/>\n<meta property=\"og:title\" content=\"Colina completa hoje 97 anos com extensa programa\u00e7\u00e3o - Regi\u00e3o News\" \/>\n<meta property=\"og:description\" content=\"Foto &#8211; Prefeito Dieb Taha e o vice S\u00e9rgio Campanholi\" \/>\n<meta property=\"og:url\" content=\"https:\/\/regiaonews.net.br\/2022\/2023\/04\/21\/colina-completa-hoje-97-anos-com-extensa-programacao\/\" \/>\n<meta property=\"og:site_name\" content=\"Regi\u00e3o News\" \/>\n<meta property=\"article:published_time\" content=\"2023-04-21T11:33:39+00:00\" \/>\n<meta property=\"article:modified_time\" content=\"2023-04-21T15:46:48+00:00\" \/>\n<meta property=\"og:image\" content=\"https:\/\/regiaonews.net.br\/2022\/wp-content\/uploads\/2023\/04\/Dieb-e-Campanholi.jpg\" \/>\n\t<meta property=\"og:image:width\" content=\"1182\" \/>\n\t<meta property=\"og:image:height\" content=\"544\" \/>\n\t<meta property=\"og:image:type\" content=\"image\/jpeg\" \/>\n<meta name=\"author\" content=\"Roberto\" \/>\n<meta name=\"twitter:card\" content=\"summary_large_image\" \/>\n<meta name=\"twitter:label1\" content=\"Escrito por\" \/>\n\t<meta name=\"twitter:data1\" content=\"Roberto\" \/>\n\t<meta name=\"twitter:label2\" content=\"Est. tempo de leitura\" \/>\n\t<meta name=\"twitter:data2\" content=\"3 minutos\" \/>\n<script type=\"application\/ld+json\" class=\"yoast-schema-graph\">{\"@context\":\"https:\\\/\\\/schema.org\",\"@graph\":[{\"@type\":\"Article\",\"@id\":\"https:\\\/\\\/regiaonews.net.br\\\/2022\\\/2023\\\/04\\\/21\\\/colina-completa-hoje-97-anos-com-extensa-programacao\\\/#article\",\"isPartOf\":{\"@id\":\"https:\\\/\\\/regiaonews.net.br\\\/2022\\\/2023\\\/04\\\/21\\\/colina-completa-hoje-97-anos-com-extensa-programacao\\\/\"},\"author\":{\"name\":\"Roberto\",\"@id\":\"https:\\\/\\\/regiaonews.net.br\\\/2022\\\/#\\\/schema\\\/person\\\/2d205a608a5aa97ac279d7a5e6d89ad8\"},\"headline\":\"Colina completa hoje 97 anos com extensa programa\u00e7\u00e3o\",\"datePublished\":\"2023-04-21T11:33:39+00:00\",\"dateModified\":\"2023-04-21T15:46:48+00:00\",\"mainEntityOfPage\":{\"@id\":\"https:\\\/\\\/regiaonews.net.br\\\/2022\\\/2023\\\/04\\\/21\\\/colina-completa-hoje-97-anos-com-extensa-programacao\\\/\"},\"wordCount\":429,\"commentCount\":0,\"publisher\":{\"@id\":\"https:\\\/\\\/regiaonews.net.br\\\/2022\\\/#organization\"},\"image\":{\"@id\":\"https:\\\/\\\/regiaonews.net.br\\\/2022\\\/2023\\\/04\\\/21\\\/colina-completa-hoje-97-anos-com-extensa-programacao\\\/#primaryimage\"},\"thumbnailUrl\":\"https:\\\/\\\/regiaonews.net.br\\\/2022\\\/wp-content\\\/uploads\\\/2023\\\/04\\\/Dieb-e-Campanholi.jpg\",\"articleSection\":[\"Colina\",\"Cotidiano\"],\"inLanguage\":\"pt-BR\",\"potentialAction\":[{\"@type\":\"CommentAction\",\"name\":\"Comment\",\"target\":[\"https:\\\/\\\/regiaonews.net.br\\\/2022\\\/2023\\\/04\\\/21\\\/colina-completa-hoje-97-anos-com-extensa-programacao\\\/#respond\"]}]},{\"@type\":\"WebPage\",\"@id\":\"https:\\\/\\\/regiaonews.net.br\\\/2022\\\/2023\\\/04\\\/21\\\/colina-completa-hoje-97-anos-com-extensa-programacao\\\/\",\"url\":\"https:\\\/\\\/regiaonews.net.br\\\/2022\\\/2023\\\/04\\\/21\\\/colina-completa-hoje-97-anos-com-extensa-programacao\\\/\",\"name\":\"Colina completa hoje 97 anos com extensa programa\u00e7\u00e3o - Regi\u00e3o News\",\"isPartOf\":{\"@id\":\"https:\\\/\\\/regiaonews.net.br\\\/2022\\\/#website\"},\"primaryImageOfPage\":{\"@id\":\"https:\\\/\\\/regiaonews.net.br\\\/2022\\\/2023\\\/04\\\/21\\\/colina-completa-hoje-97-anos-com-extensa-programacao\\\/#primaryimage\"},\"image\":{\"@id\":\"https:\\\/\\\/regiaonews.net.br\\\/2022\\\/2023\\\/04\\\/21\\\/colina-completa-hoje-97-anos-com-extensa-programacao\\\/#primaryimage\"},\"thumbnailUrl\":\"https:\\\/\\\/regiaonews.net.br\\\/2022\\\/wp-content\\\/uploads\\\/2023\\\/04\\\/Dieb-e-Campanholi.jpg\",\"datePublished\":\"2023-04-21T11:33:39+00:00\",\"dateModified\":\"2023-04-21T15:46:48+00:00\",\"breadcrumb\":{\"@id\":\"https:\\\/\\\/regiaonews.net.br\\\/2022\\\/2023\\\/04\\\/21\\\/colina-completa-hoje-97-anos-com-extensa-programacao\\\/#breadcrumb\"},\"inLanguage\":\"pt-BR\",\"potentialAction\":[{\"@type\":\"ReadAction\",\"target\":[\"https:\\\/\\\/regiaonews.net.br\\\/2022\\\/2023\\\/04\\\/21\\\/colina-completa-hoje-97-anos-com-extensa-programacao\\\/\"]}]},{\"@type\":\"ImageObject\",\"inLanguage\":\"pt-BR\",\"@id\":\"https:\\\/\\\/regiaonews.net.br\\\/2022\\\/2023\\\/04\\\/21\\\/colina-completa-hoje-97-anos-com-extensa-programacao\\\/#primaryimage\",\"url\":\"https:\\\/\\\/regiaonews.net.br\\\/2022\\\/wp-content\\\/uploads\\\/2023\\\/04\\\/Dieb-e-Campanholi.jpg\",\"contentUrl\":\"https:\\\/\\\/regiaonews.net.br\\\/2022\\\/wp-content\\\/uploads\\\/2023\\\/04\\\/Dieb-e-Campanholi.jpg\",\"width\":1182,\"height\":544},{\"@type\":\"BreadcrumbList\",\"@id\":\"https:\\\/\\\/regiaonews.net.br\\\/2022\\\/2023\\\/04\\\/21\\\/colina-completa-hoje-97-anos-com-extensa-programacao\\\/#breadcrumb\",\"itemListElement\":[{\"@type\":\"ListItem\",\"position\":1,\"name\":\"In\u00edcio\",\"item\":\"https:\\\/\\\/regiaonews.net.br\\\/2022\\\/\"},{\"@type\":\"ListItem\",\"position\":2,\"name\":\"Colina completa hoje 97 anos com extensa programa\u00e7\u00e3o\"}]},{\"@type\":\"WebSite\",\"@id\":\"https:\\\/\\\/regiaonews.net.br\\\/2022\\\/#website\",\"url\":\"https:\\\/\\\/regiaonews.net.br\\\/2022\\\/\",\"name\":\"Regi\u00e3o News\",\"description\":\"Site de Not\u00edcias de Barretos e regi\u00e3o\",\"publisher\":{\"@id\":\"https:\\\/\\\/regiaonews.net.br\\\/2022\\\/#organization\"},\"potentialAction\":[{\"@type\":\"SearchAction\",\"target\":{\"@type\":\"EntryPoint\",\"urlTemplate\":\"https:\\\/\\\/regiaonews.net.br\\\/2022\\\/?s={search_term_string}\"},\"query-input\":{\"@type\":\"PropertyValueSpecification\",\"valueRequired\":true,\"valueName\":\"search_term_string\"}}],\"inLanguage\":\"pt-BR\"},{\"@type\":\"Organization\",\"@id\":\"https:\\\/\\\/regiaonews.net.br\\\/2022\\\/#organization\",\"name\":\"Regi\u00e3o News\",\"url\":\"https:\\\/\\\/regiaonews.net.br\\\/2022\\\/\",\"logo\":{\"@type\":\"ImageObject\",\"inLanguage\":\"pt-BR\",\"@id\":\"https:\\\/\\\/regiaonews.net.br\\\/2022\\\/#\\\/schema\\\/logo\\\/image\\\/\",\"url\":\"https:\\\/\\\/regiaonews.net.br\\\/2022\\\/wp-content\\\/uploads\\\/2026\\\/03\\\/regiao-13-anos-scaled.jpg\",\"contentUrl\":\"https:\\\/\\\/regiaonews.net.br\\\/2022\\\/wp-content\\\/uploads\\\/2026\\\/03\\\/regiao-13-anos-scaled.jpg\",\"width\":2560,\"height\":635,\"caption\":\"Regi\u00e3o News\"},\"image\":{\"@id\":\"https:\\\/\\\/regiaonews.net.br\\\/2022\\\/#\\\/schema\\\/logo\\\/image\\\/\"}},{\"@type\":\"Person\",\"@id\":\"https:\\\/\\\/regiaonews.net.br\\\/2022\\\/#\\\/schema\\\/person\\\/2d205a608a5aa97ac279d7a5e6d89ad8\",\"name\":\"Roberto\",\"image\":{\"@type\":\"ImageObject\",\"inLanguage\":\"pt-BR\",\"@id\":\"https:\\\/\\\/secure.gravatar.com\\\/avatar\\\/42749d8b712ff9d59ca93dc150494e5b55a44134482993f5baeb97e61b7ecc89?s=96&d=mm&r=g\",\"url\":\"https:\\\/\\\/secure.gravatar.com\\\/avatar\\\/42749d8b712ff9d59ca93dc150494e5b55a44134482993f5baeb97e61b7ecc89?s=96&d=mm&r=g\",\"contentUrl\":\"https:\\\/\\\/secure.gravatar.com\\\/avatar\\\/42749d8b712ff9d59ca93dc150494e5b55a44134482993f5baeb97e61b7ecc89?s=96&d=mm&r=g\",\"caption\":\"Roberto\"},\"url\":\"https:\\\/\\\/regiaonews.net.br\\\/2022\\\/author\\\/roberto\\\/\"}]}<\/script>\n<!-- \/ Yoast SEO plugin. -->","yoast_head_json":{"title":"Colina completa hoje 97 anos com extensa programa\u00e7\u00e3o - Regi\u00e3o News","robots":{"index":"index","follow":"follow","max-snippet":"max-snippet:-1","max-image-preview":"max-image-preview:large","max-video-preview":"max-video-preview:-1"},"canonical":"https:\/\/regiaonews.net.br\/2022\/2023\/04\/21\/colina-completa-hoje-97-anos-com-extensa-programacao\/","og_locale":"pt_BR","og_type":"article","og_title":"Colina completa hoje 97 anos com extensa programa\u00e7\u00e3o - Regi\u00e3o News","og_description":"Foto &#8211; Prefeito Dieb Taha e o vice S\u00e9rgio Campanholi","og_url":"https:\/\/regiaonews.net.br\/2022\/2023\/04\/21\/colina-completa-hoje-97-anos-com-extensa-programacao\/","og_site_name":"Regi\u00e3o News","article_published_time":"2023-04-21T11:33:39+00:00","article_modified_time":"2023-04-21T15:46:48+00:00","og_image":[{"width":1182,"height":544,"url":"https:\/\/regiaonews.net.br\/2022\/wp-content\/uploads\/2023\/04\/Dieb-e-Campanholi.jpg","type":"image\/jpeg"}],"author":"Roberto","twitter_card":"summary_large_image","twitter_misc":{"Escrito por":"Roberto","Est. tempo de leitura":"3 minutos"},"schema":{"@context":"https:\/\/schema.org","@graph":[{"@type":"Article","@id":"https:\/\/regiaonews.net.br\/2022\/2023\/04\/21\/colina-completa-hoje-97-anos-com-extensa-programacao\/#article","isPartOf":{"@id":"https:\/\/regiaonews.net.br\/2022\/2023\/04\/21\/colina-completa-hoje-97-anos-com-extensa-programacao\/"},"author":{"name":"Roberto","@id":"https:\/\/regiaonews.net.br\/2022\/#\/schema\/person\/2d205a608a5aa97ac279d7a5e6d89ad8"},"headline":"Colina completa hoje 97 anos com extensa programa\u00e7\u00e3o","datePublished":"2023-04-21T11:33:39+00:00","dateModified":"2023-04-21T15:46:48+00:00","mainEntityOfPage":{"@id":"https:\/\/regiaonews.net.br\/2022\/2023\/04\/21\/colina-completa-hoje-97-anos-com-extensa-programacao\/"},"wordCount":429,"commentCount":0,"publisher":{"@id":"https:\/\/regiaonews.net.br\/2022\/#organization"},"image":{"@id":"https:\/\/regiaonews.net.br\/2022\/2023\/04\/21\/colina-completa-hoje-97-anos-com-extensa-programacao\/#primaryimage"},"thumbnailUrl":"https:\/\/regiaonews.net.br\/2022\/wp-content\/uploads\/2023\/04\/Dieb-e-Campanholi.jpg","articleSection":["Colina","Cotidiano"],"inLanguage":"pt-BR","potentialAction":[{"@type":"CommentAction","name":"Comment","target":["https:\/\/regiaonews.net.br\/2022\/2023\/04\/21\/colina-completa-hoje-97-anos-com-extensa-programacao\/#respond"]}]},{"@type":"WebPage","@id":"https:\/\/regiaonews.net.br\/2022\/2023\/04\/21\/colina-completa-hoje-97-anos-com-extensa-programacao\/","url":"https:\/\/regiaonews.net.br\/2022\/2023\/04\/21\/colina-completa-hoje-97-anos-com-extensa-programacao\/","name":"Colina completa hoje 97 anos com extensa programa\u00e7\u00e3o - Regi\u00e3o News","isPartOf":{"@id":"https:\/\/regiaonews.net.br\/2022\/#website"},"primaryImageOfPage":{"@id":"https:\/\/regiaonews.net.br\/2022\/2023\/04\/21\/colina-completa-hoje-97-anos-com-extensa-programacao\/#primaryimage"},"image":{"@id":"https:\/\/regiaonews.net.br\/2022\/2023\/04\/21\/colina-completa-hoje-97-anos-com-extensa-programacao\/#primaryimage"},"thumbnailUrl":"https:\/\/regiaonews.net.br\/2022\/wp-content\/uploads\/2023\/04\/Dieb-e-Campanholi.jpg","datePublished":"2023-04-21T11:33:39+00:00","dateModified":"2023-04-21T15:46:48+00:00","breadcrumb":{"@id":"https:\/\/regiaonews.net.br\/2022\/2023\/04\/21\/colina-completa-hoje-97-anos-com-extensa-programacao\/#breadcrumb"},"inLanguage":"pt-BR","potentialAction":[{"@type":"ReadAction","target":["https:\/\/regiaonews.net.br\/2022\/2023\/04\/21\/colina-completa-hoje-97-anos-com-extensa-programacao\/"]}]},{"@type":"ImageObject","inLanguage":"pt-BR","@id":"https:\/\/regiaonews.net.br\/2022\/2023\/04\/21\/colina-completa-hoje-97-anos-com-extensa-programacao\/#primaryimage","url":"https:\/\/regiaonews.net.br\/2022\/wp-content\/uploads\/2023\/04\/Dieb-e-Campanholi.jpg","contentUrl":"https:\/\/regiaonews.net.br\/2022\/wp-content\/uploads\/2023\/04\/Dieb-e-Campanholi.jpg","width":1182,"height":544},{"@type":"BreadcrumbList","@id":"https:\/\/regiaonews.net.br\/2022\/2023\/04\/21\/colina-completa-hoje-97-anos-com-extensa-programacao\/#breadcrumb","itemListElement":[{"@type":"ListItem","position":1,"name":"In\u00edcio","item":"https:\/\/regiaonews.net.br\/2022\/"},{"@type":"ListItem","position":2,"name":"Colina completa hoje 97 anos com extensa programa\u00e7\u00e3o"}]},{"@type":"WebSite","@id":"https:\/\/regiaonews.net.br\/2022\/#website","url":"https:\/\/regiaonews.net.br\/2022\/","name":"Regi\u00e3o News","description":"Site de Not\u00edcias de Barretos e regi\u00e3o","publisher":{"@id":"https:\/\/regiaonews.net.br\/2022\/#organization"},"potentialAction":[{"@type":"SearchAction","target":{"@type":"EntryPoint","urlTemplate":"https:\/\/regiaonews.net.br\/2022\/?s={search_term_string}"},"query-input":{"@type":"PropertyValueSpecification","valueRequired":true,"valueName":"search_term_string"}}],"inLanguage":"pt-BR"},{"@type":"Organization","@id":"https:\/\/regiaonews.net.br\/2022\/#organization","name":"Regi\u00e3o News","url":"https:\/\/regiaonews.net.br\/2022\/","logo":{"@type":"ImageObject","inLanguage":"pt-BR","@id":"https:\/\/regiaonews.net.br\/2022\/#\/schema\/logo\/image\/","url":"https:\/\/regiaonews.net.br\/2022\/wp-content\/uploads\/2026\/03\/regiao-13-anos-scaled.jpg","contentUrl":"https:\/\/regiaonews.net.br\/2022\/wp-content\/uploads\/2026\/03\/regiao-13-anos-scaled.jpg","width":2560,"height":635,"caption":"Regi\u00e3o News"},"image":{"@id":"https:\/\/regiaonews.net.br\/2022\/#\/schema\/logo\/image\/"}},{"@type":"Person","@id":"https:\/\/regiaonews.net.br\/2022\/#\/schema\/person\/2d205a608a5aa97ac279d7a5e6d89ad8","name":"Roberto","image":{"@type":"ImageObject","inLanguage":"pt-BR","@id":"https:\/\/secure.gravatar.com\/avatar\/42749d8b712ff9d59ca93dc150494e5b55a44134482993f5baeb97e61b7ecc89?s=96&d=mm&r=g","url":"https:\/\/secure.gravatar.com\/avatar\/42749d8b712ff9d59ca93dc150494e5b55a44134482993f5baeb97e61b7ecc89?s=96&d=mm&r=g","contentUrl":"https:\/\/secure.gravatar.com\/avatar\/42749d8b712ff9d59ca93dc150494e5b55a44134482993f5baeb97e61b7ecc89?s=96&d=mm&r=g","caption":"Roberto"},"url":"https:\/\/regiaonews.net.br\/2022\/author\/roberto\/"}]}},"publishpress_future_action":{"enabled":false,"date":"2026-05-02 02:24:52","action":"change-status","newStatus":"draft","terms":[],"taxonomy":"category","extraData":[]},"publishpress_future_workflow_manual_trigger":{"enabledWorkflows":[]},"_links":{"self":[{"href":"https:\/\/regiaonews.net.br\/2022\/wp-json\/wp\/v2\/posts\/86942","targetHints":{"allow":["GET"]}}],"collection":[{"href":"https:\/\/regiaonews.net.br\/2022\/wp-json\/wp\/v2\/posts"}],"about":[{"href":"https:\/\/regiaonews.net.br\/2022\/wp-json\/wp\/v2\/types\/post"}],"author":[{"embeddable":true,"href":"https:\/\/regiaonews.net.br\/2022\/wp-json\/wp\/v2\/users\/2"}],"replies":[{"embeddable":true,"href":"https:\/\/regiaonews.net.br\/2022\/wp-json\/wp\/v2\/comments?post=86942"}],"version-history":[{"count":4,"href":"https:\/\/regiaonews.net.br\/2022\/wp-json\/wp\/v2\/posts\/86942\/revisions"}],"predecessor-version":[{"id":86959,"href":"https:\/\/regiaonews.net.br\/2022\/wp-json\/wp\/v2\/posts\/86942\/revisions\/86959"}],"wp:featuredmedia":[{"embeddable":true,"href":"https:\/\/regiaonews.net.br\/2022\/wp-json\/wp\/v2\/media\/86957"}],"wp:attachment":[{"href":"https:\/\/regiaonews.net.br\/2022\/wp-json\/wp\/v2\/media?parent=86942"}],"wp:term":[{"taxonomy":"category","embeddable":true,"href":"https:\/\/regiaonews.net.br\/2022\/wp-json\/wp\/v2\/categories?post=86942"},{"taxonomy":"post_tag","embeddable":true,"href":"https:\/\/regiaonews.net.br\/2022\/wp-json\/wp\/v2\/tags?post=86942"}],"curies":[{"name":"wp","href":"https:\/\/api.w.org\/{rel}","templated":true}]}}