{"id":86931,"date":"2023-04-20T18:15:41","date_gmt":"2023-04-20T21:15:41","guid":{"rendered":"https:\/\/regiaonews.net.br\/2022\/?p=86931"},"modified":"2023-04-20T18:15:41","modified_gmt":"2023-04-20T21:15:41","slug":"inscricoes-para-eleicao-de-conselheiros-tutelares-em-barretos-vao-ate-o-dia-28-saiba-como-participar","status":"publish","type":"post","link":"https:\/\/regiaonews.net.br\/2022\/2023\/04\/20\/inscricoes-para-eleicao-de-conselheiros-tutelares-em-barretos-vao-ate-o-dia-28-saiba-como-participar\/","title":{"rendered":"Inscri\u00e7\u00f5es para elei\u00e7\u00e3o de conselheiros tutelares em Barretos v\u00e3o at\u00e9 o dia 28; saiba como participar"},"content":{"rendered":"<p>Eleitos v\u00e3o trabalhar nos pr\u00f3ximos quatro anos e sal\u00e1rio \u00e9 pr\u00f3ximo de R$ 5 mil<\/p>\n<p>A Prefeitura da Est\u00e2ncia Tur\u00edstica de Barretos informa que interessados em participar do Processo de Sele\u00e7\u00e3o e Elei\u00e7\u00e3o dos Membros do Conselho Tutelar da cidade para a gest\u00e3o 2024\/2028 t\u00eam at\u00e9 a \u00faltima sexta-feira deste m\u00eas, dia 28, para se inscrever. A atua\u00e7\u00e3o do Conselho tem como finalidade a defesa do melhor interesse da crian\u00e7a e do adolescente.<br \/>\nConforme disposto pelo Conselho Municipal dos Direitos da Crian\u00e7a e do Adolescente de Barretos, em conson\u00e2ncia com a legisla\u00e7\u00e3o, na elei\u00e7\u00e3o 2023 devem ser escolhidos cinco membros para o Conselho Tutelar. O mandato dos eleitos ser\u00e1 de quatro anos a partir de 10 de janeiro de 2024.<\/p>\n<p>Onde se inscrever e etapas<br \/>\nO Processo de Escolha que visa compor a pr\u00f3xima gest\u00e3o do Conselho Tutelar no munic\u00edpio tem seis etapas. A primeira \u00e9 a da inscri\u00e7\u00e3o e entrega de documentos. Nesta etapa, os interessados devem comparecer \u00e0 Casa dos Conselhos, onde se localiza o Conselho Municipal dos Direitos da Crian\u00e7a e do Adolescente do munic\u00edpio, em dia \u00fatil das 8h00 \u00e0s 11h30 ou das 14h00 \u00e0s 16h30, com os documentos necess\u00e1rios e realizarem a inscri\u00e7\u00e3o.<br \/>\nNas etapas seguintes, ser\u00e3o feitos a an\u00e1lise dos documentos requeridos e exame de conhecimentos gerais e espec\u00edficos. Depois, o Processo Eleitoral dos Candidatos para estabelecer a forma\u00e7\u00e3o inicial da nova gest\u00e3o, que ser\u00e1 ent\u00e3o diplomada e empossada. O edital completo para a elei\u00e7\u00e3o pode ser conferido na edi\u00e7\u00e3o da Folha de Barretos de 28 de mar\u00e7o de 2023.<\/p>\n<p>Requisitos<br \/>\nS\u00e3o requisitos para se candidatar ao Conselho Tutelar: ter reconhecida idoneidade moral; ter idade superior a 21 anos; residir e ser eleitor no munic\u00edpio de Barretos h\u00e1 mais de dois anos; estar em gozo de seus direitos pol\u00edticos; ter comprovada experi\u00eancia profissional de, no m\u00ednimo, doze meses em atividade na \u00e1rea da crian\u00e7a e do adolescente; ter segundo grau (ensino m\u00e9dio ou equivalente) completo; n\u00e3o ter sido punido com a perda do mandato de Conselheiro Tutelar nos \u00faltimos dez anos; ser aprovado em prova de conhecimentos gerais e espec\u00edficos. Cada interessado deve realizar, presencialmente, sua pr\u00f3pria inscri\u00e7\u00e3o; tamb\u00e9m ser\u00e1 aceita inscri\u00e7\u00e3o por procura\u00e7\u00e3o com firma reconhecida e apresenta\u00e7\u00e3o de documento de identidade do procurador.<\/p>\n<p>Documentos necess\u00e1rios<br \/>\nPara atender \u00e0s etapas de inscri\u00e7\u00e3o e de an\u00e1lise da documenta\u00e7\u00e3o exigida, o candidato dever\u00e1 apresentar, devidamente preenchido e assinado, requerimento de Inscri\u00e7\u00e3o no Processo de Escolha de Conselheiro Tutelar nos termos do modelo do Anexo I e dispon\u00edvel para retirada na Casa dos Conselhos, e os seguintes documentos (originais e c\u00f3pia ou c\u00f3pia autenticada): c\u00e9dula de identidade ou documento equivalente com foto, Certid\u00f5es Negativa Civil e Criminal no \u00e2mbito da Justi\u00e7a Estadual local, com justificativa para eventuais apontamentos positivos; declara\u00e7\u00e3o de idoneidade moral firmada de pr\u00f3prio punho ou emitida por autoridade p\u00fablica (Lei Federal 7115 de 28\/08\/83); Certid\u00e3o de Quita\u00e7\u00e3o Eleitoral, comprovando estar em gozo dos direitos pol\u00edticos e ser eleitor no munic\u00edpio h\u00e1 mais de 2 anos e comprovante de resid\u00eancia em nome do candidato, demonstrando residir no munic\u00edpio h\u00e1 mais de 2 anos;<br \/>\nCom rela\u00e7\u00e3o \u00e0 escolaridade e experi\u00eancia profissional, deve apresentar na inscri\u00e7\u00e3o: diploma ou certificado de conclus\u00e3o do ensino m\u00e9dio ou equivalente; Curriculum Vitae, contendo as especifica\u00e7\u00f5es indicadas no edital; proposta individual de trabalho embasada nos princ\u00edpios contidos no Estatuto da Crian\u00e7a e do Adolescente \u2013 ECA; documentos que comprovem experi\u00eancia de no m\u00ednimo 12 meses de trabalho consecutivo na \u00e1rea da crian\u00e7a e do adolescente nos \u00faltimos tr\u00eas anos, seguindo especifica\u00e7\u00f5es do edital.<br \/>\nEncerrado o prazo das inscri\u00e7\u00f5es, a Comiss\u00e3o Eleitoral publicar\u00e1 uma lista com as candidaturas recebidas, abrindo o prazo de cinco dias para que, qualquer cidad\u00e3o, apresente por escrito impugna\u00e7\u00e3o de candidaturas, devidamente fundamentada, e acompanhada dos elementos probat\u00f3rios. Sobre as quais, os candidatos poder\u00e3o apresentar defesa \u00e0 Comiss\u00e3o Eleitoral.<\/p>\n<p>Etapas seguintes e remunera\u00e7\u00e3o<br \/>\nOs candidatos que tiverem a inscri\u00e7\u00e3o confirmada devem realizar prova, como previsto no edital. A partir desta, ser\u00e3o definidos os candidatos que disputar\u00e3o a elei\u00e7\u00e3o em 1\u00ba de outubro deste ano, domingo. O edital prev\u00ea para os conselheiros tutelares eleitos a remunera\u00e7\u00e3o de R$ R$ 4.997,49 mensais.<\/p>\n<p>Servi\u00e7o<br \/>\nAssunto: Inscri\u00e7\u00f5es de candidatos \u00e0 elei\u00e7\u00e3o do Conselho Tutelar \u2013 2023<br \/>\nLocal: Conselho Municipal dos Direitos da Crian\u00e7a e do Adolescente do Munic\u00edpio de Barretos<br \/>\nEndere\u00e7o: Rua 26, n\u00ba. 929 (na Casa dos Conselhos)<br \/>\nHor\u00e1rio: das 8h00 \u00e0s 11h30 e das 14h00 \u00e0s 16h30<br \/>\nPer\u00edodo: de segunda a sexta-feira, nos dias \u00fateis, at\u00e9 28 de abril de 2023<br \/>\nLink para edi\u00e7\u00e3o da Folha de Barretos em que est\u00e1 publicado o edital completo: https:\/\/files.barretos.sp.gov.br\/pdf\/newspaper\/642425abcd8a9.pdf<\/p>\n","protected":false},"excerpt":{"rendered":"<p>Eleitos v\u00e3o trabalhar nos pr\u00f3ximos quatro anos e sal\u00e1rio \u00e9<\/p>\n","protected":false},"author":2,"featured_media":86932,"comment_status":"open","ping_status":"open","sticky":false,"template":"","format":"standard","meta":{"footnotes":""},"categories":[14,25],"tags":[],"class_list":["post-86931","post","type-post","status-publish","format-standard","has-post-thumbnail","hentry","category-barretos","category-cidades"],"yoast_head":"<!-- This site is optimized with the Yoast SEO plugin v27.4 - https:\/\/yoast.com\/product\/yoast-seo-wordpress\/ -->\n<title>Inscri\u00e7\u00f5es para elei\u00e7\u00e3o de conselheiros tutelares em Barretos v\u00e3o at\u00e9 o dia 28; saiba como participar - Regi\u00e3o News<\/title>\n<meta name=\"robots\" content=\"index, follow, max-snippet:-1, max-image-preview:large, max-video-preview:-1\" \/>\n<link rel=\"canonical\" href=\"https:\/\/regiaonews.net.br\/2022\/2023\/04\/20\/inscricoes-para-eleicao-de-conselheiros-tutelares-em-barretos-vao-ate-o-dia-28-saiba-como-participar\/\" \/>\n<meta property=\"og:locale\" content=\"pt_BR\" \/>\n<meta property=\"og:type\" content=\"article\" \/>\n<meta property=\"og:title\" content=\"Inscri\u00e7\u00f5es para elei\u00e7\u00e3o de conselheiros tutelares em Barretos v\u00e3o at\u00e9 o dia 28; saiba como participar - Regi\u00e3o News\" \/>\n<meta property=\"og:description\" content=\"Eleitos v\u00e3o trabalhar nos pr\u00f3ximos quatro anos e sal\u00e1rio \u00e9\" \/>\n<meta property=\"og:url\" content=\"https:\/\/regiaonews.net.br\/2022\/2023\/04\/20\/inscricoes-para-eleicao-de-conselheiros-tutelares-em-barretos-vao-ate-o-dia-28-saiba-como-participar\/\" \/>\n<meta property=\"og:site_name\" content=\"Regi\u00e3o News\" \/>\n<meta property=\"article:published_time\" content=\"2023-04-20T21:15:41+00:00\" \/>\n<meta property=\"og:image\" content=\"https:\/\/regiaonews.net.br\/2022\/wp-content\/uploads\/2023\/04\/WhatsApp-Image-2023-04-20-at-16.45.40.jpeg\" \/>\n\t<meta property=\"og:image:width\" content=\"1024\" \/>\n\t<meta property=\"og:image:height\" content=\"768\" \/>\n\t<meta property=\"og:image:type\" content=\"image\/jpeg\" \/>\n<meta name=\"author\" content=\"Roberto\" \/>\n<meta name=\"twitter:card\" content=\"summary_large_image\" \/>\n<meta name=\"twitter:label1\" content=\"Escrito por\" \/>\n\t<meta name=\"twitter:data1\" content=\"Roberto\" \/>\n\t<meta name=\"twitter:label2\" content=\"Est. tempo de leitura\" \/>\n\t<meta name=\"twitter:data2\" content=\"5 minutos\" \/>\n<script type=\"application\/ld+json\" class=\"yoast-schema-graph\">{\"@context\":\"https:\\\/\\\/schema.org\",\"@graph\":[{\"@type\":\"Article\",\"@id\":\"https:\\\/\\\/regiaonews.net.br\\\/2022\\\/2023\\\/04\\\/20\\\/inscricoes-para-eleicao-de-conselheiros-tutelares-em-barretos-vao-ate-o-dia-28-saiba-como-participar\\\/#article\",\"isPartOf\":{\"@id\":\"https:\\\/\\\/regiaonews.net.br\\\/2022\\\/2023\\\/04\\\/20\\\/inscricoes-para-eleicao-de-conselheiros-tutelares-em-barretos-vao-ate-o-dia-28-saiba-como-participar\\\/\"},\"author\":{\"name\":\"Roberto\",\"@id\":\"https:\\\/\\\/regiaonews.net.br\\\/2022\\\/#\\\/schema\\\/person\\\/2d205a608a5aa97ac279d7a5e6d89ad8\"},\"headline\":\"Inscri\u00e7\u00f5es para elei\u00e7\u00e3o de conselheiros tutelares em Barretos v\u00e3o at\u00e9 o dia 28; saiba como participar\",\"datePublished\":\"2023-04-20T21:15:41+00:00\",\"mainEntityOfPage\":{\"@id\":\"https:\\\/\\\/regiaonews.net.br\\\/2022\\\/2023\\\/04\\\/20\\\/inscricoes-para-eleicao-de-conselheiros-tutelares-em-barretos-vao-ate-o-dia-28-saiba-como-participar\\\/\"},\"wordCount\":859,\"commentCount\":0,\"publisher\":{\"@id\":\"https:\\\/\\\/regiaonews.net.br\\\/2022\\\/#organization\"},\"image\":{\"@id\":\"https:\\\/\\\/regiaonews.net.br\\\/2022\\\/2023\\\/04\\\/20\\\/inscricoes-para-eleicao-de-conselheiros-tutelares-em-barretos-vao-ate-o-dia-28-saiba-como-participar\\\/#primaryimage\"},\"thumbnailUrl\":\"https:\\\/\\\/regiaonews.net.br\\\/2022\\\/wp-content\\\/uploads\\\/2023\\\/04\\\/WhatsApp-Image-2023-04-20-at-16.45.40.jpeg\",\"articleSection\":[\"Barretos\",\"Cidades\"],\"inLanguage\":\"pt-BR\",\"potentialAction\":[{\"@type\":\"CommentAction\",\"name\":\"Comment\",\"target\":[\"https:\\\/\\\/regiaonews.net.br\\\/2022\\\/2023\\\/04\\\/20\\\/inscricoes-para-eleicao-de-conselheiros-tutelares-em-barretos-vao-ate-o-dia-28-saiba-como-participar\\\/#respond\"]}]},{\"@type\":\"WebPage\",\"@id\":\"https:\\\/\\\/regiaonews.net.br\\\/2022\\\/2023\\\/04\\\/20\\\/inscricoes-para-eleicao-de-conselheiros-tutelares-em-barretos-vao-ate-o-dia-28-saiba-como-participar\\\/\",\"url\":\"https:\\\/\\\/regiaonews.net.br\\\/2022\\\/2023\\\/04\\\/20\\\/inscricoes-para-eleicao-de-conselheiros-tutelares-em-barretos-vao-ate-o-dia-28-saiba-como-participar\\\/\",\"name\":\"Inscri\u00e7\u00f5es para elei\u00e7\u00e3o de conselheiros tutelares em Barretos v\u00e3o at\u00e9 o dia 28; saiba como participar - Regi\u00e3o News\",\"isPartOf\":{\"@id\":\"https:\\\/\\\/regiaonews.net.br\\\/2022\\\/#website\"},\"primaryImageOfPage\":{\"@id\":\"https:\\\/\\\/regiaonews.net.br\\\/2022\\\/2023\\\/04\\\/20\\\/inscricoes-para-eleicao-de-conselheiros-tutelares-em-barretos-vao-ate-o-dia-28-saiba-como-participar\\\/#primaryimage\"},\"image\":{\"@id\":\"https:\\\/\\\/regiaonews.net.br\\\/2022\\\/2023\\\/04\\\/20\\\/inscricoes-para-eleicao-de-conselheiros-tutelares-em-barretos-vao-ate-o-dia-28-saiba-como-participar\\\/#primaryimage\"},\"thumbnailUrl\":\"https:\\\/\\\/regiaonews.net.br\\\/2022\\\/wp-content\\\/uploads\\\/2023\\\/04\\\/WhatsApp-Image-2023-04-20-at-16.45.40.jpeg\",\"datePublished\":\"2023-04-20T21:15:41+00:00\",\"breadcrumb\":{\"@id\":\"https:\\\/\\\/regiaonews.net.br\\\/2022\\\/2023\\\/04\\\/20\\\/inscricoes-para-eleicao-de-conselheiros-tutelares-em-barretos-vao-ate-o-dia-28-saiba-como-participar\\\/#breadcrumb\"},\"inLanguage\":\"pt-BR\",\"potentialAction\":[{\"@type\":\"ReadAction\",\"target\":[\"https:\\\/\\\/regiaonews.net.br\\\/2022\\\/2023\\\/04\\\/20\\\/inscricoes-para-eleicao-de-conselheiros-tutelares-em-barretos-vao-ate-o-dia-28-saiba-como-participar\\\/\"]}]},{\"@type\":\"ImageObject\",\"inLanguage\":\"pt-BR\",\"@id\":\"https:\\\/\\\/regiaonews.net.br\\\/2022\\\/2023\\\/04\\\/20\\\/inscricoes-para-eleicao-de-conselheiros-tutelares-em-barretos-vao-ate-o-dia-28-saiba-como-participar\\\/#primaryimage\",\"url\":\"https:\\\/\\\/regiaonews.net.br\\\/2022\\\/wp-content\\\/uploads\\\/2023\\\/04\\\/WhatsApp-Image-2023-04-20-at-16.45.40.jpeg\",\"contentUrl\":\"https:\\\/\\\/regiaonews.net.br\\\/2022\\\/wp-content\\\/uploads\\\/2023\\\/04\\\/WhatsApp-Image-2023-04-20-at-16.45.40.jpeg\",\"width\":1024,\"height\":768},{\"@type\":\"BreadcrumbList\",\"@id\":\"https:\\\/\\\/regiaonews.net.br\\\/2022\\\/2023\\\/04\\\/20\\\/inscricoes-para-eleicao-de-conselheiros-tutelares-em-barretos-vao-ate-o-dia-28-saiba-como-participar\\\/#breadcrumb\",\"itemListElement\":[{\"@type\":\"ListItem\",\"position\":1,\"name\":\"In\u00edcio\",\"item\":\"https:\\\/\\\/regiaonews.net.br\\\/2022\\\/\"},{\"@type\":\"ListItem\",\"position\":2,\"name\":\"Inscri\u00e7\u00f5es para elei\u00e7\u00e3o de conselheiros tutelares em Barretos v\u00e3o at\u00e9 o dia 28; saiba como participar\"}]},{\"@type\":\"WebSite\",\"@id\":\"https:\\\/\\\/regiaonews.net.br\\\/2022\\\/#website\",\"url\":\"https:\\\/\\\/regiaonews.net.br\\\/2022\\\/\",\"name\":\"Regi\u00e3o News\",\"description\":\"Site de Not\u00edcias de Barretos e regi\u00e3o\",\"publisher\":{\"@id\":\"https:\\\/\\\/regiaonews.net.br\\\/2022\\\/#organization\"},\"potentialAction\":[{\"@type\":\"SearchAction\",\"target\":{\"@type\":\"EntryPoint\",\"urlTemplate\":\"https:\\\/\\\/regiaonews.net.br\\\/2022\\\/?s={search_term_string}\"},\"query-input\":{\"@type\":\"PropertyValueSpecification\",\"valueRequired\":true,\"valueName\":\"search_term_string\"}}],\"inLanguage\":\"pt-BR\"},{\"@type\":\"Organization\",\"@id\":\"https:\\\/\\\/regiaonews.net.br\\\/2022\\\/#organization\",\"name\":\"Regi\u00e3o News\",\"url\":\"https:\\\/\\\/regiaonews.net.br\\\/2022\\\/\",\"logo\":{\"@type\":\"ImageObject\",\"inLanguage\":\"pt-BR\",\"@id\":\"https:\\\/\\\/regiaonews.net.br\\\/2022\\\/#\\\/schema\\\/logo\\\/image\\\/\",\"url\":\"https:\\\/\\\/regiaonews.net.br\\\/2022\\\/wp-content\\\/uploads\\\/2026\\\/03\\\/regiao-13-anos-scaled.jpg\",\"contentUrl\":\"https:\\\/\\\/regiaonews.net.br\\\/2022\\\/wp-content\\\/uploads\\\/2026\\\/03\\\/regiao-13-anos-scaled.jpg\",\"width\":2560,\"height\":635,\"caption\":\"Regi\u00e3o News\"},\"image\":{\"@id\":\"https:\\\/\\\/regiaonews.net.br\\\/2022\\\/#\\\/schema\\\/logo\\\/image\\\/\"}},{\"@type\":\"Person\",\"@id\":\"https:\\\/\\\/regiaonews.net.br\\\/2022\\\/#\\\/schema\\\/person\\\/2d205a608a5aa97ac279d7a5e6d89ad8\",\"name\":\"Roberto\",\"image\":{\"@type\":\"ImageObject\",\"inLanguage\":\"pt-BR\",\"@id\":\"https:\\\/\\\/secure.gravatar.com\\\/avatar\\\/42749d8b712ff9d59ca93dc150494e5b55a44134482993f5baeb97e61b7ecc89?s=96&d=mm&r=g\",\"url\":\"https:\\\/\\\/secure.gravatar.com\\\/avatar\\\/42749d8b712ff9d59ca93dc150494e5b55a44134482993f5baeb97e61b7ecc89?s=96&d=mm&r=g\",\"contentUrl\":\"https:\\\/\\\/secure.gravatar.com\\\/avatar\\\/42749d8b712ff9d59ca93dc150494e5b55a44134482993f5baeb97e61b7ecc89?s=96&d=mm&r=g\",\"caption\":\"Roberto\"},\"url\":\"https:\\\/\\\/regiaonews.net.br\\\/2022\\\/author\\\/roberto\\\/\"}]}<\/script>\n<!-- \/ Yoast SEO plugin. -->","yoast_head_json":{"title":"Inscri\u00e7\u00f5es para elei\u00e7\u00e3o de conselheiros tutelares em Barretos v\u00e3o at\u00e9 o dia 28; saiba como participar - Regi\u00e3o News","robots":{"index":"index","follow":"follow","max-snippet":"max-snippet:-1","max-image-preview":"max-image-preview:large","max-video-preview":"max-video-preview:-1"},"canonical":"https:\/\/regiaonews.net.br\/2022\/2023\/04\/20\/inscricoes-para-eleicao-de-conselheiros-tutelares-em-barretos-vao-ate-o-dia-28-saiba-como-participar\/","og_locale":"pt_BR","og_type":"article","og_title":"Inscri\u00e7\u00f5es para elei\u00e7\u00e3o de conselheiros tutelares em Barretos v\u00e3o at\u00e9 o dia 28; saiba como participar - Regi\u00e3o News","og_description":"Eleitos v\u00e3o trabalhar nos pr\u00f3ximos quatro anos e sal\u00e1rio \u00e9","og_url":"https:\/\/regiaonews.net.br\/2022\/2023\/04\/20\/inscricoes-para-eleicao-de-conselheiros-tutelares-em-barretos-vao-ate-o-dia-28-saiba-como-participar\/","og_site_name":"Regi\u00e3o News","article_published_time":"2023-04-20T21:15:41+00:00","og_image":[{"width":1024,"height":768,"url":"https:\/\/regiaonews.net.br\/2022\/wp-content\/uploads\/2023\/04\/WhatsApp-Image-2023-04-20-at-16.45.40.jpeg","type":"image\/jpeg"}],"author":"Roberto","twitter_card":"summary_large_image","twitter_misc":{"Escrito por":"Roberto","Est. tempo de leitura":"5 minutos"},"schema":{"@context":"https:\/\/schema.org","@graph":[{"@type":"Article","@id":"https:\/\/regiaonews.net.br\/2022\/2023\/04\/20\/inscricoes-para-eleicao-de-conselheiros-tutelares-em-barretos-vao-ate-o-dia-28-saiba-como-participar\/#article","isPartOf":{"@id":"https:\/\/regiaonews.net.br\/2022\/2023\/04\/20\/inscricoes-para-eleicao-de-conselheiros-tutelares-em-barretos-vao-ate-o-dia-28-saiba-como-participar\/"},"author":{"name":"Roberto","@id":"https:\/\/regiaonews.net.br\/2022\/#\/schema\/person\/2d205a608a5aa97ac279d7a5e6d89ad8"},"headline":"Inscri\u00e7\u00f5es para elei\u00e7\u00e3o de conselheiros tutelares em Barretos v\u00e3o at\u00e9 o dia 28; saiba como participar","datePublished":"2023-04-20T21:15:41+00:00","mainEntityOfPage":{"@id":"https:\/\/regiaonews.net.br\/2022\/2023\/04\/20\/inscricoes-para-eleicao-de-conselheiros-tutelares-em-barretos-vao-ate-o-dia-28-saiba-como-participar\/"},"wordCount":859,"commentCount":0,"publisher":{"@id":"https:\/\/regiaonews.net.br\/2022\/#organization"},"image":{"@id":"https:\/\/regiaonews.net.br\/2022\/2023\/04\/20\/inscricoes-para-eleicao-de-conselheiros-tutelares-em-barretos-vao-ate-o-dia-28-saiba-como-participar\/#primaryimage"},"thumbnailUrl":"https:\/\/regiaonews.net.br\/2022\/wp-content\/uploads\/2023\/04\/WhatsApp-Image-2023-04-20-at-16.45.40.jpeg","articleSection":["Barretos","Cidades"],"inLanguage":"pt-BR","potentialAction":[{"@type":"CommentAction","name":"Comment","target":["https:\/\/regiaonews.net.br\/2022\/2023\/04\/20\/inscricoes-para-eleicao-de-conselheiros-tutelares-em-barretos-vao-ate-o-dia-28-saiba-como-participar\/#respond"]}]},{"@type":"WebPage","@id":"https:\/\/regiaonews.net.br\/2022\/2023\/04\/20\/inscricoes-para-eleicao-de-conselheiros-tutelares-em-barretos-vao-ate-o-dia-28-saiba-como-participar\/","url":"https:\/\/regiaonews.net.br\/2022\/2023\/04\/20\/inscricoes-para-eleicao-de-conselheiros-tutelares-em-barretos-vao-ate-o-dia-28-saiba-como-participar\/","name":"Inscri\u00e7\u00f5es para elei\u00e7\u00e3o de conselheiros tutelares em Barretos v\u00e3o at\u00e9 o dia 28; saiba como participar - Regi\u00e3o News","isPartOf":{"@id":"https:\/\/regiaonews.net.br\/2022\/#website"},"primaryImageOfPage":{"@id":"https:\/\/regiaonews.net.br\/2022\/2023\/04\/20\/inscricoes-para-eleicao-de-conselheiros-tutelares-em-barretos-vao-ate-o-dia-28-saiba-como-participar\/#primaryimage"},"image":{"@id":"https:\/\/regiaonews.net.br\/2022\/2023\/04\/20\/inscricoes-para-eleicao-de-conselheiros-tutelares-em-barretos-vao-ate-o-dia-28-saiba-como-participar\/#primaryimage"},"thumbnailUrl":"https:\/\/regiaonews.net.br\/2022\/wp-content\/uploads\/2023\/04\/WhatsApp-Image-2023-04-20-at-16.45.40.jpeg","datePublished":"2023-04-20T21:15:41+00:00","breadcrumb":{"@id":"https:\/\/regiaonews.net.br\/2022\/2023\/04\/20\/inscricoes-para-eleicao-de-conselheiros-tutelares-em-barretos-vao-ate-o-dia-28-saiba-como-participar\/#breadcrumb"},"inLanguage":"pt-BR","potentialAction":[{"@type":"ReadAction","target":["https:\/\/regiaonews.net.br\/2022\/2023\/04\/20\/inscricoes-para-eleicao-de-conselheiros-tutelares-em-barretos-vao-ate-o-dia-28-saiba-como-participar\/"]}]},{"@type":"ImageObject","inLanguage":"pt-BR","@id":"https:\/\/regiaonews.net.br\/2022\/2023\/04\/20\/inscricoes-para-eleicao-de-conselheiros-tutelares-em-barretos-vao-ate-o-dia-28-saiba-como-participar\/#primaryimage","url":"https:\/\/regiaonews.net.br\/2022\/wp-content\/uploads\/2023\/04\/WhatsApp-Image-2023-04-20-at-16.45.40.jpeg","contentUrl":"https:\/\/regiaonews.net.br\/2022\/wp-content\/uploads\/2023\/04\/WhatsApp-Image-2023-04-20-at-16.45.40.jpeg","width":1024,"height":768},{"@type":"BreadcrumbList","@id":"https:\/\/regiaonews.net.br\/2022\/2023\/04\/20\/inscricoes-para-eleicao-de-conselheiros-tutelares-em-barretos-vao-ate-o-dia-28-saiba-como-participar\/#breadcrumb","itemListElement":[{"@type":"ListItem","position":1,"name":"In\u00edcio","item":"https:\/\/regiaonews.net.br\/2022\/"},{"@type":"ListItem","position":2,"name":"Inscri\u00e7\u00f5es para elei\u00e7\u00e3o de conselheiros tutelares em Barretos v\u00e3o at\u00e9 o dia 28; saiba como participar"}]},{"@type":"WebSite","@id":"https:\/\/regiaonews.net.br\/2022\/#website","url":"https:\/\/regiaonews.net.br\/2022\/","name":"Regi\u00e3o News","description":"Site de Not\u00edcias de Barretos e regi\u00e3o","publisher":{"@id":"https:\/\/regiaonews.net.br\/2022\/#organization"},"potentialAction":[{"@type":"SearchAction","target":{"@type":"EntryPoint","urlTemplate":"https:\/\/regiaonews.net.br\/2022\/?s={search_term_string}"},"query-input":{"@type":"PropertyValueSpecification","valueRequired":true,"valueName":"search_term_string"}}],"inLanguage":"pt-BR"},{"@type":"Organization","@id":"https:\/\/regiaonews.net.br\/2022\/#organization","name":"Regi\u00e3o News","url":"https:\/\/regiaonews.net.br\/2022\/","logo":{"@type":"ImageObject","inLanguage":"pt-BR","@id":"https:\/\/regiaonews.net.br\/2022\/#\/schema\/logo\/image\/","url":"https:\/\/regiaonews.net.br\/2022\/wp-content\/uploads\/2026\/03\/regiao-13-anos-scaled.jpg","contentUrl":"https:\/\/regiaonews.net.br\/2022\/wp-content\/uploads\/2026\/03\/regiao-13-anos-scaled.jpg","width":2560,"height":635,"caption":"Regi\u00e3o News"},"image":{"@id":"https:\/\/regiaonews.net.br\/2022\/#\/schema\/logo\/image\/"}},{"@type":"Person","@id":"https:\/\/regiaonews.net.br\/2022\/#\/schema\/person\/2d205a608a5aa97ac279d7a5e6d89ad8","name":"Roberto","image":{"@type":"ImageObject","inLanguage":"pt-BR","@id":"https:\/\/secure.gravatar.com\/avatar\/42749d8b712ff9d59ca93dc150494e5b55a44134482993f5baeb97e61b7ecc89?s=96&d=mm&r=g","url":"https:\/\/secure.gravatar.com\/avatar\/42749d8b712ff9d59ca93dc150494e5b55a44134482993f5baeb97e61b7ecc89?s=96&d=mm&r=g","contentUrl":"https:\/\/secure.gravatar.com\/avatar\/42749d8b712ff9d59ca93dc150494e5b55a44134482993f5baeb97e61b7ecc89?s=96&d=mm&r=g","caption":"Roberto"},"url":"https:\/\/regiaonews.net.br\/2022\/author\/roberto\/"}]}},"publishpress_future_action":{"enabled":false,"date":"2026-05-02 07:15:32","action":"change-status","newStatus":"draft","terms":[],"taxonomy":"category","extraData":[]},"publishpress_future_workflow_manual_trigger":{"enabledWorkflows":[]},"_links":{"self":[{"href":"https:\/\/regiaonews.net.br\/2022\/wp-json\/wp\/v2\/posts\/86931","targetHints":{"allow":["GET"]}}],"collection":[{"href":"https:\/\/regiaonews.net.br\/2022\/wp-json\/wp\/v2\/posts"}],"about":[{"href":"https:\/\/regiaonews.net.br\/2022\/wp-json\/wp\/v2\/types\/post"}],"author":[{"embeddable":true,"href":"https:\/\/regiaonews.net.br\/2022\/wp-json\/wp\/v2\/users\/2"}],"replies":[{"embeddable":true,"href":"https:\/\/regiaonews.net.br\/2022\/wp-json\/wp\/v2\/comments?post=86931"}],"version-history":[{"count":1,"href":"https:\/\/regiaonews.net.br\/2022\/wp-json\/wp\/v2\/posts\/86931\/revisions"}],"predecessor-version":[{"id":86933,"href":"https:\/\/regiaonews.net.br\/2022\/wp-json\/wp\/v2\/posts\/86931\/revisions\/86933"}],"wp:featuredmedia":[{"embeddable":true,"href":"https:\/\/regiaonews.net.br\/2022\/wp-json\/wp\/v2\/media\/86932"}],"wp:attachment":[{"href":"https:\/\/regiaonews.net.br\/2022\/wp-json\/wp\/v2\/media?parent=86931"}],"wp:term":[{"taxonomy":"category","embeddable":true,"href":"https:\/\/regiaonews.net.br\/2022\/wp-json\/wp\/v2\/categories?post=86931"},{"taxonomy":"post_tag","embeddable":true,"href":"https:\/\/regiaonews.net.br\/2022\/wp-json\/wp\/v2\/tags?post=86931"}],"curies":[{"name":"wp","href":"https:\/\/api.w.org\/{rel}","templated":true}]}}