{"id":86870,"date":"2023-04-19T22:32:54","date_gmt":"2023-04-20T01:32:54","guid":{"rendered":"https:\/\/regiaonews.net.br\/2022\/?p=86870"},"modified":"2023-04-19T22:53:43","modified_gmt":"2023-04-20T01:53:43","slug":"prefeitura-de-olimpia-descarta-invasao-de-escola","status":"publish","type":"post","link":"https:\/\/regiaonews.net.br\/2022\/2023\/04\/19\/prefeitura-de-olimpia-descarta-invasao-de-escola\/","title":{"rendered":"Autoridades de Ol\u00edmpia descartam suposta invas\u00e3o em escola"},"content":{"rendered":"<div class=\"tdc-header-wrap \">\n<div class=\"td-header-wrap td-header-style-3 \">\n<div class=\"td-header-menu-wrap-full td-container-wrap \">\n<div class=\"td-header-menu-wrap td-affix\">\n<div class=\"td-container td-header-row td-header-main-menu black-menu\">\n<div id=\"td-header-menu\" role=\"navigation\">\n<div class=\"td-main-menu-logo td-logo-in-header\">Fonte- Di\u00e1rio de Ol\u00edmpia<\/div>\n<\/div>\n<\/div>\n<\/div>\n<\/div>\n<\/div>\n<\/div>\n<article id=\"post-99562\" class=\"td-post-template-3 post-99562 post type-post status-publish format-standard has-post-thumbnail hentry category-gcm tag-escola tag-gcm td-container-wrap\">\n<div class=\"td-post-header td-container\">\n<div class=\"td-post-header-holder td-image-gradient\">\n<header class=\"td-post-title\">\n<p class=\"td-post-sub-title\" style=\"text-align: left;\">A Prefeitura de Ol\u00edmpia, em conjunto com as Secretarias de Educa\u00e7\u00e3o e Seguran\u00e7a, Tr\u00e2nsito e Mobilidade Urbana, desmentiu os boatos de que a EMEB Prof. Zenaide Rugai Fonseca, no bairro Cohab IV teria sofrido um ataque nesta quarta-feira (19). De acordo com informa\u00e7\u00f5es da Guarda Municipal, um indiv\u00edduo disfar\u00e7ado teria pulado o port\u00e3o da escola e fugido pelos muros dos fundos, mas nenhuma evid\u00eancia concreta foi encontrada. As for\u00e7as de seguran\u00e7a foram acionadas e intensificaram o patrulhamento na regi\u00e3o.<\/p>\n<\/header>\n<\/div>\n<\/div>\n<div class=\"td-container\">\n<div class=\"td-pb-row\">\n<div class=\"td-pb-span8 td-main-content\" role=\"main\">\n<div class=\"td-ss-main-content\">\n<div class=\"td-post-content\">\n<p>A Prefeitura esclareceu que n\u00e3o houve nenhum incidente envolvendo os alunos da unidade escolar. A escola conta com controlador de acesso e guarda municipal para vigil\u00e2ncia, al\u00e9m de estar em processo de amplia\u00e7\u00e3o dos muros e instala\u00e7\u00e3o de concertinas.<\/p>\n<p>Diante do ocorrido, a Prefeitura acionou as Pol\u00edcias Civil e Militar, registrando um boletim de ocorr\u00eancia para investigar a situa\u00e7\u00e3o. A administra\u00e7\u00e3o municipal afirma estar oferecendo todo o suporte necess\u00e1rio e monitorando as unidades escolares.<\/p>\n<p>O comandante da 2\u00aa Companhia de Pol\u00edcia Militar, capit\u00e3o Marlon, disse que \u201cdois alunos pequenos teriam visto uma pessoa de preto. S\u00f3 os dois, o restante da sala de aula n\u00e3o. A professora que inicialmente disse ter visto a pessoa, quando indagada, disse que n\u00e3o viu exatamente, que teria visto um vulto pela cortina, nada mais, o guarda foi, olhou nessa mesma hora, e n\u00e3o havia nada, detalhe que o muro na parte interna \u00e9 bem alto cerca de 4 metros, e a \u00fanica sa\u00edda vi\u00e1vel seria o port\u00e3o da frente que \u00e9 mais baixo, mas para chegar nele, a pessoa teria sido vista\u201d.<\/p>\n<p>&nbsp;<\/p>\n<\/div>\n<\/div>\n<\/div>\n<\/div>\n<\/div>\n<\/article>\n","protected":false},"excerpt":{"rendered":"<p>Fonte- Di\u00e1rio de Ol\u00edmpia A Prefeitura de Ol\u00edmpia, em conjunto<\/p>\n","protected":false},"author":2,"featured_media":86873,"comment_status":"open","ping_status":"open","sticky":false,"template":"","format":"standard","meta":{"footnotes":""},"categories":[28,23],"tags":[],"class_list":["post-86870","post","type-post","status-publish","format-standard","has-post-thumbnail","hentry","category-olimpia-olimpia","category-policia"],"yoast_head":"<!-- This site is optimized with the Yoast SEO plugin v27.4 - https:\/\/yoast.com\/product\/yoast-seo-wordpress\/ -->\n<title>Autoridades de Ol\u00edmpia descartam suposta invas\u00e3o em escola - Regi\u00e3o News<\/title>\n<meta name=\"robots\" content=\"index, follow, max-snippet:-1, max-image-preview:large, max-video-preview:-1\" \/>\n<link rel=\"canonical\" href=\"https:\/\/regiaonews.net.br\/2022\/2023\/04\/19\/prefeitura-de-olimpia-descarta-invasao-de-escola\/\" \/>\n<meta property=\"og:locale\" content=\"pt_BR\" \/>\n<meta property=\"og:type\" content=\"article\" \/>\n<meta property=\"og:title\" content=\"Autoridades de Ol\u00edmpia descartam suposta invas\u00e3o em escola - Regi\u00e3o News\" \/>\n<meta property=\"og:description\" content=\"Fonte- Di\u00e1rio de Ol\u00edmpia A Prefeitura de Ol\u00edmpia, em conjunto\" \/>\n<meta property=\"og:url\" content=\"https:\/\/regiaonews.net.br\/2022\/2023\/04\/19\/prefeitura-de-olimpia-descarta-invasao-de-escola\/\" \/>\n<meta property=\"og:site_name\" content=\"Regi\u00e3o News\" \/>\n<meta property=\"article:published_time\" content=\"2023-04-20T01:32:54+00:00\" \/>\n<meta property=\"article:modified_time\" content=\"2023-04-20T01:53:43+00:00\" \/>\n<meta property=\"og:image\" content=\"https:\/\/regiaonews.net.br\/2022\/wp-content\/uploads\/2023\/04\/IMG-20230419-WA0278.jpg\" \/>\n\t<meta property=\"og:image:width\" content=\"1024\" \/>\n\t<meta property=\"og:image:height\" content=\"771\" \/>\n\t<meta property=\"og:image:type\" content=\"image\/jpeg\" \/>\n<meta name=\"author\" content=\"Roberto\" \/>\n<meta name=\"twitter:card\" content=\"summary_large_image\" \/>\n<meta name=\"twitter:label1\" content=\"Escrito por\" \/>\n\t<meta name=\"twitter:data1\" content=\"Roberto\" \/>\n\t<meta name=\"twitter:label2\" content=\"Est. tempo de leitura\" \/>\n\t<meta name=\"twitter:data2\" content=\"2 minutos\" \/>\n<script type=\"application\/ld+json\" class=\"yoast-schema-graph\">{\"@context\":\"https:\\\/\\\/schema.org\",\"@graph\":[{\"@type\":\"Article\",\"@id\":\"https:\\\/\\\/regiaonews.net.br\\\/2022\\\/2023\\\/04\\\/19\\\/prefeitura-de-olimpia-descarta-invasao-de-escola\\\/#article\",\"isPartOf\":{\"@id\":\"https:\\\/\\\/regiaonews.net.br\\\/2022\\\/2023\\\/04\\\/19\\\/prefeitura-de-olimpia-descarta-invasao-de-escola\\\/\"},\"author\":{\"name\":\"Roberto\",\"@id\":\"https:\\\/\\\/regiaonews.net.br\\\/2022\\\/#\\\/schema\\\/person\\\/2d205a608a5aa97ac279d7a5e6d89ad8\"},\"headline\":\"Autoridades de Ol\u00edmpia descartam suposta invas\u00e3o em escola\",\"datePublished\":\"2023-04-20T01:32:54+00:00\",\"dateModified\":\"2023-04-20T01:53:43+00:00\",\"mainEntityOfPage\":{\"@id\":\"https:\\\/\\\/regiaonews.net.br\\\/2022\\\/2023\\\/04\\\/19\\\/prefeitura-de-olimpia-descarta-invasao-de-escola\\\/\"},\"wordCount\":299,\"commentCount\":0,\"publisher\":{\"@id\":\"https:\\\/\\\/regiaonews.net.br\\\/2022\\\/#organization\"},\"image\":{\"@id\":\"https:\\\/\\\/regiaonews.net.br\\\/2022\\\/2023\\\/04\\\/19\\\/prefeitura-de-olimpia-descarta-invasao-de-escola\\\/#primaryimage\"},\"thumbnailUrl\":\"https:\\\/\\\/regiaonews.net.br\\\/2022\\\/wp-content\\\/uploads\\\/2023\\\/04\\\/IMG-20230419-WA0278.jpg\",\"articleSection\":[\"Olimpia\",\"Policia\"],\"inLanguage\":\"pt-BR\",\"potentialAction\":[{\"@type\":\"CommentAction\",\"name\":\"Comment\",\"target\":[\"https:\\\/\\\/regiaonews.net.br\\\/2022\\\/2023\\\/04\\\/19\\\/prefeitura-de-olimpia-descarta-invasao-de-escola\\\/#respond\"]}]},{\"@type\":\"WebPage\",\"@id\":\"https:\\\/\\\/regiaonews.net.br\\\/2022\\\/2023\\\/04\\\/19\\\/prefeitura-de-olimpia-descarta-invasao-de-escola\\\/\",\"url\":\"https:\\\/\\\/regiaonews.net.br\\\/2022\\\/2023\\\/04\\\/19\\\/prefeitura-de-olimpia-descarta-invasao-de-escola\\\/\",\"name\":\"Autoridades de Ol\u00edmpia descartam suposta invas\u00e3o em escola - Regi\u00e3o News\",\"isPartOf\":{\"@id\":\"https:\\\/\\\/regiaonews.net.br\\\/2022\\\/#website\"},\"primaryImageOfPage\":{\"@id\":\"https:\\\/\\\/regiaonews.net.br\\\/2022\\\/2023\\\/04\\\/19\\\/prefeitura-de-olimpia-descarta-invasao-de-escola\\\/#primaryimage\"},\"image\":{\"@id\":\"https:\\\/\\\/regiaonews.net.br\\\/2022\\\/2023\\\/04\\\/19\\\/prefeitura-de-olimpia-descarta-invasao-de-escola\\\/#primaryimage\"},\"thumbnailUrl\":\"https:\\\/\\\/regiaonews.net.br\\\/2022\\\/wp-content\\\/uploads\\\/2023\\\/04\\\/IMG-20230419-WA0278.jpg\",\"datePublished\":\"2023-04-20T01:32:54+00:00\",\"dateModified\":\"2023-04-20T01:53:43+00:00\",\"breadcrumb\":{\"@id\":\"https:\\\/\\\/regiaonews.net.br\\\/2022\\\/2023\\\/04\\\/19\\\/prefeitura-de-olimpia-descarta-invasao-de-escola\\\/#breadcrumb\"},\"inLanguage\":\"pt-BR\",\"potentialAction\":[{\"@type\":\"ReadAction\",\"target\":[\"https:\\\/\\\/regiaonews.net.br\\\/2022\\\/2023\\\/04\\\/19\\\/prefeitura-de-olimpia-descarta-invasao-de-escola\\\/\"]}]},{\"@type\":\"ImageObject\",\"inLanguage\":\"pt-BR\",\"@id\":\"https:\\\/\\\/regiaonews.net.br\\\/2022\\\/2023\\\/04\\\/19\\\/prefeitura-de-olimpia-descarta-invasao-de-escola\\\/#primaryimage\",\"url\":\"https:\\\/\\\/regiaonews.net.br\\\/2022\\\/wp-content\\\/uploads\\\/2023\\\/04\\\/IMG-20230419-WA0278.jpg\",\"contentUrl\":\"https:\\\/\\\/regiaonews.net.br\\\/2022\\\/wp-content\\\/uploads\\\/2023\\\/04\\\/IMG-20230419-WA0278.jpg\",\"width\":1024,\"height\":771},{\"@type\":\"BreadcrumbList\",\"@id\":\"https:\\\/\\\/regiaonews.net.br\\\/2022\\\/2023\\\/04\\\/19\\\/prefeitura-de-olimpia-descarta-invasao-de-escola\\\/#breadcrumb\",\"itemListElement\":[{\"@type\":\"ListItem\",\"position\":1,\"name\":\"In\u00edcio\",\"item\":\"https:\\\/\\\/regiaonews.net.br\\\/2022\\\/\"},{\"@type\":\"ListItem\",\"position\":2,\"name\":\"Autoridades de Ol\u00edmpia descartam suposta invas\u00e3o em escola\"}]},{\"@type\":\"WebSite\",\"@id\":\"https:\\\/\\\/regiaonews.net.br\\\/2022\\\/#website\",\"url\":\"https:\\\/\\\/regiaonews.net.br\\\/2022\\\/\",\"name\":\"Regi\u00e3o News\",\"description\":\"Site de Not\u00edcias de Barretos e regi\u00e3o\",\"publisher\":{\"@id\":\"https:\\\/\\\/regiaonews.net.br\\\/2022\\\/#organization\"},\"potentialAction\":[{\"@type\":\"SearchAction\",\"target\":{\"@type\":\"EntryPoint\",\"urlTemplate\":\"https:\\\/\\\/regiaonews.net.br\\\/2022\\\/?s={search_term_string}\"},\"query-input\":{\"@type\":\"PropertyValueSpecification\",\"valueRequired\":true,\"valueName\":\"search_term_string\"}}],\"inLanguage\":\"pt-BR\"},{\"@type\":\"Organization\",\"@id\":\"https:\\\/\\\/regiaonews.net.br\\\/2022\\\/#organization\",\"name\":\"Regi\u00e3o News\",\"url\":\"https:\\\/\\\/regiaonews.net.br\\\/2022\\\/\",\"logo\":{\"@type\":\"ImageObject\",\"inLanguage\":\"pt-BR\",\"@id\":\"https:\\\/\\\/regiaonews.net.br\\\/2022\\\/#\\\/schema\\\/logo\\\/image\\\/\",\"url\":\"https:\\\/\\\/regiaonews.net.br\\\/2022\\\/wp-content\\\/uploads\\\/2026\\\/03\\\/regiao-13-anos-scaled.jpg\",\"contentUrl\":\"https:\\\/\\\/regiaonews.net.br\\\/2022\\\/wp-content\\\/uploads\\\/2026\\\/03\\\/regiao-13-anos-scaled.jpg\",\"width\":2560,\"height\":635,\"caption\":\"Regi\u00e3o News\"},\"image\":{\"@id\":\"https:\\\/\\\/regiaonews.net.br\\\/2022\\\/#\\\/schema\\\/logo\\\/image\\\/\"}},{\"@type\":\"Person\",\"@id\":\"https:\\\/\\\/regiaonews.net.br\\\/2022\\\/#\\\/schema\\\/person\\\/2d205a608a5aa97ac279d7a5e6d89ad8\",\"name\":\"Roberto\",\"image\":{\"@type\":\"ImageObject\",\"inLanguage\":\"pt-BR\",\"@id\":\"https:\\\/\\\/secure.gravatar.com\\\/avatar\\\/42749d8b712ff9d59ca93dc150494e5b55a44134482993f5baeb97e61b7ecc89?s=96&d=mm&r=g\",\"url\":\"https:\\\/\\\/secure.gravatar.com\\\/avatar\\\/42749d8b712ff9d59ca93dc150494e5b55a44134482993f5baeb97e61b7ecc89?s=96&d=mm&r=g\",\"contentUrl\":\"https:\\\/\\\/secure.gravatar.com\\\/avatar\\\/42749d8b712ff9d59ca93dc150494e5b55a44134482993f5baeb97e61b7ecc89?s=96&d=mm&r=g\",\"caption\":\"Roberto\"},\"url\":\"https:\\\/\\\/regiaonews.net.br\\\/2022\\\/author\\\/roberto\\\/\"}]}<\/script>\n<!-- \/ Yoast SEO plugin. -->","yoast_head_json":{"title":"Autoridades de Ol\u00edmpia descartam suposta invas\u00e3o em escola - Regi\u00e3o News","robots":{"index":"index","follow":"follow","max-snippet":"max-snippet:-1","max-image-preview":"max-image-preview:large","max-video-preview":"max-video-preview:-1"},"canonical":"https:\/\/regiaonews.net.br\/2022\/2023\/04\/19\/prefeitura-de-olimpia-descarta-invasao-de-escola\/","og_locale":"pt_BR","og_type":"article","og_title":"Autoridades de Ol\u00edmpia descartam suposta invas\u00e3o em escola - Regi\u00e3o News","og_description":"Fonte- Di\u00e1rio de Ol\u00edmpia A Prefeitura de Ol\u00edmpia, em conjunto","og_url":"https:\/\/regiaonews.net.br\/2022\/2023\/04\/19\/prefeitura-de-olimpia-descarta-invasao-de-escola\/","og_site_name":"Regi\u00e3o News","article_published_time":"2023-04-20T01:32:54+00:00","article_modified_time":"2023-04-20T01:53:43+00:00","og_image":[{"width":1024,"height":771,"url":"https:\/\/regiaonews.net.br\/2022\/wp-content\/uploads\/2023\/04\/IMG-20230419-WA0278.jpg","type":"image\/jpeg"}],"author":"Roberto","twitter_card":"summary_large_image","twitter_misc":{"Escrito por":"Roberto","Est. tempo de leitura":"2 minutos"},"schema":{"@context":"https:\/\/schema.org","@graph":[{"@type":"Article","@id":"https:\/\/regiaonews.net.br\/2022\/2023\/04\/19\/prefeitura-de-olimpia-descarta-invasao-de-escola\/#article","isPartOf":{"@id":"https:\/\/regiaonews.net.br\/2022\/2023\/04\/19\/prefeitura-de-olimpia-descarta-invasao-de-escola\/"},"author":{"name":"Roberto","@id":"https:\/\/regiaonews.net.br\/2022\/#\/schema\/person\/2d205a608a5aa97ac279d7a5e6d89ad8"},"headline":"Autoridades de Ol\u00edmpia descartam suposta invas\u00e3o em escola","datePublished":"2023-04-20T01:32:54+00:00","dateModified":"2023-04-20T01:53:43+00:00","mainEntityOfPage":{"@id":"https:\/\/regiaonews.net.br\/2022\/2023\/04\/19\/prefeitura-de-olimpia-descarta-invasao-de-escola\/"},"wordCount":299,"commentCount":0,"publisher":{"@id":"https:\/\/regiaonews.net.br\/2022\/#organization"},"image":{"@id":"https:\/\/regiaonews.net.br\/2022\/2023\/04\/19\/prefeitura-de-olimpia-descarta-invasao-de-escola\/#primaryimage"},"thumbnailUrl":"https:\/\/regiaonews.net.br\/2022\/wp-content\/uploads\/2023\/04\/IMG-20230419-WA0278.jpg","articleSection":["Olimpia","Policia"],"inLanguage":"pt-BR","potentialAction":[{"@type":"CommentAction","name":"Comment","target":["https:\/\/regiaonews.net.br\/2022\/2023\/04\/19\/prefeitura-de-olimpia-descarta-invasao-de-escola\/#respond"]}]},{"@type":"WebPage","@id":"https:\/\/regiaonews.net.br\/2022\/2023\/04\/19\/prefeitura-de-olimpia-descarta-invasao-de-escola\/","url":"https:\/\/regiaonews.net.br\/2022\/2023\/04\/19\/prefeitura-de-olimpia-descarta-invasao-de-escola\/","name":"Autoridades de Ol\u00edmpia descartam suposta invas\u00e3o em escola - Regi\u00e3o News","isPartOf":{"@id":"https:\/\/regiaonews.net.br\/2022\/#website"},"primaryImageOfPage":{"@id":"https:\/\/regiaonews.net.br\/2022\/2023\/04\/19\/prefeitura-de-olimpia-descarta-invasao-de-escola\/#primaryimage"},"image":{"@id":"https:\/\/regiaonews.net.br\/2022\/2023\/04\/19\/prefeitura-de-olimpia-descarta-invasao-de-escola\/#primaryimage"},"thumbnailUrl":"https:\/\/regiaonews.net.br\/2022\/wp-content\/uploads\/2023\/04\/IMG-20230419-WA0278.jpg","datePublished":"2023-04-20T01:32:54+00:00","dateModified":"2023-04-20T01:53:43+00:00","breadcrumb":{"@id":"https:\/\/regiaonews.net.br\/2022\/2023\/04\/19\/prefeitura-de-olimpia-descarta-invasao-de-escola\/#breadcrumb"},"inLanguage":"pt-BR","potentialAction":[{"@type":"ReadAction","target":["https:\/\/regiaonews.net.br\/2022\/2023\/04\/19\/prefeitura-de-olimpia-descarta-invasao-de-escola\/"]}]},{"@type":"ImageObject","inLanguage":"pt-BR","@id":"https:\/\/regiaonews.net.br\/2022\/2023\/04\/19\/prefeitura-de-olimpia-descarta-invasao-de-escola\/#primaryimage","url":"https:\/\/regiaonews.net.br\/2022\/wp-content\/uploads\/2023\/04\/IMG-20230419-WA0278.jpg","contentUrl":"https:\/\/regiaonews.net.br\/2022\/wp-content\/uploads\/2023\/04\/IMG-20230419-WA0278.jpg","width":1024,"height":771},{"@type":"BreadcrumbList","@id":"https:\/\/regiaonews.net.br\/2022\/2023\/04\/19\/prefeitura-de-olimpia-descarta-invasao-de-escola\/#breadcrumb","itemListElement":[{"@type":"ListItem","position":1,"name":"In\u00edcio","item":"https:\/\/regiaonews.net.br\/2022\/"},{"@type":"ListItem","position":2,"name":"Autoridades de Ol\u00edmpia descartam suposta invas\u00e3o em escola"}]},{"@type":"WebSite","@id":"https:\/\/regiaonews.net.br\/2022\/#website","url":"https:\/\/regiaonews.net.br\/2022\/","name":"Regi\u00e3o News","description":"Site de Not\u00edcias de Barretos e regi\u00e3o","publisher":{"@id":"https:\/\/regiaonews.net.br\/2022\/#organization"},"potentialAction":[{"@type":"SearchAction","target":{"@type":"EntryPoint","urlTemplate":"https:\/\/regiaonews.net.br\/2022\/?s={search_term_string}"},"query-input":{"@type":"PropertyValueSpecification","valueRequired":true,"valueName":"search_term_string"}}],"inLanguage":"pt-BR"},{"@type":"Organization","@id":"https:\/\/regiaonews.net.br\/2022\/#organization","name":"Regi\u00e3o News","url":"https:\/\/regiaonews.net.br\/2022\/","logo":{"@type":"ImageObject","inLanguage":"pt-BR","@id":"https:\/\/regiaonews.net.br\/2022\/#\/schema\/logo\/image\/","url":"https:\/\/regiaonews.net.br\/2022\/wp-content\/uploads\/2026\/03\/regiao-13-anos-scaled.jpg","contentUrl":"https:\/\/regiaonews.net.br\/2022\/wp-content\/uploads\/2026\/03\/regiao-13-anos-scaled.jpg","width":2560,"height":635,"caption":"Regi\u00e3o News"},"image":{"@id":"https:\/\/regiaonews.net.br\/2022\/#\/schema\/logo\/image\/"}},{"@type":"Person","@id":"https:\/\/regiaonews.net.br\/2022\/#\/schema\/person\/2d205a608a5aa97ac279d7a5e6d89ad8","name":"Roberto","image":{"@type":"ImageObject","inLanguage":"pt-BR","@id":"https:\/\/secure.gravatar.com\/avatar\/42749d8b712ff9d59ca93dc150494e5b55a44134482993f5baeb97e61b7ecc89?s=96&d=mm&r=g","url":"https:\/\/secure.gravatar.com\/avatar\/42749d8b712ff9d59ca93dc150494e5b55a44134482993f5baeb97e61b7ecc89?s=96&d=mm&r=g","contentUrl":"https:\/\/secure.gravatar.com\/avatar\/42749d8b712ff9d59ca93dc150494e5b55a44134482993f5baeb97e61b7ecc89?s=96&d=mm&r=g","caption":"Roberto"},"url":"https:\/\/regiaonews.net.br\/2022\/author\/roberto\/"}]}},"publishpress_future_action":{"enabled":false,"date":"2026-05-02 04:04:39","action":"change-status","newStatus":"draft","terms":[],"taxonomy":"category","extraData":[]},"publishpress_future_workflow_manual_trigger":{"enabledWorkflows":[]},"_links":{"self":[{"href":"https:\/\/regiaonews.net.br\/2022\/wp-json\/wp\/v2\/posts\/86870","targetHints":{"allow":["GET"]}}],"collection":[{"href":"https:\/\/regiaonews.net.br\/2022\/wp-json\/wp\/v2\/posts"}],"about":[{"href":"https:\/\/regiaonews.net.br\/2022\/wp-json\/wp\/v2\/types\/post"}],"author":[{"embeddable":true,"href":"https:\/\/regiaonews.net.br\/2022\/wp-json\/wp\/v2\/users\/2"}],"replies":[{"embeddable":true,"href":"https:\/\/regiaonews.net.br\/2022\/wp-json\/wp\/v2\/comments?post=86870"}],"version-history":[{"count":5,"href":"https:\/\/regiaonews.net.br\/2022\/wp-json\/wp\/v2\/posts\/86870\/revisions"}],"predecessor-version":[{"id":86876,"href":"https:\/\/regiaonews.net.br\/2022\/wp-json\/wp\/v2\/posts\/86870\/revisions\/86876"}],"wp:featuredmedia":[{"embeddable":true,"href":"https:\/\/regiaonews.net.br\/2022\/wp-json\/wp\/v2\/media\/86873"}],"wp:attachment":[{"href":"https:\/\/regiaonews.net.br\/2022\/wp-json\/wp\/v2\/media?parent=86870"}],"wp:term":[{"taxonomy":"category","embeddable":true,"href":"https:\/\/regiaonews.net.br\/2022\/wp-json\/wp\/v2\/categories?post=86870"},{"taxonomy":"post_tag","embeddable":true,"href":"https:\/\/regiaonews.net.br\/2022\/wp-json\/wp\/v2\/tags?post=86870"}],"curies":[{"name":"wp","href":"https:\/\/api.w.org\/{rel}","templated":true}]}}