{"id":86805,"date":"2023-04-18T19:39:00","date_gmt":"2023-04-18T22:39:00","guid":{"rendered":"https:\/\/regiaonews.net.br\/2022\/?p=86805"},"modified":"2023-04-18T21:03:43","modified_gmt":"2023-04-19T00:03:43","slug":"deputado-sebastiao-santos-toma-posse-como-vice-presidente-da-comissao-de-turismo-e-tambem-se-torna-membro-efetivo-da-comissao-de-ciencia-tecnologia-inovacao-e-informacao","status":"publish","type":"post","link":"https:\/\/regiaonews.net.br\/2022\/2023\/04\/18\/deputado-sebastiao-santos-toma-posse-como-vice-presidente-da-comissao-de-turismo-e-tambem-se-torna-membro-efetivo-da-comissao-de-ciencia-tecnologia-inovacao-e-informacao\/","title":{"rendered":"Deputado Sebasti\u00e3o Santos \u00e9 empossado vice-presidente da Comiss\u00e3o de Turismo, e torna membro efetivo da Comiss\u00e3o de Ci\u00eancia"},"content":{"rendered":"<p><a href=\"https:\/\/regiaonews.net.br\/2022\/wp-content\/uploads\/2023\/04\/WhatsApp-Image-2023-04-18-at-19.31.37-1.jpeg\"><img loading=\"lazy\" decoding=\"async\" class=\"alignnone size-medium wp-image-86807\" src=\"https:\/\/regiaonews.net.br\/2022\/wp-content\/uploads\/2023\/04\/WhatsApp-Image-2023-04-18-at-19.31.37-1-300x200.jpeg\" alt=\"\" width=\"300\" height=\"200\" srcset=\"https:\/\/regiaonews.net.br\/2022\/wp-content\/uploads\/2023\/04\/WhatsApp-Image-2023-04-18-at-19.31.37-1-300x200.jpeg 300w, https:\/\/regiaonews.net.br\/2022\/wp-content\/uploads\/2023\/04\/WhatsApp-Image-2023-04-18-at-19.31.37-1-768x512.jpeg 768w, https:\/\/regiaonews.net.br\/2022\/wp-content\/uploads\/2023\/04\/WhatsApp-Image-2023-04-18-at-19.31.37-1-250x167.jpeg 250w, https:\/\/regiaonews.net.br\/2022\/wp-content\/uploads\/2023\/04\/WhatsApp-Image-2023-04-18-at-19.31.37-1.jpeg 799w\" sizes=\"auto, (max-width: 300px) 100vw, 300px\" \/><\/a><\/p>\n<p>A elei\u00e7\u00e3o e indica\u00e7\u00e3o ocorreram com apoio da maioria dos deputados da Assembleia Legislativa<\/p>\n<p>O deputado estadual Sebasti\u00e3o Santos (Republicanos) tomou posse nesta ter\u00e7a-feira, dia 18 de abril, como vice-presidente da Comiss\u00e3o de Turismo da Assembleia Legislativa do Estado de S\u00e3o Paulo. A cria\u00e7\u00e3o da Comiss\u00e3o de Turismo \u00e9 uma das novidades entre as comiss\u00f5es permanentes criadas para a 20\u00ba Legislatura da Alesp.<\/p>\n<p>A aprova\u00e7\u00e3o da comiss\u00e3o se deu por meio do Projeto de Resolu\u00e7\u00e3o 3\/2023, com o objetivo de analisar e opinar sobre as atividades e as pol\u00edticas p\u00fablicas voltadas \u00e0 \u00e1rea, incluindo a classifica\u00e7\u00e3o de Est\u00e2ncias e Munic\u00edpios de Interesse Tur\u00edstico e organiza\u00e7\u00e3o governamental<\/p>\n<p>&#8220;Essa Comiss\u00e3o ter\u00e1 uma responsabilidade muito grande, pois est\u00e1 se desmembrando da Comiss\u00e3o de Atividades Econ\u00f4micas, ganhando sua pr\u00f3pria caminhada e suas pr\u00f3prias movimenta\u00e7\u00f5es&#8221;, disse o vice-presidente Sebasti\u00e3o Santos sobre a novidade do colegiado.<\/p>\n<p>Sebasti\u00e3o tamb\u00e9m ressalta da import\u00e2ncia dessa comiss\u00e3o tem\u00e1tica, onde todas as a\u00e7\u00f5es do turismo estadual, al\u00e9m das est\u00e2ncias e munic\u00edpios de interesse tur\u00edstico, poder\u00e3o ser discutidas amplamente com as entidades, associa\u00e7\u00f5es, agremia\u00e7\u00f5es e principalmente com o governo estadual.<\/p>\n<p>&#8220;Essa Comiss\u00e3o vem para ajudar o Estado de S\u00e3o Paulo na cria\u00e7\u00e3o de renda e emprego, com o objetivo de ajudar o povo paulista e paulistano. Sabemos que diversas cidades sobrevivem do turismo local, e por isso, com a cria\u00e7\u00e3o e a nossa posse na comiss\u00e3o, iremos batalhar para que novas a\u00e7\u00f5es sejam tomadas com aten\u00e7\u00e3o \u00eaxito&#8221;, completou Sebasti\u00e3o Santos em sua posse na vice-presid\u00eancia.<\/p>\n<p>Confira os membros da Comiss\u00e3o de Turismo:<br \/>\nPaulo Corr\u00eaa Jr (PSD) &#8211; Presidente (Substituto: Oseias de Madureira)<br \/>\nSebasti\u00e3o Santos (Republicanos) &#8211; Vice-presidente (Substituto: Altair Moraes)<br \/>\nAgente Federal Danilo Balas &#8211; PL (Substituta: Dani Alonso)<br \/>\nGil Diniz &#8211; PL (Substituto: Tenente Coimbra)<br \/>\nProfessora Bebel &#8211; PT\/PCdoB\/PV (Substituto: Enio Tatto)<br \/>\nR\u00f4mulo Fernandes &#8211; PT\/PCdoB\/PV (Substituto: Reis)<br \/>\nMaria L\u00facia Amary &#8211; PSDB\/Cidadania (Substituta: Ana Carolina Serra)<br \/>\nEdmir Chedid &#8211; Uni\u00e3o Brasil (Substituta: Solange Freitas)<br \/>\nItamar Borges &#8211; MDB (Substituto: Jorge Caruso)<br \/>\nDr. Elton &#8211; PSC (Substituto: Helinho Zanatta)<br \/>\nMarcio Nakashima &#8211; PDT<\/p>\n<p>Comiss\u00e3o de Ci\u00eancia, Tecnologia, Inova\u00e7\u00e3o e Informa\u00e7\u00e3o<\/p>\n<p>Deputado Sebasti\u00e3o Santos tamb\u00e9m tomou posse como membro efetivo da Comiss\u00e3o de Ci\u00eancia, Tecnologia, Inova\u00e7\u00e3o e Informa\u00e7\u00e3o da Alesp.<\/p>\n<p>\u201cContinuaremos como membro efetivo dessa comiss\u00e3o muito importante ao Estado, pois nela se trata e discute a\u00e7\u00f5es relacionadas ao desenvolvimento cient\u00edfico e tecnol\u00f3gico de S\u00e3o Paulo\u201d, ressaltou Santos.<\/p>\n<p>A Comiss\u00e3o de Ci\u00eancia, Tecnologia, Inova\u00e7\u00e3o e Informa\u00e7\u00e3o da Assembleia Legislativa \u00e9 o grupo respons\u00e1vel por deliberar sobre proposi\u00e7\u00f5es e demais mat\u00e9rias relativas ao desenvolvimento cient\u00edfico e tecnol\u00f3gico do Estado, bem como sobre o ensino de novas tecnologias e a inclus\u00e3o digital.<\/p>\n<p>Confira a lista de membros da CCTI:<br \/>\nMauro Bragato (PSDB\/Cidadania) &#8211; Presidente (Substituta: Analice Fernandes);<br \/>\nLeonardo Siqueira (Novo) &#8211; Vice-presidente<br \/>\nBruno Zambelli &#8211; PL (Substituto: Ricardo Madalena);<br \/>\nFabiana Barroso &#8211; PL (Substituto: Marcos Damasio);<br \/>\nBeth Sah\u00e3o &#8211; PT\/PCdoB\/PV (Substituto: Donato);<br \/>\nProfessora Bebel &#8211; PT\/PCdoB\/PV (Substituto: Sim\u00e3o Pedro);<br \/>\nSebasti\u00e3o Santos &#8211; Republicanos (Substituto: Rui Alves);<br \/>\nMilton Leite Filho &#8211; Uni\u00e3o Brasil (Substituto: Felipe Franco);<br \/>\nMarina Helou PSOL\/Rede (Substituto: Guilherme Cortez);<br \/>\nRog\u00e9rio Santos &#8211; MDB (Substituto: Itamar Borges);<br \/>\nGerson Pessoa &#8211; Podemos (Substituto: Ricardo Fran\u00e7a).<\/p>\n","protected":false},"excerpt":{"rendered":"<p>A elei\u00e7\u00e3o e indica\u00e7\u00e3o ocorreram com apoio da maioria dos<\/p>\n","protected":false},"author":2,"featured_media":86806,"comment_status":"open","ping_status":"open","sticky":false,"template":"","format":"standard","meta":{"footnotes":""},"categories":[111,22],"tags":[],"class_list":["post-86805","post","type-post","status-publish","format-standard","has-post-thumbnail","hentry","category-cotidiano","category-politica"],"yoast_head":"<!-- This site is optimized with the Yoast SEO plugin v27.4 - https:\/\/yoast.com\/product\/yoast-seo-wordpress\/ -->\n<title>Deputado Sebasti\u00e3o Santos \u00e9 empossado vice-presidente da Comiss\u00e3o de Turismo, e torna membro efetivo da Comiss\u00e3o de Ci\u00eancia - Regi\u00e3o News<\/title>\n<meta name=\"robots\" content=\"index, follow, max-snippet:-1, max-image-preview:large, max-video-preview:-1\" \/>\n<link rel=\"canonical\" href=\"https:\/\/regiaonews.net.br\/2022\/2023\/04\/18\/deputado-sebastiao-santos-toma-posse-como-vice-presidente-da-comissao-de-turismo-e-tambem-se-torna-membro-efetivo-da-comissao-de-ciencia-tecnologia-inovacao-e-informacao\/\" \/>\n<meta property=\"og:locale\" content=\"pt_BR\" \/>\n<meta property=\"og:type\" content=\"article\" \/>\n<meta property=\"og:title\" content=\"Deputado Sebasti\u00e3o Santos \u00e9 empossado vice-presidente da Comiss\u00e3o de Turismo, e torna membro efetivo da Comiss\u00e3o de Ci\u00eancia - Regi\u00e3o News\" \/>\n<meta property=\"og:description\" content=\"A elei\u00e7\u00e3o e indica\u00e7\u00e3o ocorreram com apoio da maioria dos\" \/>\n<meta property=\"og:url\" content=\"https:\/\/regiaonews.net.br\/2022\/2023\/04\/18\/deputado-sebastiao-santos-toma-posse-como-vice-presidente-da-comissao-de-turismo-e-tambem-se-torna-membro-efetivo-da-comissao-de-ciencia-tecnologia-inovacao-e-informacao\/\" \/>\n<meta property=\"og:site_name\" content=\"Regi\u00e3o News\" \/>\n<meta property=\"article:published_time\" content=\"2023-04-18T22:39:00+00:00\" \/>\n<meta property=\"article:modified_time\" content=\"2023-04-19T00:03:43+00:00\" \/>\n<meta property=\"og:image\" content=\"https:\/\/regiaonews.net.br\/2022\/wp-content\/uploads\/2023\/04\/WhatsApp-Image-2023-04-18-at-19.31.37.jpeg\" \/>\n\t<meta property=\"og:image:width\" content=\"799\" \/>\n\t<meta property=\"og:image:height\" content=\"534\" \/>\n\t<meta property=\"og:image:type\" content=\"image\/jpeg\" \/>\n<meta name=\"author\" content=\"Roberto\" \/>\n<meta name=\"twitter:card\" content=\"summary_large_image\" \/>\n<meta name=\"twitter:label1\" content=\"Escrito por\" \/>\n\t<meta name=\"twitter:data1\" content=\"Roberto\" \/>\n\t<meta name=\"twitter:label2\" content=\"Est. tempo de leitura\" \/>\n\t<meta name=\"twitter:data2\" content=\"3 minutos\" \/>\n<script type=\"application\/ld+json\" class=\"yoast-schema-graph\">{\"@context\":\"https:\\\/\\\/schema.org\",\"@graph\":[{\"@type\":\"Article\",\"@id\":\"https:\\\/\\\/regiaonews.net.br\\\/2022\\\/2023\\\/04\\\/18\\\/deputado-sebastiao-santos-toma-posse-como-vice-presidente-da-comissao-de-turismo-e-tambem-se-torna-membro-efetivo-da-comissao-de-ciencia-tecnologia-inovacao-e-informacao\\\/#article\",\"isPartOf\":{\"@id\":\"https:\\\/\\\/regiaonews.net.br\\\/2022\\\/2023\\\/04\\\/18\\\/deputado-sebastiao-santos-toma-posse-como-vice-presidente-da-comissao-de-turismo-e-tambem-se-torna-membro-efetivo-da-comissao-de-ciencia-tecnologia-inovacao-e-informacao\\\/\"},\"author\":{\"name\":\"Roberto\",\"@id\":\"https:\\\/\\\/regiaonews.net.br\\\/2022\\\/#\\\/schema\\\/person\\\/2d205a608a5aa97ac279d7a5e6d89ad8\"},\"headline\":\"Deputado Sebasti\u00e3o Santos \u00e9 empossado vice-presidente da Comiss\u00e3o de Turismo, e torna membro efetivo da Comiss\u00e3o de Ci\u00eancia\",\"datePublished\":\"2023-04-18T22:39:00+00:00\",\"dateModified\":\"2023-04-19T00:03:43+00:00\",\"mainEntityOfPage\":{\"@id\":\"https:\\\/\\\/regiaonews.net.br\\\/2022\\\/2023\\\/04\\\/18\\\/deputado-sebastiao-santos-toma-posse-como-vice-presidente-da-comissao-de-turismo-e-tambem-se-torna-membro-efetivo-da-comissao-de-ciencia-tecnologia-inovacao-e-informacao\\\/\"},\"wordCount\":622,\"commentCount\":0,\"publisher\":{\"@id\":\"https:\\\/\\\/regiaonews.net.br\\\/2022\\\/#organization\"},\"image\":{\"@id\":\"https:\\\/\\\/regiaonews.net.br\\\/2022\\\/2023\\\/04\\\/18\\\/deputado-sebastiao-santos-toma-posse-como-vice-presidente-da-comissao-de-turismo-e-tambem-se-torna-membro-efetivo-da-comissao-de-ciencia-tecnologia-inovacao-e-informacao\\\/#primaryimage\"},\"thumbnailUrl\":\"https:\\\/\\\/regiaonews.net.br\\\/2022\\\/wp-content\\\/uploads\\\/2023\\\/04\\\/WhatsApp-Image-2023-04-18-at-19.31.37.jpeg\",\"articleSection\":[\"Cotidiano\",\"Pol\u00edtica\"],\"inLanguage\":\"pt-BR\",\"potentialAction\":[{\"@type\":\"CommentAction\",\"name\":\"Comment\",\"target\":[\"https:\\\/\\\/regiaonews.net.br\\\/2022\\\/2023\\\/04\\\/18\\\/deputado-sebastiao-santos-toma-posse-como-vice-presidente-da-comissao-de-turismo-e-tambem-se-torna-membro-efetivo-da-comissao-de-ciencia-tecnologia-inovacao-e-informacao\\\/#respond\"]}]},{\"@type\":\"WebPage\",\"@id\":\"https:\\\/\\\/regiaonews.net.br\\\/2022\\\/2023\\\/04\\\/18\\\/deputado-sebastiao-santos-toma-posse-como-vice-presidente-da-comissao-de-turismo-e-tambem-se-torna-membro-efetivo-da-comissao-de-ciencia-tecnologia-inovacao-e-informacao\\\/\",\"url\":\"https:\\\/\\\/regiaonews.net.br\\\/2022\\\/2023\\\/04\\\/18\\\/deputado-sebastiao-santos-toma-posse-como-vice-presidente-da-comissao-de-turismo-e-tambem-se-torna-membro-efetivo-da-comissao-de-ciencia-tecnologia-inovacao-e-informacao\\\/\",\"name\":\"Deputado Sebasti\u00e3o Santos \u00e9 empossado vice-presidente da Comiss\u00e3o de Turismo, e torna membro efetivo da Comiss\u00e3o de Ci\u00eancia - Regi\u00e3o News\",\"isPartOf\":{\"@id\":\"https:\\\/\\\/regiaonews.net.br\\\/2022\\\/#website\"},\"primaryImageOfPage\":{\"@id\":\"https:\\\/\\\/regiaonews.net.br\\\/2022\\\/2023\\\/04\\\/18\\\/deputado-sebastiao-santos-toma-posse-como-vice-presidente-da-comissao-de-turismo-e-tambem-se-torna-membro-efetivo-da-comissao-de-ciencia-tecnologia-inovacao-e-informacao\\\/#primaryimage\"},\"image\":{\"@id\":\"https:\\\/\\\/regiaonews.net.br\\\/2022\\\/2023\\\/04\\\/18\\\/deputado-sebastiao-santos-toma-posse-como-vice-presidente-da-comissao-de-turismo-e-tambem-se-torna-membro-efetivo-da-comissao-de-ciencia-tecnologia-inovacao-e-informacao\\\/#primaryimage\"},\"thumbnailUrl\":\"https:\\\/\\\/regiaonews.net.br\\\/2022\\\/wp-content\\\/uploads\\\/2023\\\/04\\\/WhatsApp-Image-2023-04-18-at-19.31.37.jpeg\",\"datePublished\":\"2023-04-18T22:39:00+00:00\",\"dateModified\":\"2023-04-19T00:03:43+00:00\",\"breadcrumb\":{\"@id\":\"https:\\\/\\\/regiaonews.net.br\\\/2022\\\/2023\\\/04\\\/18\\\/deputado-sebastiao-santos-toma-posse-como-vice-presidente-da-comissao-de-turismo-e-tambem-se-torna-membro-efetivo-da-comissao-de-ciencia-tecnologia-inovacao-e-informacao\\\/#breadcrumb\"},\"inLanguage\":\"pt-BR\",\"potentialAction\":[{\"@type\":\"ReadAction\",\"target\":[\"https:\\\/\\\/regiaonews.net.br\\\/2022\\\/2023\\\/04\\\/18\\\/deputado-sebastiao-santos-toma-posse-como-vice-presidente-da-comissao-de-turismo-e-tambem-se-torna-membro-efetivo-da-comissao-de-ciencia-tecnologia-inovacao-e-informacao\\\/\"]}]},{\"@type\":\"ImageObject\",\"inLanguage\":\"pt-BR\",\"@id\":\"https:\\\/\\\/regiaonews.net.br\\\/2022\\\/2023\\\/04\\\/18\\\/deputado-sebastiao-santos-toma-posse-como-vice-presidente-da-comissao-de-turismo-e-tambem-se-torna-membro-efetivo-da-comissao-de-ciencia-tecnologia-inovacao-e-informacao\\\/#primaryimage\",\"url\":\"https:\\\/\\\/regiaonews.net.br\\\/2022\\\/wp-content\\\/uploads\\\/2023\\\/04\\\/WhatsApp-Image-2023-04-18-at-19.31.37.jpeg\",\"contentUrl\":\"https:\\\/\\\/regiaonews.net.br\\\/2022\\\/wp-content\\\/uploads\\\/2023\\\/04\\\/WhatsApp-Image-2023-04-18-at-19.31.37.jpeg\",\"width\":799,\"height\":534},{\"@type\":\"BreadcrumbList\",\"@id\":\"https:\\\/\\\/regiaonews.net.br\\\/2022\\\/2023\\\/04\\\/18\\\/deputado-sebastiao-santos-toma-posse-como-vice-presidente-da-comissao-de-turismo-e-tambem-se-torna-membro-efetivo-da-comissao-de-ciencia-tecnologia-inovacao-e-informacao\\\/#breadcrumb\",\"itemListElement\":[{\"@type\":\"ListItem\",\"position\":1,\"name\":\"In\u00edcio\",\"item\":\"https:\\\/\\\/regiaonews.net.br\\\/2022\\\/\"},{\"@type\":\"ListItem\",\"position\":2,\"name\":\"Deputado Sebasti\u00e3o Santos \u00e9 empossado vice-presidente da Comiss\u00e3o de Turismo, e torna membro efetivo da Comiss\u00e3o de Ci\u00eancia\"}]},{\"@type\":\"WebSite\",\"@id\":\"https:\\\/\\\/regiaonews.net.br\\\/2022\\\/#website\",\"url\":\"https:\\\/\\\/regiaonews.net.br\\\/2022\\\/\",\"name\":\"Regi\u00e3o News\",\"description\":\"Site de Not\u00edcias de Barretos e regi\u00e3o\",\"publisher\":{\"@id\":\"https:\\\/\\\/regiaonews.net.br\\\/2022\\\/#organization\"},\"potentialAction\":[{\"@type\":\"SearchAction\",\"target\":{\"@type\":\"EntryPoint\",\"urlTemplate\":\"https:\\\/\\\/regiaonews.net.br\\\/2022\\\/?s={search_term_string}\"},\"query-input\":{\"@type\":\"PropertyValueSpecification\",\"valueRequired\":true,\"valueName\":\"search_term_string\"}}],\"inLanguage\":\"pt-BR\"},{\"@type\":\"Organization\",\"@id\":\"https:\\\/\\\/regiaonews.net.br\\\/2022\\\/#organization\",\"name\":\"Regi\u00e3o News\",\"url\":\"https:\\\/\\\/regiaonews.net.br\\\/2022\\\/\",\"logo\":{\"@type\":\"ImageObject\",\"inLanguage\":\"pt-BR\",\"@id\":\"https:\\\/\\\/regiaonews.net.br\\\/2022\\\/#\\\/schema\\\/logo\\\/image\\\/\",\"url\":\"https:\\\/\\\/regiaonews.net.br\\\/2022\\\/wp-content\\\/uploads\\\/2026\\\/03\\\/regiao-13-anos-scaled.jpg\",\"contentUrl\":\"https:\\\/\\\/regiaonews.net.br\\\/2022\\\/wp-content\\\/uploads\\\/2026\\\/03\\\/regiao-13-anos-scaled.jpg\",\"width\":2560,\"height\":635,\"caption\":\"Regi\u00e3o News\"},\"image\":{\"@id\":\"https:\\\/\\\/regiaonews.net.br\\\/2022\\\/#\\\/schema\\\/logo\\\/image\\\/\"}},{\"@type\":\"Person\",\"@id\":\"https:\\\/\\\/regiaonews.net.br\\\/2022\\\/#\\\/schema\\\/person\\\/2d205a608a5aa97ac279d7a5e6d89ad8\",\"name\":\"Roberto\",\"image\":{\"@type\":\"ImageObject\",\"inLanguage\":\"pt-BR\",\"@id\":\"https:\\\/\\\/secure.gravatar.com\\\/avatar\\\/42749d8b712ff9d59ca93dc150494e5b55a44134482993f5baeb97e61b7ecc89?s=96&d=mm&r=g\",\"url\":\"https:\\\/\\\/secure.gravatar.com\\\/avatar\\\/42749d8b712ff9d59ca93dc150494e5b55a44134482993f5baeb97e61b7ecc89?s=96&d=mm&r=g\",\"contentUrl\":\"https:\\\/\\\/secure.gravatar.com\\\/avatar\\\/42749d8b712ff9d59ca93dc150494e5b55a44134482993f5baeb97e61b7ecc89?s=96&d=mm&r=g\",\"caption\":\"Roberto\"},\"url\":\"https:\\\/\\\/regiaonews.net.br\\\/2022\\\/author\\\/roberto\\\/\"}]}<\/script>\n<!-- \/ Yoast SEO plugin. -->","yoast_head_json":{"title":"Deputado Sebasti\u00e3o Santos \u00e9 empossado vice-presidente da Comiss\u00e3o de Turismo, e torna membro efetivo da Comiss\u00e3o de Ci\u00eancia - Regi\u00e3o News","robots":{"index":"index","follow":"follow","max-snippet":"max-snippet:-1","max-image-preview":"max-image-preview:large","max-video-preview":"max-video-preview:-1"},"canonical":"https:\/\/regiaonews.net.br\/2022\/2023\/04\/18\/deputado-sebastiao-santos-toma-posse-como-vice-presidente-da-comissao-de-turismo-e-tambem-se-torna-membro-efetivo-da-comissao-de-ciencia-tecnologia-inovacao-e-informacao\/","og_locale":"pt_BR","og_type":"article","og_title":"Deputado Sebasti\u00e3o Santos \u00e9 empossado vice-presidente da Comiss\u00e3o de Turismo, e torna membro efetivo da Comiss\u00e3o de Ci\u00eancia - Regi\u00e3o News","og_description":"A elei\u00e7\u00e3o e indica\u00e7\u00e3o ocorreram com apoio da maioria dos","og_url":"https:\/\/regiaonews.net.br\/2022\/2023\/04\/18\/deputado-sebastiao-santos-toma-posse-como-vice-presidente-da-comissao-de-turismo-e-tambem-se-torna-membro-efetivo-da-comissao-de-ciencia-tecnologia-inovacao-e-informacao\/","og_site_name":"Regi\u00e3o News","article_published_time":"2023-04-18T22:39:00+00:00","article_modified_time":"2023-04-19T00:03:43+00:00","og_image":[{"width":799,"height":534,"url":"https:\/\/regiaonews.net.br\/2022\/wp-content\/uploads\/2023\/04\/WhatsApp-Image-2023-04-18-at-19.31.37.jpeg","type":"image\/jpeg"}],"author":"Roberto","twitter_card":"summary_large_image","twitter_misc":{"Escrito por":"Roberto","Est. tempo de leitura":"3 minutos"},"schema":{"@context":"https:\/\/schema.org","@graph":[{"@type":"Article","@id":"https:\/\/regiaonews.net.br\/2022\/2023\/04\/18\/deputado-sebastiao-santos-toma-posse-como-vice-presidente-da-comissao-de-turismo-e-tambem-se-torna-membro-efetivo-da-comissao-de-ciencia-tecnologia-inovacao-e-informacao\/#article","isPartOf":{"@id":"https:\/\/regiaonews.net.br\/2022\/2023\/04\/18\/deputado-sebastiao-santos-toma-posse-como-vice-presidente-da-comissao-de-turismo-e-tambem-se-torna-membro-efetivo-da-comissao-de-ciencia-tecnologia-inovacao-e-informacao\/"},"author":{"name":"Roberto","@id":"https:\/\/regiaonews.net.br\/2022\/#\/schema\/person\/2d205a608a5aa97ac279d7a5e6d89ad8"},"headline":"Deputado Sebasti\u00e3o Santos \u00e9 empossado vice-presidente da Comiss\u00e3o de Turismo, e torna membro efetivo da Comiss\u00e3o de Ci\u00eancia","datePublished":"2023-04-18T22:39:00+00:00","dateModified":"2023-04-19T00:03:43+00:00","mainEntityOfPage":{"@id":"https:\/\/regiaonews.net.br\/2022\/2023\/04\/18\/deputado-sebastiao-santos-toma-posse-como-vice-presidente-da-comissao-de-turismo-e-tambem-se-torna-membro-efetivo-da-comissao-de-ciencia-tecnologia-inovacao-e-informacao\/"},"wordCount":622,"commentCount":0,"publisher":{"@id":"https:\/\/regiaonews.net.br\/2022\/#organization"},"image":{"@id":"https:\/\/regiaonews.net.br\/2022\/2023\/04\/18\/deputado-sebastiao-santos-toma-posse-como-vice-presidente-da-comissao-de-turismo-e-tambem-se-torna-membro-efetivo-da-comissao-de-ciencia-tecnologia-inovacao-e-informacao\/#primaryimage"},"thumbnailUrl":"https:\/\/regiaonews.net.br\/2022\/wp-content\/uploads\/2023\/04\/WhatsApp-Image-2023-04-18-at-19.31.37.jpeg","articleSection":["Cotidiano","Pol\u00edtica"],"inLanguage":"pt-BR","potentialAction":[{"@type":"CommentAction","name":"Comment","target":["https:\/\/regiaonews.net.br\/2022\/2023\/04\/18\/deputado-sebastiao-santos-toma-posse-como-vice-presidente-da-comissao-de-turismo-e-tambem-se-torna-membro-efetivo-da-comissao-de-ciencia-tecnologia-inovacao-e-informacao\/#respond"]}]},{"@type":"WebPage","@id":"https:\/\/regiaonews.net.br\/2022\/2023\/04\/18\/deputado-sebastiao-santos-toma-posse-como-vice-presidente-da-comissao-de-turismo-e-tambem-se-torna-membro-efetivo-da-comissao-de-ciencia-tecnologia-inovacao-e-informacao\/","url":"https:\/\/regiaonews.net.br\/2022\/2023\/04\/18\/deputado-sebastiao-santos-toma-posse-como-vice-presidente-da-comissao-de-turismo-e-tambem-se-torna-membro-efetivo-da-comissao-de-ciencia-tecnologia-inovacao-e-informacao\/","name":"Deputado Sebasti\u00e3o Santos \u00e9 empossado vice-presidente da Comiss\u00e3o de Turismo, e torna membro efetivo da Comiss\u00e3o de Ci\u00eancia - Regi\u00e3o News","isPartOf":{"@id":"https:\/\/regiaonews.net.br\/2022\/#website"},"primaryImageOfPage":{"@id":"https:\/\/regiaonews.net.br\/2022\/2023\/04\/18\/deputado-sebastiao-santos-toma-posse-como-vice-presidente-da-comissao-de-turismo-e-tambem-se-torna-membro-efetivo-da-comissao-de-ciencia-tecnologia-inovacao-e-informacao\/#primaryimage"},"image":{"@id":"https:\/\/regiaonews.net.br\/2022\/2023\/04\/18\/deputado-sebastiao-santos-toma-posse-como-vice-presidente-da-comissao-de-turismo-e-tambem-se-torna-membro-efetivo-da-comissao-de-ciencia-tecnologia-inovacao-e-informacao\/#primaryimage"},"thumbnailUrl":"https:\/\/regiaonews.net.br\/2022\/wp-content\/uploads\/2023\/04\/WhatsApp-Image-2023-04-18-at-19.31.37.jpeg","datePublished":"2023-04-18T22:39:00+00:00","dateModified":"2023-04-19T00:03:43+00:00","breadcrumb":{"@id":"https:\/\/regiaonews.net.br\/2022\/2023\/04\/18\/deputado-sebastiao-santos-toma-posse-como-vice-presidente-da-comissao-de-turismo-e-tambem-se-torna-membro-efetivo-da-comissao-de-ciencia-tecnologia-inovacao-e-informacao\/#breadcrumb"},"inLanguage":"pt-BR","potentialAction":[{"@type":"ReadAction","target":["https:\/\/regiaonews.net.br\/2022\/2023\/04\/18\/deputado-sebastiao-santos-toma-posse-como-vice-presidente-da-comissao-de-turismo-e-tambem-se-torna-membro-efetivo-da-comissao-de-ciencia-tecnologia-inovacao-e-informacao\/"]}]},{"@type":"ImageObject","inLanguage":"pt-BR","@id":"https:\/\/regiaonews.net.br\/2022\/2023\/04\/18\/deputado-sebastiao-santos-toma-posse-como-vice-presidente-da-comissao-de-turismo-e-tambem-se-torna-membro-efetivo-da-comissao-de-ciencia-tecnologia-inovacao-e-informacao\/#primaryimage","url":"https:\/\/regiaonews.net.br\/2022\/wp-content\/uploads\/2023\/04\/WhatsApp-Image-2023-04-18-at-19.31.37.jpeg","contentUrl":"https:\/\/regiaonews.net.br\/2022\/wp-content\/uploads\/2023\/04\/WhatsApp-Image-2023-04-18-at-19.31.37.jpeg","width":799,"height":534},{"@type":"BreadcrumbList","@id":"https:\/\/regiaonews.net.br\/2022\/2023\/04\/18\/deputado-sebastiao-santos-toma-posse-como-vice-presidente-da-comissao-de-turismo-e-tambem-se-torna-membro-efetivo-da-comissao-de-ciencia-tecnologia-inovacao-e-informacao\/#breadcrumb","itemListElement":[{"@type":"ListItem","position":1,"name":"In\u00edcio","item":"https:\/\/regiaonews.net.br\/2022\/"},{"@type":"ListItem","position":2,"name":"Deputado Sebasti\u00e3o Santos \u00e9 empossado vice-presidente da Comiss\u00e3o de Turismo, e torna membro efetivo da Comiss\u00e3o de Ci\u00eancia"}]},{"@type":"WebSite","@id":"https:\/\/regiaonews.net.br\/2022\/#website","url":"https:\/\/regiaonews.net.br\/2022\/","name":"Regi\u00e3o News","description":"Site de Not\u00edcias de Barretos e regi\u00e3o","publisher":{"@id":"https:\/\/regiaonews.net.br\/2022\/#organization"},"potentialAction":[{"@type":"SearchAction","target":{"@type":"EntryPoint","urlTemplate":"https:\/\/regiaonews.net.br\/2022\/?s={search_term_string}"},"query-input":{"@type":"PropertyValueSpecification","valueRequired":true,"valueName":"search_term_string"}}],"inLanguage":"pt-BR"},{"@type":"Organization","@id":"https:\/\/regiaonews.net.br\/2022\/#organization","name":"Regi\u00e3o News","url":"https:\/\/regiaonews.net.br\/2022\/","logo":{"@type":"ImageObject","inLanguage":"pt-BR","@id":"https:\/\/regiaonews.net.br\/2022\/#\/schema\/logo\/image\/","url":"https:\/\/regiaonews.net.br\/2022\/wp-content\/uploads\/2026\/03\/regiao-13-anos-scaled.jpg","contentUrl":"https:\/\/regiaonews.net.br\/2022\/wp-content\/uploads\/2026\/03\/regiao-13-anos-scaled.jpg","width":2560,"height":635,"caption":"Regi\u00e3o News"},"image":{"@id":"https:\/\/regiaonews.net.br\/2022\/#\/schema\/logo\/image\/"}},{"@type":"Person","@id":"https:\/\/regiaonews.net.br\/2022\/#\/schema\/person\/2d205a608a5aa97ac279d7a5e6d89ad8","name":"Roberto","image":{"@type":"ImageObject","inLanguage":"pt-BR","@id":"https:\/\/secure.gravatar.com\/avatar\/42749d8b712ff9d59ca93dc150494e5b55a44134482993f5baeb97e61b7ecc89?s=96&d=mm&r=g","url":"https:\/\/secure.gravatar.com\/avatar\/42749d8b712ff9d59ca93dc150494e5b55a44134482993f5baeb97e61b7ecc89?s=96&d=mm&r=g","contentUrl":"https:\/\/secure.gravatar.com\/avatar\/42749d8b712ff9d59ca93dc150494e5b55a44134482993f5baeb97e61b7ecc89?s=96&d=mm&r=g","caption":"Roberto"},"url":"https:\/\/regiaonews.net.br\/2022\/author\/roberto\/"}]}},"publishpress_future_action":{"enabled":false,"date":"2026-05-02 02:06:20","action":"change-status","newStatus":"draft","terms":[],"taxonomy":"category","extraData":[]},"publishpress_future_workflow_manual_trigger":{"enabledWorkflows":[]},"_links":{"self":[{"href":"https:\/\/regiaonews.net.br\/2022\/wp-json\/wp\/v2\/posts\/86805","targetHints":{"allow":["GET"]}}],"collection":[{"href":"https:\/\/regiaonews.net.br\/2022\/wp-json\/wp\/v2\/posts"}],"about":[{"href":"https:\/\/regiaonews.net.br\/2022\/wp-json\/wp\/v2\/types\/post"}],"author":[{"embeddable":true,"href":"https:\/\/regiaonews.net.br\/2022\/wp-json\/wp\/v2\/users\/2"}],"replies":[{"embeddable":true,"href":"https:\/\/regiaonews.net.br\/2022\/wp-json\/wp\/v2\/comments?post=86805"}],"version-history":[{"count":2,"href":"https:\/\/regiaonews.net.br\/2022\/wp-json\/wp\/v2\/posts\/86805\/revisions"}],"predecessor-version":[{"id":86812,"href":"https:\/\/regiaonews.net.br\/2022\/wp-json\/wp\/v2\/posts\/86805\/revisions\/86812"}],"wp:featuredmedia":[{"embeddable":true,"href":"https:\/\/regiaonews.net.br\/2022\/wp-json\/wp\/v2\/media\/86806"}],"wp:attachment":[{"href":"https:\/\/regiaonews.net.br\/2022\/wp-json\/wp\/v2\/media?parent=86805"}],"wp:term":[{"taxonomy":"category","embeddable":true,"href":"https:\/\/regiaonews.net.br\/2022\/wp-json\/wp\/v2\/categories?post=86805"},{"taxonomy":"post_tag","embeddable":true,"href":"https:\/\/regiaonews.net.br\/2022\/wp-json\/wp\/v2\/tags?post=86805"}],"curies":[{"name":"wp","href":"https:\/\/api.w.org\/{rel}","templated":true}]}}