{"id":86770,"date":"2023-04-17T19:24:40","date_gmt":"2023-04-17T22:24:40","guid":{"rendered":"https:\/\/regiaonews.net.br\/2022\/?p=86770"},"modified":"2023-04-17T20:46:15","modified_gmt":"2023-04-17T23:46:15","slug":"inscricoes-para-os-cursos-do-via-rapida-emprego-sao-prorrogadas-ate-quinta-feira-dia-20","status":"publish","type":"post","link":"https:\/\/regiaonews.net.br\/2022\/2023\/04\/17\/inscricoes-para-os-cursos-do-via-rapida-emprego-sao-prorrogadas-ate-quinta-feira-dia-20\/","title":{"rendered":"Inscri\u00e7\u00f5es para os cursos do Via R\u00e1pida Emprego s\u00e3o prorrogadas at\u00e9 quinta-feira, dia 20"},"content":{"rendered":"<p>Aulas est\u00e3o previstas para iniciar no dia 25 de abril; programa oferece 60 vagas para capacita\u00e7\u00f5es e bolsa aux\u00edlio de R$ 210<\/p>\n<p>As inscri\u00e7\u00f5es para os cursos oferecidos pela Carreta de Hospitalidade, do Via R\u00e1pida Emprego, foram prorrogadas at\u00e9 a pr\u00f3xima quinta-feira, dia 20 de abril. O programa do Governo do Estado de S\u00e3o Paulo, por meio da Secretaria Estadual de Desenvolvimento Econ\u00f4mico, disponibiliza 60 oportunidades de capacita\u00e7\u00e3o gratuitas na \u00e1rea de hospitalidade e gastronomia, sendo 20 para o curso de bartender, 20 para gar\u00e7om\/gar\u00e7onete e 20 para camareiro.<br \/>\nA carga hor\u00e1ria dos cursos \u00e9 de 80 horas e os alunos, com pelo menos 75% de frequ\u00eancia nos cursos e que cumprirem os requisitos estipulados pelo programa, fazem jus ao recebimento de uma bolsa-aux\u00edlio (parcela \u00fanica) no valor de R$ 210.00. O in\u00edcio das aulas tamb\u00e9m foi prorrogado e est\u00e1 previsto para o dia 25.<br \/>\nDurante o per\u00edodo de capacita\u00e7\u00e3o, a carreta ficar\u00e1 estacionada em frente ao Recinto Paulo de Lima Corr\u00eaa, na regi\u00e3o central da Est\u00e2ncia Tur\u00edstica de Barretos, com aulas nos per\u00edodos da manh\u00e3 para Bartender &#8211; 8h \u00e0s 12h, tarde para Gar\u00e7om\/Gar\u00e7onete &#8211; 13h \u00e0s 17h e noite para Camareira &#8211; 18h \u00e0s 22h.<br \/>\nAs inscri\u00e7\u00f5es devem ser realizadas exclusivamente pela internet pelo link: http:\/\/www.cursosviarapida.sp.gov.br\/onde-estudar. Os cursos se destinam a pessoas maiores de 16 anos.<br \/>\nAd\u00e9lia Bueno, secret\u00e1ria municipal de Desenvolvimento Econ\u00f4mico, destacou a import\u00e2ncia dos cursos oferecidos. \u201cEsta \u00e9 mais uma oportunidade de se profissionalizar e entrar no mercado de trabalho. Como Est\u00e2ncia Tur\u00edstica, Barretos precisar\u00e1 cada vez mais de m\u00e3o de obra qualificada nas \u00e1reas de hospitalidade e gastronomia\u201d, afirmou.<\/p>\n","protected":false},"excerpt":{"rendered":"<p>Aulas est\u00e3o previstas para iniciar no dia 25 de abril;<\/p>\n","protected":false},"author":2,"featured_media":44325,"comment_status":"open","ping_status":"open","sticky":false,"template":"","format":"standard","meta":{"footnotes":""},"categories":[14],"tags":[],"class_list":["post-86770","post","type-post","status-publish","format-standard","has-post-thumbnail","hentry","category-barretos"],"yoast_head":"<!-- This site is optimized with the Yoast SEO plugin v27.4 - https:\/\/yoast.com\/product\/yoast-seo-wordpress\/ -->\n<title>Inscri\u00e7\u00f5es para os cursos do Via R\u00e1pida Emprego s\u00e3o prorrogadas at\u00e9 quinta-feira, dia 20 - Regi\u00e3o News<\/title>\n<meta name=\"robots\" content=\"index, follow, max-snippet:-1, max-image-preview:large, max-video-preview:-1\" \/>\n<link rel=\"canonical\" href=\"https:\/\/regiaonews.net.br\/2022\/2023\/04\/17\/inscricoes-para-os-cursos-do-via-rapida-emprego-sao-prorrogadas-ate-quinta-feira-dia-20\/\" \/>\n<meta property=\"og:locale\" content=\"pt_BR\" \/>\n<meta property=\"og:type\" content=\"article\" \/>\n<meta property=\"og:title\" content=\"Inscri\u00e7\u00f5es para os cursos do Via R\u00e1pida Emprego s\u00e3o prorrogadas at\u00e9 quinta-feira, dia 20 - Regi\u00e3o News\" \/>\n<meta property=\"og:description\" content=\"Aulas est\u00e3o previstas para iniciar no dia 25 de abril;\" \/>\n<meta property=\"og:url\" content=\"https:\/\/regiaonews.net.br\/2022\/2023\/04\/17\/inscricoes-para-os-cursos-do-via-rapida-emprego-sao-prorrogadas-ate-quinta-feira-dia-20\/\" \/>\n<meta property=\"og:site_name\" content=\"Regi\u00e3o News\" \/>\n<meta property=\"article:published_time\" content=\"2023-04-17T22:24:40+00:00\" \/>\n<meta property=\"article:modified_time\" content=\"2023-04-17T23:46:15+00:00\" \/>\n<meta property=\"og:image\" content=\"https:\/\/regiaonews.net.br\/2022\/wp-content\/uploads\/2021\/03\/via-rapida-site.jpg\" \/>\n\t<meta property=\"og:image:width\" content=\"450\" \/>\n\t<meta property=\"og:image:height\" content=\"250\" \/>\n\t<meta property=\"og:image:type\" content=\"image\/jpeg\" \/>\n<meta name=\"author\" content=\"Roberto\" \/>\n<meta name=\"twitter:card\" content=\"summary_large_image\" \/>\n<meta name=\"twitter:label1\" content=\"Escrito por\" \/>\n\t<meta name=\"twitter:data1\" content=\"Roberto\" \/>\n\t<meta name=\"twitter:label2\" content=\"Est. tempo de leitura\" \/>\n\t<meta name=\"twitter:data2\" content=\"2 minutos\" \/>\n<script type=\"application\/ld+json\" class=\"yoast-schema-graph\">{\"@context\":\"https:\\\/\\\/schema.org\",\"@graph\":[{\"@type\":\"Article\",\"@id\":\"https:\\\/\\\/regiaonews.net.br\\\/2022\\\/2023\\\/04\\\/17\\\/inscricoes-para-os-cursos-do-via-rapida-emprego-sao-prorrogadas-ate-quinta-feira-dia-20\\\/#article\",\"isPartOf\":{\"@id\":\"https:\\\/\\\/regiaonews.net.br\\\/2022\\\/2023\\\/04\\\/17\\\/inscricoes-para-os-cursos-do-via-rapida-emprego-sao-prorrogadas-ate-quinta-feira-dia-20\\\/\"},\"author\":{\"name\":\"Roberto\",\"@id\":\"https:\\\/\\\/regiaonews.net.br\\\/2022\\\/#\\\/schema\\\/person\\\/2d205a608a5aa97ac279d7a5e6d89ad8\"},\"headline\":\"Inscri\u00e7\u00f5es para os cursos do Via R\u00e1pida Emprego s\u00e3o prorrogadas at\u00e9 quinta-feira, dia 20\",\"datePublished\":\"2023-04-17T22:24:40+00:00\",\"dateModified\":\"2023-04-17T23:46:15+00:00\",\"mainEntityOfPage\":{\"@id\":\"https:\\\/\\\/regiaonews.net.br\\\/2022\\\/2023\\\/04\\\/17\\\/inscricoes-para-os-cursos-do-via-rapida-emprego-sao-prorrogadas-ate-quinta-feira-dia-20\\\/\"},\"wordCount\":307,\"commentCount\":0,\"publisher\":{\"@id\":\"https:\\\/\\\/regiaonews.net.br\\\/2022\\\/#organization\"},\"image\":{\"@id\":\"https:\\\/\\\/regiaonews.net.br\\\/2022\\\/2023\\\/04\\\/17\\\/inscricoes-para-os-cursos-do-via-rapida-emprego-sao-prorrogadas-ate-quinta-feira-dia-20\\\/#primaryimage\"},\"thumbnailUrl\":\"https:\\\/\\\/regiaonews.net.br\\\/2022\\\/wp-content\\\/uploads\\\/2021\\\/03\\\/via-rapida-site.jpg\",\"articleSection\":[\"Barretos\"],\"inLanguage\":\"pt-BR\",\"potentialAction\":[{\"@type\":\"CommentAction\",\"name\":\"Comment\",\"target\":[\"https:\\\/\\\/regiaonews.net.br\\\/2022\\\/2023\\\/04\\\/17\\\/inscricoes-para-os-cursos-do-via-rapida-emprego-sao-prorrogadas-ate-quinta-feira-dia-20\\\/#respond\"]}]},{\"@type\":\"WebPage\",\"@id\":\"https:\\\/\\\/regiaonews.net.br\\\/2022\\\/2023\\\/04\\\/17\\\/inscricoes-para-os-cursos-do-via-rapida-emprego-sao-prorrogadas-ate-quinta-feira-dia-20\\\/\",\"url\":\"https:\\\/\\\/regiaonews.net.br\\\/2022\\\/2023\\\/04\\\/17\\\/inscricoes-para-os-cursos-do-via-rapida-emprego-sao-prorrogadas-ate-quinta-feira-dia-20\\\/\",\"name\":\"Inscri\u00e7\u00f5es para os cursos do Via R\u00e1pida Emprego s\u00e3o prorrogadas at\u00e9 quinta-feira, dia 20 - Regi\u00e3o News\",\"isPartOf\":{\"@id\":\"https:\\\/\\\/regiaonews.net.br\\\/2022\\\/#website\"},\"primaryImageOfPage\":{\"@id\":\"https:\\\/\\\/regiaonews.net.br\\\/2022\\\/2023\\\/04\\\/17\\\/inscricoes-para-os-cursos-do-via-rapida-emprego-sao-prorrogadas-ate-quinta-feira-dia-20\\\/#primaryimage\"},\"image\":{\"@id\":\"https:\\\/\\\/regiaonews.net.br\\\/2022\\\/2023\\\/04\\\/17\\\/inscricoes-para-os-cursos-do-via-rapida-emprego-sao-prorrogadas-ate-quinta-feira-dia-20\\\/#primaryimage\"},\"thumbnailUrl\":\"https:\\\/\\\/regiaonews.net.br\\\/2022\\\/wp-content\\\/uploads\\\/2021\\\/03\\\/via-rapida-site.jpg\",\"datePublished\":\"2023-04-17T22:24:40+00:00\",\"dateModified\":\"2023-04-17T23:46:15+00:00\",\"breadcrumb\":{\"@id\":\"https:\\\/\\\/regiaonews.net.br\\\/2022\\\/2023\\\/04\\\/17\\\/inscricoes-para-os-cursos-do-via-rapida-emprego-sao-prorrogadas-ate-quinta-feira-dia-20\\\/#breadcrumb\"},\"inLanguage\":\"pt-BR\",\"potentialAction\":[{\"@type\":\"ReadAction\",\"target\":[\"https:\\\/\\\/regiaonews.net.br\\\/2022\\\/2023\\\/04\\\/17\\\/inscricoes-para-os-cursos-do-via-rapida-emprego-sao-prorrogadas-ate-quinta-feira-dia-20\\\/\"]}]},{\"@type\":\"ImageObject\",\"inLanguage\":\"pt-BR\",\"@id\":\"https:\\\/\\\/regiaonews.net.br\\\/2022\\\/2023\\\/04\\\/17\\\/inscricoes-para-os-cursos-do-via-rapida-emprego-sao-prorrogadas-ate-quinta-feira-dia-20\\\/#primaryimage\",\"url\":\"https:\\\/\\\/regiaonews.net.br\\\/2022\\\/wp-content\\\/uploads\\\/2021\\\/03\\\/via-rapida-site.jpg\",\"contentUrl\":\"https:\\\/\\\/regiaonews.net.br\\\/2022\\\/wp-content\\\/uploads\\\/2021\\\/03\\\/via-rapida-site.jpg\",\"width\":450,\"height\":250},{\"@type\":\"BreadcrumbList\",\"@id\":\"https:\\\/\\\/regiaonews.net.br\\\/2022\\\/2023\\\/04\\\/17\\\/inscricoes-para-os-cursos-do-via-rapida-emprego-sao-prorrogadas-ate-quinta-feira-dia-20\\\/#breadcrumb\",\"itemListElement\":[{\"@type\":\"ListItem\",\"position\":1,\"name\":\"In\u00edcio\",\"item\":\"https:\\\/\\\/regiaonews.net.br\\\/2022\\\/\"},{\"@type\":\"ListItem\",\"position\":2,\"name\":\"Inscri\u00e7\u00f5es para os cursos do Via R\u00e1pida Emprego s\u00e3o prorrogadas at\u00e9 quinta-feira, dia 20\"}]},{\"@type\":\"WebSite\",\"@id\":\"https:\\\/\\\/regiaonews.net.br\\\/2022\\\/#website\",\"url\":\"https:\\\/\\\/regiaonews.net.br\\\/2022\\\/\",\"name\":\"Regi\u00e3o News\",\"description\":\"Site de Not\u00edcias de Barretos e regi\u00e3o\",\"publisher\":{\"@id\":\"https:\\\/\\\/regiaonews.net.br\\\/2022\\\/#organization\"},\"potentialAction\":[{\"@type\":\"SearchAction\",\"target\":{\"@type\":\"EntryPoint\",\"urlTemplate\":\"https:\\\/\\\/regiaonews.net.br\\\/2022\\\/?s={search_term_string}\"},\"query-input\":{\"@type\":\"PropertyValueSpecification\",\"valueRequired\":true,\"valueName\":\"search_term_string\"}}],\"inLanguage\":\"pt-BR\"},{\"@type\":\"Organization\",\"@id\":\"https:\\\/\\\/regiaonews.net.br\\\/2022\\\/#organization\",\"name\":\"Regi\u00e3o News\",\"url\":\"https:\\\/\\\/regiaonews.net.br\\\/2022\\\/\",\"logo\":{\"@type\":\"ImageObject\",\"inLanguage\":\"pt-BR\",\"@id\":\"https:\\\/\\\/regiaonews.net.br\\\/2022\\\/#\\\/schema\\\/logo\\\/image\\\/\",\"url\":\"https:\\\/\\\/regiaonews.net.br\\\/2022\\\/wp-content\\\/uploads\\\/2026\\\/03\\\/regiao-13-anos-scaled.jpg\",\"contentUrl\":\"https:\\\/\\\/regiaonews.net.br\\\/2022\\\/wp-content\\\/uploads\\\/2026\\\/03\\\/regiao-13-anos-scaled.jpg\",\"width\":2560,\"height\":635,\"caption\":\"Regi\u00e3o News\"},\"image\":{\"@id\":\"https:\\\/\\\/regiaonews.net.br\\\/2022\\\/#\\\/schema\\\/logo\\\/image\\\/\"}},{\"@type\":\"Person\",\"@id\":\"https:\\\/\\\/regiaonews.net.br\\\/2022\\\/#\\\/schema\\\/person\\\/2d205a608a5aa97ac279d7a5e6d89ad8\",\"name\":\"Roberto\",\"image\":{\"@type\":\"ImageObject\",\"inLanguage\":\"pt-BR\",\"@id\":\"https:\\\/\\\/secure.gravatar.com\\\/avatar\\\/42749d8b712ff9d59ca93dc150494e5b55a44134482993f5baeb97e61b7ecc89?s=96&d=mm&r=g\",\"url\":\"https:\\\/\\\/secure.gravatar.com\\\/avatar\\\/42749d8b712ff9d59ca93dc150494e5b55a44134482993f5baeb97e61b7ecc89?s=96&d=mm&r=g\",\"contentUrl\":\"https:\\\/\\\/secure.gravatar.com\\\/avatar\\\/42749d8b712ff9d59ca93dc150494e5b55a44134482993f5baeb97e61b7ecc89?s=96&d=mm&r=g\",\"caption\":\"Roberto\"},\"url\":\"https:\\\/\\\/regiaonews.net.br\\\/2022\\\/author\\\/roberto\\\/\"}]}<\/script>\n<!-- \/ Yoast SEO plugin. -->","yoast_head_json":{"title":"Inscri\u00e7\u00f5es para os cursos do Via R\u00e1pida Emprego s\u00e3o prorrogadas at\u00e9 quinta-feira, dia 20 - Regi\u00e3o News","robots":{"index":"index","follow":"follow","max-snippet":"max-snippet:-1","max-image-preview":"max-image-preview:large","max-video-preview":"max-video-preview:-1"},"canonical":"https:\/\/regiaonews.net.br\/2022\/2023\/04\/17\/inscricoes-para-os-cursos-do-via-rapida-emprego-sao-prorrogadas-ate-quinta-feira-dia-20\/","og_locale":"pt_BR","og_type":"article","og_title":"Inscri\u00e7\u00f5es para os cursos do Via R\u00e1pida Emprego s\u00e3o prorrogadas at\u00e9 quinta-feira, dia 20 - Regi\u00e3o News","og_description":"Aulas est\u00e3o previstas para iniciar no dia 25 de abril;","og_url":"https:\/\/regiaonews.net.br\/2022\/2023\/04\/17\/inscricoes-para-os-cursos-do-via-rapida-emprego-sao-prorrogadas-ate-quinta-feira-dia-20\/","og_site_name":"Regi\u00e3o News","article_published_time":"2023-04-17T22:24:40+00:00","article_modified_time":"2023-04-17T23:46:15+00:00","og_image":[{"width":450,"height":250,"url":"https:\/\/regiaonews.net.br\/2022\/wp-content\/uploads\/2021\/03\/via-rapida-site.jpg","type":"image\/jpeg"}],"author":"Roberto","twitter_card":"summary_large_image","twitter_misc":{"Escrito por":"Roberto","Est. tempo de leitura":"2 minutos"},"schema":{"@context":"https:\/\/schema.org","@graph":[{"@type":"Article","@id":"https:\/\/regiaonews.net.br\/2022\/2023\/04\/17\/inscricoes-para-os-cursos-do-via-rapida-emprego-sao-prorrogadas-ate-quinta-feira-dia-20\/#article","isPartOf":{"@id":"https:\/\/regiaonews.net.br\/2022\/2023\/04\/17\/inscricoes-para-os-cursos-do-via-rapida-emprego-sao-prorrogadas-ate-quinta-feira-dia-20\/"},"author":{"name":"Roberto","@id":"https:\/\/regiaonews.net.br\/2022\/#\/schema\/person\/2d205a608a5aa97ac279d7a5e6d89ad8"},"headline":"Inscri\u00e7\u00f5es para os cursos do Via R\u00e1pida Emprego s\u00e3o prorrogadas at\u00e9 quinta-feira, dia 20","datePublished":"2023-04-17T22:24:40+00:00","dateModified":"2023-04-17T23:46:15+00:00","mainEntityOfPage":{"@id":"https:\/\/regiaonews.net.br\/2022\/2023\/04\/17\/inscricoes-para-os-cursos-do-via-rapida-emprego-sao-prorrogadas-ate-quinta-feira-dia-20\/"},"wordCount":307,"commentCount":0,"publisher":{"@id":"https:\/\/regiaonews.net.br\/2022\/#organization"},"image":{"@id":"https:\/\/regiaonews.net.br\/2022\/2023\/04\/17\/inscricoes-para-os-cursos-do-via-rapida-emprego-sao-prorrogadas-ate-quinta-feira-dia-20\/#primaryimage"},"thumbnailUrl":"https:\/\/regiaonews.net.br\/2022\/wp-content\/uploads\/2021\/03\/via-rapida-site.jpg","articleSection":["Barretos"],"inLanguage":"pt-BR","potentialAction":[{"@type":"CommentAction","name":"Comment","target":["https:\/\/regiaonews.net.br\/2022\/2023\/04\/17\/inscricoes-para-os-cursos-do-via-rapida-emprego-sao-prorrogadas-ate-quinta-feira-dia-20\/#respond"]}]},{"@type":"WebPage","@id":"https:\/\/regiaonews.net.br\/2022\/2023\/04\/17\/inscricoes-para-os-cursos-do-via-rapida-emprego-sao-prorrogadas-ate-quinta-feira-dia-20\/","url":"https:\/\/regiaonews.net.br\/2022\/2023\/04\/17\/inscricoes-para-os-cursos-do-via-rapida-emprego-sao-prorrogadas-ate-quinta-feira-dia-20\/","name":"Inscri\u00e7\u00f5es para os cursos do Via R\u00e1pida Emprego s\u00e3o prorrogadas at\u00e9 quinta-feira, dia 20 - Regi\u00e3o News","isPartOf":{"@id":"https:\/\/regiaonews.net.br\/2022\/#website"},"primaryImageOfPage":{"@id":"https:\/\/regiaonews.net.br\/2022\/2023\/04\/17\/inscricoes-para-os-cursos-do-via-rapida-emprego-sao-prorrogadas-ate-quinta-feira-dia-20\/#primaryimage"},"image":{"@id":"https:\/\/regiaonews.net.br\/2022\/2023\/04\/17\/inscricoes-para-os-cursos-do-via-rapida-emprego-sao-prorrogadas-ate-quinta-feira-dia-20\/#primaryimage"},"thumbnailUrl":"https:\/\/regiaonews.net.br\/2022\/wp-content\/uploads\/2021\/03\/via-rapida-site.jpg","datePublished":"2023-04-17T22:24:40+00:00","dateModified":"2023-04-17T23:46:15+00:00","breadcrumb":{"@id":"https:\/\/regiaonews.net.br\/2022\/2023\/04\/17\/inscricoes-para-os-cursos-do-via-rapida-emprego-sao-prorrogadas-ate-quinta-feira-dia-20\/#breadcrumb"},"inLanguage":"pt-BR","potentialAction":[{"@type":"ReadAction","target":["https:\/\/regiaonews.net.br\/2022\/2023\/04\/17\/inscricoes-para-os-cursos-do-via-rapida-emprego-sao-prorrogadas-ate-quinta-feira-dia-20\/"]}]},{"@type":"ImageObject","inLanguage":"pt-BR","@id":"https:\/\/regiaonews.net.br\/2022\/2023\/04\/17\/inscricoes-para-os-cursos-do-via-rapida-emprego-sao-prorrogadas-ate-quinta-feira-dia-20\/#primaryimage","url":"https:\/\/regiaonews.net.br\/2022\/wp-content\/uploads\/2021\/03\/via-rapida-site.jpg","contentUrl":"https:\/\/regiaonews.net.br\/2022\/wp-content\/uploads\/2021\/03\/via-rapida-site.jpg","width":450,"height":250},{"@type":"BreadcrumbList","@id":"https:\/\/regiaonews.net.br\/2022\/2023\/04\/17\/inscricoes-para-os-cursos-do-via-rapida-emprego-sao-prorrogadas-ate-quinta-feira-dia-20\/#breadcrumb","itemListElement":[{"@type":"ListItem","position":1,"name":"In\u00edcio","item":"https:\/\/regiaonews.net.br\/2022\/"},{"@type":"ListItem","position":2,"name":"Inscri\u00e7\u00f5es para os cursos do Via R\u00e1pida Emprego s\u00e3o prorrogadas at\u00e9 quinta-feira, dia 20"}]},{"@type":"WebSite","@id":"https:\/\/regiaonews.net.br\/2022\/#website","url":"https:\/\/regiaonews.net.br\/2022\/","name":"Regi\u00e3o News","description":"Site de Not\u00edcias de Barretos e regi\u00e3o","publisher":{"@id":"https:\/\/regiaonews.net.br\/2022\/#organization"},"potentialAction":[{"@type":"SearchAction","target":{"@type":"EntryPoint","urlTemplate":"https:\/\/regiaonews.net.br\/2022\/?s={search_term_string}"},"query-input":{"@type":"PropertyValueSpecification","valueRequired":true,"valueName":"search_term_string"}}],"inLanguage":"pt-BR"},{"@type":"Organization","@id":"https:\/\/regiaonews.net.br\/2022\/#organization","name":"Regi\u00e3o News","url":"https:\/\/regiaonews.net.br\/2022\/","logo":{"@type":"ImageObject","inLanguage":"pt-BR","@id":"https:\/\/regiaonews.net.br\/2022\/#\/schema\/logo\/image\/","url":"https:\/\/regiaonews.net.br\/2022\/wp-content\/uploads\/2026\/03\/regiao-13-anos-scaled.jpg","contentUrl":"https:\/\/regiaonews.net.br\/2022\/wp-content\/uploads\/2026\/03\/regiao-13-anos-scaled.jpg","width":2560,"height":635,"caption":"Regi\u00e3o News"},"image":{"@id":"https:\/\/regiaonews.net.br\/2022\/#\/schema\/logo\/image\/"}},{"@type":"Person","@id":"https:\/\/regiaonews.net.br\/2022\/#\/schema\/person\/2d205a608a5aa97ac279d7a5e6d89ad8","name":"Roberto","image":{"@type":"ImageObject","inLanguage":"pt-BR","@id":"https:\/\/secure.gravatar.com\/avatar\/42749d8b712ff9d59ca93dc150494e5b55a44134482993f5baeb97e61b7ecc89?s=96&d=mm&r=g","url":"https:\/\/secure.gravatar.com\/avatar\/42749d8b712ff9d59ca93dc150494e5b55a44134482993f5baeb97e61b7ecc89?s=96&d=mm&r=g","contentUrl":"https:\/\/secure.gravatar.com\/avatar\/42749d8b712ff9d59ca93dc150494e5b55a44134482993f5baeb97e61b7ecc89?s=96&d=mm&r=g","caption":"Roberto"},"url":"https:\/\/regiaonews.net.br\/2022\/author\/roberto\/"}]}},"publishpress_future_action":{"enabled":false,"date":"2026-05-02 03:39:18","action":"change-status","newStatus":"draft","terms":[],"taxonomy":"category","extraData":[]},"publishpress_future_workflow_manual_trigger":{"enabledWorkflows":[]},"_links":{"self":[{"href":"https:\/\/regiaonews.net.br\/2022\/wp-json\/wp\/v2\/posts\/86770","targetHints":{"allow":["GET"]}}],"collection":[{"href":"https:\/\/regiaonews.net.br\/2022\/wp-json\/wp\/v2\/posts"}],"about":[{"href":"https:\/\/regiaonews.net.br\/2022\/wp-json\/wp\/v2\/types\/post"}],"author":[{"embeddable":true,"href":"https:\/\/regiaonews.net.br\/2022\/wp-json\/wp\/v2\/users\/2"}],"replies":[{"embeddable":true,"href":"https:\/\/regiaonews.net.br\/2022\/wp-json\/wp\/v2\/comments?post=86770"}],"version-history":[{"count":1,"href":"https:\/\/regiaonews.net.br\/2022\/wp-json\/wp\/v2\/posts\/86770\/revisions"}],"predecessor-version":[{"id":86772,"href":"https:\/\/regiaonews.net.br\/2022\/wp-json\/wp\/v2\/posts\/86770\/revisions\/86772"}],"wp:featuredmedia":[{"embeddable":true,"href":"https:\/\/regiaonews.net.br\/2022\/wp-json\/wp\/v2\/media\/44325"}],"wp:attachment":[{"href":"https:\/\/regiaonews.net.br\/2022\/wp-json\/wp\/v2\/media?parent=86770"}],"wp:term":[{"taxonomy":"category","embeddable":true,"href":"https:\/\/regiaonews.net.br\/2022\/wp-json\/wp\/v2\/categories?post=86770"},{"taxonomy":"post_tag","embeddable":true,"href":"https:\/\/regiaonews.net.br\/2022\/wp-json\/wp\/v2\/tags?post=86770"}],"curies":[{"name":"wp","href":"https:\/\/api.w.org\/{rel}","templated":true}]}}