{"id":86764,"date":"2023-04-17T11:42:02","date_gmt":"2023-04-17T14:42:02","guid":{"rendered":"https:\/\/regiaonews.net.br\/2022\/?p=86764"},"modified":"2023-04-17T11:42:02","modified_gmt":"2023-04-17T14:42:02","slug":"barretos-motorcycles-tera-carreta-da-prevencao-do-hospital-de-amor","status":"publish","type":"post","link":"https:\/\/regiaonews.net.br\/2022\/2023\/04\/17\/barretos-motorcycles-tera-carreta-da-prevencao-do-hospital-de-amor\/","title":{"rendered":"Barretos Motorcycles ter\u00e1 Carreta da Preven\u00e7\u00e3o do Hospital de Amor"},"content":{"rendered":"<h3 style=\"text-align: center;\">Mulheres poder\u00e3o realizar exames de preven\u00e7\u00e3o ao c\u00e2ncer de mama durante o evento, que acontece de 28 a 30 de abril.<\/h3>\n<p>A unidade m\u00f3vel de preven\u00e7\u00e3o do Hospital de Amor de Barretos estar\u00e1 na 19\u00aa edi\u00e7\u00e3o do Barretos Motorcycles realizando exames de mamografia gratuitamente. A a\u00e7\u00e3o integra o espa\u00e7o Women Bikers, uma iniciativa dedicada ao p\u00fablico feminino do evento.<\/p>\n<p>De acordo com a gerente de preven\u00e7\u00e3o do Hospital de Amor de Barretos, Paula Carvalho Ribeiro, os exames acontecer\u00e3o nos tr\u00eas dias de evento &#8211; 28 a 30 de abril &#8211; com foco nas mulheres com faixa et\u00e1ria entre 40 e 69 anos. \u201cO exame de mamografia \u00e9 realizado na hora e o resultado segue para a paciente por e-mail em 30 dias\u201d, explica Paula. A mamografia \u00e9 a principal forma de detec\u00e7\u00e3o precoce do c\u00e2ncer de mama.<\/p>\n<p>Ela destaca ainda a import\u00e2ncia de iniciativas como esta, de levar a preven\u00e7\u00e3o em um evento que atrai pessoas de todo Pa\u00eds. \u201cPercebemos que na a\u00e7\u00e3o do ano passado no evento, atendemos muitas mulheres que muitas vezes moram em grandes cidades e t\u00eam a vida muito corrida e acabam, em sua rotina, n\u00e3o realizando os exames por falta de tempo. E em um momento de lazer e entretenimento conseguiram em menos de 15 minutos olharem para si e se cuidarem\u201d, disse a coordenadora.<\/p>\n<p>Para fazer a mamografia \u00e9 necess\u00e1rio apresentar RG, CPF, Cart\u00e3o SUS e Comprovante de Resid\u00eancia. Os exames s\u00e3o limitados e o funcionamento da Carreta ser\u00e1: dia 28 (sexta-feira), das 18h \u00e0s 22h; dia 29 (s\u00e1bado), das 14h \u00e0s 22h; e dia 30 (domingo), das 14h \u00e0s 22h.<\/p>\n<p>\u201cRessaltamos a import\u00e2ncia desta parceria com o Hospital de Amor, que proporciona um momento importante de cuidados com a sa\u00fade feminina. Cada vez mais, as mulheres est\u00e3o presentes no nosso evento e buscamos a\u00e7\u00f5es e atra\u00e7\u00f5es que valorizem e atendam a este p\u00fablico de diferentes formas\u201d, afirma Hussein Gemha J\u00fanior, presidente de Os Independentes, associa\u00e7\u00e3o organizadora do encontro.<\/p>\n<p>Programa\u00e7\u00e3o e ingressos<br \/>\nO 19\u00ba Barretos Motorcycles tem mais de 20 shows musicais confirmados em tr\u00eas palcos espalhados pelo evento, entre eles, a banda Ira!, Detonautas Roque Clube, noite eletr\u00f4nica com JetLag e Fancy Inc, e bandas locais. Al\u00e9m disso, ter\u00e3o apresenta\u00e7\u00f5es de manobras e acrobacias radicais, espa\u00e7o kids, espa\u00e7o mulher, entre outras atra\u00e7\u00f5es.<\/p>\n<p>Os ingressos est\u00e3o dispon\u00edveis em duas categorias para compra on-line: pedestres e motociclistas. Para pedestres s\u00e3o di\u00e1rios e no primeiro lote t\u00eam os seguintes valores de inteira, a partir de R$ 40 para o dia 28\/04, R$ 50, no dia 29\/04 e R$ 40, no dia 30\/04. J\u00e1 o pacote para motociclistas contempla acesso aos tr\u00eas dias do evento e ser\u00e1 comercializado no primeiro lote a partir de R$ 100, tamb\u00e9m tem pacotes de camping e camping vip.<\/p>\n<p>As vendas acontecem atrav\u00e9s do site oficial do evento independentes.com.br\/motorcycles.<\/p>\n<p>SERVI\u00c7O:<br \/>\nCarreta de Preven\u00e7\u00e3o do Hospital de Amor<br \/>\nQuem pode realizar o exame: Mamografia &#8211; mulheres dos 40 aos 69 anos.<br \/>\nDocumentos necess\u00e1rios: RG, CPF, cart\u00e3o SUS e comprovante de resid\u00eancia.<br \/>\nQuando:<br \/>\nSexta-feira, 28 de abril, das 18h \u00e0s 22h;<br \/>\nS\u00e1bado, 29 de abril, das 14h \u00e0s 22h;<br \/>\nDomingo, 30 de abril,\u00a0das\u00a014h\u00a0\u00e0s\u00a022h.<\/p>\n<p>Legenda: Barretos Motorcycles ter\u00e1 Carreta da Preven\u00e7\u00e3o do Hospital de Amor &#8211; Cr\u00e9dito:\u00a0Divulga\u00e7\u00e3o<\/p>\n","protected":false},"excerpt":{"rendered":"<p>Mulheres poder\u00e3o realizar exames de preven\u00e7\u00e3o ao c\u00e2ncer de mama<\/p>\n","protected":false},"author":2,"featured_media":86765,"comment_status":"open","ping_status":"open","sticky":false,"template":"","format":"standard","meta":{"footnotes":""},"categories":[14,3],"tags":[],"class_list":["post-86764","post","type-post","status-publish","format-standard","has-post-thumbnail","hentry","category-barretos","category-geral"],"yoast_head":"<!-- This site is optimized with the Yoast SEO plugin v27.4 - https:\/\/yoast.com\/product\/yoast-seo-wordpress\/ -->\n<title>Barretos Motorcycles ter\u00e1 Carreta da Preven\u00e7\u00e3o do Hospital de Amor - Regi\u00e3o News<\/title>\n<meta name=\"robots\" content=\"index, follow, max-snippet:-1, max-image-preview:large, max-video-preview:-1\" \/>\n<link rel=\"canonical\" href=\"https:\/\/regiaonews.net.br\/2022\/2023\/04\/17\/barretos-motorcycles-tera-carreta-da-prevencao-do-hospital-de-amor\/\" \/>\n<meta property=\"og:locale\" content=\"pt_BR\" \/>\n<meta property=\"og:type\" content=\"article\" \/>\n<meta property=\"og:title\" content=\"Barretos Motorcycles ter\u00e1 Carreta da Preven\u00e7\u00e3o do Hospital de Amor - Regi\u00e3o News\" \/>\n<meta property=\"og:description\" content=\"Mulheres poder\u00e3o realizar exames de preven\u00e7\u00e3o ao c\u00e2ncer de mama\" \/>\n<meta property=\"og:url\" content=\"https:\/\/regiaonews.net.br\/2022\/2023\/04\/17\/barretos-motorcycles-tera-carreta-da-prevencao-do-hospital-de-amor\/\" \/>\n<meta property=\"og:site_name\" content=\"Regi\u00e3o News\" \/>\n<meta property=\"article:published_time\" content=\"2023-04-17T14:42:02+00:00\" \/>\n<meta property=\"og:image\" content=\"https:\/\/regiaonews.net.br\/2022\/wp-content\/uploads\/2023\/04\/Imagem-do-WhatsApp-de-2023-04-17-as-11.30.55.jpg\" \/>\n\t<meta property=\"og:image:width\" content=\"1600\" \/>\n\t<meta property=\"og:image:height\" content=\"1200\" \/>\n\t<meta property=\"og:image:type\" content=\"image\/jpeg\" \/>\n<meta name=\"author\" content=\"Roberto\" \/>\n<meta name=\"twitter:card\" content=\"summary_large_image\" \/>\n<meta name=\"twitter:label1\" content=\"Escrito por\" \/>\n\t<meta name=\"twitter:data1\" content=\"Roberto\" \/>\n\t<meta name=\"twitter:label2\" content=\"Est. tempo de leitura\" \/>\n\t<meta name=\"twitter:data2\" content=\"3 minutos\" \/>\n<script type=\"application\/ld+json\" class=\"yoast-schema-graph\">{\"@context\":\"https:\\\/\\\/schema.org\",\"@graph\":[{\"@type\":\"Article\",\"@id\":\"https:\\\/\\\/regiaonews.net.br\\\/2022\\\/2023\\\/04\\\/17\\\/barretos-motorcycles-tera-carreta-da-prevencao-do-hospital-de-amor\\\/#article\",\"isPartOf\":{\"@id\":\"https:\\\/\\\/regiaonews.net.br\\\/2022\\\/2023\\\/04\\\/17\\\/barretos-motorcycles-tera-carreta-da-prevencao-do-hospital-de-amor\\\/\"},\"author\":{\"name\":\"Roberto\",\"@id\":\"https:\\\/\\\/regiaonews.net.br\\\/2022\\\/#\\\/schema\\\/person\\\/2d205a608a5aa97ac279d7a5e6d89ad8\"},\"headline\":\"Barretos Motorcycles ter\u00e1 Carreta da Preven\u00e7\u00e3o do Hospital de Amor\",\"datePublished\":\"2023-04-17T14:42:02+00:00\",\"mainEntityOfPage\":{\"@id\":\"https:\\\/\\\/regiaonews.net.br\\\/2022\\\/2023\\\/04\\\/17\\\/barretos-motorcycles-tera-carreta-da-prevencao-do-hospital-de-amor\\\/\"},\"wordCount\":582,\"commentCount\":0,\"publisher\":{\"@id\":\"https:\\\/\\\/regiaonews.net.br\\\/2022\\\/#organization\"},\"image\":{\"@id\":\"https:\\\/\\\/regiaonews.net.br\\\/2022\\\/2023\\\/04\\\/17\\\/barretos-motorcycles-tera-carreta-da-prevencao-do-hospital-de-amor\\\/#primaryimage\"},\"thumbnailUrl\":\"https:\\\/\\\/regiaonews.net.br\\\/2022\\\/wp-content\\\/uploads\\\/2023\\\/04\\\/Imagem-do-WhatsApp-de-2023-04-17-as-11.30.55.jpg\",\"articleSection\":[\"Barretos\",\"Geral\"],\"inLanguage\":\"pt-BR\",\"potentialAction\":[{\"@type\":\"CommentAction\",\"name\":\"Comment\",\"target\":[\"https:\\\/\\\/regiaonews.net.br\\\/2022\\\/2023\\\/04\\\/17\\\/barretos-motorcycles-tera-carreta-da-prevencao-do-hospital-de-amor\\\/#respond\"]}]},{\"@type\":\"WebPage\",\"@id\":\"https:\\\/\\\/regiaonews.net.br\\\/2022\\\/2023\\\/04\\\/17\\\/barretos-motorcycles-tera-carreta-da-prevencao-do-hospital-de-amor\\\/\",\"url\":\"https:\\\/\\\/regiaonews.net.br\\\/2022\\\/2023\\\/04\\\/17\\\/barretos-motorcycles-tera-carreta-da-prevencao-do-hospital-de-amor\\\/\",\"name\":\"Barretos Motorcycles ter\u00e1 Carreta da Preven\u00e7\u00e3o do Hospital de Amor - Regi\u00e3o News\",\"isPartOf\":{\"@id\":\"https:\\\/\\\/regiaonews.net.br\\\/2022\\\/#website\"},\"primaryImageOfPage\":{\"@id\":\"https:\\\/\\\/regiaonews.net.br\\\/2022\\\/2023\\\/04\\\/17\\\/barretos-motorcycles-tera-carreta-da-prevencao-do-hospital-de-amor\\\/#primaryimage\"},\"image\":{\"@id\":\"https:\\\/\\\/regiaonews.net.br\\\/2022\\\/2023\\\/04\\\/17\\\/barretos-motorcycles-tera-carreta-da-prevencao-do-hospital-de-amor\\\/#primaryimage\"},\"thumbnailUrl\":\"https:\\\/\\\/regiaonews.net.br\\\/2022\\\/wp-content\\\/uploads\\\/2023\\\/04\\\/Imagem-do-WhatsApp-de-2023-04-17-as-11.30.55.jpg\",\"datePublished\":\"2023-04-17T14:42:02+00:00\",\"breadcrumb\":{\"@id\":\"https:\\\/\\\/regiaonews.net.br\\\/2022\\\/2023\\\/04\\\/17\\\/barretos-motorcycles-tera-carreta-da-prevencao-do-hospital-de-amor\\\/#breadcrumb\"},\"inLanguage\":\"pt-BR\",\"potentialAction\":[{\"@type\":\"ReadAction\",\"target\":[\"https:\\\/\\\/regiaonews.net.br\\\/2022\\\/2023\\\/04\\\/17\\\/barretos-motorcycles-tera-carreta-da-prevencao-do-hospital-de-amor\\\/\"]}]},{\"@type\":\"ImageObject\",\"inLanguage\":\"pt-BR\",\"@id\":\"https:\\\/\\\/regiaonews.net.br\\\/2022\\\/2023\\\/04\\\/17\\\/barretos-motorcycles-tera-carreta-da-prevencao-do-hospital-de-amor\\\/#primaryimage\",\"url\":\"https:\\\/\\\/regiaonews.net.br\\\/2022\\\/wp-content\\\/uploads\\\/2023\\\/04\\\/Imagem-do-WhatsApp-de-2023-04-17-as-11.30.55.jpg\",\"contentUrl\":\"https:\\\/\\\/regiaonews.net.br\\\/2022\\\/wp-content\\\/uploads\\\/2023\\\/04\\\/Imagem-do-WhatsApp-de-2023-04-17-as-11.30.55.jpg\",\"width\":1600,\"height\":1200},{\"@type\":\"BreadcrumbList\",\"@id\":\"https:\\\/\\\/regiaonews.net.br\\\/2022\\\/2023\\\/04\\\/17\\\/barretos-motorcycles-tera-carreta-da-prevencao-do-hospital-de-amor\\\/#breadcrumb\",\"itemListElement\":[{\"@type\":\"ListItem\",\"position\":1,\"name\":\"In\u00edcio\",\"item\":\"https:\\\/\\\/regiaonews.net.br\\\/2022\\\/\"},{\"@type\":\"ListItem\",\"position\":2,\"name\":\"Barretos Motorcycles ter\u00e1 Carreta da Preven\u00e7\u00e3o do Hospital de Amor\"}]},{\"@type\":\"WebSite\",\"@id\":\"https:\\\/\\\/regiaonews.net.br\\\/2022\\\/#website\",\"url\":\"https:\\\/\\\/regiaonews.net.br\\\/2022\\\/\",\"name\":\"Regi\u00e3o News\",\"description\":\"Site de Not\u00edcias de Barretos e regi\u00e3o\",\"publisher\":{\"@id\":\"https:\\\/\\\/regiaonews.net.br\\\/2022\\\/#organization\"},\"potentialAction\":[{\"@type\":\"SearchAction\",\"target\":{\"@type\":\"EntryPoint\",\"urlTemplate\":\"https:\\\/\\\/regiaonews.net.br\\\/2022\\\/?s={search_term_string}\"},\"query-input\":{\"@type\":\"PropertyValueSpecification\",\"valueRequired\":true,\"valueName\":\"search_term_string\"}}],\"inLanguage\":\"pt-BR\"},{\"@type\":\"Organization\",\"@id\":\"https:\\\/\\\/regiaonews.net.br\\\/2022\\\/#organization\",\"name\":\"Regi\u00e3o News\",\"url\":\"https:\\\/\\\/regiaonews.net.br\\\/2022\\\/\",\"logo\":{\"@type\":\"ImageObject\",\"inLanguage\":\"pt-BR\",\"@id\":\"https:\\\/\\\/regiaonews.net.br\\\/2022\\\/#\\\/schema\\\/logo\\\/image\\\/\",\"url\":\"https:\\\/\\\/regiaonews.net.br\\\/2022\\\/wp-content\\\/uploads\\\/2026\\\/03\\\/regiao-13-anos-scaled.jpg\",\"contentUrl\":\"https:\\\/\\\/regiaonews.net.br\\\/2022\\\/wp-content\\\/uploads\\\/2026\\\/03\\\/regiao-13-anos-scaled.jpg\",\"width\":2560,\"height\":635,\"caption\":\"Regi\u00e3o News\"},\"image\":{\"@id\":\"https:\\\/\\\/regiaonews.net.br\\\/2022\\\/#\\\/schema\\\/logo\\\/image\\\/\"}},{\"@type\":\"Person\",\"@id\":\"https:\\\/\\\/regiaonews.net.br\\\/2022\\\/#\\\/schema\\\/person\\\/2d205a608a5aa97ac279d7a5e6d89ad8\",\"name\":\"Roberto\",\"image\":{\"@type\":\"ImageObject\",\"inLanguage\":\"pt-BR\",\"@id\":\"https:\\\/\\\/secure.gravatar.com\\\/avatar\\\/42749d8b712ff9d59ca93dc150494e5b55a44134482993f5baeb97e61b7ecc89?s=96&d=mm&r=g\",\"url\":\"https:\\\/\\\/secure.gravatar.com\\\/avatar\\\/42749d8b712ff9d59ca93dc150494e5b55a44134482993f5baeb97e61b7ecc89?s=96&d=mm&r=g\",\"contentUrl\":\"https:\\\/\\\/secure.gravatar.com\\\/avatar\\\/42749d8b712ff9d59ca93dc150494e5b55a44134482993f5baeb97e61b7ecc89?s=96&d=mm&r=g\",\"caption\":\"Roberto\"},\"url\":\"https:\\\/\\\/regiaonews.net.br\\\/2022\\\/author\\\/roberto\\\/\"}]}<\/script>\n<!-- \/ Yoast SEO plugin. -->","yoast_head_json":{"title":"Barretos Motorcycles ter\u00e1 Carreta da Preven\u00e7\u00e3o do Hospital de Amor - Regi\u00e3o News","robots":{"index":"index","follow":"follow","max-snippet":"max-snippet:-1","max-image-preview":"max-image-preview:large","max-video-preview":"max-video-preview:-1"},"canonical":"https:\/\/regiaonews.net.br\/2022\/2023\/04\/17\/barretos-motorcycles-tera-carreta-da-prevencao-do-hospital-de-amor\/","og_locale":"pt_BR","og_type":"article","og_title":"Barretos Motorcycles ter\u00e1 Carreta da Preven\u00e7\u00e3o do Hospital de Amor - Regi\u00e3o News","og_description":"Mulheres poder\u00e3o realizar exames de preven\u00e7\u00e3o ao c\u00e2ncer de mama","og_url":"https:\/\/regiaonews.net.br\/2022\/2023\/04\/17\/barretos-motorcycles-tera-carreta-da-prevencao-do-hospital-de-amor\/","og_site_name":"Regi\u00e3o News","article_published_time":"2023-04-17T14:42:02+00:00","og_image":[{"width":1600,"height":1200,"url":"https:\/\/regiaonews.net.br\/2022\/wp-content\/uploads\/2023\/04\/Imagem-do-WhatsApp-de-2023-04-17-as-11.30.55.jpg","type":"image\/jpeg"}],"author":"Roberto","twitter_card":"summary_large_image","twitter_misc":{"Escrito por":"Roberto","Est. tempo de leitura":"3 minutos"},"schema":{"@context":"https:\/\/schema.org","@graph":[{"@type":"Article","@id":"https:\/\/regiaonews.net.br\/2022\/2023\/04\/17\/barretos-motorcycles-tera-carreta-da-prevencao-do-hospital-de-amor\/#article","isPartOf":{"@id":"https:\/\/regiaonews.net.br\/2022\/2023\/04\/17\/barretos-motorcycles-tera-carreta-da-prevencao-do-hospital-de-amor\/"},"author":{"name":"Roberto","@id":"https:\/\/regiaonews.net.br\/2022\/#\/schema\/person\/2d205a608a5aa97ac279d7a5e6d89ad8"},"headline":"Barretos Motorcycles ter\u00e1 Carreta da Preven\u00e7\u00e3o do Hospital de Amor","datePublished":"2023-04-17T14:42:02+00:00","mainEntityOfPage":{"@id":"https:\/\/regiaonews.net.br\/2022\/2023\/04\/17\/barretos-motorcycles-tera-carreta-da-prevencao-do-hospital-de-amor\/"},"wordCount":582,"commentCount":0,"publisher":{"@id":"https:\/\/regiaonews.net.br\/2022\/#organization"},"image":{"@id":"https:\/\/regiaonews.net.br\/2022\/2023\/04\/17\/barretos-motorcycles-tera-carreta-da-prevencao-do-hospital-de-amor\/#primaryimage"},"thumbnailUrl":"https:\/\/regiaonews.net.br\/2022\/wp-content\/uploads\/2023\/04\/Imagem-do-WhatsApp-de-2023-04-17-as-11.30.55.jpg","articleSection":["Barretos","Geral"],"inLanguage":"pt-BR","potentialAction":[{"@type":"CommentAction","name":"Comment","target":["https:\/\/regiaonews.net.br\/2022\/2023\/04\/17\/barretos-motorcycles-tera-carreta-da-prevencao-do-hospital-de-amor\/#respond"]}]},{"@type":"WebPage","@id":"https:\/\/regiaonews.net.br\/2022\/2023\/04\/17\/barretos-motorcycles-tera-carreta-da-prevencao-do-hospital-de-amor\/","url":"https:\/\/regiaonews.net.br\/2022\/2023\/04\/17\/barretos-motorcycles-tera-carreta-da-prevencao-do-hospital-de-amor\/","name":"Barretos Motorcycles ter\u00e1 Carreta da Preven\u00e7\u00e3o do Hospital de Amor - Regi\u00e3o News","isPartOf":{"@id":"https:\/\/regiaonews.net.br\/2022\/#website"},"primaryImageOfPage":{"@id":"https:\/\/regiaonews.net.br\/2022\/2023\/04\/17\/barretos-motorcycles-tera-carreta-da-prevencao-do-hospital-de-amor\/#primaryimage"},"image":{"@id":"https:\/\/regiaonews.net.br\/2022\/2023\/04\/17\/barretos-motorcycles-tera-carreta-da-prevencao-do-hospital-de-amor\/#primaryimage"},"thumbnailUrl":"https:\/\/regiaonews.net.br\/2022\/wp-content\/uploads\/2023\/04\/Imagem-do-WhatsApp-de-2023-04-17-as-11.30.55.jpg","datePublished":"2023-04-17T14:42:02+00:00","breadcrumb":{"@id":"https:\/\/regiaonews.net.br\/2022\/2023\/04\/17\/barretos-motorcycles-tera-carreta-da-prevencao-do-hospital-de-amor\/#breadcrumb"},"inLanguage":"pt-BR","potentialAction":[{"@type":"ReadAction","target":["https:\/\/regiaonews.net.br\/2022\/2023\/04\/17\/barretos-motorcycles-tera-carreta-da-prevencao-do-hospital-de-amor\/"]}]},{"@type":"ImageObject","inLanguage":"pt-BR","@id":"https:\/\/regiaonews.net.br\/2022\/2023\/04\/17\/barretos-motorcycles-tera-carreta-da-prevencao-do-hospital-de-amor\/#primaryimage","url":"https:\/\/regiaonews.net.br\/2022\/wp-content\/uploads\/2023\/04\/Imagem-do-WhatsApp-de-2023-04-17-as-11.30.55.jpg","contentUrl":"https:\/\/regiaonews.net.br\/2022\/wp-content\/uploads\/2023\/04\/Imagem-do-WhatsApp-de-2023-04-17-as-11.30.55.jpg","width":1600,"height":1200},{"@type":"BreadcrumbList","@id":"https:\/\/regiaonews.net.br\/2022\/2023\/04\/17\/barretos-motorcycles-tera-carreta-da-prevencao-do-hospital-de-amor\/#breadcrumb","itemListElement":[{"@type":"ListItem","position":1,"name":"In\u00edcio","item":"https:\/\/regiaonews.net.br\/2022\/"},{"@type":"ListItem","position":2,"name":"Barretos Motorcycles ter\u00e1 Carreta da Preven\u00e7\u00e3o do Hospital de Amor"}]},{"@type":"WebSite","@id":"https:\/\/regiaonews.net.br\/2022\/#website","url":"https:\/\/regiaonews.net.br\/2022\/","name":"Regi\u00e3o News","description":"Site de Not\u00edcias de Barretos e regi\u00e3o","publisher":{"@id":"https:\/\/regiaonews.net.br\/2022\/#organization"},"potentialAction":[{"@type":"SearchAction","target":{"@type":"EntryPoint","urlTemplate":"https:\/\/regiaonews.net.br\/2022\/?s={search_term_string}"},"query-input":{"@type":"PropertyValueSpecification","valueRequired":true,"valueName":"search_term_string"}}],"inLanguage":"pt-BR"},{"@type":"Organization","@id":"https:\/\/regiaonews.net.br\/2022\/#organization","name":"Regi\u00e3o News","url":"https:\/\/regiaonews.net.br\/2022\/","logo":{"@type":"ImageObject","inLanguage":"pt-BR","@id":"https:\/\/regiaonews.net.br\/2022\/#\/schema\/logo\/image\/","url":"https:\/\/regiaonews.net.br\/2022\/wp-content\/uploads\/2026\/03\/regiao-13-anos-scaled.jpg","contentUrl":"https:\/\/regiaonews.net.br\/2022\/wp-content\/uploads\/2026\/03\/regiao-13-anos-scaled.jpg","width":2560,"height":635,"caption":"Regi\u00e3o News"},"image":{"@id":"https:\/\/regiaonews.net.br\/2022\/#\/schema\/logo\/image\/"}},{"@type":"Person","@id":"https:\/\/regiaonews.net.br\/2022\/#\/schema\/person\/2d205a608a5aa97ac279d7a5e6d89ad8","name":"Roberto","image":{"@type":"ImageObject","inLanguage":"pt-BR","@id":"https:\/\/secure.gravatar.com\/avatar\/42749d8b712ff9d59ca93dc150494e5b55a44134482993f5baeb97e61b7ecc89?s=96&d=mm&r=g","url":"https:\/\/secure.gravatar.com\/avatar\/42749d8b712ff9d59ca93dc150494e5b55a44134482993f5baeb97e61b7ecc89?s=96&d=mm&r=g","contentUrl":"https:\/\/secure.gravatar.com\/avatar\/42749d8b712ff9d59ca93dc150494e5b55a44134482993f5baeb97e61b7ecc89?s=96&d=mm&r=g","caption":"Roberto"},"url":"https:\/\/regiaonews.net.br\/2022\/author\/roberto\/"}]}},"publishpress_future_action":{"enabled":false,"date":"2026-05-04 04:11:57","action":"change-status","newStatus":"draft","terms":[],"taxonomy":"category","extraData":[]},"publishpress_future_workflow_manual_trigger":{"enabledWorkflows":[]},"_links":{"self":[{"href":"https:\/\/regiaonews.net.br\/2022\/wp-json\/wp\/v2\/posts\/86764","targetHints":{"allow":["GET"]}}],"collection":[{"href":"https:\/\/regiaonews.net.br\/2022\/wp-json\/wp\/v2\/posts"}],"about":[{"href":"https:\/\/regiaonews.net.br\/2022\/wp-json\/wp\/v2\/types\/post"}],"author":[{"embeddable":true,"href":"https:\/\/regiaonews.net.br\/2022\/wp-json\/wp\/v2\/users\/2"}],"replies":[{"embeddable":true,"href":"https:\/\/regiaonews.net.br\/2022\/wp-json\/wp\/v2\/comments?post=86764"}],"version-history":[{"count":1,"href":"https:\/\/regiaonews.net.br\/2022\/wp-json\/wp\/v2\/posts\/86764\/revisions"}],"predecessor-version":[{"id":86766,"href":"https:\/\/regiaonews.net.br\/2022\/wp-json\/wp\/v2\/posts\/86764\/revisions\/86766"}],"wp:featuredmedia":[{"embeddable":true,"href":"https:\/\/regiaonews.net.br\/2022\/wp-json\/wp\/v2\/media\/86765"}],"wp:attachment":[{"href":"https:\/\/regiaonews.net.br\/2022\/wp-json\/wp\/v2\/media?parent=86764"}],"wp:term":[{"taxonomy":"category","embeddable":true,"href":"https:\/\/regiaonews.net.br\/2022\/wp-json\/wp\/v2\/categories?post=86764"},{"taxonomy":"post_tag","embeddable":true,"href":"https:\/\/regiaonews.net.br\/2022\/wp-json\/wp\/v2\/tags?post=86764"}],"curies":[{"name":"wp","href":"https:\/\/api.w.org\/{rel}","templated":true}]}}