{"id":86760,"date":"2023-04-17T11:40:59","date_gmt":"2023-04-17T14:40:59","guid":{"rendered":"https:\/\/regiaonews.net.br\/2022\/?p=86760"},"modified":"2023-04-17T11:41:08","modified_gmt":"2023-04-17T14:41:08","slug":"samba-barretos-reuniu-grandes-nomes-da-musica-no-parque-do-peao","status":"publish","type":"post","link":"https:\/\/regiaonews.net.br\/2022\/2023\/04\/17\/samba-barretos-reuniu-grandes-nomes-da-musica-no-parque-do-peao\/","title":{"rendered":"Samba Barretos reuniu grandes nomes da m\u00fasica no Parque do Pe\u00e3o"},"content":{"rendered":"<h3 style=\"text-align: center;\">Foram dois dias de samba, pagode e trap com nove shows.<\/h3>\n<p>Em sua segunda edi\u00e7\u00e3o, o Samba Barretos transformou o Parque do Pe\u00e3o no espa\u00e7o do samba, do pagode e do trap, reunindo p\u00fablico da cidade e da regi\u00e3o em dois dias de atra\u00e7\u00f5es. Foram nove grandes shows no \u00faltimo final de semana.<\/p>\n<p>Na sexta, dia 14, a anima\u00e7\u00e3o ficou por conta de Ferrugem, que abriu o line-up principal com uma grande apresenta\u00e7\u00e3o. Sorriso Maroto e Menos \u00e9 Mais garantiram muita anima\u00e7\u00e3o na noite que foi finalizada com MC Cabelinho, que vem se destacando na cena do trap.<\/p>\n<p>J\u00e1 no s\u00e1bado, 15, Zeca Pagodinho fez o show especial de 40 anos de carreira, trazendo os maiores sucessos que marcaram sua ic\u00f4nica carreira. A cantora Karinah entrou na sequ\u00eancia, contagiando o p\u00fablico que depois recebeu Belo &#8211; com um repert\u00f3rio que fez todo mundo cantar seus famosos hits. Depois o trapper Vulgo FK tomou conta do palco. Pixote encerrou os shows da noite, em grande estilo: com muitos sucessos e anima\u00e7\u00e3o.<\/p>\n<p>\u201cO Samba Barretos surpreendeu pela qualidade dos shows. O p\u00fablico presente realmente aproveitou e se divertiu ao som de artistas renomados do g\u00eanero, consolidando mais um evento que j\u00e1 em sua segunda edi\u00e7\u00e3o mostra grande potencial\u201d, conta Hussein\u00a0Gemha\u00a0J\u00fanior.<\/p>\n<p>Cr\u00e9dito: Andr\u00e9 Monteiro<\/p>\n","protected":false},"excerpt":{"rendered":"<p>Foram dois dias de samba, pagode e trap com nove<\/p>\n","protected":false},"author":2,"featured_media":86761,"comment_status":"open","ping_status":"open","sticky":false,"template":"","format":"standard","meta":{"footnotes":""},"categories":[14,3],"tags":[],"class_list":["post-86760","post","type-post","status-publish","format-standard","has-post-thumbnail","hentry","category-barretos","category-geral"],"yoast_head":"<!-- This site is optimized with the Yoast SEO plugin v27.4 - https:\/\/yoast.com\/product\/yoast-seo-wordpress\/ -->\n<title>Samba Barretos reuniu grandes nomes da m\u00fasica no Parque do Pe\u00e3o - Regi\u00e3o News<\/title>\n<meta name=\"robots\" content=\"index, follow, max-snippet:-1, max-image-preview:large, max-video-preview:-1\" \/>\n<link rel=\"canonical\" href=\"https:\/\/regiaonews.net.br\/2022\/2023\/04\/17\/samba-barretos-reuniu-grandes-nomes-da-musica-no-parque-do-peao\/\" \/>\n<meta property=\"og:locale\" content=\"pt_BR\" \/>\n<meta property=\"og:type\" content=\"article\" \/>\n<meta property=\"og:title\" content=\"Samba Barretos reuniu grandes nomes da m\u00fasica no Parque do Pe\u00e3o - Regi\u00e3o News\" \/>\n<meta property=\"og:description\" content=\"Foram dois dias de samba, pagode e trap com nove\" \/>\n<meta property=\"og:url\" content=\"https:\/\/regiaonews.net.br\/2022\/2023\/04\/17\/samba-barretos-reuniu-grandes-nomes-da-musica-no-parque-do-peao\/\" \/>\n<meta property=\"og:site_name\" content=\"Regi\u00e3o News\" \/>\n<meta property=\"article:published_time\" content=\"2023-04-17T14:40:59+00:00\" \/>\n<meta property=\"article:modified_time\" content=\"2023-04-17T14:41:08+00:00\" \/>\n<meta property=\"og:image\" content=\"https:\/\/regiaonews.net.br\/2022\/wp-content\/uploads\/2023\/04\/Imagem-do-WhatsApp-de-2023-04-17-as-10.23.47.jpg\" \/>\n\t<meta property=\"og:image:width\" content=\"1600\" \/>\n\t<meta property=\"og:image:height\" content=\"900\" \/>\n\t<meta property=\"og:image:type\" content=\"image\/jpeg\" \/>\n<meta name=\"author\" content=\"Roberto\" \/>\n<meta name=\"twitter:card\" content=\"summary_large_image\" \/>\n<meta name=\"twitter:label1\" content=\"Escrito por\" \/>\n\t<meta name=\"twitter:data1\" content=\"Roberto\" \/>\n\t<meta name=\"twitter:label2\" content=\"Est. tempo de leitura\" \/>\n\t<meta name=\"twitter:data2\" content=\"2 minutos\" \/>\n<script type=\"application\/ld+json\" class=\"yoast-schema-graph\">{\"@context\":\"https:\\\/\\\/schema.org\",\"@graph\":[{\"@type\":\"Article\",\"@id\":\"https:\\\/\\\/regiaonews.net.br\\\/2022\\\/2023\\\/04\\\/17\\\/samba-barretos-reuniu-grandes-nomes-da-musica-no-parque-do-peao\\\/#article\",\"isPartOf\":{\"@id\":\"https:\\\/\\\/regiaonews.net.br\\\/2022\\\/2023\\\/04\\\/17\\\/samba-barretos-reuniu-grandes-nomes-da-musica-no-parque-do-peao\\\/\"},\"author\":{\"name\":\"Roberto\",\"@id\":\"https:\\\/\\\/regiaonews.net.br\\\/2022\\\/#\\\/schema\\\/person\\\/2d205a608a5aa97ac279d7a5e6d89ad8\"},\"headline\":\"Samba Barretos reuniu grandes nomes da m\u00fasica no Parque do Pe\u00e3o\",\"datePublished\":\"2023-04-17T14:40:59+00:00\",\"dateModified\":\"2023-04-17T14:41:08+00:00\",\"mainEntityOfPage\":{\"@id\":\"https:\\\/\\\/regiaonews.net.br\\\/2022\\\/2023\\\/04\\\/17\\\/samba-barretos-reuniu-grandes-nomes-da-musica-no-parque-do-peao\\\/\"},\"wordCount\":242,\"commentCount\":0,\"publisher\":{\"@id\":\"https:\\\/\\\/regiaonews.net.br\\\/2022\\\/#organization\"},\"image\":{\"@id\":\"https:\\\/\\\/regiaonews.net.br\\\/2022\\\/2023\\\/04\\\/17\\\/samba-barretos-reuniu-grandes-nomes-da-musica-no-parque-do-peao\\\/#primaryimage\"},\"thumbnailUrl\":\"https:\\\/\\\/regiaonews.net.br\\\/2022\\\/wp-content\\\/uploads\\\/2023\\\/04\\\/Imagem-do-WhatsApp-de-2023-04-17-as-10.23.47.jpg\",\"articleSection\":[\"Barretos\",\"Geral\"],\"inLanguage\":\"pt-BR\",\"potentialAction\":[{\"@type\":\"CommentAction\",\"name\":\"Comment\",\"target\":[\"https:\\\/\\\/regiaonews.net.br\\\/2022\\\/2023\\\/04\\\/17\\\/samba-barretos-reuniu-grandes-nomes-da-musica-no-parque-do-peao\\\/#respond\"]}]},{\"@type\":\"WebPage\",\"@id\":\"https:\\\/\\\/regiaonews.net.br\\\/2022\\\/2023\\\/04\\\/17\\\/samba-barretos-reuniu-grandes-nomes-da-musica-no-parque-do-peao\\\/\",\"url\":\"https:\\\/\\\/regiaonews.net.br\\\/2022\\\/2023\\\/04\\\/17\\\/samba-barretos-reuniu-grandes-nomes-da-musica-no-parque-do-peao\\\/\",\"name\":\"Samba Barretos reuniu grandes nomes da m\u00fasica no Parque do Pe\u00e3o - Regi\u00e3o News\",\"isPartOf\":{\"@id\":\"https:\\\/\\\/regiaonews.net.br\\\/2022\\\/#website\"},\"primaryImageOfPage\":{\"@id\":\"https:\\\/\\\/regiaonews.net.br\\\/2022\\\/2023\\\/04\\\/17\\\/samba-barretos-reuniu-grandes-nomes-da-musica-no-parque-do-peao\\\/#primaryimage\"},\"image\":{\"@id\":\"https:\\\/\\\/regiaonews.net.br\\\/2022\\\/2023\\\/04\\\/17\\\/samba-barretos-reuniu-grandes-nomes-da-musica-no-parque-do-peao\\\/#primaryimage\"},\"thumbnailUrl\":\"https:\\\/\\\/regiaonews.net.br\\\/2022\\\/wp-content\\\/uploads\\\/2023\\\/04\\\/Imagem-do-WhatsApp-de-2023-04-17-as-10.23.47.jpg\",\"datePublished\":\"2023-04-17T14:40:59+00:00\",\"dateModified\":\"2023-04-17T14:41:08+00:00\",\"breadcrumb\":{\"@id\":\"https:\\\/\\\/regiaonews.net.br\\\/2022\\\/2023\\\/04\\\/17\\\/samba-barretos-reuniu-grandes-nomes-da-musica-no-parque-do-peao\\\/#breadcrumb\"},\"inLanguage\":\"pt-BR\",\"potentialAction\":[{\"@type\":\"ReadAction\",\"target\":[\"https:\\\/\\\/regiaonews.net.br\\\/2022\\\/2023\\\/04\\\/17\\\/samba-barretos-reuniu-grandes-nomes-da-musica-no-parque-do-peao\\\/\"]}]},{\"@type\":\"ImageObject\",\"inLanguage\":\"pt-BR\",\"@id\":\"https:\\\/\\\/regiaonews.net.br\\\/2022\\\/2023\\\/04\\\/17\\\/samba-barretos-reuniu-grandes-nomes-da-musica-no-parque-do-peao\\\/#primaryimage\",\"url\":\"https:\\\/\\\/regiaonews.net.br\\\/2022\\\/wp-content\\\/uploads\\\/2023\\\/04\\\/Imagem-do-WhatsApp-de-2023-04-17-as-10.23.47.jpg\",\"contentUrl\":\"https:\\\/\\\/regiaonews.net.br\\\/2022\\\/wp-content\\\/uploads\\\/2023\\\/04\\\/Imagem-do-WhatsApp-de-2023-04-17-as-10.23.47.jpg\",\"width\":1600,\"height\":900},{\"@type\":\"BreadcrumbList\",\"@id\":\"https:\\\/\\\/regiaonews.net.br\\\/2022\\\/2023\\\/04\\\/17\\\/samba-barretos-reuniu-grandes-nomes-da-musica-no-parque-do-peao\\\/#breadcrumb\",\"itemListElement\":[{\"@type\":\"ListItem\",\"position\":1,\"name\":\"In\u00edcio\",\"item\":\"https:\\\/\\\/regiaonews.net.br\\\/2022\\\/\"},{\"@type\":\"ListItem\",\"position\":2,\"name\":\"Samba Barretos reuniu grandes nomes da m\u00fasica no Parque do Pe\u00e3o\"}]},{\"@type\":\"WebSite\",\"@id\":\"https:\\\/\\\/regiaonews.net.br\\\/2022\\\/#website\",\"url\":\"https:\\\/\\\/regiaonews.net.br\\\/2022\\\/\",\"name\":\"Regi\u00e3o News\",\"description\":\"Site de Not\u00edcias de Barretos e regi\u00e3o\",\"publisher\":{\"@id\":\"https:\\\/\\\/regiaonews.net.br\\\/2022\\\/#organization\"},\"potentialAction\":[{\"@type\":\"SearchAction\",\"target\":{\"@type\":\"EntryPoint\",\"urlTemplate\":\"https:\\\/\\\/regiaonews.net.br\\\/2022\\\/?s={search_term_string}\"},\"query-input\":{\"@type\":\"PropertyValueSpecification\",\"valueRequired\":true,\"valueName\":\"search_term_string\"}}],\"inLanguage\":\"pt-BR\"},{\"@type\":\"Organization\",\"@id\":\"https:\\\/\\\/regiaonews.net.br\\\/2022\\\/#organization\",\"name\":\"Regi\u00e3o News\",\"url\":\"https:\\\/\\\/regiaonews.net.br\\\/2022\\\/\",\"logo\":{\"@type\":\"ImageObject\",\"inLanguage\":\"pt-BR\",\"@id\":\"https:\\\/\\\/regiaonews.net.br\\\/2022\\\/#\\\/schema\\\/logo\\\/image\\\/\",\"url\":\"https:\\\/\\\/regiaonews.net.br\\\/2022\\\/wp-content\\\/uploads\\\/2026\\\/03\\\/regiao-13-anos-scaled.jpg\",\"contentUrl\":\"https:\\\/\\\/regiaonews.net.br\\\/2022\\\/wp-content\\\/uploads\\\/2026\\\/03\\\/regiao-13-anos-scaled.jpg\",\"width\":2560,\"height\":635,\"caption\":\"Regi\u00e3o News\"},\"image\":{\"@id\":\"https:\\\/\\\/regiaonews.net.br\\\/2022\\\/#\\\/schema\\\/logo\\\/image\\\/\"}},{\"@type\":\"Person\",\"@id\":\"https:\\\/\\\/regiaonews.net.br\\\/2022\\\/#\\\/schema\\\/person\\\/2d205a608a5aa97ac279d7a5e6d89ad8\",\"name\":\"Roberto\",\"image\":{\"@type\":\"ImageObject\",\"inLanguage\":\"pt-BR\",\"@id\":\"https:\\\/\\\/secure.gravatar.com\\\/avatar\\\/42749d8b712ff9d59ca93dc150494e5b55a44134482993f5baeb97e61b7ecc89?s=96&d=mm&r=g\",\"url\":\"https:\\\/\\\/secure.gravatar.com\\\/avatar\\\/42749d8b712ff9d59ca93dc150494e5b55a44134482993f5baeb97e61b7ecc89?s=96&d=mm&r=g\",\"contentUrl\":\"https:\\\/\\\/secure.gravatar.com\\\/avatar\\\/42749d8b712ff9d59ca93dc150494e5b55a44134482993f5baeb97e61b7ecc89?s=96&d=mm&r=g\",\"caption\":\"Roberto\"},\"url\":\"https:\\\/\\\/regiaonews.net.br\\\/2022\\\/author\\\/roberto\\\/\"}]}<\/script>\n<!-- \/ Yoast SEO plugin. -->","yoast_head_json":{"title":"Samba Barretos reuniu grandes nomes da m\u00fasica no Parque do Pe\u00e3o - Regi\u00e3o News","robots":{"index":"index","follow":"follow","max-snippet":"max-snippet:-1","max-image-preview":"max-image-preview:large","max-video-preview":"max-video-preview:-1"},"canonical":"https:\/\/regiaonews.net.br\/2022\/2023\/04\/17\/samba-barretos-reuniu-grandes-nomes-da-musica-no-parque-do-peao\/","og_locale":"pt_BR","og_type":"article","og_title":"Samba Barretos reuniu grandes nomes da m\u00fasica no Parque do Pe\u00e3o - Regi\u00e3o News","og_description":"Foram dois dias de samba, pagode e trap com nove","og_url":"https:\/\/regiaonews.net.br\/2022\/2023\/04\/17\/samba-barretos-reuniu-grandes-nomes-da-musica-no-parque-do-peao\/","og_site_name":"Regi\u00e3o News","article_published_time":"2023-04-17T14:40:59+00:00","article_modified_time":"2023-04-17T14:41:08+00:00","og_image":[{"width":1600,"height":900,"url":"https:\/\/regiaonews.net.br\/2022\/wp-content\/uploads\/2023\/04\/Imagem-do-WhatsApp-de-2023-04-17-as-10.23.47.jpg","type":"image\/jpeg"}],"author":"Roberto","twitter_card":"summary_large_image","twitter_misc":{"Escrito por":"Roberto","Est. tempo de leitura":"2 minutos"},"schema":{"@context":"https:\/\/schema.org","@graph":[{"@type":"Article","@id":"https:\/\/regiaonews.net.br\/2022\/2023\/04\/17\/samba-barretos-reuniu-grandes-nomes-da-musica-no-parque-do-peao\/#article","isPartOf":{"@id":"https:\/\/regiaonews.net.br\/2022\/2023\/04\/17\/samba-barretos-reuniu-grandes-nomes-da-musica-no-parque-do-peao\/"},"author":{"name":"Roberto","@id":"https:\/\/regiaonews.net.br\/2022\/#\/schema\/person\/2d205a608a5aa97ac279d7a5e6d89ad8"},"headline":"Samba Barretos reuniu grandes nomes da m\u00fasica no Parque do Pe\u00e3o","datePublished":"2023-04-17T14:40:59+00:00","dateModified":"2023-04-17T14:41:08+00:00","mainEntityOfPage":{"@id":"https:\/\/regiaonews.net.br\/2022\/2023\/04\/17\/samba-barretos-reuniu-grandes-nomes-da-musica-no-parque-do-peao\/"},"wordCount":242,"commentCount":0,"publisher":{"@id":"https:\/\/regiaonews.net.br\/2022\/#organization"},"image":{"@id":"https:\/\/regiaonews.net.br\/2022\/2023\/04\/17\/samba-barretos-reuniu-grandes-nomes-da-musica-no-parque-do-peao\/#primaryimage"},"thumbnailUrl":"https:\/\/regiaonews.net.br\/2022\/wp-content\/uploads\/2023\/04\/Imagem-do-WhatsApp-de-2023-04-17-as-10.23.47.jpg","articleSection":["Barretos","Geral"],"inLanguage":"pt-BR","potentialAction":[{"@type":"CommentAction","name":"Comment","target":["https:\/\/regiaonews.net.br\/2022\/2023\/04\/17\/samba-barretos-reuniu-grandes-nomes-da-musica-no-parque-do-peao\/#respond"]}]},{"@type":"WebPage","@id":"https:\/\/regiaonews.net.br\/2022\/2023\/04\/17\/samba-barretos-reuniu-grandes-nomes-da-musica-no-parque-do-peao\/","url":"https:\/\/regiaonews.net.br\/2022\/2023\/04\/17\/samba-barretos-reuniu-grandes-nomes-da-musica-no-parque-do-peao\/","name":"Samba Barretos reuniu grandes nomes da m\u00fasica no Parque do Pe\u00e3o - Regi\u00e3o News","isPartOf":{"@id":"https:\/\/regiaonews.net.br\/2022\/#website"},"primaryImageOfPage":{"@id":"https:\/\/regiaonews.net.br\/2022\/2023\/04\/17\/samba-barretos-reuniu-grandes-nomes-da-musica-no-parque-do-peao\/#primaryimage"},"image":{"@id":"https:\/\/regiaonews.net.br\/2022\/2023\/04\/17\/samba-barretos-reuniu-grandes-nomes-da-musica-no-parque-do-peao\/#primaryimage"},"thumbnailUrl":"https:\/\/regiaonews.net.br\/2022\/wp-content\/uploads\/2023\/04\/Imagem-do-WhatsApp-de-2023-04-17-as-10.23.47.jpg","datePublished":"2023-04-17T14:40:59+00:00","dateModified":"2023-04-17T14:41:08+00:00","breadcrumb":{"@id":"https:\/\/regiaonews.net.br\/2022\/2023\/04\/17\/samba-barretos-reuniu-grandes-nomes-da-musica-no-parque-do-peao\/#breadcrumb"},"inLanguage":"pt-BR","potentialAction":[{"@type":"ReadAction","target":["https:\/\/regiaonews.net.br\/2022\/2023\/04\/17\/samba-barretos-reuniu-grandes-nomes-da-musica-no-parque-do-peao\/"]}]},{"@type":"ImageObject","inLanguage":"pt-BR","@id":"https:\/\/regiaonews.net.br\/2022\/2023\/04\/17\/samba-barretos-reuniu-grandes-nomes-da-musica-no-parque-do-peao\/#primaryimage","url":"https:\/\/regiaonews.net.br\/2022\/wp-content\/uploads\/2023\/04\/Imagem-do-WhatsApp-de-2023-04-17-as-10.23.47.jpg","contentUrl":"https:\/\/regiaonews.net.br\/2022\/wp-content\/uploads\/2023\/04\/Imagem-do-WhatsApp-de-2023-04-17-as-10.23.47.jpg","width":1600,"height":900},{"@type":"BreadcrumbList","@id":"https:\/\/regiaonews.net.br\/2022\/2023\/04\/17\/samba-barretos-reuniu-grandes-nomes-da-musica-no-parque-do-peao\/#breadcrumb","itemListElement":[{"@type":"ListItem","position":1,"name":"In\u00edcio","item":"https:\/\/regiaonews.net.br\/2022\/"},{"@type":"ListItem","position":2,"name":"Samba Barretos reuniu grandes nomes da m\u00fasica no Parque do Pe\u00e3o"}]},{"@type":"WebSite","@id":"https:\/\/regiaonews.net.br\/2022\/#website","url":"https:\/\/regiaonews.net.br\/2022\/","name":"Regi\u00e3o News","description":"Site de Not\u00edcias de Barretos e regi\u00e3o","publisher":{"@id":"https:\/\/regiaonews.net.br\/2022\/#organization"},"potentialAction":[{"@type":"SearchAction","target":{"@type":"EntryPoint","urlTemplate":"https:\/\/regiaonews.net.br\/2022\/?s={search_term_string}"},"query-input":{"@type":"PropertyValueSpecification","valueRequired":true,"valueName":"search_term_string"}}],"inLanguage":"pt-BR"},{"@type":"Organization","@id":"https:\/\/regiaonews.net.br\/2022\/#organization","name":"Regi\u00e3o News","url":"https:\/\/regiaonews.net.br\/2022\/","logo":{"@type":"ImageObject","inLanguage":"pt-BR","@id":"https:\/\/regiaonews.net.br\/2022\/#\/schema\/logo\/image\/","url":"https:\/\/regiaonews.net.br\/2022\/wp-content\/uploads\/2026\/03\/regiao-13-anos-scaled.jpg","contentUrl":"https:\/\/regiaonews.net.br\/2022\/wp-content\/uploads\/2026\/03\/regiao-13-anos-scaled.jpg","width":2560,"height":635,"caption":"Regi\u00e3o News"},"image":{"@id":"https:\/\/regiaonews.net.br\/2022\/#\/schema\/logo\/image\/"}},{"@type":"Person","@id":"https:\/\/regiaonews.net.br\/2022\/#\/schema\/person\/2d205a608a5aa97ac279d7a5e6d89ad8","name":"Roberto","image":{"@type":"ImageObject","inLanguage":"pt-BR","@id":"https:\/\/secure.gravatar.com\/avatar\/42749d8b712ff9d59ca93dc150494e5b55a44134482993f5baeb97e61b7ecc89?s=96&d=mm&r=g","url":"https:\/\/secure.gravatar.com\/avatar\/42749d8b712ff9d59ca93dc150494e5b55a44134482993f5baeb97e61b7ecc89?s=96&d=mm&r=g","contentUrl":"https:\/\/secure.gravatar.com\/avatar\/42749d8b712ff9d59ca93dc150494e5b55a44134482993f5baeb97e61b7ecc89?s=96&d=mm&r=g","caption":"Roberto"},"url":"https:\/\/regiaonews.net.br\/2022\/author\/roberto\/"}]}},"publishpress_future_action":{"enabled":false,"date":"2026-05-04 03:54:57","action":"change-status","newStatus":"draft","terms":[],"taxonomy":"category","extraData":[]},"publishpress_future_workflow_manual_trigger":{"enabledWorkflows":[]},"_links":{"self":[{"href":"https:\/\/regiaonews.net.br\/2022\/wp-json\/wp\/v2\/posts\/86760","targetHints":{"allow":["GET"]}}],"collection":[{"href":"https:\/\/regiaonews.net.br\/2022\/wp-json\/wp\/v2\/posts"}],"about":[{"href":"https:\/\/regiaonews.net.br\/2022\/wp-json\/wp\/v2\/types\/post"}],"author":[{"embeddable":true,"href":"https:\/\/regiaonews.net.br\/2022\/wp-json\/wp\/v2\/users\/2"}],"replies":[{"embeddable":true,"href":"https:\/\/regiaonews.net.br\/2022\/wp-json\/wp\/v2\/comments?post=86760"}],"version-history":[{"count":2,"href":"https:\/\/regiaonews.net.br\/2022\/wp-json\/wp\/v2\/posts\/86760\/revisions"}],"predecessor-version":[{"id":86763,"href":"https:\/\/regiaonews.net.br\/2022\/wp-json\/wp\/v2\/posts\/86760\/revisions\/86763"}],"wp:featuredmedia":[{"embeddable":true,"href":"https:\/\/regiaonews.net.br\/2022\/wp-json\/wp\/v2\/media\/86761"}],"wp:attachment":[{"href":"https:\/\/regiaonews.net.br\/2022\/wp-json\/wp\/v2\/media?parent=86760"}],"wp:term":[{"taxonomy":"category","embeddable":true,"href":"https:\/\/regiaonews.net.br\/2022\/wp-json\/wp\/v2\/categories?post=86760"},{"taxonomy":"post_tag","embeddable":true,"href":"https:\/\/regiaonews.net.br\/2022\/wp-json\/wp\/v2\/tags?post=86760"}],"curies":[{"name":"wp","href":"https:\/\/api.w.org\/{rel}","templated":true}]}}