{"id":86749,"date":"2023-04-16T22:38:37","date_gmt":"2023-04-17T01:38:37","guid":{"rendered":"https:\/\/regiaonews.net.br\/2022\/?p=86749"},"modified":"2023-04-16T22:38:37","modified_gmt":"2023-04-17T01:38:37","slug":"dom-milton-destaca-falencia-da-sociedade-diante-de-onda-de-fake-news","status":"publish","type":"post","link":"https:\/\/regiaonews.net.br\/2022\/2023\/04\/16\/dom-milton-destaca-falencia-da-sociedade-diante-de-onda-de-fake-news\/","title":{"rendered":"Dom Milton destaca fal\u00eancia da sociedade diante de onda de Fake News"},"content":{"rendered":"<p>&nbsp;<\/p>\n<p>O Bispo Diocesano Dom Milton Kenan J\u00fanior se manifestou pela primeira vez diante da situa\u00e7\u00e3o vivida nos \u00faltimos dias pela sociedade brasileira e de Barretos, diante de v\u00e1rias Fake News e poss\u00edveis amea\u00e7as de ataques a escolas. Em entrevista \u00e0 R\u00e1dio O Di\u00e1rio Independente, afirmou que lamenta que a situa\u00e7\u00e3o esteja chegado a este estado. \u201cPenso que isso revela a fal\u00eancia da nossa sociedade e deste sistema que temos hoje que privilegia o financeiro e n\u00e3o coloca as pessoas como alvo da aten\u00e7\u00e3o. H\u00e1 v\u00e1rios anos deixou de investir em projetos sociais, desde o Governo Temer, o investimento em projetos sociais est\u00e3o congelados, ou seja, recursos que poderiam estar evitando este tipo de realidade, n\u00e3o est\u00e3o sendo aplicados como deveriam\u201d, opinou Dom Milton.<br \/>\nO Bispo Diocesano lamentou que estes atos est\u00e3o envolvendo jovens e \u00e0s v\u00edtimas est\u00e3o sendo as crian\u00e7as, recordando da chacina da Candel\u00e1ria. \u201cDe tempos em tempos, verificamos que as crian\u00e7as se tornaram alvo f\u00e1ceis da viol\u00eancia\u201d, destacou.<br \/>\nFinalizando, Dom Milton, disse que \u00e9 uma realidade que n\u00e3o deve ser criar p\u00e2nico, usando bom senso, equil\u00edbrio e fortalecer a seguran\u00e7a das escolas. \u201c\u00c9 preciso tomar atitudes que previnem. Precisamos mais de intelig\u00eancia do que armas para vencer. E os pais tem que acompanhar os seus filhos\u201d, disse Dom Milton.<\/p>\n","protected":false},"excerpt":{"rendered":"<p>&nbsp; O Bispo Diocesano Dom Milton Kenan J\u00fanior se manifestou<\/p>\n","protected":false},"author":2,"featured_media":86750,"comment_status":"open","ping_status":"open","sticky":false,"template":"","format":"standard","meta":{"footnotes":""},"categories":[14,25],"tags":[],"class_list":["post-86749","post","type-post","status-publish","format-standard","has-post-thumbnail","hentry","category-barretos","category-cidades"],"yoast_head":"<!-- This site is optimized with the Yoast SEO plugin v27.4 - https:\/\/yoast.com\/product\/yoast-seo-wordpress\/ -->\n<title>Dom Milton destaca fal\u00eancia da sociedade diante de onda de Fake News - Regi\u00e3o News<\/title>\n<meta name=\"robots\" content=\"index, follow, max-snippet:-1, max-image-preview:large, max-video-preview:-1\" \/>\n<link rel=\"canonical\" href=\"https:\/\/regiaonews.net.br\/2022\/2023\/04\/16\/dom-milton-destaca-falencia-da-sociedade-diante-de-onda-de-fake-news\/\" \/>\n<meta property=\"og:locale\" content=\"pt_BR\" \/>\n<meta property=\"og:type\" content=\"article\" \/>\n<meta property=\"og:title\" content=\"Dom Milton destaca fal\u00eancia da sociedade diante de onda de Fake News - Regi\u00e3o News\" \/>\n<meta property=\"og:description\" content=\"&nbsp; O Bispo Diocesano Dom Milton Kenan J\u00fanior se manifestou\" \/>\n<meta property=\"og:url\" content=\"https:\/\/regiaonews.net.br\/2022\/2023\/04\/16\/dom-milton-destaca-falencia-da-sociedade-diante-de-onda-de-fake-news\/\" \/>\n<meta property=\"og:site_name\" content=\"Regi\u00e3o News\" \/>\n<meta property=\"article:published_time\" content=\"2023-04-17T01:38:37+00:00\" \/>\n<meta property=\"og:image\" content=\"https:\/\/regiaonews.net.br\/2022\/wp-content\/uploads\/2023\/04\/IMG-20230413-WA0367.jpg\" \/>\n\t<meta property=\"og:image:width\" content=\"1600\" \/>\n\t<meta property=\"og:image:height\" content=\"1200\" \/>\n\t<meta property=\"og:image:type\" content=\"image\/jpeg\" \/>\n<meta name=\"author\" content=\"Roberto\" \/>\n<meta name=\"twitter:card\" content=\"summary_large_image\" \/>\n<meta name=\"twitter:label1\" content=\"Escrito por\" \/>\n\t<meta name=\"twitter:data1\" content=\"Roberto\" \/>\n\t<meta name=\"twitter:label2\" content=\"Est. tempo de leitura\" \/>\n\t<meta name=\"twitter:data2\" content=\"2 minutos\" \/>\n<script type=\"application\/ld+json\" class=\"yoast-schema-graph\">{\"@context\":\"https:\\\/\\\/schema.org\",\"@graph\":[{\"@type\":\"Article\",\"@id\":\"https:\\\/\\\/regiaonews.net.br\\\/2022\\\/2023\\\/04\\\/16\\\/dom-milton-destaca-falencia-da-sociedade-diante-de-onda-de-fake-news\\\/#article\",\"isPartOf\":{\"@id\":\"https:\\\/\\\/regiaonews.net.br\\\/2022\\\/2023\\\/04\\\/16\\\/dom-milton-destaca-falencia-da-sociedade-diante-de-onda-de-fake-news\\\/\"},\"author\":{\"name\":\"Roberto\",\"@id\":\"https:\\\/\\\/regiaonews.net.br\\\/2022\\\/#\\\/schema\\\/person\\\/2d205a608a5aa97ac279d7a5e6d89ad8\"},\"headline\":\"Dom Milton destaca fal\u00eancia da sociedade diante de onda de Fake News\",\"datePublished\":\"2023-04-17T01:38:37+00:00\",\"mainEntityOfPage\":{\"@id\":\"https:\\\/\\\/regiaonews.net.br\\\/2022\\\/2023\\\/04\\\/16\\\/dom-milton-destaca-falencia-da-sociedade-diante-de-onda-de-fake-news\\\/\"},\"wordCount\":250,\"commentCount\":0,\"publisher\":{\"@id\":\"https:\\\/\\\/regiaonews.net.br\\\/2022\\\/#organization\"},\"image\":{\"@id\":\"https:\\\/\\\/regiaonews.net.br\\\/2022\\\/2023\\\/04\\\/16\\\/dom-milton-destaca-falencia-da-sociedade-diante-de-onda-de-fake-news\\\/#primaryimage\"},\"thumbnailUrl\":\"https:\\\/\\\/regiaonews.net.br\\\/2022\\\/wp-content\\\/uploads\\\/2023\\\/04\\\/IMG-20230413-WA0367.jpg\",\"articleSection\":[\"Barretos\",\"Cidades\"],\"inLanguage\":\"pt-BR\",\"potentialAction\":[{\"@type\":\"CommentAction\",\"name\":\"Comment\",\"target\":[\"https:\\\/\\\/regiaonews.net.br\\\/2022\\\/2023\\\/04\\\/16\\\/dom-milton-destaca-falencia-da-sociedade-diante-de-onda-de-fake-news\\\/#respond\"]}]},{\"@type\":\"WebPage\",\"@id\":\"https:\\\/\\\/regiaonews.net.br\\\/2022\\\/2023\\\/04\\\/16\\\/dom-milton-destaca-falencia-da-sociedade-diante-de-onda-de-fake-news\\\/\",\"url\":\"https:\\\/\\\/regiaonews.net.br\\\/2022\\\/2023\\\/04\\\/16\\\/dom-milton-destaca-falencia-da-sociedade-diante-de-onda-de-fake-news\\\/\",\"name\":\"Dom Milton destaca fal\u00eancia da sociedade diante de onda de Fake News - Regi\u00e3o News\",\"isPartOf\":{\"@id\":\"https:\\\/\\\/regiaonews.net.br\\\/2022\\\/#website\"},\"primaryImageOfPage\":{\"@id\":\"https:\\\/\\\/regiaonews.net.br\\\/2022\\\/2023\\\/04\\\/16\\\/dom-milton-destaca-falencia-da-sociedade-diante-de-onda-de-fake-news\\\/#primaryimage\"},\"image\":{\"@id\":\"https:\\\/\\\/regiaonews.net.br\\\/2022\\\/2023\\\/04\\\/16\\\/dom-milton-destaca-falencia-da-sociedade-diante-de-onda-de-fake-news\\\/#primaryimage\"},\"thumbnailUrl\":\"https:\\\/\\\/regiaonews.net.br\\\/2022\\\/wp-content\\\/uploads\\\/2023\\\/04\\\/IMG-20230413-WA0367.jpg\",\"datePublished\":\"2023-04-17T01:38:37+00:00\",\"breadcrumb\":{\"@id\":\"https:\\\/\\\/regiaonews.net.br\\\/2022\\\/2023\\\/04\\\/16\\\/dom-milton-destaca-falencia-da-sociedade-diante-de-onda-de-fake-news\\\/#breadcrumb\"},\"inLanguage\":\"pt-BR\",\"potentialAction\":[{\"@type\":\"ReadAction\",\"target\":[\"https:\\\/\\\/regiaonews.net.br\\\/2022\\\/2023\\\/04\\\/16\\\/dom-milton-destaca-falencia-da-sociedade-diante-de-onda-de-fake-news\\\/\"]}]},{\"@type\":\"ImageObject\",\"inLanguage\":\"pt-BR\",\"@id\":\"https:\\\/\\\/regiaonews.net.br\\\/2022\\\/2023\\\/04\\\/16\\\/dom-milton-destaca-falencia-da-sociedade-diante-de-onda-de-fake-news\\\/#primaryimage\",\"url\":\"https:\\\/\\\/regiaonews.net.br\\\/2022\\\/wp-content\\\/uploads\\\/2023\\\/04\\\/IMG-20230413-WA0367.jpg\",\"contentUrl\":\"https:\\\/\\\/regiaonews.net.br\\\/2022\\\/wp-content\\\/uploads\\\/2023\\\/04\\\/IMG-20230413-WA0367.jpg\",\"width\":1600,\"height\":1200},{\"@type\":\"BreadcrumbList\",\"@id\":\"https:\\\/\\\/regiaonews.net.br\\\/2022\\\/2023\\\/04\\\/16\\\/dom-milton-destaca-falencia-da-sociedade-diante-de-onda-de-fake-news\\\/#breadcrumb\",\"itemListElement\":[{\"@type\":\"ListItem\",\"position\":1,\"name\":\"In\u00edcio\",\"item\":\"https:\\\/\\\/regiaonews.net.br\\\/2022\\\/\"},{\"@type\":\"ListItem\",\"position\":2,\"name\":\"Dom Milton destaca fal\u00eancia da sociedade diante de onda de Fake News\"}]},{\"@type\":\"WebSite\",\"@id\":\"https:\\\/\\\/regiaonews.net.br\\\/2022\\\/#website\",\"url\":\"https:\\\/\\\/regiaonews.net.br\\\/2022\\\/\",\"name\":\"Regi\u00e3o News\",\"description\":\"Site de Not\u00edcias de Barretos e regi\u00e3o\",\"publisher\":{\"@id\":\"https:\\\/\\\/regiaonews.net.br\\\/2022\\\/#organization\"},\"potentialAction\":[{\"@type\":\"SearchAction\",\"target\":{\"@type\":\"EntryPoint\",\"urlTemplate\":\"https:\\\/\\\/regiaonews.net.br\\\/2022\\\/?s={search_term_string}\"},\"query-input\":{\"@type\":\"PropertyValueSpecification\",\"valueRequired\":true,\"valueName\":\"search_term_string\"}}],\"inLanguage\":\"pt-BR\"},{\"@type\":\"Organization\",\"@id\":\"https:\\\/\\\/regiaonews.net.br\\\/2022\\\/#organization\",\"name\":\"Regi\u00e3o News\",\"url\":\"https:\\\/\\\/regiaonews.net.br\\\/2022\\\/\",\"logo\":{\"@type\":\"ImageObject\",\"inLanguage\":\"pt-BR\",\"@id\":\"https:\\\/\\\/regiaonews.net.br\\\/2022\\\/#\\\/schema\\\/logo\\\/image\\\/\",\"url\":\"https:\\\/\\\/regiaonews.net.br\\\/2022\\\/wp-content\\\/uploads\\\/2026\\\/03\\\/regiao-13-anos-scaled.jpg\",\"contentUrl\":\"https:\\\/\\\/regiaonews.net.br\\\/2022\\\/wp-content\\\/uploads\\\/2026\\\/03\\\/regiao-13-anos-scaled.jpg\",\"width\":2560,\"height\":635,\"caption\":\"Regi\u00e3o News\"},\"image\":{\"@id\":\"https:\\\/\\\/regiaonews.net.br\\\/2022\\\/#\\\/schema\\\/logo\\\/image\\\/\"}},{\"@type\":\"Person\",\"@id\":\"https:\\\/\\\/regiaonews.net.br\\\/2022\\\/#\\\/schema\\\/person\\\/2d205a608a5aa97ac279d7a5e6d89ad8\",\"name\":\"Roberto\",\"image\":{\"@type\":\"ImageObject\",\"inLanguage\":\"pt-BR\",\"@id\":\"https:\\\/\\\/secure.gravatar.com\\\/avatar\\\/42749d8b712ff9d59ca93dc150494e5b55a44134482993f5baeb97e61b7ecc89?s=96&d=mm&r=g\",\"url\":\"https:\\\/\\\/secure.gravatar.com\\\/avatar\\\/42749d8b712ff9d59ca93dc150494e5b55a44134482993f5baeb97e61b7ecc89?s=96&d=mm&r=g\",\"contentUrl\":\"https:\\\/\\\/secure.gravatar.com\\\/avatar\\\/42749d8b712ff9d59ca93dc150494e5b55a44134482993f5baeb97e61b7ecc89?s=96&d=mm&r=g\",\"caption\":\"Roberto\"},\"url\":\"https:\\\/\\\/regiaonews.net.br\\\/2022\\\/author\\\/roberto\\\/\"}]}<\/script>\n<!-- \/ Yoast SEO plugin. -->","yoast_head_json":{"title":"Dom Milton destaca fal\u00eancia da sociedade diante de onda de Fake News - Regi\u00e3o News","robots":{"index":"index","follow":"follow","max-snippet":"max-snippet:-1","max-image-preview":"max-image-preview:large","max-video-preview":"max-video-preview:-1"},"canonical":"https:\/\/regiaonews.net.br\/2022\/2023\/04\/16\/dom-milton-destaca-falencia-da-sociedade-diante-de-onda-de-fake-news\/","og_locale":"pt_BR","og_type":"article","og_title":"Dom Milton destaca fal\u00eancia da sociedade diante de onda de Fake News - Regi\u00e3o News","og_description":"&nbsp; O Bispo Diocesano Dom Milton Kenan J\u00fanior se manifestou","og_url":"https:\/\/regiaonews.net.br\/2022\/2023\/04\/16\/dom-milton-destaca-falencia-da-sociedade-diante-de-onda-de-fake-news\/","og_site_name":"Regi\u00e3o News","article_published_time":"2023-04-17T01:38:37+00:00","og_image":[{"width":1600,"height":1200,"url":"https:\/\/regiaonews.net.br\/2022\/wp-content\/uploads\/2023\/04\/IMG-20230413-WA0367.jpg","type":"image\/jpeg"}],"author":"Roberto","twitter_card":"summary_large_image","twitter_misc":{"Escrito por":"Roberto","Est. tempo de leitura":"2 minutos"},"schema":{"@context":"https:\/\/schema.org","@graph":[{"@type":"Article","@id":"https:\/\/regiaonews.net.br\/2022\/2023\/04\/16\/dom-milton-destaca-falencia-da-sociedade-diante-de-onda-de-fake-news\/#article","isPartOf":{"@id":"https:\/\/regiaonews.net.br\/2022\/2023\/04\/16\/dom-milton-destaca-falencia-da-sociedade-diante-de-onda-de-fake-news\/"},"author":{"name":"Roberto","@id":"https:\/\/regiaonews.net.br\/2022\/#\/schema\/person\/2d205a608a5aa97ac279d7a5e6d89ad8"},"headline":"Dom Milton destaca fal\u00eancia da sociedade diante de onda de Fake News","datePublished":"2023-04-17T01:38:37+00:00","mainEntityOfPage":{"@id":"https:\/\/regiaonews.net.br\/2022\/2023\/04\/16\/dom-milton-destaca-falencia-da-sociedade-diante-de-onda-de-fake-news\/"},"wordCount":250,"commentCount":0,"publisher":{"@id":"https:\/\/regiaonews.net.br\/2022\/#organization"},"image":{"@id":"https:\/\/regiaonews.net.br\/2022\/2023\/04\/16\/dom-milton-destaca-falencia-da-sociedade-diante-de-onda-de-fake-news\/#primaryimage"},"thumbnailUrl":"https:\/\/regiaonews.net.br\/2022\/wp-content\/uploads\/2023\/04\/IMG-20230413-WA0367.jpg","articleSection":["Barretos","Cidades"],"inLanguage":"pt-BR","potentialAction":[{"@type":"CommentAction","name":"Comment","target":["https:\/\/regiaonews.net.br\/2022\/2023\/04\/16\/dom-milton-destaca-falencia-da-sociedade-diante-de-onda-de-fake-news\/#respond"]}]},{"@type":"WebPage","@id":"https:\/\/regiaonews.net.br\/2022\/2023\/04\/16\/dom-milton-destaca-falencia-da-sociedade-diante-de-onda-de-fake-news\/","url":"https:\/\/regiaonews.net.br\/2022\/2023\/04\/16\/dom-milton-destaca-falencia-da-sociedade-diante-de-onda-de-fake-news\/","name":"Dom Milton destaca fal\u00eancia da sociedade diante de onda de Fake News - Regi\u00e3o News","isPartOf":{"@id":"https:\/\/regiaonews.net.br\/2022\/#website"},"primaryImageOfPage":{"@id":"https:\/\/regiaonews.net.br\/2022\/2023\/04\/16\/dom-milton-destaca-falencia-da-sociedade-diante-de-onda-de-fake-news\/#primaryimage"},"image":{"@id":"https:\/\/regiaonews.net.br\/2022\/2023\/04\/16\/dom-milton-destaca-falencia-da-sociedade-diante-de-onda-de-fake-news\/#primaryimage"},"thumbnailUrl":"https:\/\/regiaonews.net.br\/2022\/wp-content\/uploads\/2023\/04\/IMG-20230413-WA0367.jpg","datePublished":"2023-04-17T01:38:37+00:00","breadcrumb":{"@id":"https:\/\/regiaonews.net.br\/2022\/2023\/04\/16\/dom-milton-destaca-falencia-da-sociedade-diante-de-onda-de-fake-news\/#breadcrumb"},"inLanguage":"pt-BR","potentialAction":[{"@type":"ReadAction","target":["https:\/\/regiaonews.net.br\/2022\/2023\/04\/16\/dom-milton-destaca-falencia-da-sociedade-diante-de-onda-de-fake-news\/"]}]},{"@type":"ImageObject","inLanguage":"pt-BR","@id":"https:\/\/regiaonews.net.br\/2022\/2023\/04\/16\/dom-milton-destaca-falencia-da-sociedade-diante-de-onda-de-fake-news\/#primaryimage","url":"https:\/\/regiaonews.net.br\/2022\/wp-content\/uploads\/2023\/04\/IMG-20230413-WA0367.jpg","contentUrl":"https:\/\/regiaonews.net.br\/2022\/wp-content\/uploads\/2023\/04\/IMG-20230413-WA0367.jpg","width":1600,"height":1200},{"@type":"BreadcrumbList","@id":"https:\/\/regiaonews.net.br\/2022\/2023\/04\/16\/dom-milton-destaca-falencia-da-sociedade-diante-de-onda-de-fake-news\/#breadcrumb","itemListElement":[{"@type":"ListItem","position":1,"name":"In\u00edcio","item":"https:\/\/regiaonews.net.br\/2022\/"},{"@type":"ListItem","position":2,"name":"Dom Milton destaca fal\u00eancia da sociedade diante de onda de Fake News"}]},{"@type":"WebSite","@id":"https:\/\/regiaonews.net.br\/2022\/#website","url":"https:\/\/regiaonews.net.br\/2022\/","name":"Regi\u00e3o News","description":"Site de Not\u00edcias de Barretos e regi\u00e3o","publisher":{"@id":"https:\/\/regiaonews.net.br\/2022\/#organization"},"potentialAction":[{"@type":"SearchAction","target":{"@type":"EntryPoint","urlTemplate":"https:\/\/regiaonews.net.br\/2022\/?s={search_term_string}"},"query-input":{"@type":"PropertyValueSpecification","valueRequired":true,"valueName":"search_term_string"}}],"inLanguage":"pt-BR"},{"@type":"Organization","@id":"https:\/\/regiaonews.net.br\/2022\/#organization","name":"Regi\u00e3o News","url":"https:\/\/regiaonews.net.br\/2022\/","logo":{"@type":"ImageObject","inLanguage":"pt-BR","@id":"https:\/\/regiaonews.net.br\/2022\/#\/schema\/logo\/image\/","url":"https:\/\/regiaonews.net.br\/2022\/wp-content\/uploads\/2026\/03\/regiao-13-anos-scaled.jpg","contentUrl":"https:\/\/regiaonews.net.br\/2022\/wp-content\/uploads\/2026\/03\/regiao-13-anos-scaled.jpg","width":2560,"height":635,"caption":"Regi\u00e3o News"},"image":{"@id":"https:\/\/regiaonews.net.br\/2022\/#\/schema\/logo\/image\/"}},{"@type":"Person","@id":"https:\/\/regiaonews.net.br\/2022\/#\/schema\/person\/2d205a608a5aa97ac279d7a5e6d89ad8","name":"Roberto","image":{"@type":"ImageObject","inLanguage":"pt-BR","@id":"https:\/\/secure.gravatar.com\/avatar\/42749d8b712ff9d59ca93dc150494e5b55a44134482993f5baeb97e61b7ecc89?s=96&d=mm&r=g","url":"https:\/\/secure.gravatar.com\/avatar\/42749d8b712ff9d59ca93dc150494e5b55a44134482993f5baeb97e61b7ecc89?s=96&d=mm&r=g","contentUrl":"https:\/\/secure.gravatar.com\/avatar\/42749d8b712ff9d59ca93dc150494e5b55a44134482993f5baeb97e61b7ecc89?s=96&d=mm&r=g","caption":"Roberto"},"url":"https:\/\/regiaonews.net.br\/2022\/author\/roberto\/"}]}},"publishpress_future_action":{"enabled":false,"date":"2026-05-03 23:17:22","action":"change-status","newStatus":"draft","terms":[],"taxonomy":"category","extraData":[]},"publishpress_future_workflow_manual_trigger":{"enabledWorkflows":[]},"_links":{"self":[{"href":"https:\/\/regiaonews.net.br\/2022\/wp-json\/wp\/v2\/posts\/86749","targetHints":{"allow":["GET"]}}],"collection":[{"href":"https:\/\/regiaonews.net.br\/2022\/wp-json\/wp\/v2\/posts"}],"about":[{"href":"https:\/\/regiaonews.net.br\/2022\/wp-json\/wp\/v2\/types\/post"}],"author":[{"embeddable":true,"href":"https:\/\/regiaonews.net.br\/2022\/wp-json\/wp\/v2\/users\/2"}],"replies":[{"embeddable":true,"href":"https:\/\/regiaonews.net.br\/2022\/wp-json\/wp\/v2\/comments?post=86749"}],"version-history":[{"count":1,"href":"https:\/\/regiaonews.net.br\/2022\/wp-json\/wp\/v2\/posts\/86749\/revisions"}],"predecessor-version":[{"id":86751,"href":"https:\/\/regiaonews.net.br\/2022\/wp-json\/wp\/v2\/posts\/86749\/revisions\/86751"}],"wp:featuredmedia":[{"embeddable":true,"href":"https:\/\/regiaonews.net.br\/2022\/wp-json\/wp\/v2\/media\/86750"}],"wp:attachment":[{"href":"https:\/\/regiaonews.net.br\/2022\/wp-json\/wp\/v2\/media?parent=86749"}],"wp:term":[{"taxonomy":"category","embeddable":true,"href":"https:\/\/regiaonews.net.br\/2022\/wp-json\/wp\/v2\/categories?post=86749"},{"taxonomy":"post_tag","embeddable":true,"href":"https:\/\/regiaonews.net.br\/2022\/wp-json\/wp\/v2\/tags?post=86749"}],"curies":[{"name":"wp","href":"https:\/\/api.w.org\/{rel}","templated":true}]}}