{"id":86740,"date":"2023-04-16T13:43:44","date_gmt":"2023-04-16T16:43:44","guid":{"rendered":"https:\/\/regiaonews.net.br\/2022\/?p=86740"},"modified":"2023-04-16T13:43:44","modified_gmt":"2023-04-16T16:43:44","slug":"santa-casa-de-guaira-abre-inscricoes-para-processo-seletivo-nesta-segunda","status":"publish","type":"post","link":"https:\/\/regiaonews.net.br\/2022\/2023\/04\/16\/santa-casa-de-guaira-abre-inscricoes-para-processo-seletivo-nesta-segunda\/","title":{"rendered":"Santa Casa de Gua\u00edra abre inscri\u00e7\u00f5es para processo seletivo nesta segunda"},"content":{"rendered":"<div class=\"news-section-info clearfix\">\n<h3 class=\"section-title\"><\/h3>\n<\/div>\n<div class=\"single-news-content\">\n<div class=\"news-detail clearfix\">\n<div class=\"news-content editor-content-entry\">\n<h3>A Santa Casa de Gua\u00edra atrav\u00e9s da\u00a0 Interventora Municipal tornou p\u00fablico a abertura de Processo Seletivo Simplificado para sele\u00e7\u00e3o de pessoal para forma\u00e7\u00e3o de cadastro de reserva e provimento.<\/h3>\n<h3>De acordo com o Edital o processo seletivo \u00e9 destinado \u00e0 contrata\u00e7\u00e3o de pessoal por tempo indeterminado para: T\u00e9cnico de Enfermagem, Enfermeiro, Recepcionista, Porteiro, Auxiliar de Dispens\u00e1rio, Cozinheira, Limpeza e Lavadeira (confira as especifica\u00e7\u00f5es das \u00e1reas abaixo). (continuar lendo abaixo)<\/h3>\n<div id=\"guair-804107442\" class=\"guair-conteudo\">\n<div id=\"guair-21506934\"><\/div>\n<\/div>\n<h3>Os interessados poder\u00e3o fazer suas inscri\u00e7\u00f5es mediante a entrega de curr\u00edculo padr\u00e3o com foto e ficha de inscri\u00e7\u00e3o impressa pelo candidato\u00a0 devidamente preenchida no escrit\u00f3rio da Santa Casa que se encontra na Rua 26 Esquina da Avenida 23 \u2013 Antigo Pronto Socorro, no per\u00edodo de 17 de abril \u00e0 02 de maio de 2023, das 08:00 \u00e0s 11:00 horas.<\/h3>\n<h3>Tamb\u00e9m est\u00e1 assegurado \u00e0 pessoa com defici\u00eancia o direito de se inscrever no Processo Seletivo Simplificado, em igualdade de condi\u00e7\u00f5es com os demais candidatos, para exerc\u00edcio da fun\u00e7\u00e3o cujas atribui\u00e7\u00f5es sejam compat\u00edveis com a sua defici\u00eancia.<\/h3>\n<\/div>\n<\/div>\n<\/div>\n","protected":false},"excerpt":{"rendered":"<p>A Santa Casa de Gua\u00edra atrav\u00e9s da\u00a0 Interventora Municipal tornou<\/p>\n","protected":false},"author":2,"featured_media":5605,"comment_status":"open","ping_status":"open","sticky":false,"template":"","format":"standard","meta":{"footnotes":""},"categories":[56,8],"tags":[],"class_list":["post-86740","post","type-post","status-publish","format-standard","has-post-thumbnail","hentry","category-concursos","category-guaira"],"yoast_head":"<!-- This site is optimized with the Yoast SEO plugin v27.4 - https:\/\/yoast.com\/product\/yoast-seo-wordpress\/ -->\n<title>Santa Casa de Gua\u00edra abre inscri\u00e7\u00f5es para processo seletivo nesta segunda - Regi\u00e3o News<\/title>\n<meta name=\"robots\" content=\"index, follow, max-snippet:-1, max-image-preview:large, max-video-preview:-1\" \/>\n<link rel=\"canonical\" href=\"https:\/\/regiaonews.net.br\/2022\/2023\/04\/16\/santa-casa-de-guaira-abre-inscricoes-para-processo-seletivo-nesta-segunda\/\" \/>\n<meta property=\"og:locale\" content=\"pt_BR\" \/>\n<meta property=\"og:type\" content=\"article\" \/>\n<meta property=\"og:title\" content=\"Santa Casa de Gua\u00edra abre inscri\u00e7\u00f5es para processo seletivo nesta segunda - Regi\u00e3o News\" \/>\n<meta property=\"og:description\" content=\"A Santa Casa de Gua\u00edra atrav\u00e9s da\u00a0 Interventora Municipal tornou\" \/>\n<meta property=\"og:url\" content=\"https:\/\/regiaonews.net.br\/2022\/2023\/04\/16\/santa-casa-de-guaira-abre-inscricoes-para-processo-seletivo-nesta-segunda\/\" \/>\n<meta property=\"og:site_name\" content=\"Regi\u00e3o News\" \/>\n<meta property=\"article:published_time\" content=\"2023-04-16T16:43:44+00:00\" \/>\n<meta property=\"og:image\" content=\"https:\/\/regiaonews.net.br\/2022\/wp-content\/uploads\/2017\/06\/santa-casa-de-guaira-sp-santa-casa-misericordia-guaira-sp-ernani-carreira-guaira-sp-2016-b.jpg\" \/>\n\t<meta property=\"og:image:width\" content=\"800\" \/>\n\t<meta property=\"og:image:height\" content=\"450\" \/>\n\t<meta property=\"og:image:type\" content=\"image\/jpeg\" \/>\n<meta name=\"author\" content=\"Roberto\" \/>\n<meta name=\"twitter:card\" content=\"summary_large_image\" \/>\n<meta name=\"twitter:label1\" content=\"Escrito por\" \/>\n\t<meta name=\"twitter:data1\" content=\"Roberto\" \/>\n\t<meta name=\"twitter:label2\" content=\"Est. tempo de leitura\" \/>\n\t<meta name=\"twitter:data2\" content=\"1 minuto\" \/>\n<script type=\"application\/ld+json\" class=\"yoast-schema-graph\">{\"@context\":\"https:\\\/\\\/schema.org\",\"@graph\":[{\"@type\":\"Article\",\"@id\":\"https:\\\/\\\/regiaonews.net.br\\\/2022\\\/2023\\\/04\\\/16\\\/santa-casa-de-guaira-abre-inscricoes-para-processo-seletivo-nesta-segunda\\\/#article\",\"isPartOf\":{\"@id\":\"https:\\\/\\\/regiaonews.net.br\\\/2022\\\/2023\\\/04\\\/16\\\/santa-casa-de-guaira-abre-inscricoes-para-processo-seletivo-nesta-segunda\\\/\"},\"author\":{\"name\":\"Roberto\",\"@id\":\"https:\\\/\\\/regiaonews.net.br\\\/2022\\\/#\\\/schema\\\/person\\\/2d205a608a5aa97ac279d7a5e6d89ad8\"},\"headline\":\"Santa Casa de Gua\u00edra abre inscri\u00e7\u00f5es para processo seletivo nesta segunda\",\"datePublished\":\"2023-04-16T16:43:44+00:00\",\"mainEntityOfPage\":{\"@id\":\"https:\\\/\\\/regiaonews.net.br\\\/2022\\\/2023\\\/04\\\/16\\\/santa-casa-de-guaira-abre-inscricoes-para-processo-seletivo-nesta-segunda\\\/\"},\"wordCount\":189,\"commentCount\":0,\"publisher\":{\"@id\":\"https:\\\/\\\/regiaonews.net.br\\\/2022\\\/#organization\"},\"image\":{\"@id\":\"https:\\\/\\\/regiaonews.net.br\\\/2022\\\/2023\\\/04\\\/16\\\/santa-casa-de-guaira-abre-inscricoes-para-processo-seletivo-nesta-segunda\\\/#primaryimage\"},\"thumbnailUrl\":\"https:\\\/\\\/regiaonews.net.br\\\/2022\\\/wp-content\\\/uploads\\\/2017\\\/06\\\/santa-casa-de-guaira-sp-santa-casa-misericordia-guaira-sp-ernani-carreira-guaira-sp-2016-b.jpg\",\"articleSection\":[\"Concursos\",\"Gua\u00edra\"],\"inLanguage\":\"pt-BR\",\"potentialAction\":[{\"@type\":\"CommentAction\",\"name\":\"Comment\",\"target\":[\"https:\\\/\\\/regiaonews.net.br\\\/2022\\\/2023\\\/04\\\/16\\\/santa-casa-de-guaira-abre-inscricoes-para-processo-seletivo-nesta-segunda\\\/#respond\"]}]},{\"@type\":\"WebPage\",\"@id\":\"https:\\\/\\\/regiaonews.net.br\\\/2022\\\/2023\\\/04\\\/16\\\/santa-casa-de-guaira-abre-inscricoes-para-processo-seletivo-nesta-segunda\\\/\",\"url\":\"https:\\\/\\\/regiaonews.net.br\\\/2022\\\/2023\\\/04\\\/16\\\/santa-casa-de-guaira-abre-inscricoes-para-processo-seletivo-nesta-segunda\\\/\",\"name\":\"Santa Casa de Gua\u00edra abre inscri\u00e7\u00f5es para processo seletivo nesta segunda - Regi\u00e3o News\",\"isPartOf\":{\"@id\":\"https:\\\/\\\/regiaonews.net.br\\\/2022\\\/#website\"},\"primaryImageOfPage\":{\"@id\":\"https:\\\/\\\/regiaonews.net.br\\\/2022\\\/2023\\\/04\\\/16\\\/santa-casa-de-guaira-abre-inscricoes-para-processo-seletivo-nesta-segunda\\\/#primaryimage\"},\"image\":{\"@id\":\"https:\\\/\\\/regiaonews.net.br\\\/2022\\\/2023\\\/04\\\/16\\\/santa-casa-de-guaira-abre-inscricoes-para-processo-seletivo-nesta-segunda\\\/#primaryimage\"},\"thumbnailUrl\":\"https:\\\/\\\/regiaonews.net.br\\\/2022\\\/wp-content\\\/uploads\\\/2017\\\/06\\\/santa-casa-de-guaira-sp-santa-casa-misericordia-guaira-sp-ernani-carreira-guaira-sp-2016-b.jpg\",\"datePublished\":\"2023-04-16T16:43:44+00:00\",\"breadcrumb\":{\"@id\":\"https:\\\/\\\/regiaonews.net.br\\\/2022\\\/2023\\\/04\\\/16\\\/santa-casa-de-guaira-abre-inscricoes-para-processo-seletivo-nesta-segunda\\\/#breadcrumb\"},\"inLanguage\":\"pt-BR\",\"potentialAction\":[{\"@type\":\"ReadAction\",\"target\":[\"https:\\\/\\\/regiaonews.net.br\\\/2022\\\/2023\\\/04\\\/16\\\/santa-casa-de-guaira-abre-inscricoes-para-processo-seletivo-nesta-segunda\\\/\"]}]},{\"@type\":\"ImageObject\",\"inLanguage\":\"pt-BR\",\"@id\":\"https:\\\/\\\/regiaonews.net.br\\\/2022\\\/2023\\\/04\\\/16\\\/santa-casa-de-guaira-abre-inscricoes-para-processo-seletivo-nesta-segunda\\\/#primaryimage\",\"url\":\"https:\\\/\\\/regiaonews.net.br\\\/2022\\\/wp-content\\\/uploads\\\/2017\\\/06\\\/santa-casa-de-guaira-sp-santa-casa-misericordia-guaira-sp-ernani-carreira-guaira-sp-2016-b.jpg\",\"contentUrl\":\"https:\\\/\\\/regiaonews.net.br\\\/2022\\\/wp-content\\\/uploads\\\/2017\\\/06\\\/santa-casa-de-guaira-sp-santa-casa-misericordia-guaira-sp-ernani-carreira-guaira-sp-2016-b.jpg\",\"width\":800,\"height\":450},{\"@type\":\"BreadcrumbList\",\"@id\":\"https:\\\/\\\/regiaonews.net.br\\\/2022\\\/2023\\\/04\\\/16\\\/santa-casa-de-guaira-abre-inscricoes-para-processo-seletivo-nesta-segunda\\\/#breadcrumb\",\"itemListElement\":[{\"@type\":\"ListItem\",\"position\":1,\"name\":\"In\u00edcio\",\"item\":\"https:\\\/\\\/regiaonews.net.br\\\/2022\\\/\"},{\"@type\":\"ListItem\",\"position\":2,\"name\":\"Santa Casa de Gua\u00edra abre inscri\u00e7\u00f5es para processo seletivo nesta segunda\"}]},{\"@type\":\"WebSite\",\"@id\":\"https:\\\/\\\/regiaonews.net.br\\\/2022\\\/#website\",\"url\":\"https:\\\/\\\/regiaonews.net.br\\\/2022\\\/\",\"name\":\"Regi\u00e3o News\",\"description\":\"Site de Not\u00edcias de Barretos e regi\u00e3o\",\"publisher\":{\"@id\":\"https:\\\/\\\/regiaonews.net.br\\\/2022\\\/#organization\"},\"potentialAction\":[{\"@type\":\"SearchAction\",\"target\":{\"@type\":\"EntryPoint\",\"urlTemplate\":\"https:\\\/\\\/regiaonews.net.br\\\/2022\\\/?s={search_term_string}\"},\"query-input\":{\"@type\":\"PropertyValueSpecification\",\"valueRequired\":true,\"valueName\":\"search_term_string\"}}],\"inLanguage\":\"pt-BR\"},{\"@type\":\"Organization\",\"@id\":\"https:\\\/\\\/regiaonews.net.br\\\/2022\\\/#organization\",\"name\":\"Regi\u00e3o News\",\"url\":\"https:\\\/\\\/regiaonews.net.br\\\/2022\\\/\",\"logo\":{\"@type\":\"ImageObject\",\"inLanguage\":\"pt-BR\",\"@id\":\"https:\\\/\\\/regiaonews.net.br\\\/2022\\\/#\\\/schema\\\/logo\\\/image\\\/\",\"url\":\"https:\\\/\\\/regiaonews.net.br\\\/2022\\\/wp-content\\\/uploads\\\/2026\\\/03\\\/regiao-13-anos-scaled.jpg\",\"contentUrl\":\"https:\\\/\\\/regiaonews.net.br\\\/2022\\\/wp-content\\\/uploads\\\/2026\\\/03\\\/regiao-13-anos-scaled.jpg\",\"width\":2560,\"height\":635,\"caption\":\"Regi\u00e3o News\"},\"image\":{\"@id\":\"https:\\\/\\\/regiaonews.net.br\\\/2022\\\/#\\\/schema\\\/logo\\\/image\\\/\"}},{\"@type\":\"Person\",\"@id\":\"https:\\\/\\\/regiaonews.net.br\\\/2022\\\/#\\\/schema\\\/person\\\/2d205a608a5aa97ac279d7a5e6d89ad8\",\"name\":\"Roberto\",\"image\":{\"@type\":\"ImageObject\",\"inLanguage\":\"pt-BR\",\"@id\":\"https:\\\/\\\/secure.gravatar.com\\\/avatar\\\/42749d8b712ff9d59ca93dc150494e5b55a44134482993f5baeb97e61b7ecc89?s=96&d=mm&r=g\",\"url\":\"https:\\\/\\\/secure.gravatar.com\\\/avatar\\\/42749d8b712ff9d59ca93dc150494e5b55a44134482993f5baeb97e61b7ecc89?s=96&d=mm&r=g\",\"contentUrl\":\"https:\\\/\\\/secure.gravatar.com\\\/avatar\\\/42749d8b712ff9d59ca93dc150494e5b55a44134482993f5baeb97e61b7ecc89?s=96&d=mm&r=g\",\"caption\":\"Roberto\"},\"url\":\"https:\\\/\\\/regiaonews.net.br\\\/2022\\\/author\\\/roberto\\\/\"}]}<\/script>\n<!-- \/ Yoast SEO plugin. -->","yoast_head_json":{"title":"Santa Casa de Gua\u00edra abre inscri\u00e7\u00f5es para processo seletivo nesta segunda - Regi\u00e3o News","robots":{"index":"index","follow":"follow","max-snippet":"max-snippet:-1","max-image-preview":"max-image-preview:large","max-video-preview":"max-video-preview:-1"},"canonical":"https:\/\/regiaonews.net.br\/2022\/2023\/04\/16\/santa-casa-de-guaira-abre-inscricoes-para-processo-seletivo-nesta-segunda\/","og_locale":"pt_BR","og_type":"article","og_title":"Santa Casa de Gua\u00edra abre inscri\u00e7\u00f5es para processo seletivo nesta segunda - Regi\u00e3o News","og_description":"A Santa Casa de Gua\u00edra atrav\u00e9s da\u00a0 Interventora Municipal tornou","og_url":"https:\/\/regiaonews.net.br\/2022\/2023\/04\/16\/santa-casa-de-guaira-abre-inscricoes-para-processo-seletivo-nesta-segunda\/","og_site_name":"Regi\u00e3o News","article_published_time":"2023-04-16T16:43:44+00:00","og_image":[{"width":800,"height":450,"url":"https:\/\/regiaonews.net.br\/2022\/wp-content\/uploads\/2017\/06\/santa-casa-de-guaira-sp-santa-casa-misericordia-guaira-sp-ernani-carreira-guaira-sp-2016-b.jpg","type":"image\/jpeg"}],"author":"Roberto","twitter_card":"summary_large_image","twitter_misc":{"Escrito por":"Roberto","Est. tempo de leitura":"1 minuto"},"schema":{"@context":"https:\/\/schema.org","@graph":[{"@type":"Article","@id":"https:\/\/regiaonews.net.br\/2022\/2023\/04\/16\/santa-casa-de-guaira-abre-inscricoes-para-processo-seletivo-nesta-segunda\/#article","isPartOf":{"@id":"https:\/\/regiaonews.net.br\/2022\/2023\/04\/16\/santa-casa-de-guaira-abre-inscricoes-para-processo-seletivo-nesta-segunda\/"},"author":{"name":"Roberto","@id":"https:\/\/regiaonews.net.br\/2022\/#\/schema\/person\/2d205a608a5aa97ac279d7a5e6d89ad8"},"headline":"Santa Casa de Gua\u00edra abre inscri\u00e7\u00f5es para processo seletivo nesta segunda","datePublished":"2023-04-16T16:43:44+00:00","mainEntityOfPage":{"@id":"https:\/\/regiaonews.net.br\/2022\/2023\/04\/16\/santa-casa-de-guaira-abre-inscricoes-para-processo-seletivo-nesta-segunda\/"},"wordCount":189,"commentCount":0,"publisher":{"@id":"https:\/\/regiaonews.net.br\/2022\/#organization"},"image":{"@id":"https:\/\/regiaonews.net.br\/2022\/2023\/04\/16\/santa-casa-de-guaira-abre-inscricoes-para-processo-seletivo-nesta-segunda\/#primaryimage"},"thumbnailUrl":"https:\/\/regiaonews.net.br\/2022\/wp-content\/uploads\/2017\/06\/santa-casa-de-guaira-sp-santa-casa-misericordia-guaira-sp-ernani-carreira-guaira-sp-2016-b.jpg","articleSection":["Concursos","Gua\u00edra"],"inLanguage":"pt-BR","potentialAction":[{"@type":"CommentAction","name":"Comment","target":["https:\/\/regiaonews.net.br\/2022\/2023\/04\/16\/santa-casa-de-guaira-abre-inscricoes-para-processo-seletivo-nesta-segunda\/#respond"]}]},{"@type":"WebPage","@id":"https:\/\/regiaonews.net.br\/2022\/2023\/04\/16\/santa-casa-de-guaira-abre-inscricoes-para-processo-seletivo-nesta-segunda\/","url":"https:\/\/regiaonews.net.br\/2022\/2023\/04\/16\/santa-casa-de-guaira-abre-inscricoes-para-processo-seletivo-nesta-segunda\/","name":"Santa Casa de Gua\u00edra abre inscri\u00e7\u00f5es para processo seletivo nesta segunda - Regi\u00e3o News","isPartOf":{"@id":"https:\/\/regiaonews.net.br\/2022\/#website"},"primaryImageOfPage":{"@id":"https:\/\/regiaonews.net.br\/2022\/2023\/04\/16\/santa-casa-de-guaira-abre-inscricoes-para-processo-seletivo-nesta-segunda\/#primaryimage"},"image":{"@id":"https:\/\/regiaonews.net.br\/2022\/2023\/04\/16\/santa-casa-de-guaira-abre-inscricoes-para-processo-seletivo-nesta-segunda\/#primaryimage"},"thumbnailUrl":"https:\/\/regiaonews.net.br\/2022\/wp-content\/uploads\/2017\/06\/santa-casa-de-guaira-sp-santa-casa-misericordia-guaira-sp-ernani-carreira-guaira-sp-2016-b.jpg","datePublished":"2023-04-16T16:43:44+00:00","breadcrumb":{"@id":"https:\/\/regiaonews.net.br\/2022\/2023\/04\/16\/santa-casa-de-guaira-abre-inscricoes-para-processo-seletivo-nesta-segunda\/#breadcrumb"},"inLanguage":"pt-BR","potentialAction":[{"@type":"ReadAction","target":["https:\/\/regiaonews.net.br\/2022\/2023\/04\/16\/santa-casa-de-guaira-abre-inscricoes-para-processo-seletivo-nesta-segunda\/"]}]},{"@type":"ImageObject","inLanguage":"pt-BR","@id":"https:\/\/regiaonews.net.br\/2022\/2023\/04\/16\/santa-casa-de-guaira-abre-inscricoes-para-processo-seletivo-nesta-segunda\/#primaryimage","url":"https:\/\/regiaonews.net.br\/2022\/wp-content\/uploads\/2017\/06\/santa-casa-de-guaira-sp-santa-casa-misericordia-guaira-sp-ernani-carreira-guaira-sp-2016-b.jpg","contentUrl":"https:\/\/regiaonews.net.br\/2022\/wp-content\/uploads\/2017\/06\/santa-casa-de-guaira-sp-santa-casa-misericordia-guaira-sp-ernani-carreira-guaira-sp-2016-b.jpg","width":800,"height":450},{"@type":"BreadcrumbList","@id":"https:\/\/regiaonews.net.br\/2022\/2023\/04\/16\/santa-casa-de-guaira-abre-inscricoes-para-processo-seletivo-nesta-segunda\/#breadcrumb","itemListElement":[{"@type":"ListItem","position":1,"name":"In\u00edcio","item":"https:\/\/regiaonews.net.br\/2022\/"},{"@type":"ListItem","position":2,"name":"Santa Casa de Gua\u00edra abre inscri\u00e7\u00f5es para processo seletivo nesta segunda"}]},{"@type":"WebSite","@id":"https:\/\/regiaonews.net.br\/2022\/#website","url":"https:\/\/regiaonews.net.br\/2022\/","name":"Regi\u00e3o News","description":"Site de Not\u00edcias de Barretos e regi\u00e3o","publisher":{"@id":"https:\/\/regiaonews.net.br\/2022\/#organization"},"potentialAction":[{"@type":"SearchAction","target":{"@type":"EntryPoint","urlTemplate":"https:\/\/regiaonews.net.br\/2022\/?s={search_term_string}"},"query-input":{"@type":"PropertyValueSpecification","valueRequired":true,"valueName":"search_term_string"}}],"inLanguage":"pt-BR"},{"@type":"Organization","@id":"https:\/\/regiaonews.net.br\/2022\/#organization","name":"Regi\u00e3o News","url":"https:\/\/regiaonews.net.br\/2022\/","logo":{"@type":"ImageObject","inLanguage":"pt-BR","@id":"https:\/\/regiaonews.net.br\/2022\/#\/schema\/logo\/image\/","url":"https:\/\/regiaonews.net.br\/2022\/wp-content\/uploads\/2026\/03\/regiao-13-anos-scaled.jpg","contentUrl":"https:\/\/regiaonews.net.br\/2022\/wp-content\/uploads\/2026\/03\/regiao-13-anos-scaled.jpg","width":2560,"height":635,"caption":"Regi\u00e3o News"},"image":{"@id":"https:\/\/regiaonews.net.br\/2022\/#\/schema\/logo\/image\/"}},{"@type":"Person","@id":"https:\/\/regiaonews.net.br\/2022\/#\/schema\/person\/2d205a608a5aa97ac279d7a5e6d89ad8","name":"Roberto","image":{"@type":"ImageObject","inLanguage":"pt-BR","@id":"https:\/\/secure.gravatar.com\/avatar\/42749d8b712ff9d59ca93dc150494e5b55a44134482993f5baeb97e61b7ecc89?s=96&d=mm&r=g","url":"https:\/\/secure.gravatar.com\/avatar\/42749d8b712ff9d59ca93dc150494e5b55a44134482993f5baeb97e61b7ecc89?s=96&d=mm&r=g","contentUrl":"https:\/\/secure.gravatar.com\/avatar\/42749d8b712ff9d59ca93dc150494e5b55a44134482993f5baeb97e61b7ecc89?s=96&d=mm&r=g","caption":"Roberto"},"url":"https:\/\/regiaonews.net.br\/2022\/author\/roberto\/"}]}},"publishpress_future_action":{"enabled":false,"date":"2026-05-03 18:05:48","action":"change-status","newStatus":"draft","terms":[],"taxonomy":"category","extraData":[]},"publishpress_future_workflow_manual_trigger":{"enabledWorkflows":[]},"_links":{"self":[{"href":"https:\/\/regiaonews.net.br\/2022\/wp-json\/wp\/v2\/posts\/86740","targetHints":{"allow":["GET"]}}],"collection":[{"href":"https:\/\/regiaonews.net.br\/2022\/wp-json\/wp\/v2\/posts"}],"about":[{"href":"https:\/\/regiaonews.net.br\/2022\/wp-json\/wp\/v2\/types\/post"}],"author":[{"embeddable":true,"href":"https:\/\/regiaonews.net.br\/2022\/wp-json\/wp\/v2\/users\/2"}],"replies":[{"embeddable":true,"href":"https:\/\/regiaonews.net.br\/2022\/wp-json\/wp\/v2\/comments?post=86740"}],"version-history":[{"count":1,"href":"https:\/\/regiaonews.net.br\/2022\/wp-json\/wp\/v2\/posts\/86740\/revisions"}],"predecessor-version":[{"id":86741,"href":"https:\/\/regiaonews.net.br\/2022\/wp-json\/wp\/v2\/posts\/86740\/revisions\/86741"}],"wp:featuredmedia":[{"embeddable":true,"href":"https:\/\/regiaonews.net.br\/2022\/wp-json\/wp\/v2\/media\/5605"}],"wp:attachment":[{"href":"https:\/\/regiaonews.net.br\/2022\/wp-json\/wp\/v2\/media?parent=86740"}],"wp:term":[{"taxonomy":"category","embeddable":true,"href":"https:\/\/regiaonews.net.br\/2022\/wp-json\/wp\/v2\/categories?post=86740"},{"taxonomy":"post_tag","embeddable":true,"href":"https:\/\/regiaonews.net.br\/2022\/wp-json\/wp\/v2\/tags?post=86740"}],"curies":[{"name":"wp","href":"https:\/\/api.w.org\/{rel}","templated":true}]}}