{"id":86703,"date":"2023-04-15T13:12:45","date_gmt":"2023-04-15T16:12:45","guid":{"rendered":"https:\/\/regiaonews.net.br\/2022\/?p=86703"},"modified":"2023-04-15T13:14:09","modified_gmt":"2023-04-15T16:14:09","slug":"rodovias-faria-lima-e-pedro-monteleone-permanecem-com-concessao-da-tebe-ate-2025","status":"publish","type":"post","link":"https:\/\/regiaonews.net.br\/2022\/2023\/04\/15\/rodovias-faria-lima-e-pedro-monteleone-permanecem-com-concessao-da-tebe-ate-2025\/","title":{"rendered":"Rodovias Faria Lima e Pedro Monteleone permanecem com concess\u00e3o da TEBE at\u00e9 2025"},"content":{"rendered":"<p>&nbsp;<\/p>\n<p>Ap\u00f3s o Governo de S\u00e3o Paulo formalizar na quarta (12), a concess\u00e3o de 600 quil\u00f4metros de rodovias do Lote Noroeste, com o contrato assinado pelo grupo EcoRodovias, alguns trechos de rodovias j\u00e1 ser\u00e3o comandados pela nova concession\u00e1ria a partir do dia 1\u00ba de maio. Na regi\u00e3o de Barretos, as rodovias SP-326 (Rodovia Brigadeiro Faria Lima \u2013 entre Bebedouro e Barretos) e SP-351 (Rodovia Comendador Pedro Monteleone) administradas pela Concession\u00e1ria TEBE, permanecem sobre a responsabilidade da empresa at\u00e9 mar\u00e7o de 2025, inclusive informa\u00e7\u00e3o que consta em edital. \u201cO contrato encerra em mar\u00e7o de 2025 e por enquanto a empresa permanece prestando os servi\u00e7os. No trecho de Mat\u00e3o, a EcoRodovias j\u00e1 assume agora no m\u00eas de maio\u201d, informou a assessoria de imprensa da empresa.<br \/>\nDe acordo com o contrato, est\u00e3o previstos investimentos de R$ 13,9 bilh\u00f5es no empreendimento, entre obras e opera\u00e7\u00f5es ao longo dos 30 anos nas rodovias das regi\u00f5es de S\u00e3o Jos\u00e9 do Rio Preto, Araraquara, S\u00e3o Carlos e Barretos.<\/p>\n","protected":false},"excerpt":{"rendered":"<p>&nbsp; Ap\u00f3s o Governo de S\u00e3o Paulo formalizar na quarta<\/p>\n","protected":false},"author":2,"featured_media":5533,"comment_status":"open","ping_status":"open","sticky":false,"template":"","format":"standard","meta":{"footnotes":""},"categories":[7],"tags":[],"class_list":["post-86703","post","type-post","status-publish","format-standard","has-post-thumbnail","hentry","category-estado-de-sao-paulo"],"yoast_head":"<!-- This site is optimized with the Yoast SEO plugin v27.4 - https:\/\/yoast.com\/product\/yoast-seo-wordpress\/ -->\n<title>Rodovias Faria Lima e Pedro Monteleone permanecem com concess\u00e3o da TEBE at\u00e9 2025 - Regi\u00e3o News<\/title>\n<meta name=\"robots\" content=\"index, follow, max-snippet:-1, max-image-preview:large, max-video-preview:-1\" \/>\n<link rel=\"canonical\" href=\"https:\/\/regiaonews.net.br\/2022\/2023\/04\/15\/rodovias-faria-lima-e-pedro-monteleone-permanecem-com-concessao-da-tebe-ate-2025\/\" \/>\n<meta property=\"og:locale\" content=\"pt_BR\" \/>\n<meta property=\"og:type\" content=\"article\" \/>\n<meta property=\"og:title\" content=\"Rodovias Faria Lima e Pedro Monteleone permanecem com concess\u00e3o da TEBE at\u00e9 2025 - Regi\u00e3o News\" \/>\n<meta property=\"og:description\" content=\"&nbsp; Ap\u00f3s o Governo de S\u00e3o Paulo formalizar na quarta\" \/>\n<meta property=\"og:url\" content=\"https:\/\/regiaonews.net.br\/2022\/2023\/04\/15\/rodovias-faria-lima-e-pedro-monteleone-permanecem-com-concessao-da-tebe-ate-2025\/\" \/>\n<meta property=\"og:site_name\" content=\"Regi\u00e3o News\" \/>\n<meta property=\"article:published_time\" content=\"2023-04-15T16:12:45+00:00\" \/>\n<meta property=\"article:modified_time\" content=\"2023-04-15T16:14:09+00:00\" \/>\n<meta property=\"og:image\" content=\"https:\/\/regiaonews.net.br\/2022\/wp-content\/uploads\/2017\/06\/faria-lima-colina.jpg\" \/>\n\t<meta property=\"og:image:width\" content=\"556\" \/>\n\t<meta property=\"og:image:height\" content=\"368\" \/>\n\t<meta property=\"og:image:type\" content=\"image\/jpeg\" \/>\n<meta name=\"author\" content=\"Roberto\" \/>\n<meta name=\"twitter:card\" content=\"summary_large_image\" \/>\n<meta name=\"twitter:label1\" content=\"Escrito por\" \/>\n\t<meta name=\"twitter:data1\" content=\"Roberto\" \/>\n\t<meta name=\"twitter:label2\" content=\"Est. tempo de leitura\" \/>\n\t<meta name=\"twitter:data2\" content=\"1 minuto\" \/>\n<script type=\"application\/ld+json\" class=\"yoast-schema-graph\">{\"@context\":\"https:\\\/\\\/schema.org\",\"@graph\":[{\"@type\":\"Article\",\"@id\":\"https:\\\/\\\/regiaonews.net.br\\\/2022\\\/2023\\\/04\\\/15\\\/rodovias-faria-lima-e-pedro-monteleone-permanecem-com-concessao-da-tebe-ate-2025\\\/#article\",\"isPartOf\":{\"@id\":\"https:\\\/\\\/regiaonews.net.br\\\/2022\\\/2023\\\/04\\\/15\\\/rodovias-faria-lima-e-pedro-monteleone-permanecem-com-concessao-da-tebe-ate-2025\\\/\"},\"author\":{\"name\":\"Roberto\",\"@id\":\"https:\\\/\\\/regiaonews.net.br\\\/2022\\\/#\\\/schema\\\/person\\\/2d205a608a5aa97ac279d7a5e6d89ad8\"},\"headline\":\"Rodovias Faria Lima e Pedro Monteleone permanecem com concess\u00e3o da TEBE at\u00e9 2025\",\"datePublished\":\"2023-04-15T16:12:45+00:00\",\"dateModified\":\"2023-04-15T16:14:09+00:00\",\"mainEntityOfPage\":{\"@id\":\"https:\\\/\\\/regiaonews.net.br\\\/2022\\\/2023\\\/04\\\/15\\\/rodovias-faria-lima-e-pedro-monteleone-permanecem-com-concessao-da-tebe-ate-2025\\\/\"},\"wordCount\":186,\"commentCount\":0,\"publisher\":{\"@id\":\"https:\\\/\\\/regiaonews.net.br\\\/2022\\\/#organization\"},\"image\":{\"@id\":\"https:\\\/\\\/regiaonews.net.br\\\/2022\\\/2023\\\/04\\\/15\\\/rodovias-faria-lima-e-pedro-monteleone-permanecem-com-concessao-da-tebe-ate-2025\\\/#primaryimage\"},\"thumbnailUrl\":\"https:\\\/\\\/regiaonews.net.br\\\/2022\\\/wp-content\\\/uploads\\\/2017\\\/06\\\/faria-lima-colina.jpg\",\"articleSection\":[\"Estado de S\u00e3o Paulo\"],\"inLanguage\":\"pt-BR\",\"potentialAction\":[{\"@type\":\"CommentAction\",\"name\":\"Comment\",\"target\":[\"https:\\\/\\\/regiaonews.net.br\\\/2022\\\/2023\\\/04\\\/15\\\/rodovias-faria-lima-e-pedro-monteleone-permanecem-com-concessao-da-tebe-ate-2025\\\/#respond\"]}]},{\"@type\":\"WebPage\",\"@id\":\"https:\\\/\\\/regiaonews.net.br\\\/2022\\\/2023\\\/04\\\/15\\\/rodovias-faria-lima-e-pedro-monteleone-permanecem-com-concessao-da-tebe-ate-2025\\\/\",\"url\":\"https:\\\/\\\/regiaonews.net.br\\\/2022\\\/2023\\\/04\\\/15\\\/rodovias-faria-lima-e-pedro-monteleone-permanecem-com-concessao-da-tebe-ate-2025\\\/\",\"name\":\"Rodovias Faria Lima e Pedro Monteleone permanecem com concess\u00e3o da TEBE at\u00e9 2025 - Regi\u00e3o News\",\"isPartOf\":{\"@id\":\"https:\\\/\\\/regiaonews.net.br\\\/2022\\\/#website\"},\"primaryImageOfPage\":{\"@id\":\"https:\\\/\\\/regiaonews.net.br\\\/2022\\\/2023\\\/04\\\/15\\\/rodovias-faria-lima-e-pedro-monteleone-permanecem-com-concessao-da-tebe-ate-2025\\\/#primaryimage\"},\"image\":{\"@id\":\"https:\\\/\\\/regiaonews.net.br\\\/2022\\\/2023\\\/04\\\/15\\\/rodovias-faria-lima-e-pedro-monteleone-permanecem-com-concessao-da-tebe-ate-2025\\\/#primaryimage\"},\"thumbnailUrl\":\"https:\\\/\\\/regiaonews.net.br\\\/2022\\\/wp-content\\\/uploads\\\/2017\\\/06\\\/faria-lima-colina.jpg\",\"datePublished\":\"2023-04-15T16:12:45+00:00\",\"dateModified\":\"2023-04-15T16:14:09+00:00\",\"breadcrumb\":{\"@id\":\"https:\\\/\\\/regiaonews.net.br\\\/2022\\\/2023\\\/04\\\/15\\\/rodovias-faria-lima-e-pedro-monteleone-permanecem-com-concessao-da-tebe-ate-2025\\\/#breadcrumb\"},\"inLanguage\":\"pt-BR\",\"potentialAction\":[{\"@type\":\"ReadAction\",\"target\":[\"https:\\\/\\\/regiaonews.net.br\\\/2022\\\/2023\\\/04\\\/15\\\/rodovias-faria-lima-e-pedro-monteleone-permanecem-com-concessao-da-tebe-ate-2025\\\/\"]}]},{\"@type\":\"ImageObject\",\"inLanguage\":\"pt-BR\",\"@id\":\"https:\\\/\\\/regiaonews.net.br\\\/2022\\\/2023\\\/04\\\/15\\\/rodovias-faria-lima-e-pedro-monteleone-permanecem-com-concessao-da-tebe-ate-2025\\\/#primaryimage\",\"url\":\"https:\\\/\\\/regiaonews.net.br\\\/2022\\\/wp-content\\\/uploads\\\/2017\\\/06\\\/faria-lima-colina.jpg\",\"contentUrl\":\"https:\\\/\\\/regiaonews.net.br\\\/2022\\\/wp-content\\\/uploads\\\/2017\\\/06\\\/faria-lima-colina.jpg\",\"width\":556,\"height\":368},{\"@type\":\"BreadcrumbList\",\"@id\":\"https:\\\/\\\/regiaonews.net.br\\\/2022\\\/2023\\\/04\\\/15\\\/rodovias-faria-lima-e-pedro-monteleone-permanecem-com-concessao-da-tebe-ate-2025\\\/#breadcrumb\",\"itemListElement\":[{\"@type\":\"ListItem\",\"position\":1,\"name\":\"In\u00edcio\",\"item\":\"https:\\\/\\\/regiaonews.net.br\\\/2022\\\/\"},{\"@type\":\"ListItem\",\"position\":2,\"name\":\"Rodovias Faria Lima e Pedro Monteleone permanecem com concess\u00e3o da TEBE at\u00e9 2025\"}]},{\"@type\":\"WebSite\",\"@id\":\"https:\\\/\\\/regiaonews.net.br\\\/2022\\\/#website\",\"url\":\"https:\\\/\\\/regiaonews.net.br\\\/2022\\\/\",\"name\":\"Regi\u00e3o News\",\"description\":\"Site de Not\u00edcias de Barretos e regi\u00e3o\",\"publisher\":{\"@id\":\"https:\\\/\\\/regiaonews.net.br\\\/2022\\\/#organization\"},\"potentialAction\":[{\"@type\":\"SearchAction\",\"target\":{\"@type\":\"EntryPoint\",\"urlTemplate\":\"https:\\\/\\\/regiaonews.net.br\\\/2022\\\/?s={search_term_string}\"},\"query-input\":{\"@type\":\"PropertyValueSpecification\",\"valueRequired\":true,\"valueName\":\"search_term_string\"}}],\"inLanguage\":\"pt-BR\"},{\"@type\":\"Organization\",\"@id\":\"https:\\\/\\\/regiaonews.net.br\\\/2022\\\/#organization\",\"name\":\"Regi\u00e3o News\",\"url\":\"https:\\\/\\\/regiaonews.net.br\\\/2022\\\/\",\"logo\":{\"@type\":\"ImageObject\",\"inLanguage\":\"pt-BR\",\"@id\":\"https:\\\/\\\/regiaonews.net.br\\\/2022\\\/#\\\/schema\\\/logo\\\/image\\\/\",\"url\":\"https:\\\/\\\/regiaonews.net.br\\\/2022\\\/wp-content\\\/uploads\\\/2026\\\/03\\\/regiao-13-anos-scaled.jpg\",\"contentUrl\":\"https:\\\/\\\/regiaonews.net.br\\\/2022\\\/wp-content\\\/uploads\\\/2026\\\/03\\\/regiao-13-anos-scaled.jpg\",\"width\":2560,\"height\":635,\"caption\":\"Regi\u00e3o News\"},\"image\":{\"@id\":\"https:\\\/\\\/regiaonews.net.br\\\/2022\\\/#\\\/schema\\\/logo\\\/image\\\/\"}},{\"@type\":\"Person\",\"@id\":\"https:\\\/\\\/regiaonews.net.br\\\/2022\\\/#\\\/schema\\\/person\\\/2d205a608a5aa97ac279d7a5e6d89ad8\",\"name\":\"Roberto\",\"image\":{\"@type\":\"ImageObject\",\"inLanguage\":\"pt-BR\",\"@id\":\"https:\\\/\\\/secure.gravatar.com\\\/avatar\\\/42749d8b712ff9d59ca93dc150494e5b55a44134482993f5baeb97e61b7ecc89?s=96&d=mm&r=g\",\"url\":\"https:\\\/\\\/secure.gravatar.com\\\/avatar\\\/42749d8b712ff9d59ca93dc150494e5b55a44134482993f5baeb97e61b7ecc89?s=96&d=mm&r=g\",\"contentUrl\":\"https:\\\/\\\/secure.gravatar.com\\\/avatar\\\/42749d8b712ff9d59ca93dc150494e5b55a44134482993f5baeb97e61b7ecc89?s=96&d=mm&r=g\",\"caption\":\"Roberto\"},\"url\":\"https:\\\/\\\/regiaonews.net.br\\\/2022\\\/author\\\/roberto\\\/\"}]}<\/script>\n<!-- \/ Yoast SEO plugin. -->","yoast_head_json":{"title":"Rodovias Faria Lima e Pedro Monteleone permanecem com concess\u00e3o da TEBE at\u00e9 2025 - Regi\u00e3o News","robots":{"index":"index","follow":"follow","max-snippet":"max-snippet:-1","max-image-preview":"max-image-preview:large","max-video-preview":"max-video-preview:-1"},"canonical":"https:\/\/regiaonews.net.br\/2022\/2023\/04\/15\/rodovias-faria-lima-e-pedro-monteleone-permanecem-com-concessao-da-tebe-ate-2025\/","og_locale":"pt_BR","og_type":"article","og_title":"Rodovias Faria Lima e Pedro Monteleone permanecem com concess\u00e3o da TEBE at\u00e9 2025 - Regi\u00e3o News","og_description":"&nbsp; Ap\u00f3s o Governo de S\u00e3o Paulo formalizar na quarta","og_url":"https:\/\/regiaonews.net.br\/2022\/2023\/04\/15\/rodovias-faria-lima-e-pedro-monteleone-permanecem-com-concessao-da-tebe-ate-2025\/","og_site_name":"Regi\u00e3o News","article_published_time":"2023-04-15T16:12:45+00:00","article_modified_time":"2023-04-15T16:14:09+00:00","og_image":[{"width":556,"height":368,"url":"https:\/\/regiaonews.net.br\/2022\/wp-content\/uploads\/2017\/06\/faria-lima-colina.jpg","type":"image\/jpeg"}],"author":"Roberto","twitter_card":"summary_large_image","twitter_misc":{"Escrito por":"Roberto","Est. tempo de leitura":"1 minuto"},"schema":{"@context":"https:\/\/schema.org","@graph":[{"@type":"Article","@id":"https:\/\/regiaonews.net.br\/2022\/2023\/04\/15\/rodovias-faria-lima-e-pedro-monteleone-permanecem-com-concessao-da-tebe-ate-2025\/#article","isPartOf":{"@id":"https:\/\/regiaonews.net.br\/2022\/2023\/04\/15\/rodovias-faria-lima-e-pedro-monteleone-permanecem-com-concessao-da-tebe-ate-2025\/"},"author":{"name":"Roberto","@id":"https:\/\/regiaonews.net.br\/2022\/#\/schema\/person\/2d205a608a5aa97ac279d7a5e6d89ad8"},"headline":"Rodovias Faria Lima e Pedro Monteleone permanecem com concess\u00e3o da TEBE at\u00e9 2025","datePublished":"2023-04-15T16:12:45+00:00","dateModified":"2023-04-15T16:14:09+00:00","mainEntityOfPage":{"@id":"https:\/\/regiaonews.net.br\/2022\/2023\/04\/15\/rodovias-faria-lima-e-pedro-monteleone-permanecem-com-concessao-da-tebe-ate-2025\/"},"wordCount":186,"commentCount":0,"publisher":{"@id":"https:\/\/regiaonews.net.br\/2022\/#organization"},"image":{"@id":"https:\/\/regiaonews.net.br\/2022\/2023\/04\/15\/rodovias-faria-lima-e-pedro-monteleone-permanecem-com-concessao-da-tebe-ate-2025\/#primaryimage"},"thumbnailUrl":"https:\/\/regiaonews.net.br\/2022\/wp-content\/uploads\/2017\/06\/faria-lima-colina.jpg","articleSection":["Estado de S\u00e3o Paulo"],"inLanguage":"pt-BR","potentialAction":[{"@type":"CommentAction","name":"Comment","target":["https:\/\/regiaonews.net.br\/2022\/2023\/04\/15\/rodovias-faria-lima-e-pedro-monteleone-permanecem-com-concessao-da-tebe-ate-2025\/#respond"]}]},{"@type":"WebPage","@id":"https:\/\/regiaonews.net.br\/2022\/2023\/04\/15\/rodovias-faria-lima-e-pedro-monteleone-permanecem-com-concessao-da-tebe-ate-2025\/","url":"https:\/\/regiaonews.net.br\/2022\/2023\/04\/15\/rodovias-faria-lima-e-pedro-monteleone-permanecem-com-concessao-da-tebe-ate-2025\/","name":"Rodovias Faria Lima e Pedro Monteleone permanecem com concess\u00e3o da TEBE at\u00e9 2025 - Regi\u00e3o News","isPartOf":{"@id":"https:\/\/regiaonews.net.br\/2022\/#website"},"primaryImageOfPage":{"@id":"https:\/\/regiaonews.net.br\/2022\/2023\/04\/15\/rodovias-faria-lima-e-pedro-monteleone-permanecem-com-concessao-da-tebe-ate-2025\/#primaryimage"},"image":{"@id":"https:\/\/regiaonews.net.br\/2022\/2023\/04\/15\/rodovias-faria-lima-e-pedro-monteleone-permanecem-com-concessao-da-tebe-ate-2025\/#primaryimage"},"thumbnailUrl":"https:\/\/regiaonews.net.br\/2022\/wp-content\/uploads\/2017\/06\/faria-lima-colina.jpg","datePublished":"2023-04-15T16:12:45+00:00","dateModified":"2023-04-15T16:14:09+00:00","breadcrumb":{"@id":"https:\/\/regiaonews.net.br\/2022\/2023\/04\/15\/rodovias-faria-lima-e-pedro-monteleone-permanecem-com-concessao-da-tebe-ate-2025\/#breadcrumb"},"inLanguage":"pt-BR","potentialAction":[{"@type":"ReadAction","target":["https:\/\/regiaonews.net.br\/2022\/2023\/04\/15\/rodovias-faria-lima-e-pedro-monteleone-permanecem-com-concessao-da-tebe-ate-2025\/"]}]},{"@type":"ImageObject","inLanguage":"pt-BR","@id":"https:\/\/regiaonews.net.br\/2022\/2023\/04\/15\/rodovias-faria-lima-e-pedro-monteleone-permanecem-com-concessao-da-tebe-ate-2025\/#primaryimage","url":"https:\/\/regiaonews.net.br\/2022\/wp-content\/uploads\/2017\/06\/faria-lima-colina.jpg","contentUrl":"https:\/\/regiaonews.net.br\/2022\/wp-content\/uploads\/2017\/06\/faria-lima-colina.jpg","width":556,"height":368},{"@type":"BreadcrumbList","@id":"https:\/\/regiaonews.net.br\/2022\/2023\/04\/15\/rodovias-faria-lima-e-pedro-monteleone-permanecem-com-concessao-da-tebe-ate-2025\/#breadcrumb","itemListElement":[{"@type":"ListItem","position":1,"name":"In\u00edcio","item":"https:\/\/regiaonews.net.br\/2022\/"},{"@type":"ListItem","position":2,"name":"Rodovias Faria Lima e Pedro Monteleone permanecem com concess\u00e3o da TEBE at\u00e9 2025"}]},{"@type":"WebSite","@id":"https:\/\/regiaonews.net.br\/2022\/#website","url":"https:\/\/regiaonews.net.br\/2022\/","name":"Regi\u00e3o News","description":"Site de Not\u00edcias de Barretos e regi\u00e3o","publisher":{"@id":"https:\/\/regiaonews.net.br\/2022\/#organization"},"potentialAction":[{"@type":"SearchAction","target":{"@type":"EntryPoint","urlTemplate":"https:\/\/regiaonews.net.br\/2022\/?s={search_term_string}"},"query-input":{"@type":"PropertyValueSpecification","valueRequired":true,"valueName":"search_term_string"}}],"inLanguage":"pt-BR"},{"@type":"Organization","@id":"https:\/\/regiaonews.net.br\/2022\/#organization","name":"Regi\u00e3o News","url":"https:\/\/regiaonews.net.br\/2022\/","logo":{"@type":"ImageObject","inLanguage":"pt-BR","@id":"https:\/\/regiaonews.net.br\/2022\/#\/schema\/logo\/image\/","url":"https:\/\/regiaonews.net.br\/2022\/wp-content\/uploads\/2026\/03\/regiao-13-anos-scaled.jpg","contentUrl":"https:\/\/regiaonews.net.br\/2022\/wp-content\/uploads\/2026\/03\/regiao-13-anos-scaled.jpg","width":2560,"height":635,"caption":"Regi\u00e3o News"},"image":{"@id":"https:\/\/regiaonews.net.br\/2022\/#\/schema\/logo\/image\/"}},{"@type":"Person","@id":"https:\/\/regiaonews.net.br\/2022\/#\/schema\/person\/2d205a608a5aa97ac279d7a5e6d89ad8","name":"Roberto","image":{"@type":"ImageObject","inLanguage":"pt-BR","@id":"https:\/\/secure.gravatar.com\/avatar\/42749d8b712ff9d59ca93dc150494e5b55a44134482993f5baeb97e61b7ecc89?s=96&d=mm&r=g","url":"https:\/\/secure.gravatar.com\/avatar\/42749d8b712ff9d59ca93dc150494e5b55a44134482993f5baeb97e61b7ecc89?s=96&d=mm&r=g","contentUrl":"https:\/\/secure.gravatar.com\/avatar\/42749d8b712ff9d59ca93dc150494e5b55a44134482993f5baeb97e61b7ecc89?s=96&d=mm&r=g","caption":"Roberto"},"url":"https:\/\/regiaonews.net.br\/2022\/author\/roberto\/"}]}},"publishpress_future_action":{"enabled":false,"date":"2026-05-03 05:10:57","action":"change-status","newStatus":"draft","terms":[],"taxonomy":"category","extraData":[]},"publishpress_future_workflow_manual_trigger":{"enabledWorkflows":[]},"_links":{"self":[{"href":"https:\/\/regiaonews.net.br\/2022\/wp-json\/wp\/v2\/posts\/86703","targetHints":{"allow":["GET"]}}],"collection":[{"href":"https:\/\/regiaonews.net.br\/2022\/wp-json\/wp\/v2\/posts"}],"about":[{"href":"https:\/\/regiaonews.net.br\/2022\/wp-json\/wp\/v2\/types\/post"}],"author":[{"embeddable":true,"href":"https:\/\/regiaonews.net.br\/2022\/wp-json\/wp\/v2\/users\/2"}],"replies":[{"embeddable":true,"href":"https:\/\/regiaonews.net.br\/2022\/wp-json\/wp\/v2\/comments?post=86703"}],"version-history":[{"count":1,"href":"https:\/\/regiaonews.net.br\/2022\/wp-json\/wp\/v2\/posts\/86703\/revisions"}],"predecessor-version":[{"id":86704,"href":"https:\/\/regiaonews.net.br\/2022\/wp-json\/wp\/v2\/posts\/86703\/revisions\/86704"}],"wp:featuredmedia":[{"embeddable":true,"href":"https:\/\/regiaonews.net.br\/2022\/wp-json\/wp\/v2\/media\/5533"}],"wp:attachment":[{"href":"https:\/\/regiaonews.net.br\/2022\/wp-json\/wp\/v2\/media?parent=86703"}],"wp:term":[{"taxonomy":"category","embeddable":true,"href":"https:\/\/regiaonews.net.br\/2022\/wp-json\/wp\/v2\/categories?post=86703"},{"taxonomy":"post_tag","embeddable":true,"href":"https:\/\/regiaonews.net.br\/2022\/wp-json\/wp\/v2\/tags?post=86703"}],"curies":[{"name":"wp","href":"https:\/\/api.w.org\/{rel}","templated":true}]}}