{"id":86616,"date":"2023-04-14T10:22:02","date_gmt":"2023-04-14T13:22:02","guid":{"rendered":"https:\/\/regiaonews.net.br\/2022\/?p=86616"},"modified":"2023-04-14T11:08:34","modified_gmt":"2023-04-14T14:08:34","slug":"defesa-civil-de-colombia-acompanha-manutencao-na-ponte-do-rio-grande","status":"publish","type":"post","link":"https:\/\/regiaonews.net.br\/2022\/2023\/04\/14\/defesa-civil-de-colombia-acompanha-manutencao-na-ponte-do-rio-grande\/","title":{"rendered":"Defesa Civil de Col\u00f4mbia acompanha manuten\u00e7\u00e3o na ponte do  Rio Grande"},"content":{"rendered":"<p>Ap\u00f3s todos os movimentos envolvendo paulistas e mineiros, a ponte Gumercindo Penteado sobre o Rio Grande na liga\u00e7\u00e3o entre os estados de S\u00e3o Paulo e Minas Gerais, recebeu at\u00e9 o momento apenas alguns reparos considerados paliativos. A informa\u00e7\u00e3o foi passada pela superintendente da Defesa Civil de Col\u00f4mbia, Maria In\u00e1cia Macedo Freitas, que explicou que a ponte recebeu apenas um tapa-buraco na pista de rolamento existente nos 600 metros da ponte. \u201cEstamos aguardando o in\u00edcio das obras por parte do DNIT que est\u00e1 prevista para este final de abril para restaura\u00e7\u00e3o do guard-rail, leito carro\u00e7\u00e1vel e reconstru\u00e7\u00e3o das passarelas que est\u00e3o destru\u00eddas\u201d, explicou Maria In\u00e1cia.<br \/>\nOutra informa\u00e7\u00f5es passada pelo DNIT \u00e9 sobre a instala\u00e7\u00e3o de um radar do lado mineiro para redu\u00e7\u00e3o da velocidade. \u201cAt\u00e9 agora n\u00e3o movimenta\u00e7\u00e3o e estamos no aguardo\u201d,\u00a0explicou.<\/p>\n","protected":false},"excerpt":{"rendered":"<p>Ap\u00f3s todos os movimentos envolvendo paulistas e mineiros, a ponte<\/p>\n","protected":false},"author":2,"featured_media":7943,"comment_status":"open","ping_status":"open","sticky":false,"template":"","format":"standard","meta":{"footnotes":""},"categories":[6,3],"tags":[],"class_list":["post-86616","post","type-post","status-publish","format-standard","has-post-thumbnail","hentry","category-colombia","category-geral"],"yoast_head":"<!-- This site is optimized with the Yoast SEO plugin v27.4 - https:\/\/yoast.com\/product\/yoast-seo-wordpress\/ -->\n<title>Defesa Civil de Col\u00f4mbia acompanha manuten\u00e7\u00e3o na ponte do Rio Grande - Regi\u00e3o News<\/title>\n<meta name=\"robots\" content=\"index, follow, max-snippet:-1, max-image-preview:large, max-video-preview:-1\" \/>\n<link rel=\"canonical\" href=\"https:\/\/regiaonews.net.br\/2022\/2023\/04\/14\/defesa-civil-de-colombia-acompanha-manutencao-na-ponte-do-rio-grande\/\" \/>\n<meta property=\"og:locale\" content=\"pt_BR\" \/>\n<meta property=\"og:type\" content=\"article\" \/>\n<meta property=\"og:title\" content=\"Defesa Civil de Col\u00f4mbia acompanha manuten\u00e7\u00e3o na ponte do Rio Grande - Regi\u00e3o News\" \/>\n<meta property=\"og:description\" content=\"Ap\u00f3s todos os movimentos envolvendo paulistas e mineiros, a ponte\" \/>\n<meta property=\"og:url\" content=\"https:\/\/regiaonews.net.br\/2022\/2023\/04\/14\/defesa-civil-de-colombia-acompanha-manutencao-na-ponte-do-rio-grande\/\" \/>\n<meta property=\"og:site_name\" content=\"Regi\u00e3o News\" \/>\n<meta property=\"article:published_time\" content=\"2023-04-14T13:22:02+00:00\" \/>\n<meta property=\"article:modified_time\" content=\"2023-04-14T14:08:34+00:00\" \/>\n<meta property=\"og:image\" content=\"https:\/\/regiaonews.net.br\/2022\/wp-content\/uploads\/2017\/09\/Rio-grande-Maria-In\u00e1cia-2.jpg\" \/>\n\t<meta property=\"og:image:width\" content=\"960\" \/>\n\t<meta property=\"og:image:height\" content=\"720\" \/>\n\t<meta property=\"og:image:type\" content=\"image\/jpeg\" \/>\n<meta name=\"author\" content=\"Roberto\" \/>\n<meta name=\"twitter:card\" content=\"summary_large_image\" \/>\n<meta name=\"twitter:label1\" content=\"Escrito por\" \/>\n\t<meta name=\"twitter:data1\" content=\"Roberto\" \/>\n\t<meta name=\"twitter:label2\" content=\"Est. tempo de leitura\" \/>\n\t<meta name=\"twitter:data2\" content=\"1 minuto\" \/>\n<script type=\"application\/ld+json\" class=\"yoast-schema-graph\">{\"@context\":\"https:\\\/\\\/schema.org\",\"@graph\":[{\"@type\":\"Article\",\"@id\":\"https:\\\/\\\/regiaonews.net.br\\\/2022\\\/2023\\\/04\\\/14\\\/defesa-civil-de-colombia-acompanha-manutencao-na-ponte-do-rio-grande\\\/#article\",\"isPartOf\":{\"@id\":\"https:\\\/\\\/regiaonews.net.br\\\/2022\\\/2023\\\/04\\\/14\\\/defesa-civil-de-colombia-acompanha-manutencao-na-ponte-do-rio-grande\\\/\"},\"author\":{\"name\":\"Roberto\",\"@id\":\"https:\\\/\\\/regiaonews.net.br\\\/2022\\\/#\\\/schema\\\/person\\\/2d205a608a5aa97ac279d7a5e6d89ad8\"},\"headline\":\"Defesa Civil de Col\u00f4mbia acompanha manuten\u00e7\u00e3o na ponte do Rio Grande\",\"datePublished\":\"2023-04-14T13:22:02+00:00\",\"dateModified\":\"2023-04-14T14:08:34+00:00\",\"mainEntityOfPage\":{\"@id\":\"https:\\\/\\\/regiaonews.net.br\\\/2022\\\/2023\\\/04\\\/14\\\/defesa-civil-de-colombia-acompanha-manutencao-na-ponte-do-rio-grande\\\/\"},\"wordCount\":161,\"commentCount\":0,\"publisher\":{\"@id\":\"https:\\\/\\\/regiaonews.net.br\\\/2022\\\/#organization\"},\"image\":{\"@id\":\"https:\\\/\\\/regiaonews.net.br\\\/2022\\\/2023\\\/04\\\/14\\\/defesa-civil-de-colombia-acompanha-manutencao-na-ponte-do-rio-grande\\\/#primaryimage\"},\"thumbnailUrl\":\"https:\\\/\\\/regiaonews.net.br\\\/2022\\\/wp-content\\\/uploads\\\/2017\\\/09\\\/Rio-grande-Maria-In\u00e1cia-2.jpg\",\"articleSection\":[\"Col\u00f4mbia\",\"Geral\"],\"inLanguage\":\"pt-BR\",\"potentialAction\":[{\"@type\":\"CommentAction\",\"name\":\"Comment\",\"target\":[\"https:\\\/\\\/regiaonews.net.br\\\/2022\\\/2023\\\/04\\\/14\\\/defesa-civil-de-colombia-acompanha-manutencao-na-ponte-do-rio-grande\\\/#respond\"]}]},{\"@type\":\"WebPage\",\"@id\":\"https:\\\/\\\/regiaonews.net.br\\\/2022\\\/2023\\\/04\\\/14\\\/defesa-civil-de-colombia-acompanha-manutencao-na-ponte-do-rio-grande\\\/\",\"url\":\"https:\\\/\\\/regiaonews.net.br\\\/2022\\\/2023\\\/04\\\/14\\\/defesa-civil-de-colombia-acompanha-manutencao-na-ponte-do-rio-grande\\\/\",\"name\":\"Defesa Civil de Col\u00f4mbia acompanha manuten\u00e7\u00e3o na ponte do Rio Grande - Regi\u00e3o News\",\"isPartOf\":{\"@id\":\"https:\\\/\\\/regiaonews.net.br\\\/2022\\\/#website\"},\"primaryImageOfPage\":{\"@id\":\"https:\\\/\\\/regiaonews.net.br\\\/2022\\\/2023\\\/04\\\/14\\\/defesa-civil-de-colombia-acompanha-manutencao-na-ponte-do-rio-grande\\\/#primaryimage\"},\"image\":{\"@id\":\"https:\\\/\\\/regiaonews.net.br\\\/2022\\\/2023\\\/04\\\/14\\\/defesa-civil-de-colombia-acompanha-manutencao-na-ponte-do-rio-grande\\\/#primaryimage\"},\"thumbnailUrl\":\"https:\\\/\\\/regiaonews.net.br\\\/2022\\\/wp-content\\\/uploads\\\/2017\\\/09\\\/Rio-grande-Maria-In\u00e1cia-2.jpg\",\"datePublished\":\"2023-04-14T13:22:02+00:00\",\"dateModified\":\"2023-04-14T14:08:34+00:00\",\"breadcrumb\":{\"@id\":\"https:\\\/\\\/regiaonews.net.br\\\/2022\\\/2023\\\/04\\\/14\\\/defesa-civil-de-colombia-acompanha-manutencao-na-ponte-do-rio-grande\\\/#breadcrumb\"},\"inLanguage\":\"pt-BR\",\"potentialAction\":[{\"@type\":\"ReadAction\",\"target\":[\"https:\\\/\\\/regiaonews.net.br\\\/2022\\\/2023\\\/04\\\/14\\\/defesa-civil-de-colombia-acompanha-manutencao-na-ponte-do-rio-grande\\\/\"]}]},{\"@type\":\"ImageObject\",\"inLanguage\":\"pt-BR\",\"@id\":\"https:\\\/\\\/regiaonews.net.br\\\/2022\\\/2023\\\/04\\\/14\\\/defesa-civil-de-colombia-acompanha-manutencao-na-ponte-do-rio-grande\\\/#primaryimage\",\"url\":\"https:\\\/\\\/regiaonews.net.br\\\/2022\\\/wp-content\\\/uploads\\\/2017\\\/09\\\/Rio-grande-Maria-In\u00e1cia-2.jpg\",\"contentUrl\":\"https:\\\/\\\/regiaonews.net.br\\\/2022\\\/wp-content\\\/uploads\\\/2017\\\/09\\\/Rio-grande-Maria-In\u00e1cia-2.jpg\",\"width\":960,\"height\":720},{\"@type\":\"BreadcrumbList\",\"@id\":\"https:\\\/\\\/regiaonews.net.br\\\/2022\\\/2023\\\/04\\\/14\\\/defesa-civil-de-colombia-acompanha-manutencao-na-ponte-do-rio-grande\\\/#breadcrumb\",\"itemListElement\":[{\"@type\":\"ListItem\",\"position\":1,\"name\":\"In\u00edcio\",\"item\":\"https:\\\/\\\/regiaonews.net.br\\\/2022\\\/\"},{\"@type\":\"ListItem\",\"position\":2,\"name\":\"Defesa Civil de Col\u00f4mbia acompanha manuten\u00e7\u00e3o na ponte do Rio Grande\"}]},{\"@type\":\"WebSite\",\"@id\":\"https:\\\/\\\/regiaonews.net.br\\\/2022\\\/#website\",\"url\":\"https:\\\/\\\/regiaonews.net.br\\\/2022\\\/\",\"name\":\"Regi\u00e3o News\",\"description\":\"Site de Not\u00edcias de Barretos e regi\u00e3o\",\"publisher\":{\"@id\":\"https:\\\/\\\/regiaonews.net.br\\\/2022\\\/#organization\"},\"potentialAction\":[{\"@type\":\"SearchAction\",\"target\":{\"@type\":\"EntryPoint\",\"urlTemplate\":\"https:\\\/\\\/regiaonews.net.br\\\/2022\\\/?s={search_term_string}\"},\"query-input\":{\"@type\":\"PropertyValueSpecification\",\"valueRequired\":true,\"valueName\":\"search_term_string\"}}],\"inLanguage\":\"pt-BR\"},{\"@type\":\"Organization\",\"@id\":\"https:\\\/\\\/regiaonews.net.br\\\/2022\\\/#organization\",\"name\":\"Regi\u00e3o News\",\"url\":\"https:\\\/\\\/regiaonews.net.br\\\/2022\\\/\",\"logo\":{\"@type\":\"ImageObject\",\"inLanguage\":\"pt-BR\",\"@id\":\"https:\\\/\\\/regiaonews.net.br\\\/2022\\\/#\\\/schema\\\/logo\\\/image\\\/\",\"url\":\"https:\\\/\\\/regiaonews.net.br\\\/2022\\\/wp-content\\\/uploads\\\/2026\\\/03\\\/regiao-13-anos-scaled.jpg\",\"contentUrl\":\"https:\\\/\\\/regiaonews.net.br\\\/2022\\\/wp-content\\\/uploads\\\/2026\\\/03\\\/regiao-13-anos-scaled.jpg\",\"width\":2560,\"height\":635,\"caption\":\"Regi\u00e3o News\"},\"image\":{\"@id\":\"https:\\\/\\\/regiaonews.net.br\\\/2022\\\/#\\\/schema\\\/logo\\\/image\\\/\"}},{\"@type\":\"Person\",\"@id\":\"https:\\\/\\\/regiaonews.net.br\\\/2022\\\/#\\\/schema\\\/person\\\/2d205a608a5aa97ac279d7a5e6d89ad8\",\"name\":\"Roberto\",\"image\":{\"@type\":\"ImageObject\",\"inLanguage\":\"pt-BR\",\"@id\":\"https:\\\/\\\/secure.gravatar.com\\\/avatar\\\/42749d8b712ff9d59ca93dc150494e5b55a44134482993f5baeb97e61b7ecc89?s=96&d=mm&r=g\",\"url\":\"https:\\\/\\\/secure.gravatar.com\\\/avatar\\\/42749d8b712ff9d59ca93dc150494e5b55a44134482993f5baeb97e61b7ecc89?s=96&d=mm&r=g\",\"contentUrl\":\"https:\\\/\\\/secure.gravatar.com\\\/avatar\\\/42749d8b712ff9d59ca93dc150494e5b55a44134482993f5baeb97e61b7ecc89?s=96&d=mm&r=g\",\"caption\":\"Roberto\"},\"url\":\"https:\\\/\\\/regiaonews.net.br\\\/2022\\\/author\\\/roberto\\\/\"}]}<\/script>\n<!-- \/ Yoast SEO plugin. -->","yoast_head_json":{"title":"Defesa Civil de Col\u00f4mbia acompanha manuten\u00e7\u00e3o na ponte do Rio Grande - Regi\u00e3o News","robots":{"index":"index","follow":"follow","max-snippet":"max-snippet:-1","max-image-preview":"max-image-preview:large","max-video-preview":"max-video-preview:-1"},"canonical":"https:\/\/regiaonews.net.br\/2022\/2023\/04\/14\/defesa-civil-de-colombia-acompanha-manutencao-na-ponte-do-rio-grande\/","og_locale":"pt_BR","og_type":"article","og_title":"Defesa Civil de Col\u00f4mbia acompanha manuten\u00e7\u00e3o na ponte do Rio Grande - Regi\u00e3o News","og_description":"Ap\u00f3s todos os movimentos envolvendo paulistas e mineiros, a ponte","og_url":"https:\/\/regiaonews.net.br\/2022\/2023\/04\/14\/defesa-civil-de-colombia-acompanha-manutencao-na-ponte-do-rio-grande\/","og_site_name":"Regi\u00e3o News","article_published_time":"2023-04-14T13:22:02+00:00","article_modified_time":"2023-04-14T14:08:34+00:00","og_image":[{"width":960,"height":720,"url":"https:\/\/regiaonews.net.br\/2022\/wp-content\/uploads\/2017\/09\/Rio-grande-Maria-In\u00e1cia-2.jpg","type":"image\/jpeg"}],"author":"Roberto","twitter_card":"summary_large_image","twitter_misc":{"Escrito por":"Roberto","Est. tempo de leitura":"1 minuto"},"schema":{"@context":"https:\/\/schema.org","@graph":[{"@type":"Article","@id":"https:\/\/regiaonews.net.br\/2022\/2023\/04\/14\/defesa-civil-de-colombia-acompanha-manutencao-na-ponte-do-rio-grande\/#article","isPartOf":{"@id":"https:\/\/regiaonews.net.br\/2022\/2023\/04\/14\/defesa-civil-de-colombia-acompanha-manutencao-na-ponte-do-rio-grande\/"},"author":{"name":"Roberto","@id":"https:\/\/regiaonews.net.br\/2022\/#\/schema\/person\/2d205a608a5aa97ac279d7a5e6d89ad8"},"headline":"Defesa Civil de Col\u00f4mbia acompanha manuten\u00e7\u00e3o na ponte do Rio Grande","datePublished":"2023-04-14T13:22:02+00:00","dateModified":"2023-04-14T14:08:34+00:00","mainEntityOfPage":{"@id":"https:\/\/regiaonews.net.br\/2022\/2023\/04\/14\/defesa-civil-de-colombia-acompanha-manutencao-na-ponte-do-rio-grande\/"},"wordCount":161,"commentCount":0,"publisher":{"@id":"https:\/\/regiaonews.net.br\/2022\/#organization"},"image":{"@id":"https:\/\/regiaonews.net.br\/2022\/2023\/04\/14\/defesa-civil-de-colombia-acompanha-manutencao-na-ponte-do-rio-grande\/#primaryimage"},"thumbnailUrl":"https:\/\/regiaonews.net.br\/2022\/wp-content\/uploads\/2017\/09\/Rio-grande-Maria-In\u00e1cia-2.jpg","articleSection":["Col\u00f4mbia","Geral"],"inLanguage":"pt-BR","potentialAction":[{"@type":"CommentAction","name":"Comment","target":["https:\/\/regiaonews.net.br\/2022\/2023\/04\/14\/defesa-civil-de-colombia-acompanha-manutencao-na-ponte-do-rio-grande\/#respond"]}]},{"@type":"WebPage","@id":"https:\/\/regiaonews.net.br\/2022\/2023\/04\/14\/defesa-civil-de-colombia-acompanha-manutencao-na-ponte-do-rio-grande\/","url":"https:\/\/regiaonews.net.br\/2022\/2023\/04\/14\/defesa-civil-de-colombia-acompanha-manutencao-na-ponte-do-rio-grande\/","name":"Defesa Civil de Col\u00f4mbia acompanha manuten\u00e7\u00e3o na ponte do Rio Grande - Regi\u00e3o News","isPartOf":{"@id":"https:\/\/regiaonews.net.br\/2022\/#website"},"primaryImageOfPage":{"@id":"https:\/\/regiaonews.net.br\/2022\/2023\/04\/14\/defesa-civil-de-colombia-acompanha-manutencao-na-ponte-do-rio-grande\/#primaryimage"},"image":{"@id":"https:\/\/regiaonews.net.br\/2022\/2023\/04\/14\/defesa-civil-de-colombia-acompanha-manutencao-na-ponte-do-rio-grande\/#primaryimage"},"thumbnailUrl":"https:\/\/regiaonews.net.br\/2022\/wp-content\/uploads\/2017\/09\/Rio-grande-Maria-In\u00e1cia-2.jpg","datePublished":"2023-04-14T13:22:02+00:00","dateModified":"2023-04-14T14:08:34+00:00","breadcrumb":{"@id":"https:\/\/regiaonews.net.br\/2022\/2023\/04\/14\/defesa-civil-de-colombia-acompanha-manutencao-na-ponte-do-rio-grande\/#breadcrumb"},"inLanguage":"pt-BR","potentialAction":[{"@type":"ReadAction","target":["https:\/\/regiaonews.net.br\/2022\/2023\/04\/14\/defesa-civil-de-colombia-acompanha-manutencao-na-ponte-do-rio-grande\/"]}]},{"@type":"ImageObject","inLanguage":"pt-BR","@id":"https:\/\/regiaonews.net.br\/2022\/2023\/04\/14\/defesa-civil-de-colombia-acompanha-manutencao-na-ponte-do-rio-grande\/#primaryimage","url":"https:\/\/regiaonews.net.br\/2022\/wp-content\/uploads\/2017\/09\/Rio-grande-Maria-In\u00e1cia-2.jpg","contentUrl":"https:\/\/regiaonews.net.br\/2022\/wp-content\/uploads\/2017\/09\/Rio-grande-Maria-In\u00e1cia-2.jpg","width":960,"height":720},{"@type":"BreadcrumbList","@id":"https:\/\/regiaonews.net.br\/2022\/2023\/04\/14\/defesa-civil-de-colombia-acompanha-manutencao-na-ponte-do-rio-grande\/#breadcrumb","itemListElement":[{"@type":"ListItem","position":1,"name":"In\u00edcio","item":"https:\/\/regiaonews.net.br\/2022\/"},{"@type":"ListItem","position":2,"name":"Defesa Civil de Col\u00f4mbia acompanha manuten\u00e7\u00e3o na ponte do Rio Grande"}]},{"@type":"WebSite","@id":"https:\/\/regiaonews.net.br\/2022\/#website","url":"https:\/\/regiaonews.net.br\/2022\/","name":"Regi\u00e3o News","description":"Site de Not\u00edcias de Barretos e regi\u00e3o","publisher":{"@id":"https:\/\/regiaonews.net.br\/2022\/#organization"},"potentialAction":[{"@type":"SearchAction","target":{"@type":"EntryPoint","urlTemplate":"https:\/\/regiaonews.net.br\/2022\/?s={search_term_string}"},"query-input":{"@type":"PropertyValueSpecification","valueRequired":true,"valueName":"search_term_string"}}],"inLanguage":"pt-BR"},{"@type":"Organization","@id":"https:\/\/regiaonews.net.br\/2022\/#organization","name":"Regi\u00e3o News","url":"https:\/\/regiaonews.net.br\/2022\/","logo":{"@type":"ImageObject","inLanguage":"pt-BR","@id":"https:\/\/regiaonews.net.br\/2022\/#\/schema\/logo\/image\/","url":"https:\/\/regiaonews.net.br\/2022\/wp-content\/uploads\/2026\/03\/regiao-13-anos-scaled.jpg","contentUrl":"https:\/\/regiaonews.net.br\/2022\/wp-content\/uploads\/2026\/03\/regiao-13-anos-scaled.jpg","width":2560,"height":635,"caption":"Regi\u00e3o News"},"image":{"@id":"https:\/\/regiaonews.net.br\/2022\/#\/schema\/logo\/image\/"}},{"@type":"Person","@id":"https:\/\/regiaonews.net.br\/2022\/#\/schema\/person\/2d205a608a5aa97ac279d7a5e6d89ad8","name":"Roberto","image":{"@type":"ImageObject","inLanguage":"pt-BR","@id":"https:\/\/secure.gravatar.com\/avatar\/42749d8b712ff9d59ca93dc150494e5b55a44134482993f5baeb97e61b7ecc89?s=96&d=mm&r=g","url":"https:\/\/secure.gravatar.com\/avatar\/42749d8b712ff9d59ca93dc150494e5b55a44134482993f5baeb97e61b7ecc89?s=96&d=mm&r=g","contentUrl":"https:\/\/secure.gravatar.com\/avatar\/42749d8b712ff9d59ca93dc150494e5b55a44134482993f5baeb97e61b7ecc89?s=96&d=mm&r=g","caption":"Roberto"},"url":"https:\/\/regiaonews.net.br\/2022\/author\/roberto\/"}]}},"publishpress_future_action":{"enabled":false,"date":"2026-05-02 04:57:56","action":"change-status","newStatus":"draft","terms":[],"taxonomy":"category","extraData":[]},"publishpress_future_workflow_manual_trigger":{"enabledWorkflows":[]},"_links":{"self":[{"href":"https:\/\/regiaonews.net.br\/2022\/wp-json\/wp\/v2\/posts\/86616","targetHints":{"allow":["GET"]}}],"collection":[{"href":"https:\/\/regiaonews.net.br\/2022\/wp-json\/wp\/v2\/posts"}],"about":[{"href":"https:\/\/regiaonews.net.br\/2022\/wp-json\/wp\/v2\/types\/post"}],"author":[{"embeddable":true,"href":"https:\/\/regiaonews.net.br\/2022\/wp-json\/wp\/v2\/users\/2"}],"replies":[{"embeddable":true,"href":"https:\/\/regiaonews.net.br\/2022\/wp-json\/wp\/v2\/comments?post=86616"}],"version-history":[{"count":1,"href":"https:\/\/regiaonews.net.br\/2022\/wp-json\/wp\/v2\/posts\/86616\/revisions"}],"predecessor-version":[{"id":86617,"href":"https:\/\/regiaonews.net.br\/2022\/wp-json\/wp\/v2\/posts\/86616\/revisions\/86617"}],"wp:featuredmedia":[{"embeddable":true,"href":"https:\/\/regiaonews.net.br\/2022\/wp-json\/wp\/v2\/media\/7943"}],"wp:attachment":[{"href":"https:\/\/regiaonews.net.br\/2022\/wp-json\/wp\/v2\/media?parent=86616"}],"wp:term":[{"taxonomy":"category","embeddable":true,"href":"https:\/\/regiaonews.net.br\/2022\/wp-json\/wp\/v2\/categories?post=86616"},{"taxonomy":"post_tag","embeddable":true,"href":"https:\/\/regiaonews.net.br\/2022\/wp-json\/wp\/v2\/tags?post=86616"}],"curies":[{"name":"wp","href":"https:\/\/api.w.org\/{rel}","templated":true}]}}