{"id":86543,"date":"2023-04-12T11:17:27","date_gmt":"2023-04-12T14:17:27","guid":{"rendered":"https:\/\/regiaonews.net.br\/2022\/?p=86543"},"modified":"2023-04-12T11:17:27","modified_gmt":"2023-04-12T14:17:27","slug":"biblioteca-do-unifeb-recebe-exposicao-retratando-a-vida-com-obras-de-alciony-menegaz","status":"publish","type":"post","link":"https:\/\/regiaonews.net.br\/2022\/2023\/04\/12\/biblioteca-do-unifeb-recebe-exposicao-retratando-a-vida-com-obras-de-alciony-menegaz\/","title":{"rendered":"Biblioteca do UNIFEB recebe exposi\u00e7\u00e3o \u201cRetratando a Vida\u201d com obras de Alciony Menegaz"},"content":{"rendered":"<h3 style=\"text-align: center;\"><b>A mostra \u00e9 organizada pelo NAC (N\u00facleo de Apoio Cultural) do Centro Universit\u00e1rio em parceria com a artista pl\u00e1stica tamb\u00e9m respons\u00e1vel pela curadoria das obras expostas.<\/b><\/h3>\n<p>A Biblioteca \u201cProf. Roberto Rossi Zuccolo\u201d do UNIFEB (Centro Universit\u00e1rio da Funda\u00e7\u00e3o Educacional de Barretos) \u00e9 palco de uma exposi\u00e7\u00e3o impec\u00e1vel produzida pela artista pl\u00e1stica e cantora Alciony Menegaz. Sob o nome \u201cRetratando a Vida\u201d, a mostra apresenta 24 obras criadas em aquarela. A visita\u00e7\u00e3o est\u00e1 aberta at\u00e9 o pr\u00f3ximo dia 29 de abril e a entrada \u00e9 gratuita.<\/p>\n<p>A exposi\u00e7\u00e3o \u00e9 organizada pelo NAC (N\u00facleo de Apoio Cultural) do Centro Universit\u00e1rio respons\u00e1vel por fomentar a cultura na institui\u00e7\u00e3o. Segundo Alciony Menegaz, que tamb\u00e9m foi a curadora da exposi\u00e7\u00e3o, o convite para expor suas obras chegou num momento importante da sua vida. \u201cEu estava me recuperando de um luto, de uma depress\u00e3o e meus filhos me incentivaram a voltar a pintar, para que eu sentisse o prazer de novamente me entregar \u00e0 essa arte. Como se fosse um toque de m\u00e1gica recebi o convite do UNIFEB, justamente para a cidade do meu cora\u00e7\u00e3o. Foi muito emocionante para mim, porque voc\u00eas n\u00e3o podem imaginar o quanto amo Barretos. Foi um presente!\u201d, disse emocionada.<\/p>\n<p>Sobre o estilo das obras, a artista ressalta que tamb\u00e9m trabalha com \u00f3leo sobre tela e acr\u00edlico sobre tela, mas desta vez preferiu a aquarela retratando cenas do cotidiano ou mesmo paisagens. \u201cNa aquarela a obra deve estar fixada em molduras de vidro, j\u00e1 que se trata de um trabalho de tinta sobre papel. \u00c9 uma t\u00e9cnica um pouco complicada e delicada, mas \u00e9 a que mais gosto\u201d, enfatiza.<\/p>\n<p>Em rela\u00e7\u00e3o \u00e0s fontes de inspira\u00e7\u00e3o, Alciony diz que busca cenas que toquem seu cora\u00e7\u00e3o, seja no imagin\u00e1rio ou mesmo naquilo que transmite emo\u00e7\u00e3o a ela, que induza \u00e0 cria\u00e7\u00e3o. \u201cPensei em expor somente aquarelas com retratos de crian\u00e7as, mas depois resolvi tamb\u00e9m reportar cenas de trabalhadores carregando sacas, senhora rezando, paisagens, flores, marinas, uma garota se maquiando, entre outras\u201d, destacou.<\/p>\n<p>A mostra \u201cRetratando a Vida\u201d pode ser conferida de segunda a sexta-feira, das 8h \u00e0s 22h, e aos s\u00e1bados, das 8h \u00e0s 12h. Lembrando que a Biblioteca do UNIFEB \u00e9 aberta gratuitamente \u00e0 toda comunidade para visita\u00e7\u00e3o e acesso ao acervo.<\/p>\n<p><b>SOBRE A ARTISTA\u00a0<\/b><\/p>\n<p>Alciony Menegaz \u00e9 uma cantora barretense que ao se casar foi morar na cidade paulista de Itapecerica da Serra, onde tamb\u00e9m come\u00e7ou a pintar. Depois, ao mudar-se para Ribeir\u00e3o Preto em 1988, tamb\u00e9m passou a escrever. Ela j\u00e1 participou de v\u00e1rias antologias e tamb\u00e9m lan\u00e7ou um livro de poemas e cr\u00f4nicas intitulado \u201cLampejos na Madrugada\u201d. Hoje ela integra a ALAB (Academia de Letras e Artes de Barretos) e a ALARP (Academia de Letras e Artes de Ribeir\u00e3o Preto). A artista multifacetada ressalta que n\u00e3o consegue escolher qual sua arte predileta e que transita tranquilamente entre a escrita, a pintura e a m\u00fasica.<\/p>\n<p><i>Outras informa\u00e7\u00f5es podem ser obtidas pelo site\u00a0do\u00a0<\/i><br \/>\n<a href=\"http:\/\/www.unifeb.edu.br\/\" target=\"_blank\" rel=\"noopener\" data-saferedirecturl=\"https:\/\/www.google.com\/url?q=http:\/\/www.unifeb.edu.br\/&amp;source=gmail&amp;ust=1681395226074000&amp;usg=AOvVaw3Pded1Zw9rx2S5rqzgywl9\"><i>UNIFEB<\/i><\/a><i>\u00a0e aproveite para seguir o Centro Universit\u00e1rio pelas redes sociais:\u00a0<\/i>\u00a0\u00a0\u00a0\u00a0\u00a0\u00a0 \u00a0 \u00a0 \u00a0 \u00a0 \u00a0 \u00a0 \u00a0\u00a0\u00a0\u00a0\u00a0\u00a0\u00a0\u00a0\u00a0\u00a0\u00a0\u00a0\u00a0\u00a0\u00a0\u00a0\u00a0\u00a0\u00a0\u00a0\u00a0\u00a0\u00a0\u00a0\u00a0\u00a0\u00a0\u00a0\u00a0\u00a0<wbr \/>\u00a0\u00a0\u00a0\u00a0\u00a0\u00a0\u00a0\u00a0\u00a0\u00a0\u00a0\u00a0\u00a0\u00a0\u00a0\u00a0\u00a0\u00a0\u00a0\u00a0\u00a0\u00a0\u00a0\u00a0\u00a0\u00a0\u00a0\u00a0\u00a0\u00a0<wbr \/><\/p>\n<p>\u00b7\u00a0\u00a0<b>Instagram<\/b>: @unifeb_barretos\u00a0\u00a0\u00a0\u00a0\u00a0\u00a0\u00a0\u00a0\u00a0\u00a0\u00a0\u00a0\u00a0\u00a0<wbr \/>\u00a0\u00a0\u00a0\u00a0\u00a0\u00a0\u00a0\u00a0\u00a0\u00a0\u00a0\u00a0\u00a0\u00a0\u00a0\u00a0\u00a0\u00a0\u00a0\u00a0\u00a0\u00a0\u00a0\u00a0\u00a0\u00a0\u00a0\u00a0\u00a0\u00a0<wbr \/>\u00a0\u00a0\u00a0\u00a0\u00a0\u00a0\u00a0\u00a0\u00a0\u00a0\u00a0\u00a0\u00a0\u00a0\u00a0\u00a0\u00a0\u00a0\u00a0\u00a0\u00a0\u00a0\u00a0\u00a0\u00a0\u00a0\u00a0\u00a0\u00a0\u00a0<wbr \/><\/p>\n<p>\u00b7\u00a0\u00a0<b>Facebook<\/b>:\u00a0UnifebBarretos\u00a0\u00a0\u00a0<wbr \/>\u00a0\u00a0\u00a0\u00a0\u00a0\u00a0\u00a0\u00a0\u00a0\u00a0\u00a0\u00a0\u00a0\u00a0\u00a0\u00a0\u00a0\u00a0\u00a0\u00a0\u00a0\u00a0\u00a0\u00a0\u00a0\u00a0\u00a0\u00a0\u00a0\u00a0<wbr \/>\u00a0\u00a0\u00a0\u00a0\u00a0\u00a0\u00a0\u00a0\u00a0\u00a0\u00a0\u00a0\u00a0\u00a0\u00a0\u00a0\u00a0\u00a0\u00a0\u00a0\u00a0\u00a0\u00a0\u00a0\u00a0\u00a0\u00a0\u00a0\u00a0\u00a0<wbr \/><\/p>\n<p>\u00b7\u00a0\u00a0<b>Twitter<\/b>: @Unifeb_Barretos\u00a0\u00a0\u00a0\u00a0\u00a0\u00a0\u00a0\u00a0\u00a0\u00a0\u00a0\u00a0\u00a0\u00a0<wbr \/>\u00a0\u00a0\u00a0\u00a0\u00a0\u00a0\u00a0\u00a0\u00a0\u00a0\u00a0\u00a0\u00a0\u00a0\u00a0\u00a0\u00a0\u00a0\u00a0\u00a0\u00a0\u00a0\u00a0\u00a0\u00a0\u00a0\u00a0\u00a0\u00a0\u00a0<wbr \/>\u00a0\u00a0\u00a0\u00a0\u00a0\u00a0\u00a0\u00a0\u00a0\u00a0\u00a0\u00a0\u00a0\u00a0\u00a0\u00a0\u00a0\u00a0\u00a0\u00a0\u00a0\u00a0\u00a0\u00a0\u00a0\u00a0\u00a0\u00a0\u00a0\u00a0<wbr \/><\/p>\n<p>\u00b7\u00a0\u00a0<b>TikTok<\/b>:\u00a0unifeb.barretos\u00a0\u00a0\u00a0\u00a0<wbr \/>\u00a0\u00a0\u00a0\u00a0\u00a0\u00a0\u00a0\u00a0\u00a0\u00a0\u00a0\u00a0\u00a0\u00a0\u00a0\u00a0\u00a0\u00a0\u00a0\u00a0\u00a0\u00a0\u00a0\u00a0\u00a0\u00a0\u00a0\u00a0\u00a0\u00a0<wbr \/>\u00a0\u00a0\u00a0\u00a0\u00a0\u00a0\u00a0\u00a0\u00a0\u00a0\u00a0\u00a0\u00a0\u00a0\u00a0\u00a0\u00a0\u00a0\u00a0\u00a0\u00a0\u00a0\u00a0\u00a0\u00a0\u00a0\u00a0\u00a0\u00a0\u00a0<wbr \/><\/p>\n<p>\u00b7\u00a0\u00a0<b>YouTube<\/b>:\u00a0UnifebBarretos\u00a0\u00a0\u00a0\u00a0<wbr \/>\u00a0\u00a0\u00a0\u00a0\u00a0\u00a0\u00a0\u00a0\u00a0\u00a0\u00a0\u00a0\u00a0\u00a0\u00a0\u00a0\u00a0\u00a0\u00a0\u00a0\u00a0\u00a0\u00a0\u00a0\u00a0\u00a0\u00a0\u00a0\u00a0\u00a0<wbr \/><\/p>\n<p>\u00b7\u00a0\u00a0<b>WhatsApp<\/b>: (17) 99199-6890<\/p>\n","protected":false},"excerpt":{"rendered":"<p>A mostra \u00e9 organizada pelo NAC (N\u00facleo de Apoio Cultural)<\/p>\n","protected":false},"author":2,"featured_media":86545,"comment_status":"open","ping_status":"open","sticky":false,"template":"","format":"standard","meta":{"footnotes":""},"categories":[14,3],"tags":[],"class_list":["post-86543","post","type-post","status-publish","format-standard","has-post-thumbnail","hentry","category-barretos","category-geral"],"yoast_head":"<!-- This site is optimized with the Yoast SEO plugin v27.4 - https:\/\/yoast.com\/product\/yoast-seo-wordpress\/ -->\n<title>Biblioteca do UNIFEB recebe exposi\u00e7\u00e3o \u201cRetratando a Vida\u201d com obras de Alciony Menegaz - Regi\u00e3o News<\/title>\n<meta name=\"robots\" content=\"index, follow, max-snippet:-1, max-image-preview:large, max-video-preview:-1\" \/>\n<link rel=\"canonical\" href=\"https:\/\/regiaonews.net.br\/2022\/2023\/04\/12\/biblioteca-do-unifeb-recebe-exposicao-retratando-a-vida-com-obras-de-alciony-menegaz\/\" \/>\n<meta property=\"og:locale\" content=\"pt_BR\" \/>\n<meta property=\"og:type\" content=\"article\" \/>\n<meta property=\"og:title\" content=\"Biblioteca do UNIFEB recebe exposi\u00e7\u00e3o \u201cRetratando a Vida\u201d com obras de Alciony Menegaz - Regi\u00e3o News\" \/>\n<meta property=\"og:description\" content=\"A mostra \u00e9 organizada pelo NAC (N\u00facleo de Apoio Cultural)\" \/>\n<meta property=\"og:url\" content=\"https:\/\/regiaonews.net.br\/2022\/2023\/04\/12\/biblioteca-do-unifeb-recebe-exposicao-retratando-a-vida-com-obras-de-alciony-menegaz\/\" \/>\n<meta property=\"og:site_name\" content=\"Regi\u00e3o News\" \/>\n<meta property=\"article:published_time\" content=\"2023-04-12T14:17:27+00:00\" \/>\n<meta property=\"og:image\" content=\"https:\/\/regiaonews.net.br\/2022\/wp-content\/uploads\/2023\/04\/Alciony-Menegaz-1-scaled.jpg\" \/>\n\t<meta property=\"og:image:width\" content=\"2560\" \/>\n\t<meta property=\"og:image:height\" content=\"1920\" \/>\n\t<meta property=\"og:image:type\" content=\"image\/jpeg\" \/>\n<meta name=\"author\" content=\"Roberto\" \/>\n<meta name=\"twitter:card\" content=\"summary_large_image\" \/>\n<meta name=\"twitter:label1\" content=\"Escrito por\" \/>\n\t<meta name=\"twitter:data1\" content=\"Roberto\" \/>\n\t<meta name=\"twitter:label2\" content=\"Est. tempo de leitura\" \/>\n\t<meta name=\"twitter:data2\" content=\"3 minutos\" \/>\n<script type=\"application\/ld+json\" class=\"yoast-schema-graph\">{\"@context\":\"https:\\\/\\\/schema.org\",\"@graph\":[{\"@type\":\"Article\",\"@id\":\"https:\\\/\\\/regiaonews.net.br\\\/2022\\\/2023\\\/04\\\/12\\\/biblioteca-do-unifeb-recebe-exposicao-retratando-a-vida-com-obras-de-alciony-menegaz\\\/#article\",\"isPartOf\":{\"@id\":\"https:\\\/\\\/regiaonews.net.br\\\/2022\\\/2023\\\/04\\\/12\\\/biblioteca-do-unifeb-recebe-exposicao-retratando-a-vida-com-obras-de-alciony-menegaz\\\/\"},\"author\":{\"name\":\"Roberto\",\"@id\":\"https:\\\/\\\/regiaonews.net.br\\\/2022\\\/#\\\/schema\\\/person\\\/2d205a608a5aa97ac279d7a5e6d89ad8\"},\"headline\":\"Biblioteca do UNIFEB recebe exposi\u00e7\u00e3o \u201cRetratando a Vida\u201d com obras de Alciony Menegaz\",\"datePublished\":\"2023-04-12T14:17:27+00:00\",\"mainEntityOfPage\":{\"@id\":\"https:\\\/\\\/regiaonews.net.br\\\/2022\\\/2023\\\/04\\\/12\\\/biblioteca-do-unifeb-recebe-exposicao-retratando-a-vida-com-obras-de-alciony-menegaz\\\/\"},\"wordCount\":558,\"commentCount\":0,\"publisher\":{\"@id\":\"https:\\\/\\\/regiaonews.net.br\\\/2022\\\/#organization\"},\"image\":{\"@id\":\"https:\\\/\\\/regiaonews.net.br\\\/2022\\\/2023\\\/04\\\/12\\\/biblioteca-do-unifeb-recebe-exposicao-retratando-a-vida-com-obras-de-alciony-menegaz\\\/#primaryimage\"},\"thumbnailUrl\":\"https:\\\/\\\/regiaonews.net.br\\\/2022\\\/wp-content\\\/uploads\\\/2023\\\/04\\\/Alciony-Menegaz-1-scaled.jpg\",\"articleSection\":[\"Barretos\",\"Geral\"],\"inLanguage\":\"pt-BR\",\"potentialAction\":[{\"@type\":\"CommentAction\",\"name\":\"Comment\",\"target\":[\"https:\\\/\\\/regiaonews.net.br\\\/2022\\\/2023\\\/04\\\/12\\\/biblioteca-do-unifeb-recebe-exposicao-retratando-a-vida-com-obras-de-alciony-menegaz\\\/#respond\"]}]},{\"@type\":\"WebPage\",\"@id\":\"https:\\\/\\\/regiaonews.net.br\\\/2022\\\/2023\\\/04\\\/12\\\/biblioteca-do-unifeb-recebe-exposicao-retratando-a-vida-com-obras-de-alciony-menegaz\\\/\",\"url\":\"https:\\\/\\\/regiaonews.net.br\\\/2022\\\/2023\\\/04\\\/12\\\/biblioteca-do-unifeb-recebe-exposicao-retratando-a-vida-com-obras-de-alciony-menegaz\\\/\",\"name\":\"Biblioteca do UNIFEB recebe exposi\u00e7\u00e3o \u201cRetratando a Vida\u201d com obras de Alciony Menegaz - Regi\u00e3o News\",\"isPartOf\":{\"@id\":\"https:\\\/\\\/regiaonews.net.br\\\/2022\\\/#website\"},\"primaryImageOfPage\":{\"@id\":\"https:\\\/\\\/regiaonews.net.br\\\/2022\\\/2023\\\/04\\\/12\\\/biblioteca-do-unifeb-recebe-exposicao-retratando-a-vida-com-obras-de-alciony-menegaz\\\/#primaryimage\"},\"image\":{\"@id\":\"https:\\\/\\\/regiaonews.net.br\\\/2022\\\/2023\\\/04\\\/12\\\/biblioteca-do-unifeb-recebe-exposicao-retratando-a-vida-com-obras-de-alciony-menegaz\\\/#primaryimage\"},\"thumbnailUrl\":\"https:\\\/\\\/regiaonews.net.br\\\/2022\\\/wp-content\\\/uploads\\\/2023\\\/04\\\/Alciony-Menegaz-1-scaled.jpg\",\"datePublished\":\"2023-04-12T14:17:27+00:00\",\"breadcrumb\":{\"@id\":\"https:\\\/\\\/regiaonews.net.br\\\/2022\\\/2023\\\/04\\\/12\\\/biblioteca-do-unifeb-recebe-exposicao-retratando-a-vida-com-obras-de-alciony-menegaz\\\/#breadcrumb\"},\"inLanguage\":\"pt-BR\",\"potentialAction\":[{\"@type\":\"ReadAction\",\"target\":[\"https:\\\/\\\/regiaonews.net.br\\\/2022\\\/2023\\\/04\\\/12\\\/biblioteca-do-unifeb-recebe-exposicao-retratando-a-vida-com-obras-de-alciony-menegaz\\\/\"]}]},{\"@type\":\"ImageObject\",\"inLanguage\":\"pt-BR\",\"@id\":\"https:\\\/\\\/regiaonews.net.br\\\/2022\\\/2023\\\/04\\\/12\\\/biblioteca-do-unifeb-recebe-exposicao-retratando-a-vida-com-obras-de-alciony-menegaz\\\/#primaryimage\",\"url\":\"https:\\\/\\\/regiaonews.net.br\\\/2022\\\/wp-content\\\/uploads\\\/2023\\\/04\\\/Alciony-Menegaz-1-scaled.jpg\",\"contentUrl\":\"https:\\\/\\\/regiaonews.net.br\\\/2022\\\/wp-content\\\/uploads\\\/2023\\\/04\\\/Alciony-Menegaz-1-scaled.jpg\",\"width\":2560,\"height\":1920},{\"@type\":\"BreadcrumbList\",\"@id\":\"https:\\\/\\\/regiaonews.net.br\\\/2022\\\/2023\\\/04\\\/12\\\/biblioteca-do-unifeb-recebe-exposicao-retratando-a-vida-com-obras-de-alciony-menegaz\\\/#breadcrumb\",\"itemListElement\":[{\"@type\":\"ListItem\",\"position\":1,\"name\":\"In\u00edcio\",\"item\":\"https:\\\/\\\/regiaonews.net.br\\\/2022\\\/\"},{\"@type\":\"ListItem\",\"position\":2,\"name\":\"Biblioteca do UNIFEB recebe exposi\u00e7\u00e3o \u201cRetratando a Vida\u201d com obras de Alciony Menegaz\"}]},{\"@type\":\"WebSite\",\"@id\":\"https:\\\/\\\/regiaonews.net.br\\\/2022\\\/#website\",\"url\":\"https:\\\/\\\/regiaonews.net.br\\\/2022\\\/\",\"name\":\"Regi\u00e3o News\",\"description\":\"Site de Not\u00edcias de Barretos e regi\u00e3o\",\"publisher\":{\"@id\":\"https:\\\/\\\/regiaonews.net.br\\\/2022\\\/#organization\"},\"potentialAction\":[{\"@type\":\"SearchAction\",\"target\":{\"@type\":\"EntryPoint\",\"urlTemplate\":\"https:\\\/\\\/regiaonews.net.br\\\/2022\\\/?s={search_term_string}\"},\"query-input\":{\"@type\":\"PropertyValueSpecification\",\"valueRequired\":true,\"valueName\":\"search_term_string\"}}],\"inLanguage\":\"pt-BR\"},{\"@type\":\"Organization\",\"@id\":\"https:\\\/\\\/regiaonews.net.br\\\/2022\\\/#organization\",\"name\":\"Regi\u00e3o News\",\"url\":\"https:\\\/\\\/regiaonews.net.br\\\/2022\\\/\",\"logo\":{\"@type\":\"ImageObject\",\"inLanguage\":\"pt-BR\",\"@id\":\"https:\\\/\\\/regiaonews.net.br\\\/2022\\\/#\\\/schema\\\/logo\\\/image\\\/\",\"url\":\"https:\\\/\\\/regiaonews.net.br\\\/2022\\\/wp-content\\\/uploads\\\/2026\\\/03\\\/regiao-13-anos-scaled.jpg\",\"contentUrl\":\"https:\\\/\\\/regiaonews.net.br\\\/2022\\\/wp-content\\\/uploads\\\/2026\\\/03\\\/regiao-13-anos-scaled.jpg\",\"width\":2560,\"height\":635,\"caption\":\"Regi\u00e3o News\"},\"image\":{\"@id\":\"https:\\\/\\\/regiaonews.net.br\\\/2022\\\/#\\\/schema\\\/logo\\\/image\\\/\"}},{\"@type\":\"Person\",\"@id\":\"https:\\\/\\\/regiaonews.net.br\\\/2022\\\/#\\\/schema\\\/person\\\/2d205a608a5aa97ac279d7a5e6d89ad8\",\"name\":\"Roberto\",\"image\":{\"@type\":\"ImageObject\",\"inLanguage\":\"pt-BR\",\"@id\":\"https:\\\/\\\/secure.gravatar.com\\\/avatar\\\/42749d8b712ff9d59ca93dc150494e5b55a44134482993f5baeb97e61b7ecc89?s=96&d=mm&r=g\",\"url\":\"https:\\\/\\\/secure.gravatar.com\\\/avatar\\\/42749d8b712ff9d59ca93dc150494e5b55a44134482993f5baeb97e61b7ecc89?s=96&d=mm&r=g\",\"contentUrl\":\"https:\\\/\\\/secure.gravatar.com\\\/avatar\\\/42749d8b712ff9d59ca93dc150494e5b55a44134482993f5baeb97e61b7ecc89?s=96&d=mm&r=g\",\"caption\":\"Roberto\"},\"url\":\"https:\\\/\\\/regiaonews.net.br\\\/2022\\\/author\\\/roberto\\\/\"}]}<\/script>\n<!-- \/ Yoast SEO plugin. -->","yoast_head_json":{"title":"Biblioteca do UNIFEB recebe exposi\u00e7\u00e3o \u201cRetratando a Vida\u201d com obras de Alciony Menegaz - Regi\u00e3o News","robots":{"index":"index","follow":"follow","max-snippet":"max-snippet:-1","max-image-preview":"max-image-preview:large","max-video-preview":"max-video-preview:-1"},"canonical":"https:\/\/regiaonews.net.br\/2022\/2023\/04\/12\/biblioteca-do-unifeb-recebe-exposicao-retratando-a-vida-com-obras-de-alciony-menegaz\/","og_locale":"pt_BR","og_type":"article","og_title":"Biblioteca do UNIFEB recebe exposi\u00e7\u00e3o \u201cRetratando a Vida\u201d com obras de Alciony Menegaz - Regi\u00e3o News","og_description":"A mostra \u00e9 organizada pelo NAC (N\u00facleo de Apoio Cultural)","og_url":"https:\/\/regiaonews.net.br\/2022\/2023\/04\/12\/biblioteca-do-unifeb-recebe-exposicao-retratando-a-vida-com-obras-de-alciony-menegaz\/","og_site_name":"Regi\u00e3o News","article_published_time":"2023-04-12T14:17:27+00:00","og_image":[{"width":2560,"height":1920,"url":"https:\/\/regiaonews.net.br\/2022\/wp-content\/uploads\/2023\/04\/Alciony-Menegaz-1-scaled.jpg","type":"image\/jpeg"}],"author":"Roberto","twitter_card":"summary_large_image","twitter_misc":{"Escrito por":"Roberto","Est. tempo de leitura":"3 minutos"},"schema":{"@context":"https:\/\/schema.org","@graph":[{"@type":"Article","@id":"https:\/\/regiaonews.net.br\/2022\/2023\/04\/12\/biblioteca-do-unifeb-recebe-exposicao-retratando-a-vida-com-obras-de-alciony-menegaz\/#article","isPartOf":{"@id":"https:\/\/regiaonews.net.br\/2022\/2023\/04\/12\/biblioteca-do-unifeb-recebe-exposicao-retratando-a-vida-com-obras-de-alciony-menegaz\/"},"author":{"name":"Roberto","@id":"https:\/\/regiaonews.net.br\/2022\/#\/schema\/person\/2d205a608a5aa97ac279d7a5e6d89ad8"},"headline":"Biblioteca do UNIFEB recebe exposi\u00e7\u00e3o \u201cRetratando a Vida\u201d com obras de Alciony Menegaz","datePublished":"2023-04-12T14:17:27+00:00","mainEntityOfPage":{"@id":"https:\/\/regiaonews.net.br\/2022\/2023\/04\/12\/biblioteca-do-unifeb-recebe-exposicao-retratando-a-vida-com-obras-de-alciony-menegaz\/"},"wordCount":558,"commentCount":0,"publisher":{"@id":"https:\/\/regiaonews.net.br\/2022\/#organization"},"image":{"@id":"https:\/\/regiaonews.net.br\/2022\/2023\/04\/12\/biblioteca-do-unifeb-recebe-exposicao-retratando-a-vida-com-obras-de-alciony-menegaz\/#primaryimage"},"thumbnailUrl":"https:\/\/regiaonews.net.br\/2022\/wp-content\/uploads\/2023\/04\/Alciony-Menegaz-1-scaled.jpg","articleSection":["Barretos","Geral"],"inLanguage":"pt-BR","potentialAction":[{"@type":"CommentAction","name":"Comment","target":["https:\/\/regiaonews.net.br\/2022\/2023\/04\/12\/biblioteca-do-unifeb-recebe-exposicao-retratando-a-vida-com-obras-de-alciony-menegaz\/#respond"]}]},{"@type":"WebPage","@id":"https:\/\/regiaonews.net.br\/2022\/2023\/04\/12\/biblioteca-do-unifeb-recebe-exposicao-retratando-a-vida-com-obras-de-alciony-menegaz\/","url":"https:\/\/regiaonews.net.br\/2022\/2023\/04\/12\/biblioteca-do-unifeb-recebe-exposicao-retratando-a-vida-com-obras-de-alciony-menegaz\/","name":"Biblioteca do UNIFEB recebe exposi\u00e7\u00e3o \u201cRetratando a Vida\u201d com obras de Alciony Menegaz - Regi\u00e3o News","isPartOf":{"@id":"https:\/\/regiaonews.net.br\/2022\/#website"},"primaryImageOfPage":{"@id":"https:\/\/regiaonews.net.br\/2022\/2023\/04\/12\/biblioteca-do-unifeb-recebe-exposicao-retratando-a-vida-com-obras-de-alciony-menegaz\/#primaryimage"},"image":{"@id":"https:\/\/regiaonews.net.br\/2022\/2023\/04\/12\/biblioteca-do-unifeb-recebe-exposicao-retratando-a-vida-com-obras-de-alciony-menegaz\/#primaryimage"},"thumbnailUrl":"https:\/\/regiaonews.net.br\/2022\/wp-content\/uploads\/2023\/04\/Alciony-Menegaz-1-scaled.jpg","datePublished":"2023-04-12T14:17:27+00:00","breadcrumb":{"@id":"https:\/\/regiaonews.net.br\/2022\/2023\/04\/12\/biblioteca-do-unifeb-recebe-exposicao-retratando-a-vida-com-obras-de-alciony-menegaz\/#breadcrumb"},"inLanguage":"pt-BR","potentialAction":[{"@type":"ReadAction","target":["https:\/\/regiaonews.net.br\/2022\/2023\/04\/12\/biblioteca-do-unifeb-recebe-exposicao-retratando-a-vida-com-obras-de-alciony-menegaz\/"]}]},{"@type":"ImageObject","inLanguage":"pt-BR","@id":"https:\/\/regiaonews.net.br\/2022\/2023\/04\/12\/biblioteca-do-unifeb-recebe-exposicao-retratando-a-vida-com-obras-de-alciony-menegaz\/#primaryimage","url":"https:\/\/regiaonews.net.br\/2022\/wp-content\/uploads\/2023\/04\/Alciony-Menegaz-1-scaled.jpg","contentUrl":"https:\/\/regiaonews.net.br\/2022\/wp-content\/uploads\/2023\/04\/Alciony-Menegaz-1-scaled.jpg","width":2560,"height":1920},{"@type":"BreadcrumbList","@id":"https:\/\/regiaonews.net.br\/2022\/2023\/04\/12\/biblioteca-do-unifeb-recebe-exposicao-retratando-a-vida-com-obras-de-alciony-menegaz\/#breadcrumb","itemListElement":[{"@type":"ListItem","position":1,"name":"In\u00edcio","item":"https:\/\/regiaonews.net.br\/2022\/"},{"@type":"ListItem","position":2,"name":"Biblioteca do UNIFEB recebe exposi\u00e7\u00e3o \u201cRetratando a Vida\u201d com obras de Alciony Menegaz"}]},{"@type":"WebSite","@id":"https:\/\/regiaonews.net.br\/2022\/#website","url":"https:\/\/regiaonews.net.br\/2022\/","name":"Regi\u00e3o News","description":"Site de Not\u00edcias de Barretos e regi\u00e3o","publisher":{"@id":"https:\/\/regiaonews.net.br\/2022\/#organization"},"potentialAction":[{"@type":"SearchAction","target":{"@type":"EntryPoint","urlTemplate":"https:\/\/regiaonews.net.br\/2022\/?s={search_term_string}"},"query-input":{"@type":"PropertyValueSpecification","valueRequired":true,"valueName":"search_term_string"}}],"inLanguage":"pt-BR"},{"@type":"Organization","@id":"https:\/\/regiaonews.net.br\/2022\/#organization","name":"Regi\u00e3o News","url":"https:\/\/regiaonews.net.br\/2022\/","logo":{"@type":"ImageObject","inLanguage":"pt-BR","@id":"https:\/\/regiaonews.net.br\/2022\/#\/schema\/logo\/image\/","url":"https:\/\/regiaonews.net.br\/2022\/wp-content\/uploads\/2026\/03\/regiao-13-anos-scaled.jpg","contentUrl":"https:\/\/regiaonews.net.br\/2022\/wp-content\/uploads\/2026\/03\/regiao-13-anos-scaled.jpg","width":2560,"height":635,"caption":"Regi\u00e3o News"},"image":{"@id":"https:\/\/regiaonews.net.br\/2022\/#\/schema\/logo\/image\/"}},{"@type":"Person","@id":"https:\/\/regiaonews.net.br\/2022\/#\/schema\/person\/2d205a608a5aa97ac279d7a5e6d89ad8","name":"Roberto","image":{"@type":"ImageObject","inLanguage":"pt-BR","@id":"https:\/\/secure.gravatar.com\/avatar\/42749d8b712ff9d59ca93dc150494e5b55a44134482993f5baeb97e61b7ecc89?s=96&d=mm&r=g","url":"https:\/\/secure.gravatar.com\/avatar\/42749d8b712ff9d59ca93dc150494e5b55a44134482993f5baeb97e61b7ecc89?s=96&d=mm&r=g","contentUrl":"https:\/\/secure.gravatar.com\/avatar\/42749d8b712ff9d59ca93dc150494e5b55a44134482993f5baeb97e61b7ecc89?s=96&d=mm&r=g","caption":"Roberto"},"url":"https:\/\/regiaonews.net.br\/2022\/author\/roberto\/"}]}},"publishpress_future_action":{"enabled":false,"date":"2026-05-03 15:34:36","action":"change-status","newStatus":"draft","terms":[],"taxonomy":"category","extraData":[]},"publishpress_future_workflow_manual_trigger":{"enabledWorkflows":[]},"_links":{"self":[{"href":"https:\/\/regiaonews.net.br\/2022\/wp-json\/wp\/v2\/posts\/86543","targetHints":{"allow":["GET"]}}],"collection":[{"href":"https:\/\/regiaonews.net.br\/2022\/wp-json\/wp\/v2\/posts"}],"about":[{"href":"https:\/\/regiaonews.net.br\/2022\/wp-json\/wp\/v2\/types\/post"}],"author":[{"embeddable":true,"href":"https:\/\/regiaonews.net.br\/2022\/wp-json\/wp\/v2\/users\/2"}],"replies":[{"embeddable":true,"href":"https:\/\/regiaonews.net.br\/2022\/wp-json\/wp\/v2\/comments?post=86543"}],"version-history":[{"count":1,"href":"https:\/\/regiaonews.net.br\/2022\/wp-json\/wp\/v2\/posts\/86543\/revisions"}],"predecessor-version":[{"id":86546,"href":"https:\/\/regiaonews.net.br\/2022\/wp-json\/wp\/v2\/posts\/86543\/revisions\/86546"}],"wp:featuredmedia":[{"embeddable":true,"href":"https:\/\/regiaonews.net.br\/2022\/wp-json\/wp\/v2\/media\/86545"}],"wp:attachment":[{"href":"https:\/\/regiaonews.net.br\/2022\/wp-json\/wp\/v2\/media?parent=86543"}],"wp:term":[{"taxonomy":"category","embeddable":true,"href":"https:\/\/regiaonews.net.br\/2022\/wp-json\/wp\/v2\/categories?post=86543"},{"taxonomy":"post_tag","embeddable":true,"href":"https:\/\/regiaonews.net.br\/2022\/wp-json\/wp\/v2\/tags?post=86543"}],"curies":[{"name":"wp","href":"https:\/\/api.w.org\/{rel}","templated":true}]}}