{"id":86534,"date":"2023-04-12T10:50:07","date_gmt":"2023-04-12T13:50:07","guid":{"rendered":"https:\/\/regiaonews.net.br\/2022\/?p=86534"},"modified":"2023-04-12T10:50:07","modified_gmt":"2023-04-12T13:50:07","slug":"mais-de-600-alunos-da-rede-publica-de-olimpia-participam-do-projeto-educacao-no-parque-2023","status":"publish","type":"post","link":"https:\/\/regiaonews.net.br\/2022\/2023\/04\/12\/mais-de-600-alunos-da-rede-publica-de-olimpia-participam-do-projeto-educacao-no-parque-2023\/","title":{"rendered":"Mais de 600 alunos da rede p\u00fablica de Ol\u00edmpia participam do projeto Educa\u00e7\u00e3o no Parque 2023"},"content":{"rendered":"<h3 style=\"text-align: center;\">Programa do Thermas Social em parceria com a Secretaria de Educa\u00e7\u00e3o e Prefeitura tem in\u00edcio no pr\u00f3ximo dia 17 de abril.<\/h3>\n<div>O Thermas dos Laranjais, o parque aqu\u00e1tico mais visitado da Am\u00e9rica Latina, inicia neste m\u00eas de abril o projeto\u00a0<strong>Educa\u00e7\u00e3o no Parque 2023<\/strong>, iniciativa do Thermas Social em parceria com a Secretaria Municipal de Educa\u00e7\u00e3o e a Prefeitura de Ol\u00edmpia.<\/div>\n<div><\/div>\n<div>Mais de 600 alunos do 5\u00ba ano da rede p\u00fablica de ensino dever\u00e3o participar do projeto este ano, come\u00e7ando dia 17 de abril, pela escola Theodomiro da Silva Melo, e encerrando dia 02 de junho, com a escola Dona Luiza Seno (veja o cronograma completo abaixo).<\/div>\n<div><\/div>\n<div>Criado em 2017, o Educa\u00e7\u00e3o no Parque consiste em um programa de visitas guiadas dos alunos pelo parque, onde eles t\u00eam a oportunidade de conhecer a estrutura e os projetos mantidos pelo Thermas, ao mesmo tempo que aprendem sobre a import\u00e2ncia de temas como sustentabilidade e conscientiza\u00e7\u00e3o ambiental.<\/div>\n<div><\/div>\n<div>O passeio inclui, por exemplo, a Esta\u00e7\u00e3o de Tratamento de \u00c1gua do parque, que processa mais de 7,5 milh\u00f5es de litros de \u00e1gua por dia, e a \u201cfazendinha\u201d e o minizoo, que abrigam mais de 260 animais de 41 esp\u00e9cies.<\/div>\n<div><\/div>\n<div>Ap\u00f3s as visitas, os alunos s\u00e3o estimulados a participar de um concurso cultural a partir de temas j\u00e1 pr\u00e9-definidos, com premia\u00e7\u00f5es de tablets e notebooks, no m\u00eas de agosto. Em 2022, as turmas escreveram poesias inspiradas pelo tema \u201cO Thermas e a sustentabilidade como aliados no seu futuro\u201d.<\/div>\n<div><\/div>\n<div>\u201cPara n\u00f3s, \u00e9 um privil\u00e9gio poder, de alguma forma, contribuir para a forma\u00e7\u00e3o de cidad\u00e3os mais conscientes sobre a import\u00e2ncia de contribuir desde cedo para um futuro melhor e sustent\u00e1vel para todos. Al\u00e9m de incentivar a leitura e a escrita \u2013 claro, sempre com muita divers\u00e3o, como \u00e9 a nossa caracter\u00edstica\u201d, afirma Jorge Noronha, presidente do Thermas dos Laranjais.<\/div>\n<div><\/div>\n<div><strong>Sobre o Thermas dos Laranjais<\/strong><\/div>\n<div><\/div>\n<div>Localizado na Est\u00e2ncia Tur\u00edstica de Ol\u00edmpia, no interior de S\u00e3o Paulo, o Thermas dos Laranjais \u00e9 o parque aqu\u00e1tico mais visitado da Am\u00e9rica Latina e o primeiro do Brasil a aderir aos princ\u00edpios do Pacto Global e aos Objetivos de Desenvolvimento Sustent\u00e1vel (ODS) da ONU. S\u00e3o mais de 55 atra\u00e7\u00f5es para todas as idades, com diversos complexos de tobo\u00e1guas, montanha-russa aqu\u00e1tica, duas praias artificiais, piscinas de surfe, sonol\u00eancia e ressurg\u00eancia, rio de correnteza, \u00e1rea kids e parque infantil, entre outras, abastecidas por \u00e1guas quentes naturais. Principal respons\u00e1vel pelo desenvolvimento do turismo na regi\u00e3o, o parque, inaugurado em 1987, funciona os 365 dias do ano e emprega mais de 500 colaboradores diretos.<\/div>\n<div><\/div>\n<div><strong>Conhe\u00e7a o Thermas dos Laranjais:<\/strong><\/div>\n<div>Site:\u00a0<a href=\"http:\/\/www.termas.com.br\/\" target=\"_blank\" rel=\"noopener\" data-saferedirecturl=\"https:\/\/www.google.com\/url?q=http:\/\/www.termas.com.br&amp;source=gmail&amp;ust=1681393713007000&amp;usg=AOvVaw0kOUKgH7pmWjPY3NGBxmLH\">www.termas.com.br<\/a><\/div>\n<div>Nas redes sociais: @thermasdoslaranjaisoficial<\/div>\n<div>Telefone: (17) 3279-3500<\/div>\n<div><\/div>\n<div><strong>Cronograma de Visitas<\/strong><\/div>\n<div><\/div>\n<div>17\/04 \u2013 EMEB Theodomiro da Silva Melo<\/div>\n<div>19\/04 \u2013 EMEB Santo Seno<\/div>\n<div>24\/04 \u2013 EMEB Joaquim Miguel dos Santos<\/div>\n<div>24\/04 \u2013 EMEB Prof\u00aa Zenaide Rugai Fonseca<\/div>\n<div>26\/04 \u2013 EMEB Prof\u00ba Maur\u00edcio Cesar Alves Pereira<\/div>\n<div>03\/05 \u2013 EMEB Prof\u00ba Jos\u00e9 Sant\u2019Anna<\/div>\n<div>05\/05 \u2013 EMEB Santo Seno<\/div>\n<div>15\/05 \u2013 EMEB Jardim H\u00e9lio Cazarini<\/div>\n<div>17\/05 \u2013 EMEB Washington Junqueira Franco<\/div>\n<div>19\/05 \u2013 EMEB Joaquim Miguel dos Santos<\/div>\n<div>22\/05 \u2013 EMEB Prof\u00ba Reinaldo Zanin<\/div>\n<div>24\/05 \u2013 EMEB Dona Luiza Seno<\/div>\n<div>26\/05 \u2013 EMEB Prof\u00ba Maur\u00edcio Cesar Alves Pereira<\/div>\n<div>02\/06 \u2013 EMEB Dona Luiza Seno<\/div>\n<div><\/div>\n<div><strong>Mais informa\u00e7\u00f5es para a imprensa:<\/strong><\/div>\n<div><em>Comunic Comunica\u00e7\u00e3o Estrat\u00e9gica<\/em><\/div>\n<div>Igor Galante (17) 99791-1216<\/div>\n<div>Victor Augusto (17) 99182-6188<\/div>\n<div><a href=\"mailto:thermas@comunic.com.br\" target=\"_blank\" rel=\"noopener\">thermas@comunic.com.br<\/a><\/div>\n","protected":false},"excerpt":{"rendered":"<p>Programa do Thermas Social em parceria com a Secretaria de<\/p>\n","protected":false},"author":2,"featured_media":86535,"comment_status":"open","ping_status":"open","sticky":false,"template":"","format":"standard","meta":{"footnotes":""},"categories":[3,178],"tags":[],"class_list":["post-86534","post","type-post","status-publish","format-standard","has-post-thumbnail","hentry","category-geral","category-olimpia-2"],"yoast_head":"<!-- This site is optimized with the Yoast SEO plugin v27.4 - https:\/\/yoast.com\/product\/yoast-seo-wordpress\/ -->\n<title>Mais de 600 alunos da rede p\u00fablica de Ol\u00edmpia participam do projeto Educa\u00e7\u00e3o no Parque 2023 - Regi\u00e3o News<\/title>\n<meta name=\"robots\" content=\"index, follow, max-snippet:-1, max-image-preview:large, max-video-preview:-1\" \/>\n<link rel=\"canonical\" href=\"https:\/\/regiaonews.net.br\/2022\/2023\/04\/12\/mais-de-600-alunos-da-rede-publica-de-olimpia-participam-do-projeto-educacao-no-parque-2023\/\" \/>\n<meta property=\"og:locale\" content=\"pt_BR\" \/>\n<meta property=\"og:type\" content=\"article\" \/>\n<meta property=\"og:title\" content=\"Mais de 600 alunos da rede p\u00fablica de Ol\u00edmpia participam do projeto Educa\u00e7\u00e3o no Parque 2023 - Regi\u00e3o News\" \/>\n<meta property=\"og:description\" content=\"Programa do Thermas Social em parceria com a Secretaria de\" \/>\n<meta property=\"og:url\" content=\"https:\/\/regiaonews.net.br\/2022\/2023\/04\/12\/mais-de-600-alunos-da-rede-publica-de-olimpia-participam-do-projeto-educacao-no-parque-2023\/\" \/>\n<meta property=\"og:site_name\" content=\"Regi\u00e3o News\" \/>\n<meta property=\"article:published_time\" content=\"2023-04-12T13:50:07+00:00\" \/>\n<meta property=\"og:image\" content=\"https:\/\/regiaonews.net.br\/2022\/wp-content\/uploads\/2023\/04\/Aerea-Rogerio-Parra-2-1024x576.png\" \/>\n\t<meta property=\"og:image:width\" content=\"1024\" \/>\n\t<meta property=\"og:image:height\" content=\"576\" \/>\n\t<meta property=\"og:image:type\" content=\"image\/png\" \/>\n<meta name=\"author\" content=\"Roberto\" \/>\n<meta name=\"twitter:card\" content=\"summary_large_image\" \/>\n<meta name=\"twitter:label1\" content=\"Escrito por\" \/>\n\t<meta name=\"twitter:data1\" content=\"Roberto\" \/>\n\t<meta name=\"twitter:label2\" content=\"Est. tempo de leitura\" \/>\n\t<meta name=\"twitter:data2\" content=\"3 minutos\" \/>\n<script type=\"application\/ld+json\" class=\"yoast-schema-graph\">{\"@context\":\"https:\\\/\\\/schema.org\",\"@graph\":[{\"@type\":\"Article\",\"@id\":\"https:\\\/\\\/regiaonews.net.br\\\/2022\\\/2023\\\/04\\\/12\\\/mais-de-600-alunos-da-rede-publica-de-olimpia-participam-do-projeto-educacao-no-parque-2023\\\/#article\",\"isPartOf\":{\"@id\":\"https:\\\/\\\/regiaonews.net.br\\\/2022\\\/2023\\\/04\\\/12\\\/mais-de-600-alunos-da-rede-publica-de-olimpia-participam-do-projeto-educacao-no-parque-2023\\\/\"},\"author\":{\"name\":\"Roberto\",\"@id\":\"https:\\\/\\\/regiaonews.net.br\\\/2022\\\/#\\\/schema\\\/person\\\/2d205a608a5aa97ac279d7a5e6d89ad8\"},\"headline\":\"Mais de 600 alunos da rede p\u00fablica de Ol\u00edmpia participam do projeto Educa\u00e7\u00e3o no Parque 2023\",\"datePublished\":\"2023-04-12T13:50:07+00:00\",\"mainEntityOfPage\":{\"@id\":\"https:\\\/\\\/regiaonews.net.br\\\/2022\\\/2023\\\/04\\\/12\\\/mais-de-600-alunos-da-rede-publica-de-olimpia-participam-do-projeto-educacao-no-parque-2023\\\/\"},\"wordCount\":572,\"commentCount\":0,\"publisher\":{\"@id\":\"https:\\\/\\\/regiaonews.net.br\\\/2022\\\/#organization\"},\"image\":{\"@id\":\"https:\\\/\\\/regiaonews.net.br\\\/2022\\\/2023\\\/04\\\/12\\\/mais-de-600-alunos-da-rede-publica-de-olimpia-participam-do-projeto-educacao-no-parque-2023\\\/#primaryimage\"},\"thumbnailUrl\":\"https:\\\/\\\/regiaonews.net.br\\\/2022\\\/wp-content\\\/uploads\\\/2023\\\/04\\\/Aerea-Rogerio-Parra-2.png\",\"articleSection\":[\"Geral\",\"Ol\u00edmpia\"],\"inLanguage\":\"pt-BR\",\"potentialAction\":[{\"@type\":\"CommentAction\",\"name\":\"Comment\",\"target\":[\"https:\\\/\\\/regiaonews.net.br\\\/2022\\\/2023\\\/04\\\/12\\\/mais-de-600-alunos-da-rede-publica-de-olimpia-participam-do-projeto-educacao-no-parque-2023\\\/#respond\"]}]},{\"@type\":\"WebPage\",\"@id\":\"https:\\\/\\\/regiaonews.net.br\\\/2022\\\/2023\\\/04\\\/12\\\/mais-de-600-alunos-da-rede-publica-de-olimpia-participam-do-projeto-educacao-no-parque-2023\\\/\",\"url\":\"https:\\\/\\\/regiaonews.net.br\\\/2022\\\/2023\\\/04\\\/12\\\/mais-de-600-alunos-da-rede-publica-de-olimpia-participam-do-projeto-educacao-no-parque-2023\\\/\",\"name\":\"Mais de 600 alunos da rede p\u00fablica de Ol\u00edmpia participam do projeto Educa\u00e7\u00e3o no Parque 2023 - Regi\u00e3o News\",\"isPartOf\":{\"@id\":\"https:\\\/\\\/regiaonews.net.br\\\/2022\\\/#website\"},\"primaryImageOfPage\":{\"@id\":\"https:\\\/\\\/regiaonews.net.br\\\/2022\\\/2023\\\/04\\\/12\\\/mais-de-600-alunos-da-rede-publica-de-olimpia-participam-do-projeto-educacao-no-parque-2023\\\/#primaryimage\"},\"image\":{\"@id\":\"https:\\\/\\\/regiaonews.net.br\\\/2022\\\/2023\\\/04\\\/12\\\/mais-de-600-alunos-da-rede-publica-de-olimpia-participam-do-projeto-educacao-no-parque-2023\\\/#primaryimage\"},\"thumbnailUrl\":\"https:\\\/\\\/regiaonews.net.br\\\/2022\\\/wp-content\\\/uploads\\\/2023\\\/04\\\/Aerea-Rogerio-Parra-2.png\",\"datePublished\":\"2023-04-12T13:50:07+00:00\",\"breadcrumb\":{\"@id\":\"https:\\\/\\\/regiaonews.net.br\\\/2022\\\/2023\\\/04\\\/12\\\/mais-de-600-alunos-da-rede-publica-de-olimpia-participam-do-projeto-educacao-no-parque-2023\\\/#breadcrumb\"},\"inLanguage\":\"pt-BR\",\"potentialAction\":[{\"@type\":\"ReadAction\",\"target\":[\"https:\\\/\\\/regiaonews.net.br\\\/2022\\\/2023\\\/04\\\/12\\\/mais-de-600-alunos-da-rede-publica-de-olimpia-participam-do-projeto-educacao-no-parque-2023\\\/\"]}]},{\"@type\":\"ImageObject\",\"inLanguage\":\"pt-BR\",\"@id\":\"https:\\\/\\\/regiaonews.net.br\\\/2022\\\/2023\\\/04\\\/12\\\/mais-de-600-alunos-da-rede-publica-de-olimpia-participam-do-projeto-educacao-no-parque-2023\\\/#primaryimage\",\"url\":\"https:\\\/\\\/regiaonews.net.br\\\/2022\\\/wp-content\\\/uploads\\\/2023\\\/04\\\/Aerea-Rogerio-Parra-2.png\",\"contentUrl\":\"https:\\\/\\\/regiaonews.net.br\\\/2022\\\/wp-content\\\/uploads\\\/2023\\\/04\\\/Aerea-Rogerio-Parra-2.png\",\"width\":1920,\"height\":1080},{\"@type\":\"BreadcrumbList\",\"@id\":\"https:\\\/\\\/regiaonews.net.br\\\/2022\\\/2023\\\/04\\\/12\\\/mais-de-600-alunos-da-rede-publica-de-olimpia-participam-do-projeto-educacao-no-parque-2023\\\/#breadcrumb\",\"itemListElement\":[{\"@type\":\"ListItem\",\"position\":1,\"name\":\"In\u00edcio\",\"item\":\"https:\\\/\\\/regiaonews.net.br\\\/2022\\\/\"},{\"@type\":\"ListItem\",\"position\":2,\"name\":\"Mais de 600 alunos da rede p\u00fablica de Ol\u00edmpia participam do projeto Educa\u00e7\u00e3o no Parque 2023\"}]},{\"@type\":\"WebSite\",\"@id\":\"https:\\\/\\\/regiaonews.net.br\\\/2022\\\/#website\",\"url\":\"https:\\\/\\\/regiaonews.net.br\\\/2022\\\/\",\"name\":\"Regi\u00e3o News\",\"description\":\"Site de Not\u00edcias de Barretos e regi\u00e3o\",\"publisher\":{\"@id\":\"https:\\\/\\\/regiaonews.net.br\\\/2022\\\/#organization\"},\"potentialAction\":[{\"@type\":\"SearchAction\",\"target\":{\"@type\":\"EntryPoint\",\"urlTemplate\":\"https:\\\/\\\/regiaonews.net.br\\\/2022\\\/?s={search_term_string}\"},\"query-input\":{\"@type\":\"PropertyValueSpecification\",\"valueRequired\":true,\"valueName\":\"search_term_string\"}}],\"inLanguage\":\"pt-BR\"},{\"@type\":\"Organization\",\"@id\":\"https:\\\/\\\/regiaonews.net.br\\\/2022\\\/#organization\",\"name\":\"Regi\u00e3o News\",\"url\":\"https:\\\/\\\/regiaonews.net.br\\\/2022\\\/\",\"logo\":{\"@type\":\"ImageObject\",\"inLanguage\":\"pt-BR\",\"@id\":\"https:\\\/\\\/regiaonews.net.br\\\/2022\\\/#\\\/schema\\\/logo\\\/image\\\/\",\"url\":\"https:\\\/\\\/regiaonews.net.br\\\/2022\\\/wp-content\\\/uploads\\\/2026\\\/03\\\/regiao-13-anos-scaled.jpg\",\"contentUrl\":\"https:\\\/\\\/regiaonews.net.br\\\/2022\\\/wp-content\\\/uploads\\\/2026\\\/03\\\/regiao-13-anos-scaled.jpg\",\"width\":2560,\"height\":635,\"caption\":\"Regi\u00e3o News\"},\"image\":{\"@id\":\"https:\\\/\\\/regiaonews.net.br\\\/2022\\\/#\\\/schema\\\/logo\\\/image\\\/\"}},{\"@type\":\"Person\",\"@id\":\"https:\\\/\\\/regiaonews.net.br\\\/2022\\\/#\\\/schema\\\/person\\\/2d205a608a5aa97ac279d7a5e6d89ad8\",\"name\":\"Roberto\",\"image\":{\"@type\":\"ImageObject\",\"inLanguage\":\"pt-BR\",\"@id\":\"https:\\\/\\\/secure.gravatar.com\\\/avatar\\\/42749d8b712ff9d59ca93dc150494e5b55a44134482993f5baeb97e61b7ecc89?s=96&d=mm&r=g\",\"url\":\"https:\\\/\\\/secure.gravatar.com\\\/avatar\\\/42749d8b712ff9d59ca93dc150494e5b55a44134482993f5baeb97e61b7ecc89?s=96&d=mm&r=g\",\"contentUrl\":\"https:\\\/\\\/secure.gravatar.com\\\/avatar\\\/42749d8b712ff9d59ca93dc150494e5b55a44134482993f5baeb97e61b7ecc89?s=96&d=mm&r=g\",\"caption\":\"Roberto\"},\"url\":\"https:\\\/\\\/regiaonews.net.br\\\/2022\\\/author\\\/roberto\\\/\"}]}<\/script>\n<!-- \/ Yoast SEO plugin. -->","yoast_head_json":{"title":"Mais de 600 alunos da rede p\u00fablica de Ol\u00edmpia participam do projeto Educa\u00e7\u00e3o no Parque 2023 - Regi\u00e3o News","robots":{"index":"index","follow":"follow","max-snippet":"max-snippet:-1","max-image-preview":"max-image-preview:large","max-video-preview":"max-video-preview:-1"},"canonical":"https:\/\/regiaonews.net.br\/2022\/2023\/04\/12\/mais-de-600-alunos-da-rede-publica-de-olimpia-participam-do-projeto-educacao-no-parque-2023\/","og_locale":"pt_BR","og_type":"article","og_title":"Mais de 600 alunos da rede p\u00fablica de Ol\u00edmpia participam do projeto Educa\u00e7\u00e3o no Parque 2023 - Regi\u00e3o News","og_description":"Programa do Thermas Social em parceria com a Secretaria de","og_url":"https:\/\/regiaonews.net.br\/2022\/2023\/04\/12\/mais-de-600-alunos-da-rede-publica-de-olimpia-participam-do-projeto-educacao-no-parque-2023\/","og_site_name":"Regi\u00e3o News","article_published_time":"2023-04-12T13:50:07+00:00","og_image":[{"width":1024,"height":576,"url":"https:\/\/regiaonews.net.br\/2022\/wp-content\/uploads\/2023\/04\/Aerea-Rogerio-Parra-2-1024x576.png","type":"image\/png"}],"author":"Roberto","twitter_card":"summary_large_image","twitter_misc":{"Escrito por":"Roberto","Est. tempo de leitura":"3 minutos"},"schema":{"@context":"https:\/\/schema.org","@graph":[{"@type":"Article","@id":"https:\/\/regiaonews.net.br\/2022\/2023\/04\/12\/mais-de-600-alunos-da-rede-publica-de-olimpia-participam-do-projeto-educacao-no-parque-2023\/#article","isPartOf":{"@id":"https:\/\/regiaonews.net.br\/2022\/2023\/04\/12\/mais-de-600-alunos-da-rede-publica-de-olimpia-participam-do-projeto-educacao-no-parque-2023\/"},"author":{"name":"Roberto","@id":"https:\/\/regiaonews.net.br\/2022\/#\/schema\/person\/2d205a608a5aa97ac279d7a5e6d89ad8"},"headline":"Mais de 600 alunos da rede p\u00fablica de Ol\u00edmpia participam do projeto Educa\u00e7\u00e3o no Parque 2023","datePublished":"2023-04-12T13:50:07+00:00","mainEntityOfPage":{"@id":"https:\/\/regiaonews.net.br\/2022\/2023\/04\/12\/mais-de-600-alunos-da-rede-publica-de-olimpia-participam-do-projeto-educacao-no-parque-2023\/"},"wordCount":572,"commentCount":0,"publisher":{"@id":"https:\/\/regiaonews.net.br\/2022\/#organization"},"image":{"@id":"https:\/\/regiaonews.net.br\/2022\/2023\/04\/12\/mais-de-600-alunos-da-rede-publica-de-olimpia-participam-do-projeto-educacao-no-parque-2023\/#primaryimage"},"thumbnailUrl":"https:\/\/regiaonews.net.br\/2022\/wp-content\/uploads\/2023\/04\/Aerea-Rogerio-Parra-2.png","articleSection":["Geral","Ol\u00edmpia"],"inLanguage":"pt-BR","potentialAction":[{"@type":"CommentAction","name":"Comment","target":["https:\/\/regiaonews.net.br\/2022\/2023\/04\/12\/mais-de-600-alunos-da-rede-publica-de-olimpia-participam-do-projeto-educacao-no-parque-2023\/#respond"]}]},{"@type":"WebPage","@id":"https:\/\/regiaonews.net.br\/2022\/2023\/04\/12\/mais-de-600-alunos-da-rede-publica-de-olimpia-participam-do-projeto-educacao-no-parque-2023\/","url":"https:\/\/regiaonews.net.br\/2022\/2023\/04\/12\/mais-de-600-alunos-da-rede-publica-de-olimpia-participam-do-projeto-educacao-no-parque-2023\/","name":"Mais de 600 alunos da rede p\u00fablica de Ol\u00edmpia participam do projeto Educa\u00e7\u00e3o no Parque 2023 - Regi\u00e3o News","isPartOf":{"@id":"https:\/\/regiaonews.net.br\/2022\/#website"},"primaryImageOfPage":{"@id":"https:\/\/regiaonews.net.br\/2022\/2023\/04\/12\/mais-de-600-alunos-da-rede-publica-de-olimpia-participam-do-projeto-educacao-no-parque-2023\/#primaryimage"},"image":{"@id":"https:\/\/regiaonews.net.br\/2022\/2023\/04\/12\/mais-de-600-alunos-da-rede-publica-de-olimpia-participam-do-projeto-educacao-no-parque-2023\/#primaryimage"},"thumbnailUrl":"https:\/\/regiaonews.net.br\/2022\/wp-content\/uploads\/2023\/04\/Aerea-Rogerio-Parra-2.png","datePublished":"2023-04-12T13:50:07+00:00","breadcrumb":{"@id":"https:\/\/regiaonews.net.br\/2022\/2023\/04\/12\/mais-de-600-alunos-da-rede-publica-de-olimpia-participam-do-projeto-educacao-no-parque-2023\/#breadcrumb"},"inLanguage":"pt-BR","potentialAction":[{"@type":"ReadAction","target":["https:\/\/regiaonews.net.br\/2022\/2023\/04\/12\/mais-de-600-alunos-da-rede-publica-de-olimpia-participam-do-projeto-educacao-no-parque-2023\/"]}]},{"@type":"ImageObject","inLanguage":"pt-BR","@id":"https:\/\/regiaonews.net.br\/2022\/2023\/04\/12\/mais-de-600-alunos-da-rede-publica-de-olimpia-participam-do-projeto-educacao-no-parque-2023\/#primaryimage","url":"https:\/\/regiaonews.net.br\/2022\/wp-content\/uploads\/2023\/04\/Aerea-Rogerio-Parra-2.png","contentUrl":"https:\/\/regiaonews.net.br\/2022\/wp-content\/uploads\/2023\/04\/Aerea-Rogerio-Parra-2.png","width":1920,"height":1080},{"@type":"BreadcrumbList","@id":"https:\/\/regiaonews.net.br\/2022\/2023\/04\/12\/mais-de-600-alunos-da-rede-publica-de-olimpia-participam-do-projeto-educacao-no-parque-2023\/#breadcrumb","itemListElement":[{"@type":"ListItem","position":1,"name":"In\u00edcio","item":"https:\/\/regiaonews.net.br\/2022\/"},{"@type":"ListItem","position":2,"name":"Mais de 600 alunos da rede p\u00fablica de Ol\u00edmpia participam do projeto Educa\u00e7\u00e3o no Parque 2023"}]},{"@type":"WebSite","@id":"https:\/\/regiaonews.net.br\/2022\/#website","url":"https:\/\/regiaonews.net.br\/2022\/","name":"Regi\u00e3o News","description":"Site de Not\u00edcias de Barretos e regi\u00e3o","publisher":{"@id":"https:\/\/regiaonews.net.br\/2022\/#organization"},"potentialAction":[{"@type":"SearchAction","target":{"@type":"EntryPoint","urlTemplate":"https:\/\/regiaonews.net.br\/2022\/?s={search_term_string}"},"query-input":{"@type":"PropertyValueSpecification","valueRequired":true,"valueName":"search_term_string"}}],"inLanguage":"pt-BR"},{"@type":"Organization","@id":"https:\/\/regiaonews.net.br\/2022\/#organization","name":"Regi\u00e3o News","url":"https:\/\/regiaonews.net.br\/2022\/","logo":{"@type":"ImageObject","inLanguage":"pt-BR","@id":"https:\/\/regiaonews.net.br\/2022\/#\/schema\/logo\/image\/","url":"https:\/\/regiaonews.net.br\/2022\/wp-content\/uploads\/2026\/03\/regiao-13-anos-scaled.jpg","contentUrl":"https:\/\/regiaonews.net.br\/2022\/wp-content\/uploads\/2026\/03\/regiao-13-anos-scaled.jpg","width":2560,"height":635,"caption":"Regi\u00e3o News"},"image":{"@id":"https:\/\/regiaonews.net.br\/2022\/#\/schema\/logo\/image\/"}},{"@type":"Person","@id":"https:\/\/regiaonews.net.br\/2022\/#\/schema\/person\/2d205a608a5aa97ac279d7a5e6d89ad8","name":"Roberto","image":{"@type":"ImageObject","inLanguage":"pt-BR","@id":"https:\/\/secure.gravatar.com\/avatar\/42749d8b712ff9d59ca93dc150494e5b55a44134482993f5baeb97e61b7ecc89?s=96&d=mm&r=g","url":"https:\/\/secure.gravatar.com\/avatar\/42749d8b712ff9d59ca93dc150494e5b55a44134482993f5baeb97e61b7ecc89?s=96&d=mm&r=g","contentUrl":"https:\/\/secure.gravatar.com\/avatar\/42749d8b712ff9d59ca93dc150494e5b55a44134482993f5baeb97e61b7ecc89?s=96&d=mm&r=g","caption":"Roberto"},"url":"https:\/\/regiaonews.net.br\/2022\/author\/roberto\/"}]}},"publishpress_future_action":{"enabled":false,"date":"2026-05-03 09:22:33","action":"change-status","newStatus":"draft","terms":[],"taxonomy":"category","extraData":[]},"publishpress_future_workflow_manual_trigger":{"enabledWorkflows":[]},"_links":{"self":[{"href":"https:\/\/regiaonews.net.br\/2022\/wp-json\/wp\/v2\/posts\/86534","targetHints":{"allow":["GET"]}}],"collection":[{"href":"https:\/\/regiaonews.net.br\/2022\/wp-json\/wp\/v2\/posts"}],"about":[{"href":"https:\/\/regiaonews.net.br\/2022\/wp-json\/wp\/v2\/types\/post"}],"author":[{"embeddable":true,"href":"https:\/\/regiaonews.net.br\/2022\/wp-json\/wp\/v2\/users\/2"}],"replies":[{"embeddable":true,"href":"https:\/\/regiaonews.net.br\/2022\/wp-json\/wp\/v2\/comments?post=86534"}],"version-history":[{"count":1,"href":"https:\/\/regiaonews.net.br\/2022\/wp-json\/wp\/v2\/posts\/86534\/revisions"}],"predecessor-version":[{"id":86536,"href":"https:\/\/regiaonews.net.br\/2022\/wp-json\/wp\/v2\/posts\/86534\/revisions\/86536"}],"wp:featuredmedia":[{"embeddable":true,"href":"https:\/\/regiaonews.net.br\/2022\/wp-json\/wp\/v2\/media\/86535"}],"wp:attachment":[{"href":"https:\/\/regiaonews.net.br\/2022\/wp-json\/wp\/v2\/media?parent=86534"}],"wp:term":[{"taxonomy":"category","embeddable":true,"href":"https:\/\/regiaonews.net.br\/2022\/wp-json\/wp\/v2\/categories?post=86534"},{"taxonomy":"post_tag","embeddable":true,"href":"https:\/\/regiaonews.net.br\/2022\/wp-json\/wp\/v2\/tags?post=86534"}],"curies":[{"name":"wp","href":"https:\/\/api.w.org\/{rel}","templated":true}]}}