{"id":86530,"date":"2023-04-12T03:52:12","date_gmt":"2023-04-12T06:52:12","guid":{"rendered":"https:\/\/regiaonews.net.br\/2022\/?p=86530"},"modified":"2023-04-12T03:52:28","modified_gmt":"2023-04-12T06:52:28","slug":"brasil-vence-alemanha-amistoso-para-a-copa-do-mundo","status":"publish","type":"post","link":"https:\/\/regiaonews.net.br\/2022\/2023\/04\/12\/brasil-vence-alemanha-amistoso-para-a-copa-do-mundo\/","title":{"rendered":"Brasil vence Alemanha em amistoso  para a Copa do Mundo"},"content":{"rendered":"<p>&nbsp;<\/p>\n<h2><\/h2>\n<section class=\"noticias\">\n<div class=\"galeria\">\n<div id=\"cpBody_panelPrincipal\" class=\"item destaque\">\n<div id=\"cpBody_panelBg\" class=\"item-bg\"><\/div>\n<p><span id=\"cpBody_lblCreditoFoto\" class=\"credito\">(CR\u00c9DITO: THAIS MAGALH\u00c3ES\/CBF)<\/span><\/p>\n<div class=\"cont\"><\/div>\n<\/div>\n<\/div>\n<\/section>\n<div class=\"row col-equal-h clear\">\n<div class=\"post col-md-9 col-sm-12\">\n<p>O Brasil se saiu bem no amistoso preparat\u00f3rio para a Copa do Mundo Feminina. Nesta ter\u00e7a-feira (11), a Sele\u00e7\u00e3o Feminina superou a vice-campe\u00e3 europeia Alemanha, por 2 a 1, em Nuremberg.<\/p>\n<p>No Grupo F, o Brasil pode encarar a Alemanha logo nas oitavas, isso porque a sele\u00e7\u00e3o europeia est\u00e1 no Grupo H. Caso uma sele\u00e7\u00e3o avance em primeiro e a outra em segundo, as duas se enfrentaram nas oitavas de finais do mundial. Ou, caso ambas avancem em primeiro ou segundo de suas chaves, podem se encontrar mais para frente, nas semifinais.<\/p>\n<\/div>\n<\/div>\n","protected":false},"excerpt":{"rendered":"<p>&nbsp; (CR\u00c9DITO: THAIS MAGALH\u00c3ES\/CBF) O Brasil se saiu bem no<\/p>\n","protected":false},"author":2,"featured_media":86531,"comment_status":"open","ping_status":"open","sticky":false,"template":"","format":"standard","meta":{"footnotes":""},"categories":[21],"tags":[],"class_list":["post-86530","post","type-post","status-publish","format-standard","has-post-thumbnail","hentry","category-esporte"],"yoast_head":"<!-- This site is optimized with the Yoast SEO plugin v27.4 - https:\/\/yoast.com\/product\/yoast-seo-wordpress\/ -->\n<title>Brasil vence Alemanha em amistoso para a Copa do Mundo - Regi\u00e3o News<\/title>\n<meta name=\"robots\" content=\"index, follow, max-snippet:-1, max-image-preview:large, max-video-preview:-1\" \/>\n<link rel=\"canonical\" href=\"https:\/\/regiaonews.net.br\/2022\/2023\/04\/12\/brasil-vence-alemanha-amistoso-para-a-copa-do-mundo\/\" \/>\n<meta property=\"og:locale\" content=\"pt_BR\" \/>\n<meta property=\"og:type\" content=\"article\" \/>\n<meta property=\"og:title\" content=\"Brasil vence Alemanha em amistoso para a Copa do Mundo - Regi\u00e3o News\" \/>\n<meta property=\"og:description\" content=\"&nbsp; (CR\u00c9DITO: THAIS MAGALH\u00c3ES\/CBF) O Brasil se saiu bem no\" \/>\n<meta property=\"og:url\" content=\"https:\/\/regiaonews.net.br\/2022\/2023\/04\/12\/brasil-vence-alemanha-amistoso-para-a-copa-do-mundo\/\" \/>\n<meta property=\"og:site_name\" content=\"Regi\u00e3o News\" \/>\n<meta property=\"article:published_time\" content=\"2023-04-12T06:52:12+00:00\" \/>\n<meta property=\"article:modified_time\" content=\"2023-04-12T06:52:28+00:00\" \/>\n<meta property=\"og:image\" content=\"https:\/\/regiaonews.net.br\/2022\/wp-content\/uploads\/2023\/04\/171_selecao.jpg\" \/>\n\t<meta property=\"og:image:width\" content=\"1166\" \/>\n\t<meta property=\"og:image:height\" content=\"586\" \/>\n\t<meta property=\"og:image:type\" content=\"image\/jpeg\" \/>\n<meta name=\"author\" content=\"Roberto\" \/>\n<meta name=\"twitter:card\" content=\"summary_large_image\" \/>\n<meta name=\"twitter:label1\" content=\"Escrito por\" \/>\n\t<meta name=\"twitter:data1\" content=\"Roberto\" \/>\n\t<meta name=\"twitter:label2\" content=\"Est. tempo de leitura\" \/>\n\t<meta name=\"twitter:data2\" content=\"1 minuto\" \/>\n<script type=\"application\/ld+json\" class=\"yoast-schema-graph\">{\"@context\":\"https:\\\/\\\/schema.org\",\"@graph\":[{\"@type\":\"Article\",\"@id\":\"https:\\\/\\\/regiaonews.net.br\\\/2022\\\/2023\\\/04\\\/12\\\/brasil-vence-alemanha-amistoso-para-a-copa-do-mundo\\\/#article\",\"isPartOf\":{\"@id\":\"https:\\\/\\\/regiaonews.net.br\\\/2022\\\/2023\\\/04\\\/12\\\/brasil-vence-alemanha-amistoso-para-a-copa-do-mundo\\\/\"},\"author\":{\"name\":\"Roberto\",\"@id\":\"https:\\\/\\\/regiaonews.net.br\\\/2022\\\/#\\\/schema\\\/person\\\/2d205a608a5aa97ac279d7a5e6d89ad8\"},\"headline\":\"Brasil vence Alemanha em amistoso para a Copa do Mundo\",\"datePublished\":\"2023-04-12T06:52:12+00:00\",\"dateModified\":\"2023-04-12T06:52:28+00:00\",\"mainEntityOfPage\":{\"@id\":\"https:\\\/\\\/regiaonews.net.br\\\/2022\\\/2023\\\/04\\\/12\\\/brasil-vence-alemanha-amistoso-para-a-copa-do-mundo\\\/\"},\"wordCount\":111,\"commentCount\":0,\"publisher\":{\"@id\":\"https:\\\/\\\/regiaonews.net.br\\\/2022\\\/#organization\"},\"image\":{\"@id\":\"https:\\\/\\\/regiaonews.net.br\\\/2022\\\/2023\\\/04\\\/12\\\/brasil-vence-alemanha-amistoso-para-a-copa-do-mundo\\\/#primaryimage\"},\"thumbnailUrl\":\"https:\\\/\\\/regiaonews.net.br\\\/2022\\\/wp-content\\\/uploads\\\/2023\\\/04\\\/171_selecao.jpg\",\"articleSection\":[\"Esporte\"],\"inLanguage\":\"pt-BR\",\"potentialAction\":[{\"@type\":\"CommentAction\",\"name\":\"Comment\",\"target\":[\"https:\\\/\\\/regiaonews.net.br\\\/2022\\\/2023\\\/04\\\/12\\\/brasil-vence-alemanha-amistoso-para-a-copa-do-mundo\\\/#respond\"]}]},{\"@type\":\"WebPage\",\"@id\":\"https:\\\/\\\/regiaonews.net.br\\\/2022\\\/2023\\\/04\\\/12\\\/brasil-vence-alemanha-amistoso-para-a-copa-do-mundo\\\/\",\"url\":\"https:\\\/\\\/regiaonews.net.br\\\/2022\\\/2023\\\/04\\\/12\\\/brasil-vence-alemanha-amistoso-para-a-copa-do-mundo\\\/\",\"name\":\"Brasil vence Alemanha em amistoso para a Copa do Mundo - Regi\u00e3o News\",\"isPartOf\":{\"@id\":\"https:\\\/\\\/regiaonews.net.br\\\/2022\\\/#website\"},\"primaryImageOfPage\":{\"@id\":\"https:\\\/\\\/regiaonews.net.br\\\/2022\\\/2023\\\/04\\\/12\\\/brasil-vence-alemanha-amistoso-para-a-copa-do-mundo\\\/#primaryimage\"},\"image\":{\"@id\":\"https:\\\/\\\/regiaonews.net.br\\\/2022\\\/2023\\\/04\\\/12\\\/brasil-vence-alemanha-amistoso-para-a-copa-do-mundo\\\/#primaryimage\"},\"thumbnailUrl\":\"https:\\\/\\\/regiaonews.net.br\\\/2022\\\/wp-content\\\/uploads\\\/2023\\\/04\\\/171_selecao.jpg\",\"datePublished\":\"2023-04-12T06:52:12+00:00\",\"dateModified\":\"2023-04-12T06:52:28+00:00\",\"breadcrumb\":{\"@id\":\"https:\\\/\\\/regiaonews.net.br\\\/2022\\\/2023\\\/04\\\/12\\\/brasil-vence-alemanha-amistoso-para-a-copa-do-mundo\\\/#breadcrumb\"},\"inLanguage\":\"pt-BR\",\"potentialAction\":[{\"@type\":\"ReadAction\",\"target\":[\"https:\\\/\\\/regiaonews.net.br\\\/2022\\\/2023\\\/04\\\/12\\\/brasil-vence-alemanha-amistoso-para-a-copa-do-mundo\\\/\"]}]},{\"@type\":\"ImageObject\",\"inLanguage\":\"pt-BR\",\"@id\":\"https:\\\/\\\/regiaonews.net.br\\\/2022\\\/2023\\\/04\\\/12\\\/brasil-vence-alemanha-amistoso-para-a-copa-do-mundo\\\/#primaryimage\",\"url\":\"https:\\\/\\\/regiaonews.net.br\\\/2022\\\/wp-content\\\/uploads\\\/2023\\\/04\\\/171_selecao.jpg\",\"contentUrl\":\"https:\\\/\\\/regiaonews.net.br\\\/2022\\\/wp-content\\\/uploads\\\/2023\\\/04\\\/171_selecao.jpg\",\"width\":1166,\"height\":586},{\"@type\":\"BreadcrumbList\",\"@id\":\"https:\\\/\\\/regiaonews.net.br\\\/2022\\\/2023\\\/04\\\/12\\\/brasil-vence-alemanha-amistoso-para-a-copa-do-mundo\\\/#breadcrumb\",\"itemListElement\":[{\"@type\":\"ListItem\",\"position\":1,\"name\":\"In\u00edcio\",\"item\":\"https:\\\/\\\/regiaonews.net.br\\\/2022\\\/\"},{\"@type\":\"ListItem\",\"position\":2,\"name\":\"Brasil vence Alemanha em amistoso para a Copa do Mundo\"}]},{\"@type\":\"WebSite\",\"@id\":\"https:\\\/\\\/regiaonews.net.br\\\/2022\\\/#website\",\"url\":\"https:\\\/\\\/regiaonews.net.br\\\/2022\\\/\",\"name\":\"Regi\u00e3o News\",\"description\":\"Site de Not\u00edcias de Barretos e regi\u00e3o\",\"publisher\":{\"@id\":\"https:\\\/\\\/regiaonews.net.br\\\/2022\\\/#organization\"},\"potentialAction\":[{\"@type\":\"SearchAction\",\"target\":{\"@type\":\"EntryPoint\",\"urlTemplate\":\"https:\\\/\\\/regiaonews.net.br\\\/2022\\\/?s={search_term_string}\"},\"query-input\":{\"@type\":\"PropertyValueSpecification\",\"valueRequired\":true,\"valueName\":\"search_term_string\"}}],\"inLanguage\":\"pt-BR\"},{\"@type\":\"Organization\",\"@id\":\"https:\\\/\\\/regiaonews.net.br\\\/2022\\\/#organization\",\"name\":\"Regi\u00e3o News\",\"url\":\"https:\\\/\\\/regiaonews.net.br\\\/2022\\\/\",\"logo\":{\"@type\":\"ImageObject\",\"inLanguage\":\"pt-BR\",\"@id\":\"https:\\\/\\\/regiaonews.net.br\\\/2022\\\/#\\\/schema\\\/logo\\\/image\\\/\",\"url\":\"https:\\\/\\\/regiaonews.net.br\\\/2022\\\/wp-content\\\/uploads\\\/2026\\\/03\\\/regiao-13-anos-scaled.jpg\",\"contentUrl\":\"https:\\\/\\\/regiaonews.net.br\\\/2022\\\/wp-content\\\/uploads\\\/2026\\\/03\\\/regiao-13-anos-scaled.jpg\",\"width\":2560,\"height\":635,\"caption\":\"Regi\u00e3o News\"},\"image\":{\"@id\":\"https:\\\/\\\/regiaonews.net.br\\\/2022\\\/#\\\/schema\\\/logo\\\/image\\\/\"}},{\"@type\":\"Person\",\"@id\":\"https:\\\/\\\/regiaonews.net.br\\\/2022\\\/#\\\/schema\\\/person\\\/2d205a608a5aa97ac279d7a5e6d89ad8\",\"name\":\"Roberto\",\"image\":{\"@type\":\"ImageObject\",\"inLanguage\":\"pt-BR\",\"@id\":\"https:\\\/\\\/secure.gravatar.com\\\/avatar\\\/42749d8b712ff9d59ca93dc150494e5b55a44134482993f5baeb97e61b7ecc89?s=96&d=mm&r=g\",\"url\":\"https:\\\/\\\/secure.gravatar.com\\\/avatar\\\/42749d8b712ff9d59ca93dc150494e5b55a44134482993f5baeb97e61b7ecc89?s=96&d=mm&r=g\",\"contentUrl\":\"https:\\\/\\\/secure.gravatar.com\\\/avatar\\\/42749d8b712ff9d59ca93dc150494e5b55a44134482993f5baeb97e61b7ecc89?s=96&d=mm&r=g\",\"caption\":\"Roberto\"},\"url\":\"https:\\\/\\\/regiaonews.net.br\\\/2022\\\/author\\\/roberto\\\/\"}]}<\/script>\n<!-- \/ Yoast SEO plugin. -->","yoast_head_json":{"title":"Brasil vence Alemanha em amistoso para a Copa do Mundo - Regi\u00e3o News","robots":{"index":"index","follow":"follow","max-snippet":"max-snippet:-1","max-image-preview":"max-image-preview:large","max-video-preview":"max-video-preview:-1"},"canonical":"https:\/\/regiaonews.net.br\/2022\/2023\/04\/12\/brasil-vence-alemanha-amistoso-para-a-copa-do-mundo\/","og_locale":"pt_BR","og_type":"article","og_title":"Brasil vence Alemanha em amistoso para a Copa do Mundo - Regi\u00e3o News","og_description":"&nbsp; (CR\u00c9DITO: THAIS MAGALH\u00c3ES\/CBF) O Brasil se saiu bem no","og_url":"https:\/\/regiaonews.net.br\/2022\/2023\/04\/12\/brasil-vence-alemanha-amistoso-para-a-copa-do-mundo\/","og_site_name":"Regi\u00e3o News","article_published_time":"2023-04-12T06:52:12+00:00","article_modified_time":"2023-04-12T06:52:28+00:00","og_image":[{"width":1166,"height":586,"url":"https:\/\/regiaonews.net.br\/2022\/wp-content\/uploads\/2023\/04\/171_selecao.jpg","type":"image\/jpeg"}],"author":"Roberto","twitter_card":"summary_large_image","twitter_misc":{"Escrito por":"Roberto","Est. tempo de leitura":"1 minuto"},"schema":{"@context":"https:\/\/schema.org","@graph":[{"@type":"Article","@id":"https:\/\/regiaonews.net.br\/2022\/2023\/04\/12\/brasil-vence-alemanha-amistoso-para-a-copa-do-mundo\/#article","isPartOf":{"@id":"https:\/\/regiaonews.net.br\/2022\/2023\/04\/12\/brasil-vence-alemanha-amistoso-para-a-copa-do-mundo\/"},"author":{"name":"Roberto","@id":"https:\/\/regiaonews.net.br\/2022\/#\/schema\/person\/2d205a608a5aa97ac279d7a5e6d89ad8"},"headline":"Brasil vence Alemanha em amistoso para a Copa do Mundo","datePublished":"2023-04-12T06:52:12+00:00","dateModified":"2023-04-12T06:52:28+00:00","mainEntityOfPage":{"@id":"https:\/\/regiaonews.net.br\/2022\/2023\/04\/12\/brasil-vence-alemanha-amistoso-para-a-copa-do-mundo\/"},"wordCount":111,"commentCount":0,"publisher":{"@id":"https:\/\/regiaonews.net.br\/2022\/#organization"},"image":{"@id":"https:\/\/regiaonews.net.br\/2022\/2023\/04\/12\/brasil-vence-alemanha-amistoso-para-a-copa-do-mundo\/#primaryimage"},"thumbnailUrl":"https:\/\/regiaonews.net.br\/2022\/wp-content\/uploads\/2023\/04\/171_selecao.jpg","articleSection":["Esporte"],"inLanguage":"pt-BR","potentialAction":[{"@type":"CommentAction","name":"Comment","target":["https:\/\/regiaonews.net.br\/2022\/2023\/04\/12\/brasil-vence-alemanha-amistoso-para-a-copa-do-mundo\/#respond"]}]},{"@type":"WebPage","@id":"https:\/\/regiaonews.net.br\/2022\/2023\/04\/12\/brasil-vence-alemanha-amistoso-para-a-copa-do-mundo\/","url":"https:\/\/regiaonews.net.br\/2022\/2023\/04\/12\/brasil-vence-alemanha-amistoso-para-a-copa-do-mundo\/","name":"Brasil vence Alemanha em amistoso para a Copa do Mundo - Regi\u00e3o News","isPartOf":{"@id":"https:\/\/regiaonews.net.br\/2022\/#website"},"primaryImageOfPage":{"@id":"https:\/\/regiaonews.net.br\/2022\/2023\/04\/12\/brasil-vence-alemanha-amistoso-para-a-copa-do-mundo\/#primaryimage"},"image":{"@id":"https:\/\/regiaonews.net.br\/2022\/2023\/04\/12\/brasil-vence-alemanha-amistoso-para-a-copa-do-mundo\/#primaryimage"},"thumbnailUrl":"https:\/\/regiaonews.net.br\/2022\/wp-content\/uploads\/2023\/04\/171_selecao.jpg","datePublished":"2023-04-12T06:52:12+00:00","dateModified":"2023-04-12T06:52:28+00:00","breadcrumb":{"@id":"https:\/\/regiaonews.net.br\/2022\/2023\/04\/12\/brasil-vence-alemanha-amistoso-para-a-copa-do-mundo\/#breadcrumb"},"inLanguage":"pt-BR","potentialAction":[{"@type":"ReadAction","target":["https:\/\/regiaonews.net.br\/2022\/2023\/04\/12\/brasil-vence-alemanha-amistoso-para-a-copa-do-mundo\/"]}]},{"@type":"ImageObject","inLanguage":"pt-BR","@id":"https:\/\/regiaonews.net.br\/2022\/2023\/04\/12\/brasil-vence-alemanha-amistoso-para-a-copa-do-mundo\/#primaryimage","url":"https:\/\/regiaonews.net.br\/2022\/wp-content\/uploads\/2023\/04\/171_selecao.jpg","contentUrl":"https:\/\/regiaonews.net.br\/2022\/wp-content\/uploads\/2023\/04\/171_selecao.jpg","width":1166,"height":586},{"@type":"BreadcrumbList","@id":"https:\/\/regiaonews.net.br\/2022\/2023\/04\/12\/brasil-vence-alemanha-amistoso-para-a-copa-do-mundo\/#breadcrumb","itemListElement":[{"@type":"ListItem","position":1,"name":"In\u00edcio","item":"https:\/\/regiaonews.net.br\/2022\/"},{"@type":"ListItem","position":2,"name":"Brasil vence Alemanha em amistoso para a Copa do Mundo"}]},{"@type":"WebSite","@id":"https:\/\/regiaonews.net.br\/2022\/#website","url":"https:\/\/regiaonews.net.br\/2022\/","name":"Regi\u00e3o News","description":"Site de Not\u00edcias de Barretos e regi\u00e3o","publisher":{"@id":"https:\/\/regiaonews.net.br\/2022\/#organization"},"potentialAction":[{"@type":"SearchAction","target":{"@type":"EntryPoint","urlTemplate":"https:\/\/regiaonews.net.br\/2022\/?s={search_term_string}"},"query-input":{"@type":"PropertyValueSpecification","valueRequired":true,"valueName":"search_term_string"}}],"inLanguage":"pt-BR"},{"@type":"Organization","@id":"https:\/\/regiaonews.net.br\/2022\/#organization","name":"Regi\u00e3o News","url":"https:\/\/regiaonews.net.br\/2022\/","logo":{"@type":"ImageObject","inLanguage":"pt-BR","@id":"https:\/\/regiaonews.net.br\/2022\/#\/schema\/logo\/image\/","url":"https:\/\/regiaonews.net.br\/2022\/wp-content\/uploads\/2026\/03\/regiao-13-anos-scaled.jpg","contentUrl":"https:\/\/regiaonews.net.br\/2022\/wp-content\/uploads\/2026\/03\/regiao-13-anos-scaled.jpg","width":2560,"height":635,"caption":"Regi\u00e3o News"},"image":{"@id":"https:\/\/regiaonews.net.br\/2022\/#\/schema\/logo\/image\/"}},{"@type":"Person","@id":"https:\/\/regiaonews.net.br\/2022\/#\/schema\/person\/2d205a608a5aa97ac279d7a5e6d89ad8","name":"Roberto","image":{"@type":"ImageObject","inLanguage":"pt-BR","@id":"https:\/\/secure.gravatar.com\/avatar\/42749d8b712ff9d59ca93dc150494e5b55a44134482993f5baeb97e61b7ecc89?s=96&d=mm&r=g","url":"https:\/\/secure.gravatar.com\/avatar\/42749d8b712ff9d59ca93dc150494e5b55a44134482993f5baeb97e61b7ecc89?s=96&d=mm&r=g","contentUrl":"https:\/\/secure.gravatar.com\/avatar\/42749d8b712ff9d59ca93dc150494e5b55a44134482993f5baeb97e61b7ecc89?s=96&d=mm&r=g","caption":"Roberto"},"url":"https:\/\/regiaonews.net.br\/2022\/author\/roberto\/"}]}},"publishpress_future_action":{"enabled":false,"date":"2026-05-03 07:41:02","action":"change-status","newStatus":"draft","terms":[],"taxonomy":"category","extraData":[]},"publishpress_future_workflow_manual_trigger":{"enabledWorkflows":[]},"_links":{"self":[{"href":"https:\/\/regiaonews.net.br\/2022\/wp-json\/wp\/v2\/posts\/86530","targetHints":{"allow":["GET"]}}],"collection":[{"href":"https:\/\/regiaonews.net.br\/2022\/wp-json\/wp\/v2\/posts"}],"about":[{"href":"https:\/\/regiaonews.net.br\/2022\/wp-json\/wp\/v2\/types\/post"}],"author":[{"embeddable":true,"href":"https:\/\/regiaonews.net.br\/2022\/wp-json\/wp\/v2\/users\/2"}],"replies":[{"embeddable":true,"href":"https:\/\/regiaonews.net.br\/2022\/wp-json\/wp\/v2\/comments?post=86530"}],"version-history":[{"count":2,"href":"https:\/\/regiaonews.net.br\/2022\/wp-json\/wp\/v2\/posts\/86530\/revisions"}],"predecessor-version":[{"id":86533,"href":"https:\/\/regiaonews.net.br\/2022\/wp-json\/wp\/v2\/posts\/86530\/revisions\/86533"}],"wp:featuredmedia":[{"embeddable":true,"href":"https:\/\/regiaonews.net.br\/2022\/wp-json\/wp\/v2\/media\/86531"}],"wp:attachment":[{"href":"https:\/\/regiaonews.net.br\/2022\/wp-json\/wp\/v2\/media?parent=86530"}],"wp:term":[{"taxonomy":"category","embeddable":true,"href":"https:\/\/regiaonews.net.br\/2022\/wp-json\/wp\/v2\/categories?post=86530"},{"taxonomy":"post_tag","embeddable":true,"href":"https:\/\/regiaonews.net.br\/2022\/wp-json\/wp\/v2\/tags?post=86530"}],"curies":[{"name":"wp","href":"https:\/\/api.w.org\/{rel}","templated":true}]}}