{"id":86467,"date":"2023-04-10T23:18:42","date_gmt":"2023-04-11T02:18:42","guid":{"rendered":"https:\/\/regiaonews.net.br\/2022\/?p=86467"},"modified":"2023-04-11T04:39:38","modified_gmt":"2023-04-11T07:39:38","slug":"administracao-de-colina-celebrou-a-pascoa-com-distribuicao-de-cerca-de-2-mil-ovos","status":"publish","type":"post","link":"https:\/\/regiaonews.net.br\/2022\/2023\/04\/10\/administracao-de-colina-celebrou-a-pascoa-com-distribuicao-de-cerca-de-2-mil-ovos\/","title":{"rendered":"Administra\u00e7\u00e3o de Colina celebra p\u00e1scoa com distribui\u00e7\u00e3o de cerca de 2 mil ovos"},"content":{"rendered":"<p>Em comemora\u00e7\u00e3o \u00e0 P\u00e1scoa, celebrada nacionalmente no \u00faltimo domingo, dia 09 de abril, a Prefeitura Municipal de Colina, numa a\u00e7\u00e3o conjunta com o Fundo Social de Solidariedade, a Secretaria Municipal de Educa\u00e7\u00e3o e Cultura e a Central Municipal de Alimenta\u00e7\u00e3o \u201cEngenheira K\u00e1tia Tornelli\u201d, realizaram a distribui\u00e7\u00e3o de aproximadamente 2 mil ovos de chocolate nos dias 04 e 05 de abril.<\/p>\n<p>Foram contemplados os estudantes da Rede Municipal de Ensino, das unidades de Educa\u00e7\u00e3o Infantil (creches e pr\u00e9-escolas), das s\u00e9ries iniciais do Ensino Fundamental (do 1\u00ba ao 5\u00ba ano); alunos da APAE (Associa\u00e7\u00e3o de Pais e Amigos dos Excepcionais) e idosos do Asilo \u201cS\u00e3o Jos\u00e9\u201d.<\/p>\n<p>A entrega aconteceu nas unidades escolares e foi realizada pelo Coelho que, sem d\u00favida, \u00e9 um dos tradicionais s\u00edmbolos da P\u00e1scoa.\u00a0 A Presidente do Fundo Social, Prof\u00aa. Liliana Jorge Drubi Taha acompanhada da Coordenadora de Projetos Sociais, Prof\u00aa. Loide Ferreira Rosa Fernandes, participaram da entrega.<\/p>\n<p>Os ovos foram preparados com chocolate de qualidade, pela equipe de funcion\u00e1rios da Central Municipal de Alimenta\u00e7\u00e3o, \u201cEngenheira K\u00e1tia Tornelli\u201d (Cozinha Piloto).<\/p>\n<p>A Presidente do Fundo Social, Prof\u00aa. Liliana Taha informou que a entrega dos ovos \u00e9 uma forma de cumprimentar a fam\u00edlia colinense pela data. \u201c\u00c9 gratificante ver a alegria dos alunos ao receber os chocolates. Espero que as crian\u00e7as aproveitem os ovos, preparados com todo carinho, e lembrem-se que a P\u00e1scoa simboliza a ressurrei\u00e7\u00e3o de Cristo\u201d, explicou e acrescentou: \u201cagrade\u00e7o a Engenheira de Alimentos da Central Municipal de Alimenta\u00e7\u00e3o, Aline Piai Paro Gharibian e toda a equipe pela dedica\u00e7\u00e3o na confec\u00e7\u00e3o os ovos\u201d.<\/p>\n","protected":false},"excerpt":{"rendered":"<p>Em comemora\u00e7\u00e3o \u00e0 P\u00e1scoa, celebrada nacionalmente no \u00faltimo domingo, dia<\/p>\n","protected":false},"author":2,"featured_media":86468,"comment_status":"open","ping_status":"open","sticky":false,"template":"","format":"standard","meta":{"footnotes":""},"categories":[5,111],"tags":[],"class_list":["post-86467","post","type-post","status-publish","format-standard","has-post-thumbnail","hentry","category-colina","category-cotidiano"],"yoast_head":"<!-- This site is optimized with the Yoast SEO plugin v27.4 - https:\/\/yoast.com\/product\/yoast-seo-wordpress\/ -->\n<title>Administra\u00e7\u00e3o de Colina celebra p\u00e1scoa com distribui\u00e7\u00e3o de cerca de 2 mil ovos - Regi\u00e3o News<\/title>\n<meta name=\"robots\" content=\"index, follow, max-snippet:-1, max-image-preview:large, max-video-preview:-1\" \/>\n<link rel=\"canonical\" href=\"https:\/\/regiaonews.net.br\/2022\/2023\/04\/10\/administracao-de-colina-celebrou-a-pascoa-com-distribuicao-de-cerca-de-2-mil-ovos\/\" \/>\n<meta property=\"og:locale\" content=\"pt_BR\" \/>\n<meta property=\"og:type\" content=\"article\" \/>\n<meta property=\"og:title\" content=\"Administra\u00e7\u00e3o de Colina celebra p\u00e1scoa com distribui\u00e7\u00e3o de cerca de 2 mil ovos - Regi\u00e3o News\" \/>\n<meta property=\"og:description\" content=\"Em comemora\u00e7\u00e3o \u00e0 P\u00e1scoa, celebrada nacionalmente no \u00faltimo domingo, dia\" \/>\n<meta property=\"og:url\" content=\"https:\/\/regiaonews.net.br\/2022\/2023\/04\/10\/administracao-de-colina-celebrou-a-pascoa-com-distribuicao-de-cerca-de-2-mil-ovos\/\" \/>\n<meta property=\"og:site_name\" content=\"Regi\u00e3o News\" \/>\n<meta property=\"article:published_time\" content=\"2023-04-11T02:18:42+00:00\" \/>\n<meta property=\"article:modified_time\" content=\"2023-04-11T07:39:38+00:00\" \/>\n<meta property=\"og:image\" content=\"https:\/\/regiaonews.net.br\/2022\/wp-content\/uploads\/2023\/04\/ovos-Colina.jpg\" \/>\n\t<meta property=\"og:image:width\" content=\"1600\" \/>\n\t<meta property=\"og:image:height\" content=\"1064\" \/>\n\t<meta property=\"og:image:type\" content=\"image\/jpeg\" \/>\n<meta name=\"author\" content=\"Roberto\" \/>\n<meta name=\"twitter:card\" content=\"summary_large_image\" \/>\n<meta name=\"twitter:label1\" content=\"Escrito por\" \/>\n\t<meta name=\"twitter:data1\" content=\"Roberto\" \/>\n\t<meta name=\"twitter:label2\" content=\"Est. tempo de leitura\" \/>\n\t<meta name=\"twitter:data2\" content=\"2 minutos\" \/>\n<script type=\"application\/ld+json\" class=\"yoast-schema-graph\">{\"@context\":\"https:\\\/\\\/schema.org\",\"@graph\":[{\"@type\":\"Article\",\"@id\":\"https:\\\/\\\/regiaonews.net.br\\\/2022\\\/2023\\\/04\\\/10\\\/administracao-de-colina-celebrou-a-pascoa-com-distribuicao-de-cerca-de-2-mil-ovos\\\/#article\",\"isPartOf\":{\"@id\":\"https:\\\/\\\/regiaonews.net.br\\\/2022\\\/2023\\\/04\\\/10\\\/administracao-de-colina-celebrou-a-pascoa-com-distribuicao-de-cerca-de-2-mil-ovos\\\/\"},\"author\":{\"name\":\"Roberto\",\"@id\":\"https:\\\/\\\/regiaonews.net.br\\\/2022\\\/#\\\/schema\\\/person\\\/2d205a608a5aa97ac279d7a5e6d89ad8\"},\"headline\":\"Administra\u00e7\u00e3o de Colina celebra p\u00e1scoa com distribui\u00e7\u00e3o de cerca de 2 mil ovos\",\"datePublished\":\"2023-04-11T02:18:42+00:00\",\"dateModified\":\"2023-04-11T07:39:38+00:00\",\"mainEntityOfPage\":{\"@id\":\"https:\\\/\\\/regiaonews.net.br\\\/2022\\\/2023\\\/04\\\/10\\\/administracao-de-colina-celebrou-a-pascoa-com-distribuicao-de-cerca-de-2-mil-ovos\\\/\"},\"wordCount\":285,\"commentCount\":0,\"publisher\":{\"@id\":\"https:\\\/\\\/regiaonews.net.br\\\/2022\\\/#organization\"},\"image\":{\"@id\":\"https:\\\/\\\/regiaonews.net.br\\\/2022\\\/2023\\\/04\\\/10\\\/administracao-de-colina-celebrou-a-pascoa-com-distribuicao-de-cerca-de-2-mil-ovos\\\/#primaryimage\"},\"thumbnailUrl\":\"https:\\\/\\\/regiaonews.net.br\\\/2022\\\/wp-content\\\/uploads\\\/2023\\\/04\\\/ovos-Colina.jpg\",\"articleSection\":[\"Colina\",\"Cotidiano\"],\"inLanguage\":\"pt-BR\",\"potentialAction\":[{\"@type\":\"CommentAction\",\"name\":\"Comment\",\"target\":[\"https:\\\/\\\/regiaonews.net.br\\\/2022\\\/2023\\\/04\\\/10\\\/administracao-de-colina-celebrou-a-pascoa-com-distribuicao-de-cerca-de-2-mil-ovos\\\/#respond\"]}]},{\"@type\":\"WebPage\",\"@id\":\"https:\\\/\\\/regiaonews.net.br\\\/2022\\\/2023\\\/04\\\/10\\\/administracao-de-colina-celebrou-a-pascoa-com-distribuicao-de-cerca-de-2-mil-ovos\\\/\",\"url\":\"https:\\\/\\\/regiaonews.net.br\\\/2022\\\/2023\\\/04\\\/10\\\/administracao-de-colina-celebrou-a-pascoa-com-distribuicao-de-cerca-de-2-mil-ovos\\\/\",\"name\":\"Administra\u00e7\u00e3o de Colina celebra p\u00e1scoa com distribui\u00e7\u00e3o de cerca de 2 mil ovos - Regi\u00e3o News\",\"isPartOf\":{\"@id\":\"https:\\\/\\\/regiaonews.net.br\\\/2022\\\/#website\"},\"primaryImageOfPage\":{\"@id\":\"https:\\\/\\\/regiaonews.net.br\\\/2022\\\/2023\\\/04\\\/10\\\/administracao-de-colina-celebrou-a-pascoa-com-distribuicao-de-cerca-de-2-mil-ovos\\\/#primaryimage\"},\"image\":{\"@id\":\"https:\\\/\\\/regiaonews.net.br\\\/2022\\\/2023\\\/04\\\/10\\\/administracao-de-colina-celebrou-a-pascoa-com-distribuicao-de-cerca-de-2-mil-ovos\\\/#primaryimage\"},\"thumbnailUrl\":\"https:\\\/\\\/regiaonews.net.br\\\/2022\\\/wp-content\\\/uploads\\\/2023\\\/04\\\/ovos-Colina.jpg\",\"datePublished\":\"2023-04-11T02:18:42+00:00\",\"dateModified\":\"2023-04-11T07:39:38+00:00\",\"breadcrumb\":{\"@id\":\"https:\\\/\\\/regiaonews.net.br\\\/2022\\\/2023\\\/04\\\/10\\\/administracao-de-colina-celebrou-a-pascoa-com-distribuicao-de-cerca-de-2-mil-ovos\\\/#breadcrumb\"},\"inLanguage\":\"pt-BR\",\"potentialAction\":[{\"@type\":\"ReadAction\",\"target\":[\"https:\\\/\\\/regiaonews.net.br\\\/2022\\\/2023\\\/04\\\/10\\\/administracao-de-colina-celebrou-a-pascoa-com-distribuicao-de-cerca-de-2-mil-ovos\\\/\"]}]},{\"@type\":\"ImageObject\",\"inLanguage\":\"pt-BR\",\"@id\":\"https:\\\/\\\/regiaonews.net.br\\\/2022\\\/2023\\\/04\\\/10\\\/administracao-de-colina-celebrou-a-pascoa-com-distribuicao-de-cerca-de-2-mil-ovos\\\/#primaryimage\",\"url\":\"https:\\\/\\\/regiaonews.net.br\\\/2022\\\/wp-content\\\/uploads\\\/2023\\\/04\\\/ovos-Colina.jpg\",\"contentUrl\":\"https:\\\/\\\/regiaonews.net.br\\\/2022\\\/wp-content\\\/uploads\\\/2023\\\/04\\\/ovos-Colina.jpg\",\"width\":1600,\"height\":1064},{\"@type\":\"BreadcrumbList\",\"@id\":\"https:\\\/\\\/regiaonews.net.br\\\/2022\\\/2023\\\/04\\\/10\\\/administracao-de-colina-celebrou-a-pascoa-com-distribuicao-de-cerca-de-2-mil-ovos\\\/#breadcrumb\",\"itemListElement\":[{\"@type\":\"ListItem\",\"position\":1,\"name\":\"In\u00edcio\",\"item\":\"https:\\\/\\\/regiaonews.net.br\\\/2022\\\/\"},{\"@type\":\"ListItem\",\"position\":2,\"name\":\"Administra\u00e7\u00e3o de Colina celebra p\u00e1scoa com distribui\u00e7\u00e3o de cerca de 2 mil ovos\"}]},{\"@type\":\"WebSite\",\"@id\":\"https:\\\/\\\/regiaonews.net.br\\\/2022\\\/#website\",\"url\":\"https:\\\/\\\/regiaonews.net.br\\\/2022\\\/\",\"name\":\"Regi\u00e3o News\",\"description\":\"Site de Not\u00edcias de Barretos e regi\u00e3o\",\"publisher\":{\"@id\":\"https:\\\/\\\/regiaonews.net.br\\\/2022\\\/#organization\"},\"potentialAction\":[{\"@type\":\"SearchAction\",\"target\":{\"@type\":\"EntryPoint\",\"urlTemplate\":\"https:\\\/\\\/regiaonews.net.br\\\/2022\\\/?s={search_term_string}\"},\"query-input\":{\"@type\":\"PropertyValueSpecification\",\"valueRequired\":true,\"valueName\":\"search_term_string\"}}],\"inLanguage\":\"pt-BR\"},{\"@type\":\"Organization\",\"@id\":\"https:\\\/\\\/regiaonews.net.br\\\/2022\\\/#organization\",\"name\":\"Regi\u00e3o News\",\"url\":\"https:\\\/\\\/regiaonews.net.br\\\/2022\\\/\",\"logo\":{\"@type\":\"ImageObject\",\"inLanguage\":\"pt-BR\",\"@id\":\"https:\\\/\\\/regiaonews.net.br\\\/2022\\\/#\\\/schema\\\/logo\\\/image\\\/\",\"url\":\"https:\\\/\\\/regiaonews.net.br\\\/2022\\\/wp-content\\\/uploads\\\/2026\\\/03\\\/regiao-13-anos-scaled.jpg\",\"contentUrl\":\"https:\\\/\\\/regiaonews.net.br\\\/2022\\\/wp-content\\\/uploads\\\/2026\\\/03\\\/regiao-13-anos-scaled.jpg\",\"width\":2560,\"height\":635,\"caption\":\"Regi\u00e3o News\"},\"image\":{\"@id\":\"https:\\\/\\\/regiaonews.net.br\\\/2022\\\/#\\\/schema\\\/logo\\\/image\\\/\"}},{\"@type\":\"Person\",\"@id\":\"https:\\\/\\\/regiaonews.net.br\\\/2022\\\/#\\\/schema\\\/person\\\/2d205a608a5aa97ac279d7a5e6d89ad8\",\"name\":\"Roberto\",\"image\":{\"@type\":\"ImageObject\",\"inLanguage\":\"pt-BR\",\"@id\":\"https:\\\/\\\/secure.gravatar.com\\\/avatar\\\/42749d8b712ff9d59ca93dc150494e5b55a44134482993f5baeb97e61b7ecc89?s=96&d=mm&r=g\",\"url\":\"https:\\\/\\\/secure.gravatar.com\\\/avatar\\\/42749d8b712ff9d59ca93dc150494e5b55a44134482993f5baeb97e61b7ecc89?s=96&d=mm&r=g\",\"contentUrl\":\"https:\\\/\\\/secure.gravatar.com\\\/avatar\\\/42749d8b712ff9d59ca93dc150494e5b55a44134482993f5baeb97e61b7ecc89?s=96&d=mm&r=g\",\"caption\":\"Roberto\"},\"url\":\"https:\\\/\\\/regiaonews.net.br\\\/2022\\\/author\\\/roberto\\\/\"}]}<\/script>\n<!-- \/ Yoast SEO plugin. -->","yoast_head_json":{"title":"Administra\u00e7\u00e3o de Colina celebra p\u00e1scoa com distribui\u00e7\u00e3o de cerca de 2 mil ovos - Regi\u00e3o News","robots":{"index":"index","follow":"follow","max-snippet":"max-snippet:-1","max-image-preview":"max-image-preview:large","max-video-preview":"max-video-preview:-1"},"canonical":"https:\/\/regiaonews.net.br\/2022\/2023\/04\/10\/administracao-de-colina-celebrou-a-pascoa-com-distribuicao-de-cerca-de-2-mil-ovos\/","og_locale":"pt_BR","og_type":"article","og_title":"Administra\u00e7\u00e3o de Colina celebra p\u00e1scoa com distribui\u00e7\u00e3o de cerca de 2 mil ovos - Regi\u00e3o News","og_description":"Em comemora\u00e7\u00e3o \u00e0 P\u00e1scoa, celebrada nacionalmente no \u00faltimo domingo, dia","og_url":"https:\/\/regiaonews.net.br\/2022\/2023\/04\/10\/administracao-de-colina-celebrou-a-pascoa-com-distribuicao-de-cerca-de-2-mil-ovos\/","og_site_name":"Regi\u00e3o News","article_published_time":"2023-04-11T02:18:42+00:00","article_modified_time":"2023-04-11T07:39:38+00:00","og_image":[{"width":1600,"height":1064,"url":"https:\/\/regiaonews.net.br\/2022\/wp-content\/uploads\/2023\/04\/ovos-Colina.jpg","type":"image\/jpeg"}],"author":"Roberto","twitter_card":"summary_large_image","twitter_misc":{"Escrito por":"Roberto","Est. tempo de leitura":"2 minutos"},"schema":{"@context":"https:\/\/schema.org","@graph":[{"@type":"Article","@id":"https:\/\/regiaonews.net.br\/2022\/2023\/04\/10\/administracao-de-colina-celebrou-a-pascoa-com-distribuicao-de-cerca-de-2-mil-ovos\/#article","isPartOf":{"@id":"https:\/\/regiaonews.net.br\/2022\/2023\/04\/10\/administracao-de-colina-celebrou-a-pascoa-com-distribuicao-de-cerca-de-2-mil-ovos\/"},"author":{"name":"Roberto","@id":"https:\/\/regiaonews.net.br\/2022\/#\/schema\/person\/2d205a608a5aa97ac279d7a5e6d89ad8"},"headline":"Administra\u00e7\u00e3o de Colina celebra p\u00e1scoa com distribui\u00e7\u00e3o de cerca de 2 mil ovos","datePublished":"2023-04-11T02:18:42+00:00","dateModified":"2023-04-11T07:39:38+00:00","mainEntityOfPage":{"@id":"https:\/\/regiaonews.net.br\/2022\/2023\/04\/10\/administracao-de-colina-celebrou-a-pascoa-com-distribuicao-de-cerca-de-2-mil-ovos\/"},"wordCount":285,"commentCount":0,"publisher":{"@id":"https:\/\/regiaonews.net.br\/2022\/#organization"},"image":{"@id":"https:\/\/regiaonews.net.br\/2022\/2023\/04\/10\/administracao-de-colina-celebrou-a-pascoa-com-distribuicao-de-cerca-de-2-mil-ovos\/#primaryimage"},"thumbnailUrl":"https:\/\/regiaonews.net.br\/2022\/wp-content\/uploads\/2023\/04\/ovos-Colina.jpg","articleSection":["Colina","Cotidiano"],"inLanguage":"pt-BR","potentialAction":[{"@type":"CommentAction","name":"Comment","target":["https:\/\/regiaonews.net.br\/2022\/2023\/04\/10\/administracao-de-colina-celebrou-a-pascoa-com-distribuicao-de-cerca-de-2-mil-ovos\/#respond"]}]},{"@type":"WebPage","@id":"https:\/\/regiaonews.net.br\/2022\/2023\/04\/10\/administracao-de-colina-celebrou-a-pascoa-com-distribuicao-de-cerca-de-2-mil-ovos\/","url":"https:\/\/regiaonews.net.br\/2022\/2023\/04\/10\/administracao-de-colina-celebrou-a-pascoa-com-distribuicao-de-cerca-de-2-mil-ovos\/","name":"Administra\u00e7\u00e3o de Colina celebra p\u00e1scoa com distribui\u00e7\u00e3o de cerca de 2 mil ovos - Regi\u00e3o News","isPartOf":{"@id":"https:\/\/regiaonews.net.br\/2022\/#website"},"primaryImageOfPage":{"@id":"https:\/\/regiaonews.net.br\/2022\/2023\/04\/10\/administracao-de-colina-celebrou-a-pascoa-com-distribuicao-de-cerca-de-2-mil-ovos\/#primaryimage"},"image":{"@id":"https:\/\/regiaonews.net.br\/2022\/2023\/04\/10\/administracao-de-colina-celebrou-a-pascoa-com-distribuicao-de-cerca-de-2-mil-ovos\/#primaryimage"},"thumbnailUrl":"https:\/\/regiaonews.net.br\/2022\/wp-content\/uploads\/2023\/04\/ovos-Colina.jpg","datePublished":"2023-04-11T02:18:42+00:00","dateModified":"2023-04-11T07:39:38+00:00","breadcrumb":{"@id":"https:\/\/regiaonews.net.br\/2022\/2023\/04\/10\/administracao-de-colina-celebrou-a-pascoa-com-distribuicao-de-cerca-de-2-mil-ovos\/#breadcrumb"},"inLanguage":"pt-BR","potentialAction":[{"@type":"ReadAction","target":["https:\/\/regiaonews.net.br\/2022\/2023\/04\/10\/administracao-de-colina-celebrou-a-pascoa-com-distribuicao-de-cerca-de-2-mil-ovos\/"]}]},{"@type":"ImageObject","inLanguage":"pt-BR","@id":"https:\/\/regiaonews.net.br\/2022\/2023\/04\/10\/administracao-de-colina-celebrou-a-pascoa-com-distribuicao-de-cerca-de-2-mil-ovos\/#primaryimage","url":"https:\/\/regiaonews.net.br\/2022\/wp-content\/uploads\/2023\/04\/ovos-Colina.jpg","contentUrl":"https:\/\/regiaonews.net.br\/2022\/wp-content\/uploads\/2023\/04\/ovos-Colina.jpg","width":1600,"height":1064},{"@type":"BreadcrumbList","@id":"https:\/\/regiaonews.net.br\/2022\/2023\/04\/10\/administracao-de-colina-celebrou-a-pascoa-com-distribuicao-de-cerca-de-2-mil-ovos\/#breadcrumb","itemListElement":[{"@type":"ListItem","position":1,"name":"In\u00edcio","item":"https:\/\/regiaonews.net.br\/2022\/"},{"@type":"ListItem","position":2,"name":"Administra\u00e7\u00e3o de Colina celebra p\u00e1scoa com distribui\u00e7\u00e3o de cerca de 2 mil ovos"}]},{"@type":"WebSite","@id":"https:\/\/regiaonews.net.br\/2022\/#website","url":"https:\/\/regiaonews.net.br\/2022\/","name":"Regi\u00e3o News","description":"Site de Not\u00edcias de Barretos e regi\u00e3o","publisher":{"@id":"https:\/\/regiaonews.net.br\/2022\/#organization"},"potentialAction":[{"@type":"SearchAction","target":{"@type":"EntryPoint","urlTemplate":"https:\/\/regiaonews.net.br\/2022\/?s={search_term_string}"},"query-input":{"@type":"PropertyValueSpecification","valueRequired":true,"valueName":"search_term_string"}}],"inLanguage":"pt-BR"},{"@type":"Organization","@id":"https:\/\/regiaonews.net.br\/2022\/#organization","name":"Regi\u00e3o News","url":"https:\/\/regiaonews.net.br\/2022\/","logo":{"@type":"ImageObject","inLanguage":"pt-BR","@id":"https:\/\/regiaonews.net.br\/2022\/#\/schema\/logo\/image\/","url":"https:\/\/regiaonews.net.br\/2022\/wp-content\/uploads\/2026\/03\/regiao-13-anos-scaled.jpg","contentUrl":"https:\/\/regiaonews.net.br\/2022\/wp-content\/uploads\/2026\/03\/regiao-13-anos-scaled.jpg","width":2560,"height":635,"caption":"Regi\u00e3o News"},"image":{"@id":"https:\/\/regiaonews.net.br\/2022\/#\/schema\/logo\/image\/"}},{"@type":"Person","@id":"https:\/\/regiaonews.net.br\/2022\/#\/schema\/person\/2d205a608a5aa97ac279d7a5e6d89ad8","name":"Roberto","image":{"@type":"ImageObject","inLanguage":"pt-BR","@id":"https:\/\/secure.gravatar.com\/avatar\/42749d8b712ff9d59ca93dc150494e5b55a44134482993f5baeb97e61b7ecc89?s=96&d=mm&r=g","url":"https:\/\/secure.gravatar.com\/avatar\/42749d8b712ff9d59ca93dc150494e5b55a44134482993f5baeb97e61b7ecc89?s=96&d=mm&r=g","contentUrl":"https:\/\/secure.gravatar.com\/avatar\/42749d8b712ff9d59ca93dc150494e5b55a44134482993f5baeb97e61b7ecc89?s=96&d=mm&r=g","caption":"Roberto"},"url":"https:\/\/regiaonews.net.br\/2022\/author\/roberto\/"}]}},"publishpress_future_action":{"enabled":false,"date":"2026-05-02 03:21:55","action":"change-status","newStatus":"draft","terms":[],"taxonomy":"category","extraData":[]},"publishpress_future_workflow_manual_trigger":{"enabledWorkflows":[]},"_links":{"self":[{"href":"https:\/\/regiaonews.net.br\/2022\/wp-json\/wp\/v2\/posts\/86467","targetHints":{"allow":["GET"]}}],"collection":[{"href":"https:\/\/regiaonews.net.br\/2022\/wp-json\/wp\/v2\/posts"}],"about":[{"href":"https:\/\/regiaonews.net.br\/2022\/wp-json\/wp\/v2\/types\/post"}],"author":[{"embeddable":true,"href":"https:\/\/regiaonews.net.br\/2022\/wp-json\/wp\/v2\/users\/2"}],"replies":[{"embeddable":true,"href":"https:\/\/regiaonews.net.br\/2022\/wp-json\/wp\/v2\/comments?post=86467"}],"version-history":[{"count":2,"href":"https:\/\/regiaonews.net.br\/2022\/wp-json\/wp\/v2\/posts\/86467\/revisions"}],"predecessor-version":[{"id":86481,"href":"https:\/\/regiaonews.net.br\/2022\/wp-json\/wp\/v2\/posts\/86467\/revisions\/86481"}],"wp:featuredmedia":[{"embeddable":true,"href":"https:\/\/regiaonews.net.br\/2022\/wp-json\/wp\/v2\/media\/86468"}],"wp:attachment":[{"href":"https:\/\/regiaonews.net.br\/2022\/wp-json\/wp\/v2\/media?parent=86467"}],"wp:term":[{"taxonomy":"category","embeddable":true,"href":"https:\/\/regiaonews.net.br\/2022\/wp-json\/wp\/v2\/categories?post=86467"},{"taxonomy":"post_tag","embeddable":true,"href":"https:\/\/regiaonews.net.br\/2022\/wp-json\/wp\/v2\/tags?post=86467"}],"curies":[{"name":"wp","href":"https:\/\/api.w.org\/{rel}","templated":true}]}}