{"id":86464,"date":"2023-04-10T23:11:54","date_gmt":"2023-04-11T02:11:54","guid":{"rendered":"https:\/\/regiaonews.net.br\/2022\/?p=86464"},"modified":"2023-04-10T23:11:54","modified_gmt":"2023-04-11T02:11:54","slug":"prefeitura-de-colina-entrega-mais-um-onibus-para-o-transporte-escolar","status":"publish","type":"post","link":"https:\/\/regiaonews.net.br\/2022\/2023\/04\/10\/prefeitura-de-colina-entrega-mais-um-onibus-para-o-transporte-escolar\/","title":{"rendered":"Prefeitura de Colina entrega mais um \u00f4nibus para o transporte escolar"},"content":{"rendered":"<p>A Prefeitura Municipal de Colina entregou mais um novo \u00f4nibus para o transporte escolar da Rede Municipal de Ensino, por meio de conv\u00eanio com o Governo do Estado de S\u00e3o Paulo.<\/p>\n<p>No dia 24 de mar\u00e7o, o\u00a0 Prefeito Municipal de Colina, Dieb Taha, fez a entrega oficial das chaves \u00e0 Professora Elizabete Milani Neme, respons\u00e1vel pelo expediente da Secretaria Municipal de Educa\u00e7\u00e3o e Cultura e ao Secret\u00e1rio Municipal de Tr\u00e2nsito e Transportes, Jo\u00e3o Dias da Silva Filho.<\/p>\n<p>Este novo ve\u00edculo, da marca Mercedes-Benz, modelo ORE, possui capacidade para transportar 44 alunos sentados, apresenta adapta\u00e7\u00e3o para atender estudantes com defici\u00eancia e mobilidade reduzida, bem como toda a seguran\u00e7a necess\u00e1ria exigida pela legisla\u00e7\u00e3o para o transporte escolar. \u201cAgrade\u00e7o a Administra\u00e7\u00e3o Municipal pela constante preocupa\u00e7\u00e3o em proporcionar as melhores condi\u00e7\u00f5es de acesso \u00e0 educa\u00e7\u00e3o aos nossos alunos, transportando-os diariamente com seguran\u00e7a e conforto, por meio de uma frota renovada, com c\u00e2meras internas em todos os ve\u00edculos, manuten\u00e7\u00e3o mec\u00e2nica frequente e com acessibilidade para os alunos com defici\u00eancia\u201d, destacou a Prof\u00aa. Elizabete.<\/p>\n<p>O Prefeito Dieb destacou que a Educa\u00e7\u00e3o \u00e9 prioridade em seu governo. \u201cEstamos trabalhando para oferecer, cada vez mais, educa\u00e7\u00e3o de qualidade e excel\u00eancia no munic\u00edpio. Esse novo ve\u00edculo renova e amplia a frota municipal existente, que j\u00e1 possui v\u00e1rios \u00f4nibus novos e semi-novos, possibilitando um cuidado ainda maior com os nossos alunos. \u00c9 mais conforto e seguran\u00e7a para os alunos; tranquilidade e garantia para os pais de que seus filhos est\u00e3o sendo bem transportados\u201d, informou o Prefeito.<\/p>\n","protected":false},"excerpt":{"rendered":"<p>A Prefeitura Municipal de Colina entregou mais um novo \u00f4nibus<\/p>\n","protected":false},"author":2,"featured_media":86465,"comment_status":"open","ping_status":"open","sticky":false,"template":"","format":"standard","meta":{"footnotes":""},"categories":[5,111],"tags":[],"class_list":["post-86464","post","type-post","status-publish","format-standard","has-post-thumbnail","hentry","category-colina","category-cotidiano"],"yoast_head":"<!-- This site is optimized with the Yoast SEO plugin v27.4 - https:\/\/yoast.com\/product\/yoast-seo-wordpress\/ -->\n<title>Prefeitura de Colina entrega mais um \u00f4nibus para o transporte escolar - Regi\u00e3o News<\/title>\n<meta name=\"robots\" content=\"index, follow, max-snippet:-1, max-image-preview:large, max-video-preview:-1\" \/>\n<link rel=\"canonical\" href=\"https:\/\/regiaonews.net.br\/2022\/2023\/04\/10\/prefeitura-de-colina-entrega-mais-um-onibus-para-o-transporte-escolar\/\" \/>\n<meta property=\"og:locale\" content=\"pt_BR\" \/>\n<meta property=\"og:type\" content=\"article\" \/>\n<meta property=\"og:title\" content=\"Prefeitura de Colina entrega mais um \u00f4nibus para o transporte escolar - Regi\u00e3o News\" \/>\n<meta property=\"og:description\" content=\"A Prefeitura Municipal de Colina entregou mais um novo \u00f4nibus\" \/>\n<meta property=\"og:url\" content=\"https:\/\/regiaonews.net.br\/2022\/2023\/04\/10\/prefeitura-de-colina-entrega-mais-um-onibus-para-o-transporte-escolar\/\" \/>\n<meta property=\"og:site_name\" content=\"Regi\u00e3o News\" \/>\n<meta property=\"article:published_time\" content=\"2023-04-11T02:11:54+00:00\" \/>\n<meta property=\"og:image\" content=\"https:\/\/regiaonews.net.br\/2022\/wp-content\/uploads\/2023\/04\/onibus.jpg\" \/>\n\t<meta property=\"og:image:width\" content=\"900\" \/>\n\t<meta property=\"og:image:height\" content=\"599\" \/>\n\t<meta property=\"og:image:type\" content=\"image\/jpeg\" \/>\n<meta name=\"author\" content=\"Roberto\" \/>\n<meta name=\"twitter:card\" content=\"summary_large_image\" \/>\n<meta name=\"twitter:label1\" content=\"Escrito por\" \/>\n\t<meta name=\"twitter:data1\" content=\"Roberto\" \/>\n\t<meta name=\"twitter:label2\" content=\"Est. tempo de leitura\" \/>\n\t<meta name=\"twitter:data2\" content=\"2 minutos\" \/>\n<script type=\"application\/ld+json\" class=\"yoast-schema-graph\">{\"@context\":\"https:\\\/\\\/schema.org\",\"@graph\":[{\"@type\":\"Article\",\"@id\":\"https:\\\/\\\/regiaonews.net.br\\\/2022\\\/2023\\\/04\\\/10\\\/prefeitura-de-colina-entrega-mais-um-onibus-para-o-transporte-escolar\\\/#article\",\"isPartOf\":{\"@id\":\"https:\\\/\\\/regiaonews.net.br\\\/2022\\\/2023\\\/04\\\/10\\\/prefeitura-de-colina-entrega-mais-um-onibus-para-o-transporte-escolar\\\/\"},\"author\":{\"name\":\"Roberto\",\"@id\":\"https:\\\/\\\/regiaonews.net.br\\\/2022\\\/#\\\/schema\\\/person\\\/2d205a608a5aa97ac279d7a5e6d89ad8\"},\"headline\":\"Prefeitura de Colina entrega mais um \u00f4nibus para o transporte escolar\",\"datePublished\":\"2023-04-11T02:11:54+00:00\",\"mainEntityOfPage\":{\"@id\":\"https:\\\/\\\/regiaonews.net.br\\\/2022\\\/2023\\\/04\\\/10\\\/prefeitura-de-colina-entrega-mais-um-onibus-para-o-transporte-escolar\\\/\"},\"wordCount\":284,\"commentCount\":0,\"publisher\":{\"@id\":\"https:\\\/\\\/regiaonews.net.br\\\/2022\\\/#organization\"},\"image\":{\"@id\":\"https:\\\/\\\/regiaonews.net.br\\\/2022\\\/2023\\\/04\\\/10\\\/prefeitura-de-colina-entrega-mais-um-onibus-para-o-transporte-escolar\\\/#primaryimage\"},\"thumbnailUrl\":\"https:\\\/\\\/regiaonews.net.br\\\/2022\\\/wp-content\\\/uploads\\\/2023\\\/04\\\/onibus.jpg\",\"articleSection\":[\"Colina\",\"Cotidiano\"],\"inLanguage\":\"pt-BR\",\"potentialAction\":[{\"@type\":\"CommentAction\",\"name\":\"Comment\",\"target\":[\"https:\\\/\\\/regiaonews.net.br\\\/2022\\\/2023\\\/04\\\/10\\\/prefeitura-de-colina-entrega-mais-um-onibus-para-o-transporte-escolar\\\/#respond\"]}]},{\"@type\":\"WebPage\",\"@id\":\"https:\\\/\\\/regiaonews.net.br\\\/2022\\\/2023\\\/04\\\/10\\\/prefeitura-de-colina-entrega-mais-um-onibus-para-o-transporte-escolar\\\/\",\"url\":\"https:\\\/\\\/regiaonews.net.br\\\/2022\\\/2023\\\/04\\\/10\\\/prefeitura-de-colina-entrega-mais-um-onibus-para-o-transporte-escolar\\\/\",\"name\":\"Prefeitura de Colina entrega mais um \u00f4nibus para o transporte escolar - Regi\u00e3o News\",\"isPartOf\":{\"@id\":\"https:\\\/\\\/regiaonews.net.br\\\/2022\\\/#website\"},\"primaryImageOfPage\":{\"@id\":\"https:\\\/\\\/regiaonews.net.br\\\/2022\\\/2023\\\/04\\\/10\\\/prefeitura-de-colina-entrega-mais-um-onibus-para-o-transporte-escolar\\\/#primaryimage\"},\"image\":{\"@id\":\"https:\\\/\\\/regiaonews.net.br\\\/2022\\\/2023\\\/04\\\/10\\\/prefeitura-de-colina-entrega-mais-um-onibus-para-o-transporte-escolar\\\/#primaryimage\"},\"thumbnailUrl\":\"https:\\\/\\\/regiaonews.net.br\\\/2022\\\/wp-content\\\/uploads\\\/2023\\\/04\\\/onibus.jpg\",\"datePublished\":\"2023-04-11T02:11:54+00:00\",\"breadcrumb\":{\"@id\":\"https:\\\/\\\/regiaonews.net.br\\\/2022\\\/2023\\\/04\\\/10\\\/prefeitura-de-colina-entrega-mais-um-onibus-para-o-transporte-escolar\\\/#breadcrumb\"},\"inLanguage\":\"pt-BR\",\"potentialAction\":[{\"@type\":\"ReadAction\",\"target\":[\"https:\\\/\\\/regiaonews.net.br\\\/2022\\\/2023\\\/04\\\/10\\\/prefeitura-de-colina-entrega-mais-um-onibus-para-o-transporte-escolar\\\/\"]}]},{\"@type\":\"ImageObject\",\"inLanguage\":\"pt-BR\",\"@id\":\"https:\\\/\\\/regiaonews.net.br\\\/2022\\\/2023\\\/04\\\/10\\\/prefeitura-de-colina-entrega-mais-um-onibus-para-o-transporte-escolar\\\/#primaryimage\",\"url\":\"https:\\\/\\\/regiaonews.net.br\\\/2022\\\/wp-content\\\/uploads\\\/2023\\\/04\\\/onibus.jpg\",\"contentUrl\":\"https:\\\/\\\/regiaonews.net.br\\\/2022\\\/wp-content\\\/uploads\\\/2023\\\/04\\\/onibus.jpg\",\"width\":900,\"height\":599},{\"@type\":\"BreadcrumbList\",\"@id\":\"https:\\\/\\\/regiaonews.net.br\\\/2022\\\/2023\\\/04\\\/10\\\/prefeitura-de-colina-entrega-mais-um-onibus-para-o-transporte-escolar\\\/#breadcrumb\",\"itemListElement\":[{\"@type\":\"ListItem\",\"position\":1,\"name\":\"In\u00edcio\",\"item\":\"https:\\\/\\\/regiaonews.net.br\\\/2022\\\/\"},{\"@type\":\"ListItem\",\"position\":2,\"name\":\"Prefeitura de Colina entrega mais um \u00f4nibus para o transporte escolar\"}]},{\"@type\":\"WebSite\",\"@id\":\"https:\\\/\\\/regiaonews.net.br\\\/2022\\\/#website\",\"url\":\"https:\\\/\\\/regiaonews.net.br\\\/2022\\\/\",\"name\":\"Regi\u00e3o News\",\"description\":\"Site de Not\u00edcias de Barretos e regi\u00e3o\",\"publisher\":{\"@id\":\"https:\\\/\\\/regiaonews.net.br\\\/2022\\\/#organization\"},\"potentialAction\":[{\"@type\":\"SearchAction\",\"target\":{\"@type\":\"EntryPoint\",\"urlTemplate\":\"https:\\\/\\\/regiaonews.net.br\\\/2022\\\/?s={search_term_string}\"},\"query-input\":{\"@type\":\"PropertyValueSpecification\",\"valueRequired\":true,\"valueName\":\"search_term_string\"}}],\"inLanguage\":\"pt-BR\"},{\"@type\":\"Organization\",\"@id\":\"https:\\\/\\\/regiaonews.net.br\\\/2022\\\/#organization\",\"name\":\"Regi\u00e3o News\",\"url\":\"https:\\\/\\\/regiaonews.net.br\\\/2022\\\/\",\"logo\":{\"@type\":\"ImageObject\",\"inLanguage\":\"pt-BR\",\"@id\":\"https:\\\/\\\/regiaonews.net.br\\\/2022\\\/#\\\/schema\\\/logo\\\/image\\\/\",\"url\":\"https:\\\/\\\/regiaonews.net.br\\\/2022\\\/wp-content\\\/uploads\\\/2026\\\/03\\\/regiao-13-anos-scaled.jpg\",\"contentUrl\":\"https:\\\/\\\/regiaonews.net.br\\\/2022\\\/wp-content\\\/uploads\\\/2026\\\/03\\\/regiao-13-anos-scaled.jpg\",\"width\":2560,\"height\":635,\"caption\":\"Regi\u00e3o News\"},\"image\":{\"@id\":\"https:\\\/\\\/regiaonews.net.br\\\/2022\\\/#\\\/schema\\\/logo\\\/image\\\/\"}},{\"@type\":\"Person\",\"@id\":\"https:\\\/\\\/regiaonews.net.br\\\/2022\\\/#\\\/schema\\\/person\\\/2d205a608a5aa97ac279d7a5e6d89ad8\",\"name\":\"Roberto\",\"image\":{\"@type\":\"ImageObject\",\"inLanguage\":\"pt-BR\",\"@id\":\"https:\\\/\\\/secure.gravatar.com\\\/avatar\\\/42749d8b712ff9d59ca93dc150494e5b55a44134482993f5baeb97e61b7ecc89?s=96&d=mm&r=g\",\"url\":\"https:\\\/\\\/secure.gravatar.com\\\/avatar\\\/42749d8b712ff9d59ca93dc150494e5b55a44134482993f5baeb97e61b7ecc89?s=96&d=mm&r=g\",\"contentUrl\":\"https:\\\/\\\/secure.gravatar.com\\\/avatar\\\/42749d8b712ff9d59ca93dc150494e5b55a44134482993f5baeb97e61b7ecc89?s=96&d=mm&r=g\",\"caption\":\"Roberto\"},\"url\":\"https:\\\/\\\/regiaonews.net.br\\\/2022\\\/author\\\/roberto\\\/\"}]}<\/script>\n<!-- \/ Yoast SEO plugin. -->","yoast_head_json":{"title":"Prefeitura de Colina entrega mais um \u00f4nibus para o transporte escolar - Regi\u00e3o News","robots":{"index":"index","follow":"follow","max-snippet":"max-snippet:-1","max-image-preview":"max-image-preview:large","max-video-preview":"max-video-preview:-1"},"canonical":"https:\/\/regiaonews.net.br\/2022\/2023\/04\/10\/prefeitura-de-colina-entrega-mais-um-onibus-para-o-transporte-escolar\/","og_locale":"pt_BR","og_type":"article","og_title":"Prefeitura de Colina entrega mais um \u00f4nibus para o transporte escolar - Regi\u00e3o News","og_description":"A Prefeitura Municipal de Colina entregou mais um novo \u00f4nibus","og_url":"https:\/\/regiaonews.net.br\/2022\/2023\/04\/10\/prefeitura-de-colina-entrega-mais-um-onibus-para-o-transporte-escolar\/","og_site_name":"Regi\u00e3o News","article_published_time":"2023-04-11T02:11:54+00:00","og_image":[{"width":900,"height":599,"url":"https:\/\/regiaonews.net.br\/2022\/wp-content\/uploads\/2023\/04\/onibus.jpg","type":"image\/jpeg"}],"author":"Roberto","twitter_card":"summary_large_image","twitter_misc":{"Escrito por":"Roberto","Est. tempo de leitura":"2 minutos"},"schema":{"@context":"https:\/\/schema.org","@graph":[{"@type":"Article","@id":"https:\/\/regiaonews.net.br\/2022\/2023\/04\/10\/prefeitura-de-colina-entrega-mais-um-onibus-para-o-transporte-escolar\/#article","isPartOf":{"@id":"https:\/\/regiaonews.net.br\/2022\/2023\/04\/10\/prefeitura-de-colina-entrega-mais-um-onibus-para-o-transporte-escolar\/"},"author":{"name":"Roberto","@id":"https:\/\/regiaonews.net.br\/2022\/#\/schema\/person\/2d205a608a5aa97ac279d7a5e6d89ad8"},"headline":"Prefeitura de Colina entrega mais um \u00f4nibus para o transporte escolar","datePublished":"2023-04-11T02:11:54+00:00","mainEntityOfPage":{"@id":"https:\/\/regiaonews.net.br\/2022\/2023\/04\/10\/prefeitura-de-colina-entrega-mais-um-onibus-para-o-transporte-escolar\/"},"wordCount":284,"commentCount":0,"publisher":{"@id":"https:\/\/regiaonews.net.br\/2022\/#organization"},"image":{"@id":"https:\/\/regiaonews.net.br\/2022\/2023\/04\/10\/prefeitura-de-colina-entrega-mais-um-onibus-para-o-transporte-escolar\/#primaryimage"},"thumbnailUrl":"https:\/\/regiaonews.net.br\/2022\/wp-content\/uploads\/2023\/04\/onibus.jpg","articleSection":["Colina","Cotidiano"],"inLanguage":"pt-BR","potentialAction":[{"@type":"CommentAction","name":"Comment","target":["https:\/\/regiaonews.net.br\/2022\/2023\/04\/10\/prefeitura-de-colina-entrega-mais-um-onibus-para-o-transporte-escolar\/#respond"]}]},{"@type":"WebPage","@id":"https:\/\/regiaonews.net.br\/2022\/2023\/04\/10\/prefeitura-de-colina-entrega-mais-um-onibus-para-o-transporte-escolar\/","url":"https:\/\/regiaonews.net.br\/2022\/2023\/04\/10\/prefeitura-de-colina-entrega-mais-um-onibus-para-o-transporte-escolar\/","name":"Prefeitura de Colina entrega mais um \u00f4nibus para o transporte escolar - Regi\u00e3o News","isPartOf":{"@id":"https:\/\/regiaonews.net.br\/2022\/#website"},"primaryImageOfPage":{"@id":"https:\/\/regiaonews.net.br\/2022\/2023\/04\/10\/prefeitura-de-colina-entrega-mais-um-onibus-para-o-transporte-escolar\/#primaryimage"},"image":{"@id":"https:\/\/regiaonews.net.br\/2022\/2023\/04\/10\/prefeitura-de-colina-entrega-mais-um-onibus-para-o-transporte-escolar\/#primaryimage"},"thumbnailUrl":"https:\/\/regiaonews.net.br\/2022\/wp-content\/uploads\/2023\/04\/onibus.jpg","datePublished":"2023-04-11T02:11:54+00:00","breadcrumb":{"@id":"https:\/\/regiaonews.net.br\/2022\/2023\/04\/10\/prefeitura-de-colina-entrega-mais-um-onibus-para-o-transporte-escolar\/#breadcrumb"},"inLanguage":"pt-BR","potentialAction":[{"@type":"ReadAction","target":["https:\/\/regiaonews.net.br\/2022\/2023\/04\/10\/prefeitura-de-colina-entrega-mais-um-onibus-para-o-transporte-escolar\/"]}]},{"@type":"ImageObject","inLanguage":"pt-BR","@id":"https:\/\/regiaonews.net.br\/2022\/2023\/04\/10\/prefeitura-de-colina-entrega-mais-um-onibus-para-o-transporte-escolar\/#primaryimage","url":"https:\/\/regiaonews.net.br\/2022\/wp-content\/uploads\/2023\/04\/onibus.jpg","contentUrl":"https:\/\/regiaonews.net.br\/2022\/wp-content\/uploads\/2023\/04\/onibus.jpg","width":900,"height":599},{"@type":"BreadcrumbList","@id":"https:\/\/regiaonews.net.br\/2022\/2023\/04\/10\/prefeitura-de-colina-entrega-mais-um-onibus-para-o-transporte-escolar\/#breadcrumb","itemListElement":[{"@type":"ListItem","position":1,"name":"In\u00edcio","item":"https:\/\/regiaonews.net.br\/2022\/"},{"@type":"ListItem","position":2,"name":"Prefeitura de Colina entrega mais um \u00f4nibus para o transporte escolar"}]},{"@type":"WebSite","@id":"https:\/\/regiaonews.net.br\/2022\/#website","url":"https:\/\/regiaonews.net.br\/2022\/","name":"Regi\u00e3o News","description":"Site de Not\u00edcias de Barretos e regi\u00e3o","publisher":{"@id":"https:\/\/regiaonews.net.br\/2022\/#organization"},"potentialAction":[{"@type":"SearchAction","target":{"@type":"EntryPoint","urlTemplate":"https:\/\/regiaonews.net.br\/2022\/?s={search_term_string}"},"query-input":{"@type":"PropertyValueSpecification","valueRequired":true,"valueName":"search_term_string"}}],"inLanguage":"pt-BR"},{"@type":"Organization","@id":"https:\/\/regiaonews.net.br\/2022\/#organization","name":"Regi\u00e3o News","url":"https:\/\/regiaonews.net.br\/2022\/","logo":{"@type":"ImageObject","inLanguage":"pt-BR","@id":"https:\/\/regiaonews.net.br\/2022\/#\/schema\/logo\/image\/","url":"https:\/\/regiaonews.net.br\/2022\/wp-content\/uploads\/2026\/03\/regiao-13-anos-scaled.jpg","contentUrl":"https:\/\/regiaonews.net.br\/2022\/wp-content\/uploads\/2026\/03\/regiao-13-anos-scaled.jpg","width":2560,"height":635,"caption":"Regi\u00e3o News"},"image":{"@id":"https:\/\/regiaonews.net.br\/2022\/#\/schema\/logo\/image\/"}},{"@type":"Person","@id":"https:\/\/regiaonews.net.br\/2022\/#\/schema\/person\/2d205a608a5aa97ac279d7a5e6d89ad8","name":"Roberto","image":{"@type":"ImageObject","inLanguage":"pt-BR","@id":"https:\/\/secure.gravatar.com\/avatar\/42749d8b712ff9d59ca93dc150494e5b55a44134482993f5baeb97e61b7ecc89?s=96&d=mm&r=g","url":"https:\/\/secure.gravatar.com\/avatar\/42749d8b712ff9d59ca93dc150494e5b55a44134482993f5baeb97e61b7ecc89?s=96&d=mm&r=g","contentUrl":"https:\/\/secure.gravatar.com\/avatar\/42749d8b712ff9d59ca93dc150494e5b55a44134482993f5baeb97e61b7ecc89?s=96&d=mm&r=g","caption":"Roberto"},"url":"https:\/\/regiaonews.net.br\/2022\/author\/roberto\/"}]}},"publishpress_future_action":{"enabled":false,"date":"2026-05-02 02:07:23","action":"change-status","newStatus":"draft","terms":[],"taxonomy":"category","extraData":[]},"publishpress_future_workflow_manual_trigger":{"enabledWorkflows":[]},"_links":{"self":[{"href":"https:\/\/regiaonews.net.br\/2022\/wp-json\/wp\/v2\/posts\/86464","targetHints":{"allow":["GET"]}}],"collection":[{"href":"https:\/\/regiaonews.net.br\/2022\/wp-json\/wp\/v2\/posts"}],"about":[{"href":"https:\/\/regiaonews.net.br\/2022\/wp-json\/wp\/v2\/types\/post"}],"author":[{"embeddable":true,"href":"https:\/\/regiaonews.net.br\/2022\/wp-json\/wp\/v2\/users\/2"}],"replies":[{"embeddable":true,"href":"https:\/\/regiaonews.net.br\/2022\/wp-json\/wp\/v2\/comments?post=86464"}],"version-history":[{"count":1,"href":"https:\/\/regiaonews.net.br\/2022\/wp-json\/wp\/v2\/posts\/86464\/revisions"}],"predecessor-version":[{"id":86466,"href":"https:\/\/regiaonews.net.br\/2022\/wp-json\/wp\/v2\/posts\/86464\/revisions\/86466"}],"wp:featuredmedia":[{"embeddable":true,"href":"https:\/\/regiaonews.net.br\/2022\/wp-json\/wp\/v2\/media\/86465"}],"wp:attachment":[{"href":"https:\/\/regiaonews.net.br\/2022\/wp-json\/wp\/v2\/media?parent=86464"}],"wp:term":[{"taxonomy":"category","embeddable":true,"href":"https:\/\/regiaonews.net.br\/2022\/wp-json\/wp\/v2\/categories?post=86464"},{"taxonomy":"post_tag","embeddable":true,"href":"https:\/\/regiaonews.net.br\/2022\/wp-json\/wp\/v2\/tags?post=86464"}],"curies":[{"name":"wp","href":"https:\/\/api.w.org\/{rel}","templated":true}]}}