{"id":86460,"date":"2023-04-10T17:25:21","date_gmt":"2023-04-10T20:25:21","guid":{"rendered":"https:\/\/regiaonews.net.br\/2022\/?p=86460"},"modified":"2023-04-10T17:25:21","modified_gmt":"2023-04-10T20:25:21","slug":"samba-barretos-atrai-excursoes-de-diferentes-cidades","status":"publish","type":"post","link":"https:\/\/regiaonews.net.br\/2022\/2023\/04\/10\/samba-barretos-atrai-excursoes-de-diferentes-cidades\/","title":{"rendered":"Samba Barretos atrai excurs\u00f5es de diferentes cidades"},"content":{"rendered":"<h3 style=\"text-align: center;\">No sistema de \u201cbate e volta\u201d excursionistas se organizam para o evento que receber\u00e1 grandes nomes do samba, pagode e trap no Parque do Pe\u00e3o.<\/h3>\n<p>A segunda edi\u00e7\u00e3o do Samba Barretos acontece nos dias 14 e 15 de abril, no Parque do Pe\u00e3o, e excurs\u00f5es de diferentes partes do interior de S\u00e3o Paulo e at\u00e9 de Minas Gerais se tornam alternativas para quem quer curtir o evento.<\/p>\n<p>Faltando menos de dez dias para o festival, mais de 30 cidades est\u00e3o na lista de excursionistas oficiais do festival. Segundo a organiza\u00e7\u00e3o, as excurs\u00f5es s\u00e3o uma alternativa para quem quer aproveitar o evento sem se preocupar com deslocamento e hospedagem.<\/p>\n<p>Os \u00f4nibus e vans ter\u00e3o acesso ao estacionamento do evento e os excursionistas tamb\u00e9m podem adquirir os ingressos diretamente com a organiza\u00e7\u00e3o. Entre as cidades com grupos j\u00e1 confirmados est\u00e3o Franca, Praia Grande, Cajuru, Porto Ferreira, S\u00e3o Jos\u00e9 do Rio Preto, Ribeir\u00e3o Preto, Guaran\u00e9sia\/MG e Sacramento\/MG. Os contatos das excurs\u00f5es est\u00e3o dispon\u00edveis no perfil @sambabarretos<\/p>\n<p>Transfer em Barretos<br \/>\nAt\u00e9 quem \u00e9 de Barretos e quer aproveitar 100% a experi\u00eancia do Samba Barretos tem a op\u00e7\u00e3o de chegar ao Parque do Pe\u00e3o com transfer com excursionistas oficiais que sair\u00e3o de pontos marcados da cidade.<br \/>\nA lista oficial tamb\u00e9m est\u00e1 dispon\u00edvel no instagram oficial @sambabarretos ou pelo link lista completa.<\/p>\n<p>Programa\u00e7\u00e3o e ingressos<br \/>\nS\u00e3o nove atra\u00e7\u00f5es confirmadas no Samba Barretos: Sorriso Maroto, Menos \u00e9 Mais, Ferrugem e MC Cabelinho, no dia 14 (sexta) e ainda Zeca Pagodinho, Pixote, Karinah, Belo e Vulgo FK, no dia 15 (s\u00e1bado).<\/p>\n<p>Os ingressos est\u00e3o dispon\u00edveis para tr\u00eas op\u00e7\u00f5es de setores: Pista, Camarote Open e Front Stage. A venda acontece on-line por meio do site Show Pass (https:\/\/showpass.com.br\/samba_barretos) ou ainda em pontos de venda em Barretos, S\u00e3o Jos\u00e9 do Rio Preto e Ribeir\u00e3o Preto.<\/p>\n<p>Mais informa\u00e7\u00f5es: @sambabarretos<br \/>\nLoja Os Independentes:\u00a0(17)\u00a03322-9022<\/p>\n<p>Samba Barretos atrai excurs\u00f5es de diferentes cidades &#8211; Cr\u00e9dito:\u00a0Divulga\u00e7\u00e3o<\/p>\n","protected":false},"excerpt":{"rendered":"<p>No sistema de \u201cbate e volta\u201d excursionistas se organizam para<\/p>\n","protected":false},"author":2,"featured_media":86461,"comment_status":"open","ping_status":"open","sticky":false,"template":"","format":"standard","meta":{"footnotes":""},"categories":[14,3],"tags":[],"class_list":["post-86460","post","type-post","status-publish","format-standard","has-post-thumbnail","hentry","category-barretos","category-geral"],"yoast_head":"<!-- This site is optimized with the Yoast SEO plugin v27.4 - https:\/\/yoast.com\/product\/yoast-seo-wordpress\/ -->\n<title>Samba Barretos atrai excurs\u00f5es de diferentes cidades - Regi\u00e3o News<\/title>\n<meta name=\"robots\" content=\"index, follow, max-snippet:-1, max-image-preview:large, max-video-preview:-1\" \/>\n<link rel=\"canonical\" href=\"https:\/\/regiaonews.net.br\/2022\/2023\/04\/10\/samba-barretos-atrai-excursoes-de-diferentes-cidades\/\" \/>\n<meta property=\"og:locale\" content=\"pt_BR\" \/>\n<meta property=\"og:type\" content=\"article\" \/>\n<meta property=\"og:title\" content=\"Samba Barretos atrai excurs\u00f5es de diferentes cidades - Regi\u00e3o News\" \/>\n<meta property=\"og:description\" content=\"No sistema de \u201cbate e volta\u201d excursionistas se organizam para\" \/>\n<meta property=\"og:url\" content=\"https:\/\/regiaonews.net.br\/2022\/2023\/04\/10\/samba-barretos-atrai-excursoes-de-diferentes-cidades\/\" \/>\n<meta property=\"og:site_name\" content=\"Regi\u00e3o News\" \/>\n<meta property=\"article:published_time\" content=\"2023-04-10T20:25:21+00:00\" \/>\n<meta property=\"og:image\" content=\"https:\/\/regiaonews.net.br\/2022\/wp-content\/uploads\/2023\/04\/Imagem-do-WhatsApp-de-2023-04-10-as-17.23.06.jpg\" \/>\n\t<meta property=\"og:image:width\" content=\"1600\" \/>\n\t<meta property=\"og:image:height\" content=\"1068\" \/>\n\t<meta property=\"og:image:type\" content=\"image\/jpeg\" \/>\n<meta name=\"author\" content=\"Roberto\" \/>\n<meta name=\"twitter:card\" content=\"summary_large_image\" \/>\n<meta name=\"twitter:label1\" content=\"Escrito por\" \/>\n\t<meta name=\"twitter:data1\" content=\"Roberto\" \/>\n\t<meta name=\"twitter:label2\" content=\"Est. tempo de leitura\" \/>\n\t<meta name=\"twitter:data2\" content=\"2 minutos\" \/>\n<script type=\"application\/ld+json\" class=\"yoast-schema-graph\">{\"@context\":\"https:\\\/\\\/schema.org\",\"@graph\":[{\"@type\":\"Article\",\"@id\":\"https:\\\/\\\/regiaonews.net.br\\\/2022\\\/2023\\\/04\\\/10\\\/samba-barretos-atrai-excursoes-de-diferentes-cidades\\\/#article\",\"isPartOf\":{\"@id\":\"https:\\\/\\\/regiaonews.net.br\\\/2022\\\/2023\\\/04\\\/10\\\/samba-barretos-atrai-excursoes-de-diferentes-cidades\\\/\"},\"author\":{\"name\":\"Roberto\",\"@id\":\"https:\\\/\\\/regiaonews.net.br\\\/2022\\\/#\\\/schema\\\/person\\\/2d205a608a5aa97ac279d7a5e6d89ad8\"},\"headline\":\"Samba Barretos atrai excurs\u00f5es de diferentes cidades\",\"datePublished\":\"2023-04-10T20:25:21+00:00\",\"mainEntityOfPage\":{\"@id\":\"https:\\\/\\\/regiaonews.net.br\\\/2022\\\/2023\\\/04\\\/10\\\/samba-barretos-atrai-excursoes-de-diferentes-cidades\\\/\"},\"wordCount\":358,\"commentCount\":0,\"publisher\":{\"@id\":\"https:\\\/\\\/regiaonews.net.br\\\/2022\\\/#organization\"},\"image\":{\"@id\":\"https:\\\/\\\/regiaonews.net.br\\\/2022\\\/2023\\\/04\\\/10\\\/samba-barretos-atrai-excursoes-de-diferentes-cidades\\\/#primaryimage\"},\"thumbnailUrl\":\"https:\\\/\\\/regiaonews.net.br\\\/2022\\\/wp-content\\\/uploads\\\/2023\\\/04\\\/Imagem-do-WhatsApp-de-2023-04-10-as-17.23.06.jpg\",\"articleSection\":[\"Barretos\",\"Geral\"],\"inLanguage\":\"pt-BR\",\"potentialAction\":[{\"@type\":\"CommentAction\",\"name\":\"Comment\",\"target\":[\"https:\\\/\\\/regiaonews.net.br\\\/2022\\\/2023\\\/04\\\/10\\\/samba-barretos-atrai-excursoes-de-diferentes-cidades\\\/#respond\"]}]},{\"@type\":\"WebPage\",\"@id\":\"https:\\\/\\\/regiaonews.net.br\\\/2022\\\/2023\\\/04\\\/10\\\/samba-barretos-atrai-excursoes-de-diferentes-cidades\\\/\",\"url\":\"https:\\\/\\\/regiaonews.net.br\\\/2022\\\/2023\\\/04\\\/10\\\/samba-barretos-atrai-excursoes-de-diferentes-cidades\\\/\",\"name\":\"Samba Barretos atrai excurs\u00f5es de diferentes cidades - Regi\u00e3o News\",\"isPartOf\":{\"@id\":\"https:\\\/\\\/regiaonews.net.br\\\/2022\\\/#website\"},\"primaryImageOfPage\":{\"@id\":\"https:\\\/\\\/regiaonews.net.br\\\/2022\\\/2023\\\/04\\\/10\\\/samba-barretos-atrai-excursoes-de-diferentes-cidades\\\/#primaryimage\"},\"image\":{\"@id\":\"https:\\\/\\\/regiaonews.net.br\\\/2022\\\/2023\\\/04\\\/10\\\/samba-barretos-atrai-excursoes-de-diferentes-cidades\\\/#primaryimage\"},\"thumbnailUrl\":\"https:\\\/\\\/regiaonews.net.br\\\/2022\\\/wp-content\\\/uploads\\\/2023\\\/04\\\/Imagem-do-WhatsApp-de-2023-04-10-as-17.23.06.jpg\",\"datePublished\":\"2023-04-10T20:25:21+00:00\",\"breadcrumb\":{\"@id\":\"https:\\\/\\\/regiaonews.net.br\\\/2022\\\/2023\\\/04\\\/10\\\/samba-barretos-atrai-excursoes-de-diferentes-cidades\\\/#breadcrumb\"},\"inLanguage\":\"pt-BR\",\"potentialAction\":[{\"@type\":\"ReadAction\",\"target\":[\"https:\\\/\\\/regiaonews.net.br\\\/2022\\\/2023\\\/04\\\/10\\\/samba-barretos-atrai-excursoes-de-diferentes-cidades\\\/\"]}]},{\"@type\":\"ImageObject\",\"inLanguage\":\"pt-BR\",\"@id\":\"https:\\\/\\\/regiaonews.net.br\\\/2022\\\/2023\\\/04\\\/10\\\/samba-barretos-atrai-excursoes-de-diferentes-cidades\\\/#primaryimage\",\"url\":\"https:\\\/\\\/regiaonews.net.br\\\/2022\\\/wp-content\\\/uploads\\\/2023\\\/04\\\/Imagem-do-WhatsApp-de-2023-04-10-as-17.23.06.jpg\",\"contentUrl\":\"https:\\\/\\\/regiaonews.net.br\\\/2022\\\/wp-content\\\/uploads\\\/2023\\\/04\\\/Imagem-do-WhatsApp-de-2023-04-10-as-17.23.06.jpg\",\"width\":1600,\"height\":1068},{\"@type\":\"BreadcrumbList\",\"@id\":\"https:\\\/\\\/regiaonews.net.br\\\/2022\\\/2023\\\/04\\\/10\\\/samba-barretos-atrai-excursoes-de-diferentes-cidades\\\/#breadcrumb\",\"itemListElement\":[{\"@type\":\"ListItem\",\"position\":1,\"name\":\"In\u00edcio\",\"item\":\"https:\\\/\\\/regiaonews.net.br\\\/2022\\\/\"},{\"@type\":\"ListItem\",\"position\":2,\"name\":\"Samba Barretos atrai excurs\u00f5es de diferentes cidades\"}]},{\"@type\":\"WebSite\",\"@id\":\"https:\\\/\\\/regiaonews.net.br\\\/2022\\\/#website\",\"url\":\"https:\\\/\\\/regiaonews.net.br\\\/2022\\\/\",\"name\":\"Regi\u00e3o News\",\"description\":\"Site de Not\u00edcias de Barretos e regi\u00e3o\",\"publisher\":{\"@id\":\"https:\\\/\\\/regiaonews.net.br\\\/2022\\\/#organization\"},\"potentialAction\":[{\"@type\":\"SearchAction\",\"target\":{\"@type\":\"EntryPoint\",\"urlTemplate\":\"https:\\\/\\\/regiaonews.net.br\\\/2022\\\/?s={search_term_string}\"},\"query-input\":{\"@type\":\"PropertyValueSpecification\",\"valueRequired\":true,\"valueName\":\"search_term_string\"}}],\"inLanguage\":\"pt-BR\"},{\"@type\":\"Organization\",\"@id\":\"https:\\\/\\\/regiaonews.net.br\\\/2022\\\/#organization\",\"name\":\"Regi\u00e3o News\",\"url\":\"https:\\\/\\\/regiaonews.net.br\\\/2022\\\/\",\"logo\":{\"@type\":\"ImageObject\",\"inLanguage\":\"pt-BR\",\"@id\":\"https:\\\/\\\/regiaonews.net.br\\\/2022\\\/#\\\/schema\\\/logo\\\/image\\\/\",\"url\":\"https:\\\/\\\/regiaonews.net.br\\\/2022\\\/wp-content\\\/uploads\\\/2026\\\/03\\\/regiao-13-anos-scaled.jpg\",\"contentUrl\":\"https:\\\/\\\/regiaonews.net.br\\\/2022\\\/wp-content\\\/uploads\\\/2026\\\/03\\\/regiao-13-anos-scaled.jpg\",\"width\":2560,\"height\":635,\"caption\":\"Regi\u00e3o News\"},\"image\":{\"@id\":\"https:\\\/\\\/regiaonews.net.br\\\/2022\\\/#\\\/schema\\\/logo\\\/image\\\/\"}},{\"@type\":\"Person\",\"@id\":\"https:\\\/\\\/regiaonews.net.br\\\/2022\\\/#\\\/schema\\\/person\\\/2d205a608a5aa97ac279d7a5e6d89ad8\",\"name\":\"Roberto\",\"image\":{\"@type\":\"ImageObject\",\"inLanguage\":\"pt-BR\",\"@id\":\"https:\\\/\\\/secure.gravatar.com\\\/avatar\\\/42749d8b712ff9d59ca93dc150494e5b55a44134482993f5baeb97e61b7ecc89?s=96&d=mm&r=g\",\"url\":\"https:\\\/\\\/secure.gravatar.com\\\/avatar\\\/42749d8b712ff9d59ca93dc150494e5b55a44134482993f5baeb97e61b7ecc89?s=96&d=mm&r=g\",\"contentUrl\":\"https:\\\/\\\/secure.gravatar.com\\\/avatar\\\/42749d8b712ff9d59ca93dc150494e5b55a44134482993f5baeb97e61b7ecc89?s=96&d=mm&r=g\",\"caption\":\"Roberto\"},\"url\":\"https:\\\/\\\/regiaonews.net.br\\\/2022\\\/author\\\/roberto\\\/\"}]}<\/script>\n<!-- \/ Yoast SEO plugin. -->","yoast_head_json":{"title":"Samba Barretos atrai excurs\u00f5es de diferentes cidades - Regi\u00e3o News","robots":{"index":"index","follow":"follow","max-snippet":"max-snippet:-1","max-image-preview":"max-image-preview:large","max-video-preview":"max-video-preview:-1"},"canonical":"https:\/\/regiaonews.net.br\/2022\/2023\/04\/10\/samba-barretos-atrai-excursoes-de-diferentes-cidades\/","og_locale":"pt_BR","og_type":"article","og_title":"Samba Barretos atrai excurs\u00f5es de diferentes cidades - Regi\u00e3o News","og_description":"No sistema de \u201cbate e volta\u201d excursionistas se organizam para","og_url":"https:\/\/regiaonews.net.br\/2022\/2023\/04\/10\/samba-barretos-atrai-excursoes-de-diferentes-cidades\/","og_site_name":"Regi\u00e3o News","article_published_time":"2023-04-10T20:25:21+00:00","og_image":[{"width":1600,"height":1068,"url":"https:\/\/regiaonews.net.br\/2022\/wp-content\/uploads\/2023\/04\/Imagem-do-WhatsApp-de-2023-04-10-as-17.23.06.jpg","type":"image\/jpeg"}],"author":"Roberto","twitter_card":"summary_large_image","twitter_misc":{"Escrito por":"Roberto","Est. tempo de leitura":"2 minutos"},"schema":{"@context":"https:\/\/schema.org","@graph":[{"@type":"Article","@id":"https:\/\/regiaonews.net.br\/2022\/2023\/04\/10\/samba-barretos-atrai-excursoes-de-diferentes-cidades\/#article","isPartOf":{"@id":"https:\/\/regiaonews.net.br\/2022\/2023\/04\/10\/samba-barretos-atrai-excursoes-de-diferentes-cidades\/"},"author":{"name":"Roberto","@id":"https:\/\/regiaonews.net.br\/2022\/#\/schema\/person\/2d205a608a5aa97ac279d7a5e6d89ad8"},"headline":"Samba Barretos atrai excurs\u00f5es de diferentes cidades","datePublished":"2023-04-10T20:25:21+00:00","mainEntityOfPage":{"@id":"https:\/\/regiaonews.net.br\/2022\/2023\/04\/10\/samba-barretos-atrai-excursoes-de-diferentes-cidades\/"},"wordCount":358,"commentCount":0,"publisher":{"@id":"https:\/\/regiaonews.net.br\/2022\/#organization"},"image":{"@id":"https:\/\/regiaonews.net.br\/2022\/2023\/04\/10\/samba-barretos-atrai-excursoes-de-diferentes-cidades\/#primaryimage"},"thumbnailUrl":"https:\/\/regiaonews.net.br\/2022\/wp-content\/uploads\/2023\/04\/Imagem-do-WhatsApp-de-2023-04-10-as-17.23.06.jpg","articleSection":["Barretos","Geral"],"inLanguage":"pt-BR","potentialAction":[{"@type":"CommentAction","name":"Comment","target":["https:\/\/regiaonews.net.br\/2022\/2023\/04\/10\/samba-barretos-atrai-excursoes-de-diferentes-cidades\/#respond"]}]},{"@type":"WebPage","@id":"https:\/\/regiaonews.net.br\/2022\/2023\/04\/10\/samba-barretos-atrai-excursoes-de-diferentes-cidades\/","url":"https:\/\/regiaonews.net.br\/2022\/2023\/04\/10\/samba-barretos-atrai-excursoes-de-diferentes-cidades\/","name":"Samba Barretos atrai excurs\u00f5es de diferentes cidades - Regi\u00e3o News","isPartOf":{"@id":"https:\/\/regiaonews.net.br\/2022\/#website"},"primaryImageOfPage":{"@id":"https:\/\/regiaonews.net.br\/2022\/2023\/04\/10\/samba-barretos-atrai-excursoes-de-diferentes-cidades\/#primaryimage"},"image":{"@id":"https:\/\/regiaonews.net.br\/2022\/2023\/04\/10\/samba-barretos-atrai-excursoes-de-diferentes-cidades\/#primaryimage"},"thumbnailUrl":"https:\/\/regiaonews.net.br\/2022\/wp-content\/uploads\/2023\/04\/Imagem-do-WhatsApp-de-2023-04-10-as-17.23.06.jpg","datePublished":"2023-04-10T20:25:21+00:00","breadcrumb":{"@id":"https:\/\/regiaonews.net.br\/2022\/2023\/04\/10\/samba-barretos-atrai-excursoes-de-diferentes-cidades\/#breadcrumb"},"inLanguage":"pt-BR","potentialAction":[{"@type":"ReadAction","target":["https:\/\/regiaonews.net.br\/2022\/2023\/04\/10\/samba-barretos-atrai-excursoes-de-diferentes-cidades\/"]}]},{"@type":"ImageObject","inLanguage":"pt-BR","@id":"https:\/\/regiaonews.net.br\/2022\/2023\/04\/10\/samba-barretos-atrai-excursoes-de-diferentes-cidades\/#primaryimage","url":"https:\/\/regiaonews.net.br\/2022\/wp-content\/uploads\/2023\/04\/Imagem-do-WhatsApp-de-2023-04-10-as-17.23.06.jpg","contentUrl":"https:\/\/regiaonews.net.br\/2022\/wp-content\/uploads\/2023\/04\/Imagem-do-WhatsApp-de-2023-04-10-as-17.23.06.jpg","width":1600,"height":1068},{"@type":"BreadcrumbList","@id":"https:\/\/regiaonews.net.br\/2022\/2023\/04\/10\/samba-barretos-atrai-excursoes-de-diferentes-cidades\/#breadcrumb","itemListElement":[{"@type":"ListItem","position":1,"name":"In\u00edcio","item":"https:\/\/regiaonews.net.br\/2022\/"},{"@type":"ListItem","position":2,"name":"Samba Barretos atrai excurs\u00f5es de diferentes cidades"}]},{"@type":"WebSite","@id":"https:\/\/regiaonews.net.br\/2022\/#website","url":"https:\/\/regiaonews.net.br\/2022\/","name":"Regi\u00e3o News","description":"Site de Not\u00edcias de Barretos e regi\u00e3o","publisher":{"@id":"https:\/\/regiaonews.net.br\/2022\/#organization"},"potentialAction":[{"@type":"SearchAction","target":{"@type":"EntryPoint","urlTemplate":"https:\/\/regiaonews.net.br\/2022\/?s={search_term_string}"},"query-input":{"@type":"PropertyValueSpecification","valueRequired":true,"valueName":"search_term_string"}}],"inLanguage":"pt-BR"},{"@type":"Organization","@id":"https:\/\/regiaonews.net.br\/2022\/#organization","name":"Regi\u00e3o News","url":"https:\/\/regiaonews.net.br\/2022\/","logo":{"@type":"ImageObject","inLanguage":"pt-BR","@id":"https:\/\/regiaonews.net.br\/2022\/#\/schema\/logo\/image\/","url":"https:\/\/regiaonews.net.br\/2022\/wp-content\/uploads\/2026\/03\/regiao-13-anos-scaled.jpg","contentUrl":"https:\/\/regiaonews.net.br\/2022\/wp-content\/uploads\/2026\/03\/regiao-13-anos-scaled.jpg","width":2560,"height":635,"caption":"Regi\u00e3o News"},"image":{"@id":"https:\/\/regiaonews.net.br\/2022\/#\/schema\/logo\/image\/"}},{"@type":"Person","@id":"https:\/\/regiaonews.net.br\/2022\/#\/schema\/person\/2d205a608a5aa97ac279d7a5e6d89ad8","name":"Roberto","image":{"@type":"ImageObject","inLanguage":"pt-BR","@id":"https:\/\/secure.gravatar.com\/avatar\/42749d8b712ff9d59ca93dc150494e5b55a44134482993f5baeb97e61b7ecc89?s=96&d=mm&r=g","url":"https:\/\/secure.gravatar.com\/avatar\/42749d8b712ff9d59ca93dc150494e5b55a44134482993f5baeb97e61b7ecc89?s=96&d=mm&r=g","contentUrl":"https:\/\/secure.gravatar.com\/avatar\/42749d8b712ff9d59ca93dc150494e5b55a44134482993f5baeb97e61b7ecc89?s=96&d=mm&r=g","caption":"Roberto"},"url":"https:\/\/regiaonews.net.br\/2022\/author\/roberto\/"}]}},"publishpress_future_action":{"enabled":false,"date":"2026-05-02 03:38:49","action":"change-status","newStatus":"draft","terms":[],"taxonomy":"category","extraData":[]},"publishpress_future_workflow_manual_trigger":{"enabledWorkflows":[]},"_links":{"self":[{"href":"https:\/\/regiaonews.net.br\/2022\/wp-json\/wp\/v2\/posts\/86460","targetHints":{"allow":["GET"]}}],"collection":[{"href":"https:\/\/regiaonews.net.br\/2022\/wp-json\/wp\/v2\/posts"}],"about":[{"href":"https:\/\/regiaonews.net.br\/2022\/wp-json\/wp\/v2\/types\/post"}],"author":[{"embeddable":true,"href":"https:\/\/regiaonews.net.br\/2022\/wp-json\/wp\/v2\/users\/2"}],"replies":[{"embeddable":true,"href":"https:\/\/regiaonews.net.br\/2022\/wp-json\/wp\/v2\/comments?post=86460"}],"version-history":[{"count":1,"href":"https:\/\/regiaonews.net.br\/2022\/wp-json\/wp\/v2\/posts\/86460\/revisions"}],"predecessor-version":[{"id":86462,"href":"https:\/\/regiaonews.net.br\/2022\/wp-json\/wp\/v2\/posts\/86460\/revisions\/86462"}],"wp:featuredmedia":[{"embeddable":true,"href":"https:\/\/regiaonews.net.br\/2022\/wp-json\/wp\/v2\/media\/86461"}],"wp:attachment":[{"href":"https:\/\/regiaonews.net.br\/2022\/wp-json\/wp\/v2\/media?parent=86460"}],"wp:term":[{"taxonomy":"category","embeddable":true,"href":"https:\/\/regiaonews.net.br\/2022\/wp-json\/wp\/v2\/categories?post=86460"},{"taxonomy":"post_tag","embeddable":true,"href":"https:\/\/regiaonews.net.br\/2022\/wp-json\/wp\/v2\/tags?post=86460"}],"curies":[{"name":"wp","href":"https:\/\/api.w.org\/{rel}","templated":true}]}}