{"id":86259,"date":"2023-04-05T22:00:34","date_gmt":"2023-04-06T01:00:34","guid":{"rendered":"https:\/\/regiaonews.net.br\/2022\/?p=86259"},"modified":"2023-04-05T22:00:34","modified_gmt":"2023-04-06T01:00:34","slug":"primeiro-duelo-da-final-da-serie-a2-termina-empatada-em-1-a-1","status":"publish","type":"post","link":"https:\/\/regiaonews.net.br\/2022\/2023\/04\/05\/primeiro-duelo-da-final-da-serie-a2-termina-empatada-em-1-a-1\/","title":{"rendered":"Primeiro duelo da final da  S\u00e9rie A2 termina empatada em 1 a 1"},"content":{"rendered":"<div class=\"wrapper\">\n<div class=\"box-share\"><\/div>\n<div class=\"row col-equal-h clear\">\n<div class=\"post col-md-9 col-sm-12\">Na noite desta quarta-feira (5), no est\u00e1dio Jorge Ismael de Biase, mesmo com um a menos, a Ponte Preta suportou a press\u00e3o do Novorizontino e segurou empate por 1 a 1, em Novo Horizonte, e levou a decis\u00e3o para Campinas. R\u00f4mulo e Jeh foram os autores dos gols. Sem vantagem, quem vencer o jogo da volta, ficar\u00e1 com o t\u00edtulo estadual. Caso haja um novo empate, o t\u00edtulo ser\u00e1 decidido nos p\u00eanaltis.<\/p>\n<p>Os donos da casa abriram o placar com R\u00f4mulo, logo ap\u00f3s a expuls\u00e3o de Pablo Dyego, mas viram a Ponte Preta empatar com Jeh, ainda na primeira etapa. Apesar da diferen\u00e7a num\u00e9rica, a final seguiu aberta com grandes chances para os dois lados. O jogo da volta ser\u00e1 no s\u00e1bado (8), \u00e0s 15h, no Mois\u00e9s Lucarelli, em Campinas.<\/p>\n<p>A final come\u00e7ou bastante estudada e o equil\u00edbrio deu a letra no in\u00edcio da partida. Jogando em casa, o Novorizontino tinha mais iniciativa\u00a0ofensiva e chegava pr\u00f3ximo ao gol de Ca\u00edque, como com um chute de fora da \u00e1rea\u00a0de R\u00f4mulo, defendida em dois tempos. Aos poucos, a Ponte Preta foi se soltando. Pelo alto, o time de Campinas quase abriu o placar com Matheus Jesus. Trocando passes, J\u00fanior Tavares ergueu a bola na \u00e1rea e o volante como homem surpresa\u00a0chegou finalizando, para um milagre de Georgemy, que no rebote consegui tirar a tempo que Jeh empurrasse para as redes.<\/p>\n<p>A Ponte Preta seguiu pressionando. Aproveitando os erros da sa\u00edda de bola, Pablo Dyego arriscou da entrada da \u00e1rea e viu a bola passar rente \u00e0 trave. O mesmo atacante que aos 37 minutos viria a ser expulso. O atacante dividiu com a defesa e, na queda, acabou deixando o p\u00e9 no peito de Aylon. Ap\u00f3s revis\u00e3o do VAR, o juiz Luiz Fl\u00e1vio de Oliveira retirou o cart\u00e3o amarelo e aplicou o vermelho direto. Foi a deixa para o Novorizontino subir suas linhas e abrir o placar. Aproveitando a superioridade num\u00e9rica, os donos da casa pressionaram a sa\u00edda de bola e R\u00f4mulo, de fora da \u00e1rea, finalizou colocado, tirando Ca\u00edque Fran\u00e7a da jogada, aos 43 minutos. Detalhe: a bola ainda bateu na trave antes de entrar.<\/p>\n<p>A expuls\u00e3o e o gol deixaram a Ponte Preta pilhada. Sem conseguir controlar a partida, o time n\u00e3o conseguia conectar o meio campo com o ataque. At\u00e9 que Jeh, aos 47, empatou a final. O artilheiro aproveitou a sa\u00edda errada de C\u00e9sar Martins e emendou um lindo chute de fora da \u00e1rea, sem chances para Georgemy. Nervoso, o Novorizontino tentou um abafa. No \u00faltimo lance, Ca\u00edque deu rebote em chute de\u00a0 Aylon, mas Marlon isolou.<\/p>\n<p>A segunda etapa come\u00e7ou quente. Buscando a vantagem com um a mais, o Novorizontino voltou mais ofensivo. Criando\u00a0jogadas,\u00a0principalmente pelo lado direito, os donos da casa rondavam a \u00e1rea advers\u00e1ria. Na melhor chance, Ca\u00edque operou um milagre. Ap\u00f3s cobran\u00e7a de escanteio, Marlon desviou na primeira trave, Cesar Martins finalizou e o arqueiro, com as pontas dos dedos, tirou o gol. A bola ainda viria bater no travess\u00e3o antes de sair.<\/p>\n<p>Apesar da diferen\u00e7a num\u00e9rica, a Ponte Preta n\u00e3o abdicou-se de jogar. Fazendo se valer de contra-ataques, L\u00e9o Naldi chutou de fora da \u00e1rea e obrigando o goleiro a espalmar para escanteio. Depois, Jeh, sem \u00e2ngulo, tamb\u00e9m arriscou. O tempo foi passando e o cansa\u00e7o come\u00e7ou a dar as caras no time de Campinas. Pressionando no campo de ataque, o Novorizontino n\u00e3o conseguia\u00a0furar a defesa e via suas tentativas\u00a0a\u00e9reas serem facilmente\u00a0cortadas.<\/p>\n<p>Na reta final, os mandantes subiram o tom. Fazendo press\u00e3o, a equipe ainda encontrava dificuldade de vazar a muralha pontepretana. Pelo alto, Ronaldo teve a chance, mas cabeceou fraco. Depois foi a vez de Renan Gorne mandar por cima do gol. Nos acr\u00e9scimos, a Ponte Preta colocou a bola no ch\u00e3o e segurou a bola no ataque at\u00e9 o apito final.<\/p><\/div>\n<div class=\"ultimas-noticias col-md-3 col-sm-12\"><\/div>\n<\/div>\n<section class=\"noticias\">\n<div class=\"galeria wrapper\">\n<div><\/div>\n<div class=\"col-sm-9\">Foto &#8211; Lance da final da S\u00e9rie A2 entre Novorizontino e Ponte Preta (Foto: Diego Almeida)<\/div>\n<\/div>\n<\/section>\n<\/div>\n<section class=\"noticias-relacionadas\">\n<div class=\"wrapper\"><\/div>\n<\/section>\n","protected":false},"excerpt":{"rendered":"<p>Na noite desta quarta-feira (5), no est\u00e1dio Jorge Ismael de<\/p>\n","protected":false},"author":2,"featured_media":86260,"comment_status":"open","ping_status":"open","sticky":false,"template":"","format":"standard","meta":{"footnotes":""},"categories":[1],"tags":[],"class_list":["post-86259","post","type-post","status-publish","format-standard","has-post-thumbnail","hentry","category-indefinido"],"yoast_head":"<!-- This site is optimized with the Yoast SEO plugin v27.4 - https:\/\/yoast.com\/product\/yoast-seo-wordpress\/ -->\n<title>Primeiro duelo da final da S\u00e9rie A2 termina empatada em 1 a 1 - Regi\u00e3o News<\/title>\n<meta name=\"robots\" content=\"index, follow, max-snippet:-1, max-image-preview:large, max-video-preview:-1\" \/>\n<link rel=\"canonical\" href=\"https:\/\/regiaonews.net.br\/2022\/2023\/04\/05\/primeiro-duelo-da-final-da-serie-a2-termina-empatada-em-1-a-1\/\" \/>\n<meta property=\"og:locale\" content=\"pt_BR\" \/>\n<meta property=\"og:type\" content=\"article\" \/>\n<meta property=\"og:title\" content=\"Primeiro duelo da final da S\u00e9rie A2 termina empatada em 1 a 1 - Regi\u00e3o News\" \/>\n<meta property=\"og:description\" content=\"Na noite desta quarta-feira (5), no est\u00e1dio Jorge Ismael de\" \/>\n<meta property=\"og:url\" content=\"https:\/\/regiaonews.net.br\/2022\/2023\/04\/05\/primeiro-duelo-da-final-da-serie-a2-termina-empatada-em-1-a-1\/\" \/>\n<meta property=\"og:site_name\" content=\"Regi\u00e3o News\" \/>\n<meta property=\"article:published_time\" content=\"2023-04-06T01:00:34+00:00\" \/>\n<meta property=\"og:image\" content=\"https:\/\/regiaonews.net.br\/2022\/wp-content\/uploads\/2023\/04\/novo-e-ponte.jpg\" \/>\n\t<meta property=\"og:image:width\" content=\"602\" \/>\n\t<meta property=\"og:image:height\" content=\"334\" \/>\n\t<meta property=\"og:image:type\" content=\"image\/jpeg\" \/>\n<meta name=\"author\" content=\"Roberto\" \/>\n<meta name=\"twitter:card\" content=\"summary_large_image\" \/>\n<meta name=\"twitter:label1\" content=\"Escrito por\" \/>\n\t<meta name=\"twitter:data1\" content=\"Roberto\" \/>\n\t<meta name=\"twitter:label2\" content=\"Est. tempo de leitura\" \/>\n\t<meta name=\"twitter:data2\" content=\"4 minutos\" \/>\n<script type=\"application\/ld+json\" class=\"yoast-schema-graph\">{\"@context\":\"https:\\\/\\\/schema.org\",\"@graph\":[{\"@type\":\"Article\",\"@id\":\"https:\\\/\\\/regiaonews.net.br\\\/2022\\\/2023\\\/04\\\/05\\\/primeiro-duelo-da-final-da-serie-a2-termina-empatada-em-1-a-1\\\/#article\",\"isPartOf\":{\"@id\":\"https:\\\/\\\/regiaonews.net.br\\\/2022\\\/2023\\\/04\\\/05\\\/primeiro-duelo-da-final-da-serie-a2-termina-empatada-em-1-a-1\\\/\"},\"author\":{\"name\":\"Roberto\",\"@id\":\"https:\\\/\\\/regiaonews.net.br\\\/2022\\\/#\\\/schema\\\/person\\\/2d205a608a5aa97ac279d7a5e6d89ad8\"},\"headline\":\"Primeiro duelo da final da S\u00e9rie A2 termina empatada em 1 a 1\",\"datePublished\":\"2023-04-06T01:00:34+00:00\",\"mainEntityOfPage\":{\"@id\":\"https:\\\/\\\/regiaonews.net.br\\\/2022\\\/2023\\\/04\\\/05\\\/primeiro-duelo-da-final-da-serie-a2-termina-empatada-em-1-a-1\\\/\"},\"wordCount\":712,\"commentCount\":0,\"publisher\":{\"@id\":\"https:\\\/\\\/regiaonews.net.br\\\/2022\\\/#organization\"},\"image\":{\"@id\":\"https:\\\/\\\/regiaonews.net.br\\\/2022\\\/2023\\\/04\\\/05\\\/primeiro-duelo-da-final-da-serie-a2-termina-empatada-em-1-a-1\\\/#primaryimage\"},\"thumbnailUrl\":\"https:\\\/\\\/regiaonews.net.br\\\/2022\\\/wp-content\\\/uploads\\\/2023\\\/04\\\/novo-e-ponte.jpg\",\"articleSection\":[\"Indefinido\"],\"inLanguage\":\"pt-BR\",\"potentialAction\":[{\"@type\":\"CommentAction\",\"name\":\"Comment\",\"target\":[\"https:\\\/\\\/regiaonews.net.br\\\/2022\\\/2023\\\/04\\\/05\\\/primeiro-duelo-da-final-da-serie-a2-termina-empatada-em-1-a-1\\\/#respond\"]}]},{\"@type\":\"WebPage\",\"@id\":\"https:\\\/\\\/regiaonews.net.br\\\/2022\\\/2023\\\/04\\\/05\\\/primeiro-duelo-da-final-da-serie-a2-termina-empatada-em-1-a-1\\\/\",\"url\":\"https:\\\/\\\/regiaonews.net.br\\\/2022\\\/2023\\\/04\\\/05\\\/primeiro-duelo-da-final-da-serie-a2-termina-empatada-em-1-a-1\\\/\",\"name\":\"Primeiro duelo da final da S\u00e9rie A2 termina empatada em 1 a 1 - Regi\u00e3o News\",\"isPartOf\":{\"@id\":\"https:\\\/\\\/regiaonews.net.br\\\/2022\\\/#website\"},\"primaryImageOfPage\":{\"@id\":\"https:\\\/\\\/regiaonews.net.br\\\/2022\\\/2023\\\/04\\\/05\\\/primeiro-duelo-da-final-da-serie-a2-termina-empatada-em-1-a-1\\\/#primaryimage\"},\"image\":{\"@id\":\"https:\\\/\\\/regiaonews.net.br\\\/2022\\\/2023\\\/04\\\/05\\\/primeiro-duelo-da-final-da-serie-a2-termina-empatada-em-1-a-1\\\/#primaryimage\"},\"thumbnailUrl\":\"https:\\\/\\\/regiaonews.net.br\\\/2022\\\/wp-content\\\/uploads\\\/2023\\\/04\\\/novo-e-ponte.jpg\",\"datePublished\":\"2023-04-06T01:00:34+00:00\",\"breadcrumb\":{\"@id\":\"https:\\\/\\\/regiaonews.net.br\\\/2022\\\/2023\\\/04\\\/05\\\/primeiro-duelo-da-final-da-serie-a2-termina-empatada-em-1-a-1\\\/#breadcrumb\"},\"inLanguage\":\"pt-BR\",\"potentialAction\":[{\"@type\":\"ReadAction\",\"target\":[\"https:\\\/\\\/regiaonews.net.br\\\/2022\\\/2023\\\/04\\\/05\\\/primeiro-duelo-da-final-da-serie-a2-termina-empatada-em-1-a-1\\\/\"]}]},{\"@type\":\"ImageObject\",\"inLanguage\":\"pt-BR\",\"@id\":\"https:\\\/\\\/regiaonews.net.br\\\/2022\\\/2023\\\/04\\\/05\\\/primeiro-duelo-da-final-da-serie-a2-termina-empatada-em-1-a-1\\\/#primaryimage\",\"url\":\"https:\\\/\\\/regiaonews.net.br\\\/2022\\\/wp-content\\\/uploads\\\/2023\\\/04\\\/novo-e-ponte.jpg\",\"contentUrl\":\"https:\\\/\\\/regiaonews.net.br\\\/2022\\\/wp-content\\\/uploads\\\/2023\\\/04\\\/novo-e-ponte.jpg\",\"width\":602,\"height\":334},{\"@type\":\"BreadcrumbList\",\"@id\":\"https:\\\/\\\/regiaonews.net.br\\\/2022\\\/2023\\\/04\\\/05\\\/primeiro-duelo-da-final-da-serie-a2-termina-empatada-em-1-a-1\\\/#breadcrumb\",\"itemListElement\":[{\"@type\":\"ListItem\",\"position\":1,\"name\":\"In\u00edcio\",\"item\":\"https:\\\/\\\/regiaonews.net.br\\\/2022\\\/\"},{\"@type\":\"ListItem\",\"position\":2,\"name\":\"Primeiro duelo da final da S\u00e9rie A2 termina empatada em 1 a 1\"}]},{\"@type\":\"WebSite\",\"@id\":\"https:\\\/\\\/regiaonews.net.br\\\/2022\\\/#website\",\"url\":\"https:\\\/\\\/regiaonews.net.br\\\/2022\\\/\",\"name\":\"Regi\u00e3o News\",\"description\":\"Site de Not\u00edcias de Barretos e regi\u00e3o\",\"publisher\":{\"@id\":\"https:\\\/\\\/regiaonews.net.br\\\/2022\\\/#organization\"},\"potentialAction\":[{\"@type\":\"SearchAction\",\"target\":{\"@type\":\"EntryPoint\",\"urlTemplate\":\"https:\\\/\\\/regiaonews.net.br\\\/2022\\\/?s={search_term_string}\"},\"query-input\":{\"@type\":\"PropertyValueSpecification\",\"valueRequired\":true,\"valueName\":\"search_term_string\"}}],\"inLanguage\":\"pt-BR\"},{\"@type\":\"Organization\",\"@id\":\"https:\\\/\\\/regiaonews.net.br\\\/2022\\\/#organization\",\"name\":\"Regi\u00e3o News\",\"url\":\"https:\\\/\\\/regiaonews.net.br\\\/2022\\\/\",\"logo\":{\"@type\":\"ImageObject\",\"inLanguage\":\"pt-BR\",\"@id\":\"https:\\\/\\\/regiaonews.net.br\\\/2022\\\/#\\\/schema\\\/logo\\\/image\\\/\",\"url\":\"https:\\\/\\\/regiaonews.net.br\\\/2022\\\/wp-content\\\/uploads\\\/2026\\\/03\\\/regiao-13-anos-scaled.jpg\",\"contentUrl\":\"https:\\\/\\\/regiaonews.net.br\\\/2022\\\/wp-content\\\/uploads\\\/2026\\\/03\\\/regiao-13-anos-scaled.jpg\",\"width\":2560,\"height\":635,\"caption\":\"Regi\u00e3o News\"},\"image\":{\"@id\":\"https:\\\/\\\/regiaonews.net.br\\\/2022\\\/#\\\/schema\\\/logo\\\/image\\\/\"}},{\"@type\":\"Person\",\"@id\":\"https:\\\/\\\/regiaonews.net.br\\\/2022\\\/#\\\/schema\\\/person\\\/2d205a608a5aa97ac279d7a5e6d89ad8\",\"name\":\"Roberto\",\"image\":{\"@type\":\"ImageObject\",\"inLanguage\":\"pt-BR\",\"@id\":\"https:\\\/\\\/secure.gravatar.com\\\/avatar\\\/42749d8b712ff9d59ca93dc150494e5b55a44134482993f5baeb97e61b7ecc89?s=96&d=mm&r=g\",\"url\":\"https:\\\/\\\/secure.gravatar.com\\\/avatar\\\/42749d8b712ff9d59ca93dc150494e5b55a44134482993f5baeb97e61b7ecc89?s=96&d=mm&r=g\",\"contentUrl\":\"https:\\\/\\\/secure.gravatar.com\\\/avatar\\\/42749d8b712ff9d59ca93dc150494e5b55a44134482993f5baeb97e61b7ecc89?s=96&d=mm&r=g\",\"caption\":\"Roberto\"},\"url\":\"https:\\\/\\\/regiaonews.net.br\\\/2022\\\/author\\\/roberto\\\/\"}]}<\/script>\n<!-- \/ Yoast SEO plugin. -->","yoast_head_json":{"title":"Primeiro duelo da final da S\u00e9rie A2 termina empatada em 1 a 1 - Regi\u00e3o News","robots":{"index":"index","follow":"follow","max-snippet":"max-snippet:-1","max-image-preview":"max-image-preview:large","max-video-preview":"max-video-preview:-1"},"canonical":"https:\/\/regiaonews.net.br\/2022\/2023\/04\/05\/primeiro-duelo-da-final-da-serie-a2-termina-empatada-em-1-a-1\/","og_locale":"pt_BR","og_type":"article","og_title":"Primeiro duelo da final da S\u00e9rie A2 termina empatada em 1 a 1 - Regi\u00e3o News","og_description":"Na noite desta quarta-feira (5), no est\u00e1dio Jorge Ismael de","og_url":"https:\/\/regiaonews.net.br\/2022\/2023\/04\/05\/primeiro-duelo-da-final-da-serie-a2-termina-empatada-em-1-a-1\/","og_site_name":"Regi\u00e3o News","article_published_time":"2023-04-06T01:00:34+00:00","og_image":[{"width":602,"height":334,"url":"https:\/\/regiaonews.net.br\/2022\/wp-content\/uploads\/2023\/04\/novo-e-ponte.jpg","type":"image\/jpeg"}],"author":"Roberto","twitter_card":"summary_large_image","twitter_misc":{"Escrito por":"Roberto","Est. tempo de leitura":"4 minutos"},"schema":{"@context":"https:\/\/schema.org","@graph":[{"@type":"Article","@id":"https:\/\/regiaonews.net.br\/2022\/2023\/04\/05\/primeiro-duelo-da-final-da-serie-a2-termina-empatada-em-1-a-1\/#article","isPartOf":{"@id":"https:\/\/regiaonews.net.br\/2022\/2023\/04\/05\/primeiro-duelo-da-final-da-serie-a2-termina-empatada-em-1-a-1\/"},"author":{"name":"Roberto","@id":"https:\/\/regiaonews.net.br\/2022\/#\/schema\/person\/2d205a608a5aa97ac279d7a5e6d89ad8"},"headline":"Primeiro duelo da final da S\u00e9rie A2 termina empatada em 1 a 1","datePublished":"2023-04-06T01:00:34+00:00","mainEntityOfPage":{"@id":"https:\/\/regiaonews.net.br\/2022\/2023\/04\/05\/primeiro-duelo-da-final-da-serie-a2-termina-empatada-em-1-a-1\/"},"wordCount":712,"commentCount":0,"publisher":{"@id":"https:\/\/regiaonews.net.br\/2022\/#organization"},"image":{"@id":"https:\/\/regiaonews.net.br\/2022\/2023\/04\/05\/primeiro-duelo-da-final-da-serie-a2-termina-empatada-em-1-a-1\/#primaryimage"},"thumbnailUrl":"https:\/\/regiaonews.net.br\/2022\/wp-content\/uploads\/2023\/04\/novo-e-ponte.jpg","articleSection":["Indefinido"],"inLanguage":"pt-BR","potentialAction":[{"@type":"CommentAction","name":"Comment","target":["https:\/\/regiaonews.net.br\/2022\/2023\/04\/05\/primeiro-duelo-da-final-da-serie-a2-termina-empatada-em-1-a-1\/#respond"]}]},{"@type":"WebPage","@id":"https:\/\/regiaonews.net.br\/2022\/2023\/04\/05\/primeiro-duelo-da-final-da-serie-a2-termina-empatada-em-1-a-1\/","url":"https:\/\/regiaonews.net.br\/2022\/2023\/04\/05\/primeiro-duelo-da-final-da-serie-a2-termina-empatada-em-1-a-1\/","name":"Primeiro duelo da final da S\u00e9rie A2 termina empatada em 1 a 1 - Regi\u00e3o News","isPartOf":{"@id":"https:\/\/regiaonews.net.br\/2022\/#website"},"primaryImageOfPage":{"@id":"https:\/\/regiaonews.net.br\/2022\/2023\/04\/05\/primeiro-duelo-da-final-da-serie-a2-termina-empatada-em-1-a-1\/#primaryimage"},"image":{"@id":"https:\/\/regiaonews.net.br\/2022\/2023\/04\/05\/primeiro-duelo-da-final-da-serie-a2-termina-empatada-em-1-a-1\/#primaryimage"},"thumbnailUrl":"https:\/\/regiaonews.net.br\/2022\/wp-content\/uploads\/2023\/04\/novo-e-ponte.jpg","datePublished":"2023-04-06T01:00:34+00:00","breadcrumb":{"@id":"https:\/\/regiaonews.net.br\/2022\/2023\/04\/05\/primeiro-duelo-da-final-da-serie-a2-termina-empatada-em-1-a-1\/#breadcrumb"},"inLanguage":"pt-BR","potentialAction":[{"@type":"ReadAction","target":["https:\/\/regiaonews.net.br\/2022\/2023\/04\/05\/primeiro-duelo-da-final-da-serie-a2-termina-empatada-em-1-a-1\/"]}]},{"@type":"ImageObject","inLanguage":"pt-BR","@id":"https:\/\/regiaonews.net.br\/2022\/2023\/04\/05\/primeiro-duelo-da-final-da-serie-a2-termina-empatada-em-1-a-1\/#primaryimage","url":"https:\/\/regiaonews.net.br\/2022\/wp-content\/uploads\/2023\/04\/novo-e-ponte.jpg","contentUrl":"https:\/\/regiaonews.net.br\/2022\/wp-content\/uploads\/2023\/04\/novo-e-ponte.jpg","width":602,"height":334},{"@type":"BreadcrumbList","@id":"https:\/\/regiaonews.net.br\/2022\/2023\/04\/05\/primeiro-duelo-da-final-da-serie-a2-termina-empatada-em-1-a-1\/#breadcrumb","itemListElement":[{"@type":"ListItem","position":1,"name":"In\u00edcio","item":"https:\/\/regiaonews.net.br\/2022\/"},{"@type":"ListItem","position":2,"name":"Primeiro duelo da final da S\u00e9rie A2 termina empatada em 1 a 1"}]},{"@type":"WebSite","@id":"https:\/\/regiaonews.net.br\/2022\/#website","url":"https:\/\/regiaonews.net.br\/2022\/","name":"Regi\u00e3o News","description":"Site de Not\u00edcias de Barretos e regi\u00e3o","publisher":{"@id":"https:\/\/regiaonews.net.br\/2022\/#organization"},"potentialAction":[{"@type":"SearchAction","target":{"@type":"EntryPoint","urlTemplate":"https:\/\/regiaonews.net.br\/2022\/?s={search_term_string}"},"query-input":{"@type":"PropertyValueSpecification","valueRequired":true,"valueName":"search_term_string"}}],"inLanguage":"pt-BR"},{"@type":"Organization","@id":"https:\/\/regiaonews.net.br\/2022\/#organization","name":"Regi\u00e3o News","url":"https:\/\/regiaonews.net.br\/2022\/","logo":{"@type":"ImageObject","inLanguage":"pt-BR","@id":"https:\/\/regiaonews.net.br\/2022\/#\/schema\/logo\/image\/","url":"https:\/\/regiaonews.net.br\/2022\/wp-content\/uploads\/2026\/03\/regiao-13-anos-scaled.jpg","contentUrl":"https:\/\/regiaonews.net.br\/2022\/wp-content\/uploads\/2026\/03\/regiao-13-anos-scaled.jpg","width":2560,"height":635,"caption":"Regi\u00e3o News"},"image":{"@id":"https:\/\/regiaonews.net.br\/2022\/#\/schema\/logo\/image\/"}},{"@type":"Person","@id":"https:\/\/regiaonews.net.br\/2022\/#\/schema\/person\/2d205a608a5aa97ac279d7a5e6d89ad8","name":"Roberto","image":{"@type":"ImageObject","inLanguage":"pt-BR","@id":"https:\/\/secure.gravatar.com\/avatar\/42749d8b712ff9d59ca93dc150494e5b55a44134482993f5baeb97e61b7ecc89?s=96&d=mm&r=g","url":"https:\/\/secure.gravatar.com\/avatar\/42749d8b712ff9d59ca93dc150494e5b55a44134482993f5baeb97e61b7ecc89?s=96&d=mm&r=g","contentUrl":"https:\/\/secure.gravatar.com\/avatar\/42749d8b712ff9d59ca93dc150494e5b55a44134482993f5baeb97e61b7ecc89?s=96&d=mm&r=g","caption":"Roberto"},"url":"https:\/\/regiaonews.net.br\/2022\/author\/roberto\/"}]}},"publishpress_future_action":{"enabled":false,"date":"2026-05-02 03:29:42","action":"change-status","newStatus":"draft","terms":[],"taxonomy":"category","extraData":[]},"publishpress_future_workflow_manual_trigger":{"enabledWorkflows":[]},"_links":{"self":[{"href":"https:\/\/regiaonews.net.br\/2022\/wp-json\/wp\/v2\/posts\/86259","targetHints":{"allow":["GET"]}}],"collection":[{"href":"https:\/\/regiaonews.net.br\/2022\/wp-json\/wp\/v2\/posts"}],"about":[{"href":"https:\/\/regiaonews.net.br\/2022\/wp-json\/wp\/v2\/types\/post"}],"author":[{"embeddable":true,"href":"https:\/\/regiaonews.net.br\/2022\/wp-json\/wp\/v2\/users\/2"}],"replies":[{"embeddable":true,"href":"https:\/\/regiaonews.net.br\/2022\/wp-json\/wp\/v2\/comments?post=86259"}],"version-history":[{"count":1,"href":"https:\/\/regiaonews.net.br\/2022\/wp-json\/wp\/v2\/posts\/86259\/revisions"}],"predecessor-version":[{"id":86261,"href":"https:\/\/regiaonews.net.br\/2022\/wp-json\/wp\/v2\/posts\/86259\/revisions\/86261"}],"wp:featuredmedia":[{"embeddable":true,"href":"https:\/\/regiaonews.net.br\/2022\/wp-json\/wp\/v2\/media\/86260"}],"wp:attachment":[{"href":"https:\/\/regiaonews.net.br\/2022\/wp-json\/wp\/v2\/media?parent=86259"}],"wp:term":[{"taxonomy":"category","embeddable":true,"href":"https:\/\/regiaonews.net.br\/2022\/wp-json\/wp\/v2\/categories?post=86259"},{"taxonomy":"post_tag","embeddable":true,"href":"https:\/\/regiaonews.net.br\/2022\/wp-json\/wp\/v2\/tags?post=86259"}],"curies":[{"name":"wp","href":"https:\/\/api.w.org\/{rel}","templated":true}]}}