{"id":86074,"date":"2023-04-02T13:15:52","date_gmt":"2023-04-02T16:15:52","guid":{"rendered":"https:\/\/regiaonews.net.br\/2022\/?p=86074"},"modified":"2023-04-05T12:04:22","modified_gmt":"2023-04-05T15:04:22","slug":"sebrae-discute-tendencias-e-experiencias-do-turismo-para-2023","status":"publish","type":"post","link":"https:\/\/regiaonews.net.br\/2022\/2023\/04\/02\/sebrae-discute-tendencias-e-experiencias-do-turismo-para-2023\/","title":{"rendered":"Sebrae discute tend\u00eancias e experi\u00eancias do turismo para 2023"},"content":{"rendered":"<p>_Semin\u00e1rio contou com a participa\u00e7\u00e3o da prefeita Paula Lemos, do secret\u00e1rio de Turismo e Viagens de SP, Roberto de Lucena, e do vice-presidente do Sebrae-SP, Tirso Meirelles_<\/p>\n<p>A Est\u00e2ncia Tur\u00edstica de Barretos sediou na manh\u00e3 desta sexta-feira, 31 de mar\u00e7o, um semin\u00e1rio para discutir as Tend\u00eancias e Experi\u00eancias do Turismo para 2023. O evento, promovido pelo Sebrae-SP no Barretos Park Hotel, dentro do Parque do Pe\u00e3o, contou com a presen\u00e7a da prefeita Paula Lemos, do Secret\u00e1rio Estadual de Turismo e Viagens de S\u00e3o Paulo, Roberto Alves de Lucena, do vice-presidente do Sebrae-SP, Tirso Meirelles, prefeitos e autoridades da regi\u00e3o.<br \/>\nPaula Lemos agradeceu a presen\u00e7a de todos e destacou os atrativos tur\u00edsticos da cidade. \u201c\u00c9 uma grande felicidade para Barretos, com apenas tr\u00eas meses de governo, j\u00e1 receber o secret\u00e1rio para discutir o turismo a n\u00edvel estadual e falar do turismo rural. Aqui temos a Rota das Capelas, a Pra\u00e7a Francisco Barreto que est\u00e1 sendo revitalizada, a Regi\u00e3o dos Lagos que tamb\u00e9m receber\u00e1 melhorias, a Mini Bas\u00edlica, e muitos outros atrativos que v\u00e3o al\u00e9m da nossa Festa do Pe\u00e3o. Ent\u00e3o, esta \u00e9 uma oportunidade de divulgar o nosso turismo\u201d, disse.<br \/>\nA chefe do executivo tamb\u00e9m parabenizou o Sebrae pelos 25 anos do Escrit\u00f3rio de Barretos. \u201cSou f\u00e3 do sistema \u201cS\u201d. Ele funciona neste pa\u00eds e \u00e9 parceiro das prefeituras. Sou muito grata por tudo que o Sebrae faz pela nossa cidade\u201d, afirmou.<br \/>\nO secret\u00e1rio estadual de Turismo e Viagens de S\u00e3o Paulo falou do lan\u00e7amento de programas voltados ao desenvolvimento da \u00e1rea e da parceria com o Sebrae. \u201cN\u00f3s lan\u00e7amos esta semana em S\u00e3o Paulo um programa de desenvolvimento do turismo rural e tamb\u00e9m um programa de fomento, de valoriza\u00e7\u00e3o da gastronomia paulista. Barretos \u00e9 uma das nossas est\u00e2ncias mais importantes, mais queridas. Um dos destinos mais procurados do Estado de S\u00e3o Paulo. Estamos aqui com o Sebrae, que \u00e9 um parceiro de primeira hora, para discutir os temas mais relevantes e importantes para o turismo, comemorar este marco importante de anivers\u00e1rio e tamb\u00e9m discutir com a cidade as demandas que n\u00f3s temos da regi\u00e3o. Provavelmente, no pr\u00f3ximo m\u00eas, eu devo retornar para estarmos tratando com os munic\u00edpios da regi\u00e3o os diversos temas que s\u00e3o de interesse do turismo e do desenvolvimento do turismo regional\u201d, finalizou.<br \/>\nRafael Matos do Carmo, gerente da Unidade de Desenvolvimento Setorial e Territorial do Sebrae\/SP explicou que o evento praticamente abre o ano de 2023 com muitas novidades. \u201cRealizamos no m\u00eas passado uma miss\u00e3o t\u00e9cnica para Portugal para avaliar como eles est\u00e3o fazendo turismo e como aproveitam os pequenos neg\u00f3cios em prol deste turismo e de todo trade tur\u00edstico. E a gente est\u00e1 trazendo hoje, para este evento, alguns cases e exemplos do que est\u00e1 acontecendo l\u00e1 e o que podemos aproveitar aqui neste momento de Est\u00e2ncia Tur\u00edstica\u201d, contou. \u201c\u00c9 um momento importante para Barretos, estamos aqui com muitos empres\u00e1rios do trade tur\u00edstico e com muitas lideran\u00e7as que participam desta governan\u00e7a que o Sebrae tamb\u00e9m coordena. A expectativa \u00e9 que, a partir de hoje, a gente consiga formatar v\u00e1rias a\u00e7\u00f5es que v\u00e3o culminar no processo de desenvolvimento local e regional\u201d, completou.<br \/>\nA palestra Tend\u00eancias e Experi\u00eancias do Turismo para 2023, que d\u00e1 nome ao semin\u00e1rio, foi conduzida pelo consultor Carlos Alberto Leal Rodrigues. O Diretor T\u00e9cnico do Sebrae\/SP, Marco Vinholi, tamb\u00e9m participou do evento.<br \/>\n*Cidad\u00e3o Honor\u00e1rio de Barretos*<br \/>\nDurante o semin\u00e1rio, o economista, administrador de empresas e vice-presidente do Sebrae-SP Dr. Tirso de Salles Meirelles foi homenageado com o t\u00edtulo de Cidad\u00e3o Honor\u00e1rio de Barretos pelos vereadores Lu\u00eds Paulo Vieira, o Lupa, Nestor Leonel, Pastor Elson dos Santos, Fabr\u00edcio Lemos e Luiz Carlos Anast\u00e1cio, o Pa\u00e7oca, autor do projeto de Decreto Legislativo N\u00ba 26\/2021, que concede a honraria.<br \/>\nMeirelles afirmou que junto com a homenagem recebida vem uma grande responsabilidade. \u201c\u00c9 um momento hist\u00f3rico para a minha pessoa, para minha fam\u00edlia, mas nos traz uma responsabilidade muito grande para que a gente possa permanecer nesta luta\u201d, agradeceu.<br \/>\nTamb\u00e9m estiveram no semin\u00e1rio os secret\u00e1rios municipais de Turismo, Cuiabano Lima; de Desenvolvimento Econ\u00f4mico, Ad\u00e9lia Bueno; de Educa\u00e7\u00e3o, J\u00e9ssica Maria dos Santos; e os deputados estaduais Sebasti\u00e3o Santos e Itamar Borges.<\/p>\n<p><a href=\"https:\/\/regiaonews.net.br\/2022\/wp-content\/uploads\/2023\/04\/IMG-20230402-WA0139.jpg\"><img loading=\"lazy\" decoding=\"async\" class=\"alignnone size-medium wp-image-86075\" src=\"https:\/\/regiaonews.net.br\/2022\/wp-content\/uploads\/2023\/04\/IMG-20230402-WA0139-300x200.jpg\" alt=\"\" width=\"300\" height=\"200\" srcset=\"https:\/\/regiaonews.net.br\/2022\/wp-content\/uploads\/2023\/04\/IMG-20230402-WA0139-300x200.jpg 300w, https:\/\/regiaonews.net.br\/2022\/wp-content\/uploads\/2023\/04\/IMG-20230402-WA0139-1024x684.jpg 1024w, https:\/\/regiaonews.net.br\/2022\/wp-content\/uploads\/2023\/04\/IMG-20230402-WA0139-768x513.jpg 768w, https:\/\/regiaonews.net.br\/2022\/wp-content\/uploads\/2023\/04\/IMG-20230402-WA0139-1536x1025.jpg 1536w, https:\/\/regiaonews.net.br\/2022\/wp-content\/uploads\/2023\/04\/IMG-20230402-WA0139-250x167.jpg 250w, https:\/\/regiaonews.net.br\/2022\/wp-content\/uploads\/2023\/04\/IMG-20230402-WA0139-900x600.jpg 900w, https:\/\/regiaonews.net.br\/2022\/wp-content\/uploads\/2023\/04\/IMG-20230402-WA0139.jpg 1600w\" sizes=\"auto, (max-width: 300px) 100vw, 300px\" \/><\/a> <a href=\"https:\/\/regiaonews.net.br\/2022\/wp-content\/uploads\/2023\/04\/IMG-20230402-WA0139-1.jpg\"><img loading=\"lazy\" decoding=\"async\" class=\"alignnone size-medium wp-image-86076\" src=\"https:\/\/regiaonews.net.br\/2022\/wp-content\/uploads\/2023\/04\/IMG-20230402-WA0139-1-300x200.jpg\" alt=\"\" width=\"300\" height=\"200\" srcset=\"https:\/\/regiaonews.net.br\/2022\/wp-content\/uploads\/2023\/04\/IMG-20230402-WA0139-1-300x200.jpg 300w, https:\/\/regiaonews.net.br\/2022\/wp-content\/uploads\/2023\/04\/IMG-20230402-WA0139-1-1024x684.jpg 1024w, https:\/\/regiaonews.net.br\/2022\/wp-content\/uploads\/2023\/04\/IMG-20230402-WA0139-1-768x513.jpg 768w, https:\/\/regiaonews.net.br\/2022\/wp-content\/uploads\/2023\/04\/IMG-20230402-WA0139-1-1536x1025.jpg 1536w, https:\/\/regiaonews.net.br\/2022\/wp-content\/uploads\/2023\/04\/IMG-20230402-WA0139-1-250x167.jpg 250w, https:\/\/regiaonews.net.br\/2022\/wp-content\/uploads\/2023\/04\/IMG-20230402-WA0139-1-900x600.jpg 900w, https:\/\/regiaonews.net.br\/2022\/wp-content\/uploads\/2023\/04\/IMG-20230402-WA0139-1.jpg 1600w\" sizes=\"auto, (max-width: 300px) 100vw, 300px\" \/><\/a> <a href=\"https:\/\/regiaonews.net.br\/2022\/wp-content\/uploads\/2023\/04\/IMG-20230331-WA0482.jpg\"><img loading=\"lazy\" decoding=\"async\" class=\"alignnone size-medium wp-image-86077\" src=\"https:\/\/regiaonews.net.br\/2022\/wp-content\/uploads\/2023\/04\/IMG-20230331-WA0482-300x200.jpg\" alt=\"\" width=\"300\" height=\"200\" srcset=\"https:\/\/regiaonews.net.br\/2022\/wp-content\/uploads\/2023\/04\/IMG-20230331-WA0482-300x200.jpg 300w, https:\/\/regiaonews.net.br\/2022\/wp-content\/uploads\/2023\/04\/IMG-20230331-WA0482-1024x684.jpg 1024w, https:\/\/regiaonews.net.br\/2022\/wp-content\/uploads\/2023\/04\/IMG-20230331-WA0482-768x513.jpg 768w, https:\/\/regiaonews.net.br\/2022\/wp-content\/uploads\/2023\/04\/IMG-20230331-WA0482-1536x1025.jpg 1536w, https:\/\/regiaonews.net.br\/2022\/wp-content\/uploads\/2023\/04\/IMG-20230331-WA0482-250x167.jpg 250w, https:\/\/regiaonews.net.br\/2022\/wp-content\/uploads\/2023\/04\/IMG-20230331-WA0482-900x600.jpg 900w, https:\/\/regiaonews.net.br\/2022\/wp-content\/uploads\/2023\/04\/IMG-20230331-WA0482.jpg 1600w\" sizes=\"auto, (max-width: 300px) 100vw, 300px\" \/><\/a><\/p>\n","protected":false},"excerpt":{"rendered":"<p>_Semin\u00e1rio contou com a participa\u00e7\u00e3o da prefeita Paula Lemos, do<\/p>\n","protected":false},"author":2,"featured_media":86078,"comment_status":"open","ping_status":"open","sticky":false,"template":"","format":"standard","meta":{"footnotes":""},"categories":[14,111],"tags":[],"class_list":["post-86074","post","type-post","status-publish","format-standard","has-post-thumbnail","hentry","category-barretos","category-cotidiano"],"yoast_head":"<!-- This site is optimized with the Yoast SEO plugin v27.4 - https:\/\/yoast.com\/product\/yoast-seo-wordpress\/ -->\n<title>Sebrae discute tend\u00eancias e experi\u00eancias do turismo para 2023 - Regi\u00e3o News<\/title>\n<meta name=\"robots\" content=\"index, follow, max-snippet:-1, max-image-preview:large, max-video-preview:-1\" \/>\n<link rel=\"canonical\" href=\"https:\/\/regiaonews.net.br\/2022\/2023\/04\/02\/sebrae-discute-tendencias-e-experiencias-do-turismo-para-2023\/\" \/>\n<meta property=\"og:locale\" content=\"pt_BR\" \/>\n<meta property=\"og:type\" content=\"article\" \/>\n<meta property=\"og:title\" content=\"Sebrae discute tend\u00eancias e experi\u00eancias do turismo para 2023 - Regi\u00e3o News\" \/>\n<meta property=\"og:description\" content=\"_Semin\u00e1rio contou com a participa\u00e7\u00e3o da prefeita Paula Lemos, do\" \/>\n<meta property=\"og:url\" content=\"https:\/\/regiaonews.net.br\/2022\/2023\/04\/02\/sebrae-discute-tendencias-e-experiencias-do-turismo-para-2023\/\" \/>\n<meta property=\"og:site_name\" content=\"Regi\u00e3o News\" \/>\n<meta property=\"article:published_time\" content=\"2023-04-02T16:15:52+00:00\" \/>\n<meta property=\"article:modified_time\" content=\"2023-04-05T15:04:22+00:00\" \/>\n<meta property=\"og:image\" content=\"https:\/\/regiaonews.net.br\/2022\/wp-content\/uploads\/2023\/04\/IMG-20230331-WA0484.jpg\" \/>\n\t<meta property=\"og:image:width\" content=\"1600\" \/>\n\t<meta property=\"og:image:height\" content=\"1068\" \/>\n\t<meta property=\"og:image:type\" content=\"image\/jpeg\" \/>\n<meta name=\"author\" content=\"Roberto\" \/>\n<meta name=\"twitter:card\" content=\"summary_large_image\" \/>\n<meta name=\"twitter:label1\" content=\"Escrito por\" \/>\n\t<meta name=\"twitter:data1\" content=\"Roberto\" \/>\n\t<meta name=\"twitter:label2\" content=\"Est. tempo de leitura\" \/>\n\t<meta name=\"twitter:data2\" content=\"5 minutos\" \/>\n<script type=\"application\/ld+json\" class=\"yoast-schema-graph\">{\"@context\":\"https:\\\/\\\/schema.org\",\"@graph\":[{\"@type\":\"Article\",\"@id\":\"https:\\\/\\\/regiaonews.net.br\\\/2022\\\/2023\\\/04\\\/02\\\/sebrae-discute-tendencias-e-experiencias-do-turismo-para-2023\\\/#article\",\"isPartOf\":{\"@id\":\"https:\\\/\\\/regiaonews.net.br\\\/2022\\\/2023\\\/04\\\/02\\\/sebrae-discute-tendencias-e-experiencias-do-turismo-para-2023\\\/\"},\"author\":{\"name\":\"Roberto\",\"@id\":\"https:\\\/\\\/regiaonews.net.br\\\/2022\\\/#\\\/schema\\\/person\\\/2d205a608a5aa97ac279d7a5e6d89ad8\"},\"headline\":\"Sebrae discute tend\u00eancias e experi\u00eancias do turismo para 2023\",\"datePublished\":\"2023-04-02T16:15:52+00:00\",\"dateModified\":\"2023-04-05T15:04:22+00:00\",\"mainEntityOfPage\":{\"@id\":\"https:\\\/\\\/regiaonews.net.br\\\/2022\\\/2023\\\/04\\\/02\\\/sebrae-discute-tendencias-e-experiencias-do-turismo-para-2023\\\/\"},\"wordCount\":770,\"commentCount\":0,\"publisher\":{\"@id\":\"https:\\\/\\\/regiaonews.net.br\\\/2022\\\/#organization\"},\"image\":{\"@id\":\"https:\\\/\\\/regiaonews.net.br\\\/2022\\\/2023\\\/04\\\/02\\\/sebrae-discute-tendencias-e-experiencias-do-turismo-para-2023\\\/#primaryimage\"},\"thumbnailUrl\":\"https:\\\/\\\/regiaonews.net.br\\\/2022\\\/wp-content\\\/uploads\\\/2023\\\/04\\\/IMG-20230331-WA0484.jpg\",\"articleSection\":[\"Barretos\",\"Cotidiano\"],\"inLanguage\":\"pt-BR\",\"potentialAction\":[{\"@type\":\"CommentAction\",\"name\":\"Comment\",\"target\":[\"https:\\\/\\\/regiaonews.net.br\\\/2022\\\/2023\\\/04\\\/02\\\/sebrae-discute-tendencias-e-experiencias-do-turismo-para-2023\\\/#respond\"]}]},{\"@type\":\"WebPage\",\"@id\":\"https:\\\/\\\/regiaonews.net.br\\\/2022\\\/2023\\\/04\\\/02\\\/sebrae-discute-tendencias-e-experiencias-do-turismo-para-2023\\\/\",\"url\":\"https:\\\/\\\/regiaonews.net.br\\\/2022\\\/2023\\\/04\\\/02\\\/sebrae-discute-tendencias-e-experiencias-do-turismo-para-2023\\\/\",\"name\":\"Sebrae discute tend\u00eancias e experi\u00eancias do turismo para 2023 - Regi\u00e3o News\",\"isPartOf\":{\"@id\":\"https:\\\/\\\/regiaonews.net.br\\\/2022\\\/#website\"},\"primaryImageOfPage\":{\"@id\":\"https:\\\/\\\/regiaonews.net.br\\\/2022\\\/2023\\\/04\\\/02\\\/sebrae-discute-tendencias-e-experiencias-do-turismo-para-2023\\\/#primaryimage\"},\"image\":{\"@id\":\"https:\\\/\\\/regiaonews.net.br\\\/2022\\\/2023\\\/04\\\/02\\\/sebrae-discute-tendencias-e-experiencias-do-turismo-para-2023\\\/#primaryimage\"},\"thumbnailUrl\":\"https:\\\/\\\/regiaonews.net.br\\\/2022\\\/wp-content\\\/uploads\\\/2023\\\/04\\\/IMG-20230331-WA0484.jpg\",\"datePublished\":\"2023-04-02T16:15:52+00:00\",\"dateModified\":\"2023-04-05T15:04:22+00:00\",\"breadcrumb\":{\"@id\":\"https:\\\/\\\/regiaonews.net.br\\\/2022\\\/2023\\\/04\\\/02\\\/sebrae-discute-tendencias-e-experiencias-do-turismo-para-2023\\\/#breadcrumb\"},\"inLanguage\":\"pt-BR\",\"potentialAction\":[{\"@type\":\"ReadAction\",\"target\":[\"https:\\\/\\\/regiaonews.net.br\\\/2022\\\/2023\\\/04\\\/02\\\/sebrae-discute-tendencias-e-experiencias-do-turismo-para-2023\\\/\"]}]},{\"@type\":\"ImageObject\",\"inLanguage\":\"pt-BR\",\"@id\":\"https:\\\/\\\/regiaonews.net.br\\\/2022\\\/2023\\\/04\\\/02\\\/sebrae-discute-tendencias-e-experiencias-do-turismo-para-2023\\\/#primaryimage\",\"url\":\"https:\\\/\\\/regiaonews.net.br\\\/2022\\\/wp-content\\\/uploads\\\/2023\\\/04\\\/IMG-20230331-WA0484.jpg\",\"contentUrl\":\"https:\\\/\\\/regiaonews.net.br\\\/2022\\\/wp-content\\\/uploads\\\/2023\\\/04\\\/IMG-20230331-WA0484.jpg\",\"width\":1600,\"height\":1068},{\"@type\":\"BreadcrumbList\",\"@id\":\"https:\\\/\\\/regiaonews.net.br\\\/2022\\\/2023\\\/04\\\/02\\\/sebrae-discute-tendencias-e-experiencias-do-turismo-para-2023\\\/#breadcrumb\",\"itemListElement\":[{\"@type\":\"ListItem\",\"position\":1,\"name\":\"In\u00edcio\",\"item\":\"https:\\\/\\\/regiaonews.net.br\\\/2022\\\/\"},{\"@type\":\"ListItem\",\"position\":2,\"name\":\"Sebrae discute tend\u00eancias e experi\u00eancias do turismo para 2023\"}]},{\"@type\":\"WebSite\",\"@id\":\"https:\\\/\\\/regiaonews.net.br\\\/2022\\\/#website\",\"url\":\"https:\\\/\\\/regiaonews.net.br\\\/2022\\\/\",\"name\":\"Regi\u00e3o News\",\"description\":\"Site de Not\u00edcias de Barretos e regi\u00e3o\",\"publisher\":{\"@id\":\"https:\\\/\\\/regiaonews.net.br\\\/2022\\\/#organization\"},\"potentialAction\":[{\"@type\":\"SearchAction\",\"target\":{\"@type\":\"EntryPoint\",\"urlTemplate\":\"https:\\\/\\\/regiaonews.net.br\\\/2022\\\/?s={search_term_string}\"},\"query-input\":{\"@type\":\"PropertyValueSpecification\",\"valueRequired\":true,\"valueName\":\"search_term_string\"}}],\"inLanguage\":\"pt-BR\"},{\"@type\":\"Organization\",\"@id\":\"https:\\\/\\\/regiaonews.net.br\\\/2022\\\/#organization\",\"name\":\"Regi\u00e3o News\",\"url\":\"https:\\\/\\\/regiaonews.net.br\\\/2022\\\/\",\"logo\":{\"@type\":\"ImageObject\",\"inLanguage\":\"pt-BR\",\"@id\":\"https:\\\/\\\/regiaonews.net.br\\\/2022\\\/#\\\/schema\\\/logo\\\/image\\\/\",\"url\":\"https:\\\/\\\/regiaonews.net.br\\\/2022\\\/wp-content\\\/uploads\\\/2026\\\/03\\\/regiao-13-anos-scaled.jpg\",\"contentUrl\":\"https:\\\/\\\/regiaonews.net.br\\\/2022\\\/wp-content\\\/uploads\\\/2026\\\/03\\\/regiao-13-anos-scaled.jpg\",\"width\":2560,\"height\":635,\"caption\":\"Regi\u00e3o News\"},\"image\":{\"@id\":\"https:\\\/\\\/regiaonews.net.br\\\/2022\\\/#\\\/schema\\\/logo\\\/image\\\/\"}},{\"@type\":\"Person\",\"@id\":\"https:\\\/\\\/regiaonews.net.br\\\/2022\\\/#\\\/schema\\\/person\\\/2d205a608a5aa97ac279d7a5e6d89ad8\",\"name\":\"Roberto\",\"image\":{\"@type\":\"ImageObject\",\"inLanguage\":\"pt-BR\",\"@id\":\"https:\\\/\\\/secure.gravatar.com\\\/avatar\\\/42749d8b712ff9d59ca93dc150494e5b55a44134482993f5baeb97e61b7ecc89?s=96&d=mm&r=g\",\"url\":\"https:\\\/\\\/secure.gravatar.com\\\/avatar\\\/42749d8b712ff9d59ca93dc150494e5b55a44134482993f5baeb97e61b7ecc89?s=96&d=mm&r=g\",\"contentUrl\":\"https:\\\/\\\/secure.gravatar.com\\\/avatar\\\/42749d8b712ff9d59ca93dc150494e5b55a44134482993f5baeb97e61b7ecc89?s=96&d=mm&r=g\",\"caption\":\"Roberto\"},\"url\":\"https:\\\/\\\/regiaonews.net.br\\\/2022\\\/author\\\/roberto\\\/\"}]}<\/script>\n<!-- \/ Yoast SEO plugin. -->","yoast_head_json":{"title":"Sebrae discute tend\u00eancias e experi\u00eancias do turismo para 2023 - Regi\u00e3o News","robots":{"index":"index","follow":"follow","max-snippet":"max-snippet:-1","max-image-preview":"max-image-preview:large","max-video-preview":"max-video-preview:-1"},"canonical":"https:\/\/regiaonews.net.br\/2022\/2023\/04\/02\/sebrae-discute-tendencias-e-experiencias-do-turismo-para-2023\/","og_locale":"pt_BR","og_type":"article","og_title":"Sebrae discute tend\u00eancias e experi\u00eancias do turismo para 2023 - Regi\u00e3o News","og_description":"_Semin\u00e1rio contou com a participa\u00e7\u00e3o da prefeita Paula Lemos, do","og_url":"https:\/\/regiaonews.net.br\/2022\/2023\/04\/02\/sebrae-discute-tendencias-e-experiencias-do-turismo-para-2023\/","og_site_name":"Regi\u00e3o News","article_published_time":"2023-04-02T16:15:52+00:00","article_modified_time":"2023-04-05T15:04:22+00:00","og_image":[{"width":1600,"height":1068,"url":"https:\/\/regiaonews.net.br\/2022\/wp-content\/uploads\/2023\/04\/IMG-20230331-WA0484.jpg","type":"image\/jpeg"}],"author":"Roberto","twitter_card":"summary_large_image","twitter_misc":{"Escrito por":"Roberto","Est. tempo de leitura":"5 minutos"},"schema":{"@context":"https:\/\/schema.org","@graph":[{"@type":"Article","@id":"https:\/\/regiaonews.net.br\/2022\/2023\/04\/02\/sebrae-discute-tendencias-e-experiencias-do-turismo-para-2023\/#article","isPartOf":{"@id":"https:\/\/regiaonews.net.br\/2022\/2023\/04\/02\/sebrae-discute-tendencias-e-experiencias-do-turismo-para-2023\/"},"author":{"name":"Roberto","@id":"https:\/\/regiaonews.net.br\/2022\/#\/schema\/person\/2d205a608a5aa97ac279d7a5e6d89ad8"},"headline":"Sebrae discute tend\u00eancias e experi\u00eancias do turismo para 2023","datePublished":"2023-04-02T16:15:52+00:00","dateModified":"2023-04-05T15:04:22+00:00","mainEntityOfPage":{"@id":"https:\/\/regiaonews.net.br\/2022\/2023\/04\/02\/sebrae-discute-tendencias-e-experiencias-do-turismo-para-2023\/"},"wordCount":770,"commentCount":0,"publisher":{"@id":"https:\/\/regiaonews.net.br\/2022\/#organization"},"image":{"@id":"https:\/\/regiaonews.net.br\/2022\/2023\/04\/02\/sebrae-discute-tendencias-e-experiencias-do-turismo-para-2023\/#primaryimage"},"thumbnailUrl":"https:\/\/regiaonews.net.br\/2022\/wp-content\/uploads\/2023\/04\/IMG-20230331-WA0484.jpg","articleSection":["Barretos","Cotidiano"],"inLanguage":"pt-BR","potentialAction":[{"@type":"CommentAction","name":"Comment","target":["https:\/\/regiaonews.net.br\/2022\/2023\/04\/02\/sebrae-discute-tendencias-e-experiencias-do-turismo-para-2023\/#respond"]}]},{"@type":"WebPage","@id":"https:\/\/regiaonews.net.br\/2022\/2023\/04\/02\/sebrae-discute-tendencias-e-experiencias-do-turismo-para-2023\/","url":"https:\/\/regiaonews.net.br\/2022\/2023\/04\/02\/sebrae-discute-tendencias-e-experiencias-do-turismo-para-2023\/","name":"Sebrae discute tend\u00eancias e experi\u00eancias do turismo para 2023 - Regi\u00e3o News","isPartOf":{"@id":"https:\/\/regiaonews.net.br\/2022\/#website"},"primaryImageOfPage":{"@id":"https:\/\/regiaonews.net.br\/2022\/2023\/04\/02\/sebrae-discute-tendencias-e-experiencias-do-turismo-para-2023\/#primaryimage"},"image":{"@id":"https:\/\/regiaonews.net.br\/2022\/2023\/04\/02\/sebrae-discute-tendencias-e-experiencias-do-turismo-para-2023\/#primaryimage"},"thumbnailUrl":"https:\/\/regiaonews.net.br\/2022\/wp-content\/uploads\/2023\/04\/IMG-20230331-WA0484.jpg","datePublished":"2023-04-02T16:15:52+00:00","dateModified":"2023-04-05T15:04:22+00:00","breadcrumb":{"@id":"https:\/\/regiaonews.net.br\/2022\/2023\/04\/02\/sebrae-discute-tendencias-e-experiencias-do-turismo-para-2023\/#breadcrumb"},"inLanguage":"pt-BR","potentialAction":[{"@type":"ReadAction","target":["https:\/\/regiaonews.net.br\/2022\/2023\/04\/02\/sebrae-discute-tendencias-e-experiencias-do-turismo-para-2023\/"]}]},{"@type":"ImageObject","inLanguage":"pt-BR","@id":"https:\/\/regiaonews.net.br\/2022\/2023\/04\/02\/sebrae-discute-tendencias-e-experiencias-do-turismo-para-2023\/#primaryimage","url":"https:\/\/regiaonews.net.br\/2022\/wp-content\/uploads\/2023\/04\/IMG-20230331-WA0484.jpg","contentUrl":"https:\/\/regiaonews.net.br\/2022\/wp-content\/uploads\/2023\/04\/IMG-20230331-WA0484.jpg","width":1600,"height":1068},{"@type":"BreadcrumbList","@id":"https:\/\/regiaonews.net.br\/2022\/2023\/04\/02\/sebrae-discute-tendencias-e-experiencias-do-turismo-para-2023\/#breadcrumb","itemListElement":[{"@type":"ListItem","position":1,"name":"In\u00edcio","item":"https:\/\/regiaonews.net.br\/2022\/"},{"@type":"ListItem","position":2,"name":"Sebrae discute tend\u00eancias e experi\u00eancias do turismo para 2023"}]},{"@type":"WebSite","@id":"https:\/\/regiaonews.net.br\/2022\/#website","url":"https:\/\/regiaonews.net.br\/2022\/","name":"Regi\u00e3o News","description":"Site de Not\u00edcias de Barretos e regi\u00e3o","publisher":{"@id":"https:\/\/regiaonews.net.br\/2022\/#organization"},"potentialAction":[{"@type":"SearchAction","target":{"@type":"EntryPoint","urlTemplate":"https:\/\/regiaonews.net.br\/2022\/?s={search_term_string}"},"query-input":{"@type":"PropertyValueSpecification","valueRequired":true,"valueName":"search_term_string"}}],"inLanguage":"pt-BR"},{"@type":"Organization","@id":"https:\/\/regiaonews.net.br\/2022\/#organization","name":"Regi\u00e3o News","url":"https:\/\/regiaonews.net.br\/2022\/","logo":{"@type":"ImageObject","inLanguage":"pt-BR","@id":"https:\/\/regiaonews.net.br\/2022\/#\/schema\/logo\/image\/","url":"https:\/\/regiaonews.net.br\/2022\/wp-content\/uploads\/2026\/03\/regiao-13-anos-scaled.jpg","contentUrl":"https:\/\/regiaonews.net.br\/2022\/wp-content\/uploads\/2026\/03\/regiao-13-anos-scaled.jpg","width":2560,"height":635,"caption":"Regi\u00e3o News"},"image":{"@id":"https:\/\/regiaonews.net.br\/2022\/#\/schema\/logo\/image\/"}},{"@type":"Person","@id":"https:\/\/regiaonews.net.br\/2022\/#\/schema\/person\/2d205a608a5aa97ac279d7a5e6d89ad8","name":"Roberto","image":{"@type":"ImageObject","inLanguage":"pt-BR","@id":"https:\/\/secure.gravatar.com\/avatar\/42749d8b712ff9d59ca93dc150494e5b55a44134482993f5baeb97e61b7ecc89?s=96&d=mm&r=g","url":"https:\/\/secure.gravatar.com\/avatar\/42749d8b712ff9d59ca93dc150494e5b55a44134482993f5baeb97e61b7ecc89?s=96&d=mm&r=g","contentUrl":"https:\/\/secure.gravatar.com\/avatar\/42749d8b712ff9d59ca93dc150494e5b55a44134482993f5baeb97e61b7ecc89?s=96&d=mm&r=g","caption":"Roberto"},"url":"https:\/\/regiaonews.net.br\/2022\/author\/roberto\/"}]}},"publishpress_future_action":{"enabled":false,"date":"2026-05-02 01:09:22","action":"change-status","newStatus":"draft","terms":[],"taxonomy":"category","extraData":[]},"publishpress_future_workflow_manual_trigger":{"enabledWorkflows":[]},"_links":{"self":[{"href":"https:\/\/regiaonews.net.br\/2022\/wp-json\/wp\/v2\/posts\/86074","targetHints":{"allow":["GET"]}}],"collection":[{"href":"https:\/\/regiaonews.net.br\/2022\/wp-json\/wp\/v2\/posts"}],"about":[{"href":"https:\/\/regiaonews.net.br\/2022\/wp-json\/wp\/v2\/types\/post"}],"author":[{"embeddable":true,"href":"https:\/\/regiaonews.net.br\/2022\/wp-json\/wp\/v2\/users\/2"}],"replies":[{"embeddable":true,"href":"https:\/\/regiaonews.net.br\/2022\/wp-json\/wp\/v2\/comments?post=86074"}],"version-history":[{"count":1,"href":"https:\/\/regiaonews.net.br\/2022\/wp-json\/wp\/v2\/posts\/86074\/revisions"}],"predecessor-version":[{"id":86079,"href":"https:\/\/regiaonews.net.br\/2022\/wp-json\/wp\/v2\/posts\/86074\/revisions\/86079"}],"wp:featuredmedia":[{"embeddable":true,"href":"https:\/\/regiaonews.net.br\/2022\/wp-json\/wp\/v2\/media\/86078"}],"wp:attachment":[{"href":"https:\/\/regiaonews.net.br\/2022\/wp-json\/wp\/v2\/media?parent=86074"}],"wp:term":[{"taxonomy":"category","embeddable":true,"href":"https:\/\/regiaonews.net.br\/2022\/wp-json\/wp\/v2\/categories?post=86074"},{"taxonomy":"post_tag","embeddable":true,"href":"https:\/\/regiaonews.net.br\/2022\/wp-json\/wp\/v2\/tags?post=86074"}],"curies":[{"name":"wp","href":"https:\/\/api.w.org\/{rel}","templated":true}]}}