{"id":86015,"date":"2023-04-01T08:05:48","date_gmt":"2023-04-01T11:05:48","guid":{"rendered":"https:\/\/regiaonews.net.br\/2022\/?p=86015"},"modified":"2023-04-05T12:05:11","modified_gmt":"2023-04-05T15:05:11","slug":"ruas-c15-e-c19-no-christiano-carvalho-e-avenida-13-recebem-recape-apos-intervencoes-promovidas-pelo-saaeb","status":"publish","type":"post","link":"https:\/\/regiaonews.net.br\/2022\/2023\/04\/01\/ruas-c15-e-c19-no-christiano-carvalho-e-avenida-13-recebem-recape-apos-intervencoes-promovidas-pelo-saaeb\/","title":{"rendered":"Ruas C15 e C19 no Christiano Carvalho e Avenida 13 recebem recape ap\u00f3s interven\u00e7\u00f5es promovidas pelo SAAEB"},"content":{"rendered":"<p>&nbsp;<\/p>\n<p>A obras nas ruas C15 e C19, no bairro Christiano Carvalho, est\u00e3o sendo finalizadas com o recapeamento promovido pela Secretaria Municipal de Obras.<\/p>\n<p>Na C15 o recape foi feito nesta sexta-feira (31), e l\u00e1 o SAAE Barretos fez a substitui\u00e7\u00e3o do emiss\u00e1rio e uma nova rede coletora de esgoto. Tamb\u00e9m foram substitu\u00eddos 26 ramais de \u00e1gua e esgoto das resid\u00eancias.<\/p>\n<p>J\u00e1 em um trecho da C19 houve a substitui\u00e7\u00e3o de cerca de 60 metros da rede coletora de esgoto e refeitos os ramais de esgoto das casas.<\/p>\n<p>Na avenida 13, entre as ruas 12 e 14, no centro da cidade, a autarquia fez a substitui\u00e7\u00e3o da tubula\u00e7\u00e3o da rede de \u00e1gua e de esgoto. Este trecho recebeu o recape tamb\u00e9m nesta sexta-feira.<\/p>\n<p>Marcelo Borges \u2013 engenheiro civil e diretor-t\u00e9cnico da autarquia disse que \u201cquando se tomou conhecimento de que a avenida 13 receberia o recape, solicitamos um prazo \u00e0 Secretaria de Obras para promover a interven\u00e7\u00e3o, j\u00e1 que redes de \u00e1gua e esgoto ali eram muito antigas e frequentemente apresentam problemas\u201d.<\/p>\n<p>\u201cOs moradores da C15 e C19 sofreram por anos com entupimento de esgoto e eram promovidos apenas reparos paliativos. Nossas equipes n\u00e3o mediram esfor\u00e7os, mesmo com a temporada de chuva, para executar e finalizar as interven\u00e7\u00f5es necess\u00e1rias o quanto antes para devolver o bem-estar \u00e0queles moradores\u201d, expressa a superintendente interina Gra\u00e7a Lemos.<\/p>\n","protected":false},"excerpt":{"rendered":"<p>&nbsp; A obras nas ruas C15 e C19, no bairro<\/p>\n","protected":false},"author":2,"featured_media":86016,"comment_status":"open","ping_status":"open","sticky":false,"template":"","format":"standard","meta":{"footnotes":""},"categories":[14,111],"tags":[],"class_list":["post-86015","post","type-post","status-publish","format-standard","has-post-thumbnail","hentry","category-barretos","category-cotidiano"],"yoast_head":"<!-- This site is optimized with the Yoast SEO plugin v27.4 - https:\/\/yoast.com\/product\/yoast-seo-wordpress\/ -->\n<title>Ruas C15 e C19 no Christiano Carvalho e Avenida 13 recebem recape ap\u00f3s interven\u00e7\u00f5es promovidas pelo SAAEB - Regi\u00e3o News<\/title>\n<meta name=\"robots\" content=\"index, follow, max-snippet:-1, max-image-preview:large, max-video-preview:-1\" \/>\n<link rel=\"canonical\" href=\"https:\/\/regiaonews.net.br\/2022\/2023\/04\/01\/ruas-c15-e-c19-no-christiano-carvalho-e-avenida-13-recebem-recape-apos-intervencoes-promovidas-pelo-saaeb\/\" \/>\n<meta property=\"og:locale\" content=\"pt_BR\" \/>\n<meta property=\"og:type\" content=\"article\" \/>\n<meta property=\"og:title\" content=\"Ruas C15 e C19 no Christiano Carvalho e Avenida 13 recebem recape ap\u00f3s interven\u00e7\u00f5es promovidas pelo SAAEB - Regi\u00e3o News\" \/>\n<meta property=\"og:description\" content=\"&nbsp; A obras nas ruas C15 e C19, no bairro\" \/>\n<meta property=\"og:url\" content=\"https:\/\/regiaonews.net.br\/2022\/2023\/04\/01\/ruas-c15-e-c19-no-christiano-carvalho-e-avenida-13-recebem-recape-apos-intervencoes-promovidas-pelo-saaeb\/\" \/>\n<meta property=\"og:site_name\" content=\"Regi\u00e3o News\" \/>\n<meta property=\"article:published_time\" content=\"2023-04-01T11:05:48+00:00\" \/>\n<meta property=\"article:modified_time\" content=\"2023-04-05T15:05:11+00:00\" \/>\n<meta property=\"og:image\" content=\"https:\/\/regiaonews.net.br\/2022\/wp-content\/uploads\/2023\/04\/WhatsApp-Image-2023-03-31-at-18.33.27.jpeg\" \/>\n\t<meta property=\"og:image:width\" content=\"1280\" \/>\n\t<meta property=\"og:image:height\" content=\"589\" \/>\n\t<meta property=\"og:image:type\" content=\"image\/jpeg\" \/>\n<meta name=\"author\" content=\"Roberto\" \/>\n<meta name=\"twitter:card\" content=\"summary_large_image\" \/>\n<meta name=\"twitter:label1\" content=\"Escrito por\" \/>\n\t<meta name=\"twitter:data1\" content=\"Roberto\" \/>\n\t<meta name=\"twitter:label2\" content=\"Est. tempo de leitura\" \/>\n\t<meta name=\"twitter:data2\" content=\"2 minutos\" \/>\n<script type=\"application\/ld+json\" class=\"yoast-schema-graph\">{\"@context\":\"https:\\\/\\\/schema.org\",\"@graph\":[{\"@type\":\"Article\",\"@id\":\"https:\\\/\\\/regiaonews.net.br\\\/2022\\\/2023\\\/04\\\/01\\\/ruas-c15-e-c19-no-christiano-carvalho-e-avenida-13-recebem-recape-apos-intervencoes-promovidas-pelo-saaeb\\\/#article\",\"isPartOf\":{\"@id\":\"https:\\\/\\\/regiaonews.net.br\\\/2022\\\/2023\\\/04\\\/01\\\/ruas-c15-e-c19-no-christiano-carvalho-e-avenida-13-recebem-recape-apos-intervencoes-promovidas-pelo-saaeb\\\/\"},\"author\":{\"name\":\"Roberto\",\"@id\":\"https:\\\/\\\/regiaonews.net.br\\\/2022\\\/#\\\/schema\\\/person\\\/2d205a608a5aa97ac279d7a5e6d89ad8\"},\"headline\":\"Ruas C15 e C19 no Christiano Carvalho e Avenida 13 recebem recape ap\u00f3s interven\u00e7\u00f5es promovidas pelo SAAEB\",\"datePublished\":\"2023-04-01T11:05:48+00:00\",\"dateModified\":\"2023-04-05T15:05:11+00:00\",\"mainEntityOfPage\":{\"@id\":\"https:\\\/\\\/regiaonews.net.br\\\/2022\\\/2023\\\/04\\\/01\\\/ruas-c15-e-c19-no-christiano-carvalho-e-avenida-13-recebem-recape-apos-intervencoes-promovidas-pelo-saaeb\\\/\"},\"wordCount\":250,\"commentCount\":0,\"publisher\":{\"@id\":\"https:\\\/\\\/regiaonews.net.br\\\/2022\\\/#organization\"},\"image\":{\"@id\":\"https:\\\/\\\/regiaonews.net.br\\\/2022\\\/2023\\\/04\\\/01\\\/ruas-c15-e-c19-no-christiano-carvalho-e-avenida-13-recebem-recape-apos-intervencoes-promovidas-pelo-saaeb\\\/#primaryimage\"},\"thumbnailUrl\":\"https:\\\/\\\/regiaonews.net.br\\\/2022\\\/wp-content\\\/uploads\\\/2023\\\/04\\\/WhatsApp-Image-2023-03-31-at-18.33.27.jpeg\",\"articleSection\":[\"Barretos\",\"Cotidiano\"],\"inLanguage\":\"pt-BR\",\"potentialAction\":[{\"@type\":\"CommentAction\",\"name\":\"Comment\",\"target\":[\"https:\\\/\\\/regiaonews.net.br\\\/2022\\\/2023\\\/04\\\/01\\\/ruas-c15-e-c19-no-christiano-carvalho-e-avenida-13-recebem-recape-apos-intervencoes-promovidas-pelo-saaeb\\\/#respond\"]}]},{\"@type\":\"WebPage\",\"@id\":\"https:\\\/\\\/regiaonews.net.br\\\/2022\\\/2023\\\/04\\\/01\\\/ruas-c15-e-c19-no-christiano-carvalho-e-avenida-13-recebem-recape-apos-intervencoes-promovidas-pelo-saaeb\\\/\",\"url\":\"https:\\\/\\\/regiaonews.net.br\\\/2022\\\/2023\\\/04\\\/01\\\/ruas-c15-e-c19-no-christiano-carvalho-e-avenida-13-recebem-recape-apos-intervencoes-promovidas-pelo-saaeb\\\/\",\"name\":\"Ruas C15 e C19 no Christiano Carvalho e Avenida 13 recebem recape ap\u00f3s interven\u00e7\u00f5es promovidas pelo SAAEB - Regi\u00e3o News\",\"isPartOf\":{\"@id\":\"https:\\\/\\\/regiaonews.net.br\\\/2022\\\/#website\"},\"primaryImageOfPage\":{\"@id\":\"https:\\\/\\\/regiaonews.net.br\\\/2022\\\/2023\\\/04\\\/01\\\/ruas-c15-e-c19-no-christiano-carvalho-e-avenida-13-recebem-recape-apos-intervencoes-promovidas-pelo-saaeb\\\/#primaryimage\"},\"image\":{\"@id\":\"https:\\\/\\\/regiaonews.net.br\\\/2022\\\/2023\\\/04\\\/01\\\/ruas-c15-e-c19-no-christiano-carvalho-e-avenida-13-recebem-recape-apos-intervencoes-promovidas-pelo-saaeb\\\/#primaryimage\"},\"thumbnailUrl\":\"https:\\\/\\\/regiaonews.net.br\\\/2022\\\/wp-content\\\/uploads\\\/2023\\\/04\\\/WhatsApp-Image-2023-03-31-at-18.33.27.jpeg\",\"datePublished\":\"2023-04-01T11:05:48+00:00\",\"dateModified\":\"2023-04-05T15:05:11+00:00\",\"breadcrumb\":{\"@id\":\"https:\\\/\\\/regiaonews.net.br\\\/2022\\\/2023\\\/04\\\/01\\\/ruas-c15-e-c19-no-christiano-carvalho-e-avenida-13-recebem-recape-apos-intervencoes-promovidas-pelo-saaeb\\\/#breadcrumb\"},\"inLanguage\":\"pt-BR\",\"potentialAction\":[{\"@type\":\"ReadAction\",\"target\":[\"https:\\\/\\\/regiaonews.net.br\\\/2022\\\/2023\\\/04\\\/01\\\/ruas-c15-e-c19-no-christiano-carvalho-e-avenida-13-recebem-recape-apos-intervencoes-promovidas-pelo-saaeb\\\/\"]}]},{\"@type\":\"ImageObject\",\"inLanguage\":\"pt-BR\",\"@id\":\"https:\\\/\\\/regiaonews.net.br\\\/2022\\\/2023\\\/04\\\/01\\\/ruas-c15-e-c19-no-christiano-carvalho-e-avenida-13-recebem-recape-apos-intervencoes-promovidas-pelo-saaeb\\\/#primaryimage\",\"url\":\"https:\\\/\\\/regiaonews.net.br\\\/2022\\\/wp-content\\\/uploads\\\/2023\\\/04\\\/WhatsApp-Image-2023-03-31-at-18.33.27.jpeg\",\"contentUrl\":\"https:\\\/\\\/regiaonews.net.br\\\/2022\\\/wp-content\\\/uploads\\\/2023\\\/04\\\/WhatsApp-Image-2023-03-31-at-18.33.27.jpeg\",\"width\":1280,\"height\":589},{\"@type\":\"BreadcrumbList\",\"@id\":\"https:\\\/\\\/regiaonews.net.br\\\/2022\\\/2023\\\/04\\\/01\\\/ruas-c15-e-c19-no-christiano-carvalho-e-avenida-13-recebem-recape-apos-intervencoes-promovidas-pelo-saaeb\\\/#breadcrumb\",\"itemListElement\":[{\"@type\":\"ListItem\",\"position\":1,\"name\":\"In\u00edcio\",\"item\":\"https:\\\/\\\/regiaonews.net.br\\\/2022\\\/\"},{\"@type\":\"ListItem\",\"position\":2,\"name\":\"Ruas C15 e C19 no Christiano Carvalho e Avenida 13 recebem recape ap\u00f3s interven\u00e7\u00f5es promovidas pelo SAAEB\"}]},{\"@type\":\"WebSite\",\"@id\":\"https:\\\/\\\/regiaonews.net.br\\\/2022\\\/#website\",\"url\":\"https:\\\/\\\/regiaonews.net.br\\\/2022\\\/\",\"name\":\"Regi\u00e3o News\",\"description\":\"Site de Not\u00edcias de Barretos e regi\u00e3o\",\"publisher\":{\"@id\":\"https:\\\/\\\/regiaonews.net.br\\\/2022\\\/#organization\"},\"potentialAction\":[{\"@type\":\"SearchAction\",\"target\":{\"@type\":\"EntryPoint\",\"urlTemplate\":\"https:\\\/\\\/regiaonews.net.br\\\/2022\\\/?s={search_term_string}\"},\"query-input\":{\"@type\":\"PropertyValueSpecification\",\"valueRequired\":true,\"valueName\":\"search_term_string\"}}],\"inLanguage\":\"pt-BR\"},{\"@type\":\"Organization\",\"@id\":\"https:\\\/\\\/regiaonews.net.br\\\/2022\\\/#organization\",\"name\":\"Regi\u00e3o News\",\"url\":\"https:\\\/\\\/regiaonews.net.br\\\/2022\\\/\",\"logo\":{\"@type\":\"ImageObject\",\"inLanguage\":\"pt-BR\",\"@id\":\"https:\\\/\\\/regiaonews.net.br\\\/2022\\\/#\\\/schema\\\/logo\\\/image\\\/\",\"url\":\"https:\\\/\\\/regiaonews.net.br\\\/2022\\\/wp-content\\\/uploads\\\/2026\\\/03\\\/regiao-13-anos-scaled.jpg\",\"contentUrl\":\"https:\\\/\\\/regiaonews.net.br\\\/2022\\\/wp-content\\\/uploads\\\/2026\\\/03\\\/regiao-13-anos-scaled.jpg\",\"width\":2560,\"height\":635,\"caption\":\"Regi\u00e3o News\"},\"image\":{\"@id\":\"https:\\\/\\\/regiaonews.net.br\\\/2022\\\/#\\\/schema\\\/logo\\\/image\\\/\"}},{\"@type\":\"Person\",\"@id\":\"https:\\\/\\\/regiaonews.net.br\\\/2022\\\/#\\\/schema\\\/person\\\/2d205a608a5aa97ac279d7a5e6d89ad8\",\"name\":\"Roberto\",\"image\":{\"@type\":\"ImageObject\",\"inLanguage\":\"pt-BR\",\"@id\":\"https:\\\/\\\/secure.gravatar.com\\\/avatar\\\/42749d8b712ff9d59ca93dc150494e5b55a44134482993f5baeb97e61b7ecc89?s=96&d=mm&r=g\",\"url\":\"https:\\\/\\\/secure.gravatar.com\\\/avatar\\\/42749d8b712ff9d59ca93dc150494e5b55a44134482993f5baeb97e61b7ecc89?s=96&d=mm&r=g\",\"contentUrl\":\"https:\\\/\\\/secure.gravatar.com\\\/avatar\\\/42749d8b712ff9d59ca93dc150494e5b55a44134482993f5baeb97e61b7ecc89?s=96&d=mm&r=g\",\"caption\":\"Roberto\"},\"url\":\"https:\\\/\\\/regiaonews.net.br\\\/2022\\\/author\\\/roberto\\\/\"}]}<\/script>\n<!-- \/ Yoast SEO plugin. -->","yoast_head_json":{"title":"Ruas C15 e C19 no Christiano Carvalho e Avenida 13 recebem recape ap\u00f3s interven\u00e7\u00f5es promovidas pelo SAAEB - Regi\u00e3o News","robots":{"index":"index","follow":"follow","max-snippet":"max-snippet:-1","max-image-preview":"max-image-preview:large","max-video-preview":"max-video-preview:-1"},"canonical":"https:\/\/regiaonews.net.br\/2022\/2023\/04\/01\/ruas-c15-e-c19-no-christiano-carvalho-e-avenida-13-recebem-recape-apos-intervencoes-promovidas-pelo-saaeb\/","og_locale":"pt_BR","og_type":"article","og_title":"Ruas C15 e C19 no Christiano Carvalho e Avenida 13 recebem recape ap\u00f3s interven\u00e7\u00f5es promovidas pelo SAAEB - Regi\u00e3o News","og_description":"&nbsp; A obras nas ruas C15 e C19, no bairro","og_url":"https:\/\/regiaonews.net.br\/2022\/2023\/04\/01\/ruas-c15-e-c19-no-christiano-carvalho-e-avenida-13-recebem-recape-apos-intervencoes-promovidas-pelo-saaeb\/","og_site_name":"Regi\u00e3o News","article_published_time":"2023-04-01T11:05:48+00:00","article_modified_time":"2023-04-05T15:05:11+00:00","og_image":[{"width":1280,"height":589,"url":"https:\/\/regiaonews.net.br\/2022\/wp-content\/uploads\/2023\/04\/WhatsApp-Image-2023-03-31-at-18.33.27.jpeg","type":"image\/jpeg"}],"author":"Roberto","twitter_card":"summary_large_image","twitter_misc":{"Escrito por":"Roberto","Est. tempo de leitura":"2 minutos"},"schema":{"@context":"https:\/\/schema.org","@graph":[{"@type":"Article","@id":"https:\/\/regiaonews.net.br\/2022\/2023\/04\/01\/ruas-c15-e-c19-no-christiano-carvalho-e-avenida-13-recebem-recape-apos-intervencoes-promovidas-pelo-saaeb\/#article","isPartOf":{"@id":"https:\/\/regiaonews.net.br\/2022\/2023\/04\/01\/ruas-c15-e-c19-no-christiano-carvalho-e-avenida-13-recebem-recape-apos-intervencoes-promovidas-pelo-saaeb\/"},"author":{"name":"Roberto","@id":"https:\/\/regiaonews.net.br\/2022\/#\/schema\/person\/2d205a608a5aa97ac279d7a5e6d89ad8"},"headline":"Ruas C15 e C19 no Christiano Carvalho e Avenida 13 recebem recape ap\u00f3s interven\u00e7\u00f5es promovidas pelo SAAEB","datePublished":"2023-04-01T11:05:48+00:00","dateModified":"2023-04-05T15:05:11+00:00","mainEntityOfPage":{"@id":"https:\/\/regiaonews.net.br\/2022\/2023\/04\/01\/ruas-c15-e-c19-no-christiano-carvalho-e-avenida-13-recebem-recape-apos-intervencoes-promovidas-pelo-saaeb\/"},"wordCount":250,"commentCount":0,"publisher":{"@id":"https:\/\/regiaonews.net.br\/2022\/#organization"},"image":{"@id":"https:\/\/regiaonews.net.br\/2022\/2023\/04\/01\/ruas-c15-e-c19-no-christiano-carvalho-e-avenida-13-recebem-recape-apos-intervencoes-promovidas-pelo-saaeb\/#primaryimage"},"thumbnailUrl":"https:\/\/regiaonews.net.br\/2022\/wp-content\/uploads\/2023\/04\/WhatsApp-Image-2023-03-31-at-18.33.27.jpeg","articleSection":["Barretos","Cotidiano"],"inLanguage":"pt-BR","potentialAction":[{"@type":"CommentAction","name":"Comment","target":["https:\/\/regiaonews.net.br\/2022\/2023\/04\/01\/ruas-c15-e-c19-no-christiano-carvalho-e-avenida-13-recebem-recape-apos-intervencoes-promovidas-pelo-saaeb\/#respond"]}]},{"@type":"WebPage","@id":"https:\/\/regiaonews.net.br\/2022\/2023\/04\/01\/ruas-c15-e-c19-no-christiano-carvalho-e-avenida-13-recebem-recape-apos-intervencoes-promovidas-pelo-saaeb\/","url":"https:\/\/regiaonews.net.br\/2022\/2023\/04\/01\/ruas-c15-e-c19-no-christiano-carvalho-e-avenida-13-recebem-recape-apos-intervencoes-promovidas-pelo-saaeb\/","name":"Ruas C15 e C19 no Christiano Carvalho e Avenida 13 recebem recape ap\u00f3s interven\u00e7\u00f5es promovidas pelo SAAEB - Regi\u00e3o News","isPartOf":{"@id":"https:\/\/regiaonews.net.br\/2022\/#website"},"primaryImageOfPage":{"@id":"https:\/\/regiaonews.net.br\/2022\/2023\/04\/01\/ruas-c15-e-c19-no-christiano-carvalho-e-avenida-13-recebem-recape-apos-intervencoes-promovidas-pelo-saaeb\/#primaryimage"},"image":{"@id":"https:\/\/regiaonews.net.br\/2022\/2023\/04\/01\/ruas-c15-e-c19-no-christiano-carvalho-e-avenida-13-recebem-recape-apos-intervencoes-promovidas-pelo-saaeb\/#primaryimage"},"thumbnailUrl":"https:\/\/regiaonews.net.br\/2022\/wp-content\/uploads\/2023\/04\/WhatsApp-Image-2023-03-31-at-18.33.27.jpeg","datePublished":"2023-04-01T11:05:48+00:00","dateModified":"2023-04-05T15:05:11+00:00","breadcrumb":{"@id":"https:\/\/regiaonews.net.br\/2022\/2023\/04\/01\/ruas-c15-e-c19-no-christiano-carvalho-e-avenida-13-recebem-recape-apos-intervencoes-promovidas-pelo-saaeb\/#breadcrumb"},"inLanguage":"pt-BR","potentialAction":[{"@type":"ReadAction","target":["https:\/\/regiaonews.net.br\/2022\/2023\/04\/01\/ruas-c15-e-c19-no-christiano-carvalho-e-avenida-13-recebem-recape-apos-intervencoes-promovidas-pelo-saaeb\/"]}]},{"@type":"ImageObject","inLanguage":"pt-BR","@id":"https:\/\/regiaonews.net.br\/2022\/2023\/04\/01\/ruas-c15-e-c19-no-christiano-carvalho-e-avenida-13-recebem-recape-apos-intervencoes-promovidas-pelo-saaeb\/#primaryimage","url":"https:\/\/regiaonews.net.br\/2022\/wp-content\/uploads\/2023\/04\/WhatsApp-Image-2023-03-31-at-18.33.27.jpeg","contentUrl":"https:\/\/regiaonews.net.br\/2022\/wp-content\/uploads\/2023\/04\/WhatsApp-Image-2023-03-31-at-18.33.27.jpeg","width":1280,"height":589},{"@type":"BreadcrumbList","@id":"https:\/\/regiaonews.net.br\/2022\/2023\/04\/01\/ruas-c15-e-c19-no-christiano-carvalho-e-avenida-13-recebem-recape-apos-intervencoes-promovidas-pelo-saaeb\/#breadcrumb","itemListElement":[{"@type":"ListItem","position":1,"name":"In\u00edcio","item":"https:\/\/regiaonews.net.br\/2022\/"},{"@type":"ListItem","position":2,"name":"Ruas C15 e C19 no Christiano Carvalho e Avenida 13 recebem recape ap\u00f3s interven\u00e7\u00f5es promovidas pelo SAAEB"}]},{"@type":"WebSite","@id":"https:\/\/regiaonews.net.br\/2022\/#website","url":"https:\/\/regiaonews.net.br\/2022\/","name":"Regi\u00e3o News","description":"Site de Not\u00edcias de Barretos e regi\u00e3o","publisher":{"@id":"https:\/\/regiaonews.net.br\/2022\/#organization"},"potentialAction":[{"@type":"SearchAction","target":{"@type":"EntryPoint","urlTemplate":"https:\/\/regiaonews.net.br\/2022\/?s={search_term_string}"},"query-input":{"@type":"PropertyValueSpecification","valueRequired":true,"valueName":"search_term_string"}}],"inLanguage":"pt-BR"},{"@type":"Organization","@id":"https:\/\/regiaonews.net.br\/2022\/#organization","name":"Regi\u00e3o News","url":"https:\/\/regiaonews.net.br\/2022\/","logo":{"@type":"ImageObject","inLanguage":"pt-BR","@id":"https:\/\/regiaonews.net.br\/2022\/#\/schema\/logo\/image\/","url":"https:\/\/regiaonews.net.br\/2022\/wp-content\/uploads\/2026\/03\/regiao-13-anos-scaled.jpg","contentUrl":"https:\/\/regiaonews.net.br\/2022\/wp-content\/uploads\/2026\/03\/regiao-13-anos-scaled.jpg","width":2560,"height":635,"caption":"Regi\u00e3o News"},"image":{"@id":"https:\/\/regiaonews.net.br\/2022\/#\/schema\/logo\/image\/"}},{"@type":"Person","@id":"https:\/\/regiaonews.net.br\/2022\/#\/schema\/person\/2d205a608a5aa97ac279d7a5e6d89ad8","name":"Roberto","image":{"@type":"ImageObject","inLanguage":"pt-BR","@id":"https:\/\/secure.gravatar.com\/avatar\/42749d8b712ff9d59ca93dc150494e5b55a44134482993f5baeb97e61b7ecc89?s=96&d=mm&r=g","url":"https:\/\/secure.gravatar.com\/avatar\/42749d8b712ff9d59ca93dc150494e5b55a44134482993f5baeb97e61b7ecc89?s=96&d=mm&r=g","contentUrl":"https:\/\/secure.gravatar.com\/avatar\/42749d8b712ff9d59ca93dc150494e5b55a44134482993f5baeb97e61b7ecc89?s=96&d=mm&r=g","caption":"Roberto"},"url":"https:\/\/regiaonews.net.br\/2022\/author\/roberto\/"}]}},"publishpress_future_action":{"enabled":false,"date":"2026-05-02 02:23:59","action":"change-status","newStatus":"draft","terms":[],"taxonomy":"category","extraData":[]},"publishpress_future_workflow_manual_trigger":{"enabledWorkflows":[]},"_links":{"self":[{"href":"https:\/\/regiaonews.net.br\/2022\/wp-json\/wp\/v2\/posts\/86015","targetHints":{"allow":["GET"]}}],"collection":[{"href":"https:\/\/regiaonews.net.br\/2022\/wp-json\/wp\/v2\/posts"}],"about":[{"href":"https:\/\/regiaonews.net.br\/2022\/wp-json\/wp\/v2\/types\/post"}],"author":[{"embeddable":true,"href":"https:\/\/regiaonews.net.br\/2022\/wp-json\/wp\/v2\/users\/2"}],"replies":[{"embeddable":true,"href":"https:\/\/regiaonews.net.br\/2022\/wp-json\/wp\/v2\/comments?post=86015"}],"version-history":[{"count":1,"href":"https:\/\/regiaonews.net.br\/2022\/wp-json\/wp\/v2\/posts\/86015\/revisions"}],"predecessor-version":[{"id":86017,"href":"https:\/\/regiaonews.net.br\/2022\/wp-json\/wp\/v2\/posts\/86015\/revisions\/86017"}],"wp:featuredmedia":[{"embeddable":true,"href":"https:\/\/regiaonews.net.br\/2022\/wp-json\/wp\/v2\/media\/86016"}],"wp:attachment":[{"href":"https:\/\/regiaonews.net.br\/2022\/wp-json\/wp\/v2\/media?parent=86015"}],"wp:term":[{"taxonomy":"category","embeddable":true,"href":"https:\/\/regiaonews.net.br\/2022\/wp-json\/wp\/v2\/categories?post=86015"},{"taxonomy":"post_tag","embeddable":true,"href":"https:\/\/regiaonews.net.br\/2022\/wp-json\/wp\/v2\/tags?post=86015"}],"curies":[{"name":"wp","href":"https:\/\/api.w.org\/{rel}","templated":true}]}}