{"id":85941,"date":"2023-03-30T16:35:12","date_gmt":"2023-03-30T19:35:12","guid":{"rendered":"https:\/\/regiaonews.net.br\/2022\/?p=85941"},"modified":"2023-03-30T16:35:12","modified_gmt":"2023-03-30T19:35:12","slug":"prefeita-paula-lemos-entrega-reforma-e-ampliacao-do-cemei-padre-gai","status":"publish","type":"post","link":"https:\/\/regiaonews.net.br\/2022\/2023\/03\/30\/prefeita-paula-lemos-entrega-reforma-e-ampliacao-do-cemei-padre-gai\/","title":{"rendered":"Prefeita Paula Lemos entrega reforma e amplia\u00e7\u00e3o do Cemei \u201cPadre Gai\u201d"},"content":{"rendered":"<h3 style=\"text-align: center;\">Com investimento de mais de R$1,7 milh\u00e3o, centro de educa\u00e7\u00e3o do bairro Rios recebeu melhorias em sua estrutura e cobertura do p\u00e1tio.<\/h3>\n<p>A Prefeitura da Est\u00e2ncia Tur\u00edstica de Barretos, por meio da Secretaria Municipal de Educa\u00e7\u00e3o, entregou na tarde de quarta-feira, 29 de mar\u00e7o, as obras de reforma e amplia\u00e7\u00e3o do Centro Municipal de Educa\u00e7\u00e3o Infantil Monsenhor Archimedes Gai &#8211; \u201cPadre Gai\u201d, no bairro Rios.<br \/>\nA prefeita Paula Lemos agradeceu a presen\u00e7a de todos e parabenizou a diretora da unidade pela busca incans\u00e1vel por melhorias no Cemei. A chefe do executivo tamb\u00e9m se lembrou do furto ocorrido no Setor de Transporte Escolar. \u201cA reforma e amplia\u00e7\u00e3o do Cemei Padre Gai \u00e9 uma conquista que s\u00f3 foi poss\u00edvel gra\u00e7as ao trabalho em equipe. A Adriana, diretora, \u00e9 algu\u00e9m que se dedica incansavelmente h\u00e1 15 anos em busca dessa melhoria para as suas crian\u00e7as a quem chama carinhosamente de &#8220;meus filhos&#8221;. Um dia em que iniciamos enfrentando uma situa\u00e7\u00e3o em que nunca passamos, com o furto dos pain\u00e9is dos \u00f4nibus do transporte escolar, impossibilitando mais de mil alunos de irem para a escola. Mas que fomos resilientes e capazes de transformar mais vidas mostrando que a Educa\u00e7\u00e3o \u00e9 feita de uni\u00e3o e sonhos\u201d, afirmou.<br \/>\nJ\u00e9ssica Maria dos Santos, secret\u00e1ria de Educa\u00e7\u00e3o, afirmou que o dia da entrega da escola ficar\u00e1 marcado como um dos mais desafiadores j\u00e1 enfrentados pela Educa\u00e7\u00e3o barretense. \u201cHoje fomos alvo de um roubo que impactou o nosso transporte hoje, mas a educa\u00e7\u00e3o est\u00e1 aqui, com a uni\u00e3o das pessoas e com a responsabilidade dos nossos profissionais. Estamos de p\u00e9, inaugurando e entregando mais um espa\u00e7o, porque a educa\u00e7\u00e3o n\u00e3o pode parar e jamais vai parar\u201d, afirmou.<br \/>\nEstrutura revitalizada e ampliada<br \/>\nDurante a reforma, o Cemei \u201cPadre Gai\u201d recebeu melhorias na quadra de esportes e ganhou novo refeit\u00f3rio com cozinha, despensa, lavandeira, almoxarifado e dois banheiros para funcion\u00e1rios. O pr\u00e9dio da escola tamb\u00e9m teve sua estrutura renovada com nova pintura, troca de janelas e portas, bem como a constru\u00e7\u00e3o de um ber\u00e7\u00e1rio onde funcionava a antiga cozinha. O p\u00e1tio conta agora com cobertura em estrutura met\u00e1lica e um novo port\u00e3o de acesso pela Avenida Aerostato. O investimento no local foi de R$ 1.789.548,55.<br \/>\nA Escola<br \/>\nA diretora do Cemei, Adriana Fragas de Souza, emocionou-se ao falar da sua hist\u00f3ria na unidade e do apoio recebido de toda sua equipe. Ela fez quest\u00e3o de enfatizar: \u201cEduca\u00e7\u00e3o \u00e9 uni\u00e3o. Sem uni\u00e3o n\u00e3o tem educa\u00e7\u00e3o\u201d.<br \/>\nA escola atende 150 alunos, de zero a seis anos, moradores da regi\u00e3o do bairro Rios, e funciona desde 2008. Hoje o Cemei conta com uma equipe de 35 colaboradores, entre servidores efetivos e Rejaes.<br \/>\nA solenidade contou ainda com a presen\u00e7a dos secret\u00e1rios municipais Cuiabano Lima, de Turismo; Fab\u00edola Correia, de Comunica\u00e7\u00e3o; Raul Paganelli, de Obras e Servi\u00e7o Urbanos; Roberto Arutim, de Ind\u00fastria, Com\u00e9rcio e Emprego; da superintendente interina do SAAE, Gra\u00e7a Lemos; dos vereadores Juninho Bandeira, Nestor Leonel, Raphael Silv\u00e9rio e Professor Adilsos e de autoridades religiosas como o Padre Costante Gualdi, p\u00e1roco do Santu\u00e1rio de Nossa Senhora do Ros\u00e1rio; Andr\u00e9 Ribeiro de Mendon\u00e7a, presidente do Conselho de Pastores de Barretos e pastor na IAMIR; e do Sheik Mohanad Al Hussein, da Mesquita Mul\u00e7umana de Barretos.<\/p>\n<p>Assimp-220-2023<br \/>\nReda\u00e7\u00e3o:\u00a0Rinaldo\u00a0Filho<\/p>\n","protected":false},"excerpt":{"rendered":"<p>Com investimento de mais de R$1,7 milh\u00e3o, centro de educa\u00e7\u00e3o<\/p>\n","protected":false},"author":2,"featured_media":85942,"comment_status":"open","ping_status":"open","sticky":false,"template":"","format":"standard","meta":{"footnotes":""},"categories":[14,3],"tags":[],"class_list":["post-85941","post","type-post","status-publish","format-standard","has-post-thumbnail","hentry","category-barretos","category-geral"],"yoast_head":"<!-- This site is optimized with the Yoast SEO plugin v27.4 - https:\/\/yoast.com\/product\/yoast-seo-wordpress\/ -->\n<title>Prefeita Paula Lemos entrega reforma e amplia\u00e7\u00e3o do Cemei \u201cPadre Gai\u201d - Regi\u00e3o News<\/title>\n<meta name=\"robots\" content=\"index, follow, max-snippet:-1, max-image-preview:large, max-video-preview:-1\" \/>\n<link rel=\"canonical\" href=\"https:\/\/regiaonews.net.br\/2022\/2023\/03\/30\/prefeita-paula-lemos-entrega-reforma-e-ampliacao-do-cemei-padre-gai\/\" \/>\n<meta property=\"og:locale\" content=\"pt_BR\" \/>\n<meta property=\"og:type\" content=\"article\" \/>\n<meta property=\"og:title\" content=\"Prefeita Paula Lemos entrega reforma e amplia\u00e7\u00e3o do Cemei \u201cPadre Gai\u201d - Regi\u00e3o News\" \/>\n<meta property=\"og:description\" content=\"Com investimento de mais de R$1,7 milh\u00e3o, centro de educa\u00e7\u00e3o\" \/>\n<meta property=\"og:url\" content=\"https:\/\/regiaonews.net.br\/2022\/2023\/03\/30\/prefeita-paula-lemos-entrega-reforma-e-ampliacao-do-cemei-padre-gai\/\" \/>\n<meta property=\"og:site_name\" content=\"Regi\u00e3o News\" \/>\n<meta property=\"article:published_time\" content=\"2023-03-30T19:35:12+00:00\" \/>\n<meta property=\"og:image\" content=\"https:\/\/regiaonews.net.br\/2022\/wp-content\/uploads\/2023\/03\/Imagem-do-WhatsApp-de-2023-03-30-as-16.33.38.jpg\" \/>\n\t<meta property=\"og:image:width\" content=\"1600\" \/>\n\t<meta property=\"og:image:height\" content=\"1068\" \/>\n\t<meta property=\"og:image:type\" content=\"image\/jpeg\" \/>\n<meta name=\"author\" content=\"Roberto\" \/>\n<meta name=\"twitter:card\" content=\"summary_large_image\" \/>\n<meta name=\"twitter:label1\" content=\"Escrito por\" \/>\n\t<meta name=\"twitter:data1\" content=\"Roberto\" \/>\n\t<meta name=\"twitter:label2\" content=\"Est. tempo de leitura\" \/>\n\t<meta name=\"twitter:data2\" content=\"3 minutos\" \/>\n<script type=\"application\/ld+json\" class=\"yoast-schema-graph\">{\"@context\":\"https:\\\/\\\/schema.org\",\"@graph\":[{\"@type\":\"Article\",\"@id\":\"https:\\\/\\\/regiaonews.net.br\\\/2022\\\/2023\\\/03\\\/30\\\/prefeita-paula-lemos-entrega-reforma-e-ampliacao-do-cemei-padre-gai\\\/#article\",\"isPartOf\":{\"@id\":\"https:\\\/\\\/regiaonews.net.br\\\/2022\\\/2023\\\/03\\\/30\\\/prefeita-paula-lemos-entrega-reforma-e-ampliacao-do-cemei-padre-gai\\\/\"},\"author\":{\"name\":\"Roberto\",\"@id\":\"https:\\\/\\\/regiaonews.net.br\\\/2022\\\/#\\\/schema\\\/person\\\/2d205a608a5aa97ac279d7a5e6d89ad8\"},\"headline\":\"Prefeita Paula Lemos entrega reforma e amplia\u00e7\u00e3o do Cemei \u201cPadre Gai\u201d\",\"datePublished\":\"2023-03-30T19:35:12+00:00\",\"mainEntityOfPage\":{\"@id\":\"https:\\\/\\\/regiaonews.net.br\\\/2022\\\/2023\\\/03\\\/30\\\/prefeita-paula-lemos-entrega-reforma-e-ampliacao-do-cemei-padre-gai\\\/\"},\"wordCount\":600,\"commentCount\":0,\"publisher\":{\"@id\":\"https:\\\/\\\/regiaonews.net.br\\\/2022\\\/#organization\"},\"image\":{\"@id\":\"https:\\\/\\\/regiaonews.net.br\\\/2022\\\/2023\\\/03\\\/30\\\/prefeita-paula-lemos-entrega-reforma-e-ampliacao-do-cemei-padre-gai\\\/#primaryimage\"},\"thumbnailUrl\":\"https:\\\/\\\/regiaonews.net.br\\\/2022\\\/wp-content\\\/uploads\\\/2023\\\/03\\\/Imagem-do-WhatsApp-de-2023-03-30-as-16.33.38.jpg\",\"articleSection\":[\"Barretos\",\"Geral\"],\"inLanguage\":\"pt-BR\",\"potentialAction\":[{\"@type\":\"CommentAction\",\"name\":\"Comment\",\"target\":[\"https:\\\/\\\/regiaonews.net.br\\\/2022\\\/2023\\\/03\\\/30\\\/prefeita-paula-lemos-entrega-reforma-e-ampliacao-do-cemei-padre-gai\\\/#respond\"]}]},{\"@type\":\"WebPage\",\"@id\":\"https:\\\/\\\/regiaonews.net.br\\\/2022\\\/2023\\\/03\\\/30\\\/prefeita-paula-lemos-entrega-reforma-e-ampliacao-do-cemei-padre-gai\\\/\",\"url\":\"https:\\\/\\\/regiaonews.net.br\\\/2022\\\/2023\\\/03\\\/30\\\/prefeita-paula-lemos-entrega-reforma-e-ampliacao-do-cemei-padre-gai\\\/\",\"name\":\"Prefeita Paula Lemos entrega reforma e amplia\u00e7\u00e3o do Cemei \u201cPadre Gai\u201d - Regi\u00e3o News\",\"isPartOf\":{\"@id\":\"https:\\\/\\\/regiaonews.net.br\\\/2022\\\/#website\"},\"primaryImageOfPage\":{\"@id\":\"https:\\\/\\\/regiaonews.net.br\\\/2022\\\/2023\\\/03\\\/30\\\/prefeita-paula-lemos-entrega-reforma-e-ampliacao-do-cemei-padre-gai\\\/#primaryimage\"},\"image\":{\"@id\":\"https:\\\/\\\/regiaonews.net.br\\\/2022\\\/2023\\\/03\\\/30\\\/prefeita-paula-lemos-entrega-reforma-e-ampliacao-do-cemei-padre-gai\\\/#primaryimage\"},\"thumbnailUrl\":\"https:\\\/\\\/regiaonews.net.br\\\/2022\\\/wp-content\\\/uploads\\\/2023\\\/03\\\/Imagem-do-WhatsApp-de-2023-03-30-as-16.33.38.jpg\",\"datePublished\":\"2023-03-30T19:35:12+00:00\",\"breadcrumb\":{\"@id\":\"https:\\\/\\\/regiaonews.net.br\\\/2022\\\/2023\\\/03\\\/30\\\/prefeita-paula-lemos-entrega-reforma-e-ampliacao-do-cemei-padre-gai\\\/#breadcrumb\"},\"inLanguage\":\"pt-BR\",\"potentialAction\":[{\"@type\":\"ReadAction\",\"target\":[\"https:\\\/\\\/regiaonews.net.br\\\/2022\\\/2023\\\/03\\\/30\\\/prefeita-paula-lemos-entrega-reforma-e-ampliacao-do-cemei-padre-gai\\\/\"]}]},{\"@type\":\"ImageObject\",\"inLanguage\":\"pt-BR\",\"@id\":\"https:\\\/\\\/regiaonews.net.br\\\/2022\\\/2023\\\/03\\\/30\\\/prefeita-paula-lemos-entrega-reforma-e-ampliacao-do-cemei-padre-gai\\\/#primaryimage\",\"url\":\"https:\\\/\\\/regiaonews.net.br\\\/2022\\\/wp-content\\\/uploads\\\/2023\\\/03\\\/Imagem-do-WhatsApp-de-2023-03-30-as-16.33.38.jpg\",\"contentUrl\":\"https:\\\/\\\/regiaonews.net.br\\\/2022\\\/wp-content\\\/uploads\\\/2023\\\/03\\\/Imagem-do-WhatsApp-de-2023-03-30-as-16.33.38.jpg\",\"width\":1600,\"height\":1068},{\"@type\":\"BreadcrumbList\",\"@id\":\"https:\\\/\\\/regiaonews.net.br\\\/2022\\\/2023\\\/03\\\/30\\\/prefeita-paula-lemos-entrega-reforma-e-ampliacao-do-cemei-padre-gai\\\/#breadcrumb\",\"itemListElement\":[{\"@type\":\"ListItem\",\"position\":1,\"name\":\"In\u00edcio\",\"item\":\"https:\\\/\\\/regiaonews.net.br\\\/2022\\\/\"},{\"@type\":\"ListItem\",\"position\":2,\"name\":\"Prefeita Paula Lemos entrega reforma e amplia\u00e7\u00e3o do Cemei \u201cPadre Gai\u201d\"}]},{\"@type\":\"WebSite\",\"@id\":\"https:\\\/\\\/regiaonews.net.br\\\/2022\\\/#website\",\"url\":\"https:\\\/\\\/regiaonews.net.br\\\/2022\\\/\",\"name\":\"Regi\u00e3o News\",\"description\":\"Site de Not\u00edcias de Barretos e regi\u00e3o\",\"publisher\":{\"@id\":\"https:\\\/\\\/regiaonews.net.br\\\/2022\\\/#organization\"},\"potentialAction\":[{\"@type\":\"SearchAction\",\"target\":{\"@type\":\"EntryPoint\",\"urlTemplate\":\"https:\\\/\\\/regiaonews.net.br\\\/2022\\\/?s={search_term_string}\"},\"query-input\":{\"@type\":\"PropertyValueSpecification\",\"valueRequired\":true,\"valueName\":\"search_term_string\"}}],\"inLanguage\":\"pt-BR\"},{\"@type\":\"Organization\",\"@id\":\"https:\\\/\\\/regiaonews.net.br\\\/2022\\\/#organization\",\"name\":\"Regi\u00e3o News\",\"url\":\"https:\\\/\\\/regiaonews.net.br\\\/2022\\\/\",\"logo\":{\"@type\":\"ImageObject\",\"inLanguage\":\"pt-BR\",\"@id\":\"https:\\\/\\\/regiaonews.net.br\\\/2022\\\/#\\\/schema\\\/logo\\\/image\\\/\",\"url\":\"https:\\\/\\\/regiaonews.net.br\\\/2022\\\/wp-content\\\/uploads\\\/2026\\\/03\\\/regiao-13-anos-scaled.jpg\",\"contentUrl\":\"https:\\\/\\\/regiaonews.net.br\\\/2022\\\/wp-content\\\/uploads\\\/2026\\\/03\\\/regiao-13-anos-scaled.jpg\",\"width\":2560,\"height\":635,\"caption\":\"Regi\u00e3o News\"},\"image\":{\"@id\":\"https:\\\/\\\/regiaonews.net.br\\\/2022\\\/#\\\/schema\\\/logo\\\/image\\\/\"}},{\"@type\":\"Person\",\"@id\":\"https:\\\/\\\/regiaonews.net.br\\\/2022\\\/#\\\/schema\\\/person\\\/2d205a608a5aa97ac279d7a5e6d89ad8\",\"name\":\"Roberto\",\"image\":{\"@type\":\"ImageObject\",\"inLanguage\":\"pt-BR\",\"@id\":\"https:\\\/\\\/secure.gravatar.com\\\/avatar\\\/42749d8b712ff9d59ca93dc150494e5b55a44134482993f5baeb97e61b7ecc89?s=96&d=mm&r=g\",\"url\":\"https:\\\/\\\/secure.gravatar.com\\\/avatar\\\/42749d8b712ff9d59ca93dc150494e5b55a44134482993f5baeb97e61b7ecc89?s=96&d=mm&r=g\",\"contentUrl\":\"https:\\\/\\\/secure.gravatar.com\\\/avatar\\\/42749d8b712ff9d59ca93dc150494e5b55a44134482993f5baeb97e61b7ecc89?s=96&d=mm&r=g\",\"caption\":\"Roberto\"},\"url\":\"https:\\\/\\\/regiaonews.net.br\\\/2022\\\/author\\\/roberto\\\/\"}]}<\/script>\n<!-- \/ Yoast SEO plugin. -->","yoast_head_json":{"title":"Prefeita Paula Lemos entrega reforma e amplia\u00e7\u00e3o do Cemei \u201cPadre Gai\u201d - Regi\u00e3o News","robots":{"index":"index","follow":"follow","max-snippet":"max-snippet:-1","max-image-preview":"max-image-preview:large","max-video-preview":"max-video-preview:-1"},"canonical":"https:\/\/regiaonews.net.br\/2022\/2023\/03\/30\/prefeita-paula-lemos-entrega-reforma-e-ampliacao-do-cemei-padre-gai\/","og_locale":"pt_BR","og_type":"article","og_title":"Prefeita Paula Lemos entrega reforma e amplia\u00e7\u00e3o do Cemei \u201cPadre Gai\u201d - Regi\u00e3o News","og_description":"Com investimento de mais de R$1,7 milh\u00e3o, centro de educa\u00e7\u00e3o","og_url":"https:\/\/regiaonews.net.br\/2022\/2023\/03\/30\/prefeita-paula-lemos-entrega-reforma-e-ampliacao-do-cemei-padre-gai\/","og_site_name":"Regi\u00e3o News","article_published_time":"2023-03-30T19:35:12+00:00","og_image":[{"width":1600,"height":1068,"url":"https:\/\/regiaonews.net.br\/2022\/wp-content\/uploads\/2023\/03\/Imagem-do-WhatsApp-de-2023-03-30-as-16.33.38.jpg","type":"image\/jpeg"}],"author":"Roberto","twitter_card":"summary_large_image","twitter_misc":{"Escrito por":"Roberto","Est. tempo de leitura":"3 minutos"},"schema":{"@context":"https:\/\/schema.org","@graph":[{"@type":"Article","@id":"https:\/\/regiaonews.net.br\/2022\/2023\/03\/30\/prefeita-paula-lemos-entrega-reforma-e-ampliacao-do-cemei-padre-gai\/#article","isPartOf":{"@id":"https:\/\/regiaonews.net.br\/2022\/2023\/03\/30\/prefeita-paula-lemos-entrega-reforma-e-ampliacao-do-cemei-padre-gai\/"},"author":{"name":"Roberto","@id":"https:\/\/regiaonews.net.br\/2022\/#\/schema\/person\/2d205a608a5aa97ac279d7a5e6d89ad8"},"headline":"Prefeita Paula Lemos entrega reforma e amplia\u00e7\u00e3o do Cemei \u201cPadre Gai\u201d","datePublished":"2023-03-30T19:35:12+00:00","mainEntityOfPage":{"@id":"https:\/\/regiaonews.net.br\/2022\/2023\/03\/30\/prefeita-paula-lemos-entrega-reforma-e-ampliacao-do-cemei-padre-gai\/"},"wordCount":600,"commentCount":0,"publisher":{"@id":"https:\/\/regiaonews.net.br\/2022\/#organization"},"image":{"@id":"https:\/\/regiaonews.net.br\/2022\/2023\/03\/30\/prefeita-paula-lemos-entrega-reforma-e-ampliacao-do-cemei-padre-gai\/#primaryimage"},"thumbnailUrl":"https:\/\/regiaonews.net.br\/2022\/wp-content\/uploads\/2023\/03\/Imagem-do-WhatsApp-de-2023-03-30-as-16.33.38.jpg","articleSection":["Barretos","Geral"],"inLanguage":"pt-BR","potentialAction":[{"@type":"CommentAction","name":"Comment","target":["https:\/\/regiaonews.net.br\/2022\/2023\/03\/30\/prefeita-paula-lemos-entrega-reforma-e-ampliacao-do-cemei-padre-gai\/#respond"]}]},{"@type":"WebPage","@id":"https:\/\/regiaonews.net.br\/2022\/2023\/03\/30\/prefeita-paula-lemos-entrega-reforma-e-ampliacao-do-cemei-padre-gai\/","url":"https:\/\/regiaonews.net.br\/2022\/2023\/03\/30\/prefeita-paula-lemos-entrega-reforma-e-ampliacao-do-cemei-padre-gai\/","name":"Prefeita Paula Lemos entrega reforma e amplia\u00e7\u00e3o do Cemei \u201cPadre Gai\u201d - Regi\u00e3o News","isPartOf":{"@id":"https:\/\/regiaonews.net.br\/2022\/#website"},"primaryImageOfPage":{"@id":"https:\/\/regiaonews.net.br\/2022\/2023\/03\/30\/prefeita-paula-lemos-entrega-reforma-e-ampliacao-do-cemei-padre-gai\/#primaryimage"},"image":{"@id":"https:\/\/regiaonews.net.br\/2022\/2023\/03\/30\/prefeita-paula-lemos-entrega-reforma-e-ampliacao-do-cemei-padre-gai\/#primaryimage"},"thumbnailUrl":"https:\/\/regiaonews.net.br\/2022\/wp-content\/uploads\/2023\/03\/Imagem-do-WhatsApp-de-2023-03-30-as-16.33.38.jpg","datePublished":"2023-03-30T19:35:12+00:00","breadcrumb":{"@id":"https:\/\/regiaonews.net.br\/2022\/2023\/03\/30\/prefeita-paula-lemos-entrega-reforma-e-ampliacao-do-cemei-padre-gai\/#breadcrumb"},"inLanguage":"pt-BR","potentialAction":[{"@type":"ReadAction","target":["https:\/\/regiaonews.net.br\/2022\/2023\/03\/30\/prefeita-paula-lemos-entrega-reforma-e-ampliacao-do-cemei-padre-gai\/"]}]},{"@type":"ImageObject","inLanguage":"pt-BR","@id":"https:\/\/regiaonews.net.br\/2022\/2023\/03\/30\/prefeita-paula-lemos-entrega-reforma-e-ampliacao-do-cemei-padre-gai\/#primaryimage","url":"https:\/\/regiaonews.net.br\/2022\/wp-content\/uploads\/2023\/03\/Imagem-do-WhatsApp-de-2023-03-30-as-16.33.38.jpg","contentUrl":"https:\/\/regiaonews.net.br\/2022\/wp-content\/uploads\/2023\/03\/Imagem-do-WhatsApp-de-2023-03-30-as-16.33.38.jpg","width":1600,"height":1068},{"@type":"BreadcrumbList","@id":"https:\/\/regiaonews.net.br\/2022\/2023\/03\/30\/prefeita-paula-lemos-entrega-reforma-e-ampliacao-do-cemei-padre-gai\/#breadcrumb","itemListElement":[{"@type":"ListItem","position":1,"name":"In\u00edcio","item":"https:\/\/regiaonews.net.br\/2022\/"},{"@type":"ListItem","position":2,"name":"Prefeita Paula Lemos entrega reforma e amplia\u00e7\u00e3o do Cemei \u201cPadre Gai\u201d"}]},{"@type":"WebSite","@id":"https:\/\/regiaonews.net.br\/2022\/#website","url":"https:\/\/regiaonews.net.br\/2022\/","name":"Regi\u00e3o News","description":"Site de Not\u00edcias de Barretos e regi\u00e3o","publisher":{"@id":"https:\/\/regiaonews.net.br\/2022\/#organization"},"potentialAction":[{"@type":"SearchAction","target":{"@type":"EntryPoint","urlTemplate":"https:\/\/regiaonews.net.br\/2022\/?s={search_term_string}"},"query-input":{"@type":"PropertyValueSpecification","valueRequired":true,"valueName":"search_term_string"}}],"inLanguage":"pt-BR"},{"@type":"Organization","@id":"https:\/\/regiaonews.net.br\/2022\/#organization","name":"Regi\u00e3o News","url":"https:\/\/regiaonews.net.br\/2022\/","logo":{"@type":"ImageObject","inLanguage":"pt-BR","@id":"https:\/\/regiaonews.net.br\/2022\/#\/schema\/logo\/image\/","url":"https:\/\/regiaonews.net.br\/2022\/wp-content\/uploads\/2026\/03\/regiao-13-anos-scaled.jpg","contentUrl":"https:\/\/regiaonews.net.br\/2022\/wp-content\/uploads\/2026\/03\/regiao-13-anos-scaled.jpg","width":2560,"height":635,"caption":"Regi\u00e3o News"},"image":{"@id":"https:\/\/regiaonews.net.br\/2022\/#\/schema\/logo\/image\/"}},{"@type":"Person","@id":"https:\/\/regiaonews.net.br\/2022\/#\/schema\/person\/2d205a608a5aa97ac279d7a5e6d89ad8","name":"Roberto","image":{"@type":"ImageObject","inLanguage":"pt-BR","@id":"https:\/\/secure.gravatar.com\/avatar\/42749d8b712ff9d59ca93dc150494e5b55a44134482993f5baeb97e61b7ecc89?s=96&d=mm&r=g","url":"https:\/\/secure.gravatar.com\/avatar\/42749d8b712ff9d59ca93dc150494e5b55a44134482993f5baeb97e61b7ecc89?s=96&d=mm&r=g","contentUrl":"https:\/\/secure.gravatar.com\/avatar\/42749d8b712ff9d59ca93dc150494e5b55a44134482993f5baeb97e61b7ecc89?s=96&d=mm&r=g","caption":"Roberto"},"url":"https:\/\/regiaonews.net.br\/2022\/author\/roberto\/"}]}},"publishpress_future_action":{"enabled":false,"date":"2026-05-03 06:21:28","action":"change-status","newStatus":"draft","terms":[],"taxonomy":"category","extraData":[]},"publishpress_future_workflow_manual_trigger":{"enabledWorkflows":[]},"_links":{"self":[{"href":"https:\/\/regiaonews.net.br\/2022\/wp-json\/wp\/v2\/posts\/85941","targetHints":{"allow":["GET"]}}],"collection":[{"href":"https:\/\/regiaonews.net.br\/2022\/wp-json\/wp\/v2\/posts"}],"about":[{"href":"https:\/\/regiaonews.net.br\/2022\/wp-json\/wp\/v2\/types\/post"}],"author":[{"embeddable":true,"href":"https:\/\/regiaonews.net.br\/2022\/wp-json\/wp\/v2\/users\/2"}],"replies":[{"embeddable":true,"href":"https:\/\/regiaonews.net.br\/2022\/wp-json\/wp\/v2\/comments?post=85941"}],"version-history":[{"count":1,"href":"https:\/\/regiaonews.net.br\/2022\/wp-json\/wp\/v2\/posts\/85941\/revisions"}],"predecessor-version":[{"id":85943,"href":"https:\/\/regiaonews.net.br\/2022\/wp-json\/wp\/v2\/posts\/85941\/revisions\/85943"}],"wp:featuredmedia":[{"embeddable":true,"href":"https:\/\/regiaonews.net.br\/2022\/wp-json\/wp\/v2\/media\/85942"}],"wp:attachment":[{"href":"https:\/\/regiaonews.net.br\/2022\/wp-json\/wp\/v2\/media?parent=85941"}],"wp:term":[{"taxonomy":"category","embeddable":true,"href":"https:\/\/regiaonews.net.br\/2022\/wp-json\/wp\/v2\/categories?post=85941"},{"taxonomy":"post_tag","embeddable":true,"href":"https:\/\/regiaonews.net.br\/2022\/wp-json\/wp\/v2\/tags?post=85941"}],"curies":[{"name":"wp","href":"https:\/\/api.w.org\/{rel}","templated":true}]}}