{"id":85937,"date":"2023-03-30T16:27:13","date_gmt":"2023-03-30T19:27:13","guid":{"rendered":"https:\/\/regiaonews.net.br\/2022\/?p=85937"},"modified":"2023-04-02T15:48:00","modified_gmt":"2023-04-02T18:48:00","slug":"comecam-os-preparativos-para-o-35o-arraial-da-alegria-da-cidade-de-maria","status":"publish","type":"post","link":"https:\/\/regiaonews.net.br\/2022\/2023\/03\/30\/comecam-os-preparativos-para-o-35o-arraial-da-alegria-da-cidade-de-maria\/","title":{"rendered":"Come\u00e7am os preparativos para o 35\u00ba Arraial da Alegria da Cidade de Maria"},"content":{"rendered":"<h3 style=\"text-align: center;\">Evento arrecada fundos para a manuten\u00e7\u00e3o do Centro de Forma\u00e7\u00e3o e Espiritualidade da Diocese de Barretos.<\/h3>\n<p>A Comiss\u00e3o Organizadora do Arraial da Alegria da Cidade de Maria se reuniu na noite de quarta-feira (29), com o bispo diocesano Dom Milton Kenan J\u00fanior e volunt\u00e1rios para dar in\u00edcio \u00e0 produ\u00e7\u00e3o da 35\u00aa edi\u00e7\u00e3o da quermesse mais tradicional de Barretos.<\/p>\n<p>O 35\u00ba Arraial da Alegria da Cidade de Maria ser\u00e1 realizado nos dias 2 e 3 de junho, e o almo\u00e7o no dia 4.<\/p>\n<p>Henrique Prata enalteceu a colabora\u00e7\u00e3o de empresas ao longo destes anos que sempre disponibilizaram tempo para angariar recursos por meio do Concurso Rei &amp; Rainha da Alegria, certame que acontece em programa especial de r\u00e1dio transmitido por emissoras do Grupo Monteiro de Barros e disse que \u201cposs\u00edveis candidatos j\u00e1 est\u00e3o sendo sondados\u201d.<\/p>\n<p>O valor arrecadado no concurso, por meio de prest\u00edgios, somado ao que se arrecada com a quermesse e almo\u00e7o, \u00e9 revertido para a manuten\u00e7\u00e3o do Centro de Forma\u00e7\u00e3o e Espiritualidade da Diocese de Barretos, a Cidade de Maria.<\/p>\n<p>\u201cTudo isso que acontece \u00e9 em prol de uma causa que s\u00f3 se mant\u00e9m e se sustenta pela ajuda e doa\u00e7\u00e3o de cada um. Ent\u00e3o, agradecemos a Deus por cada pessoa que Ele coloca em nossas vidas\u201d, destacou no in\u00edcio da reuni\u00e3o a irm\u00e3 Elisabete Cabral Longo (irm\u00e3 Bete), da Congrega\u00e7\u00e3o das Missionarias de A\u00e7\u00e3o Paroquial (MAP), que integra a comiss\u00e3o.<\/p>\n<p>Cidade de Maria<\/p>\n<p>A Cidade de Maria possui sete casas onde se mant\u00e9m congrega\u00e7\u00f5es religiosas masculinas e femininas que promovem forma\u00e7\u00e3o de futuros padres, irm\u00e3os e freiras.<\/p>\n<p>Tem ainda uma Casa de Encontros e Retiros com capacidade para acolher cerca de 110 pessoas. O local oferece um amplo refeit\u00f3rio, apartamentos, salas de reuni\u00f5es, capela e um amplo jardim.<\/p>\n<p>O projeto foi idealizado pelo segundo bispo diocesano de Barretos, Dom Ant\u00f4nio Mucciolo, e o espa\u00e7o foi uma doa\u00e7\u00e3o de cinco alqueires do senhor Guilherme Seraphino.<\/p>\n<p>A pedra fundamental da Cidade de Maria foi lan\u00e7ada em 25 de maio de 1978. A constru\u00e7\u00e3o come\u00e7ou em 02 de outubro de 1978 e a inaugura\u00e7\u00e3o aconteceu em 05 de setembro de 1981.<\/p>\n<p>Instagram<\/p>\n<p>Uma das novidades do evento este ano \u00e9 a cria\u00e7\u00e3o do perfil do Arraial da Alegria no Instagram. Nele o p\u00fablico ter\u00e1 acesso a informa\u00e7\u00f5es sobre o evento deste ano e recordar edi\u00e7\u00f5es passadas: @arraialdaalegria (https:\/\/www.instagram.com\/arraialdaalegria\/).<\/p>\n<p>&nbsp;<\/p>\n","protected":false},"excerpt":{"rendered":"<p>Evento arrecada fundos para a manuten\u00e7\u00e3o do Centro de Forma\u00e7\u00e3o<\/p>\n","protected":false},"author":2,"featured_media":85938,"comment_status":"open","ping_status":"open","sticky":false,"template":"","format":"standard","meta":{"footnotes":""},"categories":[14,3],"tags":[],"class_list":["post-85937","post","type-post","status-publish","format-standard","has-post-thumbnail","hentry","category-barretos","category-geral"],"yoast_head":"<!-- This site is optimized with the Yoast SEO plugin v27.4 - https:\/\/yoast.com\/product\/yoast-seo-wordpress\/ -->\n<title>Come\u00e7am os preparativos para o 35\u00ba Arraial da Alegria da Cidade de Maria - Regi\u00e3o News<\/title>\n<meta name=\"robots\" content=\"index, follow, max-snippet:-1, max-image-preview:large, max-video-preview:-1\" \/>\n<link rel=\"canonical\" href=\"https:\/\/regiaonews.net.br\/2022\/2023\/03\/30\/comecam-os-preparativos-para-o-35o-arraial-da-alegria-da-cidade-de-maria\/\" \/>\n<meta property=\"og:locale\" content=\"pt_BR\" \/>\n<meta property=\"og:type\" content=\"article\" \/>\n<meta property=\"og:title\" content=\"Come\u00e7am os preparativos para o 35\u00ba Arraial da Alegria da Cidade de Maria - Regi\u00e3o News\" \/>\n<meta property=\"og:description\" content=\"Evento arrecada fundos para a manuten\u00e7\u00e3o do Centro de Forma\u00e7\u00e3o\" \/>\n<meta property=\"og:url\" content=\"https:\/\/regiaonews.net.br\/2022\/2023\/03\/30\/comecam-os-preparativos-para-o-35o-arraial-da-alegria-da-cidade-de-maria\/\" \/>\n<meta property=\"og:site_name\" content=\"Regi\u00e3o News\" \/>\n<meta property=\"article:published_time\" content=\"2023-03-30T19:27:13+00:00\" \/>\n<meta property=\"article:modified_time\" content=\"2023-04-02T18:48:00+00:00\" \/>\n<meta property=\"og:image\" content=\"https:\/\/regiaonews.net.br\/2022\/wp-content\/uploads\/2023\/03\/Imagem-do-WhatsApp-de-2023-03-30-as-16.13.22.jpg\" \/>\n\t<meta property=\"og:image:width\" content=\"1600\" \/>\n\t<meta property=\"og:image:height\" content=\"900\" \/>\n\t<meta property=\"og:image:type\" content=\"image\/jpeg\" \/>\n<meta name=\"author\" content=\"Roberto\" \/>\n<meta name=\"twitter:card\" content=\"summary_large_image\" \/>\n<meta name=\"twitter:label1\" content=\"Escrito por\" \/>\n\t<meta name=\"twitter:data1\" content=\"Roberto\" \/>\n\t<meta name=\"twitter:label2\" content=\"Est. tempo de leitura\" \/>\n\t<meta name=\"twitter:data2\" content=\"3 minutos\" \/>\n<script type=\"application\/ld+json\" class=\"yoast-schema-graph\">{\"@context\":\"https:\\\/\\\/schema.org\",\"@graph\":[{\"@type\":\"Article\",\"@id\":\"https:\\\/\\\/regiaonews.net.br\\\/2022\\\/2023\\\/03\\\/30\\\/comecam-os-preparativos-para-o-35o-arraial-da-alegria-da-cidade-de-maria\\\/#article\",\"isPartOf\":{\"@id\":\"https:\\\/\\\/regiaonews.net.br\\\/2022\\\/2023\\\/03\\\/30\\\/comecam-os-preparativos-para-o-35o-arraial-da-alegria-da-cidade-de-maria\\\/\"},\"author\":{\"name\":\"Roberto\",\"@id\":\"https:\\\/\\\/regiaonews.net.br\\\/2022\\\/#\\\/schema\\\/person\\\/2d205a608a5aa97ac279d7a5e6d89ad8\"},\"headline\":\"Come\u00e7am os preparativos para o 35\u00ba Arraial da Alegria da Cidade de Maria\",\"datePublished\":\"2023-03-30T19:27:13+00:00\",\"dateModified\":\"2023-04-02T18:48:00+00:00\",\"mainEntityOfPage\":{\"@id\":\"https:\\\/\\\/regiaonews.net.br\\\/2022\\\/2023\\\/03\\\/30\\\/comecam-os-preparativos-para-o-35o-arraial-da-alegria-da-cidade-de-maria\\\/\"},\"wordCount\":431,\"commentCount\":0,\"publisher\":{\"@id\":\"https:\\\/\\\/regiaonews.net.br\\\/2022\\\/#organization\"},\"image\":{\"@id\":\"https:\\\/\\\/regiaonews.net.br\\\/2022\\\/2023\\\/03\\\/30\\\/comecam-os-preparativos-para-o-35o-arraial-da-alegria-da-cidade-de-maria\\\/#primaryimage\"},\"thumbnailUrl\":\"https:\\\/\\\/regiaonews.net.br\\\/2022\\\/wp-content\\\/uploads\\\/2023\\\/03\\\/Imagem-do-WhatsApp-de-2023-03-30-as-16.13.22.jpg\",\"articleSection\":[\"Barretos\",\"Geral\"],\"inLanguage\":\"pt-BR\",\"potentialAction\":[{\"@type\":\"CommentAction\",\"name\":\"Comment\",\"target\":[\"https:\\\/\\\/regiaonews.net.br\\\/2022\\\/2023\\\/03\\\/30\\\/comecam-os-preparativos-para-o-35o-arraial-da-alegria-da-cidade-de-maria\\\/#respond\"]}]},{\"@type\":\"WebPage\",\"@id\":\"https:\\\/\\\/regiaonews.net.br\\\/2022\\\/2023\\\/03\\\/30\\\/comecam-os-preparativos-para-o-35o-arraial-da-alegria-da-cidade-de-maria\\\/\",\"url\":\"https:\\\/\\\/regiaonews.net.br\\\/2022\\\/2023\\\/03\\\/30\\\/comecam-os-preparativos-para-o-35o-arraial-da-alegria-da-cidade-de-maria\\\/\",\"name\":\"Come\u00e7am os preparativos para o 35\u00ba Arraial da Alegria da Cidade de Maria - Regi\u00e3o News\",\"isPartOf\":{\"@id\":\"https:\\\/\\\/regiaonews.net.br\\\/2022\\\/#website\"},\"primaryImageOfPage\":{\"@id\":\"https:\\\/\\\/regiaonews.net.br\\\/2022\\\/2023\\\/03\\\/30\\\/comecam-os-preparativos-para-o-35o-arraial-da-alegria-da-cidade-de-maria\\\/#primaryimage\"},\"image\":{\"@id\":\"https:\\\/\\\/regiaonews.net.br\\\/2022\\\/2023\\\/03\\\/30\\\/comecam-os-preparativos-para-o-35o-arraial-da-alegria-da-cidade-de-maria\\\/#primaryimage\"},\"thumbnailUrl\":\"https:\\\/\\\/regiaonews.net.br\\\/2022\\\/wp-content\\\/uploads\\\/2023\\\/03\\\/Imagem-do-WhatsApp-de-2023-03-30-as-16.13.22.jpg\",\"datePublished\":\"2023-03-30T19:27:13+00:00\",\"dateModified\":\"2023-04-02T18:48:00+00:00\",\"breadcrumb\":{\"@id\":\"https:\\\/\\\/regiaonews.net.br\\\/2022\\\/2023\\\/03\\\/30\\\/comecam-os-preparativos-para-o-35o-arraial-da-alegria-da-cidade-de-maria\\\/#breadcrumb\"},\"inLanguage\":\"pt-BR\",\"potentialAction\":[{\"@type\":\"ReadAction\",\"target\":[\"https:\\\/\\\/regiaonews.net.br\\\/2022\\\/2023\\\/03\\\/30\\\/comecam-os-preparativos-para-o-35o-arraial-da-alegria-da-cidade-de-maria\\\/\"]}]},{\"@type\":\"ImageObject\",\"inLanguage\":\"pt-BR\",\"@id\":\"https:\\\/\\\/regiaonews.net.br\\\/2022\\\/2023\\\/03\\\/30\\\/comecam-os-preparativos-para-o-35o-arraial-da-alegria-da-cidade-de-maria\\\/#primaryimage\",\"url\":\"https:\\\/\\\/regiaonews.net.br\\\/2022\\\/wp-content\\\/uploads\\\/2023\\\/03\\\/Imagem-do-WhatsApp-de-2023-03-30-as-16.13.22.jpg\",\"contentUrl\":\"https:\\\/\\\/regiaonews.net.br\\\/2022\\\/wp-content\\\/uploads\\\/2023\\\/03\\\/Imagem-do-WhatsApp-de-2023-03-30-as-16.13.22.jpg\",\"width\":1600,\"height\":900},{\"@type\":\"BreadcrumbList\",\"@id\":\"https:\\\/\\\/regiaonews.net.br\\\/2022\\\/2023\\\/03\\\/30\\\/comecam-os-preparativos-para-o-35o-arraial-da-alegria-da-cidade-de-maria\\\/#breadcrumb\",\"itemListElement\":[{\"@type\":\"ListItem\",\"position\":1,\"name\":\"In\u00edcio\",\"item\":\"https:\\\/\\\/regiaonews.net.br\\\/2022\\\/\"},{\"@type\":\"ListItem\",\"position\":2,\"name\":\"Come\u00e7am os preparativos para o 35\u00ba Arraial da Alegria da Cidade de Maria\"}]},{\"@type\":\"WebSite\",\"@id\":\"https:\\\/\\\/regiaonews.net.br\\\/2022\\\/#website\",\"url\":\"https:\\\/\\\/regiaonews.net.br\\\/2022\\\/\",\"name\":\"Regi\u00e3o News\",\"description\":\"Site de Not\u00edcias de Barretos e regi\u00e3o\",\"publisher\":{\"@id\":\"https:\\\/\\\/regiaonews.net.br\\\/2022\\\/#organization\"},\"potentialAction\":[{\"@type\":\"SearchAction\",\"target\":{\"@type\":\"EntryPoint\",\"urlTemplate\":\"https:\\\/\\\/regiaonews.net.br\\\/2022\\\/?s={search_term_string}\"},\"query-input\":{\"@type\":\"PropertyValueSpecification\",\"valueRequired\":true,\"valueName\":\"search_term_string\"}}],\"inLanguage\":\"pt-BR\"},{\"@type\":\"Organization\",\"@id\":\"https:\\\/\\\/regiaonews.net.br\\\/2022\\\/#organization\",\"name\":\"Regi\u00e3o News\",\"url\":\"https:\\\/\\\/regiaonews.net.br\\\/2022\\\/\",\"logo\":{\"@type\":\"ImageObject\",\"inLanguage\":\"pt-BR\",\"@id\":\"https:\\\/\\\/regiaonews.net.br\\\/2022\\\/#\\\/schema\\\/logo\\\/image\\\/\",\"url\":\"https:\\\/\\\/regiaonews.net.br\\\/2022\\\/wp-content\\\/uploads\\\/2026\\\/03\\\/regiao-13-anos-scaled.jpg\",\"contentUrl\":\"https:\\\/\\\/regiaonews.net.br\\\/2022\\\/wp-content\\\/uploads\\\/2026\\\/03\\\/regiao-13-anos-scaled.jpg\",\"width\":2560,\"height\":635,\"caption\":\"Regi\u00e3o News\"},\"image\":{\"@id\":\"https:\\\/\\\/regiaonews.net.br\\\/2022\\\/#\\\/schema\\\/logo\\\/image\\\/\"}},{\"@type\":\"Person\",\"@id\":\"https:\\\/\\\/regiaonews.net.br\\\/2022\\\/#\\\/schema\\\/person\\\/2d205a608a5aa97ac279d7a5e6d89ad8\",\"name\":\"Roberto\",\"image\":{\"@type\":\"ImageObject\",\"inLanguage\":\"pt-BR\",\"@id\":\"https:\\\/\\\/secure.gravatar.com\\\/avatar\\\/42749d8b712ff9d59ca93dc150494e5b55a44134482993f5baeb97e61b7ecc89?s=96&d=mm&r=g\",\"url\":\"https:\\\/\\\/secure.gravatar.com\\\/avatar\\\/42749d8b712ff9d59ca93dc150494e5b55a44134482993f5baeb97e61b7ecc89?s=96&d=mm&r=g\",\"contentUrl\":\"https:\\\/\\\/secure.gravatar.com\\\/avatar\\\/42749d8b712ff9d59ca93dc150494e5b55a44134482993f5baeb97e61b7ecc89?s=96&d=mm&r=g\",\"caption\":\"Roberto\"},\"url\":\"https:\\\/\\\/regiaonews.net.br\\\/2022\\\/author\\\/roberto\\\/\"}]}<\/script>\n<!-- \/ Yoast SEO plugin. -->","yoast_head_json":{"title":"Come\u00e7am os preparativos para o 35\u00ba Arraial da Alegria da Cidade de Maria - Regi\u00e3o News","robots":{"index":"index","follow":"follow","max-snippet":"max-snippet:-1","max-image-preview":"max-image-preview:large","max-video-preview":"max-video-preview:-1"},"canonical":"https:\/\/regiaonews.net.br\/2022\/2023\/03\/30\/comecam-os-preparativos-para-o-35o-arraial-da-alegria-da-cidade-de-maria\/","og_locale":"pt_BR","og_type":"article","og_title":"Come\u00e7am os preparativos para o 35\u00ba Arraial da Alegria da Cidade de Maria - Regi\u00e3o News","og_description":"Evento arrecada fundos para a manuten\u00e7\u00e3o do Centro de Forma\u00e7\u00e3o","og_url":"https:\/\/regiaonews.net.br\/2022\/2023\/03\/30\/comecam-os-preparativos-para-o-35o-arraial-da-alegria-da-cidade-de-maria\/","og_site_name":"Regi\u00e3o News","article_published_time":"2023-03-30T19:27:13+00:00","article_modified_time":"2023-04-02T18:48:00+00:00","og_image":[{"width":1600,"height":900,"url":"https:\/\/regiaonews.net.br\/2022\/wp-content\/uploads\/2023\/03\/Imagem-do-WhatsApp-de-2023-03-30-as-16.13.22.jpg","type":"image\/jpeg"}],"author":"Roberto","twitter_card":"summary_large_image","twitter_misc":{"Escrito por":"Roberto","Est. tempo de leitura":"3 minutos"},"schema":{"@context":"https:\/\/schema.org","@graph":[{"@type":"Article","@id":"https:\/\/regiaonews.net.br\/2022\/2023\/03\/30\/comecam-os-preparativos-para-o-35o-arraial-da-alegria-da-cidade-de-maria\/#article","isPartOf":{"@id":"https:\/\/regiaonews.net.br\/2022\/2023\/03\/30\/comecam-os-preparativos-para-o-35o-arraial-da-alegria-da-cidade-de-maria\/"},"author":{"name":"Roberto","@id":"https:\/\/regiaonews.net.br\/2022\/#\/schema\/person\/2d205a608a5aa97ac279d7a5e6d89ad8"},"headline":"Come\u00e7am os preparativos para o 35\u00ba Arraial da Alegria da Cidade de Maria","datePublished":"2023-03-30T19:27:13+00:00","dateModified":"2023-04-02T18:48:00+00:00","mainEntityOfPage":{"@id":"https:\/\/regiaonews.net.br\/2022\/2023\/03\/30\/comecam-os-preparativos-para-o-35o-arraial-da-alegria-da-cidade-de-maria\/"},"wordCount":431,"commentCount":0,"publisher":{"@id":"https:\/\/regiaonews.net.br\/2022\/#organization"},"image":{"@id":"https:\/\/regiaonews.net.br\/2022\/2023\/03\/30\/comecam-os-preparativos-para-o-35o-arraial-da-alegria-da-cidade-de-maria\/#primaryimage"},"thumbnailUrl":"https:\/\/regiaonews.net.br\/2022\/wp-content\/uploads\/2023\/03\/Imagem-do-WhatsApp-de-2023-03-30-as-16.13.22.jpg","articleSection":["Barretos","Geral"],"inLanguage":"pt-BR","potentialAction":[{"@type":"CommentAction","name":"Comment","target":["https:\/\/regiaonews.net.br\/2022\/2023\/03\/30\/comecam-os-preparativos-para-o-35o-arraial-da-alegria-da-cidade-de-maria\/#respond"]}]},{"@type":"WebPage","@id":"https:\/\/regiaonews.net.br\/2022\/2023\/03\/30\/comecam-os-preparativos-para-o-35o-arraial-da-alegria-da-cidade-de-maria\/","url":"https:\/\/regiaonews.net.br\/2022\/2023\/03\/30\/comecam-os-preparativos-para-o-35o-arraial-da-alegria-da-cidade-de-maria\/","name":"Come\u00e7am os preparativos para o 35\u00ba Arraial da Alegria da Cidade de Maria - Regi\u00e3o News","isPartOf":{"@id":"https:\/\/regiaonews.net.br\/2022\/#website"},"primaryImageOfPage":{"@id":"https:\/\/regiaonews.net.br\/2022\/2023\/03\/30\/comecam-os-preparativos-para-o-35o-arraial-da-alegria-da-cidade-de-maria\/#primaryimage"},"image":{"@id":"https:\/\/regiaonews.net.br\/2022\/2023\/03\/30\/comecam-os-preparativos-para-o-35o-arraial-da-alegria-da-cidade-de-maria\/#primaryimage"},"thumbnailUrl":"https:\/\/regiaonews.net.br\/2022\/wp-content\/uploads\/2023\/03\/Imagem-do-WhatsApp-de-2023-03-30-as-16.13.22.jpg","datePublished":"2023-03-30T19:27:13+00:00","dateModified":"2023-04-02T18:48:00+00:00","breadcrumb":{"@id":"https:\/\/regiaonews.net.br\/2022\/2023\/03\/30\/comecam-os-preparativos-para-o-35o-arraial-da-alegria-da-cidade-de-maria\/#breadcrumb"},"inLanguage":"pt-BR","potentialAction":[{"@type":"ReadAction","target":["https:\/\/regiaonews.net.br\/2022\/2023\/03\/30\/comecam-os-preparativos-para-o-35o-arraial-da-alegria-da-cidade-de-maria\/"]}]},{"@type":"ImageObject","inLanguage":"pt-BR","@id":"https:\/\/regiaonews.net.br\/2022\/2023\/03\/30\/comecam-os-preparativos-para-o-35o-arraial-da-alegria-da-cidade-de-maria\/#primaryimage","url":"https:\/\/regiaonews.net.br\/2022\/wp-content\/uploads\/2023\/03\/Imagem-do-WhatsApp-de-2023-03-30-as-16.13.22.jpg","contentUrl":"https:\/\/regiaonews.net.br\/2022\/wp-content\/uploads\/2023\/03\/Imagem-do-WhatsApp-de-2023-03-30-as-16.13.22.jpg","width":1600,"height":900},{"@type":"BreadcrumbList","@id":"https:\/\/regiaonews.net.br\/2022\/2023\/03\/30\/comecam-os-preparativos-para-o-35o-arraial-da-alegria-da-cidade-de-maria\/#breadcrumb","itemListElement":[{"@type":"ListItem","position":1,"name":"In\u00edcio","item":"https:\/\/regiaonews.net.br\/2022\/"},{"@type":"ListItem","position":2,"name":"Come\u00e7am os preparativos para o 35\u00ba Arraial da Alegria da Cidade de Maria"}]},{"@type":"WebSite","@id":"https:\/\/regiaonews.net.br\/2022\/#website","url":"https:\/\/regiaonews.net.br\/2022\/","name":"Regi\u00e3o News","description":"Site de Not\u00edcias de Barretos e regi\u00e3o","publisher":{"@id":"https:\/\/regiaonews.net.br\/2022\/#organization"},"potentialAction":[{"@type":"SearchAction","target":{"@type":"EntryPoint","urlTemplate":"https:\/\/regiaonews.net.br\/2022\/?s={search_term_string}"},"query-input":{"@type":"PropertyValueSpecification","valueRequired":true,"valueName":"search_term_string"}}],"inLanguage":"pt-BR"},{"@type":"Organization","@id":"https:\/\/regiaonews.net.br\/2022\/#organization","name":"Regi\u00e3o News","url":"https:\/\/regiaonews.net.br\/2022\/","logo":{"@type":"ImageObject","inLanguage":"pt-BR","@id":"https:\/\/regiaonews.net.br\/2022\/#\/schema\/logo\/image\/","url":"https:\/\/regiaonews.net.br\/2022\/wp-content\/uploads\/2026\/03\/regiao-13-anos-scaled.jpg","contentUrl":"https:\/\/regiaonews.net.br\/2022\/wp-content\/uploads\/2026\/03\/regiao-13-anos-scaled.jpg","width":2560,"height":635,"caption":"Regi\u00e3o News"},"image":{"@id":"https:\/\/regiaonews.net.br\/2022\/#\/schema\/logo\/image\/"}},{"@type":"Person","@id":"https:\/\/regiaonews.net.br\/2022\/#\/schema\/person\/2d205a608a5aa97ac279d7a5e6d89ad8","name":"Roberto","image":{"@type":"ImageObject","inLanguage":"pt-BR","@id":"https:\/\/secure.gravatar.com\/avatar\/42749d8b712ff9d59ca93dc150494e5b55a44134482993f5baeb97e61b7ecc89?s=96&d=mm&r=g","url":"https:\/\/secure.gravatar.com\/avatar\/42749d8b712ff9d59ca93dc150494e5b55a44134482993f5baeb97e61b7ecc89?s=96&d=mm&r=g","contentUrl":"https:\/\/secure.gravatar.com\/avatar\/42749d8b712ff9d59ca93dc150494e5b55a44134482993f5baeb97e61b7ecc89?s=96&d=mm&r=g","caption":"Roberto"},"url":"https:\/\/regiaonews.net.br\/2022\/author\/roberto\/"}]}},"publishpress_future_action":{"enabled":false,"date":"2026-05-03 09:22:55","action":"change-status","newStatus":"draft","terms":[],"taxonomy":"category","extraData":[]},"publishpress_future_workflow_manual_trigger":{"enabledWorkflows":[]},"_links":{"self":[{"href":"https:\/\/regiaonews.net.br\/2022\/wp-json\/wp\/v2\/posts\/85937","targetHints":{"allow":["GET"]}}],"collection":[{"href":"https:\/\/regiaonews.net.br\/2022\/wp-json\/wp\/v2\/posts"}],"about":[{"href":"https:\/\/regiaonews.net.br\/2022\/wp-json\/wp\/v2\/types\/post"}],"author":[{"embeddable":true,"href":"https:\/\/regiaonews.net.br\/2022\/wp-json\/wp\/v2\/users\/2"}],"replies":[{"embeddable":true,"href":"https:\/\/regiaonews.net.br\/2022\/wp-json\/wp\/v2\/comments?post=85937"}],"version-history":[{"count":2,"href":"https:\/\/regiaonews.net.br\/2022\/wp-json\/wp\/v2\/posts\/85937\/revisions"}],"predecessor-version":[{"id":86080,"href":"https:\/\/regiaonews.net.br\/2022\/wp-json\/wp\/v2\/posts\/85937\/revisions\/86080"}],"wp:featuredmedia":[{"embeddable":true,"href":"https:\/\/regiaonews.net.br\/2022\/wp-json\/wp\/v2\/media\/85938"}],"wp:attachment":[{"href":"https:\/\/regiaonews.net.br\/2022\/wp-json\/wp\/v2\/media?parent=85937"}],"wp:term":[{"taxonomy":"category","embeddable":true,"href":"https:\/\/regiaonews.net.br\/2022\/wp-json\/wp\/v2\/categories?post=85937"},{"taxonomy":"post_tag","embeddable":true,"href":"https:\/\/regiaonews.net.br\/2022\/wp-json\/wp\/v2\/tags?post=85937"}],"curies":[{"name":"wp","href":"https:\/\/api.w.org\/{rel}","templated":true}]}}