{"id":85930,"date":"2023-03-30T16:11:52","date_gmt":"2023-03-30T19:11:52","guid":{"rendered":"https:\/\/regiaonews.net.br\/2022\/?p=85930"},"modified":"2023-03-30T16:14:47","modified_gmt":"2023-03-30T19:14:47","slug":"samba-barretos-tem-ingressos-a-venda-para-tres-setores","status":"publish","type":"post","link":"https:\/\/regiaonews.net.br\/2022\/2023\/03\/30\/samba-barretos-tem-ingressos-a-venda-para-tres-setores\/","title":{"rendered":"Samba Barretos tem ingressos \u00e0 venda para tr\u00eas setores"},"content":{"rendered":"<p>&nbsp;<\/p>\n<p>Evento acontece nos dias 14 e 15 de abril no Parque do Pe\u00e3o. Zeca Pagodinho, Sorriso Maroto, Belo e Ferrugem est\u00e3o entre as atra\u00e7\u00f5es<\/p>\n<p>Com uma programa\u00e7\u00e3o que re\u00fane os principais nomes do samba, do pagode e do trap, o Samba Barretos tem tr\u00eas op\u00e7\u00f5es de setores dispon\u00edveis para o p\u00fablico: Pista, Camarote Open e Front Stage. A segunda edi\u00e7\u00e3o do festival &#8211; que j\u00e1 \u00e9 um dos principais do g\u00eanero no Pa\u00eds &#8211; acontece nos dias 14 e 15 de abril, no Parque do Pe\u00e3o.<\/p>\n<p>Para os setores Front Stage e Camarote Open \u00e9 poss\u00edvel adquirir al\u00e9m do ingresso di\u00e1rio, passaportes para os dois dias de evento. O Front Stage \u00e9 um espa\u00e7o bem em frente ao palco, garantindo vista privilegiada, e com banheiros e bares exclusivos.<\/p>\n<p>J\u00e1 o Camarote Open, al\u00e9m de servi\u00e7os exclusivos e vista privilegiada, conta com open bar.<\/p>\n<p>Para a Pista os ingressos \u00e0 venda s\u00e3o di\u00e1rios. De acordo com os organizadores, a quantidade de ingressos por lote \u00e9 limitada, sendo assim, os pre\u00e7os podem ser alterados a qualquer momento.<\/p>\n<p>A venda acontece on-line por meio do site Show Pass (showpass.com.br\/samba_barretos) ou ainda em pontos de venda em Barretos, S\u00e3o Jos\u00e9 do Rio Preto e Ribeir\u00e3o Preto.<\/p>\n<p>Entrada menores<br \/>\nA classifica\u00e7\u00e3o do Camarote Open \u00e9 de 18 anos. J\u00e1 nos demais setores, \u00e9 permitida a entrada de menores de idade acompanhados dos pais ou respons\u00e1vel legal.<\/p>\n<p>Atra\u00e7\u00f5es<br \/>\nS\u00e3o nove atra\u00e7\u00f5es confirmadas no Samba Barretos: Sorriso Maroto, Menos \u00e9 Mais, Ferrugem e MC Cabelinho, no dia 14 (sexta) e ainda Zeca Pagodinho, Pixote, Karinah, Belo e Vulgo FK, no dia 15 (s\u00e1bado).<\/p>\n<p>Mais informa\u00e7\u00f5es: @sambabarretos<br \/>\nLoja Os Independentes: (17) 3322-9022<\/p>\n<p>Pontos de Venda<br \/>\nBarretos<br \/>\nLoja Os Independentes (Avenida 43); Planet Girls (North Shopping)<br \/>\nPrimmus Music Bar (Regi\u00e3o dos Lagos)<br \/>\nPromoter Gabi (17 982054299)<br \/>\nPromoter Ynai\u00e1 (17 991139255)<\/p>\n<p>Ribeir\u00e3o Preto<br \/>\nCS4 Inform\u00e1tica (Rua S\u00e3o Jos\u00e9, 1543)<\/p>\n<p>S\u00e3o Jos\u00e9 do Rio Preto<br \/>\nRemolli Camisaria (Rio Preto Shopping)<br \/>\nServ Festas Valentina (Rua Clara Nunes, 381)<br \/>\n\u00d3ticas Carol (Rua Silva Jardim, 2984 e tamb\u00e9m na Unidade do Shopping Iguatemi)<\/p>\n<p><a href=\"https:\/\/regiaonews.net.br\/2022\/wp-content\/uploads\/2023\/03\/WhatsApp-Image-2023-03-30-at-10.35.57.jpeg\"><img loading=\"lazy\" decoding=\"async\" class=\"alignnone size-medium wp-image-85931\" src=\"https:\/\/regiaonews.net.br\/2022\/wp-content\/uploads\/2023\/03\/WhatsApp-Image-2023-03-30-at-10.35.57-300x200.jpeg\" alt=\"\" width=\"300\" height=\"200\" srcset=\"https:\/\/regiaonews.net.br\/2022\/wp-content\/uploads\/2023\/03\/WhatsApp-Image-2023-03-30-at-10.35.57-300x200.jpeg 300w, https:\/\/regiaonews.net.br\/2022\/wp-content\/uploads\/2023\/03\/WhatsApp-Image-2023-03-30-at-10.35.57-1024x682.jpeg 1024w, https:\/\/regiaonews.net.br\/2022\/wp-content\/uploads\/2023\/03\/WhatsApp-Image-2023-03-30-at-10.35.57-768x512.jpeg 768w, https:\/\/regiaonews.net.br\/2022\/wp-content\/uploads\/2023\/03\/WhatsApp-Image-2023-03-30-at-10.35.57-1536x1023.jpeg 1536w, https:\/\/regiaonews.net.br\/2022\/wp-content\/uploads\/2023\/03\/WhatsApp-Image-2023-03-30-at-10.35.57-250x167.jpeg 250w, https:\/\/regiaonews.net.br\/2022\/wp-content\/uploads\/2023\/03\/WhatsApp-Image-2023-03-30-at-10.35.57-900x600.jpeg 900w, https:\/\/regiaonews.net.br\/2022\/wp-content\/uploads\/2023\/03\/WhatsApp-Image-2023-03-30-at-10.35.57.jpeg 1600w\" sizes=\"auto, (max-width: 300px) 100vw, 300px\" \/><\/a><\/p>\n<p>Foto : Samba Barretos 2023 acontece nos dias 14 e 15 de abril no Parque do Pe\u00e3o &#8211; Cr\u00e9dito: Diego Rodrigues<\/p>\n","protected":false},"excerpt":{"rendered":"<p>&nbsp; Evento acontece nos dias 14 e 15 de abril<\/p>\n","protected":false},"author":2,"featured_media":85931,"comment_status":"open","ping_status":"open","sticky":false,"template":"","format":"standard","meta":{"footnotes":""},"categories":[14,25],"tags":[],"class_list":["post-85930","post","type-post","status-publish","format-standard","has-post-thumbnail","hentry","category-barretos","category-cidades"],"yoast_head":"<!-- This site is optimized with the Yoast SEO plugin v27.4 - https:\/\/yoast.com\/product\/yoast-seo-wordpress\/ -->\n<title>Samba Barretos tem ingressos \u00e0 venda para tr\u00eas setores - Regi\u00e3o News<\/title>\n<meta name=\"robots\" content=\"index, follow, max-snippet:-1, max-image-preview:large, max-video-preview:-1\" \/>\n<link rel=\"canonical\" href=\"https:\/\/regiaonews.net.br\/2022\/2023\/03\/30\/samba-barretos-tem-ingressos-a-venda-para-tres-setores\/\" \/>\n<meta property=\"og:locale\" content=\"pt_BR\" \/>\n<meta property=\"og:type\" content=\"article\" \/>\n<meta property=\"og:title\" content=\"Samba Barretos tem ingressos \u00e0 venda para tr\u00eas setores - Regi\u00e3o News\" \/>\n<meta property=\"og:description\" content=\"&nbsp; Evento acontece nos dias 14 e 15 de abril\" \/>\n<meta property=\"og:url\" content=\"https:\/\/regiaonews.net.br\/2022\/2023\/03\/30\/samba-barretos-tem-ingressos-a-venda-para-tres-setores\/\" \/>\n<meta property=\"og:site_name\" content=\"Regi\u00e3o News\" \/>\n<meta property=\"article:published_time\" content=\"2023-03-30T19:11:52+00:00\" \/>\n<meta property=\"article:modified_time\" content=\"2023-03-30T19:14:47+00:00\" \/>\n<meta property=\"og:image\" content=\"https:\/\/regiaonews.net.br\/2022\/wp-content\/uploads\/2023\/03\/WhatsApp-Image-2023-03-30-at-10.35.57.jpeg\" \/>\n\t<meta property=\"og:image:width\" content=\"1600\" \/>\n\t<meta property=\"og:image:height\" content=\"1066\" \/>\n\t<meta property=\"og:image:type\" content=\"image\/jpeg\" \/>\n<meta name=\"author\" content=\"Roberto\" \/>\n<meta name=\"twitter:card\" content=\"summary_large_image\" \/>\n<meta name=\"twitter:label1\" content=\"Escrito por\" \/>\n\t<meta name=\"twitter:data1\" content=\"Roberto\" \/>\n\t<meta name=\"twitter:label2\" content=\"Est. tempo de leitura\" \/>\n\t<meta name=\"twitter:data2\" content=\"3 minutos\" \/>\n<script type=\"application\/ld+json\" class=\"yoast-schema-graph\">{\"@context\":\"https:\\\/\\\/schema.org\",\"@graph\":[{\"@type\":\"Article\",\"@id\":\"https:\\\/\\\/regiaonews.net.br\\\/2022\\\/2023\\\/03\\\/30\\\/samba-barretos-tem-ingressos-a-venda-para-tres-setores\\\/#article\",\"isPartOf\":{\"@id\":\"https:\\\/\\\/regiaonews.net.br\\\/2022\\\/2023\\\/03\\\/30\\\/samba-barretos-tem-ingressos-a-venda-para-tres-setores\\\/\"},\"author\":{\"name\":\"Roberto\",\"@id\":\"https:\\\/\\\/regiaonews.net.br\\\/2022\\\/#\\\/schema\\\/person\\\/2d205a608a5aa97ac279d7a5e6d89ad8\"},\"headline\":\"Samba Barretos tem ingressos \u00e0 venda para tr\u00eas setores\",\"datePublished\":\"2023-03-30T19:11:52+00:00\",\"dateModified\":\"2023-03-30T19:14:47+00:00\",\"mainEntityOfPage\":{\"@id\":\"https:\\\/\\\/regiaonews.net.br\\\/2022\\\/2023\\\/03\\\/30\\\/samba-barretos-tem-ingressos-a-venda-para-tres-setores\\\/\"},\"wordCount\":385,\"commentCount\":0,\"publisher\":{\"@id\":\"https:\\\/\\\/regiaonews.net.br\\\/2022\\\/#organization\"},\"image\":{\"@id\":\"https:\\\/\\\/regiaonews.net.br\\\/2022\\\/2023\\\/03\\\/30\\\/samba-barretos-tem-ingressos-a-venda-para-tres-setores\\\/#primaryimage\"},\"thumbnailUrl\":\"https:\\\/\\\/regiaonews.net.br\\\/2022\\\/wp-content\\\/uploads\\\/2023\\\/03\\\/WhatsApp-Image-2023-03-30-at-10.35.57.jpeg\",\"articleSection\":[\"Barretos\",\"Cidades\"],\"inLanguage\":\"pt-BR\",\"potentialAction\":[{\"@type\":\"CommentAction\",\"name\":\"Comment\",\"target\":[\"https:\\\/\\\/regiaonews.net.br\\\/2022\\\/2023\\\/03\\\/30\\\/samba-barretos-tem-ingressos-a-venda-para-tres-setores\\\/#respond\"]}]},{\"@type\":\"WebPage\",\"@id\":\"https:\\\/\\\/regiaonews.net.br\\\/2022\\\/2023\\\/03\\\/30\\\/samba-barretos-tem-ingressos-a-venda-para-tres-setores\\\/\",\"url\":\"https:\\\/\\\/regiaonews.net.br\\\/2022\\\/2023\\\/03\\\/30\\\/samba-barretos-tem-ingressos-a-venda-para-tres-setores\\\/\",\"name\":\"Samba Barretos tem ingressos \u00e0 venda para tr\u00eas setores - Regi\u00e3o News\",\"isPartOf\":{\"@id\":\"https:\\\/\\\/regiaonews.net.br\\\/2022\\\/#website\"},\"primaryImageOfPage\":{\"@id\":\"https:\\\/\\\/regiaonews.net.br\\\/2022\\\/2023\\\/03\\\/30\\\/samba-barretos-tem-ingressos-a-venda-para-tres-setores\\\/#primaryimage\"},\"image\":{\"@id\":\"https:\\\/\\\/regiaonews.net.br\\\/2022\\\/2023\\\/03\\\/30\\\/samba-barretos-tem-ingressos-a-venda-para-tres-setores\\\/#primaryimage\"},\"thumbnailUrl\":\"https:\\\/\\\/regiaonews.net.br\\\/2022\\\/wp-content\\\/uploads\\\/2023\\\/03\\\/WhatsApp-Image-2023-03-30-at-10.35.57.jpeg\",\"datePublished\":\"2023-03-30T19:11:52+00:00\",\"dateModified\":\"2023-03-30T19:14:47+00:00\",\"breadcrumb\":{\"@id\":\"https:\\\/\\\/regiaonews.net.br\\\/2022\\\/2023\\\/03\\\/30\\\/samba-barretos-tem-ingressos-a-venda-para-tres-setores\\\/#breadcrumb\"},\"inLanguage\":\"pt-BR\",\"potentialAction\":[{\"@type\":\"ReadAction\",\"target\":[\"https:\\\/\\\/regiaonews.net.br\\\/2022\\\/2023\\\/03\\\/30\\\/samba-barretos-tem-ingressos-a-venda-para-tres-setores\\\/\"]}]},{\"@type\":\"ImageObject\",\"inLanguage\":\"pt-BR\",\"@id\":\"https:\\\/\\\/regiaonews.net.br\\\/2022\\\/2023\\\/03\\\/30\\\/samba-barretos-tem-ingressos-a-venda-para-tres-setores\\\/#primaryimage\",\"url\":\"https:\\\/\\\/regiaonews.net.br\\\/2022\\\/wp-content\\\/uploads\\\/2023\\\/03\\\/WhatsApp-Image-2023-03-30-at-10.35.57.jpeg\",\"contentUrl\":\"https:\\\/\\\/regiaonews.net.br\\\/2022\\\/wp-content\\\/uploads\\\/2023\\\/03\\\/WhatsApp-Image-2023-03-30-at-10.35.57.jpeg\",\"width\":1600,\"height\":1066},{\"@type\":\"BreadcrumbList\",\"@id\":\"https:\\\/\\\/regiaonews.net.br\\\/2022\\\/2023\\\/03\\\/30\\\/samba-barretos-tem-ingressos-a-venda-para-tres-setores\\\/#breadcrumb\",\"itemListElement\":[{\"@type\":\"ListItem\",\"position\":1,\"name\":\"In\u00edcio\",\"item\":\"https:\\\/\\\/regiaonews.net.br\\\/2022\\\/\"},{\"@type\":\"ListItem\",\"position\":2,\"name\":\"Samba Barretos tem ingressos \u00e0 venda para tr\u00eas setores\"}]},{\"@type\":\"WebSite\",\"@id\":\"https:\\\/\\\/regiaonews.net.br\\\/2022\\\/#website\",\"url\":\"https:\\\/\\\/regiaonews.net.br\\\/2022\\\/\",\"name\":\"Regi\u00e3o News\",\"description\":\"Site de Not\u00edcias de Barretos e regi\u00e3o\",\"publisher\":{\"@id\":\"https:\\\/\\\/regiaonews.net.br\\\/2022\\\/#organization\"},\"potentialAction\":[{\"@type\":\"SearchAction\",\"target\":{\"@type\":\"EntryPoint\",\"urlTemplate\":\"https:\\\/\\\/regiaonews.net.br\\\/2022\\\/?s={search_term_string}\"},\"query-input\":{\"@type\":\"PropertyValueSpecification\",\"valueRequired\":true,\"valueName\":\"search_term_string\"}}],\"inLanguage\":\"pt-BR\"},{\"@type\":\"Organization\",\"@id\":\"https:\\\/\\\/regiaonews.net.br\\\/2022\\\/#organization\",\"name\":\"Regi\u00e3o News\",\"url\":\"https:\\\/\\\/regiaonews.net.br\\\/2022\\\/\",\"logo\":{\"@type\":\"ImageObject\",\"inLanguage\":\"pt-BR\",\"@id\":\"https:\\\/\\\/regiaonews.net.br\\\/2022\\\/#\\\/schema\\\/logo\\\/image\\\/\",\"url\":\"https:\\\/\\\/regiaonews.net.br\\\/2022\\\/wp-content\\\/uploads\\\/2026\\\/03\\\/regiao-13-anos-scaled.jpg\",\"contentUrl\":\"https:\\\/\\\/regiaonews.net.br\\\/2022\\\/wp-content\\\/uploads\\\/2026\\\/03\\\/regiao-13-anos-scaled.jpg\",\"width\":2560,\"height\":635,\"caption\":\"Regi\u00e3o News\"},\"image\":{\"@id\":\"https:\\\/\\\/regiaonews.net.br\\\/2022\\\/#\\\/schema\\\/logo\\\/image\\\/\"}},{\"@type\":\"Person\",\"@id\":\"https:\\\/\\\/regiaonews.net.br\\\/2022\\\/#\\\/schema\\\/person\\\/2d205a608a5aa97ac279d7a5e6d89ad8\",\"name\":\"Roberto\",\"image\":{\"@type\":\"ImageObject\",\"inLanguage\":\"pt-BR\",\"@id\":\"https:\\\/\\\/secure.gravatar.com\\\/avatar\\\/42749d8b712ff9d59ca93dc150494e5b55a44134482993f5baeb97e61b7ecc89?s=96&d=mm&r=g\",\"url\":\"https:\\\/\\\/secure.gravatar.com\\\/avatar\\\/42749d8b712ff9d59ca93dc150494e5b55a44134482993f5baeb97e61b7ecc89?s=96&d=mm&r=g\",\"contentUrl\":\"https:\\\/\\\/secure.gravatar.com\\\/avatar\\\/42749d8b712ff9d59ca93dc150494e5b55a44134482993f5baeb97e61b7ecc89?s=96&d=mm&r=g\",\"caption\":\"Roberto\"},\"url\":\"https:\\\/\\\/regiaonews.net.br\\\/2022\\\/author\\\/roberto\\\/\"}]}<\/script>\n<!-- \/ Yoast SEO plugin. -->","yoast_head_json":{"title":"Samba Barretos tem ingressos \u00e0 venda para tr\u00eas setores - Regi\u00e3o News","robots":{"index":"index","follow":"follow","max-snippet":"max-snippet:-1","max-image-preview":"max-image-preview:large","max-video-preview":"max-video-preview:-1"},"canonical":"https:\/\/regiaonews.net.br\/2022\/2023\/03\/30\/samba-barretos-tem-ingressos-a-venda-para-tres-setores\/","og_locale":"pt_BR","og_type":"article","og_title":"Samba Barretos tem ingressos \u00e0 venda para tr\u00eas setores - Regi\u00e3o News","og_description":"&nbsp; Evento acontece nos dias 14 e 15 de abril","og_url":"https:\/\/regiaonews.net.br\/2022\/2023\/03\/30\/samba-barretos-tem-ingressos-a-venda-para-tres-setores\/","og_site_name":"Regi\u00e3o News","article_published_time":"2023-03-30T19:11:52+00:00","article_modified_time":"2023-03-30T19:14:47+00:00","og_image":[{"width":1600,"height":1066,"url":"https:\/\/regiaonews.net.br\/2022\/wp-content\/uploads\/2023\/03\/WhatsApp-Image-2023-03-30-at-10.35.57.jpeg","type":"image\/jpeg"}],"author":"Roberto","twitter_card":"summary_large_image","twitter_misc":{"Escrito por":"Roberto","Est. tempo de leitura":"3 minutos"},"schema":{"@context":"https:\/\/schema.org","@graph":[{"@type":"Article","@id":"https:\/\/regiaonews.net.br\/2022\/2023\/03\/30\/samba-barretos-tem-ingressos-a-venda-para-tres-setores\/#article","isPartOf":{"@id":"https:\/\/regiaonews.net.br\/2022\/2023\/03\/30\/samba-barretos-tem-ingressos-a-venda-para-tres-setores\/"},"author":{"name":"Roberto","@id":"https:\/\/regiaonews.net.br\/2022\/#\/schema\/person\/2d205a608a5aa97ac279d7a5e6d89ad8"},"headline":"Samba Barretos tem ingressos \u00e0 venda para tr\u00eas setores","datePublished":"2023-03-30T19:11:52+00:00","dateModified":"2023-03-30T19:14:47+00:00","mainEntityOfPage":{"@id":"https:\/\/regiaonews.net.br\/2022\/2023\/03\/30\/samba-barretos-tem-ingressos-a-venda-para-tres-setores\/"},"wordCount":385,"commentCount":0,"publisher":{"@id":"https:\/\/regiaonews.net.br\/2022\/#organization"},"image":{"@id":"https:\/\/regiaonews.net.br\/2022\/2023\/03\/30\/samba-barretos-tem-ingressos-a-venda-para-tres-setores\/#primaryimage"},"thumbnailUrl":"https:\/\/regiaonews.net.br\/2022\/wp-content\/uploads\/2023\/03\/WhatsApp-Image-2023-03-30-at-10.35.57.jpeg","articleSection":["Barretos","Cidades"],"inLanguage":"pt-BR","potentialAction":[{"@type":"CommentAction","name":"Comment","target":["https:\/\/regiaonews.net.br\/2022\/2023\/03\/30\/samba-barretos-tem-ingressos-a-venda-para-tres-setores\/#respond"]}]},{"@type":"WebPage","@id":"https:\/\/regiaonews.net.br\/2022\/2023\/03\/30\/samba-barretos-tem-ingressos-a-venda-para-tres-setores\/","url":"https:\/\/regiaonews.net.br\/2022\/2023\/03\/30\/samba-barretos-tem-ingressos-a-venda-para-tres-setores\/","name":"Samba Barretos tem ingressos \u00e0 venda para tr\u00eas setores - Regi\u00e3o News","isPartOf":{"@id":"https:\/\/regiaonews.net.br\/2022\/#website"},"primaryImageOfPage":{"@id":"https:\/\/regiaonews.net.br\/2022\/2023\/03\/30\/samba-barretos-tem-ingressos-a-venda-para-tres-setores\/#primaryimage"},"image":{"@id":"https:\/\/regiaonews.net.br\/2022\/2023\/03\/30\/samba-barretos-tem-ingressos-a-venda-para-tres-setores\/#primaryimage"},"thumbnailUrl":"https:\/\/regiaonews.net.br\/2022\/wp-content\/uploads\/2023\/03\/WhatsApp-Image-2023-03-30-at-10.35.57.jpeg","datePublished":"2023-03-30T19:11:52+00:00","dateModified":"2023-03-30T19:14:47+00:00","breadcrumb":{"@id":"https:\/\/regiaonews.net.br\/2022\/2023\/03\/30\/samba-barretos-tem-ingressos-a-venda-para-tres-setores\/#breadcrumb"},"inLanguage":"pt-BR","potentialAction":[{"@type":"ReadAction","target":["https:\/\/regiaonews.net.br\/2022\/2023\/03\/30\/samba-barretos-tem-ingressos-a-venda-para-tres-setores\/"]}]},{"@type":"ImageObject","inLanguage":"pt-BR","@id":"https:\/\/regiaonews.net.br\/2022\/2023\/03\/30\/samba-barretos-tem-ingressos-a-venda-para-tres-setores\/#primaryimage","url":"https:\/\/regiaonews.net.br\/2022\/wp-content\/uploads\/2023\/03\/WhatsApp-Image-2023-03-30-at-10.35.57.jpeg","contentUrl":"https:\/\/regiaonews.net.br\/2022\/wp-content\/uploads\/2023\/03\/WhatsApp-Image-2023-03-30-at-10.35.57.jpeg","width":1600,"height":1066},{"@type":"BreadcrumbList","@id":"https:\/\/regiaonews.net.br\/2022\/2023\/03\/30\/samba-barretos-tem-ingressos-a-venda-para-tres-setores\/#breadcrumb","itemListElement":[{"@type":"ListItem","position":1,"name":"In\u00edcio","item":"https:\/\/regiaonews.net.br\/2022\/"},{"@type":"ListItem","position":2,"name":"Samba Barretos tem ingressos \u00e0 venda para tr\u00eas setores"}]},{"@type":"WebSite","@id":"https:\/\/regiaonews.net.br\/2022\/#website","url":"https:\/\/regiaonews.net.br\/2022\/","name":"Regi\u00e3o News","description":"Site de Not\u00edcias de Barretos e regi\u00e3o","publisher":{"@id":"https:\/\/regiaonews.net.br\/2022\/#organization"},"potentialAction":[{"@type":"SearchAction","target":{"@type":"EntryPoint","urlTemplate":"https:\/\/regiaonews.net.br\/2022\/?s={search_term_string}"},"query-input":{"@type":"PropertyValueSpecification","valueRequired":true,"valueName":"search_term_string"}}],"inLanguage":"pt-BR"},{"@type":"Organization","@id":"https:\/\/regiaonews.net.br\/2022\/#organization","name":"Regi\u00e3o News","url":"https:\/\/regiaonews.net.br\/2022\/","logo":{"@type":"ImageObject","inLanguage":"pt-BR","@id":"https:\/\/regiaonews.net.br\/2022\/#\/schema\/logo\/image\/","url":"https:\/\/regiaonews.net.br\/2022\/wp-content\/uploads\/2026\/03\/regiao-13-anos-scaled.jpg","contentUrl":"https:\/\/regiaonews.net.br\/2022\/wp-content\/uploads\/2026\/03\/regiao-13-anos-scaled.jpg","width":2560,"height":635,"caption":"Regi\u00e3o News"},"image":{"@id":"https:\/\/regiaonews.net.br\/2022\/#\/schema\/logo\/image\/"}},{"@type":"Person","@id":"https:\/\/regiaonews.net.br\/2022\/#\/schema\/person\/2d205a608a5aa97ac279d7a5e6d89ad8","name":"Roberto","image":{"@type":"ImageObject","inLanguage":"pt-BR","@id":"https:\/\/secure.gravatar.com\/avatar\/42749d8b712ff9d59ca93dc150494e5b55a44134482993f5baeb97e61b7ecc89?s=96&d=mm&r=g","url":"https:\/\/secure.gravatar.com\/avatar\/42749d8b712ff9d59ca93dc150494e5b55a44134482993f5baeb97e61b7ecc89?s=96&d=mm&r=g","contentUrl":"https:\/\/secure.gravatar.com\/avatar\/42749d8b712ff9d59ca93dc150494e5b55a44134482993f5baeb97e61b7ecc89?s=96&d=mm&r=g","caption":"Roberto"},"url":"https:\/\/regiaonews.net.br\/2022\/author\/roberto\/"}]}},"publishpress_future_action":{"enabled":false,"date":"2026-05-03 10:53:03","action":"change-status","newStatus":"draft","terms":[],"taxonomy":"category","extraData":[]},"publishpress_future_workflow_manual_trigger":{"enabledWorkflows":[]},"_links":{"self":[{"href":"https:\/\/regiaonews.net.br\/2022\/wp-json\/wp\/v2\/posts\/85930","targetHints":{"allow":["GET"]}}],"collection":[{"href":"https:\/\/regiaonews.net.br\/2022\/wp-json\/wp\/v2\/posts"}],"about":[{"href":"https:\/\/regiaonews.net.br\/2022\/wp-json\/wp\/v2\/types\/post"}],"author":[{"embeddable":true,"href":"https:\/\/regiaonews.net.br\/2022\/wp-json\/wp\/v2\/users\/2"}],"replies":[{"embeddable":true,"href":"https:\/\/regiaonews.net.br\/2022\/wp-json\/wp\/v2\/comments?post=85930"}],"version-history":[{"count":3,"href":"https:\/\/regiaonews.net.br\/2022\/wp-json\/wp\/v2\/posts\/85930\/revisions"}],"predecessor-version":[{"id":85934,"href":"https:\/\/regiaonews.net.br\/2022\/wp-json\/wp\/v2\/posts\/85930\/revisions\/85934"}],"wp:featuredmedia":[{"embeddable":true,"href":"https:\/\/regiaonews.net.br\/2022\/wp-json\/wp\/v2\/media\/85931"}],"wp:attachment":[{"href":"https:\/\/regiaonews.net.br\/2022\/wp-json\/wp\/v2\/media?parent=85930"}],"wp:term":[{"taxonomy":"category","embeddable":true,"href":"https:\/\/regiaonews.net.br\/2022\/wp-json\/wp\/v2\/categories?post=85930"},{"taxonomy":"post_tag","embeddable":true,"href":"https:\/\/regiaonews.net.br\/2022\/wp-json\/wp\/v2\/tags?post=85930"}],"curies":[{"name":"wp","href":"https:\/\/api.w.org\/{rel}","templated":true}]}}