{"id":85925,"date":"2023-03-30T11:30:39","date_gmt":"2023-03-30T14:30:39","guid":{"rendered":"https:\/\/regiaonews.net.br\/2022\/?p=85925"},"modified":"2023-03-30T11:30:39","modified_gmt":"2023-03-30T14:30:39","slug":"obras-de-drenagem-na-avenida-joao-batista-da-rocha-avancam-e-trecho-tem-novo-desvio-no-transito","status":"publish","type":"post","link":"https:\/\/regiaonews.net.br\/2022\/2023\/03\/30\/obras-de-drenagem-na-avenida-joao-batista-da-rocha-avancam-e-trecho-tem-novo-desvio-no-transito\/","title":{"rendered":"Obras de drenagem na Avenida Jo\u00e3o Batista da Rocha avan\u00e7am e trecho tem novo desvio no tr\u00e2nsito"},"content":{"rendered":"<h3 style=\"text-align: center;\"><strong>Tr\u00e2nsito pela via, nos dois sentidos, j\u00e1 foi alterado.<\/strong><\/h3>\n<div>A prefeitura da Est\u00e2ncia Tur\u00edstica de Barretos, por meio da Secretaria Municipal de Ordem P\u00fablica, informou que devido ao avan\u00e7o das obras de drenagem e pavimenta\u00e7\u00e3o, o tr\u00e2nsito pela Avenida Jo\u00e3o Batista da Rocha precisou ser desviado nos dois sentidos.<\/div>\n<div>A altera\u00e7\u00e3o, para quem trafega no sentido Hospital de Amor &#8211; Rodovia Brigadeiro Faria Lima (SP 326), teve in\u00edcio na manh\u00e3 desta quarta-feira, 29 de mar\u00e7o. \u201cQuem segue em dire\u00e7\u00e3o \u00e0 rodovia deve entrar na Rua Col\u00f4mbia, seguir at\u00e9 \u00e0 Avenida Brigadeiro Eduardo Gomes e continuar at\u00e9 a Rua Uruguai, onde poder\u00e1 retornar \u00e0 Av. Jo\u00e3o Batista da Rocha\u201d, explicou o secret\u00e1rio de Ordem P\u00fablica, Luiz de Matos. Ele conta que esta interdi\u00e7\u00e3o ser\u00e1 pontual, com a libera\u00e7\u00e3o ou desvio do tr\u00e1fego conforme a empresa respons\u00e1vel pela obra realiza os servi\u00e7os. \u201cEnquanto a empresa trabalha ela bloqueia a via, quando ela para o tr\u00e1fego \u00e9 liberado\u201d, completou.<\/div>\n<div>No sentido contr\u00e1rio (H.A. \u2013 Rodovia), o tr\u00e2nsito se encontra interditado desde o in\u00edcio das obras, com desvio pela Rua Chile, seguindo pela Avenida Padre Bartolomeu de Gusm\u00e3o at\u00e9 a Rua Argentina.<\/div>\n<div><b>O projeto<\/b><\/div>\n<div>O projeto contempla 32.578,66 m\u00b2 de recapeamento asf\u00e1ltico, drenagem, ilumina\u00e7\u00e3o, cal\u00e7adas laterais com rampas de acessibilidade, pista de caminhada com rampas de acessibilidade em canteiros, paisagismo e sinaliza\u00e7\u00e3o vi\u00e1ria.<\/div>\n<div>Receber\u00e3o melhorias a Avenida Jos\u00e9 Bampa, entre a Rua Braulino Maria Barbosa e a Avenida Jo\u00e3o Baroni; a Avenida Jo\u00e3o Baroni, entre a Avenida Jos\u00e9 Bampa e a Av. Professor Roberto Frade Monte; e a Rua Chile, entre a Avenida Jo\u00e3o Batista da Rocha e a Avenida Almirante Gago Coutinho.<\/div>\n<div>O valor total da obra \u00e9 de R$ 3.474.079,65, sendo R$ 3.349.137,00 provenientes de repasse do Governo Federal, atrav\u00e9s do Minist\u00e9rio do Turismo \u2013 MTUR, mais contrapartida da prefeitura no valor de R$ 124.942,65.<\/div>\n<div><b>\u00a0<\/b><\/div>\n<div><b>Assimp-217-2023<\/b><\/div>\n<div><b>Reda\u00e7\u00e3o: Rinaldo Filho<\/b><\/div>\n","protected":false},"excerpt":{"rendered":"<p>Tr\u00e2nsito pela via, nos dois sentidos, j\u00e1 foi alterado. A<\/p>\n","protected":false},"author":2,"featured_media":85926,"comment_status":"open","ping_status":"open","sticky":false,"template":"","format":"standard","meta":{"footnotes":""},"categories":[14,3],"tags":[],"class_list":["post-85925","post","type-post","status-publish","format-standard","has-post-thumbnail","hentry","category-barretos","category-geral"],"yoast_head":"<!-- This site is optimized with the Yoast SEO plugin v27.4 - https:\/\/yoast.com\/product\/yoast-seo-wordpress\/ -->\n<title>Obras de drenagem na Avenida Jo\u00e3o Batista da Rocha avan\u00e7am e trecho tem novo desvio no tr\u00e2nsito - Regi\u00e3o News<\/title>\n<meta name=\"robots\" content=\"index, follow, max-snippet:-1, max-image-preview:large, max-video-preview:-1\" \/>\n<link rel=\"canonical\" href=\"https:\/\/regiaonews.net.br\/2022\/2023\/03\/30\/obras-de-drenagem-na-avenida-joao-batista-da-rocha-avancam-e-trecho-tem-novo-desvio-no-transito\/\" \/>\n<meta property=\"og:locale\" content=\"pt_BR\" \/>\n<meta property=\"og:type\" content=\"article\" \/>\n<meta property=\"og:title\" content=\"Obras de drenagem na Avenida Jo\u00e3o Batista da Rocha avan\u00e7am e trecho tem novo desvio no tr\u00e2nsito - Regi\u00e3o News\" \/>\n<meta property=\"og:description\" content=\"Tr\u00e2nsito pela via, nos dois sentidos, j\u00e1 foi alterado. A\" \/>\n<meta property=\"og:url\" content=\"https:\/\/regiaonews.net.br\/2022\/2023\/03\/30\/obras-de-drenagem-na-avenida-joao-batista-da-rocha-avancam-e-trecho-tem-novo-desvio-no-transito\/\" \/>\n<meta property=\"og:site_name\" content=\"Regi\u00e3o News\" \/>\n<meta property=\"article:published_time\" content=\"2023-03-30T14:30:39+00:00\" \/>\n<meta property=\"og:image\" content=\"https:\/\/regiaonews.net.br\/2022\/wp-content\/uploads\/2023\/03\/38b3eff8baf56627478ec76a704e9b52.jpeg\" \/>\n\t<meta property=\"og:image:width\" content=\"1599\" \/>\n\t<meta property=\"og:image:height\" content=\"899\" \/>\n\t<meta property=\"og:image:type\" content=\"image\/jpeg\" \/>\n<meta name=\"author\" content=\"Roberto\" \/>\n<meta name=\"twitter:card\" content=\"summary_large_image\" \/>\n<meta name=\"twitter:label1\" content=\"Escrito por\" \/>\n\t<meta name=\"twitter:data1\" content=\"Roberto\" \/>\n\t<meta name=\"twitter:label2\" content=\"Est. tempo de leitura\" \/>\n\t<meta name=\"twitter:data2\" content=\"2 minutos\" \/>\n<script type=\"application\/ld+json\" class=\"yoast-schema-graph\">{\"@context\":\"https:\\\/\\\/schema.org\",\"@graph\":[{\"@type\":\"Article\",\"@id\":\"https:\\\/\\\/regiaonews.net.br\\\/2022\\\/2023\\\/03\\\/30\\\/obras-de-drenagem-na-avenida-joao-batista-da-rocha-avancam-e-trecho-tem-novo-desvio-no-transito\\\/#article\",\"isPartOf\":{\"@id\":\"https:\\\/\\\/regiaonews.net.br\\\/2022\\\/2023\\\/03\\\/30\\\/obras-de-drenagem-na-avenida-joao-batista-da-rocha-avancam-e-trecho-tem-novo-desvio-no-transito\\\/\"},\"author\":{\"name\":\"Roberto\",\"@id\":\"https:\\\/\\\/regiaonews.net.br\\\/2022\\\/#\\\/schema\\\/person\\\/2d205a608a5aa97ac279d7a5e6d89ad8\"},\"headline\":\"Obras de drenagem na Avenida Jo\u00e3o Batista da Rocha avan\u00e7am e trecho tem novo desvio no tr\u00e2nsito\",\"datePublished\":\"2023-03-30T14:30:39+00:00\",\"mainEntityOfPage\":{\"@id\":\"https:\\\/\\\/regiaonews.net.br\\\/2022\\\/2023\\\/03\\\/30\\\/obras-de-drenagem-na-avenida-joao-batista-da-rocha-avancam-e-trecho-tem-novo-desvio-no-transito\\\/\"},\"wordCount\":354,\"commentCount\":0,\"publisher\":{\"@id\":\"https:\\\/\\\/regiaonews.net.br\\\/2022\\\/#organization\"},\"image\":{\"@id\":\"https:\\\/\\\/regiaonews.net.br\\\/2022\\\/2023\\\/03\\\/30\\\/obras-de-drenagem-na-avenida-joao-batista-da-rocha-avancam-e-trecho-tem-novo-desvio-no-transito\\\/#primaryimage\"},\"thumbnailUrl\":\"https:\\\/\\\/regiaonews.net.br\\\/2022\\\/wp-content\\\/uploads\\\/2023\\\/03\\\/38b3eff8baf56627478ec76a704e9b52.jpeg\",\"articleSection\":[\"Barretos\",\"Geral\"],\"inLanguage\":\"pt-BR\",\"potentialAction\":[{\"@type\":\"CommentAction\",\"name\":\"Comment\",\"target\":[\"https:\\\/\\\/regiaonews.net.br\\\/2022\\\/2023\\\/03\\\/30\\\/obras-de-drenagem-na-avenida-joao-batista-da-rocha-avancam-e-trecho-tem-novo-desvio-no-transito\\\/#respond\"]}]},{\"@type\":\"WebPage\",\"@id\":\"https:\\\/\\\/regiaonews.net.br\\\/2022\\\/2023\\\/03\\\/30\\\/obras-de-drenagem-na-avenida-joao-batista-da-rocha-avancam-e-trecho-tem-novo-desvio-no-transito\\\/\",\"url\":\"https:\\\/\\\/regiaonews.net.br\\\/2022\\\/2023\\\/03\\\/30\\\/obras-de-drenagem-na-avenida-joao-batista-da-rocha-avancam-e-trecho-tem-novo-desvio-no-transito\\\/\",\"name\":\"Obras de drenagem na Avenida Jo\u00e3o Batista da Rocha avan\u00e7am e trecho tem novo desvio no tr\u00e2nsito - Regi\u00e3o News\",\"isPartOf\":{\"@id\":\"https:\\\/\\\/regiaonews.net.br\\\/2022\\\/#website\"},\"primaryImageOfPage\":{\"@id\":\"https:\\\/\\\/regiaonews.net.br\\\/2022\\\/2023\\\/03\\\/30\\\/obras-de-drenagem-na-avenida-joao-batista-da-rocha-avancam-e-trecho-tem-novo-desvio-no-transito\\\/#primaryimage\"},\"image\":{\"@id\":\"https:\\\/\\\/regiaonews.net.br\\\/2022\\\/2023\\\/03\\\/30\\\/obras-de-drenagem-na-avenida-joao-batista-da-rocha-avancam-e-trecho-tem-novo-desvio-no-transito\\\/#primaryimage\"},\"thumbnailUrl\":\"https:\\\/\\\/regiaonews.net.br\\\/2022\\\/wp-content\\\/uploads\\\/2023\\\/03\\\/38b3eff8baf56627478ec76a704e9b52.jpeg\",\"datePublished\":\"2023-03-30T14:30:39+00:00\",\"breadcrumb\":{\"@id\":\"https:\\\/\\\/regiaonews.net.br\\\/2022\\\/2023\\\/03\\\/30\\\/obras-de-drenagem-na-avenida-joao-batista-da-rocha-avancam-e-trecho-tem-novo-desvio-no-transito\\\/#breadcrumb\"},\"inLanguage\":\"pt-BR\",\"potentialAction\":[{\"@type\":\"ReadAction\",\"target\":[\"https:\\\/\\\/regiaonews.net.br\\\/2022\\\/2023\\\/03\\\/30\\\/obras-de-drenagem-na-avenida-joao-batista-da-rocha-avancam-e-trecho-tem-novo-desvio-no-transito\\\/\"]}]},{\"@type\":\"ImageObject\",\"inLanguage\":\"pt-BR\",\"@id\":\"https:\\\/\\\/regiaonews.net.br\\\/2022\\\/2023\\\/03\\\/30\\\/obras-de-drenagem-na-avenida-joao-batista-da-rocha-avancam-e-trecho-tem-novo-desvio-no-transito\\\/#primaryimage\",\"url\":\"https:\\\/\\\/regiaonews.net.br\\\/2022\\\/wp-content\\\/uploads\\\/2023\\\/03\\\/38b3eff8baf56627478ec76a704e9b52.jpeg\",\"contentUrl\":\"https:\\\/\\\/regiaonews.net.br\\\/2022\\\/wp-content\\\/uploads\\\/2023\\\/03\\\/38b3eff8baf56627478ec76a704e9b52.jpeg\",\"width\":1599,\"height\":899},{\"@type\":\"BreadcrumbList\",\"@id\":\"https:\\\/\\\/regiaonews.net.br\\\/2022\\\/2023\\\/03\\\/30\\\/obras-de-drenagem-na-avenida-joao-batista-da-rocha-avancam-e-trecho-tem-novo-desvio-no-transito\\\/#breadcrumb\",\"itemListElement\":[{\"@type\":\"ListItem\",\"position\":1,\"name\":\"In\u00edcio\",\"item\":\"https:\\\/\\\/regiaonews.net.br\\\/2022\\\/\"},{\"@type\":\"ListItem\",\"position\":2,\"name\":\"Obras de drenagem na Avenida Jo\u00e3o Batista da Rocha avan\u00e7am e trecho tem novo desvio no tr\u00e2nsito\"}]},{\"@type\":\"WebSite\",\"@id\":\"https:\\\/\\\/regiaonews.net.br\\\/2022\\\/#website\",\"url\":\"https:\\\/\\\/regiaonews.net.br\\\/2022\\\/\",\"name\":\"Regi\u00e3o News\",\"description\":\"Site de Not\u00edcias de Barretos e regi\u00e3o\",\"publisher\":{\"@id\":\"https:\\\/\\\/regiaonews.net.br\\\/2022\\\/#organization\"},\"potentialAction\":[{\"@type\":\"SearchAction\",\"target\":{\"@type\":\"EntryPoint\",\"urlTemplate\":\"https:\\\/\\\/regiaonews.net.br\\\/2022\\\/?s={search_term_string}\"},\"query-input\":{\"@type\":\"PropertyValueSpecification\",\"valueRequired\":true,\"valueName\":\"search_term_string\"}}],\"inLanguage\":\"pt-BR\"},{\"@type\":\"Organization\",\"@id\":\"https:\\\/\\\/regiaonews.net.br\\\/2022\\\/#organization\",\"name\":\"Regi\u00e3o News\",\"url\":\"https:\\\/\\\/regiaonews.net.br\\\/2022\\\/\",\"logo\":{\"@type\":\"ImageObject\",\"inLanguage\":\"pt-BR\",\"@id\":\"https:\\\/\\\/regiaonews.net.br\\\/2022\\\/#\\\/schema\\\/logo\\\/image\\\/\",\"url\":\"https:\\\/\\\/regiaonews.net.br\\\/2022\\\/wp-content\\\/uploads\\\/2026\\\/03\\\/regiao-13-anos-scaled.jpg\",\"contentUrl\":\"https:\\\/\\\/regiaonews.net.br\\\/2022\\\/wp-content\\\/uploads\\\/2026\\\/03\\\/regiao-13-anos-scaled.jpg\",\"width\":2560,\"height\":635,\"caption\":\"Regi\u00e3o News\"},\"image\":{\"@id\":\"https:\\\/\\\/regiaonews.net.br\\\/2022\\\/#\\\/schema\\\/logo\\\/image\\\/\"}},{\"@type\":\"Person\",\"@id\":\"https:\\\/\\\/regiaonews.net.br\\\/2022\\\/#\\\/schema\\\/person\\\/2d205a608a5aa97ac279d7a5e6d89ad8\",\"name\":\"Roberto\",\"image\":{\"@type\":\"ImageObject\",\"inLanguage\":\"pt-BR\",\"@id\":\"https:\\\/\\\/secure.gravatar.com\\\/avatar\\\/42749d8b712ff9d59ca93dc150494e5b55a44134482993f5baeb97e61b7ecc89?s=96&d=mm&r=g\",\"url\":\"https:\\\/\\\/secure.gravatar.com\\\/avatar\\\/42749d8b712ff9d59ca93dc150494e5b55a44134482993f5baeb97e61b7ecc89?s=96&d=mm&r=g\",\"contentUrl\":\"https:\\\/\\\/secure.gravatar.com\\\/avatar\\\/42749d8b712ff9d59ca93dc150494e5b55a44134482993f5baeb97e61b7ecc89?s=96&d=mm&r=g\",\"caption\":\"Roberto\"},\"url\":\"https:\\\/\\\/regiaonews.net.br\\\/2022\\\/author\\\/roberto\\\/\"}]}<\/script>\n<!-- \/ Yoast SEO plugin. -->","yoast_head_json":{"title":"Obras de drenagem na Avenida Jo\u00e3o Batista da Rocha avan\u00e7am e trecho tem novo desvio no tr\u00e2nsito - Regi\u00e3o News","robots":{"index":"index","follow":"follow","max-snippet":"max-snippet:-1","max-image-preview":"max-image-preview:large","max-video-preview":"max-video-preview:-1"},"canonical":"https:\/\/regiaonews.net.br\/2022\/2023\/03\/30\/obras-de-drenagem-na-avenida-joao-batista-da-rocha-avancam-e-trecho-tem-novo-desvio-no-transito\/","og_locale":"pt_BR","og_type":"article","og_title":"Obras de drenagem na Avenida Jo\u00e3o Batista da Rocha avan\u00e7am e trecho tem novo desvio no tr\u00e2nsito - Regi\u00e3o News","og_description":"Tr\u00e2nsito pela via, nos dois sentidos, j\u00e1 foi alterado. A","og_url":"https:\/\/regiaonews.net.br\/2022\/2023\/03\/30\/obras-de-drenagem-na-avenida-joao-batista-da-rocha-avancam-e-trecho-tem-novo-desvio-no-transito\/","og_site_name":"Regi\u00e3o News","article_published_time":"2023-03-30T14:30:39+00:00","og_image":[{"width":1599,"height":899,"url":"https:\/\/regiaonews.net.br\/2022\/wp-content\/uploads\/2023\/03\/38b3eff8baf56627478ec76a704e9b52.jpeg","type":"image\/jpeg"}],"author":"Roberto","twitter_card":"summary_large_image","twitter_misc":{"Escrito por":"Roberto","Est. tempo de leitura":"2 minutos"},"schema":{"@context":"https:\/\/schema.org","@graph":[{"@type":"Article","@id":"https:\/\/regiaonews.net.br\/2022\/2023\/03\/30\/obras-de-drenagem-na-avenida-joao-batista-da-rocha-avancam-e-trecho-tem-novo-desvio-no-transito\/#article","isPartOf":{"@id":"https:\/\/regiaonews.net.br\/2022\/2023\/03\/30\/obras-de-drenagem-na-avenida-joao-batista-da-rocha-avancam-e-trecho-tem-novo-desvio-no-transito\/"},"author":{"name":"Roberto","@id":"https:\/\/regiaonews.net.br\/2022\/#\/schema\/person\/2d205a608a5aa97ac279d7a5e6d89ad8"},"headline":"Obras de drenagem na Avenida Jo\u00e3o Batista da Rocha avan\u00e7am e trecho tem novo desvio no tr\u00e2nsito","datePublished":"2023-03-30T14:30:39+00:00","mainEntityOfPage":{"@id":"https:\/\/regiaonews.net.br\/2022\/2023\/03\/30\/obras-de-drenagem-na-avenida-joao-batista-da-rocha-avancam-e-trecho-tem-novo-desvio-no-transito\/"},"wordCount":354,"commentCount":0,"publisher":{"@id":"https:\/\/regiaonews.net.br\/2022\/#organization"},"image":{"@id":"https:\/\/regiaonews.net.br\/2022\/2023\/03\/30\/obras-de-drenagem-na-avenida-joao-batista-da-rocha-avancam-e-trecho-tem-novo-desvio-no-transito\/#primaryimage"},"thumbnailUrl":"https:\/\/regiaonews.net.br\/2022\/wp-content\/uploads\/2023\/03\/38b3eff8baf56627478ec76a704e9b52.jpeg","articleSection":["Barretos","Geral"],"inLanguage":"pt-BR","potentialAction":[{"@type":"CommentAction","name":"Comment","target":["https:\/\/regiaonews.net.br\/2022\/2023\/03\/30\/obras-de-drenagem-na-avenida-joao-batista-da-rocha-avancam-e-trecho-tem-novo-desvio-no-transito\/#respond"]}]},{"@type":"WebPage","@id":"https:\/\/regiaonews.net.br\/2022\/2023\/03\/30\/obras-de-drenagem-na-avenida-joao-batista-da-rocha-avancam-e-trecho-tem-novo-desvio-no-transito\/","url":"https:\/\/regiaonews.net.br\/2022\/2023\/03\/30\/obras-de-drenagem-na-avenida-joao-batista-da-rocha-avancam-e-trecho-tem-novo-desvio-no-transito\/","name":"Obras de drenagem na Avenida Jo\u00e3o Batista da Rocha avan\u00e7am e trecho tem novo desvio no tr\u00e2nsito - Regi\u00e3o News","isPartOf":{"@id":"https:\/\/regiaonews.net.br\/2022\/#website"},"primaryImageOfPage":{"@id":"https:\/\/regiaonews.net.br\/2022\/2023\/03\/30\/obras-de-drenagem-na-avenida-joao-batista-da-rocha-avancam-e-trecho-tem-novo-desvio-no-transito\/#primaryimage"},"image":{"@id":"https:\/\/regiaonews.net.br\/2022\/2023\/03\/30\/obras-de-drenagem-na-avenida-joao-batista-da-rocha-avancam-e-trecho-tem-novo-desvio-no-transito\/#primaryimage"},"thumbnailUrl":"https:\/\/regiaonews.net.br\/2022\/wp-content\/uploads\/2023\/03\/38b3eff8baf56627478ec76a704e9b52.jpeg","datePublished":"2023-03-30T14:30:39+00:00","breadcrumb":{"@id":"https:\/\/regiaonews.net.br\/2022\/2023\/03\/30\/obras-de-drenagem-na-avenida-joao-batista-da-rocha-avancam-e-trecho-tem-novo-desvio-no-transito\/#breadcrumb"},"inLanguage":"pt-BR","potentialAction":[{"@type":"ReadAction","target":["https:\/\/regiaonews.net.br\/2022\/2023\/03\/30\/obras-de-drenagem-na-avenida-joao-batista-da-rocha-avancam-e-trecho-tem-novo-desvio-no-transito\/"]}]},{"@type":"ImageObject","inLanguage":"pt-BR","@id":"https:\/\/regiaonews.net.br\/2022\/2023\/03\/30\/obras-de-drenagem-na-avenida-joao-batista-da-rocha-avancam-e-trecho-tem-novo-desvio-no-transito\/#primaryimage","url":"https:\/\/regiaonews.net.br\/2022\/wp-content\/uploads\/2023\/03\/38b3eff8baf56627478ec76a704e9b52.jpeg","contentUrl":"https:\/\/regiaonews.net.br\/2022\/wp-content\/uploads\/2023\/03\/38b3eff8baf56627478ec76a704e9b52.jpeg","width":1599,"height":899},{"@type":"BreadcrumbList","@id":"https:\/\/regiaonews.net.br\/2022\/2023\/03\/30\/obras-de-drenagem-na-avenida-joao-batista-da-rocha-avancam-e-trecho-tem-novo-desvio-no-transito\/#breadcrumb","itemListElement":[{"@type":"ListItem","position":1,"name":"In\u00edcio","item":"https:\/\/regiaonews.net.br\/2022\/"},{"@type":"ListItem","position":2,"name":"Obras de drenagem na Avenida Jo\u00e3o Batista da Rocha avan\u00e7am e trecho tem novo desvio no tr\u00e2nsito"}]},{"@type":"WebSite","@id":"https:\/\/regiaonews.net.br\/2022\/#website","url":"https:\/\/regiaonews.net.br\/2022\/","name":"Regi\u00e3o News","description":"Site de Not\u00edcias de Barretos e regi\u00e3o","publisher":{"@id":"https:\/\/regiaonews.net.br\/2022\/#organization"},"potentialAction":[{"@type":"SearchAction","target":{"@type":"EntryPoint","urlTemplate":"https:\/\/regiaonews.net.br\/2022\/?s={search_term_string}"},"query-input":{"@type":"PropertyValueSpecification","valueRequired":true,"valueName":"search_term_string"}}],"inLanguage":"pt-BR"},{"@type":"Organization","@id":"https:\/\/regiaonews.net.br\/2022\/#organization","name":"Regi\u00e3o News","url":"https:\/\/regiaonews.net.br\/2022\/","logo":{"@type":"ImageObject","inLanguage":"pt-BR","@id":"https:\/\/regiaonews.net.br\/2022\/#\/schema\/logo\/image\/","url":"https:\/\/regiaonews.net.br\/2022\/wp-content\/uploads\/2026\/03\/regiao-13-anos-scaled.jpg","contentUrl":"https:\/\/regiaonews.net.br\/2022\/wp-content\/uploads\/2026\/03\/regiao-13-anos-scaled.jpg","width":2560,"height":635,"caption":"Regi\u00e3o News"},"image":{"@id":"https:\/\/regiaonews.net.br\/2022\/#\/schema\/logo\/image\/"}},{"@type":"Person","@id":"https:\/\/regiaonews.net.br\/2022\/#\/schema\/person\/2d205a608a5aa97ac279d7a5e6d89ad8","name":"Roberto","image":{"@type":"ImageObject","inLanguage":"pt-BR","@id":"https:\/\/secure.gravatar.com\/avatar\/42749d8b712ff9d59ca93dc150494e5b55a44134482993f5baeb97e61b7ecc89?s=96&d=mm&r=g","url":"https:\/\/secure.gravatar.com\/avatar\/42749d8b712ff9d59ca93dc150494e5b55a44134482993f5baeb97e61b7ecc89?s=96&d=mm&r=g","contentUrl":"https:\/\/secure.gravatar.com\/avatar\/42749d8b712ff9d59ca93dc150494e5b55a44134482993f5baeb97e61b7ecc89?s=96&d=mm&r=g","caption":"Roberto"},"url":"https:\/\/regiaonews.net.br\/2022\/author\/roberto\/"}]}},"publishpress_future_action":{"enabled":false,"date":"2026-05-03 12:42:58","action":"change-status","newStatus":"draft","terms":[],"taxonomy":"category","extraData":[]},"publishpress_future_workflow_manual_trigger":{"enabledWorkflows":[]},"_links":{"self":[{"href":"https:\/\/regiaonews.net.br\/2022\/wp-json\/wp\/v2\/posts\/85925","targetHints":{"allow":["GET"]}}],"collection":[{"href":"https:\/\/regiaonews.net.br\/2022\/wp-json\/wp\/v2\/posts"}],"about":[{"href":"https:\/\/regiaonews.net.br\/2022\/wp-json\/wp\/v2\/types\/post"}],"author":[{"embeddable":true,"href":"https:\/\/regiaonews.net.br\/2022\/wp-json\/wp\/v2\/users\/2"}],"replies":[{"embeddable":true,"href":"https:\/\/regiaonews.net.br\/2022\/wp-json\/wp\/v2\/comments?post=85925"}],"version-history":[{"count":1,"href":"https:\/\/regiaonews.net.br\/2022\/wp-json\/wp\/v2\/posts\/85925\/revisions"}],"predecessor-version":[{"id":85927,"href":"https:\/\/regiaonews.net.br\/2022\/wp-json\/wp\/v2\/posts\/85925\/revisions\/85927"}],"wp:featuredmedia":[{"embeddable":true,"href":"https:\/\/regiaonews.net.br\/2022\/wp-json\/wp\/v2\/media\/85926"}],"wp:attachment":[{"href":"https:\/\/regiaonews.net.br\/2022\/wp-json\/wp\/v2\/media?parent=85925"}],"wp:term":[{"taxonomy":"category","embeddable":true,"href":"https:\/\/regiaonews.net.br\/2022\/wp-json\/wp\/v2\/categories?post=85925"},{"taxonomy":"post_tag","embeddable":true,"href":"https:\/\/regiaonews.net.br\/2022\/wp-json\/wp\/v2\/tags?post=85925"}],"curies":[{"name":"wp","href":"https:\/\/api.w.org\/{rel}","templated":true}]}}