{"id":85721,"date":"2023-03-25T04:57:08","date_gmt":"2023-03-25T07:57:08","guid":{"rendered":"https:\/\/regiaonews.net.br\/2022\/?p=85721"},"modified":"2023-03-25T11:22:30","modified_gmt":"2023-03-25T14:22:30","slug":"familia-de-severinia-faz-vaquinha-para-tratamento-de-saude-da-pequena-helena","status":"publish","type":"post","link":"https:\/\/regiaonews.net.br\/2022\/2023\/03\/25\/familia-de-severinia-faz-vaquinha-para-tratamento-de-saude-da-pequena-helena\/","title":{"rendered":"Fam\u00edlia de Sever\u00ednia faz Vaquinha para  tratamento de sa\u00fade da pequena Helena"},"content":{"rendered":"<p>Uma fam\u00edlia de Sever\u00ednia\/SP, lan\u00e7ou uma Vaquinha Virtual na Internet com o objetivo de angariar recursos\u00a0 para o tratamento de sa\u00fade da pequena Helena Rando Pereira de 2 anos. Segundo a m\u00e3e Juliana Santos, a crian\u00e7a nasceu prematura de 28 semanas, com paralisia cerebral e microcefalia, e depende de muitas medica\u00e7\u00f5es e tratamentos,\u00a0 para o seu desenvolvimento visando lhe proporcionar uma melhor qualidade de vida. &#8220;Os tratamentos e equipamentos s\u00e3o muito caros. A Helena precisa da ajuda de voc\u00eas para avalia\u00e7\u00e3o de sa\u00fade completa, onde os m\u00e9dicos e fisioterapeutas indicam tratamento intensivo para o seu caso&#8221;, explicou a m\u00e3e.<\/p>\n<p>Atualmente,\u00a0 a Helena j\u00e1 realiza a terapia uma vez por\u00a0 semana na cl\u00ednica em Ol\u00edmpia, por\u00e9m nosso maior objetivo \u00e9 a realiza\u00e7\u00e3o do tratamento intensivo para o melhor desenvolvimento dela ao longo dos pr\u00f3ximos anos. &#8220;Diante desta necessidade estamos realizando a\u00e7\u00f5es de arrecada\u00e7\u00e3o atrav\u00e9s de rifas e Vakinha Virtual para pagar as terapias de\u00a0 \u00a0fisioterapia intensiva, hidroterapia, pois o nosso plano de sa\u00fade n\u00e3o cobre estes tratamentos&#8221;, explicou a m\u00e3e<br \/>\nDe acordo com ela, ser\u00e1 necess\u00e1rio\u00a0 realizar tr\u00eas intensivos ao longo desse ano de 2023 seguidos de manuten\u00e7\u00f5es que \u00a0tem dura\u00e7\u00e3o de 20 dias com a realiza\u00e7\u00e3o de fisioterapia de 2 a 3\u00a0 horas di\u00e1rias, associado a outras terapias como fonoaudiologa e terapia ocupacional. &#8220;Toda a\u00a0 renda recebida ser\u00e1 destinada ao tratamento da Helena, sempre focando no melhor desenvolvimento para ela&#8221;, explicou a m\u00e3e.<\/p>\n<p>A meta \u00e9 atingir R$ 20 mil e as doa\u00e7\u00f5es podem ser feitas neste link abaixo.<\/p>\n<p>Ajude a Helena em suas Terapias<\/p>\n<p>https:\/\/www.vakinha.com.br\/vaquinha\/ajude-a-helena-em-suas-terapias<\/p>\n<p>&nbsp;<\/p>\n<p><a href=\"https:\/\/regiaonews.net.br\/2022\/wp-content\/uploads\/2023\/03\/IMG-20230323-WA0564.jpg\"><img loading=\"lazy\" decoding=\"async\" class=\"alignnone size-medium wp-image-85722\" src=\"https:\/\/regiaonews.net.br\/2022\/wp-content\/uploads\/2023\/03\/IMG-20230323-WA0564-169x300.jpg\" alt=\"\" width=\"169\" height=\"300\" srcset=\"https:\/\/regiaonews.net.br\/2022\/wp-content\/uploads\/2023\/03\/IMG-20230323-WA0564-169x300.jpg 169w, https:\/\/regiaonews.net.br\/2022\/wp-content\/uploads\/2023\/03\/IMG-20230323-WA0564-576x1024.jpg 576w, https:\/\/regiaonews.net.br\/2022\/wp-content\/uploads\/2023\/03\/IMG-20230323-WA0564-250x444.jpg 250w, https:\/\/regiaonews.net.br\/2022\/wp-content\/uploads\/2023\/03\/IMG-20230323-WA0564.jpg 720w\" sizes=\"auto, (max-width: 169px) 100vw, 169px\" \/><\/a><\/p>\n","protected":false},"excerpt":{"rendered":"<p>Uma fam\u00edlia de Sever\u00ednia\/SP, lan\u00e7ou uma Vaquinha Virtual na Internet<\/p>\n","protected":false},"author":2,"featured_media":85723,"comment_status":"open","ping_status":"open","sticky":false,"template":"","format":"standard","meta":{"footnotes":""},"categories":[3,66],"tags":[],"class_list":["post-85721","post","type-post","status-publish","format-standard","has-post-thumbnail","hentry","category-geral","category-severinia"],"yoast_head":"<!-- This site is optimized with the Yoast SEO plugin v27.4 - https:\/\/yoast.com\/product\/yoast-seo-wordpress\/ -->\n<title>Fam\u00edlia de Sever\u00ednia faz Vaquinha para tratamento de sa\u00fade da pequena Helena - Regi\u00e3o News<\/title>\n<meta name=\"robots\" content=\"index, follow, max-snippet:-1, max-image-preview:large, max-video-preview:-1\" \/>\n<link rel=\"canonical\" href=\"https:\/\/regiaonews.net.br\/2022\/2023\/03\/25\/familia-de-severinia-faz-vaquinha-para-tratamento-de-saude-da-pequena-helena\/\" \/>\n<meta property=\"og:locale\" content=\"pt_BR\" \/>\n<meta property=\"og:type\" content=\"article\" \/>\n<meta property=\"og:title\" content=\"Fam\u00edlia de Sever\u00ednia faz Vaquinha para tratamento de sa\u00fade da pequena Helena - Regi\u00e3o News\" \/>\n<meta property=\"og:description\" content=\"Uma fam\u00edlia de Sever\u00ednia\/SP, lan\u00e7ou uma Vaquinha Virtual na Internet\" \/>\n<meta property=\"og:url\" content=\"https:\/\/regiaonews.net.br\/2022\/2023\/03\/25\/familia-de-severinia-faz-vaquinha-para-tratamento-de-saude-da-pequena-helena\/\" \/>\n<meta property=\"og:site_name\" content=\"Regi\u00e3o News\" \/>\n<meta property=\"article:published_time\" content=\"2023-03-25T07:57:08+00:00\" \/>\n<meta property=\"article:modified_time\" content=\"2023-03-25T14:22:30+00:00\" \/>\n<meta property=\"og:image\" content=\"https:\/\/regiaonews.net.br\/2022\/wp-content\/uploads\/2023\/03\/IMG-20230323-WA0561.jpg\" \/>\n\t<meta property=\"og:image:width\" content=\"594\" \/>\n\t<meta property=\"og:image:height\" content=\"743\" \/>\n\t<meta property=\"og:image:type\" content=\"image\/jpeg\" \/>\n<meta name=\"author\" content=\"Roberto\" \/>\n<meta name=\"twitter:card\" content=\"summary_large_image\" \/>\n<meta name=\"twitter:label1\" content=\"Escrito por\" \/>\n\t<meta name=\"twitter:data1\" content=\"Roberto\" \/>\n\t<meta name=\"twitter:label2\" content=\"Est. tempo de leitura\" \/>\n\t<meta name=\"twitter:data2\" content=\"2 minutos\" \/>\n<script type=\"application\/ld+json\" class=\"yoast-schema-graph\">{\"@context\":\"https:\\\/\\\/schema.org\",\"@graph\":[{\"@type\":\"Article\",\"@id\":\"https:\\\/\\\/regiaonews.net.br\\\/2022\\\/2023\\\/03\\\/25\\\/familia-de-severinia-faz-vaquinha-para-tratamento-de-saude-da-pequena-helena\\\/#article\",\"isPartOf\":{\"@id\":\"https:\\\/\\\/regiaonews.net.br\\\/2022\\\/2023\\\/03\\\/25\\\/familia-de-severinia-faz-vaquinha-para-tratamento-de-saude-da-pequena-helena\\\/\"},\"author\":{\"name\":\"Roberto\",\"@id\":\"https:\\\/\\\/regiaonews.net.br\\\/2022\\\/#\\\/schema\\\/person\\\/2d205a608a5aa97ac279d7a5e6d89ad8\"},\"headline\":\"Fam\u00edlia de Sever\u00ednia faz Vaquinha para tratamento de sa\u00fade da pequena Helena\",\"datePublished\":\"2023-03-25T07:57:08+00:00\",\"dateModified\":\"2023-03-25T14:22:30+00:00\",\"mainEntityOfPage\":{\"@id\":\"https:\\\/\\\/regiaonews.net.br\\\/2022\\\/2023\\\/03\\\/25\\\/familia-de-severinia-faz-vaquinha-para-tratamento-de-saude-da-pequena-helena\\\/\"},\"wordCount\":302,\"commentCount\":0,\"publisher\":{\"@id\":\"https:\\\/\\\/regiaonews.net.br\\\/2022\\\/#organization\"},\"image\":{\"@id\":\"https:\\\/\\\/regiaonews.net.br\\\/2022\\\/2023\\\/03\\\/25\\\/familia-de-severinia-faz-vaquinha-para-tratamento-de-saude-da-pequena-helena\\\/#primaryimage\"},\"thumbnailUrl\":\"https:\\\/\\\/regiaonews.net.br\\\/2022\\\/wp-content\\\/uploads\\\/2023\\\/03\\\/IMG-20230323-WA0561.jpg\",\"articleSection\":[\"Geral\",\"Sever\u00ednia\"],\"inLanguage\":\"pt-BR\",\"potentialAction\":[{\"@type\":\"CommentAction\",\"name\":\"Comment\",\"target\":[\"https:\\\/\\\/regiaonews.net.br\\\/2022\\\/2023\\\/03\\\/25\\\/familia-de-severinia-faz-vaquinha-para-tratamento-de-saude-da-pequena-helena\\\/#respond\"]}]},{\"@type\":\"WebPage\",\"@id\":\"https:\\\/\\\/regiaonews.net.br\\\/2022\\\/2023\\\/03\\\/25\\\/familia-de-severinia-faz-vaquinha-para-tratamento-de-saude-da-pequena-helena\\\/\",\"url\":\"https:\\\/\\\/regiaonews.net.br\\\/2022\\\/2023\\\/03\\\/25\\\/familia-de-severinia-faz-vaquinha-para-tratamento-de-saude-da-pequena-helena\\\/\",\"name\":\"Fam\u00edlia de Sever\u00ednia faz Vaquinha para tratamento de sa\u00fade da pequena Helena - Regi\u00e3o News\",\"isPartOf\":{\"@id\":\"https:\\\/\\\/regiaonews.net.br\\\/2022\\\/#website\"},\"primaryImageOfPage\":{\"@id\":\"https:\\\/\\\/regiaonews.net.br\\\/2022\\\/2023\\\/03\\\/25\\\/familia-de-severinia-faz-vaquinha-para-tratamento-de-saude-da-pequena-helena\\\/#primaryimage\"},\"image\":{\"@id\":\"https:\\\/\\\/regiaonews.net.br\\\/2022\\\/2023\\\/03\\\/25\\\/familia-de-severinia-faz-vaquinha-para-tratamento-de-saude-da-pequena-helena\\\/#primaryimage\"},\"thumbnailUrl\":\"https:\\\/\\\/regiaonews.net.br\\\/2022\\\/wp-content\\\/uploads\\\/2023\\\/03\\\/IMG-20230323-WA0561.jpg\",\"datePublished\":\"2023-03-25T07:57:08+00:00\",\"dateModified\":\"2023-03-25T14:22:30+00:00\",\"breadcrumb\":{\"@id\":\"https:\\\/\\\/regiaonews.net.br\\\/2022\\\/2023\\\/03\\\/25\\\/familia-de-severinia-faz-vaquinha-para-tratamento-de-saude-da-pequena-helena\\\/#breadcrumb\"},\"inLanguage\":\"pt-BR\",\"potentialAction\":[{\"@type\":\"ReadAction\",\"target\":[\"https:\\\/\\\/regiaonews.net.br\\\/2022\\\/2023\\\/03\\\/25\\\/familia-de-severinia-faz-vaquinha-para-tratamento-de-saude-da-pequena-helena\\\/\"]}]},{\"@type\":\"ImageObject\",\"inLanguage\":\"pt-BR\",\"@id\":\"https:\\\/\\\/regiaonews.net.br\\\/2022\\\/2023\\\/03\\\/25\\\/familia-de-severinia-faz-vaquinha-para-tratamento-de-saude-da-pequena-helena\\\/#primaryimage\",\"url\":\"https:\\\/\\\/regiaonews.net.br\\\/2022\\\/wp-content\\\/uploads\\\/2023\\\/03\\\/IMG-20230323-WA0561.jpg\",\"contentUrl\":\"https:\\\/\\\/regiaonews.net.br\\\/2022\\\/wp-content\\\/uploads\\\/2023\\\/03\\\/IMG-20230323-WA0561.jpg\",\"width\":594,\"height\":743},{\"@type\":\"BreadcrumbList\",\"@id\":\"https:\\\/\\\/regiaonews.net.br\\\/2022\\\/2023\\\/03\\\/25\\\/familia-de-severinia-faz-vaquinha-para-tratamento-de-saude-da-pequena-helena\\\/#breadcrumb\",\"itemListElement\":[{\"@type\":\"ListItem\",\"position\":1,\"name\":\"In\u00edcio\",\"item\":\"https:\\\/\\\/regiaonews.net.br\\\/2022\\\/\"},{\"@type\":\"ListItem\",\"position\":2,\"name\":\"Fam\u00edlia de Sever\u00ednia faz Vaquinha para tratamento de sa\u00fade da pequena Helena\"}]},{\"@type\":\"WebSite\",\"@id\":\"https:\\\/\\\/regiaonews.net.br\\\/2022\\\/#website\",\"url\":\"https:\\\/\\\/regiaonews.net.br\\\/2022\\\/\",\"name\":\"Regi\u00e3o News\",\"description\":\"Site de Not\u00edcias de Barretos e regi\u00e3o\",\"publisher\":{\"@id\":\"https:\\\/\\\/regiaonews.net.br\\\/2022\\\/#organization\"},\"potentialAction\":[{\"@type\":\"SearchAction\",\"target\":{\"@type\":\"EntryPoint\",\"urlTemplate\":\"https:\\\/\\\/regiaonews.net.br\\\/2022\\\/?s={search_term_string}\"},\"query-input\":{\"@type\":\"PropertyValueSpecification\",\"valueRequired\":true,\"valueName\":\"search_term_string\"}}],\"inLanguage\":\"pt-BR\"},{\"@type\":\"Organization\",\"@id\":\"https:\\\/\\\/regiaonews.net.br\\\/2022\\\/#organization\",\"name\":\"Regi\u00e3o News\",\"url\":\"https:\\\/\\\/regiaonews.net.br\\\/2022\\\/\",\"logo\":{\"@type\":\"ImageObject\",\"inLanguage\":\"pt-BR\",\"@id\":\"https:\\\/\\\/regiaonews.net.br\\\/2022\\\/#\\\/schema\\\/logo\\\/image\\\/\",\"url\":\"https:\\\/\\\/regiaonews.net.br\\\/2022\\\/wp-content\\\/uploads\\\/2026\\\/03\\\/regiao-13-anos-scaled.jpg\",\"contentUrl\":\"https:\\\/\\\/regiaonews.net.br\\\/2022\\\/wp-content\\\/uploads\\\/2026\\\/03\\\/regiao-13-anos-scaled.jpg\",\"width\":2560,\"height\":635,\"caption\":\"Regi\u00e3o News\"},\"image\":{\"@id\":\"https:\\\/\\\/regiaonews.net.br\\\/2022\\\/#\\\/schema\\\/logo\\\/image\\\/\"}},{\"@type\":\"Person\",\"@id\":\"https:\\\/\\\/regiaonews.net.br\\\/2022\\\/#\\\/schema\\\/person\\\/2d205a608a5aa97ac279d7a5e6d89ad8\",\"name\":\"Roberto\",\"image\":{\"@type\":\"ImageObject\",\"inLanguage\":\"pt-BR\",\"@id\":\"https:\\\/\\\/secure.gravatar.com\\\/avatar\\\/42749d8b712ff9d59ca93dc150494e5b55a44134482993f5baeb97e61b7ecc89?s=96&d=mm&r=g\",\"url\":\"https:\\\/\\\/secure.gravatar.com\\\/avatar\\\/42749d8b712ff9d59ca93dc150494e5b55a44134482993f5baeb97e61b7ecc89?s=96&d=mm&r=g\",\"contentUrl\":\"https:\\\/\\\/secure.gravatar.com\\\/avatar\\\/42749d8b712ff9d59ca93dc150494e5b55a44134482993f5baeb97e61b7ecc89?s=96&d=mm&r=g\",\"caption\":\"Roberto\"},\"url\":\"https:\\\/\\\/regiaonews.net.br\\\/2022\\\/author\\\/roberto\\\/\"}]}<\/script>\n<!-- \/ Yoast SEO plugin. -->","yoast_head_json":{"title":"Fam\u00edlia de Sever\u00ednia faz Vaquinha para tratamento de sa\u00fade da pequena Helena - Regi\u00e3o News","robots":{"index":"index","follow":"follow","max-snippet":"max-snippet:-1","max-image-preview":"max-image-preview:large","max-video-preview":"max-video-preview:-1"},"canonical":"https:\/\/regiaonews.net.br\/2022\/2023\/03\/25\/familia-de-severinia-faz-vaquinha-para-tratamento-de-saude-da-pequena-helena\/","og_locale":"pt_BR","og_type":"article","og_title":"Fam\u00edlia de Sever\u00ednia faz Vaquinha para tratamento de sa\u00fade da pequena Helena - Regi\u00e3o News","og_description":"Uma fam\u00edlia de Sever\u00ednia\/SP, lan\u00e7ou uma Vaquinha Virtual na Internet","og_url":"https:\/\/regiaonews.net.br\/2022\/2023\/03\/25\/familia-de-severinia-faz-vaquinha-para-tratamento-de-saude-da-pequena-helena\/","og_site_name":"Regi\u00e3o News","article_published_time":"2023-03-25T07:57:08+00:00","article_modified_time":"2023-03-25T14:22:30+00:00","og_image":[{"width":594,"height":743,"url":"https:\/\/regiaonews.net.br\/2022\/wp-content\/uploads\/2023\/03\/IMG-20230323-WA0561.jpg","type":"image\/jpeg"}],"author":"Roberto","twitter_card":"summary_large_image","twitter_misc":{"Escrito por":"Roberto","Est. tempo de leitura":"2 minutos"},"schema":{"@context":"https:\/\/schema.org","@graph":[{"@type":"Article","@id":"https:\/\/regiaonews.net.br\/2022\/2023\/03\/25\/familia-de-severinia-faz-vaquinha-para-tratamento-de-saude-da-pequena-helena\/#article","isPartOf":{"@id":"https:\/\/regiaonews.net.br\/2022\/2023\/03\/25\/familia-de-severinia-faz-vaquinha-para-tratamento-de-saude-da-pequena-helena\/"},"author":{"name":"Roberto","@id":"https:\/\/regiaonews.net.br\/2022\/#\/schema\/person\/2d205a608a5aa97ac279d7a5e6d89ad8"},"headline":"Fam\u00edlia de Sever\u00ednia faz Vaquinha para tratamento de sa\u00fade da pequena Helena","datePublished":"2023-03-25T07:57:08+00:00","dateModified":"2023-03-25T14:22:30+00:00","mainEntityOfPage":{"@id":"https:\/\/regiaonews.net.br\/2022\/2023\/03\/25\/familia-de-severinia-faz-vaquinha-para-tratamento-de-saude-da-pequena-helena\/"},"wordCount":302,"commentCount":0,"publisher":{"@id":"https:\/\/regiaonews.net.br\/2022\/#organization"},"image":{"@id":"https:\/\/regiaonews.net.br\/2022\/2023\/03\/25\/familia-de-severinia-faz-vaquinha-para-tratamento-de-saude-da-pequena-helena\/#primaryimage"},"thumbnailUrl":"https:\/\/regiaonews.net.br\/2022\/wp-content\/uploads\/2023\/03\/IMG-20230323-WA0561.jpg","articleSection":["Geral","Sever\u00ednia"],"inLanguage":"pt-BR","potentialAction":[{"@type":"CommentAction","name":"Comment","target":["https:\/\/regiaonews.net.br\/2022\/2023\/03\/25\/familia-de-severinia-faz-vaquinha-para-tratamento-de-saude-da-pequena-helena\/#respond"]}]},{"@type":"WebPage","@id":"https:\/\/regiaonews.net.br\/2022\/2023\/03\/25\/familia-de-severinia-faz-vaquinha-para-tratamento-de-saude-da-pequena-helena\/","url":"https:\/\/regiaonews.net.br\/2022\/2023\/03\/25\/familia-de-severinia-faz-vaquinha-para-tratamento-de-saude-da-pequena-helena\/","name":"Fam\u00edlia de Sever\u00ednia faz Vaquinha para tratamento de sa\u00fade da pequena Helena - Regi\u00e3o News","isPartOf":{"@id":"https:\/\/regiaonews.net.br\/2022\/#website"},"primaryImageOfPage":{"@id":"https:\/\/regiaonews.net.br\/2022\/2023\/03\/25\/familia-de-severinia-faz-vaquinha-para-tratamento-de-saude-da-pequena-helena\/#primaryimage"},"image":{"@id":"https:\/\/regiaonews.net.br\/2022\/2023\/03\/25\/familia-de-severinia-faz-vaquinha-para-tratamento-de-saude-da-pequena-helena\/#primaryimage"},"thumbnailUrl":"https:\/\/regiaonews.net.br\/2022\/wp-content\/uploads\/2023\/03\/IMG-20230323-WA0561.jpg","datePublished":"2023-03-25T07:57:08+00:00","dateModified":"2023-03-25T14:22:30+00:00","breadcrumb":{"@id":"https:\/\/regiaonews.net.br\/2022\/2023\/03\/25\/familia-de-severinia-faz-vaquinha-para-tratamento-de-saude-da-pequena-helena\/#breadcrumb"},"inLanguage":"pt-BR","potentialAction":[{"@type":"ReadAction","target":["https:\/\/regiaonews.net.br\/2022\/2023\/03\/25\/familia-de-severinia-faz-vaquinha-para-tratamento-de-saude-da-pequena-helena\/"]}]},{"@type":"ImageObject","inLanguage":"pt-BR","@id":"https:\/\/regiaonews.net.br\/2022\/2023\/03\/25\/familia-de-severinia-faz-vaquinha-para-tratamento-de-saude-da-pequena-helena\/#primaryimage","url":"https:\/\/regiaonews.net.br\/2022\/wp-content\/uploads\/2023\/03\/IMG-20230323-WA0561.jpg","contentUrl":"https:\/\/regiaonews.net.br\/2022\/wp-content\/uploads\/2023\/03\/IMG-20230323-WA0561.jpg","width":594,"height":743},{"@type":"BreadcrumbList","@id":"https:\/\/regiaonews.net.br\/2022\/2023\/03\/25\/familia-de-severinia-faz-vaquinha-para-tratamento-de-saude-da-pequena-helena\/#breadcrumb","itemListElement":[{"@type":"ListItem","position":1,"name":"In\u00edcio","item":"https:\/\/regiaonews.net.br\/2022\/"},{"@type":"ListItem","position":2,"name":"Fam\u00edlia de Sever\u00ednia faz Vaquinha para tratamento de sa\u00fade da pequena Helena"}]},{"@type":"WebSite","@id":"https:\/\/regiaonews.net.br\/2022\/#website","url":"https:\/\/regiaonews.net.br\/2022\/","name":"Regi\u00e3o News","description":"Site de Not\u00edcias de Barretos e regi\u00e3o","publisher":{"@id":"https:\/\/regiaonews.net.br\/2022\/#organization"},"potentialAction":[{"@type":"SearchAction","target":{"@type":"EntryPoint","urlTemplate":"https:\/\/regiaonews.net.br\/2022\/?s={search_term_string}"},"query-input":{"@type":"PropertyValueSpecification","valueRequired":true,"valueName":"search_term_string"}}],"inLanguage":"pt-BR"},{"@type":"Organization","@id":"https:\/\/regiaonews.net.br\/2022\/#organization","name":"Regi\u00e3o News","url":"https:\/\/regiaonews.net.br\/2022\/","logo":{"@type":"ImageObject","inLanguage":"pt-BR","@id":"https:\/\/regiaonews.net.br\/2022\/#\/schema\/logo\/image\/","url":"https:\/\/regiaonews.net.br\/2022\/wp-content\/uploads\/2026\/03\/regiao-13-anos-scaled.jpg","contentUrl":"https:\/\/regiaonews.net.br\/2022\/wp-content\/uploads\/2026\/03\/regiao-13-anos-scaled.jpg","width":2560,"height":635,"caption":"Regi\u00e3o News"},"image":{"@id":"https:\/\/regiaonews.net.br\/2022\/#\/schema\/logo\/image\/"}},{"@type":"Person","@id":"https:\/\/regiaonews.net.br\/2022\/#\/schema\/person\/2d205a608a5aa97ac279d7a5e6d89ad8","name":"Roberto","image":{"@type":"ImageObject","inLanguage":"pt-BR","@id":"https:\/\/secure.gravatar.com\/avatar\/42749d8b712ff9d59ca93dc150494e5b55a44134482993f5baeb97e61b7ecc89?s=96&d=mm&r=g","url":"https:\/\/secure.gravatar.com\/avatar\/42749d8b712ff9d59ca93dc150494e5b55a44134482993f5baeb97e61b7ecc89?s=96&d=mm&r=g","contentUrl":"https:\/\/secure.gravatar.com\/avatar\/42749d8b712ff9d59ca93dc150494e5b55a44134482993f5baeb97e61b7ecc89?s=96&d=mm&r=g","caption":"Roberto"},"url":"https:\/\/regiaonews.net.br\/2022\/author\/roberto\/"}]}},"publishpress_future_action":{"enabled":false,"date":"2026-05-02 04:04:39","action":"change-status","newStatus":"draft","terms":[],"taxonomy":"category","extraData":[]},"publishpress_future_workflow_manual_trigger":{"enabledWorkflows":[]},"_links":{"self":[{"href":"https:\/\/regiaonews.net.br\/2022\/wp-json\/wp\/v2\/posts\/85721","targetHints":{"allow":["GET"]}}],"collection":[{"href":"https:\/\/regiaonews.net.br\/2022\/wp-json\/wp\/v2\/posts"}],"about":[{"href":"https:\/\/regiaonews.net.br\/2022\/wp-json\/wp\/v2\/types\/post"}],"author":[{"embeddable":true,"href":"https:\/\/regiaonews.net.br\/2022\/wp-json\/wp\/v2\/users\/2"}],"replies":[{"embeddable":true,"href":"https:\/\/regiaonews.net.br\/2022\/wp-json\/wp\/v2\/comments?post=85721"}],"version-history":[{"count":9,"href":"https:\/\/regiaonews.net.br\/2022\/wp-json\/wp\/v2\/posts\/85721\/revisions"}],"predecessor-version":[{"id":85741,"href":"https:\/\/regiaonews.net.br\/2022\/wp-json\/wp\/v2\/posts\/85721\/revisions\/85741"}],"wp:featuredmedia":[{"embeddable":true,"href":"https:\/\/regiaonews.net.br\/2022\/wp-json\/wp\/v2\/media\/85723"}],"wp:attachment":[{"href":"https:\/\/regiaonews.net.br\/2022\/wp-json\/wp\/v2\/media?parent=85721"}],"wp:term":[{"taxonomy":"category","embeddable":true,"href":"https:\/\/regiaonews.net.br\/2022\/wp-json\/wp\/v2\/categories?post=85721"},{"taxonomy":"post_tag","embeddable":true,"href":"https:\/\/regiaonews.net.br\/2022\/wp-json\/wp\/v2\/tags?post=85721"}],"curies":[{"name":"wp","href":"https:\/\/api.w.org\/{rel}","templated":true}]}}