{"id":85706,"date":"2023-03-24T18:59:09","date_gmt":"2023-03-24T21:59:09","guid":{"rendered":"https:\/\/regiaonews.net.br\/2022\/?p=85706"},"modified":"2023-03-24T18:59:09","modified_gmt":"2023-03-24T21:59:09","slug":"com-zeca-pagodinho-e-mais-oito-grandes-atracoes-samba-barretos-acontece-dias-14-e-15-de-abril-no-parque-do-peao","status":"publish","type":"post","link":"https:\/\/regiaonews.net.br\/2022\/2023\/03\/24\/com-zeca-pagodinho-e-mais-oito-grandes-atracoes-samba-barretos-acontece-dias-14-e-15-de-abril-no-parque-do-peao\/","title":{"rendered":"Com Zeca Pagodinho e mais oito grandes atra\u00e7\u00f5es, Samba Barretos acontece dias 14 e 15 de abril no Parque do Pe\u00e3o"},"content":{"rendered":"<p><a href=\"https:\/\/regiaonews.net.br\/2022\/wp-content\/uploads\/2023\/03\/WhatsApp-Image-2023-03-24-at-18.33.18.jpeg\"><img loading=\"lazy\" decoding=\"async\" class=\"alignnone size-medium wp-image-85707\" src=\"https:\/\/regiaonews.net.br\/2022\/wp-content\/uploads\/2023\/03\/WhatsApp-Image-2023-03-24-at-18.33.18-300x169.jpeg\" alt=\"\" width=\"300\" height=\"169\" srcset=\"https:\/\/regiaonews.net.br\/2022\/wp-content\/uploads\/2023\/03\/WhatsApp-Image-2023-03-24-at-18.33.18-300x169.jpeg 300w, https:\/\/regiaonews.net.br\/2022\/wp-content\/uploads\/2023\/03\/WhatsApp-Image-2023-03-24-at-18.33.18-1024x576.jpeg 1024w, https:\/\/regiaonews.net.br\/2022\/wp-content\/uploads\/2023\/03\/WhatsApp-Image-2023-03-24-at-18.33.18-768x432.jpeg 768w, https:\/\/regiaonews.net.br\/2022\/wp-content\/uploads\/2023\/03\/WhatsApp-Image-2023-03-24-at-18.33.18-1536x864.jpeg 1536w, https:\/\/regiaonews.net.br\/2022\/wp-content\/uploads\/2023\/03\/WhatsApp-Image-2023-03-24-at-18.33.18-250x141.jpeg 250w, https:\/\/regiaonews.net.br\/2022\/wp-content\/uploads\/2023\/03\/WhatsApp-Image-2023-03-24-at-18.33.18.jpeg 1600w\" sizes=\"auto, (max-width: 300px) 100vw, 300px\" \/><\/a><\/p>\n<p>Foto : Samba Barretos 2023, acontece dias 14 e 15 de abril no Parque do Pe\u00e3o &#8211; Cr\u00e9dito: Divulga\u00e7\u00e3o<\/p>\n<p><a href=\"https:\/\/regiaonews.net.br\/2022\/wp-content\/uploads\/2023\/03\/WhatsApp-Image-2023-03-24-at-18.33.42.jpeg\"><img loading=\"lazy\" decoding=\"async\" class=\"alignnone size-medium wp-image-85708\" src=\"https:\/\/regiaonews.net.br\/2022\/wp-content\/uploads\/2023\/03\/WhatsApp-Image-2023-03-24-at-18.33.42-300x200.jpeg\" alt=\"\" width=\"300\" height=\"200\" srcset=\"https:\/\/regiaonews.net.br\/2022\/wp-content\/uploads\/2023\/03\/WhatsApp-Image-2023-03-24-at-18.33.42-300x200.jpeg 300w, https:\/\/regiaonews.net.br\/2022\/wp-content\/uploads\/2023\/03\/WhatsApp-Image-2023-03-24-at-18.33.42-1024x682.jpeg 1024w, https:\/\/regiaonews.net.br\/2022\/wp-content\/uploads\/2023\/03\/WhatsApp-Image-2023-03-24-at-18.33.42-768x512.jpeg 768w, https:\/\/regiaonews.net.br\/2022\/wp-content\/uploads\/2023\/03\/WhatsApp-Image-2023-03-24-at-18.33.42-1536x1023.jpeg 1536w, https:\/\/regiaonews.net.br\/2022\/wp-content\/uploads\/2023\/03\/WhatsApp-Image-2023-03-24-at-18.33.42-250x167.jpeg 250w, https:\/\/regiaonews.net.br\/2022\/wp-content\/uploads\/2023\/03\/WhatsApp-Image-2023-03-24-at-18.33.42-900x600.jpeg 900w, https:\/\/regiaonews.net.br\/2022\/wp-content\/uploads\/2023\/03\/WhatsApp-Image-2023-03-24-at-18.33.42.jpeg 1600w\" sizes=\"auto, (max-width: 300px) 100vw, 300px\" \/><\/a><\/p>\n<p>Foto :\u00a0 Zeca Pagodinho \u00e9 atra\u00e7\u00e3o confirmada no Samba Barretos 2023 &#8211; Cr\u00e9dito: Guto Costa<\/p>\n<p><a href=\"https:\/\/regiaonews.net.br\/2022\/wp-content\/uploads\/2023\/03\/WhatsApp-Image-2023-03-24-at-18.33.43.jpeg\"><img loading=\"lazy\" decoding=\"async\" class=\"alignnone size-medium wp-image-85709\" src=\"https:\/\/regiaonews.net.br\/2022\/wp-content\/uploads\/2023\/03\/WhatsApp-Image-2023-03-24-at-18.33.43-300x200.jpeg\" alt=\"\" width=\"300\" height=\"200\" srcset=\"https:\/\/regiaonews.net.br\/2022\/wp-content\/uploads\/2023\/03\/WhatsApp-Image-2023-03-24-at-18.33.43-300x200.jpeg 300w, https:\/\/regiaonews.net.br\/2022\/wp-content\/uploads\/2023\/03\/WhatsApp-Image-2023-03-24-at-18.33.43-1024x684.jpeg 1024w, https:\/\/regiaonews.net.br\/2022\/wp-content\/uploads\/2023\/03\/WhatsApp-Image-2023-03-24-at-18.33.43-768x513.jpeg 768w, https:\/\/regiaonews.net.br\/2022\/wp-content\/uploads\/2023\/03\/WhatsApp-Image-2023-03-24-at-18.33.43-1536x1025.jpeg 1536w, https:\/\/regiaonews.net.br\/2022\/wp-content\/uploads\/2023\/03\/WhatsApp-Image-2023-03-24-at-18.33.43-250x167.jpeg 250w, https:\/\/regiaonews.net.br\/2022\/wp-content\/uploads\/2023\/03\/WhatsApp-Image-2023-03-24-at-18.33.43-900x600.jpeg 900w, https:\/\/regiaonews.net.br\/2022\/wp-content\/uploads\/2023\/03\/WhatsApp-Image-2023-03-24-at-18.33.43.jpeg 1600w\" sizes=\"auto, (max-width: 300px) 100vw, 300px\" \/><\/a><\/p>\n<p>Foto : Sorriso Maroto estar\u00e1 em mais um Samba Barretos<\/p>\n<p>O festival que est\u00e1 em sua segunda edi\u00e7\u00e3o come\u00e7a na sexta-feira, dia 14 de abril, com os shows de Sorriso Maroto, Menos \u00e9 Mais, Ferrugem e ainda o trap de MC Cabelinho.<\/p>\n<p>J\u00e1 no s\u00e1bado, dia 15, o evento abre alas para o \u201cmestre\u201d Zeca Pagodinho, Pixote, Karinah, Belo e o trapper Vulgo FK.<\/p>\n<p>Ingressos<br \/>\nOs ingressos j\u00e1 est\u00e3o \u00e0 venda de forma on-line pelo showpass.com.br e em pontos f\u00edsicos nas cidades de Barretos, Ribeir\u00e3o Preto e S\u00e3o Jos\u00e9 do Rio Preto.<\/p>\n<p>S\u00e3o tr\u00eas setores dispon\u00edveis: pista, frontstage e camarote open. Nos pontos de venda f\u00edsicos \u00e9 poss\u00edvel adquirir os ingressos em tr\u00eas parcelas sem juros no cart\u00e3o de cr\u00e9dito.<\/p>\n<p>Mais informa\u00e7\u00f5es:<br \/>\nInstagram: @sambabarretos https:\/\/www.instagram.com\/sambabarretos\/<br \/>\nLoja Os Independentes: (17) 3322-9022<\/p>\n<p>Pontos de venda:<br \/>\nBarretos<br \/>\nLoja Os Independentes (Avenida 43); Planet Girls (North Shopping); Primmus Music Bar (Regi\u00e3o dos Lagos); Promoter Gabi (17 982054299) e Promoter Ynai\u00e1 (17 991139255)<\/p>\n","protected":false},"excerpt":{"rendered":"<p>Foto : Samba Barretos 2023, acontece dias 14 e 15<\/p>\n","protected":false},"author":2,"featured_media":85708,"comment_status":"open","ping_status":"open","sticky":false,"template":"","format":"standard","meta":{"footnotes":""},"categories":[14,25],"tags":[],"class_list":["post-85706","post","type-post","status-publish","format-standard","has-post-thumbnail","hentry","category-barretos","category-cidades"],"yoast_head":"<!-- This site is optimized with the Yoast SEO plugin v27.4 - https:\/\/yoast.com\/product\/yoast-seo-wordpress\/ -->\n<title>Com Zeca Pagodinho e mais oito grandes atra\u00e7\u00f5es, Samba Barretos acontece dias 14 e 15 de abril no Parque do Pe\u00e3o - Regi\u00e3o News<\/title>\n<meta name=\"robots\" content=\"index, follow, max-snippet:-1, max-image-preview:large, max-video-preview:-1\" \/>\n<link rel=\"canonical\" href=\"https:\/\/regiaonews.net.br\/2022\/2023\/03\/24\/com-zeca-pagodinho-e-mais-oito-grandes-atracoes-samba-barretos-acontece-dias-14-e-15-de-abril-no-parque-do-peao\/\" \/>\n<meta property=\"og:locale\" content=\"pt_BR\" \/>\n<meta property=\"og:type\" content=\"article\" \/>\n<meta property=\"og:title\" content=\"Com Zeca Pagodinho e mais oito grandes atra\u00e7\u00f5es, Samba Barretos acontece dias 14 e 15 de abril no Parque do Pe\u00e3o - Regi\u00e3o News\" \/>\n<meta property=\"og:description\" content=\"Foto : Samba Barretos 2023, acontece dias 14 e 15\" \/>\n<meta property=\"og:url\" content=\"https:\/\/regiaonews.net.br\/2022\/2023\/03\/24\/com-zeca-pagodinho-e-mais-oito-grandes-atracoes-samba-barretos-acontece-dias-14-e-15-de-abril-no-parque-do-peao\/\" \/>\n<meta property=\"og:site_name\" content=\"Regi\u00e3o News\" \/>\n<meta property=\"article:published_time\" content=\"2023-03-24T21:59:09+00:00\" \/>\n<meta property=\"og:image\" content=\"https:\/\/regiaonews.net.br\/2022\/wp-content\/uploads\/2023\/03\/WhatsApp-Image-2023-03-24-at-18.33.42.jpeg\" \/>\n\t<meta property=\"og:image:width\" content=\"1600\" \/>\n\t<meta property=\"og:image:height\" content=\"1066\" \/>\n\t<meta property=\"og:image:type\" content=\"image\/jpeg\" \/>\n<meta name=\"author\" content=\"Roberto\" \/>\n<meta name=\"twitter:card\" content=\"summary_large_image\" \/>\n<meta name=\"twitter:label1\" content=\"Escrito por\" \/>\n\t<meta name=\"twitter:data1\" content=\"Roberto\" \/>\n\t<meta name=\"twitter:label2\" content=\"Est. tempo de leitura\" \/>\n\t<meta name=\"twitter:data2\" content=\"2 minutos\" \/>\n<script type=\"application\/ld+json\" class=\"yoast-schema-graph\">{\"@context\":\"https:\\\/\\\/schema.org\",\"@graph\":[{\"@type\":\"Article\",\"@id\":\"https:\\\/\\\/regiaonews.net.br\\\/2022\\\/2023\\\/03\\\/24\\\/com-zeca-pagodinho-e-mais-oito-grandes-atracoes-samba-barretos-acontece-dias-14-e-15-de-abril-no-parque-do-peao\\\/#article\",\"isPartOf\":{\"@id\":\"https:\\\/\\\/regiaonews.net.br\\\/2022\\\/2023\\\/03\\\/24\\\/com-zeca-pagodinho-e-mais-oito-grandes-atracoes-samba-barretos-acontece-dias-14-e-15-de-abril-no-parque-do-peao\\\/\"},\"author\":{\"name\":\"Roberto\",\"@id\":\"https:\\\/\\\/regiaonews.net.br\\\/2022\\\/#\\\/schema\\\/person\\\/2d205a608a5aa97ac279d7a5e6d89ad8\"},\"headline\":\"Com Zeca Pagodinho e mais oito grandes atra\u00e7\u00f5es, Samba Barretos acontece dias 14 e 15 de abril no Parque do Pe\u00e3o\",\"datePublished\":\"2023-03-24T21:59:09+00:00\",\"mainEntityOfPage\":{\"@id\":\"https:\\\/\\\/regiaonews.net.br\\\/2022\\\/2023\\\/03\\\/24\\\/com-zeca-pagodinho-e-mais-oito-grandes-atracoes-samba-barretos-acontece-dias-14-e-15-de-abril-no-parque-do-peao\\\/\"},\"wordCount\":222,\"commentCount\":0,\"publisher\":{\"@id\":\"https:\\\/\\\/regiaonews.net.br\\\/2022\\\/#organization\"},\"image\":{\"@id\":\"https:\\\/\\\/regiaonews.net.br\\\/2022\\\/2023\\\/03\\\/24\\\/com-zeca-pagodinho-e-mais-oito-grandes-atracoes-samba-barretos-acontece-dias-14-e-15-de-abril-no-parque-do-peao\\\/#primaryimage\"},\"thumbnailUrl\":\"https:\\\/\\\/regiaonews.net.br\\\/2022\\\/wp-content\\\/uploads\\\/2023\\\/03\\\/WhatsApp-Image-2023-03-24-at-18.33.42.jpeg\",\"articleSection\":[\"Barretos\",\"Cidades\"],\"inLanguage\":\"pt-BR\",\"potentialAction\":[{\"@type\":\"CommentAction\",\"name\":\"Comment\",\"target\":[\"https:\\\/\\\/regiaonews.net.br\\\/2022\\\/2023\\\/03\\\/24\\\/com-zeca-pagodinho-e-mais-oito-grandes-atracoes-samba-barretos-acontece-dias-14-e-15-de-abril-no-parque-do-peao\\\/#respond\"]}]},{\"@type\":\"WebPage\",\"@id\":\"https:\\\/\\\/regiaonews.net.br\\\/2022\\\/2023\\\/03\\\/24\\\/com-zeca-pagodinho-e-mais-oito-grandes-atracoes-samba-barretos-acontece-dias-14-e-15-de-abril-no-parque-do-peao\\\/\",\"url\":\"https:\\\/\\\/regiaonews.net.br\\\/2022\\\/2023\\\/03\\\/24\\\/com-zeca-pagodinho-e-mais-oito-grandes-atracoes-samba-barretos-acontece-dias-14-e-15-de-abril-no-parque-do-peao\\\/\",\"name\":\"Com Zeca Pagodinho e mais oito grandes atra\u00e7\u00f5es, Samba Barretos acontece dias 14 e 15 de abril no Parque do Pe\u00e3o - Regi\u00e3o News\",\"isPartOf\":{\"@id\":\"https:\\\/\\\/regiaonews.net.br\\\/2022\\\/#website\"},\"primaryImageOfPage\":{\"@id\":\"https:\\\/\\\/regiaonews.net.br\\\/2022\\\/2023\\\/03\\\/24\\\/com-zeca-pagodinho-e-mais-oito-grandes-atracoes-samba-barretos-acontece-dias-14-e-15-de-abril-no-parque-do-peao\\\/#primaryimage\"},\"image\":{\"@id\":\"https:\\\/\\\/regiaonews.net.br\\\/2022\\\/2023\\\/03\\\/24\\\/com-zeca-pagodinho-e-mais-oito-grandes-atracoes-samba-barretos-acontece-dias-14-e-15-de-abril-no-parque-do-peao\\\/#primaryimage\"},\"thumbnailUrl\":\"https:\\\/\\\/regiaonews.net.br\\\/2022\\\/wp-content\\\/uploads\\\/2023\\\/03\\\/WhatsApp-Image-2023-03-24-at-18.33.42.jpeg\",\"datePublished\":\"2023-03-24T21:59:09+00:00\",\"breadcrumb\":{\"@id\":\"https:\\\/\\\/regiaonews.net.br\\\/2022\\\/2023\\\/03\\\/24\\\/com-zeca-pagodinho-e-mais-oito-grandes-atracoes-samba-barretos-acontece-dias-14-e-15-de-abril-no-parque-do-peao\\\/#breadcrumb\"},\"inLanguage\":\"pt-BR\",\"potentialAction\":[{\"@type\":\"ReadAction\",\"target\":[\"https:\\\/\\\/regiaonews.net.br\\\/2022\\\/2023\\\/03\\\/24\\\/com-zeca-pagodinho-e-mais-oito-grandes-atracoes-samba-barretos-acontece-dias-14-e-15-de-abril-no-parque-do-peao\\\/\"]}]},{\"@type\":\"ImageObject\",\"inLanguage\":\"pt-BR\",\"@id\":\"https:\\\/\\\/regiaonews.net.br\\\/2022\\\/2023\\\/03\\\/24\\\/com-zeca-pagodinho-e-mais-oito-grandes-atracoes-samba-barretos-acontece-dias-14-e-15-de-abril-no-parque-do-peao\\\/#primaryimage\",\"url\":\"https:\\\/\\\/regiaonews.net.br\\\/2022\\\/wp-content\\\/uploads\\\/2023\\\/03\\\/WhatsApp-Image-2023-03-24-at-18.33.42.jpeg\",\"contentUrl\":\"https:\\\/\\\/regiaonews.net.br\\\/2022\\\/wp-content\\\/uploads\\\/2023\\\/03\\\/WhatsApp-Image-2023-03-24-at-18.33.42.jpeg\",\"width\":1600,\"height\":1066},{\"@type\":\"BreadcrumbList\",\"@id\":\"https:\\\/\\\/regiaonews.net.br\\\/2022\\\/2023\\\/03\\\/24\\\/com-zeca-pagodinho-e-mais-oito-grandes-atracoes-samba-barretos-acontece-dias-14-e-15-de-abril-no-parque-do-peao\\\/#breadcrumb\",\"itemListElement\":[{\"@type\":\"ListItem\",\"position\":1,\"name\":\"In\u00edcio\",\"item\":\"https:\\\/\\\/regiaonews.net.br\\\/2022\\\/\"},{\"@type\":\"ListItem\",\"position\":2,\"name\":\"Com Zeca Pagodinho e mais oito grandes atra\u00e7\u00f5es, Samba Barretos acontece dias 14 e 15 de abril no Parque do Pe\u00e3o\"}]},{\"@type\":\"WebSite\",\"@id\":\"https:\\\/\\\/regiaonews.net.br\\\/2022\\\/#website\",\"url\":\"https:\\\/\\\/regiaonews.net.br\\\/2022\\\/\",\"name\":\"Regi\u00e3o News\",\"description\":\"Site de Not\u00edcias de Barretos e regi\u00e3o\",\"publisher\":{\"@id\":\"https:\\\/\\\/regiaonews.net.br\\\/2022\\\/#organization\"},\"potentialAction\":[{\"@type\":\"SearchAction\",\"target\":{\"@type\":\"EntryPoint\",\"urlTemplate\":\"https:\\\/\\\/regiaonews.net.br\\\/2022\\\/?s={search_term_string}\"},\"query-input\":{\"@type\":\"PropertyValueSpecification\",\"valueRequired\":true,\"valueName\":\"search_term_string\"}}],\"inLanguage\":\"pt-BR\"},{\"@type\":\"Organization\",\"@id\":\"https:\\\/\\\/regiaonews.net.br\\\/2022\\\/#organization\",\"name\":\"Regi\u00e3o News\",\"url\":\"https:\\\/\\\/regiaonews.net.br\\\/2022\\\/\",\"logo\":{\"@type\":\"ImageObject\",\"inLanguage\":\"pt-BR\",\"@id\":\"https:\\\/\\\/regiaonews.net.br\\\/2022\\\/#\\\/schema\\\/logo\\\/image\\\/\",\"url\":\"https:\\\/\\\/regiaonews.net.br\\\/2022\\\/wp-content\\\/uploads\\\/2026\\\/03\\\/regiao-13-anos-scaled.jpg\",\"contentUrl\":\"https:\\\/\\\/regiaonews.net.br\\\/2022\\\/wp-content\\\/uploads\\\/2026\\\/03\\\/regiao-13-anos-scaled.jpg\",\"width\":2560,\"height\":635,\"caption\":\"Regi\u00e3o News\"},\"image\":{\"@id\":\"https:\\\/\\\/regiaonews.net.br\\\/2022\\\/#\\\/schema\\\/logo\\\/image\\\/\"}},{\"@type\":\"Person\",\"@id\":\"https:\\\/\\\/regiaonews.net.br\\\/2022\\\/#\\\/schema\\\/person\\\/2d205a608a5aa97ac279d7a5e6d89ad8\",\"name\":\"Roberto\",\"image\":{\"@type\":\"ImageObject\",\"inLanguage\":\"pt-BR\",\"@id\":\"https:\\\/\\\/secure.gravatar.com\\\/avatar\\\/42749d8b712ff9d59ca93dc150494e5b55a44134482993f5baeb97e61b7ecc89?s=96&d=mm&r=g\",\"url\":\"https:\\\/\\\/secure.gravatar.com\\\/avatar\\\/42749d8b712ff9d59ca93dc150494e5b55a44134482993f5baeb97e61b7ecc89?s=96&d=mm&r=g\",\"contentUrl\":\"https:\\\/\\\/secure.gravatar.com\\\/avatar\\\/42749d8b712ff9d59ca93dc150494e5b55a44134482993f5baeb97e61b7ecc89?s=96&d=mm&r=g\",\"caption\":\"Roberto\"},\"url\":\"https:\\\/\\\/regiaonews.net.br\\\/2022\\\/author\\\/roberto\\\/\"}]}<\/script>\n<!-- \/ Yoast SEO plugin. -->","yoast_head_json":{"title":"Com Zeca Pagodinho e mais oito grandes atra\u00e7\u00f5es, Samba Barretos acontece dias 14 e 15 de abril no Parque do Pe\u00e3o - Regi\u00e3o News","robots":{"index":"index","follow":"follow","max-snippet":"max-snippet:-1","max-image-preview":"max-image-preview:large","max-video-preview":"max-video-preview:-1"},"canonical":"https:\/\/regiaonews.net.br\/2022\/2023\/03\/24\/com-zeca-pagodinho-e-mais-oito-grandes-atracoes-samba-barretos-acontece-dias-14-e-15-de-abril-no-parque-do-peao\/","og_locale":"pt_BR","og_type":"article","og_title":"Com Zeca Pagodinho e mais oito grandes atra\u00e7\u00f5es, Samba Barretos acontece dias 14 e 15 de abril no Parque do Pe\u00e3o - Regi\u00e3o News","og_description":"Foto : Samba Barretos 2023, acontece dias 14 e 15","og_url":"https:\/\/regiaonews.net.br\/2022\/2023\/03\/24\/com-zeca-pagodinho-e-mais-oito-grandes-atracoes-samba-barretos-acontece-dias-14-e-15-de-abril-no-parque-do-peao\/","og_site_name":"Regi\u00e3o News","article_published_time":"2023-03-24T21:59:09+00:00","og_image":[{"width":1600,"height":1066,"url":"https:\/\/regiaonews.net.br\/2022\/wp-content\/uploads\/2023\/03\/WhatsApp-Image-2023-03-24-at-18.33.42.jpeg","type":"image\/jpeg"}],"author":"Roberto","twitter_card":"summary_large_image","twitter_misc":{"Escrito por":"Roberto","Est. tempo de leitura":"2 minutos"},"schema":{"@context":"https:\/\/schema.org","@graph":[{"@type":"Article","@id":"https:\/\/regiaonews.net.br\/2022\/2023\/03\/24\/com-zeca-pagodinho-e-mais-oito-grandes-atracoes-samba-barretos-acontece-dias-14-e-15-de-abril-no-parque-do-peao\/#article","isPartOf":{"@id":"https:\/\/regiaonews.net.br\/2022\/2023\/03\/24\/com-zeca-pagodinho-e-mais-oito-grandes-atracoes-samba-barretos-acontece-dias-14-e-15-de-abril-no-parque-do-peao\/"},"author":{"name":"Roberto","@id":"https:\/\/regiaonews.net.br\/2022\/#\/schema\/person\/2d205a608a5aa97ac279d7a5e6d89ad8"},"headline":"Com Zeca Pagodinho e mais oito grandes atra\u00e7\u00f5es, Samba Barretos acontece dias 14 e 15 de abril no Parque do Pe\u00e3o","datePublished":"2023-03-24T21:59:09+00:00","mainEntityOfPage":{"@id":"https:\/\/regiaonews.net.br\/2022\/2023\/03\/24\/com-zeca-pagodinho-e-mais-oito-grandes-atracoes-samba-barretos-acontece-dias-14-e-15-de-abril-no-parque-do-peao\/"},"wordCount":222,"commentCount":0,"publisher":{"@id":"https:\/\/regiaonews.net.br\/2022\/#organization"},"image":{"@id":"https:\/\/regiaonews.net.br\/2022\/2023\/03\/24\/com-zeca-pagodinho-e-mais-oito-grandes-atracoes-samba-barretos-acontece-dias-14-e-15-de-abril-no-parque-do-peao\/#primaryimage"},"thumbnailUrl":"https:\/\/regiaonews.net.br\/2022\/wp-content\/uploads\/2023\/03\/WhatsApp-Image-2023-03-24-at-18.33.42.jpeg","articleSection":["Barretos","Cidades"],"inLanguage":"pt-BR","potentialAction":[{"@type":"CommentAction","name":"Comment","target":["https:\/\/regiaonews.net.br\/2022\/2023\/03\/24\/com-zeca-pagodinho-e-mais-oito-grandes-atracoes-samba-barretos-acontece-dias-14-e-15-de-abril-no-parque-do-peao\/#respond"]}]},{"@type":"WebPage","@id":"https:\/\/regiaonews.net.br\/2022\/2023\/03\/24\/com-zeca-pagodinho-e-mais-oito-grandes-atracoes-samba-barretos-acontece-dias-14-e-15-de-abril-no-parque-do-peao\/","url":"https:\/\/regiaonews.net.br\/2022\/2023\/03\/24\/com-zeca-pagodinho-e-mais-oito-grandes-atracoes-samba-barretos-acontece-dias-14-e-15-de-abril-no-parque-do-peao\/","name":"Com Zeca Pagodinho e mais oito grandes atra\u00e7\u00f5es, Samba Barretos acontece dias 14 e 15 de abril no Parque do Pe\u00e3o - Regi\u00e3o News","isPartOf":{"@id":"https:\/\/regiaonews.net.br\/2022\/#website"},"primaryImageOfPage":{"@id":"https:\/\/regiaonews.net.br\/2022\/2023\/03\/24\/com-zeca-pagodinho-e-mais-oito-grandes-atracoes-samba-barretos-acontece-dias-14-e-15-de-abril-no-parque-do-peao\/#primaryimage"},"image":{"@id":"https:\/\/regiaonews.net.br\/2022\/2023\/03\/24\/com-zeca-pagodinho-e-mais-oito-grandes-atracoes-samba-barretos-acontece-dias-14-e-15-de-abril-no-parque-do-peao\/#primaryimage"},"thumbnailUrl":"https:\/\/regiaonews.net.br\/2022\/wp-content\/uploads\/2023\/03\/WhatsApp-Image-2023-03-24-at-18.33.42.jpeg","datePublished":"2023-03-24T21:59:09+00:00","breadcrumb":{"@id":"https:\/\/regiaonews.net.br\/2022\/2023\/03\/24\/com-zeca-pagodinho-e-mais-oito-grandes-atracoes-samba-barretos-acontece-dias-14-e-15-de-abril-no-parque-do-peao\/#breadcrumb"},"inLanguage":"pt-BR","potentialAction":[{"@type":"ReadAction","target":["https:\/\/regiaonews.net.br\/2022\/2023\/03\/24\/com-zeca-pagodinho-e-mais-oito-grandes-atracoes-samba-barretos-acontece-dias-14-e-15-de-abril-no-parque-do-peao\/"]}]},{"@type":"ImageObject","inLanguage":"pt-BR","@id":"https:\/\/regiaonews.net.br\/2022\/2023\/03\/24\/com-zeca-pagodinho-e-mais-oito-grandes-atracoes-samba-barretos-acontece-dias-14-e-15-de-abril-no-parque-do-peao\/#primaryimage","url":"https:\/\/regiaonews.net.br\/2022\/wp-content\/uploads\/2023\/03\/WhatsApp-Image-2023-03-24-at-18.33.42.jpeg","contentUrl":"https:\/\/regiaonews.net.br\/2022\/wp-content\/uploads\/2023\/03\/WhatsApp-Image-2023-03-24-at-18.33.42.jpeg","width":1600,"height":1066},{"@type":"BreadcrumbList","@id":"https:\/\/regiaonews.net.br\/2022\/2023\/03\/24\/com-zeca-pagodinho-e-mais-oito-grandes-atracoes-samba-barretos-acontece-dias-14-e-15-de-abril-no-parque-do-peao\/#breadcrumb","itemListElement":[{"@type":"ListItem","position":1,"name":"In\u00edcio","item":"https:\/\/regiaonews.net.br\/2022\/"},{"@type":"ListItem","position":2,"name":"Com Zeca Pagodinho e mais oito grandes atra\u00e7\u00f5es, Samba Barretos acontece dias 14 e 15 de abril no Parque do Pe\u00e3o"}]},{"@type":"WebSite","@id":"https:\/\/regiaonews.net.br\/2022\/#website","url":"https:\/\/regiaonews.net.br\/2022\/","name":"Regi\u00e3o News","description":"Site de Not\u00edcias de Barretos e regi\u00e3o","publisher":{"@id":"https:\/\/regiaonews.net.br\/2022\/#organization"},"potentialAction":[{"@type":"SearchAction","target":{"@type":"EntryPoint","urlTemplate":"https:\/\/regiaonews.net.br\/2022\/?s={search_term_string}"},"query-input":{"@type":"PropertyValueSpecification","valueRequired":true,"valueName":"search_term_string"}}],"inLanguage":"pt-BR"},{"@type":"Organization","@id":"https:\/\/regiaonews.net.br\/2022\/#organization","name":"Regi\u00e3o News","url":"https:\/\/regiaonews.net.br\/2022\/","logo":{"@type":"ImageObject","inLanguage":"pt-BR","@id":"https:\/\/regiaonews.net.br\/2022\/#\/schema\/logo\/image\/","url":"https:\/\/regiaonews.net.br\/2022\/wp-content\/uploads\/2026\/03\/regiao-13-anos-scaled.jpg","contentUrl":"https:\/\/regiaonews.net.br\/2022\/wp-content\/uploads\/2026\/03\/regiao-13-anos-scaled.jpg","width":2560,"height":635,"caption":"Regi\u00e3o News"},"image":{"@id":"https:\/\/regiaonews.net.br\/2022\/#\/schema\/logo\/image\/"}},{"@type":"Person","@id":"https:\/\/regiaonews.net.br\/2022\/#\/schema\/person\/2d205a608a5aa97ac279d7a5e6d89ad8","name":"Roberto","image":{"@type":"ImageObject","inLanguage":"pt-BR","@id":"https:\/\/secure.gravatar.com\/avatar\/42749d8b712ff9d59ca93dc150494e5b55a44134482993f5baeb97e61b7ecc89?s=96&d=mm&r=g","url":"https:\/\/secure.gravatar.com\/avatar\/42749d8b712ff9d59ca93dc150494e5b55a44134482993f5baeb97e61b7ecc89?s=96&d=mm&r=g","contentUrl":"https:\/\/secure.gravatar.com\/avatar\/42749d8b712ff9d59ca93dc150494e5b55a44134482993f5baeb97e61b7ecc89?s=96&d=mm&r=g","caption":"Roberto"},"url":"https:\/\/regiaonews.net.br\/2022\/author\/roberto\/"}]}},"publishpress_future_action":{"enabled":false,"date":"2026-05-02 02:05:58","action":"change-status","newStatus":"draft","terms":[],"taxonomy":"category","extraData":[]},"publishpress_future_workflow_manual_trigger":{"enabledWorkflows":[]},"_links":{"self":[{"href":"https:\/\/regiaonews.net.br\/2022\/wp-json\/wp\/v2\/posts\/85706","targetHints":{"allow":["GET"]}}],"collection":[{"href":"https:\/\/regiaonews.net.br\/2022\/wp-json\/wp\/v2\/posts"}],"about":[{"href":"https:\/\/regiaonews.net.br\/2022\/wp-json\/wp\/v2\/types\/post"}],"author":[{"embeddable":true,"href":"https:\/\/regiaonews.net.br\/2022\/wp-json\/wp\/v2\/users\/2"}],"replies":[{"embeddable":true,"href":"https:\/\/regiaonews.net.br\/2022\/wp-json\/wp\/v2\/comments?post=85706"}],"version-history":[{"count":1,"href":"https:\/\/regiaonews.net.br\/2022\/wp-json\/wp\/v2\/posts\/85706\/revisions"}],"predecessor-version":[{"id":85710,"href":"https:\/\/regiaonews.net.br\/2022\/wp-json\/wp\/v2\/posts\/85706\/revisions\/85710"}],"wp:featuredmedia":[{"embeddable":true,"href":"https:\/\/regiaonews.net.br\/2022\/wp-json\/wp\/v2\/media\/85708"}],"wp:attachment":[{"href":"https:\/\/regiaonews.net.br\/2022\/wp-json\/wp\/v2\/media?parent=85706"}],"wp:term":[{"taxonomy":"category","embeddable":true,"href":"https:\/\/regiaonews.net.br\/2022\/wp-json\/wp\/v2\/categories?post=85706"},{"taxonomy":"post_tag","embeddable":true,"href":"https:\/\/regiaonews.net.br\/2022\/wp-json\/wp\/v2\/tags?post=85706"}],"curies":[{"name":"wp","href":"https:\/\/api.w.org\/{rel}","templated":true}]}}