{"id":85553,"date":"2023-03-21T22:05:32","date_gmt":"2023-03-22T01:05:32","guid":{"rendered":"https:\/\/regiaonews.net.br\/2022\/?p=85553"},"modified":"2023-03-21T22:05:32","modified_gmt":"2023-03-22T01:05:32","slug":"pm-orienta-proprietarios-bicicletas-eletricas-e-ciclomotores-sobre-regulamentacoes","status":"publish","type":"post","link":"https:\/\/regiaonews.net.br\/2022\/2023\/03\/21\/pm-orienta-proprietarios-bicicletas-eletricas-e-ciclomotores-sobre-regulamentacoes\/","title":{"rendered":"PM orienta propriet\u00e1rios bicicletas el\u00e9tricas e ciclomotores sobre regulamenta\u00e7\u00f5es"},"content":{"rendered":"<p style=\"text-align: left;\">Acompanhando o aumento dos n\u00fameros de bicicletas el\u00e9tricas e ciclomotores circulando pela cidade de Barretos a Pol\u00edcia Militar, por meio da Comandante da 1\u00aa Companhia, Capit\u00e3o Esther Sewastjanow, orienta as pessoas que escolherem como op\u00e7\u00e3o esse meio de transporte alternativo para verificarem as regulamenta\u00e7\u00f5es para cada um desses ve\u00edculos de modo a cumprirem a lei e evitarem infra\u00e7\u00f5es e autua\u00e7\u00f5es.<br \/>\nConforme explica \u201co intuito \u00e9 esclarecer a popula\u00e7\u00e3o, evitando-se que haja consequ\u00eancias n\u00e3o esperadas, seja pelo preju\u00edzo quando a pessoa vai at\u00e9 uma loja, compra a bike ou o ciclomotor e n\u00e3o conhece as regras de uso e depois disso ainda circula livremente nas ruas, e desconhecendo totalmente as regras, tem seu transporte recolhido; ou mesmo preservar aquele motorista que cumpre certinho a lei, que obedece as regras de tr\u00e2nsito e pode se ver envolvido num acidente de tr\u00e2nsito motivado por aquele usu\u00e1rio da bicicleta ou do ciclomotor o qual n\u00e3o possui qualquer preparo ou conhecimento m\u00ednimo de comportamento e das regras de tr\u00e2nsito, causando um preju\u00edzo grave\u201d.<br \/>\nO CONTRAN (Conselho Nacional de Tr\u00e2nsito) caracteriza os ciclomotores como ve\u00edculos de 2 ou 3 rodas providos de motor a combust\u00e3o interna (bicicleta motorizada), desde que a cilindrada n\u00e3o ultrapasse 50cc, ou de propuls\u00e3o el\u00e9trica (bicicleta el\u00e9trica) de at\u00e9 no m\u00e1ximo 4.000 watts, e que a velocidade m\u00e1xima de fabrica\u00e7\u00e3o n\u00e3o exceda a 50 km\/h; sendo que para poder conduzi-lo no m\u00ednimo \u00e9 necess\u00e1rio ter a ACC (Autoriza\u00e7\u00e3o para Conduzir Ciclomotor).<br \/>\nA bicicleta el\u00e9trica n\u00e3o \u00e9 considerada um ciclomotor se tiver pot\u00eancia m\u00e1xima de 350 watts, alcan\u00e7ar velocidade de at\u00e9 25 km\/h e n\u00e3o tiver acelerador. Para a bicicleta el\u00e9trica n\u00e3o \u00e9 preciso ter CNH (Carteira Nacional de Habilita\u00e7\u00e3o) para conduzir.<br \/>\nAs a\u00e7\u00f5es de orienta\u00e7\u00e3o est\u00e3o sendo feitas e a fiscaliza\u00e7\u00e3o passou a ser mais constante, a exemplo disso, foi a opera\u00e7\u00e3o executada na \u00faltima segunda-feira onde foram feitos 2 pontos de bloqueio, 27 abordagens, 23 motos fiscalizadas, 03 bicicletas motorizadas fiscalizadas, 38 autos de infra\u00e7\u00e3o confeccionados, 05 motos e 03 bicicletas motorizadas recolhidas ao p\u00e1tio.<\/p>\n","protected":false},"excerpt":{"rendered":"<p>Acompanhando o aumento dos n\u00fameros de bicicletas el\u00e9tricas e ciclomotores<\/p>\n","protected":false},"author":2,"featured_media":85554,"comment_status":"open","ping_status":"open","sticky":false,"template":"","format":"standard","meta":{"footnotes":""},"categories":[14,23],"tags":[],"class_list":["post-85553","post","type-post","status-publish","format-standard","has-post-thumbnail","hentry","category-barretos","category-policia"],"yoast_head":"<!-- This site is optimized with the Yoast SEO plugin v27.4 - https:\/\/yoast.com\/product\/yoast-seo-wordpress\/ -->\n<title>PM orienta propriet\u00e1rios bicicletas el\u00e9tricas e ciclomotores sobre regulamenta\u00e7\u00f5es - Regi\u00e3o News<\/title>\n<meta name=\"robots\" content=\"index, follow, max-snippet:-1, max-image-preview:large, max-video-preview:-1\" \/>\n<link rel=\"canonical\" href=\"https:\/\/regiaonews.net.br\/2022\/2023\/03\/21\/pm-orienta-proprietarios-bicicletas-eletricas-e-ciclomotores-sobre-regulamentacoes\/\" \/>\n<meta property=\"og:locale\" content=\"pt_BR\" \/>\n<meta property=\"og:type\" content=\"article\" \/>\n<meta property=\"og:title\" content=\"PM orienta propriet\u00e1rios bicicletas el\u00e9tricas e ciclomotores sobre regulamenta\u00e7\u00f5es - Regi\u00e3o News\" \/>\n<meta property=\"og:description\" content=\"Acompanhando o aumento dos n\u00fameros de bicicletas el\u00e9tricas e ciclomotores\" \/>\n<meta property=\"og:url\" content=\"https:\/\/regiaonews.net.br\/2022\/2023\/03\/21\/pm-orienta-proprietarios-bicicletas-eletricas-e-ciclomotores-sobre-regulamentacoes\/\" \/>\n<meta property=\"og:site_name\" content=\"Regi\u00e3o News\" \/>\n<meta property=\"article:published_time\" content=\"2023-03-22T01:05:32+00:00\" \/>\n<meta property=\"og:image\" content=\"https:\/\/regiaonews.net.br\/2022\/wp-content\/uploads\/2023\/03\/IMG-20230321-WA0497.jpg\" \/>\n\t<meta property=\"og:image:width\" content=\"1600\" \/>\n\t<meta property=\"og:image:height\" content=\"1069\" \/>\n\t<meta property=\"og:image:type\" content=\"image\/jpeg\" \/>\n<meta name=\"author\" content=\"Roberto\" \/>\n<meta name=\"twitter:card\" content=\"summary_large_image\" \/>\n<meta name=\"twitter:label1\" content=\"Escrito por\" \/>\n\t<meta name=\"twitter:data1\" content=\"Roberto\" \/>\n\t<meta name=\"twitter:label2\" content=\"Est. tempo de leitura\" \/>\n\t<meta name=\"twitter:data2\" content=\"2 minutos\" \/>\n<script type=\"application\/ld+json\" class=\"yoast-schema-graph\">{\"@context\":\"https:\\\/\\\/schema.org\",\"@graph\":[{\"@type\":\"Article\",\"@id\":\"https:\\\/\\\/regiaonews.net.br\\\/2022\\\/2023\\\/03\\\/21\\\/pm-orienta-proprietarios-bicicletas-eletricas-e-ciclomotores-sobre-regulamentacoes\\\/#article\",\"isPartOf\":{\"@id\":\"https:\\\/\\\/regiaonews.net.br\\\/2022\\\/2023\\\/03\\\/21\\\/pm-orienta-proprietarios-bicicletas-eletricas-e-ciclomotores-sobre-regulamentacoes\\\/\"},\"author\":{\"name\":\"Roberto\",\"@id\":\"https:\\\/\\\/regiaonews.net.br\\\/2022\\\/#\\\/schema\\\/person\\\/2d205a608a5aa97ac279d7a5e6d89ad8\"},\"headline\":\"PM orienta propriet\u00e1rios bicicletas el\u00e9tricas e ciclomotores sobre regulamenta\u00e7\u00f5es\",\"datePublished\":\"2023-03-22T01:05:32+00:00\",\"mainEntityOfPage\":{\"@id\":\"https:\\\/\\\/regiaonews.net.br\\\/2022\\\/2023\\\/03\\\/21\\\/pm-orienta-proprietarios-bicicletas-eletricas-e-ciclomotores-sobre-regulamentacoes\\\/\"},\"wordCount\":381,\"commentCount\":0,\"publisher\":{\"@id\":\"https:\\\/\\\/regiaonews.net.br\\\/2022\\\/#organization\"},\"image\":{\"@id\":\"https:\\\/\\\/regiaonews.net.br\\\/2022\\\/2023\\\/03\\\/21\\\/pm-orienta-proprietarios-bicicletas-eletricas-e-ciclomotores-sobre-regulamentacoes\\\/#primaryimage\"},\"thumbnailUrl\":\"https:\\\/\\\/regiaonews.net.br\\\/2022\\\/wp-content\\\/uploads\\\/2023\\\/03\\\/IMG-20230321-WA0497.jpg\",\"articleSection\":[\"Barretos\",\"Policia\"],\"inLanguage\":\"pt-BR\",\"potentialAction\":[{\"@type\":\"CommentAction\",\"name\":\"Comment\",\"target\":[\"https:\\\/\\\/regiaonews.net.br\\\/2022\\\/2023\\\/03\\\/21\\\/pm-orienta-proprietarios-bicicletas-eletricas-e-ciclomotores-sobre-regulamentacoes\\\/#respond\"]}]},{\"@type\":\"WebPage\",\"@id\":\"https:\\\/\\\/regiaonews.net.br\\\/2022\\\/2023\\\/03\\\/21\\\/pm-orienta-proprietarios-bicicletas-eletricas-e-ciclomotores-sobre-regulamentacoes\\\/\",\"url\":\"https:\\\/\\\/regiaonews.net.br\\\/2022\\\/2023\\\/03\\\/21\\\/pm-orienta-proprietarios-bicicletas-eletricas-e-ciclomotores-sobre-regulamentacoes\\\/\",\"name\":\"PM orienta propriet\u00e1rios bicicletas el\u00e9tricas e ciclomotores sobre regulamenta\u00e7\u00f5es - Regi\u00e3o News\",\"isPartOf\":{\"@id\":\"https:\\\/\\\/regiaonews.net.br\\\/2022\\\/#website\"},\"primaryImageOfPage\":{\"@id\":\"https:\\\/\\\/regiaonews.net.br\\\/2022\\\/2023\\\/03\\\/21\\\/pm-orienta-proprietarios-bicicletas-eletricas-e-ciclomotores-sobre-regulamentacoes\\\/#primaryimage\"},\"image\":{\"@id\":\"https:\\\/\\\/regiaonews.net.br\\\/2022\\\/2023\\\/03\\\/21\\\/pm-orienta-proprietarios-bicicletas-eletricas-e-ciclomotores-sobre-regulamentacoes\\\/#primaryimage\"},\"thumbnailUrl\":\"https:\\\/\\\/regiaonews.net.br\\\/2022\\\/wp-content\\\/uploads\\\/2023\\\/03\\\/IMG-20230321-WA0497.jpg\",\"datePublished\":\"2023-03-22T01:05:32+00:00\",\"breadcrumb\":{\"@id\":\"https:\\\/\\\/regiaonews.net.br\\\/2022\\\/2023\\\/03\\\/21\\\/pm-orienta-proprietarios-bicicletas-eletricas-e-ciclomotores-sobre-regulamentacoes\\\/#breadcrumb\"},\"inLanguage\":\"pt-BR\",\"potentialAction\":[{\"@type\":\"ReadAction\",\"target\":[\"https:\\\/\\\/regiaonews.net.br\\\/2022\\\/2023\\\/03\\\/21\\\/pm-orienta-proprietarios-bicicletas-eletricas-e-ciclomotores-sobre-regulamentacoes\\\/\"]}]},{\"@type\":\"ImageObject\",\"inLanguage\":\"pt-BR\",\"@id\":\"https:\\\/\\\/regiaonews.net.br\\\/2022\\\/2023\\\/03\\\/21\\\/pm-orienta-proprietarios-bicicletas-eletricas-e-ciclomotores-sobre-regulamentacoes\\\/#primaryimage\",\"url\":\"https:\\\/\\\/regiaonews.net.br\\\/2022\\\/wp-content\\\/uploads\\\/2023\\\/03\\\/IMG-20230321-WA0497.jpg\",\"contentUrl\":\"https:\\\/\\\/regiaonews.net.br\\\/2022\\\/wp-content\\\/uploads\\\/2023\\\/03\\\/IMG-20230321-WA0497.jpg\",\"width\":1600,\"height\":1069},{\"@type\":\"BreadcrumbList\",\"@id\":\"https:\\\/\\\/regiaonews.net.br\\\/2022\\\/2023\\\/03\\\/21\\\/pm-orienta-proprietarios-bicicletas-eletricas-e-ciclomotores-sobre-regulamentacoes\\\/#breadcrumb\",\"itemListElement\":[{\"@type\":\"ListItem\",\"position\":1,\"name\":\"In\u00edcio\",\"item\":\"https:\\\/\\\/regiaonews.net.br\\\/2022\\\/\"},{\"@type\":\"ListItem\",\"position\":2,\"name\":\"PM orienta propriet\u00e1rios bicicletas el\u00e9tricas e ciclomotores sobre regulamenta\u00e7\u00f5es\"}]},{\"@type\":\"WebSite\",\"@id\":\"https:\\\/\\\/regiaonews.net.br\\\/2022\\\/#website\",\"url\":\"https:\\\/\\\/regiaonews.net.br\\\/2022\\\/\",\"name\":\"Regi\u00e3o News\",\"description\":\"Site de Not\u00edcias de Barretos e regi\u00e3o\",\"publisher\":{\"@id\":\"https:\\\/\\\/regiaonews.net.br\\\/2022\\\/#organization\"},\"potentialAction\":[{\"@type\":\"SearchAction\",\"target\":{\"@type\":\"EntryPoint\",\"urlTemplate\":\"https:\\\/\\\/regiaonews.net.br\\\/2022\\\/?s={search_term_string}\"},\"query-input\":{\"@type\":\"PropertyValueSpecification\",\"valueRequired\":true,\"valueName\":\"search_term_string\"}}],\"inLanguage\":\"pt-BR\"},{\"@type\":\"Organization\",\"@id\":\"https:\\\/\\\/regiaonews.net.br\\\/2022\\\/#organization\",\"name\":\"Regi\u00e3o News\",\"url\":\"https:\\\/\\\/regiaonews.net.br\\\/2022\\\/\",\"logo\":{\"@type\":\"ImageObject\",\"inLanguage\":\"pt-BR\",\"@id\":\"https:\\\/\\\/regiaonews.net.br\\\/2022\\\/#\\\/schema\\\/logo\\\/image\\\/\",\"url\":\"https:\\\/\\\/regiaonews.net.br\\\/2022\\\/wp-content\\\/uploads\\\/2026\\\/03\\\/regiao-13-anos-scaled.jpg\",\"contentUrl\":\"https:\\\/\\\/regiaonews.net.br\\\/2022\\\/wp-content\\\/uploads\\\/2026\\\/03\\\/regiao-13-anos-scaled.jpg\",\"width\":2560,\"height\":635,\"caption\":\"Regi\u00e3o News\"},\"image\":{\"@id\":\"https:\\\/\\\/regiaonews.net.br\\\/2022\\\/#\\\/schema\\\/logo\\\/image\\\/\"}},{\"@type\":\"Person\",\"@id\":\"https:\\\/\\\/regiaonews.net.br\\\/2022\\\/#\\\/schema\\\/person\\\/2d205a608a5aa97ac279d7a5e6d89ad8\",\"name\":\"Roberto\",\"image\":{\"@type\":\"ImageObject\",\"inLanguage\":\"pt-BR\",\"@id\":\"https:\\\/\\\/secure.gravatar.com\\\/avatar\\\/42749d8b712ff9d59ca93dc150494e5b55a44134482993f5baeb97e61b7ecc89?s=96&d=mm&r=g\",\"url\":\"https:\\\/\\\/secure.gravatar.com\\\/avatar\\\/42749d8b712ff9d59ca93dc150494e5b55a44134482993f5baeb97e61b7ecc89?s=96&d=mm&r=g\",\"contentUrl\":\"https:\\\/\\\/secure.gravatar.com\\\/avatar\\\/42749d8b712ff9d59ca93dc150494e5b55a44134482993f5baeb97e61b7ecc89?s=96&d=mm&r=g\",\"caption\":\"Roberto\"},\"url\":\"https:\\\/\\\/regiaonews.net.br\\\/2022\\\/author\\\/roberto\\\/\"}]}<\/script>\n<!-- \/ Yoast SEO plugin. -->","yoast_head_json":{"title":"PM orienta propriet\u00e1rios bicicletas el\u00e9tricas e ciclomotores sobre regulamenta\u00e7\u00f5es - Regi\u00e3o News","robots":{"index":"index","follow":"follow","max-snippet":"max-snippet:-1","max-image-preview":"max-image-preview:large","max-video-preview":"max-video-preview:-1"},"canonical":"https:\/\/regiaonews.net.br\/2022\/2023\/03\/21\/pm-orienta-proprietarios-bicicletas-eletricas-e-ciclomotores-sobre-regulamentacoes\/","og_locale":"pt_BR","og_type":"article","og_title":"PM orienta propriet\u00e1rios bicicletas el\u00e9tricas e ciclomotores sobre regulamenta\u00e7\u00f5es - Regi\u00e3o News","og_description":"Acompanhando o aumento dos n\u00fameros de bicicletas el\u00e9tricas e ciclomotores","og_url":"https:\/\/regiaonews.net.br\/2022\/2023\/03\/21\/pm-orienta-proprietarios-bicicletas-eletricas-e-ciclomotores-sobre-regulamentacoes\/","og_site_name":"Regi\u00e3o News","article_published_time":"2023-03-22T01:05:32+00:00","og_image":[{"width":1600,"height":1069,"url":"https:\/\/regiaonews.net.br\/2022\/wp-content\/uploads\/2023\/03\/IMG-20230321-WA0497.jpg","type":"image\/jpeg"}],"author":"Roberto","twitter_card":"summary_large_image","twitter_misc":{"Escrito por":"Roberto","Est. tempo de leitura":"2 minutos"},"schema":{"@context":"https:\/\/schema.org","@graph":[{"@type":"Article","@id":"https:\/\/regiaonews.net.br\/2022\/2023\/03\/21\/pm-orienta-proprietarios-bicicletas-eletricas-e-ciclomotores-sobre-regulamentacoes\/#article","isPartOf":{"@id":"https:\/\/regiaonews.net.br\/2022\/2023\/03\/21\/pm-orienta-proprietarios-bicicletas-eletricas-e-ciclomotores-sobre-regulamentacoes\/"},"author":{"name":"Roberto","@id":"https:\/\/regiaonews.net.br\/2022\/#\/schema\/person\/2d205a608a5aa97ac279d7a5e6d89ad8"},"headline":"PM orienta propriet\u00e1rios bicicletas el\u00e9tricas e ciclomotores sobre regulamenta\u00e7\u00f5es","datePublished":"2023-03-22T01:05:32+00:00","mainEntityOfPage":{"@id":"https:\/\/regiaonews.net.br\/2022\/2023\/03\/21\/pm-orienta-proprietarios-bicicletas-eletricas-e-ciclomotores-sobre-regulamentacoes\/"},"wordCount":381,"commentCount":0,"publisher":{"@id":"https:\/\/regiaonews.net.br\/2022\/#organization"},"image":{"@id":"https:\/\/regiaonews.net.br\/2022\/2023\/03\/21\/pm-orienta-proprietarios-bicicletas-eletricas-e-ciclomotores-sobre-regulamentacoes\/#primaryimage"},"thumbnailUrl":"https:\/\/regiaonews.net.br\/2022\/wp-content\/uploads\/2023\/03\/IMG-20230321-WA0497.jpg","articleSection":["Barretos","Policia"],"inLanguage":"pt-BR","potentialAction":[{"@type":"CommentAction","name":"Comment","target":["https:\/\/regiaonews.net.br\/2022\/2023\/03\/21\/pm-orienta-proprietarios-bicicletas-eletricas-e-ciclomotores-sobre-regulamentacoes\/#respond"]}]},{"@type":"WebPage","@id":"https:\/\/regiaonews.net.br\/2022\/2023\/03\/21\/pm-orienta-proprietarios-bicicletas-eletricas-e-ciclomotores-sobre-regulamentacoes\/","url":"https:\/\/regiaonews.net.br\/2022\/2023\/03\/21\/pm-orienta-proprietarios-bicicletas-eletricas-e-ciclomotores-sobre-regulamentacoes\/","name":"PM orienta propriet\u00e1rios bicicletas el\u00e9tricas e ciclomotores sobre regulamenta\u00e7\u00f5es - Regi\u00e3o News","isPartOf":{"@id":"https:\/\/regiaonews.net.br\/2022\/#website"},"primaryImageOfPage":{"@id":"https:\/\/regiaonews.net.br\/2022\/2023\/03\/21\/pm-orienta-proprietarios-bicicletas-eletricas-e-ciclomotores-sobre-regulamentacoes\/#primaryimage"},"image":{"@id":"https:\/\/regiaonews.net.br\/2022\/2023\/03\/21\/pm-orienta-proprietarios-bicicletas-eletricas-e-ciclomotores-sobre-regulamentacoes\/#primaryimage"},"thumbnailUrl":"https:\/\/regiaonews.net.br\/2022\/wp-content\/uploads\/2023\/03\/IMG-20230321-WA0497.jpg","datePublished":"2023-03-22T01:05:32+00:00","breadcrumb":{"@id":"https:\/\/regiaonews.net.br\/2022\/2023\/03\/21\/pm-orienta-proprietarios-bicicletas-eletricas-e-ciclomotores-sobre-regulamentacoes\/#breadcrumb"},"inLanguage":"pt-BR","potentialAction":[{"@type":"ReadAction","target":["https:\/\/regiaonews.net.br\/2022\/2023\/03\/21\/pm-orienta-proprietarios-bicicletas-eletricas-e-ciclomotores-sobre-regulamentacoes\/"]}]},{"@type":"ImageObject","inLanguage":"pt-BR","@id":"https:\/\/regiaonews.net.br\/2022\/2023\/03\/21\/pm-orienta-proprietarios-bicicletas-eletricas-e-ciclomotores-sobre-regulamentacoes\/#primaryimage","url":"https:\/\/regiaonews.net.br\/2022\/wp-content\/uploads\/2023\/03\/IMG-20230321-WA0497.jpg","contentUrl":"https:\/\/regiaonews.net.br\/2022\/wp-content\/uploads\/2023\/03\/IMG-20230321-WA0497.jpg","width":1600,"height":1069},{"@type":"BreadcrumbList","@id":"https:\/\/regiaonews.net.br\/2022\/2023\/03\/21\/pm-orienta-proprietarios-bicicletas-eletricas-e-ciclomotores-sobre-regulamentacoes\/#breadcrumb","itemListElement":[{"@type":"ListItem","position":1,"name":"In\u00edcio","item":"https:\/\/regiaonews.net.br\/2022\/"},{"@type":"ListItem","position":2,"name":"PM orienta propriet\u00e1rios bicicletas el\u00e9tricas e ciclomotores sobre regulamenta\u00e7\u00f5es"}]},{"@type":"WebSite","@id":"https:\/\/regiaonews.net.br\/2022\/#website","url":"https:\/\/regiaonews.net.br\/2022\/","name":"Regi\u00e3o News","description":"Site de Not\u00edcias de Barretos e regi\u00e3o","publisher":{"@id":"https:\/\/regiaonews.net.br\/2022\/#organization"},"potentialAction":[{"@type":"SearchAction","target":{"@type":"EntryPoint","urlTemplate":"https:\/\/regiaonews.net.br\/2022\/?s={search_term_string}"},"query-input":{"@type":"PropertyValueSpecification","valueRequired":true,"valueName":"search_term_string"}}],"inLanguage":"pt-BR"},{"@type":"Organization","@id":"https:\/\/regiaonews.net.br\/2022\/#organization","name":"Regi\u00e3o News","url":"https:\/\/regiaonews.net.br\/2022\/","logo":{"@type":"ImageObject","inLanguage":"pt-BR","@id":"https:\/\/regiaonews.net.br\/2022\/#\/schema\/logo\/image\/","url":"https:\/\/regiaonews.net.br\/2022\/wp-content\/uploads\/2026\/03\/regiao-13-anos-scaled.jpg","contentUrl":"https:\/\/regiaonews.net.br\/2022\/wp-content\/uploads\/2026\/03\/regiao-13-anos-scaled.jpg","width":2560,"height":635,"caption":"Regi\u00e3o News"},"image":{"@id":"https:\/\/regiaonews.net.br\/2022\/#\/schema\/logo\/image\/"}},{"@type":"Person","@id":"https:\/\/regiaonews.net.br\/2022\/#\/schema\/person\/2d205a608a5aa97ac279d7a5e6d89ad8","name":"Roberto","image":{"@type":"ImageObject","inLanguage":"pt-BR","@id":"https:\/\/secure.gravatar.com\/avatar\/42749d8b712ff9d59ca93dc150494e5b55a44134482993f5baeb97e61b7ecc89?s=96&d=mm&r=g","url":"https:\/\/secure.gravatar.com\/avatar\/42749d8b712ff9d59ca93dc150494e5b55a44134482993f5baeb97e61b7ecc89?s=96&d=mm&r=g","contentUrl":"https:\/\/secure.gravatar.com\/avatar\/42749d8b712ff9d59ca93dc150494e5b55a44134482993f5baeb97e61b7ecc89?s=96&d=mm&r=g","caption":"Roberto"},"url":"https:\/\/regiaonews.net.br\/2022\/author\/roberto\/"}]}},"publishpress_future_action":{"enabled":false,"date":"2026-05-02 02:06:17","action":"change-status","newStatus":"draft","terms":[],"taxonomy":"category","extraData":[]},"publishpress_future_workflow_manual_trigger":{"enabledWorkflows":[]},"_links":{"self":[{"href":"https:\/\/regiaonews.net.br\/2022\/wp-json\/wp\/v2\/posts\/85553","targetHints":{"allow":["GET"]}}],"collection":[{"href":"https:\/\/regiaonews.net.br\/2022\/wp-json\/wp\/v2\/posts"}],"about":[{"href":"https:\/\/regiaonews.net.br\/2022\/wp-json\/wp\/v2\/types\/post"}],"author":[{"embeddable":true,"href":"https:\/\/regiaonews.net.br\/2022\/wp-json\/wp\/v2\/users\/2"}],"replies":[{"embeddable":true,"href":"https:\/\/regiaonews.net.br\/2022\/wp-json\/wp\/v2\/comments?post=85553"}],"version-history":[{"count":1,"href":"https:\/\/regiaonews.net.br\/2022\/wp-json\/wp\/v2\/posts\/85553\/revisions"}],"predecessor-version":[{"id":85555,"href":"https:\/\/regiaonews.net.br\/2022\/wp-json\/wp\/v2\/posts\/85553\/revisions\/85555"}],"wp:featuredmedia":[{"embeddable":true,"href":"https:\/\/regiaonews.net.br\/2022\/wp-json\/wp\/v2\/media\/85554"}],"wp:attachment":[{"href":"https:\/\/regiaonews.net.br\/2022\/wp-json\/wp\/v2\/media?parent=85553"}],"wp:term":[{"taxonomy":"category","embeddable":true,"href":"https:\/\/regiaonews.net.br\/2022\/wp-json\/wp\/v2\/categories?post=85553"},{"taxonomy":"post_tag","embeddable":true,"href":"https:\/\/regiaonews.net.br\/2022\/wp-json\/wp\/v2\/tags?post=85553"}],"curies":[{"name":"wp","href":"https:\/\/api.w.org\/{rel}","templated":true}]}}