{"id":85549,"date":"2023-03-21T20:15:04","date_gmt":"2023-03-21T23:15:04","guid":{"rendered":"https:\/\/regiaonews.net.br\/2022\/?p=85549"},"modified":"2023-03-21T20:15:04","modified_gmt":"2023-03-21T23:15:04","slug":"shopping-iguatemi-sao-jose-do-rio-preto-recebe-mais-uma-edicao-do-pet-day","status":"publish","type":"post","link":"https:\/\/regiaonews.net.br\/2022\/2023\/03\/21\/shopping-iguatemi-sao-jose-do-rio-preto-recebe-mais-uma-edicao-do-pet-day\/","title":{"rendered":"Shopping Iguatemi S\u00e3o Jos\u00e9 do Rio Preto recebe mais uma edi\u00e7\u00e3o do Pet Day"},"content":{"rendered":"<p align=\"center\"><a href=\"https:\/\/regiaonews.net.br\/2022\/wp-content\/uploads\/2023\/03\/8a32611b2f7bc64408e418e65c39511elow.jpeg\"><img loading=\"lazy\" decoding=\"async\" class=\"alignnone size-medium wp-image-85550\" src=\"https:\/\/regiaonews.net.br\/2022\/wp-content\/uploads\/2023\/03\/8a32611b2f7bc64408e418e65c39511elow-300x200.jpeg\" alt=\"\" width=\"300\" height=\"200\" srcset=\"https:\/\/regiaonews.net.br\/2022\/wp-content\/uploads\/2023\/03\/8a32611b2f7bc64408e418e65c39511elow-300x200.jpeg 300w, https:\/\/regiaonews.net.br\/2022\/wp-content\/uploads\/2023\/03\/8a32611b2f7bc64408e418e65c39511elow-768x512.jpeg 768w, https:\/\/regiaonews.net.br\/2022\/wp-content\/uploads\/2023\/03\/8a32611b2f7bc64408e418e65c39511elow-250x167.jpeg 250w, https:\/\/regiaonews.net.br\/2022\/wp-content\/uploads\/2023\/03\/8a32611b2f7bc64408e418e65c39511elow.jpeg 800w\" sizes=\"auto, (max-width: 300px) 100vw, 300px\" \/><\/a><\/p>\n<p align=\"center\"><i>Evento gratuito<\/i><strong>\u00a0<\/strong><i>promete trazer muita divers\u00e3o e experi\u00eancias \u00fanicas para tutores e seus pets<\/i><\/p>\n<p><br aria-hidden=\"true\" \/><strong>\u00a0<\/strong>Refor\u00e7ando o seu DNA de proporcionar experi\u00eancias \u00fanicas de lazer e entretenimento para seus clientes, neste final de semana, dias 24, 25 e 26 de mar\u00e7os, o Shopping Iguatemi S\u00e3o Jos\u00e9 do Rio Preto e Adaptil promovem a 3\u00aa edi\u00e7\u00e3o do Pet Day, destinado especialmente para os bichinhos de estima\u00e7\u00e3o e seus tutores.<br aria-hidden=\"true\" \/><\/p>\n<p>Com uma programa\u00e7\u00e3o completa e gratuita, pets e seus tutores poder\u00e3o aproveitar as atividades oferecidas no evento que v\u00e3o desde oficinas, agility, picture spot, feirinha de ado\u00e7\u00e3o, caricatura, colora\u00e7\u00e3o, anivers\u00e1rio pet e at\u00e9 massagem. Al\u00e9m de algumas a\u00e7\u00f5es da Cobasi como marca parceira.<br aria-hidden=\"true\" \/><\/p>\n<p>\u201cEm nossas a\u00e7\u00f5es, buscamos sempre inovar e proporcionar novos momentos para os nossos clientes e a promo\u00e7\u00e3o deste evento est\u00e1 muito alinhada a isso. Somos um shopping em que os animais s\u00e3o bem-vindos todos os dias e essa iniciativa vai agregar ainda mais \u00e0 experi\u00eancia dos bichinhos conosco\u201d, afirma Flavia Lania, gerente de marketing do Iguatemi S\u00e3o Jos\u00e9 do Rio Preto.\u00a0<br aria-hidden=\"true\" \/><\/p>\n<p>O Pet Day ser\u00e1 realizado sexta e s\u00e1bado das 10h \u00e0s 22h, e domingo das 14h \u00e0s 20h (hor\u00e1rio de funcionamento do shopping),\u00a0no Piso t\u00e9rreo, ao lado da loja PONTO.\u00a0Algumas das atividades s\u00e3o por ordem de chegada.\u00a0\u00a0\u00a0\u00a0\u00a0<br aria-hidden=\"true\" \/><\/p>\n<p><strong>PROGRAME-SE<\/strong><br aria-hidden=\"true\" \/><strong>Pet Day<\/strong>\u00a0<strong>no Shopping Iguatemi S\u00e3o Jos\u00e9 do Rio Preto<\/strong><\/p>\n<p><strong>Onde:\u00a0<\/strong>Piso t\u00e9rreo, ao lado da loja PONTO<br aria-hidden=\"true\" \/><strong>Datas:<\/strong>\u00a024, 25 e 26 de mar\u00e7o<br aria-hidden=\"true\" \/><strong>Hor\u00e1rios<\/strong>:\u00a0sexta e s\u00e1bado das 10h \u00e0s 22h, e domingo das 14h \u00e0s 20h<br aria-hidden=\"true\" \/><strong>Entrada:\u00a0<\/strong>gratuita<\/p>\n<p><strong>Mais informa\u00e7\u00f5es:\u00a0<\/strong><a href=\"https:\/\/www.iguatemi.com.br\/saojosedoriopreto\" target=\"_blank\" rel=\"noopener noreferrer\" data-auth=\"NotApplicable\" data-linkindex=\"0\">Site oficial<\/a>\u00a0e nas redes sociais do @iguatemiriopreto<\/p>\n<p>&nbsp;<\/p>\n<p><strong>Sobre o Iguatemi S\u00e3o Jos\u00e9 do Rio Preto<\/strong><\/p>\n<p>Considerado o primeiro e maior complexo multiuso do Noroeste Paulista, o Iguatemi S\u00e3o Jos\u00e9 do Rio Preto pertence \u00e0 Iguatemi S.A e carrega a excel\u00eancia e pioneirismo da marca em seu DNA. O empreendimento re\u00fane moda, arte, cultura, gastronomia, entretenimento, lazer, servi\u00e7os exclusivos, e conta com o hotel Hyatt Place, uma torre comercial (Iguatemi Business) e o residencial Integrado. Com um ambiente agrad\u00e1vel e aconchegante, pensado para proporcionar experi\u00eancias \u00fanicas e exclusivas, o Iguatemi S\u00e3o Jos\u00e9 do Rio Preto oferece um mix diversificado com marcas conceituadas do varejo nacional e internacional, entretenimento exclusivo e restaurantes renomados que o consolidaram como o principal polo gastron\u00f4mico da regi\u00e3o.<\/p>\n","protected":false},"excerpt":{"rendered":"<p>Evento gratuito\u00a0promete trazer muita divers\u00e3o e experi\u00eancias \u00fanicas para tutores<\/p>\n","protected":false},"author":2,"featured_media":85551,"comment_status":"open","ping_status":"open","sticky":false,"template":"","format":"standard","meta":{"footnotes":""},"categories":[25,38],"tags":[],"class_list":["post-85549","post","type-post","status-publish","format-standard","has-post-thumbnail","hentry","category-cidades","category-sao-jose-do-rio-preto"],"yoast_head":"<!-- This site is optimized with the Yoast SEO plugin v27.4 - https:\/\/yoast.com\/product\/yoast-seo-wordpress\/ -->\n<title>Shopping Iguatemi S\u00e3o Jos\u00e9 do Rio Preto recebe mais uma edi\u00e7\u00e3o do Pet Day - Regi\u00e3o News<\/title>\n<meta name=\"robots\" content=\"index, follow, max-snippet:-1, max-image-preview:large, max-video-preview:-1\" \/>\n<link rel=\"canonical\" href=\"https:\/\/regiaonews.net.br\/2022\/2023\/03\/21\/shopping-iguatemi-sao-jose-do-rio-preto-recebe-mais-uma-edicao-do-pet-day\/\" \/>\n<meta property=\"og:locale\" content=\"pt_BR\" \/>\n<meta property=\"og:type\" content=\"article\" \/>\n<meta property=\"og:title\" content=\"Shopping Iguatemi S\u00e3o Jos\u00e9 do Rio Preto recebe mais uma edi\u00e7\u00e3o do Pet Day - Regi\u00e3o News\" \/>\n<meta property=\"og:description\" content=\"Evento gratuito\u00a0promete trazer muita divers\u00e3o e experi\u00eancias \u00fanicas para tutores\" \/>\n<meta property=\"og:url\" content=\"https:\/\/regiaonews.net.br\/2022\/2023\/03\/21\/shopping-iguatemi-sao-jose-do-rio-preto-recebe-mais-uma-edicao-do-pet-day\/\" \/>\n<meta property=\"og:site_name\" content=\"Regi\u00e3o News\" \/>\n<meta property=\"article:published_time\" content=\"2023-03-21T23:15:04+00:00\" \/>\n<meta property=\"og:image\" content=\"https:\/\/regiaonews.net.br\/2022\/wp-content\/uploads\/2023\/03\/71156881c52228859677d938c92615aflow.jpeg\" \/>\n\t<meta property=\"og:image:width\" content=\"800\" \/>\n\t<meta property=\"og:image:height\" content=\"533\" \/>\n\t<meta property=\"og:image:type\" content=\"image\/jpeg\" \/>\n<meta name=\"author\" content=\"Roberto\" \/>\n<meta name=\"twitter:card\" content=\"summary_large_image\" \/>\n<meta name=\"twitter:label1\" content=\"Escrito por\" \/>\n\t<meta name=\"twitter:data1\" content=\"Roberto\" \/>\n\t<meta name=\"twitter:label2\" content=\"Est. tempo de leitura\" \/>\n\t<meta name=\"twitter:data2\" content=\"3 minutos\" \/>\n<script type=\"application\/ld+json\" class=\"yoast-schema-graph\">{\"@context\":\"https:\\\/\\\/schema.org\",\"@graph\":[{\"@type\":\"Article\",\"@id\":\"https:\\\/\\\/regiaonews.net.br\\\/2022\\\/2023\\\/03\\\/21\\\/shopping-iguatemi-sao-jose-do-rio-preto-recebe-mais-uma-edicao-do-pet-day\\\/#article\",\"isPartOf\":{\"@id\":\"https:\\\/\\\/regiaonews.net.br\\\/2022\\\/2023\\\/03\\\/21\\\/shopping-iguatemi-sao-jose-do-rio-preto-recebe-mais-uma-edicao-do-pet-day\\\/\"},\"author\":{\"name\":\"Roberto\",\"@id\":\"https:\\\/\\\/regiaonews.net.br\\\/2022\\\/#\\\/schema\\\/person\\\/2d205a608a5aa97ac279d7a5e6d89ad8\"},\"headline\":\"Shopping Iguatemi S\u00e3o Jos\u00e9 do Rio Preto recebe mais uma edi\u00e7\u00e3o do Pet Day\",\"datePublished\":\"2023-03-21T23:15:04+00:00\",\"mainEntityOfPage\":{\"@id\":\"https:\\\/\\\/regiaonews.net.br\\\/2022\\\/2023\\\/03\\\/21\\\/shopping-iguatemi-sao-jose-do-rio-preto-recebe-mais-uma-edicao-do-pet-day\\\/\"},\"wordCount\":426,\"commentCount\":0,\"publisher\":{\"@id\":\"https:\\\/\\\/regiaonews.net.br\\\/2022\\\/#organization\"},\"image\":{\"@id\":\"https:\\\/\\\/regiaonews.net.br\\\/2022\\\/2023\\\/03\\\/21\\\/shopping-iguatemi-sao-jose-do-rio-preto-recebe-mais-uma-edicao-do-pet-day\\\/#primaryimage\"},\"thumbnailUrl\":\"https:\\\/\\\/regiaonews.net.br\\\/2022\\\/wp-content\\\/uploads\\\/2023\\\/03\\\/71156881c52228859677d938c92615aflow.jpeg\",\"articleSection\":[\"Cidades\",\"S\u00e3o Jos\u00e9 do RIo Preto\"],\"inLanguage\":\"pt-BR\",\"potentialAction\":[{\"@type\":\"CommentAction\",\"name\":\"Comment\",\"target\":[\"https:\\\/\\\/regiaonews.net.br\\\/2022\\\/2023\\\/03\\\/21\\\/shopping-iguatemi-sao-jose-do-rio-preto-recebe-mais-uma-edicao-do-pet-day\\\/#respond\"]}]},{\"@type\":\"WebPage\",\"@id\":\"https:\\\/\\\/regiaonews.net.br\\\/2022\\\/2023\\\/03\\\/21\\\/shopping-iguatemi-sao-jose-do-rio-preto-recebe-mais-uma-edicao-do-pet-day\\\/\",\"url\":\"https:\\\/\\\/regiaonews.net.br\\\/2022\\\/2023\\\/03\\\/21\\\/shopping-iguatemi-sao-jose-do-rio-preto-recebe-mais-uma-edicao-do-pet-day\\\/\",\"name\":\"Shopping Iguatemi S\u00e3o Jos\u00e9 do Rio Preto recebe mais uma edi\u00e7\u00e3o do Pet Day - Regi\u00e3o News\",\"isPartOf\":{\"@id\":\"https:\\\/\\\/regiaonews.net.br\\\/2022\\\/#website\"},\"primaryImageOfPage\":{\"@id\":\"https:\\\/\\\/regiaonews.net.br\\\/2022\\\/2023\\\/03\\\/21\\\/shopping-iguatemi-sao-jose-do-rio-preto-recebe-mais-uma-edicao-do-pet-day\\\/#primaryimage\"},\"image\":{\"@id\":\"https:\\\/\\\/regiaonews.net.br\\\/2022\\\/2023\\\/03\\\/21\\\/shopping-iguatemi-sao-jose-do-rio-preto-recebe-mais-uma-edicao-do-pet-day\\\/#primaryimage\"},\"thumbnailUrl\":\"https:\\\/\\\/regiaonews.net.br\\\/2022\\\/wp-content\\\/uploads\\\/2023\\\/03\\\/71156881c52228859677d938c92615aflow.jpeg\",\"datePublished\":\"2023-03-21T23:15:04+00:00\",\"breadcrumb\":{\"@id\":\"https:\\\/\\\/regiaonews.net.br\\\/2022\\\/2023\\\/03\\\/21\\\/shopping-iguatemi-sao-jose-do-rio-preto-recebe-mais-uma-edicao-do-pet-day\\\/#breadcrumb\"},\"inLanguage\":\"pt-BR\",\"potentialAction\":[{\"@type\":\"ReadAction\",\"target\":[\"https:\\\/\\\/regiaonews.net.br\\\/2022\\\/2023\\\/03\\\/21\\\/shopping-iguatemi-sao-jose-do-rio-preto-recebe-mais-uma-edicao-do-pet-day\\\/\"]}]},{\"@type\":\"ImageObject\",\"inLanguage\":\"pt-BR\",\"@id\":\"https:\\\/\\\/regiaonews.net.br\\\/2022\\\/2023\\\/03\\\/21\\\/shopping-iguatemi-sao-jose-do-rio-preto-recebe-mais-uma-edicao-do-pet-day\\\/#primaryimage\",\"url\":\"https:\\\/\\\/regiaonews.net.br\\\/2022\\\/wp-content\\\/uploads\\\/2023\\\/03\\\/71156881c52228859677d938c92615aflow.jpeg\",\"contentUrl\":\"https:\\\/\\\/regiaonews.net.br\\\/2022\\\/wp-content\\\/uploads\\\/2023\\\/03\\\/71156881c52228859677d938c92615aflow.jpeg\",\"width\":800,\"height\":533},{\"@type\":\"BreadcrumbList\",\"@id\":\"https:\\\/\\\/regiaonews.net.br\\\/2022\\\/2023\\\/03\\\/21\\\/shopping-iguatemi-sao-jose-do-rio-preto-recebe-mais-uma-edicao-do-pet-day\\\/#breadcrumb\",\"itemListElement\":[{\"@type\":\"ListItem\",\"position\":1,\"name\":\"In\u00edcio\",\"item\":\"https:\\\/\\\/regiaonews.net.br\\\/2022\\\/\"},{\"@type\":\"ListItem\",\"position\":2,\"name\":\"Shopping Iguatemi S\u00e3o Jos\u00e9 do Rio Preto recebe mais uma edi\u00e7\u00e3o do Pet Day\"}]},{\"@type\":\"WebSite\",\"@id\":\"https:\\\/\\\/regiaonews.net.br\\\/2022\\\/#website\",\"url\":\"https:\\\/\\\/regiaonews.net.br\\\/2022\\\/\",\"name\":\"Regi\u00e3o News\",\"description\":\"Site de Not\u00edcias de Barretos e regi\u00e3o\",\"publisher\":{\"@id\":\"https:\\\/\\\/regiaonews.net.br\\\/2022\\\/#organization\"},\"potentialAction\":[{\"@type\":\"SearchAction\",\"target\":{\"@type\":\"EntryPoint\",\"urlTemplate\":\"https:\\\/\\\/regiaonews.net.br\\\/2022\\\/?s={search_term_string}\"},\"query-input\":{\"@type\":\"PropertyValueSpecification\",\"valueRequired\":true,\"valueName\":\"search_term_string\"}}],\"inLanguage\":\"pt-BR\"},{\"@type\":\"Organization\",\"@id\":\"https:\\\/\\\/regiaonews.net.br\\\/2022\\\/#organization\",\"name\":\"Regi\u00e3o News\",\"url\":\"https:\\\/\\\/regiaonews.net.br\\\/2022\\\/\",\"logo\":{\"@type\":\"ImageObject\",\"inLanguage\":\"pt-BR\",\"@id\":\"https:\\\/\\\/regiaonews.net.br\\\/2022\\\/#\\\/schema\\\/logo\\\/image\\\/\",\"url\":\"https:\\\/\\\/regiaonews.net.br\\\/2022\\\/wp-content\\\/uploads\\\/2026\\\/03\\\/regiao-13-anos-scaled.jpg\",\"contentUrl\":\"https:\\\/\\\/regiaonews.net.br\\\/2022\\\/wp-content\\\/uploads\\\/2026\\\/03\\\/regiao-13-anos-scaled.jpg\",\"width\":2560,\"height\":635,\"caption\":\"Regi\u00e3o News\"},\"image\":{\"@id\":\"https:\\\/\\\/regiaonews.net.br\\\/2022\\\/#\\\/schema\\\/logo\\\/image\\\/\"}},{\"@type\":\"Person\",\"@id\":\"https:\\\/\\\/regiaonews.net.br\\\/2022\\\/#\\\/schema\\\/person\\\/2d205a608a5aa97ac279d7a5e6d89ad8\",\"name\":\"Roberto\",\"image\":{\"@type\":\"ImageObject\",\"inLanguage\":\"pt-BR\",\"@id\":\"https:\\\/\\\/secure.gravatar.com\\\/avatar\\\/42749d8b712ff9d59ca93dc150494e5b55a44134482993f5baeb97e61b7ecc89?s=96&d=mm&r=g\",\"url\":\"https:\\\/\\\/secure.gravatar.com\\\/avatar\\\/42749d8b712ff9d59ca93dc150494e5b55a44134482993f5baeb97e61b7ecc89?s=96&d=mm&r=g\",\"contentUrl\":\"https:\\\/\\\/secure.gravatar.com\\\/avatar\\\/42749d8b712ff9d59ca93dc150494e5b55a44134482993f5baeb97e61b7ecc89?s=96&d=mm&r=g\",\"caption\":\"Roberto\"},\"url\":\"https:\\\/\\\/regiaonews.net.br\\\/2022\\\/author\\\/roberto\\\/\"}]}<\/script>\n<!-- \/ Yoast SEO plugin. -->","yoast_head_json":{"title":"Shopping Iguatemi S\u00e3o Jos\u00e9 do Rio Preto recebe mais uma edi\u00e7\u00e3o do Pet Day - Regi\u00e3o News","robots":{"index":"index","follow":"follow","max-snippet":"max-snippet:-1","max-image-preview":"max-image-preview:large","max-video-preview":"max-video-preview:-1"},"canonical":"https:\/\/regiaonews.net.br\/2022\/2023\/03\/21\/shopping-iguatemi-sao-jose-do-rio-preto-recebe-mais-uma-edicao-do-pet-day\/","og_locale":"pt_BR","og_type":"article","og_title":"Shopping Iguatemi S\u00e3o Jos\u00e9 do Rio Preto recebe mais uma edi\u00e7\u00e3o do Pet Day - Regi\u00e3o News","og_description":"Evento gratuito\u00a0promete trazer muita divers\u00e3o e experi\u00eancias \u00fanicas para tutores","og_url":"https:\/\/regiaonews.net.br\/2022\/2023\/03\/21\/shopping-iguatemi-sao-jose-do-rio-preto-recebe-mais-uma-edicao-do-pet-day\/","og_site_name":"Regi\u00e3o News","article_published_time":"2023-03-21T23:15:04+00:00","og_image":[{"width":800,"height":533,"url":"https:\/\/regiaonews.net.br\/2022\/wp-content\/uploads\/2023\/03\/71156881c52228859677d938c92615aflow.jpeg","type":"image\/jpeg"}],"author":"Roberto","twitter_card":"summary_large_image","twitter_misc":{"Escrito por":"Roberto","Est. tempo de leitura":"3 minutos"},"schema":{"@context":"https:\/\/schema.org","@graph":[{"@type":"Article","@id":"https:\/\/regiaonews.net.br\/2022\/2023\/03\/21\/shopping-iguatemi-sao-jose-do-rio-preto-recebe-mais-uma-edicao-do-pet-day\/#article","isPartOf":{"@id":"https:\/\/regiaonews.net.br\/2022\/2023\/03\/21\/shopping-iguatemi-sao-jose-do-rio-preto-recebe-mais-uma-edicao-do-pet-day\/"},"author":{"name":"Roberto","@id":"https:\/\/regiaonews.net.br\/2022\/#\/schema\/person\/2d205a608a5aa97ac279d7a5e6d89ad8"},"headline":"Shopping Iguatemi S\u00e3o Jos\u00e9 do Rio Preto recebe mais uma edi\u00e7\u00e3o do Pet Day","datePublished":"2023-03-21T23:15:04+00:00","mainEntityOfPage":{"@id":"https:\/\/regiaonews.net.br\/2022\/2023\/03\/21\/shopping-iguatemi-sao-jose-do-rio-preto-recebe-mais-uma-edicao-do-pet-day\/"},"wordCount":426,"commentCount":0,"publisher":{"@id":"https:\/\/regiaonews.net.br\/2022\/#organization"},"image":{"@id":"https:\/\/regiaonews.net.br\/2022\/2023\/03\/21\/shopping-iguatemi-sao-jose-do-rio-preto-recebe-mais-uma-edicao-do-pet-day\/#primaryimage"},"thumbnailUrl":"https:\/\/regiaonews.net.br\/2022\/wp-content\/uploads\/2023\/03\/71156881c52228859677d938c92615aflow.jpeg","articleSection":["Cidades","S\u00e3o Jos\u00e9 do RIo Preto"],"inLanguage":"pt-BR","potentialAction":[{"@type":"CommentAction","name":"Comment","target":["https:\/\/regiaonews.net.br\/2022\/2023\/03\/21\/shopping-iguatemi-sao-jose-do-rio-preto-recebe-mais-uma-edicao-do-pet-day\/#respond"]}]},{"@type":"WebPage","@id":"https:\/\/regiaonews.net.br\/2022\/2023\/03\/21\/shopping-iguatemi-sao-jose-do-rio-preto-recebe-mais-uma-edicao-do-pet-day\/","url":"https:\/\/regiaonews.net.br\/2022\/2023\/03\/21\/shopping-iguatemi-sao-jose-do-rio-preto-recebe-mais-uma-edicao-do-pet-day\/","name":"Shopping Iguatemi S\u00e3o Jos\u00e9 do Rio Preto recebe mais uma edi\u00e7\u00e3o do Pet Day - Regi\u00e3o News","isPartOf":{"@id":"https:\/\/regiaonews.net.br\/2022\/#website"},"primaryImageOfPage":{"@id":"https:\/\/regiaonews.net.br\/2022\/2023\/03\/21\/shopping-iguatemi-sao-jose-do-rio-preto-recebe-mais-uma-edicao-do-pet-day\/#primaryimage"},"image":{"@id":"https:\/\/regiaonews.net.br\/2022\/2023\/03\/21\/shopping-iguatemi-sao-jose-do-rio-preto-recebe-mais-uma-edicao-do-pet-day\/#primaryimage"},"thumbnailUrl":"https:\/\/regiaonews.net.br\/2022\/wp-content\/uploads\/2023\/03\/71156881c52228859677d938c92615aflow.jpeg","datePublished":"2023-03-21T23:15:04+00:00","breadcrumb":{"@id":"https:\/\/regiaonews.net.br\/2022\/2023\/03\/21\/shopping-iguatemi-sao-jose-do-rio-preto-recebe-mais-uma-edicao-do-pet-day\/#breadcrumb"},"inLanguage":"pt-BR","potentialAction":[{"@type":"ReadAction","target":["https:\/\/regiaonews.net.br\/2022\/2023\/03\/21\/shopping-iguatemi-sao-jose-do-rio-preto-recebe-mais-uma-edicao-do-pet-day\/"]}]},{"@type":"ImageObject","inLanguage":"pt-BR","@id":"https:\/\/regiaonews.net.br\/2022\/2023\/03\/21\/shopping-iguatemi-sao-jose-do-rio-preto-recebe-mais-uma-edicao-do-pet-day\/#primaryimage","url":"https:\/\/regiaonews.net.br\/2022\/wp-content\/uploads\/2023\/03\/71156881c52228859677d938c92615aflow.jpeg","contentUrl":"https:\/\/regiaonews.net.br\/2022\/wp-content\/uploads\/2023\/03\/71156881c52228859677d938c92615aflow.jpeg","width":800,"height":533},{"@type":"BreadcrumbList","@id":"https:\/\/regiaonews.net.br\/2022\/2023\/03\/21\/shopping-iguatemi-sao-jose-do-rio-preto-recebe-mais-uma-edicao-do-pet-day\/#breadcrumb","itemListElement":[{"@type":"ListItem","position":1,"name":"In\u00edcio","item":"https:\/\/regiaonews.net.br\/2022\/"},{"@type":"ListItem","position":2,"name":"Shopping Iguatemi S\u00e3o Jos\u00e9 do Rio Preto recebe mais uma edi\u00e7\u00e3o do Pet Day"}]},{"@type":"WebSite","@id":"https:\/\/regiaonews.net.br\/2022\/#website","url":"https:\/\/regiaonews.net.br\/2022\/","name":"Regi\u00e3o News","description":"Site de Not\u00edcias de Barretos e regi\u00e3o","publisher":{"@id":"https:\/\/regiaonews.net.br\/2022\/#organization"},"potentialAction":[{"@type":"SearchAction","target":{"@type":"EntryPoint","urlTemplate":"https:\/\/regiaonews.net.br\/2022\/?s={search_term_string}"},"query-input":{"@type":"PropertyValueSpecification","valueRequired":true,"valueName":"search_term_string"}}],"inLanguage":"pt-BR"},{"@type":"Organization","@id":"https:\/\/regiaonews.net.br\/2022\/#organization","name":"Regi\u00e3o News","url":"https:\/\/regiaonews.net.br\/2022\/","logo":{"@type":"ImageObject","inLanguage":"pt-BR","@id":"https:\/\/regiaonews.net.br\/2022\/#\/schema\/logo\/image\/","url":"https:\/\/regiaonews.net.br\/2022\/wp-content\/uploads\/2026\/03\/regiao-13-anos-scaled.jpg","contentUrl":"https:\/\/regiaonews.net.br\/2022\/wp-content\/uploads\/2026\/03\/regiao-13-anos-scaled.jpg","width":2560,"height":635,"caption":"Regi\u00e3o News"},"image":{"@id":"https:\/\/regiaonews.net.br\/2022\/#\/schema\/logo\/image\/"}},{"@type":"Person","@id":"https:\/\/regiaonews.net.br\/2022\/#\/schema\/person\/2d205a608a5aa97ac279d7a5e6d89ad8","name":"Roberto","image":{"@type":"ImageObject","inLanguage":"pt-BR","@id":"https:\/\/secure.gravatar.com\/avatar\/42749d8b712ff9d59ca93dc150494e5b55a44134482993f5baeb97e61b7ecc89?s=96&d=mm&r=g","url":"https:\/\/secure.gravatar.com\/avatar\/42749d8b712ff9d59ca93dc150494e5b55a44134482993f5baeb97e61b7ecc89?s=96&d=mm&r=g","contentUrl":"https:\/\/secure.gravatar.com\/avatar\/42749d8b712ff9d59ca93dc150494e5b55a44134482993f5baeb97e61b7ecc89?s=96&d=mm&r=g","caption":"Roberto"},"url":"https:\/\/regiaonews.net.br\/2022\/author\/roberto\/"}]}},"publishpress_future_action":{"enabled":false,"date":"2026-05-02 03:37:18","action":"change-status","newStatus":"draft","terms":[],"taxonomy":"category","extraData":[]},"publishpress_future_workflow_manual_trigger":{"enabledWorkflows":[]},"_links":{"self":[{"href":"https:\/\/regiaonews.net.br\/2022\/wp-json\/wp\/v2\/posts\/85549","targetHints":{"allow":["GET"]}}],"collection":[{"href":"https:\/\/regiaonews.net.br\/2022\/wp-json\/wp\/v2\/posts"}],"about":[{"href":"https:\/\/regiaonews.net.br\/2022\/wp-json\/wp\/v2\/types\/post"}],"author":[{"embeddable":true,"href":"https:\/\/regiaonews.net.br\/2022\/wp-json\/wp\/v2\/users\/2"}],"replies":[{"embeddable":true,"href":"https:\/\/regiaonews.net.br\/2022\/wp-json\/wp\/v2\/comments?post=85549"}],"version-history":[{"count":1,"href":"https:\/\/regiaonews.net.br\/2022\/wp-json\/wp\/v2\/posts\/85549\/revisions"}],"predecessor-version":[{"id":85552,"href":"https:\/\/regiaonews.net.br\/2022\/wp-json\/wp\/v2\/posts\/85549\/revisions\/85552"}],"wp:featuredmedia":[{"embeddable":true,"href":"https:\/\/regiaonews.net.br\/2022\/wp-json\/wp\/v2\/media\/85551"}],"wp:attachment":[{"href":"https:\/\/regiaonews.net.br\/2022\/wp-json\/wp\/v2\/media?parent=85549"}],"wp:term":[{"taxonomy":"category","embeddable":true,"href":"https:\/\/regiaonews.net.br\/2022\/wp-json\/wp\/v2\/categories?post=85549"},{"taxonomy":"post_tag","embeddable":true,"href":"https:\/\/regiaonews.net.br\/2022\/wp-json\/wp\/v2\/tags?post=85549"}],"curies":[{"name":"wp","href":"https:\/\/api.w.org\/{rel}","templated":true}]}}