{"id":85545,"date":"2023-03-21T19:06:07","date_gmt":"2023-03-21T22:06:07","guid":{"rendered":"https:\/\/regiaonews.net.br\/2022\/?p=85545"},"modified":"2023-03-21T19:06:07","modified_gmt":"2023-03-21T22:06:07","slug":"laje-do-pavimento-terreo-do-novo-postao-comeca-a-ser-concretada","status":"publish","type":"post","link":"https:\/\/regiaonews.net.br\/2022\/2023\/03\/21\/laje-do-pavimento-terreo-do-novo-postao-comeca-a-ser-concretada\/","title":{"rendered":"Laje do pavimento t\u00e9rreo do novo \u201cPost\u00e3o\u201d come\u00e7a a ser concretada"},"content":{"rendered":"<p>Obras do Centro M\u00e9dico de Refer\u00eancia e Especialidades e de Aten\u00e7\u00e3o \u00e0 Mulher e \u00e0 Crian\u00e7a, com investimento superior a R$ 6,7 milh\u00f5es, avan\u00e7am e seguem para o piso superior<\/p>\n<p>A prefeita da Est\u00e2ncia Tur\u00edstica de Barretos, Paula Lemos, e o Secret\u00e1rio Municipal de Obras e Servi\u00e7os Urbanos, Raul Paganelli, realizaram na manh\u00e3 desta ter\u00e7a-feira, 21 de mar\u00e7o, uma visita t\u00e9cnica \u00e0s obras do Centro M\u00e9dico de Refer\u00eancia e Especialidades e de Aten\u00e7\u00e3o \u00e0 Mulher e \u00e0 Crian\u00e7a, o novo \u201cPost\u00e3o\u201d, cujas lajes do pavimento t\u00e9rreo come\u00e7aram a ser concretadas.<br \/>\n\u201cO novo Post\u00e3o ser\u00e1 refer\u00eancia em sa\u00fade para o barretense e n\u00e3o ser\u00e1 somente pela grandiosidade desta obra, mas tamb\u00e9m pelos equipamentos de ponta que estar\u00e3o \u00e0 disposi\u00e7\u00e3o. Nossa popula\u00e7\u00e3o merece o que h\u00e1 de melhor em estrutura e atendimento\u201d, comentou a prefeita Paula Lemos.<br \/>\nO investimento no novo Post\u00e3o \u00e9 de R$ 6.726.033,22, sendo R$ 3 milh\u00f5es em repasse da Secretaria de Desenvolvimento Regional do Estado de S\u00e3o Paulo e R$ 3.726.033,22 de contrapartida do munic\u00edpio, elevando a qualidade do atendimento \u00e0 sa\u00fade da popula\u00e7\u00e3o barretense, com uma estrutura f\u00edsica dotada de mais de 20 consult\u00f3rios, salas para realiza\u00e7\u00e3o de exames e procedimentos e amplo espa\u00e7o de conviv\u00eancia, em 3.110,58 m\u00b2 de \u00e1rea constru\u00edda.<br \/>\nSegundo o secret\u00e1rio de Obras, Raul Paganelli, a concretagem das lajes \u00e9 uma etapa importante para o andamento da obra. \u201cToda a parte de funda\u00e7\u00e3o j\u00e1 foi finalizada e, com a continuidade dos servi\u00e7os no pavimento t\u00e9rreo e a concretagem da laje iniciada hoje, poderemos em pouco tempo iniciar os trabalhos no pavimento superior\u201d, explicou.<br \/>\nA visita tamb\u00e9m contou com a presen\u00e7a de Agnelo Ferreira J\u00fanior, gerente de Engenharia da Solu\u00e7\u00f5es Servi\u00e7os Terceirizados Eireli, do engenheiro respons\u00e1vel pela obra, Guilherme Queiroz de Andrade, do Coordenador de Engenharia, Luiz Fernando da Silva, e do fiscal da prefeitura, Fernando Fernandes de Freitas.<br \/>\nAcessos diferenciados<br \/>\nO centro ser\u00e1 dividido em dois pavilh\u00f5es. O primeiro deles ser\u00e1 no t\u00e9rreo, com entrada pela Rua 34, e abrigar\u00e1 o Centro M\u00e9dico de Refer\u00eancia e Especialidades. Com pelo menos 14 consult\u00f3rios, \u00e1rea de apoio, farm\u00e1cia, recep\u00e7\u00e3o e salas de espera, o local tamb\u00e9m contar\u00e1 com salas para vacinas, aplica\u00e7\u00e3o de medicamentos, curativos e procedimentos, pequenas cirurgias, raios-x, ultrassonografia, eletrocardiograma e cardiotacografia.<br \/>\nCom acesso pela Avenida 25, os usu\u00e1rios dos servi\u00e7os de Aten\u00e7\u00e3o \u00e0 Mulher e \u00e0 Crian\u00e7a ser\u00e3o atendidos no pavimento superior do pr\u00e9dio, que abrigar\u00e1 ao menos 11 consult\u00f3rios e contar\u00e1 com atendimentos em ginecologia, pediatria, cardiopediatria, endocrinologia, neurologia e pneumologia. Al\u00e9m de oferecer servi\u00e7os de fonoaudiologia, psicologia, assist\u00eancia social, fisioterapia e terapia ocupacional. O departamento administrativo tamb\u00e9m ser\u00e1 instalado no pavimento superior, dispondo de salas de reuni\u00e3o, audit\u00f3rio, refeit\u00f3rio e sanit\u00e1rios.<br \/>\nEquipamentos de ponta<br \/>\nAl\u00e9m de um espa\u00e7o f\u00edsico moderno e preparado para um atendimento mais humanizado, os equipamentos adquiridos para a nova unidade tamb\u00e9m s\u00e3o de excel\u00eancia. O centro ser\u00e1 equipado com aparelho de Raios X com CPU de alto desempenho e monitor de alta resolu\u00e7\u00e3o ultrassom, eletroencefal\u00f3grafo, eletroneuromi\u00f3grafo, monitor multipar\u00e2metros, eletrocardi\u00f3grafo, sistema computadorizado para teste ergom\u00e9trico, unidades de foco refletor ambulatorial, cadeira oftalmol\u00f3gica, oftalmosc\u00f3pio, projetor oftalmol\u00f3gico, lens\u00f4metro, retinosc\u00f3pio, ton\u00f4metro, refrator de greens, oftalmosc\u00f3pio binocular indireto, coluna oftalmol\u00f3gica, aspirador de secre\u00e7\u00f5es el\u00e9trico m\u00f3vel, otosc\u00f3pio de sistema aberto, colposc\u00f3pio, balan\u00e7a antropom\u00e9trica, sistema para urodin\u00e2mica, foco cir\u00fargico de teto, bisturi el\u00e9trico, mesa cir\u00fargica mec\u00e2nica, camp\u00edmetro autorefrator, c\u00e2mara para conserva\u00e7\u00e3o de hemoderivados\/ imuno\/ termol\u00e1beis, carro de curativo, carro de emerg\u00eancia e autoclave.<br \/>\nTamb\u00e9m haver\u00e1 novas cadeiras para esperar o atendimento, computadores, impressoras laser comum e com padr\u00e3o de cor monocrom\u00e1tico, refrigerador, mesa para impressora, mesa ginecol\u00f3gica el\u00e9trica, mesas de exames, cadeiras de rodas adulto e especial para obeso, esfigmoman\u00f4metros adulto e especial para obeso.<\/p>\n","protected":false},"excerpt":{"rendered":"<p>Obras do Centro M\u00e9dico de Refer\u00eancia e Especialidades e de<\/p>\n","protected":false},"author":2,"featured_media":85546,"comment_status":"open","ping_status":"open","sticky":false,"template":"","format":"standard","meta":{"footnotes":""},"categories":[14,25],"tags":[],"class_list":["post-85545","post","type-post","status-publish","format-standard","has-post-thumbnail","hentry","category-barretos","category-cidades"],"yoast_head":"<!-- This site is optimized with the Yoast SEO plugin v27.4 - https:\/\/yoast.com\/product\/yoast-seo-wordpress\/ -->\n<title>Laje do pavimento t\u00e9rreo do novo \u201cPost\u00e3o\u201d come\u00e7a a ser concretada - Regi\u00e3o News<\/title>\n<meta name=\"robots\" content=\"index, follow, max-snippet:-1, max-image-preview:large, max-video-preview:-1\" \/>\n<link rel=\"canonical\" href=\"https:\/\/regiaonews.net.br\/2022\/2023\/03\/21\/laje-do-pavimento-terreo-do-novo-postao-comeca-a-ser-concretada\/\" \/>\n<meta property=\"og:locale\" content=\"pt_BR\" \/>\n<meta property=\"og:type\" content=\"article\" \/>\n<meta property=\"og:title\" content=\"Laje do pavimento t\u00e9rreo do novo \u201cPost\u00e3o\u201d come\u00e7a a ser concretada - Regi\u00e3o News\" \/>\n<meta property=\"og:description\" content=\"Obras do Centro M\u00e9dico de Refer\u00eancia e Especialidades e de\" \/>\n<meta property=\"og:url\" content=\"https:\/\/regiaonews.net.br\/2022\/2023\/03\/21\/laje-do-pavimento-terreo-do-novo-postao-comeca-a-ser-concretada\/\" \/>\n<meta property=\"og:site_name\" content=\"Regi\u00e3o News\" \/>\n<meta property=\"article:published_time\" content=\"2023-03-21T22:06:07+00:00\" \/>\n<meta property=\"og:image\" content=\"https:\/\/regiaonews.net.br\/2022\/wp-content\/uploads\/2023\/03\/WhatsApp-Image-2023-03-21-at-18.41.46.jpeg\" \/>\n\t<meta property=\"og:image:width\" content=\"1600\" \/>\n\t<meta property=\"og:image:height\" content=\"1068\" \/>\n\t<meta property=\"og:image:type\" content=\"image\/jpeg\" \/>\n<meta name=\"author\" content=\"Roberto\" \/>\n<meta name=\"twitter:card\" content=\"summary_large_image\" \/>\n<meta name=\"twitter:label1\" content=\"Escrito por\" \/>\n\t<meta name=\"twitter:data1\" content=\"Roberto\" \/>\n\t<meta name=\"twitter:label2\" content=\"Est. tempo de leitura\" \/>\n\t<meta name=\"twitter:data2\" content=\"4 minutos\" \/>\n<script type=\"application\/ld+json\" class=\"yoast-schema-graph\">{\"@context\":\"https:\\\/\\\/schema.org\",\"@graph\":[{\"@type\":\"Article\",\"@id\":\"https:\\\/\\\/regiaonews.net.br\\\/2022\\\/2023\\\/03\\\/21\\\/laje-do-pavimento-terreo-do-novo-postao-comeca-a-ser-concretada\\\/#article\",\"isPartOf\":{\"@id\":\"https:\\\/\\\/regiaonews.net.br\\\/2022\\\/2023\\\/03\\\/21\\\/laje-do-pavimento-terreo-do-novo-postao-comeca-a-ser-concretada\\\/\"},\"author\":{\"name\":\"Roberto\",\"@id\":\"https:\\\/\\\/regiaonews.net.br\\\/2022\\\/#\\\/schema\\\/person\\\/2d205a608a5aa97ac279d7a5e6d89ad8\"},\"headline\":\"Laje do pavimento t\u00e9rreo do novo \u201cPost\u00e3o\u201d come\u00e7a a ser concretada\",\"datePublished\":\"2023-03-21T22:06:07+00:00\",\"mainEntityOfPage\":{\"@id\":\"https:\\\/\\\/regiaonews.net.br\\\/2022\\\/2023\\\/03\\\/21\\\/laje-do-pavimento-terreo-do-novo-postao-comeca-a-ser-concretada\\\/\"},\"wordCount\":712,\"commentCount\":0,\"publisher\":{\"@id\":\"https:\\\/\\\/regiaonews.net.br\\\/2022\\\/#organization\"},\"image\":{\"@id\":\"https:\\\/\\\/regiaonews.net.br\\\/2022\\\/2023\\\/03\\\/21\\\/laje-do-pavimento-terreo-do-novo-postao-comeca-a-ser-concretada\\\/#primaryimage\"},\"thumbnailUrl\":\"https:\\\/\\\/regiaonews.net.br\\\/2022\\\/wp-content\\\/uploads\\\/2023\\\/03\\\/WhatsApp-Image-2023-03-21-at-18.41.46.jpeg\",\"articleSection\":[\"Barretos\",\"Cidades\"],\"inLanguage\":\"pt-BR\",\"potentialAction\":[{\"@type\":\"CommentAction\",\"name\":\"Comment\",\"target\":[\"https:\\\/\\\/regiaonews.net.br\\\/2022\\\/2023\\\/03\\\/21\\\/laje-do-pavimento-terreo-do-novo-postao-comeca-a-ser-concretada\\\/#respond\"]}]},{\"@type\":\"WebPage\",\"@id\":\"https:\\\/\\\/regiaonews.net.br\\\/2022\\\/2023\\\/03\\\/21\\\/laje-do-pavimento-terreo-do-novo-postao-comeca-a-ser-concretada\\\/\",\"url\":\"https:\\\/\\\/regiaonews.net.br\\\/2022\\\/2023\\\/03\\\/21\\\/laje-do-pavimento-terreo-do-novo-postao-comeca-a-ser-concretada\\\/\",\"name\":\"Laje do pavimento t\u00e9rreo do novo \u201cPost\u00e3o\u201d come\u00e7a a ser concretada - Regi\u00e3o News\",\"isPartOf\":{\"@id\":\"https:\\\/\\\/regiaonews.net.br\\\/2022\\\/#website\"},\"primaryImageOfPage\":{\"@id\":\"https:\\\/\\\/regiaonews.net.br\\\/2022\\\/2023\\\/03\\\/21\\\/laje-do-pavimento-terreo-do-novo-postao-comeca-a-ser-concretada\\\/#primaryimage\"},\"image\":{\"@id\":\"https:\\\/\\\/regiaonews.net.br\\\/2022\\\/2023\\\/03\\\/21\\\/laje-do-pavimento-terreo-do-novo-postao-comeca-a-ser-concretada\\\/#primaryimage\"},\"thumbnailUrl\":\"https:\\\/\\\/regiaonews.net.br\\\/2022\\\/wp-content\\\/uploads\\\/2023\\\/03\\\/WhatsApp-Image-2023-03-21-at-18.41.46.jpeg\",\"datePublished\":\"2023-03-21T22:06:07+00:00\",\"breadcrumb\":{\"@id\":\"https:\\\/\\\/regiaonews.net.br\\\/2022\\\/2023\\\/03\\\/21\\\/laje-do-pavimento-terreo-do-novo-postao-comeca-a-ser-concretada\\\/#breadcrumb\"},\"inLanguage\":\"pt-BR\",\"potentialAction\":[{\"@type\":\"ReadAction\",\"target\":[\"https:\\\/\\\/regiaonews.net.br\\\/2022\\\/2023\\\/03\\\/21\\\/laje-do-pavimento-terreo-do-novo-postao-comeca-a-ser-concretada\\\/\"]}]},{\"@type\":\"ImageObject\",\"inLanguage\":\"pt-BR\",\"@id\":\"https:\\\/\\\/regiaonews.net.br\\\/2022\\\/2023\\\/03\\\/21\\\/laje-do-pavimento-terreo-do-novo-postao-comeca-a-ser-concretada\\\/#primaryimage\",\"url\":\"https:\\\/\\\/regiaonews.net.br\\\/2022\\\/wp-content\\\/uploads\\\/2023\\\/03\\\/WhatsApp-Image-2023-03-21-at-18.41.46.jpeg\",\"contentUrl\":\"https:\\\/\\\/regiaonews.net.br\\\/2022\\\/wp-content\\\/uploads\\\/2023\\\/03\\\/WhatsApp-Image-2023-03-21-at-18.41.46.jpeg\",\"width\":1600,\"height\":1068},{\"@type\":\"BreadcrumbList\",\"@id\":\"https:\\\/\\\/regiaonews.net.br\\\/2022\\\/2023\\\/03\\\/21\\\/laje-do-pavimento-terreo-do-novo-postao-comeca-a-ser-concretada\\\/#breadcrumb\",\"itemListElement\":[{\"@type\":\"ListItem\",\"position\":1,\"name\":\"In\u00edcio\",\"item\":\"https:\\\/\\\/regiaonews.net.br\\\/2022\\\/\"},{\"@type\":\"ListItem\",\"position\":2,\"name\":\"Laje do pavimento t\u00e9rreo do novo \u201cPost\u00e3o\u201d come\u00e7a a ser concretada\"}]},{\"@type\":\"WebSite\",\"@id\":\"https:\\\/\\\/regiaonews.net.br\\\/2022\\\/#website\",\"url\":\"https:\\\/\\\/regiaonews.net.br\\\/2022\\\/\",\"name\":\"Regi\u00e3o News\",\"description\":\"Site de Not\u00edcias de Barretos e regi\u00e3o\",\"publisher\":{\"@id\":\"https:\\\/\\\/regiaonews.net.br\\\/2022\\\/#organization\"},\"potentialAction\":[{\"@type\":\"SearchAction\",\"target\":{\"@type\":\"EntryPoint\",\"urlTemplate\":\"https:\\\/\\\/regiaonews.net.br\\\/2022\\\/?s={search_term_string}\"},\"query-input\":{\"@type\":\"PropertyValueSpecification\",\"valueRequired\":true,\"valueName\":\"search_term_string\"}}],\"inLanguage\":\"pt-BR\"},{\"@type\":\"Organization\",\"@id\":\"https:\\\/\\\/regiaonews.net.br\\\/2022\\\/#organization\",\"name\":\"Regi\u00e3o News\",\"url\":\"https:\\\/\\\/regiaonews.net.br\\\/2022\\\/\",\"logo\":{\"@type\":\"ImageObject\",\"inLanguage\":\"pt-BR\",\"@id\":\"https:\\\/\\\/regiaonews.net.br\\\/2022\\\/#\\\/schema\\\/logo\\\/image\\\/\",\"url\":\"https:\\\/\\\/regiaonews.net.br\\\/2022\\\/wp-content\\\/uploads\\\/2026\\\/03\\\/regiao-13-anos-scaled.jpg\",\"contentUrl\":\"https:\\\/\\\/regiaonews.net.br\\\/2022\\\/wp-content\\\/uploads\\\/2026\\\/03\\\/regiao-13-anos-scaled.jpg\",\"width\":2560,\"height\":635,\"caption\":\"Regi\u00e3o News\"},\"image\":{\"@id\":\"https:\\\/\\\/regiaonews.net.br\\\/2022\\\/#\\\/schema\\\/logo\\\/image\\\/\"}},{\"@type\":\"Person\",\"@id\":\"https:\\\/\\\/regiaonews.net.br\\\/2022\\\/#\\\/schema\\\/person\\\/2d205a608a5aa97ac279d7a5e6d89ad8\",\"name\":\"Roberto\",\"image\":{\"@type\":\"ImageObject\",\"inLanguage\":\"pt-BR\",\"@id\":\"https:\\\/\\\/secure.gravatar.com\\\/avatar\\\/42749d8b712ff9d59ca93dc150494e5b55a44134482993f5baeb97e61b7ecc89?s=96&d=mm&r=g\",\"url\":\"https:\\\/\\\/secure.gravatar.com\\\/avatar\\\/42749d8b712ff9d59ca93dc150494e5b55a44134482993f5baeb97e61b7ecc89?s=96&d=mm&r=g\",\"contentUrl\":\"https:\\\/\\\/secure.gravatar.com\\\/avatar\\\/42749d8b712ff9d59ca93dc150494e5b55a44134482993f5baeb97e61b7ecc89?s=96&d=mm&r=g\",\"caption\":\"Roberto\"},\"url\":\"https:\\\/\\\/regiaonews.net.br\\\/2022\\\/author\\\/roberto\\\/\"}]}<\/script>\n<!-- \/ Yoast SEO plugin. -->","yoast_head_json":{"title":"Laje do pavimento t\u00e9rreo do novo \u201cPost\u00e3o\u201d come\u00e7a a ser concretada - Regi\u00e3o News","robots":{"index":"index","follow":"follow","max-snippet":"max-snippet:-1","max-image-preview":"max-image-preview:large","max-video-preview":"max-video-preview:-1"},"canonical":"https:\/\/regiaonews.net.br\/2022\/2023\/03\/21\/laje-do-pavimento-terreo-do-novo-postao-comeca-a-ser-concretada\/","og_locale":"pt_BR","og_type":"article","og_title":"Laje do pavimento t\u00e9rreo do novo \u201cPost\u00e3o\u201d come\u00e7a a ser concretada - Regi\u00e3o News","og_description":"Obras do Centro M\u00e9dico de Refer\u00eancia e Especialidades e de","og_url":"https:\/\/regiaonews.net.br\/2022\/2023\/03\/21\/laje-do-pavimento-terreo-do-novo-postao-comeca-a-ser-concretada\/","og_site_name":"Regi\u00e3o News","article_published_time":"2023-03-21T22:06:07+00:00","og_image":[{"width":1600,"height":1068,"url":"https:\/\/regiaonews.net.br\/2022\/wp-content\/uploads\/2023\/03\/WhatsApp-Image-2023-03-21-at-18.41.46.jpeg","type":"image\/jpeg"}],"author":"Roberto","twitter_card":"summary_large_image","twitter_misc":{"Escrito por":"Roberto","Est. tempo de leitura":"4 minutos"},"schema":{"@context":"https:\/\/schema.org","@graph":[{"@type":"Article","@id":"https:\/\/regiaonews.net.br\/2022\/2023\/03\/21\/laje-do-pavimento-terreo-do-novo-postao-comeca-a-ser-concretada\/#article","isPartOf":{"@id":"https:\/\/regiaonews.net.br\/2022\/2023\/03\/21\/laje-do-pavimento-terreo-do-novo-postao-comeca-a-ser-concretada\/"},"author":{"name":"Roberto","@id":"https:\/\/regiaonews.net.br\/2022\/#\/schema\/person\/2d205a608a5aa97ac279d7a5e6d89ad8"},"headline":"Laje do pavimento t\u00e9rreo do novo \u201cPost\u00e3o\u201d come\u00e7a a ser concretada","datePublished":"2023-03-21T22:06:07+00:00","mainEntityOfPage":{"@id":"https:\/\/regiaonews.net.br\/2022\/2023\/03\/21\/laje-do-pavimento-terreo-do-novo-postao-comeca-a-ser-concretada\/"},"wordCount":712,"commentCount":0,"publisher":{"@id":"https:\/\/regiaonews.net.br\/2022\/#organization"},"image":{"@id":"https:\/\/regiaonews.net.br\/2022\/2023\/03\/21\/laje-do-pavimento-terreo-do-novo-postao-comeca-a-ser-concretada\/#primaryimage"},"thumbnailUrl":"https:\/\/regiaonews.net.br\/2022\/wp-content\/uploads\/2023\/03\/WhatsApp-Image-2023-03-21-at-18.41.46.jpeg","articleSection":["Barretos","Cidades"],"inLanguage":"pt-BR","potentialAction":[{"@type":"CommentAction","name":"Comment","target":["https:\/\/regiaonews.net.br\/2022\/2023\/03\/21\/laje-do-pavimento-terreo-do-novo-postao-comeca-a-ser-concretada\/#respond"]}]},{"@type":"WebPage","@id":"https:\/\/regiaonews.net.br\/2022\/2023\/03\/21\/laje-do-pavimento-terreo-do-novo-postao-comeca-a-ser-concretada\/","url":"https:\/\/regiaonews.net.br\/2022\/2023\/03\/21\/laje-do-pavimento-terreo-do-novo-postao-comeca-a-ser-concretada\/","name":"Laje do pavimento t\u00e9rreo do novo \u201cPost\u00e3o\u201d come\u00e7a a ser concretada - Regi\u00e3o News","isPartOf":{"@id":"https:\/\/regiaonews.net.br\/2022\/#website"},"primaryImageOfPage":{"@id":"https:\/\/regiaonews.net.br\/2022\/2023\/03\/21\/laje-do-pavimento-terreo-do-novo-postao-comeca-a-ser-concretada\/#primaryimage"},"image":{"@id":"https:\/\/regiaonews.net.br\/2022\/2023\/03\/21\/laje-do-pavimento-terreo-do-novo-postao-comeca-a-ser-concretada\/#primaryimage"},"thumbnailUrl":"https:\/\/regiaonews.net.br\/2022\/wp-content\/uploads\/2023\/03\/WhatsApp-Image-2023-03-21-at-18.41.46.jpeg","datePublished":"2023-03-21T22:06:07+00:00","breadcrumb":{"@id":"https:\/\/regiaonews.net.br\/2022\/2023\/03\/21\/laje-do-pavimento-terreo-do-novo-postao-comeca-a-ser-concretada\/#breadcrumb"},"inLanguage":"pt-BR","potentialAction":[{"@type":"ReadAction","target":["https:\/\/regiaonews.net.br\/2022\/2023\/03\/21\/laje-do-pavimento-terreo-do-novo-postao-comeca-a-ser-concretada\/"]}]},{"@type":"ImageObject","inLanguage":"pt-BR","@id":"https:\/\/regiaonews.net.br\/2022\/2023\/03\/21\/laje-do-pavimento-terreo-do-novo-postao-comeca-a-ser-concretada\/#primaryimage","url":"https:\/\/regiaonews.net.br\/2022\/wp-content\/uploads\/2023\/03\/WhatsApp-Image-2023-03-21-at-18.41.46.jpeg","contentUrl":"https:\/\/regiaonews.net.br\/2022\/wp-content\/uploads\/2023\/03\/WhatsApp-Image-2023-03-21-at-18.41.46.jpeg","width":1600,"height":1068},{"@type":"BreadcrumbList","@id":"https:\/\/regiaonews.net.br\/2022\/2023\/03\/21\/laje-do-pavimento-terreo-do-novo-postao-comeca-a-ser-concretada\/#breadcrumb","itemListElement":[{"@type":"ListItem","position":1,"name":"In\u00edcio","item":"https:\/\/regiaonews.net.br\/2022\/"},{"@type":"ListItem","position":2,"name":"Laje do pavimento t\u00e9rreo do novo \u201cPost\u00e3o\u201d come\u00e7a a ser concretada"}]},{"@type":"WebSite","@id":"https:\/\/regiaonews.net.br\/2022\/#website","url":"https:\/\/regiaonews.net.br\/2022\/","name":"Regi\u00e3o News","description":"Site de Not\u00edcias de Barretos e regi\u00e3o","publisher":{"@id":"https:\/\/regiaonews.net.br\/2022\/#organization"},"potentialAction":[{"@type":"SearchAction","target":{"@type":"EntryPoint","urlTemplate":"https:\/\/regiaonews.net.br\/2022\/?s={search_term_string}"},"query-input":{"@type":"PropertyValueSpecification","valueRequired":true,"valueName":"search_term_string"}}],"inLanguage":"pt-BR"},{"@type":"Organization","@id":"https:\/\/regiaonews.net.br\/2022\/#organization","name":"Regi\u00e3o News","url":"https:\/\/regiaonews.net.br\/2022\/","logo":{"@type":"ImageObject","inLanguage":"pt-BR","@id":"https:\/\/regiaonews.net.br\/2022\/#\/schema\/logo\/image\/","url":"https:\/\/regiaonews.net.br\/2022\/wp-content\/uploads\/2026\/03\/regiao-13-anos-scaled.jpg","contentUrl":"https:\/\/regiaonews.net.br\/2022\/wp-content\/uploads\/2026\/03\/regiao-13-anos-scaled.jpg","width":2560,"height":635,"caption":"Regi\u00e3o News"},"image":{"@id":"https:\/\/regiaonews.net.br\/2022\/#\/schema\/logo\/image\/"}},{"@type":"Person","@id":"https:\/\/regiaonews.net.br\/2022\/#\/schema\/person\/2d205a608a5aa97ac279d7a5e6d89ad8","name":"Roberto","image":{"@type":"ImageObject","inLanguage":"pt-BR","@id":"https:\/\/secure.gravatar.com\/avatar\/42749d8b712ff9d59ca93dc150494e5b55a44134482993f5baeb97e61b7ecc89?s=96&d=mm&r=g","url":"https:\/\/secure.gravatar.com\/avatar\/42749d8b712ff9d59ca93dc150494e5b55a44134482993f5baeb97e61b7ecc89?s=96&d=mm&r=g","contentUrl":"https:\/\/secure.gravatar.com\/avatar\/42749d8b712ff9d59ca93dc150494e5b55a44134482993f5baeb97e61b7ecc89?s=96&d=mm&r=g","caption":"Roberto"},"url":"https:\/\/regiaonews.net.br\/2022\/author\/roberto\/"}]}},"publishpress_future_action":{"enabled":false,"date":"2026-05-02 05:07:29","action":"change-status","newStatus":"draft","terms":[],"taxonomy":"category","extraData":[]},"publishpress_future_workflow_manual_trigger":{"enabledWorkflows":[]},"_links":{"self":[{"href":"https:\/\/regiaonews.net.br\/2022\/wp-json\/wp\/v2\/posts\/85545","targetHints":{"allow":["GET"]}}],"collection":[{"href":"https:\/\/regiaonews.net.br\/2022\/wp-json\/wp\/v2\/posts"}],"about":[{"href":"https:\/\/regiaonews.net.br\/2022\/wp-json\/wp\/v2\/types\/post"}],"author":[{"embeddable":true,"href":"https:\/\/regiaonews.net.br\/2022\/wp-json\/wp\/v2\/users\/2"}],"replies":[{"embeddable":true,"href":"https:\/\/regiaonews.net.br\/2022\/wp-json\/wp\/v2\/comments?post=85545"}],"version-history":[{"count":1,"href":"https:\/\/regiaonews.net.br\/2022\/wp-json\/wp\/v2\/posts\/85545\/revisions"}],"predecessor-version":[{"id":85547,"href":"https:\/\/regiaonews.net.br\/2022\/wp-json\/wp\/v2\/posts\/85545\/revisions\/85547"}],"wp:featuredmedia":[{"embeddable":true,"href":"https:\/\/regiaonews.net.br\/2022\/wp-json\/wp\/v2\/media\/85546"}],"wp:attachment":[{"href":"https:\/\/regiaonews.net.br\/2022\/wp-json\/wp\/v2\/media?parent=85545"}],"wp:term":[{"taxonomy":"category","embeddable":true,"href":"https:\/\/regiaonews.net.br\/2022\/wp-json\/wp\/v2\/categories?post=85545"},{"taxonomy":"post_tag","embeddable":true,"href":"https:\/\/regiaonews.net.br\/2022\/wp-json\/wp\/v2\/tags?post=85545"}],"curies":[{"name":"wp","href":"https:\/\/api.w.org\/{rel}","templated":true}]}}